{"id":2432,"date":"2025-09-22T10:54:41","date_gmt":"2025-09-22T14:54:41","guid":{"rendered":"https:\/\/elglobal.do\/?p=2432"},"modified":"2025-09-22T10:54:43","modified_gmt":"2025-09-22T14:54:43","slug":"ministro-de-energia-y-minas-asegura-incorporacion-de-nuevas-plantas-a-gas-fortalecera-el-sistema-energetico-a-corto-plazo","status":"publish","type":"post","link":"https:\/\/elglobal.do\/index.php\/2025\/09\/22\/ministro-de-energia-y-minas-asegura-incorporacion-de-nuevas-plantas-a-gas-fortalecera-el-sistema-energetico-a-corto-plazo\/","title":{"rendered":"Ministro de Energ\u00eda y Minas asegura incorporaci\u00f3n de nuevas plantas a gas fortalecer\u00e1 el sistema energ\u00e9tico a corto plazo"},"content":{"rendered":"\n<figure class=\"wp-block-image size-large\"><img loading=\"lazy\" decoding=\"async\" width=\"1024\" height=\"576\" src=\"https:\/\/elglobal.do\/wp-content\/uploads\/2025\/09\/image-123-1024x576.png\" alt=\"\" class=\"wp-image-2433\" srcset=\"https:\/\/elglobal.do\/wp-content\/uploads\/2025\/09\/image-123-1024x576.png 1024w, https:\/\/elglobal.do\/wp-content\/uploads\/2025\/09\/image-123-300x169.png 300w, https:\/\/elglobal.do\/wp-content\/uploads\/2025\/09\/image-123-768x432.png 768w, https:\/\/elglobal.do\/wp-content\/uploads\/2025\/09\/image-123.png 1300w\" sizes=\"auto, (max-width: 1024px) 100vw, 1024px\" \/><\/figure>\n\n\n\n<p>Santo Domingo.- El ministro de Energ\u00eda y Minas,&nbsp;<strong>Joel Santos<\/strong>, asegur\u00f3 que los&nbsp;<strong>proyectos de generaci\u00f3n a gas natural<\/strong>&nbsp;en desarrollo en&nbsp;<strong>San Pedro de Macor\u00eds y Manzanillo<\/strong>&nbsp;representan una&nbsp;<strong>respuesta concreta y de corto plazo<\/strong>&nbsp;para enfrentar la&nbsp;<strong>actual situaci\u00f3n energ\u00e9tica<\/strong>&nbsp;que atraviesa el pa\u00eds, al tiempo que refuerzan la&nbsp;<strong>sostenibilidad<\/strong>&nbsp;del sistema en el largo plazo.<\/p>\n\n\n\n<p>Durante la inspecci\u00f3n junto con el&nbsp;<strong>presidente Luis Abinader&nbsp;<\/strong>de la planta&nbsp;<strong>Energas 4<\/strong>, en San Pedro de Macor\u00eds, el ministro explic\u00f3 que se trata de una&nbsp;<strong>unidad de 130 megavatios<\/strong>&nbsp;que entrar\u00e1 en operaci\u00f3n en octubre.<\/p>\n\n\n\n<p><strong>\u201cEste proyecto ayudar\u00e1, sin lugar a dudas, con el abastecimiento de energ\u00eda tan importante para la poblaci\u00f3n. No solo contribuir\u00e1 a la estabilidad del sistema en el corto plazo, sino tambi\u00e9n a la solidez del sector en el largo plazo, clave para el desarrollo de la econom\u00eda\u201d,<\/strong>\u00a0se\u00f1al\u00f3.<\/p>\n\n\n\n<p>Santos resalt\u00f3, por su flexibilidad,&nbsp;<strong>la nueva generadora<\/strong>&nbsp;<strong>puede<\/strong>&nbsp;<strong>apoyar el sistema en horarios de mayor demanda<\/strong>&nbsp;sin comprometer la estabilidad, debido a que el dise\u00f1o dividido de las cuatro plantas de Energas evitar\u00e1 salidas repentinas de gran cantidad de megavatios, ante cualquier eventualidad.<\/p>\n\n\n\n<p>El viernes,&nbsp;<strong>el ministro acompa\u00f1\u00f3 al presidente Abinader a la provincia de Montecristi<\/strong>, donde supervisaron los avances del proyecto&nbsp;<strong>Energ\u00eda 2000<\/strong>, en Manzanillo, que aportar\u00e1&nbsp;<strong>414 megavatios<\/strong>&nbsp;al Sistema El\u00e9ctrico Nacional Interconectado&nbsp;<strong>(SENI)<\/strong>.<\/p>\n\n\n\n<p>\u201cEs una de las plantas m\u00e1s grandes unitarias que se haya construido en Rep\u00fablica Dominicana y una de las m\u00e1s modernas. Este proyecto garantizar\u00e1 no solamente estabilidad a todo el sistema, sino particularmente a la zona norte, equilibrando la concentraci\u00f3n de generaci\u00f3n que hist\u00f3ricamente se ha dado en el sur\u201d, precis\u00f3 Santos.<\/p>\n\n\n\n<p>El titular de Energ\u00eda y Minas record\u00f3 que la central est\u00e1 acompa\u00f1ada de una&nbsp;<strong>l\u00ednea de transmisi\u00f3n de 345 kilovoltios (KV), ya en operaci\u00f3n<\/strong>, que refuerza la capacidad de transporte el\u00e9ctrico desde la regi\u00f3n Noroeste. La l\u00ednea va desde Manzanillo hasta El Naranjo, en las cercan\u00edas de Santiago, pasando por la nueva subestaci\u00f3n de Guayub\u00edn.<\/p>\n\n\n\n<p>Santos puntualiz\u00f3 que, con la entrada gradual de estas plantas, m\u00e1s otros proyectos en curso, como el cierre del ciclo combinado de SIBA, que sumar\u00e1 68 megavatios,&nbsp;<strong>el pa\u00eds recibir\u00e1 en los pr\u00f3ximos meses alrededor de 612 megavatios adicionales<\/strong>, lo que permitir\u00e1 mejorar de manera significativa la estabilidad y confiabilidad del servicio el\u00e9ctrico.<\/p>\n\n\n\n<p>\u201cEstamos hablando de proyectos que responden a la planificaci\u00f3n general del sistema. Marcar\u00e1n un antes y un despu\u00e9s en el sistema energ\u00e9tico nacional, pensados no solo en el desarrollo del sector, sino en el bienestar de todo el pueblo dominicano\u201d,\u00a0concluy\u00f3 el ministro de Energ\u00eda y Minas.<\/p>\n\n\n\n<p><\/p>\n","protected":false},"excerpt":{"rendered":"<p>Santo Domingo.- El ministro de Energ\u00eda y Minas,&nbsp;Joel Santos, asegur\u00f3 que los&nbsp;proyectos de generaci\u00f3n a gas natural&nbsp;en desarrollo en&nbsp;San Pedro de Macor\u00eds y Manzanillo&nbsp;representan una&nbsp;respuesta concreta y de corto plazo&nbsp;para&hellip; <\/p>\n","protected":false},"author":1,"featured_media":2433,"comment_status":"open","ping_status":"open","sticky":false,"template":"","format":"standard","meta":{"_jetpack_memberships_contains_paid_content":false,"footnotes":""},"categories":[40],"tags":[1015,33,1287,1288,600,1289],"class_list":["post-2432","post","type-post","status-publish","format-standard","has-post-thumbnail","hentry","category-nacionales","tag-energia","tag-luisabinader","tag-minas","tag-plantasdegas","tag-sistemaelectriconacional","tag-sostenibilidad"],"yoast_head":"<!-- This site is optimized with the Yoast SEO plugin v26.9 - https:\/\/yoast.com\/product\/yoast-seo-wordpress\/ -->\n<title>Ministro de Energ\u00eda y Minas asegura incorporaci\u00f3n de nuevas plantas a gas fortalecer\u00e1 el sistema energ\u00e9tico a corto plazo - EL GLOBAL INFORMATIVO<\/title>\n<meta name=\"robots\" content=\"index, follow, max-snippet:-1, max-image-preview:large, max-video-preview:-1\" \/>\n<link rel=\"canonical\" href=\"https:\/\/elglobal.do\/index.php\/2025\/09\/22\/ministro-de-energia-y-minas-asegura-incorporacion-de-nuevas-plantas-a-gas-fortalecera-el-sistema-energetico-a-corto-plazo\/\" \/>\n<meta property=\"og:locale\" content=\"es_ES\" \/>\n<meta property=\"og:type\" content=\"article\" \/>\n<meta property=\"og:title\" content=\"Ministro de Energ\u00eda y Minas asegura incorporaci\u00f3n de nuevas plantas a gas fortalecer\u00e1 el sistema energ\u00e9tico a corto plazo - EL GLOBAL INFORMATIVO\" \/>\n<meta property=\"og:description\" content=\"Santo Domingo.- El ministro de Energ\u00eda y Minas,&nbsp;Joel Santos, asegur\u00f3 que los&nbsp;proyectos de generaci\u00f3n a gas natural&nbsp;en desarrollo en&nbsp;San Pedro de Macor\u00eds y Manzanillo&nbsp;representan una&nbsp;respuesta concreta y de corto plazo&nbsp;para&hellip;\" \/>\n<meta property=\"og:url\" content=\"https:\/\/elglobal.do\/index.php\/2025\/09\/22\/ministro-de-energia-y-minas-asegura-incorporacion-de-nuevas-plantas-a-gas-fortalecera-el-sistema-energetico-a-corto-plazo\/\" \/>\n<meta property=\"og:site_name\" content=\"EL GLOBAL INFORMATIVO\" \/>\n<meta property=\"article:published_time\" content=\"2025-09-22T14:54:41+00:00\" \/>\n<meta property=\"article:modified_time\" content=\"2025-09-22T14:54:43+00:00\" \/>\n<meta property=\"og:image\" content=\"https:\/\/elglobal.do\/wp-content\/uploads\/2025\/09\/image-123.png\" \/>\n\t<meta property=\"og:image:width\" content=\"1300\" \/>\n\t<meta property=\"og:image:height\" content=\"731\" \/>\n\t<meta property=\"og:image:type\" content=\"image\/png\" \/>\n<meta name=\"author\" content=\"EL GLOBAL\" \/>\n<meta name=\"twitter:card\" content=\"summary_large_image\" \/>\n<meta name=\"twitter:label1\" content=\"Escrito por\" \/>\n\t<meta name=\"twitter:data1\" content=\"EL GLOBAL\" \/>\n\t<meta name=\"twitter:label2\" content=\"Tiempo de lectura\" \/>\n\t<meta name=\"twitter:data2\" content=\"3 minutos\" \/>\n<script type=\"application\/ld+json\" class=\"yoast-schema-graph\">{\"@context\":\"https:\/\/schema.org\",\"@graph\":[{\"@type\":\"Article\",\"@id\":\"https:\/\/elglobal.do\/index.php\/2025\/09\/22\/ministro-de-energia-y-minas-asegura-incorporacion-de-nuevas-plantas-a-gas-fortalecera-el-sistema-energetico-a-corto-plazo\/#article\",\"isPartOf\":{\"@id\":\"https:\/\/elglobal.do\/index.php\/2025\/09\/22\/ministro-de-energia-y-minas-asegura-incorporacion-de-nuevas-plantas-a-gas-fortalecera-el-sistema-energetico-a-corto-plazo\/\"},\"author\":{\"name\":\"EL GLOBAL\",\"@id\":\"https:\/\/elglobal.do\/#\/schema\/person\/0c97ec2c7714fb605d230c292f64d55f\"},\"headline\":\"Ministro de Energ\u00eda y Minas asegura incorporaci\u00f3n de nuevas plantas a gas fortalecer\u00e1 el sistema energ\u00e9tico a corto plazo\",\"datePublished\":\"2025-09-22T14:54:41+00:00\",\"dateModified\":\"2025-09-22T14:54:43+00:00\",\"mainEntityOfPage\":{\"@id\":\"https:\/\/elglobal.do\/index.php\/2025\/09\/22\/ministro-de-energia-y-minas-asegura-incorporacion-de-nuevas-plantas-a-gas-fortalecera-el-sistema-energetico-a-corto-plazo\/\"},\"wordCount\":513,\"commentCount\":0,\"publisher\":{\"@id\":\"https:\/\/elglobal.do\/#organization\"},\"image\":{\"@id\":\"https:\/\/elglobal.do\/index.php\/2025\/09\/22\/ministro-de-energia-y-minas-asegura-incorporacion-de-nuevas-plantas-a-gas-fortalecera-el-sistema-energetico-a-corto-plazo\/#primaryimage\"},\"thumbnailUrl\":\"https:\/\/elglobal.do\/wp-content\/uploads\/2025\/09\/image-123.png\",\"keywords\":[\"#Energ\u00eda\",\"#LuisAbinader\",\"#Minas\",\"#Plantasdegas\",\"#SistemaEl\u00e9ctricoNacional\",\"#Sostenibilidad\"],\"articleSection\":[\"NACIONALES\"],\"inLanguage\":\"es\",\"potentialAction\":[{\"@type\":\"CommentAction\",\"name\":\"Comment\",\"target\":[\"https:\/\/elglobal.do\/index.php\/2025\/09\/22\/ministro-de-energia-y-minas-asegura-incorporacion-de-nuevas-plantas-a-gas-fortalecera-el-sistema-energetico-a-corto-plazo\/#respond\"]}]},{\"@type\":\"WebPage\",\"@id\":\"https:\/\/elglobal.do\/index.php\/2025\/09\/22\/ministro-de-energia-y-minas-asegura-incorporacion-de-nuevas-plantas-a-gas-fortalecera-el-sistema-energetico-a-corto-plazo\/\",\"url\":\"https:\/\/elglobal.do\/index.php\/2025\/09\/22\/ministro-de-energia-y-minas-asegura-incorporacion-de-nuevas-plantas-a-gas-fortalecera-el-sistema-energetico-a-corto-plazo\/\",\"name\":\"Ministro de Energ\u00eda y Minas asegura incorporaci\u00f3n de nuevas plantas a gas fortalecer\u00e1 el sistema energ\u00e9tico a corto plazo - EL GLOBAL INFORMATIVO\",\"isPartOf\":{\"@id\":\"https:\/\/elglobal.do\/#website\"},\"primaryImageOfPage\":{\"@id\":\"https:\/\/elglobal.do\/index.php\/2025\/09\/22\/ministro-de-energia-y-minas-asegura-incorporacion-de-nuevas-plantas-a-gas-fortalecera-el-sistema-energetico-a-corto-plazo\/#primaryimage\"},\"image\":{\"@id\":\"https:\/\/elglobal.do\/index.php\/2025\/09\/22\/ministro-de-energia-y-minas-asegura-incorporacion-de-nuevas-plantas-a-gas-fortalecera-el-sistema-energetico-a-corto-plazo\/#primaryimage\"},\"thumbnailUrl\":\"https:\/\/elglobal.do\/wp-content\/uploads\/2025\/09\/image-123.png\",\"datePublished\":\"2025-09-22T14:54:41+00:00\",\"dateModified\":\"2025-09-22T14:54:43+00:00\",\"breadcrumb\":{\"@id\":\"https:\/\/elglobal.do\/index.php\/2025\/09\/22\/ministro-de-energia-y-minas-asegura-incorporacion-de-nuevas-plantas-a-gas-fortalecera-el-sistema-energetico-a-corto-plazo\/#breadcrumb\"},\"inLanguage\":\"es\",\"potentialAction\":[{\"@type\":\"ReadAction\",\"target\":[\"https:\/\/elglobal.do\/index.php\/2025\/09\/22\/ministro-de-energia-y-minas-asegura-incorporacion-de-nuevas-plantas-a-gas-fortalecera-el-sistema-energetico-a-corto-plazo\/\"]}]},{\"@type\":\"ImageObject\",\"inLanguage\":\"es\",\"@id\":\"https:\/\/elglobal.do\/index.php\/2025\/09\/22\/ministro-de-energia-y-minas-asegura-incorporacion-de-nuevas-plantas-a-gas-fortalecera-el-sistema-energetico-a-corto-plazo\/#primaryimage\",\"url\":\"https:\/\/elglobal.do\/wp-content\/uploads\/2025\/09\/image-123.png\",\"contentUrl\":\"https:\/\/elglobal.do\/wp-content\/uploads\/2025\/09\/image-123.png\",\"width\":1300,\"height\":731},{\"@type\":\"BreadcrumbList\",\"@id\":\"https:\/\/elglobal.do\/index.php\/2025\/09\/22\/ministro-de-energia-y-minas-asegura-incorporacion-de-nuevas-plantas-a-gas-fortalecera-el-sistema-energetico-a-corto-plazo\/#breadcrumb\",\"itemListElement\":[{\"@type\":\"ListItem\",\"position\":1,\"name\":\"Portada\",\"item\":\"https:\/\/elglobal.do\/\"},{\"@type\":\"ListItem\",\"position\":2,\"name\":\"Ministro de Energ\u00eda y Minas asegura incorporaci\u00f3n de nuevas plantas a gas fortalecer\u00e1 el sistema energ\u00e9tico a corto plazo\"}]},{\"@type\":\"WebSite\",\"@id\":\"https:\/\/elglobal.do\/#website\",\"url\":\"https:\/\/elglobal.do\/\",\"name\":\"EL GLOBAL INFORMATIVO\",\"description\":\"Peri\u00f3dico digital de la Rep\u00fablica Dominicana que ofrece noticias, novedades, pol\u00edtica y las \u00faltimas actualidades, con informaci\u00f3n veraz y oportuna para mantenerte siempre informad\",\"publisher\":{\"@id\":\"https:\/\/elglobal.do\/#organization\"},\"potentialAction\":[{\"@type\":\"SearchAction\",\"target\":{\"@type\":\"EntryPoint\",\"urlTemplate\":\"https:\/\/elglobal.do\/?s={search_term_string}\"},\"query-input\":{\"@type\":\"PropertyValueSpecification\",\"valueRequired\":true,\"valueName\":\"search_term_string\"}}],\"inLanguage\":\"es\"},{\"@type\":\"Organization\",\"@id\":\"https:\/\/elglobal.do\/#organization\",\"name\":\"EL GLOBAL.DO INFORMATIVO\",\"url\":\"https:\/\/elglobal.do\/\",\"logo\":{\"@type\":\"ImageObject\",\"inLanguage\":\"es\",\"@id\":\"https:\/\/elglobal.do\/#\/schema\/logo\/image\/\",\"url\":\"https:\/\/elglobal.do\/wp-content\/uploads\/2025\/08\/icon.png\",\"contentUrl\":\"https:\/\/elglobal.do\/wp-content\/uploads\/2025\/08\/icon.png\",\"width\":512,\"height\":512,\"caption\":\"EL GLOBAL.DO INFORMATIVO\"},\"image\":{\"@id\":\"https:\/\/elglobal.do\/#\/schema\/logo\/image\/\"}},{\"@type\":\"Person\",\"@id\":\"https:\/\/elglobal.do\/#\/schema\/person\/0c97ec2c7714fb605d230c292f64d55f\",\"name\":\"EL GLOBAL\",\"image\":{\"@type\":\"ImageObject\",\"inLanguage\":\"es\",\"@id\":\"https:\/\/elglobal.do\/#\/schema\/person\/image\/\",\"url\":\"https:\/\/secure.gravatar.com\/avatar\/081cfb6cf99faddc6f4e23a0c11ab98c5cf302925382d1c88dc3ed757ab910a3?s=96&d=mm&r=g\",\"contentUrl\":\"https:\/\/secure.gravatar.com\/avatar\/081cfb6cf99faddc6f4e23a0c11ab98c5cf302925382d1c88dc3ed757ab910a3?s=96&d=mm&r=g\",\"caption\":\"EL GLOBAL\"},\"description\":\"El Global Informativo es un peri\u00f3dico digital de Rep\u00fablica Dominicana que se dedica a cubrir temas importantes, como la pol\u00edtica local, geopol\u00edtica, econom\u00eda, tecnolog\u00eda, noticias internacionales y eventos relacionados con la gesti\u00f3n social, cultural y humana. Su objetivo principal es mantener a la poblaci\u00f3n informada, ofreciendo una visi\u00f3n amplia y actualizada de lo que sucede tanto en el pa\u00eds como en el mundo. Est\u00e1 dirigido por un grupo de periodistas experimentados, lo que garantiza la calidad y la precisi\u00f3n de la informaci\u00f3n que ofrecen. Tiene su sede en la ciudad de Santo Domingo y es parte integral del portafolio de la empresa, MC Global S.R.L.\",\"sameAs\":[\"https:\/\/elglobal.do\",\"https:\/\/www.instagram.com\/elglobal.do_informativo\/\"],\"url\":\"https:\/\/elglobal.do\/index.php\/author\/elglobaluserpro\/\"}]}<\/script>\n<!-- \/ Yoast SEO plugin. -->","yoast_head_json":{"title":"Ministro de Energ\u00eda y Minas asegura incorporaci\u00f3n de nuevas plantas a gas fortalecer\u00e1 el sistema energ\u00e9tico a corto plazo - EL GLOBAL INFORMATIVO","robots":{"index":"index","follow":"follow","max-snippet":"max-snippet:-1","max-image-preview":"max-image-preview:large","max-video-preview":"max-video-preview:-1"},"canonical":"https:\/\/elglobal.do\/index.php\/2025\/09\/22\/ministro-de-energia-y-minas-asegura-incorporacion-de-nuevas-plantas-a-gas-fortalecera-el-sistema-energetico-a-corto-plazo\/","og_locale":"es_ES","og_type":"article","og_title":"Ministro de Energ\u00eda y Minas asegura incorporaci\u00f3n de nuevas plantas a gas fortalecer\u00e1 el sistema energ\u00e9tico a corto plazo - EL GLOBAL INFORMATIVO","og_description":"Santo Domingo.- El ministro de Energ\u00eda y Minas,&nbsp;Joel Santos, asegur\u00f3 que los&nbsp;proyectos de generaci\u00f3n a gas natural&nbsp;en desarrollo en&nbsp;San Pedro de Macor\u00eds y Manzanillo&nbsp;representan una&nbsp;respuesta concreta y de corto plazo&nbsp;para&hellip;","og_url":"https:\/\/elglobal.do\/index.php\/2025\/09\/22\/ministro-de-energia-y-minas-asegura-incorporacion-de-nuevas-plantas-a-gas-fortalecera-el-sistema-energetico-a-corto-plazo\/","og_site_name":"EL GLOBAL INFORMATIVO","article_published_time":"2025-09-22T14:54:41+00:00","article_modified_time":"2025-09-22T14:54:43+00:00","og_image":[{"width":1300,"height":731,"url":"https:\/\/elglobal.do\/wp-content\/uploads\/2025\/09\/image-123.png","type":"image\/png"}],"author":"EL GLOBAL","twitter_card":"summary_large_image","twitter_misc":{"Escrito por":"EL GLOBAL","Tiempo de lectura":"3 minutos"},"schema":{"@context":"https:\/\/schema.org","@graph":[{"@type":"Article","@id":"https:\/\/elglobal.do\/index.php\/2025\/09\/22\/ministro-de-energia-y-minas-asegura-incorporacion-de-nuevas-plantas-a-gas-fortalecera-el-sistema-energetico-a-corto-plazo\/#article","isPartOf":{"@id":"https:\/\/elglobal.do\/index.php\/2025\/09\/22\/ministro-de-energia-y-minas-asegura-incorporacion-de-nuevas-plantas-a-gas-fortalecera-el-sistema-energetico-a-corto-plazo\/"},"author":{"name":"EL GLOBAL","@id":"https:\/\/elglobal.do\/#\/schema\/person\/0c97ec2c7714fb605d230c292f64d55f"},"headline":"Ministro de Energ\u00eda y Minas asegura incorporaci\u00f3n de nuevas plantas a gas fortalecer\u00e1 el sistema energ\u00e9tico a corto plazo","datePublished":"2025-09-22T14:54:41+00:00","dateModified":"2025-09-22T14:54:43+00:00","mainEntityOfPage":{"@id":"https:\/\/elglobal.do\/index.php\/2025\/09\/22\/ministro-de-energia-y-minas-asegura-incorporacion-de-nuevas-plantas-a-gas-fortalecera-el-sistema-energetico-a-corto-plazo\/"},"wordCount":513,"commentCount":0,"publisher":{"@id":"https:\/\/elglobal.do\/#organization"},"image":{"@id":"https:\/\/elglobal.do\/index.php\/2025\/09\/22\/ministro-de-energia-y-minas-asegura-incorporacion-de-nuevas-plantas-a-gas-fortalecera-el-sistema-energetico-a-corto-plazo\/#primaryimage"},"thumbnailUrl":"https:\/\/elglobal.do\/wp-content\/uploads\/2025\/09\/image-123.png","keywords":["#Energ\u00eda","#LuisAbinader","#Minas","#Plantasdegas","#SistemaEl\u00e9ctricoNacional","#Sostenibilidad"],"articleSection":["NACIONALES"],"inLanguage":"es","potentialAction":[{"@type":"CommentAction","name":"Comment","target":["https:\/\/elglobal.do\/index.php\/2025\/09\/22\/ministro-de-energia-y-minas-asegura-incorporacion-de-nuevas-plantas-a-gas-fortalecera-el-sistema-energetico-a-corto-plazo\/#respond"]}]},{"@type":"WebPage","@id":"https:\/\/elglobal.do\/index.php\/2025\/09\/22\/ministro-de-energia-y-minas-asegura-incorporacion-de-nuevas-plantas-a-gas-fortalecera-el-sistema-energetico-a-corto-plazo\/","url":"https:\/\/elglobal.do\/index.php\/2025\/09\/22\/ministro-de-energia-y-minas-asegura-incorporacion-de-nuevas-plantas-a-gas-fortalecera-el-sistema-energetico-a-corto-plazo\/","name":"Ministro de Energ\u00eda y Minas asegura incorporaci\u00f3n de nuevas plantas a gas fortalecer\u00e1 el sistema energ\u00e9tico a corto plazo - EL GLOBAL INFORMATIVO","isPartOf":{"@id":"https:\/\/elglobal.do\/#website"},"primaryImageOfPage":{"@id":"https:\/\/elglobal.do\/index.php\/2025\/09\/22\/ministro-de-energia-y-minas-asegura-incorporacion-de-nuevas-plantas-a-gas-fortalecera-el-sistema-energetico-a-corto-plazo\/#primaryimage"},"image":{"@id":"https:\/\/elglobal.do\/index.php\/2025\/09\/22\/ministro-de-energia-y-minas-asegura-incorporacion-de-nuevas-plantas-a-gas-fortalecera-el-sistema-energetico-a-corto-plazo\/#primaryimage"},"thumbnailUrl":"https:\/\/elglobal.do\/wp-content\/uploads\/2025\/09\/image-123.png","datePublished":"2025-09-22T14:54:41+00:00","dateModified":"2025-09-22T14:54:43+00:00","breadcrumb":{"@id":"https:\/\/elglobal.do\/index.php\/2025\/09\/22\/ministro-de-energia-y-minas-asegura-incorporacion-de-nuevas-plantas-a-gas-fortalecera-el-sistema-energetico-a-corto-plazo\/#breadcrumb"},"inLanguage":"es","potentialAction":[{"@type":"ReadAction","target":["https:\/\/elglobal.do\/index.php\/2025\/09\/22\/ministro-de-energia-y-minas-asegura-incorporacion-de-nuevas-plantas-a-gas-fortalecera-el-sistema-energetico-a-corto-plazo\/"]}]},{"@type":"ImageObject","inLanguage":"es","@id":"https:\/\/elglobal.do\/index.php\/2025\/09\/22\/ministro-de-energia-y-minas-asegura-incorporacion-de-nuevas-plantas-a-gas-fortalecera-el-sistema-energetico-a-corto-plazo\/#primaryimage","url":"https:\/\/elglobal.do\/wp-content\/uploads\/2025\/09\/image-123.png","contentUrl":"https:\/\/elglobal.do\/wp-content\/uploads\/2025\/09\/image-123.png","width":1300,"height":731},{"@type":"BreadcrumbList","@id":"https:\/\/elglobal.do\/index.php\/2025\/09\/22\/ministro-de-energia-y-minas-asegura-incorporacion-de-nuevas-plantas-a-gas-fortalecera-el-sistema-energetico-a-corto-plazo\/#breadcrumb","itemListElement":[{"@type":"ListItem","position":1,"name":"Portada","item":"https:\/\/elglobal.do\/"},{"@type":"ListItem","position":2,"name":"Ministro de Energ\u00eda y Minas asegura incorporaci\u00f3n de nuevas plantas a gas fortalecer\u00e1 el sistema energ\u00e9tico a corto plazo"}]},{"@type":"WebSite","@id":"https:\/\/elglobal.do\/#website","url":"https:\/\/elglobal.do\/","name":"EL GLOBAL INFORMATIVO","description":"Peri\u00f3dico digital de la Rep\u00fablica Dominicana que ofrece noticias, novedades, pol\u00edtica y las \u00faltimas actualidades, con informaci\u00f3n veraz y oportuna para mantenerte siempre informad","publisher":{"@id":"https:\/\/elglobal.do\/#organization"},"potentialAction":[{"@type":"SearchAction","target":{"@type":"EntryPoint","urlTemplate":"https:\/\/elglobal.do\/?s={search_term_string}"},"query-input":{"@type":"PropertyValueSpecification","valueRequired":true,"valueName":"search_term_string"}}],"inLanguage":"es"},{"@type":"Organization","@id":"https:\/\/elglobal.do\/#organization","name":"EL GLOBAL.DO INFORMATIVO","url":"https:\/\/elglobal.do\/","logo":{"@type":"ImageObject","inLanguage":"es","@id":"https:\/\/elglobal.do\/#\/schema\/logo\/image\/","url":"https:\/\/elglobal.do\/wp-content\/uploads\/2025\/08\/icon.png","contentUrl":"https:\/\/elglobal.do\/wp-content\/uploads\/2025\/08\/icon.png","width":512,"height":512,"caption":"EL GLOBAL.DO INFORMATIVO"},"image":{"@id":"https:\/\/elglobal.do\/#\/schema\/logo\/image\/"}},{"@type":"Person","@id":"https:\/\/elglobal.do\/#\/schema\/person\/0c97ec2c7714fb605d230c292f64d55f","name":"EL GLOBAL","image":{"@type":"ImageObject","inLanguage":"es","@id":"https:\/\/elglobal.do\/#\/schema\/person\/image\/","url":"https:\/\/secure.gravatar.com\/avatar\/081cfb6cf99faddc6f4e23a0c11ab98c5cf302925382d1c88dc3ed757ab910a3?s=96&d=mm&r=g","contentUrl":"https:\/\/secure.gravatar.com\/avatar\/081cfb6cf99faddc6f4e23a0c11ab98c5cf302925382d1c88dc3ed757ab910a3?s=96&d=mm&r=g","caption":"EL GLOBAL"},"description":"El Global Informativo es un peri\u00f3dico digital de Rep\u00fablica Dominicana que se dedica a cubrir temas importantes, como la pol\u00edtica local, geopol\u00edtica, econom\u00eda, tecnolog\u00eda, noticias internacionales y eventos relacionados con la gesti\u00f3n social, cultural y humana. Su objetivo principal es mantener a la poblaci\u00f3n informada, ofreciendo una visi\u00f3n amplia y actualizada de lo que sucede tanto en el pa\u00eds como en el mundo. Est\u00e1 dirigido por un grupo de periodistas experimentados, lo que garantiza la calidad y la precisi\u00f3n de la informaci\u00f3n que ofrecen. Tiene su sede en la ciudad de Santo Domingo y es parte integral del portafolio de la empresa, MC Global S.R.L.","sameAs":["https:\/\/elglobal.do","https:\/\/www.instagram.com\/elglobal.do_informativo\/"],"url":"https:\/\/elglobal.do\/index.php\/author\/elglobaluserpro\/"}]}},"jetpack_featured_media_url":"https:\/\/elglobal.do\/wp-content\/uploads\/2025\/09\/image-123.png","jetpack_sharing_enabled":true,"_links":{"self":[{"href":"https:\/\/elglobal.do\/index.php\/wp-json\/wp\/v2\/posts\/2432","targetHints":{"allow":["GET"]}}],"collection":[{"href":"https:\/\/elglobal.do\/index.php\/wp-json\/wp\/v2\/posts"}],"about":[{"href":"https:\/\/elglobal.do\/index.php\/wp-json\/wp\/v2\/types\/post"}],"author":[{"embeddable":true,"href":"https:\/\/elglobal.do\/index.php\/wp-json\/wp\/v2\/users\/1"}],"replies":[{"embeddable":true,"href":"https:\/\/elglobal.do\/index.php\/wp-json\/wp\/v2\/comments?post=2432"}],"version-history":[{"count":1,"href":"https:\/\/elglobal.do\/index.php\/wp-json\/wp\/v2\/posts\/2432\/revisions"}],"predecessor-version":[{"id":2434,"href":"https:\/\/elglobal.do\/index.php\/wp-json\/wp\/v2\/posts\/2432\/revisions\/2434"}],"wp:featuredmedia":[{"embeddable":true,"href":"https:\/\/elglobal.do\/index.php\/wp-json\/wp\/v2\/media\/2433"}],"wp:attachment":[{"href":"https:\/\/elglobal.do\/index.php\/wp-json\/wp\/v2\/media?parent=2432"}],"wp:term":[{"taxonomy":"category","embeddable":true,"href":"https:\/\/elglobal.do\/index.php\/wp-json\/wp\/v2\/categories?post=2432"},{"taxonomy":"post_tag","embeddable":true,"href":"https:\/\/elglobal.do\/index.php\/wp-json\/wp\/v2\/tags?post=2432"}],"curies":[{"name":"wp","href":"https:\/\/api.w.org\/{rel}","templated":true}]}}