{"id":2437,"date":"2025-09-22T11:13:29","date_gmt":"2025-09-22T15:13:29","guid":{"rendered":"https:\/\/elglobal.do\/?p=2437"},"modified":"2025-09-22T11:13:31","modified_gmt":"2025-09-22T15:13:31","slug":"solicitantes-de-visa-a-ee-uu-deberan-asistir-a-una-entrevista-presencial-sin-excepcion","status":"publish","type":"post","link":"https:\/\/elglobal.do\/index.php\/2025\/09\/22\/solicitantes-de-visa-a-ee-uu-deberan-asistir-a-una-entrevista-presencial-sin-excepcion\/","title":{"rendered":"Solicitantes de visa a EE. UU. deber\u00e1n asistir a una entrevista presencial sin excepci\u00f3n"},"content":{"rendered":"\n<figure class=\"wp-block-image size-large is-resized\"><img loading=\"lazy\" decoding=\"async\" width=\"1024\" height=\"683\" src=\"https:\/\/elglobal.do\/wp-content\/uploads\/2025\/09\/image-124-1024x683.png\" alt=\"\" class=\"wp-image-2440\" style=\"width:615px;height:auto\" srcset=\"https:\/\/elglobal.do\/wp-content\/uploads\/2025\/09\/image-124-1024x683.png 1024w, https:\/\/elglobal.do\/wp-content\/uploads\/2025\/09\/image-124-300x200.png 300w, https:\/\/elglobal.do\/wp-content\/uploads\/2025\/09\/image-124-768x512.png 768w, https:\/\/elglobal.do\/wp-content\/uploads\/2025\/09\/image-124.png 1200w\" sizes=\"auto, (max-width: 1024px) 100vw, 1024px\" \/><\/figure>\n\n\n\n<p><strong>Santo Domingo.-<\/strong>A partir del\u00a0<strong>1 de octubre de 2025<\/strong>, todos los solicitantes de\u00a0<strong>visa<\/strong>\u00a0para Estados Unidos, incluyendo quienes realicen renovaci\u00f3n, deber\u00e1n asistir a una entrevista presencial con un c\u00f3nsul. Esto aplicar\u00e1 incluso en los casos en que la\u00a0<strong>visa<\/strong>\u00a0a\u00fan no haya vencido.<\/p>\n\n\n\n<p>La informaci\u00f3n fue ofrecida este lunes por la sede diplom\u00e1tica a trav\u00e9s de su columna \u00abPreg\u00fantale al C\u00f3nsul\u00bb, donde se precisa que solo algunos solicitantes estar\u00e1n&nbsp;<strong>exentos<\/strong>: ciertos visitantes temporales de la categor\u00eda B, trabajadores agr\u00edcolas temporales bajo el programa H-2A y determinados&nbsp;<strong>empleados de gobiernos<\/strong>&nbsp;que viajan en misi\u00f3n oficial.<\/p>\n\n\n\n<p>\u00abEfectivo el\u00a0<strong>1 de octubre de 2025<\/strong>, todos los solicitantes de visas de no inmigrante, sin importar la edad, deber\u00e1n ser\u00a0<strong>entrevistados de manera presencial<\/strong>\u00a0por un\u00a0<strong>oficial consular<\/strong>\u00a0de los Estados Unidos, con\u00a0<strong>limitadas excepciones<\/strong>\u00ab, explic\u00f3 la embajada en su comunicado.<\/p>\n\n\n\n<p><\/p>\n","protected":false},"excerpt":{"rendered":"<p>Santo Domingo.-A partir del\u00a01 de octubre de 2025, todos los solicitantes de\u00a0visa\u00a0para Estados Unidos, incluyendo quienes realicen renovaci\u00f3n, deber\u00e1n asistir a una entrevista presencial con un c\u00f3nsul. Esto aplicar\u00e1 incluso&hellip; <\/p>\n","protected":false},"author":1,"featured_media":2440,"comment_status":"open","ping_status":"open","sticky":false,"template":"","format":"standard","meta":{"_jetpack_memberships_contains_paid_content":false,"footnotes":""},"categories":[40],"tags":[1294,166,1293,1292],"class_list":["post-2437","post","type-post","status-publish","format-standard","has-post-thumbnail","hentry","category-nacionales","tag-consul","tag-ee-uu-2","tag-entrevistas","tag-visa"],"yoast_head":"<!-- This site is optimized with the Yoast SEO plugin v26.9 - https:\/\/yoast.com\/product\/yoast-seo-wordpress\/ -->\n<title>Solicitantes de visa a EE. UU. deber\u00e1n asistir a una entrevista presencial sin excepci\u00f3n - EL GLOBAL INFORMATIVO<\/title>\n<meta name=\"robots\" content=\"index, follow, max-snippet:-1, max-image-preview:large, max-video-preview:-1\" \/>\n<link rel=\"canonical\" href=\"https:\/\/elglobal.do\/index.php\/2025\/09\/22\/solicitantes-de-visa-a-ee-uu-deberan-asistir-a-una-entrevista-presencial-sin-excepcion\/\" \/>\n<meta property=\"og:locale\" content=\"es_ES\" \/>\n<meta property=\"og:type\" content=\"article\" \/>\n<meta property=\"og:title\" content=\"Solicitantes de visa a EE. UU. deber\u00e1n asistir a una entrevista presencial sin excepci\u00f3n - EL GLOBAL INFORMATIVO\" \/>\n<meta property=\"og:description\" content=\"Santo Domingo.-A partir del\u00a01 de octubre de 2025, todos los solicitantes de\u00a0visa\u00a0para Estados Unidos, incluyendo quienes realicen renovaci\u00f3n, deber\u00e1n asistir a una entrevista presencial con un c\u00f3nsul. Esto aplicar\u00e1 incluso&hellip;\" \/>\n<meta property=\"og:url\" content=\"https:\/\/elglobal.do\/index.php\/2025\/09\/22\/solicitantes-de-visa-a-ee-uu-deberan-asistir-a-una-entrevista-presencial-sin-excepcion\/\" \/>\n<meta property=\"og:site_name\" content=\"EL GLOBAL INFORMATIVO\" \/>\n<meta property=\"article:published_time\" content=\"2025-09-22T15:13:29+00:00\" \/>\n<meta property=\"article:modified_time\" content=\"2025-09-22T15:13:31+00:00\" \/>\n<meta property=\"og:image\" content=\"https:\/\/elglobal.do\/wp-content\/uploads\/2025\/09\/image-124.png\" \/>\n\t<meta property=\"og:image:width\" content=\"1200\" \/>\n\t<meta property=\"og:image:height\" content=\"800\" \/>\n\t<meta property=\"og:image:type\" content=\"image\/png\" \/>\n<meta name=\"author\" content=\"EL GLOBAL\" \/>\n<meta name=\"twitter:card\" content=\"summary_large_image\" \/>\n<meta name=\"twitter:label1\" content=\"Escrito por\" \/>\n\t<meta name=\"twitter:data1\" content=\"EL GLOBAL\" \/>\n\t<meta name=\"twitter:label2\" content=\"Tiempo de lectura\" \/>\n\t<meta name=\"twitter:data2\" content=\"2 minutos\" \/>\n<script type=\"application\/ld+json\" class=\"yoast-schema-graph\">{\"@context\":\"https:\/\/schema.org\",\"@graph\":[{\"@type\":\"Article\",\"@id\":\"https:\/\/elglobal.do\/index.php\/2025\/09\/22\/solicitantes-de-visa-a-ee-uu-deberan-asistir-a-una-entrevista-presencial-sin-excepcion\/#article\",\"isPartOf\":{\"@id\":\"https:\/\/elglobal.do\/index.php\/2025\/09\/22\/solicitantes-de-visa-a-ee-uu-deberan-asistir-a-una-entrevista-presencial-sin-excepcion\/\"},\"author\":{\"name\":\"EL GLOBAL\",\"@id\":\"https:\/\/elglobal.do\/#\/schema\/person\/0c97ec2c7714fb605d230c292f64d55f\"},\"headline\":\"Solicitantes de visa a EE. UU. deber\u00e1n asistir a una entrevista presencial sin excepci\u00f3n\",\"datePublished\":\"2025-09-22T15:13:29+00:00\",\"dateModified\":\"2025-09-22T15:13:31+00:00\",\"mainEntityOfPage\":{\"@id\":\"https:\/\/elglobal.do\/index.php\/2025\/09\/22\/solicitantes-de-visa-a-ee-uu-deberan-asistir-a-una-entrevista-presencial-sin-excepcion\/\"},\"wordCount\":168,\"commentCount\":0,\"publisher\":{\"@id\":\"https:\/\/elglobal.do\/#organization\"},\"image\":{\"@id\":\"https:\/\/elglobal.do\/index.php\/2025\/09\/22\/solicitantes-de-visa-a-ee-uu-deberan-asistir-a-una-entrevista-presencial-sin-excepcion\/#primaryimage\"},\"thumbnailUrl\":\"https:\/\/elglobal.do\/wp-content\/uploads\/2025\/09\/image-124.png\",\"keywords\":[\"#C\u00f3nsul\",\"#EE.UU\",\"#Entrevistas\",\"#Visa\"],\"articleSection\":[\"NACIONALES\"],\"inLanguage\":\"es\",\"potentialAction\":[{\"@type\":\"CommentAction\",\"name\":\"Comment\",\"target\":[\"https:\/\/elglobal.do\/index.php\/2025\/09\/22\/solicitantes-de-visa-a-ee-uu-deberan-asistir-a-una-entrevista-presencial-sin-excepcion\/#respond\"]}]},{\"@type\":\"WebPage\",\"@id\":\"https:\/\/elglobal.do\/index.php\/2025\/09\/22\/solicitantes-de-visa-a-ee-uu-deberan-asistir-a-una-entrevista-presencial-sin-excepcion\/\",\"url\":\"https:\/\/elglobal.do\/index.php\/2025\/09\/22\/solicitantes-de-visa-a-ee-uu-deberan-asistir-a-una-entrevista-presencial-sin-excepcion\/\",\"name\":\"Solicitantes de visa a EE. UU. deber\u00e1n asistir a una entrevista presencial sin excepci\u00f3n - EL GLOBAL INFORMATIVO\",\"isPartOf\":{\"@id\":\"https:\/\/elglobal.do\/#website\"},\"primaryImageOfPage\":{\"@id\":\"https:\/\/elglobal.do\/index.php\/2025\/09\/22\/solicitantes-de-visa-a-ee-uu-deberan-asistir-a-una-entrevista-presencial-sin-excepcion\/#primaryimage\"},\"image\":{\"@id\":\"https:\/\/elglobal.do\/index.php\/2025\/09\/22\/solicitantes-de-visa-a-ee-uu-deberan-asistir-a-una-entrevista-presencial-sin-excepcion\/#primaryimage\"},\"thumbnailUrl\":\"https:\/\/elglobal.do\/wp-content\/uploads\/2025\/09\/image-124.png\",\"datePublished\":\"2025-09-22T15:13:29+00:00\",\"dateModified\":\"2025-09-22T15:13:31+00:00\",\"breadcrumb\":{\"@id\":\"https:\/\/elglobal.do\/index.php\/2025\/09\/22\/solicitantes-de-visa-a-ee-uu-deberan-asistir-a-una-entrevista-presencial-sin-excepcion\/#breadcrumb\"},\"inLanguage\":\"es\",\"potentialAction\":[{\"@type\":\"ReadAction\",\"target\":[\"https:\/\/elglobal.do\/index.php\/2025\/09\/22\/solicitantes-de-visa-a-ee-uu-deberan-asistir-a-una-entrevista-presencial-sin-excepcion\/\"]}]},{\"@type\":\"ImageObject\",\"inLanguage\":\"es\",\"@id\":\"https:\/\/elglobal.do\/index.php\/2025\/09\/22\/solicitantes-de-visa-a-ee-uu-deberan-asistir-a-una-entrevista-presencial-sin-excepcion\/#primaryimage\",\"url\":\"https:\/\/elglobal.do\/wp-content\/uploads\/2025\/09\/image-124.png\",\"contentUrl\":\"https:\/\/elglobal.do\/wp-content\/uploads\/2025\/09\/image-124.png\",\"width\":1200,\"height\":800},{\"@type\":\"BreadcrumbList\",\"@id\":\"https:\/\/elglobal.do\/index.php\/2025\/09\/22\/solicitantes-de-visa-a-ee-uu-deberan-asistir-a-una-entrevista-presencial-sin-excepcion\/#breadcrumb\",\"itemListElement\":[{\"@type\":\"ListItem\",\"position\":1,\"name\":\"Portada\",\"item\":\"https:\/\/elglobal.do\/\"},{\"@type\":\"ListItem\",\"position\":2,\"name\":\"Solicitantes de visa a EE. UU. deber\u00e1n asistir a una entrevista presencial sin excepci\u00f3n\"}]},{\"@type\":\"WebSite\",\"@id\":\"https:\/\/elglobal.do\/#website\",\"url\":\"https:\/\/elglobal.do\/\",\"name\":\"EL GLOBAL INFORMATIVO\",\"description\":\"Peri\u00f3dico digital de la Rep\u00fablica Dominicana que ofrece noticias, novedades, pol\u00edtica y las \u00faltimas actualidades, con informaci\u00f3n veraz y oportuna para mantenerte siempre informad\",\"publisher\":{\"@id\":\"https:\/\/elglobal.do\/#organization\"},\"potentialAction\":[{\"@type\":\"SearchAction\",\"target\":{\"@type\":\"EntryPoint\",\"urlTemplate\":\"https:\/\/elglobal.do\/?s={search_term_string}\"},\"query-input\":{\"@type\":\"PropertyValueSpecification\",\"valueRequired\":true,\"valueName\":\"search_term_string\"}}],\"inLanguage\":\"es\"},{\"@type\":\"Organization\",\"@id\":\"https:\/\/elglobal.do\/#organization\",\"name\":\"EL GLOBAL.DO INFORMATIVO\",\"url\":\"https:\/\/elglobal.do\/\",\"logo\":{\"@type\":\"ImageObject\",\"inLanguage\":\"es\",\"@id\":\"https:\/\/elglobal.do\/#\/schema\/logo\/image\/\",\"url\":\"https:\/\/elglobal.do\/wp-content\/uploads\/2025\/08\/icon.png\",\"contentUrl\":\"https:\/\/elglobal.do\/wp-content\/uploads\/2025\/08\/icon.png\",\"width\":512,\"height\":512,\"caption\":\"EL GLOBAL.DO INFORMATIVO\"},\"image\":{\"@id\":\"https:\/\/elglobal.do\/#\/schema\/logo\/image\/\"}},{\"@type\":\"Person\",\"@id\":\"https:\/\/elglobal.do\/#\/schema\/person\/0c97ec2c7714fb605d230c292f64d55f\",\"name\":\"EL GLOBAL\",\"image\":{\"@type\":\"ImageObject\",\"inLanguage\":\"es\",\"@id\":\"https:\/\/elglobal.do\/#\/schema\/person\/image\/\",\"url\":\"https:\/\/secure.gravatar.com\/avatar\/081cfb6cf99faddc6f4e23a0c11ab98c5cf302925382d1c88dc3ed757ab910a3?s=96&d=mm&r=g\",\"contentUrl\":\"https:\/\/secure.gravatar.com\/avatar\/081cfb6cf99faddc6f4e23a0c11ab98c5cf302925382d1c88dc3ed757ab910a3?s=96&d=mm&r=g\",\"caption\":\"EL GLOBAL\"},\"description\":\"El Global Informativo es un peri\u00f3dico digital de Rep\u00fablica Dominicana que se dedica a cubrir temas importantes, como la pol\u00edtica local, geopol\u00edtica, econom\u00eda, tecnolog\u00eda, noticias internacionales y eventos relacionados con la gesti\u00f3n social, cultural y humana. Su objetivo principal es mantener a la poblaci\u00f3n informada, ofreciendo una visi\u00f3n amplia y actualizada de lo que sucede tanto en el pa\u00eds como en el mundo. Est\u00e1 dirigido por un grupo de periodistas experimentados, lo que garantiza la calidad y la precisi\u00f3n de la informaci\u00f3n que ofrecen. Tiene su sede en la ciudad de Santo Domingo y es parte integral del portafolio de la empresa, MC Global S.R.L.\",\"sameAs\":[\"https:\/\/elglobal.do\",\"https:\/\/www.instagram.com\/elglobal.do_informativo\/\"],\"url\":\"https:\/\/elglobal.do\/index.php\/author\/elglobaluserpro\/\"}]}<\/script>\n<!-- \/ Yoast SEO plugin. -->","yoast_head_json":{"title":"Solicitantes de visa a EE. UU. deber\u00e1n asistir a una entrevista presencial sin excepci\u00f3n - EL GLOBAL INFORMATIVO","robots":{"index":"index","follow":"follow","max-snippet":"max-snippet:-1","max-image-preview":"max-image-preview:large","max-video-preview":"max-video-preview:-1"},"canonical":"https:\/\/elglobal.do\/index.php\/2025\/09\/22\/solicitantes-de-visa-a-ee-uu-deberan-asistir-a-una-entrevista-presencial-sin-excepcion\/","og_locale":"es_ES","og_type":"article","og_title":"Solicitantes de visa a EE. UU. deber\u00e1n asistir a una entrevista presencial sin excepci\u00f3n - EL GLOBAL INFORMATIVO","og_description":"Santo Domingo.-A partir del\u00a01 de octubre de 2025, todos los solicitantes de\u00a0visa\u00a0para Estados Unidos, incluyendo quienes realicen renovaci\u00f3n, deber\u00e1n asistir a una entrevista presencial con un c\u00f3nsul. Esto aplicar\u00e1 incluso&hellip;","og_url":"https:\/\/elglobal.do\/index.php\/2025\/09\/22\/solicitantes-de-visa-a-ee-uu-deberan-asistir-a-una-entrevista-presencial-sin-excepcion\/","og_site_name":"EL GLOBAL INFORMATIVO","article_published_time":"2025-09-22T15:13:29+00:00","article_modified_time":"2025-09-22T15:13:31+00:00","og_image":[{"width":1200,"height":800,"url":"https:\/\/elglobal.do\/wp-content\/uploads\/2025\/09\/image-124.png","type":"image\/png"}],"author":"EL GLOBAL","twitter_card":"summary_large_image","twitter_misc":{"Escrito por":"EL GLOBAL","Tiempo de lectura":"2 minutos"},"schema":{"@context":"https:\/\/schema.org","@graph":[{"@type":"Article","@id":"https:\/\/elglobal.do\/index.php\/2025\/09\/22\/solicitantes-de-visa-a-ee-uu-deberan-asistir-a-una-entrevista-presencial-sin-excepcion\/#article","isPartOf":{"@id":"https:\/\/elglobal.do\/index.php\/2025\/09\/22\/solicitantes-de-visa-a-ee-uu-deberan-asistir-a-una-entrevista-presencial-sin-excepcion\/"},"author":{"name":"EL GLOBAL","@id":"https:\/\/elglobal.do\/#\/schema\/person\/0c97ec2c7714fb605d230c292f64d55f"},"headline":"Solicitantes de visa a EE. UU. deber\u00e1n asistir a una entrevista presencial sin excepci\u00f3n","datePublished":"2025-09-22T15:13:29+00:00","dateModified":"2025-09-22T15:13:31+00:00","mainEntityOfPage":{"@id":"https:\/\/elglobal.do\/index.php\/2025\/09\/22\/solicitantes-de-visa-a-ee-uu-deberan-asistir-a-una-entrevista-presencial-sin-excepcion\/"},"wordCount":168,"commentCount":0,"publisher":{"@id":"https:\/\/elglobal.do\/#organization"},"image":{"@id":"https:\/\/elglobal.do\/index.php\/2025\/09\/22\/solicitantes-de-visa-a-ee-uu-deberan-asistir-a-una-entrevista-presencial-sin-excepcion\/#primaryimage"},"thumbnailUrl":"https:\/\/elglobal.do\/wp-content\/uploads\/2025\/09\/image-124.png","keywords":["#C\u00f3nsul","#EE.UU","#Entrevistas","#Visa"],"articleSection":["NACIONALES"],"inLanguage":"es","potentialAction":[{"@type":"CommentAction","name":"Comment","target":["https:\/\/elglobal.do\/index.php\/2025\/09\/22\/solicitantes-de-visa-a-ee-uu-deberan-asistir-a-una-entrevista-presencial-sin-excepcion\/#respond"]}]},{"@type":"WebPage","@id":"https:\/\/elglobal.do\/index.php\/2025\/09\/22\/solicitantes-de-visa-a-ee-uu-deberan-asistir-a-una-entrevista-presencial-sin-excepcion\/","url":"https:\/\/elglobal.do\/index.php\/2025\/09\/22\/solicitantes-de-visa-a-ee-uu-deberan-asistir-a-una-entrevista-presencial-sin-excepcion\/","name":"Solicitantes de visa a EE. UU. deber\u00e1n asistir a una entrevista presencial sin excepci\u00f3n - EL GLOBAL INFORMATIVO","isPartOf":{"@id":"https:\/\/elglobal.do\/#website"},"primaryImageOfPage":{"@id":"https:\/\/elglobal.do\/index.php\/2025\/09\/22\/solicitantes-de-visa-a-ee-uu-deberan-asistir-a-una-entrevista-presencial-sin-excepcion\/#primaryimage"},"image":{"@id":"https:\/\/elglobal.do\/index.php\/2025\/09\/22\/solicitantes-de-visa-a-ee-uu-deberan-asistir-a-una-entrevista-presencial-sin-excepcion\/#primaryimage"},"thumbnailUrl":"https:\/\/elglobal.do\/wp-content\/uploads\/2025\/09\/image-124.png","datePublished":"2025-09-22T15:13:29+00:00","dateModified":"2025-09-22T15:13:31+00:00","breadcrumb":{"@id":"https:\/\/elglobal.do\/index.php\/2025\/09\/22\/solicitantes-de-visa-a-ee-uu-deberan-asistir-a-una-entrevista-presencial-sin-excepcion\/#breadcrumb"},"inLanguage":"es","potentialAction":[{"@type":"ReadAction","target":["https:\/\/elglobal.do\/index.php\/2025\/09\/22\/solicitantes-de-visa-a-ee-uu-deberan-asistir-a-una-entrevista-presencial-sin-excepcion\/"]}]},{"@type":"ImageObject","inLanguage":"es","@id":"https:\/\/elglobal.do\/index.php\/2025\/09\/22\/solicitantes-de-visa-a-ee-uu-deberan-asistir-a-una-entrevista-presencial-sin-excepcion\/#primaryimage","url":"https:\/\/elglobal.do\/wp-content\/uploads\/2025\/09\/image-124.png","contentUrl":"https:\/\/elglobal.do\/wp-content\/uploads\/2025\/09\/image-124.png","width":1200,"height":800},{"@type":"BreadcrumbList","@id":"https:\/\/elglobal.do\/index.php\/2025\/09\/22\/solicitantes-de-visa-a-ee-uu-deberan-asistir-a-una-entrevista-presencial-sin-excepcion\/#breadcrumb","itemListElement":[{"@type":"ListItem","position":1,"name":"Portada","item":"https:\/\/elglobal.do\/"},{"@type":"ListItem","position":2,"name":"Solicitantes de visa a EE. UU. deber\u00e1n asistir a una entrevista presencial sin excepci\u00f3n"}]},{"@type":"WebSite","@id":"https:\/\/elglobal.do\/#website","url":"https:\/\/elglobal.do\/","name":"EL GLOBAL INFORMATIVO","description":"Peri\u00f3dico digital de la Rep\u00fablica Dominicana que ofrece noticias, novedades, pol\u00edtica y las \u00faltimas actualidades, con informaci\u00f3n veraz y oportuna para mantenerte siempre informad","publisher":{"@id":"https:\/\/elglobal.do\/#organization"},"potentialAction":[{"@type":"SearchAction","target":{"@type":"EntryPoint","urlTemplate":"https:\/\/elglobal.do\/?s={search_term_string}"},"query-input":{"@type":"PropertyValueSpecification","valueRequired":true,"valueName":"search_term_string"}}],"inLanguage":"es"},{"@type":"Organization","@id":"https:\/\/elglobal.do\/#organization","name":"EL GLOBAL.DO INFORMATIVO","url":"https:\/\/elglobal.do\/","logo":{"@type":"ImageObject","inLanguage":"es","@id":"https:\/\/elglobal.do\/#\/schema\/logo\/image\/","url":"https:\/\/elglobal.do\/wp-content\/uploads\/2025\/08\/icon.png","contentUrl":"https:\/\/elglobal.do\/wp-content\/uploads\/2025\/08\/icon.png","width":512,"height":512,"caption":"EL GLOBAL.DO INFORMATIVO"},"image":{"@id":"https:\/\/elglobal.do\/#\/schema\/logo\/image\/"}},{"@type":"Person","@id":"https:\/\/elglobal.do\/#\/schema\/person\/0c97ec2c7714fb605d230c292f64d55f","name":"EL GLOBAL","image":{"@type":"ImageObject","inLanguage":"es","@id":"https:\/\/elglobal.do\/#\/schema\/person\/image\/","url":"https:\/\/secure.gravatar.com\/avatar\/081cfb6cf99faddc6f4e23a0c11ab98c5cf302925382d1c88dc3ed757ab910a3?s=96&d=mm&r=g","contentUrl":"https:\/\/secure.gravatar.com\/avatar\/081cfb6cf99faddc6f4e23a0c11ab98c5cf302925382d1c88dc3ed757ab910a3?s=96&d=mm&r=g","caption":"EL GLOBAL"},"description":"El Global Informativo es un peri\u00f3dico digital de Rep\u00fablica Dominicana que se dedica a cubrir temas importantes, como la pol\u00edtica local, geopol\u00edtica, econom\u00eda, tecnolog\u00eda, noticias internacionales y eventos relacionados con la gesti\u00f3n social, cultural y humana. Su objetivo principal es mantener a la poblaci\u00f3n informada, ofreciendo una visi\u00f3n amplia y actualizada de lo que sucede tanto en el pa\u00eds como en el mundo. Est\u00e1 dirigido por un grupo de periodistas experimentados, lo que garantiza la calidad y la precisi\u00f3n de la informaci\u00f3n que ofrecen. Tiene su sede en la ciudad de Santo Domingo y es parte integral del portafolio de la empresa, MC Global S.R.L.","sameAs":["https:\/\/elglobal.do","https:\/\/www.instagram.com\/elglobal.do_informativo\/"],"url":"https:\/\/elglobal.do\/index.php\/author\/elglobaluserpro\/"}]}},"jetpack_featured_media_url":"https:\/\/elglobal.do\/wp-content\/uploads\/2025\/09\/image-124.png","jetpack_sharing_enabled":true,"_links":{"self":[{"href":"https:\/\/elglobal.do\/index.php\/wp-json\/wp\/v2\/posts\/2437","targetHints":{"allow":["GET"]}}],"collection":[{"href":"https:\/\/elglobal.do\/index.php\/wp-json\/wp\/v2\/posts"}],"about":[{"href":"https:\/\/elglobal.do\/index.php\/wp-json\/wp\/v2\/types\/post"}],"author":[{"embeddable":true,"href":"https:\/\/elglobal.do\/index.php\/wp-json\/wp\/v2\/users\/1"}],"replies":[{"embeddable":true,"href":"https:\/\/elglobal.do\/index.php\/wp-json\/wp\/v2\/comments?post=2437"}],"version-history":[{"count":1,"href":"https:\/\/elglobal.do\/index.php\/wp-json\/wp\/v2\/posts\/2437\/revisions"}],"predecessor-version":[{"id":2441,"href":"https:\/\/elglobal.do\/index.php\/wp-json\/wp\/v2\/posts\/2437\/revisions\/2441"}],"wp:featuredmedia":[{"embeddable":true,"href":"https:\/\/elglobal.do\/index.php\/wp-json\/wp\/v2\/media\/2440"}],"wp:attachment":[{"href":"https:\/\/elglobal.do\/index.php\/wp-json\/wp\/v2\/media?parent=2437"}],"wp:term":[{"taxonomy":"category","embeddable":true,"href":"https:\/\/elglobal.do\/index.php\/wp-json\/wp\/v2\/categories?post=2437"},{"taxonomy":"post_tag","embeddable":true,"href":"https:\/\/elglobal.do\/index.php\/wp-json\/wp\/v2\/tags?post=2437"}],"curies":[{"name":"wp","href":"https:\/\/api.w.org\/{rel}","templated":true}]}}