{"id":2455,"date":"2025-09-22T12:21:06","date_gmt":"2025-09-22T16:21:06","guid":{"rendered":"https:\/\/elglobal.do\/?p=2455"},"modified":"2025-09-22T12:21:09","modified_gmt":"2025-09-22T16:21:09","slug":"lanzan-misil-balistico-trident-ii-d5-en-el-atlantico-se-desconoce-si-fue-de-ee-uu-o-reino-unido","status":"publish","type":"post","link":"https:\/\/elglobal.do\/index.php\/2025\/09\/22\/lanzan-misil-balistico-trident-ii-d5-en-el-atlantico-se-desconoce-si-fue-de-ee-uu-o-reino-unido\/","title":{"rendered":"Lanzan misil bal\u00edstico Trident II D5 en el Atl\u00e1ntico; se desconoce si fue de EE. UU. o Reino Unido"},"content":{"rendered":"\n<figure class=\"wp-block-image size-large\"><img loading=\"lazy\" decoding=\"async\" width=\"1024\" height=\"576\" src=\"https:\/\/elglobal.do\/wp-content\/uploads\/2025\/09\/image-127-1024x576.png\" alt=\"\" class=\"wp-image-2456\" srcset=\"https:\/\/elglobal.do\/wp-content\/uploads\/2025\/09\/image-127-1024x576.png 1024w, https:\/\/elglobal.do\/wp-content\/uploads\/2025\/09\/image-127-300x169.png 300w, https:\/\/elglobal.do\/wp-content\/uploads\/2025\/09\/image-127-768x432.png 768w, https:\/\/elglobal.do\/wp-content\/uploads\/2025\/09\/image-127-1536x864.png 1536w, https:\/\/elglobal.do\/wp-content\/uploads\/2025\/09\/image-127.png 1920w\" sizes=\"auto, (max-width: 1024px) 100vw, 1024px\" \/><\/figure>\n\n\n\n<p><strong>Rusia.-<\/strong>Un\u00a0<strong>misil bal\u00edstico nuclear Trident II D5<\/strong>\u00a0fue\u00a0<strong>disparado<\/strong>\u00a0desde un\u00a0<strong>submarino<\/strong>\u00a0en aguas del\u00a0<strong>Atl\u00e1ntico<\/strong>, inform\u00f3 Russia Today (RT). El lanzamiento se produjo la noche del 21 de septiembre y fue visible desde varios puntos del Caribe, incluido Puerto Rico, donde observadores locales confirmaron la estela luminosa en el cielo.<\/p>\n\n\n\n<p>Hasta ahora no se ha precisado si la\u00a0<strong>prueba<\/strong>\u00a0fue realizada por la\u00a0<strong>Marina de Estados Unidos<\/strong>\u00a0o por la\u00a0<strong>Royal Navy<\/strong>\u00a0del\u00a0<strong>Reino Unido<\/strong>, las dos \u00fanicas fuerzas que cuentan con este tipo de armamento. Ninguna de las instituciones ha emitido declaraciones oficiales sobre el ejercicio. <\/p>\n\n\n\n<p><strong>El\u00a0Trident II D5<\/strong><\/p>\n\n\n\n<p>El&nbsp;<strong>Trident II D5<\/strong>&nbsp;es un&nbsp;<strong>misil bal\u00edstico<\/strong>&nbsp;de&nbsp;<strong>largo alcance<\/strong>&nbsp;que forma parte de la disuasi\u00f3n estrat\u00e9gica de ambos pa\u00edses y est\u00e1 dise\u00f1ado para ser lanzado desde submarinos.<\/p>\n\n\n\n<p>El\u00a0<strong>avistamiento<\/strong>\u00a0gener\u00f3\u00a0<strong>expectaci\u00f3n<\/strong>\u00a0en la regi\u00f3n debido a la magnitud del\u00a0<strong>ensayo<\/strong>\u00a0y a la falta de informaci\u00f3n oficial sobre cu\u00e1l naci\u00f3n llev\u00f3 a cabo la operaci\u00f3n.<\/p>\n\n\n\n<p>Cuentas de&nbsp;<strong>redes sociales<\/strong>&nbsp;difunden un&nbsp;<strong>video<\/strong>&nbsp;del presunto&nbsp;<strong>disparo<\/strong>&nbsp;desde una zona, alegadamente en Puerto Rico.<\/p>\n\n\n\n<p>De acuerdo con el diario puertorrique\u00f1o Primera Hora, la<strong>&nbsp;Sociedad de Astronom\u00eda del Caribe (SAC)<\/strong>&nbsp;identific\u00f3 que se trat\u00f3 de la prueba de un misil Trident lanzado desde un submarino al este de Florida.<\/p>\n\n\n\n<p>El avistamiento ocurri\u00f3 alrededor de las&nbsp;<strong>7:30 de la noche y fue visible desde distintos puntos del pa\u00eds.<\/strong>&nbsp;La organizaci\u00f3n educativa explic\u00f3 que, aunque la apariencia del objeto era similar a la de un cohete, \u201cen realidad el avistamiento fue uno muy peculiar y distinto a los cohetes que hemos registrado\u201d.<\/p>\n","protected":false},"excerpt":{"rendered":"<p>Rusia.-Un\u00a0misil bal\u00edstico nuclear Trident II D5\u00a0fue\u00a0disparado\u00a0desde un\u00a0submarino\u00a0en aguas del\u00a0Atl\u00e1ntico, inform\u00f3 Russia Today (RT). El lanzamiento se produjo la noche del 21 de septiembre y fue visible desde varios puntos del&hellip; <\/p>\n","protected":false},"author":1,"featured_media":2456,"comment_status":"open","ping_status":"open","sticky":false,"template":"","format":"standard","meta":{"_jetpack_memberships_contains_paid_content":false,"footnotes":""},"categories":[1],"tags":[1305,166,1302,235,1304,1303],"class_list":["post-2455","post","type-post","status-publish","format-standard","has-post-thumbnail","hentry","category-categoria-internacionales","tag-atlantico","tag-ee-uu-2","tag-misil","tag-rusia","tag-submarino","tag-trdidentii"],"yoast_head":"<!-- This site is optimized with the Yoast SEO plugin v26.9 - https:\/\/yoast.com\/product\/yoast-seo-wordpress\/ -->\n<title>Lanzan misil bal\u00edstico Trident II D5 en el Atl\u00e1ntico; se desconoce si fue de EE. UU. o Reino Unido - EL GLOBAL INFORMATIVO<\/title>\n<meta name=\"robots\" content=\"index, follow, max-snippet:-1, max-image-preview:large, max-video-preview:-1\" \/>\n<link rel=\"canonical\" href=\"https:\/\/elglobal.do\/index.php\/2025\/09\/22\/lanzan-misil-balistico-trident-ii-d5-en-el-atlantico-se-desconoce-si-fue-de-ee-uu-o-reino-unido\/\" \/>\n<meta property=\"og:locale\" content=\"es_ES\" \/>\n<meta property=\"og:type\" content=\"article\" \/>\n<meta property=\"og:title\" content=\"Lanzan misil bal\u00edstico Trident II D5 en el Atl\u00e1ntico; se desconoce si fue de EE. UU. o Reino Unido - EL GLOBAL INFORMATIVO\" \/>\n<meta property=\"og:description\" content=\"Rusia.-Un\u00a0misil bal\u00edstico nuclear Trident II D5\u00a0fue\u00a0disparado\u00a0desde un\u00a0submarino\u00a0en aguas del\u00a0Atl\u00e1ntico, inform\u00f3 Russia Today (RT). El lanzamiento se produjo la noche del 21 de septiembre y fue visible desde varios puntos del&hellip;\" \/>\n<meta property=\"og:url\" content=\"https:\/\/elglobal.do\/index.php\/2025\/09\/22\/lanzan-misil-balistico-trident-ii-d5-en-el-atlantico-se-desconoce-si-fue-de-ee-uu-o-reino-unido\/\" \/>\n<meta property=\"og:site_name\" content=\"EL GLOBAL INFORMATIVO\" \/>\n<meta property=\"article:published_time\" content=\"2025-09-22T16:21:06+00:00\" \/>\n<meta property=\"article:modified_time\" content=\"2025-09-22T16:21:09+00:00\" \/>\n<meta property=\"og:image\" content=\"https:\/\/elglobal.do\/wp-content\/uploads\/2025\/09\/image-127.png\" \/>\n\t<meta property=\"og:image:width\" content=\"1920\" \/>\n\t<meta property=\"og:image:height\" content=\"1080\" \/>\n\t<meta property=\"og:image:type\" content=\"image\/png\" \/>\n<meta name=\"author\" content=\"EL GLOBAL\" \/>\n<meta name=\"twitter:card\" content=\"summary_large_image\" \/>\n<meta name=\"twitter:label1\" content=\"Escrito por\" \/>\n\t<meta name=\"twitter:data1\" content=\"EL GLOBAL\" \/>\n\t<meta name=\"twitter:label2\" content=\"Tiempo de lectura\" \/>\n\t<meta name=\"twitter:data2\" content=\"2 minutos\" \/>\n<script type=\"application\/ld+json\" class=\"yoast-schema-graph\">{\"@context\":\"https:\/\/schema.org\",\"@graph\":[{\"@type\":\"Article\",\"@id\":\"https:\/\/elglobal.do\/index.php\/2025\/09\/22\/lanzan-misil-balistico-trident-ii-d5-en-el-atlantico-se-desconoce-si-fue-de-ee-uu-o-reino-unido\/#article\",\"isPartOf\":{\"@id\":\"https:\/\/elglobal.do\/index.php\/2025\/09\/22\/lanzan-misil-balistico-trident-ii-d5-en-el-atlantico-se-desconoce-si-fue-de-ee-uu-o-reino-unido\/\"},\"author\":{\"name\":\"EL GLOBAL\",\"@id\":\"https:\/\/elglobal.do\/#\/schema\/person\/0c97ec2c7714fb605d230c292f64d55f\"},\"headline\":\"Lanzan misil bal\u00edstico Trident II D5 en el Atl\u00e1ntico; se desconoce si fue de EE. UU. o Reino Unido\",\"datePublished\":\"2025-09-22T16:21:06+00:00\",\"dateModified\":\"2025-09-22T16:21:09+00:00\",\"mainEntityOfPage\":{\"@id\":\"https:\/\/elglobal.do\/index.php\/2025\/09\/22\/lanzan-misil-balistico-trident-ii-d5-en-el-atlantico-se-desconoce-si-fue-de-ee-uu-o-reino-unido\/\"},\"wordCount\":314,\"commentCount\":0,\"publisher\":{\"@id\":\"https:\/\/elglobal.do\/#organization\"},\"image\":{\"@id\":\"https:\/\/elglobal.do\/index.php\/2025\/09\/22\/lanzan-misil-balistico-trident-ii-d5-en-el-atlantico-se-desconoce-si-fue-de-ee-uu-o-reino-unido\/#primaryimage\"},\"thumbnailUrl\":\"https:\/\/elglobal.do\/wp-content\/uploads\/2025\/09\/image-127.png\",\"keywords\":[\"#Atl\u00e1ntico\",\"#EE.UU\",\"#Misil\",\"#Rusia\",\"#Submarino\",\"#TrdidentII\"],\"articleSection\":[\"INTERNACIONALES\"],\"inLanguage\":\"es\",\"potentialAction\":[{\"@type\":\"CommentAction\",\"name\":\"Comment\",\"target\":[\"https:\/\/elglobal.do\/index.php\/2025\/09\/22\/lanzan-misil-balistico-trident-ii-d5-en-el-atlantico-se-desconoce-si-fue-de-ee-uu-o-reino-unido\/#respond\"]}]},{\"@type\":\"WebPage\",\"@id\":\"https:\/\/elglobal.do\/index.php\/2025\/09\/22\/lanzan-misil-balistico-trident-ii-d5-en-el-atlantico-se-desconoce-si-fue-de-ee-uu-o-reino-unido\/\",\"url\":\"https:\/\/elglobal.do\/index.php\/2025\/09\/22\/lanzan-misil-balistico-trident-ii-d5-en-el-atlantico-se-desconoce-si-fue-de-ee-uu-o-reino-unido\/\",\"name\":\"Lanzan misil bal\u00edstico Trident II D5 en el Atl\u00e1ntico; se desconoce si fue de EE. UU. o Reino Unido - EL GLOBAL INFORMATIVO\",\"isPartOf\":{\"@id\":\"https:\/\/elglobal.do\/#website\"},\"primaryImageOfPage\":{\"@id\":\"https:\/\/elglobal.do\/index.php\/2025\/09\/22\/lanzan-misil-balistico-trident-ii-d5-en-el-atlantico-se-desconoce-si-fue-de-ee-uu-o-reino-unido\/#primaryimage\"},\"image\":{\"@id\":\"https:\/\/elglobal.do\/index.php\/2025\/09\/22\/lanzan-misil-balistico-trident-ii-d5-en-el-atlantico-se-desconoce-si-fue-de-ee-uu-o-reino-unido\/#primaryimage\"},\"thumbnailUrl\":\"https:\/\/elglobal.do\/wp-content\/uploads\/2025\/09\/image-127.png\",\"datePublished\":\"2025-09-22T16:21:06+00:00\",\"dateModified\":\"2025-09-22T16:21:09+00:00\",\"breadcrumb\":{\"@id\":\"https:\/\/elglobal.do\/index.php\/2025\/09\/22\/lanzan-misil-balistico-trident-ii-d5-en-el-atlantico-se-desconoce-si-fue-de-ee-uu-o-reino-unido\/#breadcrumb\"},\"inLanguage\":\"es\",\"potentialAction\":[{\"@type\":\"ReadAction\",\"target\":[\"https:\/\/elglobal.do\/index.php\/2025\/09\/22\/lanzan-misil-balistico-trident-ii-d5-en-el-atlantico-se-desconoce-si-fue-de-ee-uu-o-reino-unido\/\"]}]},{\"@type\":\"ImageObject\",\"inLanguage\":\"es\",\"@id\":\"https:\/\/elglobal.do\/index.php\/2025\/09\/22\/lanzan-misil-balistico-trident-ii-d5-en-el-atlantico-se-desconoce-si-fue-de-ee-uu-o-reino-unido\/#primaryimage\",\"url\":\"https:\/\/elglobal.do\/wp-content\/uploads\/2025\/09\/image-127.png\",\"contentUrl\":\"https:\/\/elglobal.do\/wp-content\/uploads\/2025\/09\/image-127.png\",\"width\":1920,\"height\":1080},{\"@type\":\"BreadcrumbList\",\"@id\":\"https:\/\/elglobal.do\/index.php\/2025\/09\/22\/lanzan-misil-balistico-trident-ii-d5-en-el-atlantico-se-desconoce-si-fue-de-ee-uu-o-reino-unido\/#breadcrumb\",\"itemListElement\":[{\"@type\":\"ListItem\",\"position\":1,\"name\":\"Portada\",\"item\":\"https:\/\/elglobal.do\/\"},{\"@type\":\"ListItem\",\"position\":2,\"name\":\"Lanzan misil bal\u00edstico Trident II D5 en el Atl\u00e1ntico; se desconoce si fue de EE. UU. o Reino Unido\"}]},{\"@type\":\"WebSite\",\"@id\":\"https:\/\/elglobal.do\/#website\",\"url\":\"https:\/\/elglobal.do\/\",\"name\":\"EL GLOBAL INFORMATIVO\",\"description\":\"Peri\u00f3dico digital de la Rep\u00fablica Dominicana que ofrece noticias, novedades, pol\u00edtica y las \u00faltimas actualidades, con informaci\u00f3n veraz y oportuna para mantenerte siempre informad\",\"publisher\":{\"@id\":\"https:\/\/elglobal.do\/#organization\"},\"potentialAction\":[{\"@type\":\"SearchAction\",\"target\":{\"@type\":\"EntryPoint\",\"urlTemplate\":\"https:\/\/elglobal.do\/?s={search_term_string}\"},\"query-input\":{\"@type\":\"PropertyValueSpecification\",\"valueRequired\":true,\"valueName\":\"search_term_string\"}}],\"inLanguage\":\"es\"},{\"@type\":\"Organization\",\"@id\":\"https:\/\/elglobal.do\/#organization\",\"name\":\"EL GLOBAL.DO INFORMATIVO\",\"url\":\"https:\/\/elglobal.do\/\",\"logo\":{\"@type\":\"ImageObject\",\"inLanguage\":\"es\",\"@id\":\"https:\/\/elglobal.do\/#\/schema\/logo\/image\/\",\"url\":\"https:\/\/elglobal.do\/wp-content\/uploads\/2025\/08\/icon.png\",\"contentUrl\":\"https:\/\/elglobal.do\/wp-content\/uploads\/2025\/08\/icon.png\",\"width\":512,\"height\":512,\"caption\":\"EL GLOBAL.DO INFORMATIVO\"},\"image\":{\"@id\":\"https:\/\/elglobal.do\/#\/schema\/logo\/image\/\"}},{\"@type\":\"Person\",\"@id\":\"https:\/\/elglobal.do\/#\/schema\/person\/0c97ec2c7714fb605d230c292f64d55f\",\"name\":\"EL GLOBAL\",\"image\":{\"@type\":\"ImageObject\",\"inLanguage\":\"es\",\"@id\":\"https:\/\/elglobal.do\/#\/schema\/person\/image\/\",\"url\":\"https:\/\/secure.gravatar.com\/avatar\/081cfb6cf99faddc6f4e23a0c11ab98c5cf302925382d1c88dc3ed757ab910a3?s=96&d=mm&r=g\",\"contentUrl\":\"https:\/\/secure.gravatar.com\/avatar\/081cfb6cf99faddc6f4e23a0c11ab98c5cf302925382d1c88dc3ed757ab910a3?s=96&d=mm&r=g\",\"caption\":\"EL GLOBAL\"},\"description\":\"El Global Informativo es un peri\u00f3dico digital de Rep\u00fablica Dominicana que se dedica a cubrir temas importantes, como la pol\u00edtica local, geopol\u00edtica, econom\u00eda, tecnolog\u00eda, noticias internacionales y eventos relacionados con la gesti\u00f3n social, cultural y humana. Su objetivo principal es mantener a la poblaci\u00f3n informada, ofreciendo una visi\u00f3n amplia y actualizada de lo que sucede tanto en el pa\u00eds como en el mundo. Est\u00e1 dirigido por un grupo de periodistas experimentados, lo que garantiza la calidad y la precisi\u00f3n de la informaci\u00f3n que ofrecen. Tiene su sede en la ciudad de Santo Domingo y es parte integral del portafolio de la empresa, MC Global S.R.L.\",\"sameAs\":[\"https:\/\/elglobal.do\",\"https:\/\/www.instagram.com\/elglobal.do_informativo\/\"],\"url\":\"https:\/\/elglobal.do\/index.php\/author\/elglobaluserpro\/\"}]}<\/script>\n<!-- \/ Yoast SEO plugin. -->","yoast_head_json":{"title":"Lanzan misil bal\u00edstico Trident II D5 en el Atl\u00e1ntico; se desconoce si fue de EE. UU. o Reino Unido - EL GLOBAL INFORMATIVO","robots":{"index":"index","follow":"follow","max-snippet":"max-snippet:-1","max-image-preview":"max-image-preview:large","max-video-preview":"max-video-preview:-1"},"canonical":"https:\/\/elglobal.do\/index.php\/2025\/09\/22\/lanzan-misil-balistico-trident-ii-d5-en-el-atlantico-se-desconoce-si-fue-de-ee-uu-o-reino-unido\/","og_locale":"es_ES","og_type":"article","og_title":"Lanzan misil bal\u00edstico Trident II D5 en el Atl\u00e1ntico; se desconoce si fue de EE. UU. o Reino Unido - EL GLOBAL INFORMATIVO","og_description":"Rusia.-Un\u00a0misil bal\u00edstico nuclear Trident II D5\u00a0fue\u00a0disparado\u00a0desde un\u00a0submarino\u00a0en aguas del\u00a0Atl\u00e1ntico, inform\u00f3 Russia Today (RT). El lanzamiento se produjo la noche del 21 de septiembre y fue visible desde varios puntos del&hellip;","og_url":"https:\/\/elglobal.do\/index.php\/2025\/09\/22\/lanzan-misil-balistico-trident-ii-d5-en-el-atlantico-se-desconoce-si-fue-de-ee-uu-o-reino-unido\/","og_site_name":"EL GLOBAL INFORMATIVO","article_published_time":"2025-09-22T16:21:06+00:00","article_modified_time":"2025-09-22T16:21:09+00:00","og_image":[{"width":1920,"height":1080,"url":"https:\/\/elglobal.do\/wp-content\/uploads\/2025\/09\/image-127.png","type":"image\/png"}],"author":"EL GLOBAL","twitter_card":"summary_large_image","twitter_misc":{"Escrito por":"EL GLOBAL","Tiempo de lectura":"2 minutos"},"schema":{"@context":"https:\/\/schema.org","@graph":[{"@type":"Article","@id":"https:\/\/elglobal.do\/index.php\/2025\/09\/22\/lanzan-misil-balistico-trident-ii-d5-en-el-atlantico-se-desconoce-si-fue-de-ee-uu-o-reino-unido\/#article","isPartOf":{"@id":"https:\/\/elglobal.do\/index.php\/2025\/09\/22\/lanzan-misil-balistico-trident-ii-d5-en-el-atlantico-se-desconoce-si-fue-de-ee-uu-o-reino-unido\/"},"author":{"name":"EL GLOBAL","@id":"https:\/\/elglobal.do\/#\/schema\/person\/0c97ec2c7714fb605d230c292f64d55f"},"headline":"Lanzan misil bal\u00edstico Trident II D5 en el Atl\u00e1ntico; se desconoce si fue de EE. UU. o Reino Unido","datePublished":"2025-09-22T16:21:06+00:00","dateModified":"2025-09-22T16:21:09+00:00","mainEntityOfPage":{"@id":"https:\/\/elglobal.do\/index.php\/2025\/09\/22\/lanzan-misil-balistico-trident-ii-d5-en-el-atlantico-se-desconoce-si-fue-de-ee-uu-o-reino-unido\/"},"wordCount":314,"commentCount":0,"publisher":{"@id":"https:\/\/elglobal.do\/#organization"},"image":{"@id":"https:\/\/elglobal.do\/index.php\/2025\/09\/22\/lanzan-misil-balistico-trident-ii-d5-en-el-atlantico-se-desconoce-si-fue-de-ee-uu-o-reino-unido\/#primaryimage"},"thumbnailUrl":"https:\/\/elglobal.do\/wp-content\/uploads\/2025\/09\/image-127.png","keywords":["#Atl\u00e1ntico","#EE.UU","#Misil","#Rusia","#Submarino","#TrdidentII"],"articleSection":["INTERNACIONALES"],"inLanguage":"es","potentialAction":[{"@type":"CommentAction","name":"Comment","target":["https:\/\/elglobal.do\/index.php\/2025\/09\/22\/lanzan-misil-balistico-trident-ii-d5-en-el-atlantico-se-desconoce-si-fue-de-ee-uu-o-reino-unido\/#respond"]}]},{"@type":"WebPage","@id":"https:\/\/elglobal.do\/index.php\/2025\/09\/22\/lanzan-misil-balistico-trident-ii-d5-en-el-atlantico-se-desconoce-si-fue-de-ee-uu-o-reino-unido\/","url":"https:\/\/elglobal.do\/index.php\/2025\/09\/22\/lanzan-misil-balistico-trident-ii-d5-en-el-atlantico-se-desconoce-si-fue-de-ee-uu-o-reino-unido\/","name":"Lanzan misil bal\u00edstico Trident II D5 en el Atl\u00e1ntico; se desconoce si fue de EE. UU. o Reino Unido - EL GLOBAL INFORMATIVO","isPartOf":{"@id":"https:\/\/elglobal.do\/#website"},"primaryImageOfPage":{"@id":"https:\/\/elglobal.do\/index.php\/2025\/09\/22\/lanzan-misil-balistico-trident-ii-d5-en-el-atlantico-se-desconoce-si-fue-de-ee-uu-o-reino-unido\/#primaryimage"},"image":{"@id":"https:\/\/elglobal.do\/index.php\/2025\/09\/22\/lanzan-misil-balistico-trident-ii-d5-en-el-atlantico-se-desconoce-si-fue-de-ee-uu-o-reino-unido\/#primaryimage"},"thumbnailUrl":"https:\/\/elglobal.do\/wp-content\/uploads\/2025\/09\/image-127.png","datePublished":"2025-09-22T16:21:06+00:00","dateModified":"2025-09-22T16:21:09+00:00","breadcrumb":{"@id":"https:\/\/elglobal.do\/index.php\/2025\/09\/22\/lanzan-misil-balistico-trident-ii-d5-en-el-atlantico-se-desconoce-si-fue-de-ee-uu-o-reino-unido\/#breadcrumb"},"inLanguage":"es","potentialAction":[{"@type":"ReadAction","target":["https:\/\/elglobal.do\/index.php\/2025\/09\/22\/lanzan-misil-balistico-trident-ii-d5-en-el-atlantico-se-desconoce-si-fue-de-ee-uu-o-reino-unido\/"]}]},{"@type":"ImageObject","inLanguage":"es","@id":"https:\/\/elglobal.do\/index.php\/2025\/09\/22\/lanzan-misil-balistico-trident-ii-d5-en-el-atlantico-se-desconoce-si-fue-de-ee-uu-o-reino-unido\/#primaryimage","url":"https:\/\/elglobal.do\/wp-content\/uploads\/2025\/09\/image-127.png","contentUrl":"https:\/\/elglobal.do\/wp-content\/uploads\/2025\/09\/image-127.png","width":1920,"height":1080},{"@type":"BreadcrumbList","@id":"https:\/\/elglobal.do\/index.php\/2025\/09\/22\/lanzan-misil-balistico-trident-ii-d5-en-el-atlantico-se-desconoce-si-fue-de-ee-uu-o-reino-unido\/#breadcrumb","itemListElement":[{"@type":"ListItem","position":1,"name":"Portada","item":"https:\/\/elglobal.do\/"},{"@type":"ListItem","position":2,"name":"Lanzan misil bal\u00edstico Trident II D5 en el Atl\u00e1ntico; se desconoce si fue de EE. UU. o Reino Unido"}]},{"@type":"WebSite","@id":"https:\/\/elglobal.do\/#website","url":"https:\/\/elglobal.do\/","name":"EL GLOBAL INFORMATIVO","description":"Peri\u00f3dico digital de la Rep\u00fablica Dominicana que ofrece noticias, novedades, pol\u00edtica y las \u00faltimas actualidades, con informaci\u00f3n veraz y oportuna para mantenerte siempre informad","publisher":{"@id":"https:\/\/elglobal.do\/#organization"},"potentialAction":[{"@type":"SearchAction","target":{"@type":"EntryPoint","urlTemplate":"https:\/\/elglobal.do\/?s={search_term_string}"},"query-input":{"@type":"PropertyValueSpecification","valueRequired":true,"valueName":"search_term_string"}}],"inLanguage":"es"},{"@type":"Organization","@id":"https:\/\/elglobal.do\/#organization","name":"EL GLOBAL.DO INFORMATIVO","url":"https:\/\/elglobal.do\/","logo":{"@type":"ImageObject","inLanguage":"es","@id":"https:\/\/elglobal.do\/#\/schema\/logo\/image\/","url":"https:\/\/elglobal.do\/wp-content\/uploads\/2025\/08\/icon.png","contentUrl":"https:\/\/elglobal.do\/wp-content\/uploads\/2025\/08\/icon.png","width":512,"height":512,"caption":"EL GLOBAL.DO INFORMATIVO"},"image":{"@id":"https:\/\/elglobal.do\/#\/schema\/logo\/image\/"}},{"@type":"Person","@id":"https:\/\/elglobal.do\/#\/schema\/person\/0c97ec2c7714fb605d230c292f64d55f","name":"EL GLOBAL","image":{"@type":"ImageObject","inLanguage":"es","@id":"https:\/\/elglobal.do\/#\/schema\/person\/image\/","url":"https:\/\/secure.gravatar.com\/avatar\/081cfb6cf99faddc6f4e23a0c11ab98c5cf302925382d1c88dc3ed757ab910a3?s=96&d=mm&r=g","contentUrl":"https:\/\/secure.gravatar.com\/avatar\/081cfb6cf99faddc6f4e23a0c11ab98c5cf302925382d1c88dc3ed757ab910a3?s=96&d=mm&r=g","caption":"EL GLOBAL"},"description":"El Global Informativo es un peri\u00f3dico digital de Rep\u00fablica Dominicana que se dedica a cubrir temas importantes, como la pol\u00edtica local, geopol\u00edtica, econom\u00eda, tecnolog\u00eda, noticias internacionales y eventos relacionados con la gesti\u00f3n social, cultural y humana. Su objetivo principal es mantener a la poblaci\u00f3n informada, ofreciendo una visi\u00f3n amplia y actualizada de lo que sucede tanto en el pa\u00eds como en el mundo. Est\u00e1 dirigido por un grupo de periodistas experimentados, lo que garantiza la calidad y la precisi\u00f3n de la informaci\u00f3n que ofrecen. Tiene su sede en la ciudad de Santo Domingo y es parte integral del portafolio de la empresa, MC Global S.R.L.","sameAs":["https:\/\/elglobal.do","https:\/\/www.instagram.com\/elglobal.do_informativo\/"],"url":"https:\/\/elglobal.do\/index.php\/author\/elglobaluserpro\/"}]}},"jetpack_featured_media_url":"https:\/\/elglobal.do\/wp-content\/uploads\/2025\/09\/image-127.png","jetpack_sharing_enabled":true,"_links":{"self":[{"href":"https:\/\/elglobal.do\/index.php\/wp-json\/wp\/v2\/posts\/2455","targetHints":{"allow":["GET"]}}],"collection":[{"href":"https:\/\/elglobal.do\/index.php\/wp-json\/wp\/v2\/posts"}],"about":[{"href":"https:\/\/elglobal.do\/index.php\/wp-json\/wp\/v2\/types\/post"}],"author":[{"embeddable":true,"href":"https:\/\/elglobal.do\/index.php\/wp-json\/wp\/v2\/users\/1"}],"replies":[{"embeddable":true,"href":"https:\/\/elglobal.do\/index.php\/wp-json\/wp\/v2\/comments?post=2455"}],"version-history":[{"count":1,"href":"https:\/\/elglobal.do\/index.php\/wp-json\/wp\/v2\/posts\/2455\/revisions"}],"predecessor-version":[{"id":2457,"href":"https:\/\/elglobal.do\/index.php\/wp-json\/wp\/v2\/posts\/2455\/revisions\/2457"}],"wp:featuredmedia":[{"embeddable":true,"href":"https:\/\/elglobal.do\/index.php\/wp-json\/wp\/v2\/media\/2456"}],"wp:attachment":[{"href":"https:\/\/elglobal.do\/index.php\/wp-json\/wp\/v2\/media?parent=2455"}],"wp:term":[{"taxonomy":"category","embeddable":true,"href":"https:\/\/elglobal.do\/index.php\/wp-json\/wp\/v2\/categories?post=2455"},{"taxonomy":"post_tag","embeddable":true,"href":"https:\/\/elglobal.do\/index.php\/wp-json\/wp\/v2\/tags?post=2455"}],"curies":[{"name":"wp","href":"https:\/\/api.w.org\/{rel}","templated":true}]}}