{"id":2464,"date":"2025-09-22T14:11:20","date_gmt":"2025-09-22T18:11:20","guid":{"rendered":"https:\/\/elglobal.do\/?p=2464"},"modified":"2025-09-22T14:11:23","modified_gmt":"2025-09-22T18:11:23","slug":"venezuela-confirma-que-envio-carta-a-trump-en-la-que-muestra-disposicion-a-dialogar","status":"publish","type":"post","link":"https:\/\/elglobal.do\/index.php\/2025\/09\/22\/venezuela-confirma-que-envio-carta-a-trump-en-la-que-muestra-disposicion-a-dialogar\/","title":{"rendered":"Venezuela confirma que envi\u00f3 carta a Trump en la que muestra disposici\u00f3n a dialogar"},"content":{"rendered":"\n<figure class=\"wp-block-image size-full is-resized\"><img loading=\"lazy\" decoding=\"async\" width=\"896\" height=\"504\" src=\"https:\/\/elglobal.do\/wp-content\/uploads\/2025\/09\/image-130.png\" alt=\"\" class=\"wp-image-2465\" style=\"width:638px;height:auto\" srcset=\"https:\/\/elglobal.do\/wp-content\/uploads\/2025\/09\/image-130.png 896w, https:\/\/elglobal.do\/wp-content\/uploads\/2025\/09\/image-130-300x169.png 300w, https:\/\/elglobal.do\/wp-content\/uploads\/2025\/09\/image-130-768x432.png 768w\" sizes=\"auto, (max-width: 896px) 100vw, 896px\" \/><\/figure>\n\n\n\n<p><strong>Venezuela.- <\/strong>La vicepresidenta ejecutiva de Venezuela,\u00a0<strong>Delcy Rodr\u00edguez<\/strong>, confirm\u00f3 este domingo que el mandatario\u00a0<strong>Nicol\u00e1s Maduro<\/strong>\u00a0envi\u00f3 una carta a su hom\u00f3logo estadounidense,\u00a0<strong>Donald Trump<\/strong>, en la que dice estar dispuesto a mantener conversaciones directas con su enviado especial, Richard Grenell.<\/p>\n\n\n\n<p>\u00abEn la actualidad se han abierto muchas pol\u00e9micas en torno a la relaci\u00f3n de EE. UU. y Venezuela. En medio de estas pol\u00e9micas hemos sido testigos de innumerables &#8216;<strong>fake news<\/strong>&#8216;, as\u00ed llamados, que circulan en los medios de comunicaci\u00f3n\u00bb, se lee en la misiva fechada el 6 de septiembre y publicada por Rodr\u00edguez en Telegram.<\/p>\n\n\n\n<p>As\u00ed mismo, Maduro record\u00f3 el &#8216;<strong>fake news<\/strong>&#8216; en relaci\u00f3n a que Venezuela se hab\u00eda negado a aceptar el regreso de\u00a0<strong>migrantes deportados<\/strong>, \u00abese tema fue resuelto y aclarado r\u00e1pidamente en una conversaci\u00f3n con el embajador Richard Grenell\u00bb.<\/p>\n\n\n\n<p>\u00ab<strong>Este canal, al d\u00eda de hoy,&nbsp;<\/strong>ha funcionado de manera impecable\u00bb, apunt\u00f3 el mandatario venezolano en la carta.<\/p>\n\n\n\n<p>Adem\u00e1s, el mandatario chavista dijo que en el transcurso de estos primeros meses de gesti\u00f3n de&nbsp;<strong>Trump<\/strong>, siempre se ha buscado \u00abuna&nbsp;<strong>comunicaci\u00f3n directa<\/strong>&nbsp;para atender y resolver cualquier tema que surja\u00bb entre ambos&nbsp;<strong>Gobiernos<\/strong>.<\/p>\n\n\n\n<p>\u00abEn las \u00faltimas semanas han tomado protagonismo los se\u00f1alamientos,&nbsp;<strong>absolutamente falsos, sobre v\u00ednculos con mafias<\/strong>&nbsp;y bandas narcotraficantes por parte de las altas autoridades leg\u00edtimas de Venezuela\u00bb, agreg\u00f3 la misiva.<\/p>\n\n\n\n<p>A juicio de Maduro, este es el peor de los &#8216;<strong>fake news<\/strong>&#8216; que se ha lanzado contra Venezuela, sostuvo, \u00abjustificar una escalada a un conflicto armado que le har\u00eda un da\u00f1o catastr\u00f3fico a todo el continente\u00bb.<\/p>\n\n\n\n<p>\u00abConvers\u00e9 largamente con el enviado especial\u00a0<strong>Rick Grenell<\/strong>\u00a0sobre este y otros temas\u00bb, apostill\u00f3. <\/p>\n\n\n\n<p><strong>Trump no confirm\u00f3 si recibi\u00f3 la carta<\/strong><\/p>\n\n\n\n<p><strong>Trump<\/strong>&nbsp;evit\u00f3 confirmar este domingo si recibi\u00f3 una&nbsp;<strong>carta de Maduro<\/strong>&nbsp;y, al ser abordado por el asunto, simplemente dijo: \u00abYa veremos qu\u00e9 pasa con Venezuela\u00bb.<\/p>\n\n\n\n<p>En la v\u00edspera, el mandatario estadounidense dijo en&nbsp;<strong>Truth Social<\/strong>&nbsp;que Venezuela pagar\u00e1 un alto precio si no readmite a sus \u00abpresos\u00bb que han sido \u00abforzados\u00bb a ir a Estados Unidos por el \u00abliderazgo venezolano\u00bb, en plena escalada de tensiones por el&nbsp;<strong>despliegue militar<\/strong>&nbsp;de Washington en el mar Caribe.<\/p>\n\n\n\n<p>EE. UU. ha interceptado desde agosto ya cuatro embarcaciones adjudicadas supuestamente al&nbsp;<strong>narcotr\u00e1fico en el Caribe<\/strong>, cerca de las costas venezolanas, al menos tres procedentes presuntamente de Venezuela -seg\u00fan la Casa Blanca- y la cuarta de ellas, cuyo origen se desconoce, hundida la noche del viernes en aguas de Rep\u00fablica Dominicana.<\/p>\n\n\n\n<p><\/p>\n","protected":false},"excerpt":{"rendered":"<p>Venezuela.- La vicepresidenta ejecutiva de Venezuela,\u00a0Delcy Rodr\u00edguez, confirm\u00f3 este domingo que el mandatario\u00a0Nicol\u00e1s Maduro\u00a0envi\u00f3 una carta a su hom\u00f3logo estadounidense,\u00a0Donald Trump, en la que dice estar dispuesto a mantener conversaciones&hellip; <\/p>\n","protected":false},"author":1,"featured_media":2465,"comment_status":"open","ping_status":"open","sticky":false,"template":"","format":"standard","meta":{"_jetpack_memberships_contains_paid_content":false,"footnotes":""},"categories":[1],"tags":[720,1108,1272,1099],"class_list":["post-2464","post","type-post","status-publish","format-standard","has-post-thumbnail","hentry","category-categoria-internacionales","tag-carta","tag-dialogo","tag-donaldtrump-2","tag-venezuela"],"yoast_head":"<!-- This site is optimized with the Yoast SEO plugin v26.9 - https:\/\/yoast.com\/product\/yoast-seo-wordpress\/ -->\n<title>Venezuela confirma que envi\u00f3 carta a Trump en la que muestra disposici\u00f3n a dialogar - EL GLOBAL INFORMATIVO<\/title>\n<meta name=\"robots\" content=\"index, follow, max-snippet:-1, max-image-preview:large, max-video-preview:-1\" \/>\n<link rel=\"canonical\" href=\"https:\/\/elglobal.do\/index.php\/2025\/09\/22\/venezuela-confirma-que-envio-carta-a-trump-en-la-que-muestra-disposicion-a-dialogar\/\" \/>\n<meta property=\"og:locale\" content=\"es_ES\" \/>\n<meta property=\"og:type\" content=\"article\" \/>\n<meta property=\"og:title\" content=\"Venezuela confirma que envi\u00f3 carta a Trump en la que muestra disposici\u00f3n a dialogar - EL GLOBAL INFORMATIVO\" \/>\n<meta property=\"og:description\" content=\"Venezuela.- La vicepresidenta ejecutiva de Venezuela,\u00a0Delcy Rodr\u00edguez, confirm\u00f3 este domingo que el mandatario\u00a0Nicol\u00e1s Maduro\u00a0envi\u00f3 una carta a su hom\u00f3logo estadounidense,\u00a0Donald Trump, en la que dice estar dispuesto a mantener conversaciones&hellip;\" \/>\n<meta property=\"og:url\" content=\"https:\/\/elglobal.do\/index.php\/2025\/09\/22\/venezuela-confirma-que-envio-carta-a-trump-en-la-que-muestra-disposicion-a-dialogar\/\" \/>\n<meta property=\"og:site_name\" content=\"EL GLOBAL INFORMATIVO\" \/>\n<meta property=\"article:published_time\" content=\"2025-09-22T18:11:20+00:00\" \/>\n<meta property=\"article:modified_time\" content=\"2025-09-22T18:11:23+00:00\" \/>\n<meta property=\"og:image\" content=\"https:\/\/elglobal.do\/wp-content\/uploads\/2025\/09\/image-130.png\" \/>\n\t<meta property=\"og:image:width\" content=\"896\" \/>\n\t<meta property=\"og:image:height\" content=\"504\" \/>\n\t<meta property=\"og:image:type\" content=\"image\/png\" \/>\n<meta name=\"author\" content=\"EL GLOBAL\" \/>\n<meta name=\"twitter:card\" content=\"summary_large_image\" \/>\n<meta name=\"twitter:label1\" content=\"Escrito por\" \/>\n\t<meta name=\"twitter:data1\" content=\"EL GLOBAL\" \/>\n\t<meta name=\"twitter:label2\" content=\"Tiempo de lectura\" \/>\n\t<meta name=\"twitter:data2\" content=\"3 minutos\" \/>\n<script type=\"application\/ld+json\" class=\"yoast-schema-graph\">{\"@context\":\"https:\/\/schema.org\",\"@graph\":[{\"@type\":\"Article\",\"@id\":\"https:\/\/elglobal.do\/index.php\/2025\/09\/22\/venezuela-confirma-que-envio-carta-a-trump-en-la-que-muestra-disposicion-a-dialogar\/#article\",\"isPartOf\":{\"@id\":\"https:\/\/elglobal.do\/index.php\/2025\/09\/22\/venezuela-confirma-que-envio-carta-a-trump-en-la-que-muestra-disposicion-a-dialogar\/\"},\"author\":{\"name\":\"EL GLOBAL\",\"@id\":\"https:\/\/elglobal.do\/#\/schema\/person\/0c97ec2c7714fb605d230c292f64d55f\"},\"headline\":\"Venezuela confirma que envi\u00f3 carta a Trump en la que muestra disposici\u00f3n a dialogar\",\"datePublished\":\"2025-09-22T18:11:20+00:00\",\"dateModified\":\"2025-09-22T18:11:23+00:00\",\"mainEntityOfPage\":{\"@id\":\"https:\/\/elglobal.do\/index.php\/2025\/09\/22\/venezuela-confirma-que-envio-carta-a-trump-en-la-que-muestra-disposicion-a-dialogar\/\"},\"wordCount\":456,\"commentCount\":0,\"publisher\":{\"@id\":\"https:\/\/elglobal.do\/#organization\"},\"image\":{\"@id\":\"https:\/\/elglobal.do\/index.php\/2025\/09\/22\/venezuela-confirma-que-envio-carta-a-trump-en-la-que-muestra-disposicion-a-dialogar\/#primaryimage\"},\"thumbnailUrl\":\"https:\/\/elglobal.do\/wp-content\/uploads\/2025\/09\/image-130.png\",\"keywords\":[\"#carta\",\"#di\u00e1logo\",\"#DonaldTrump\",\"#Venezuela\"],\"articleSection\":[\"INTERNACIONALES\"],\"inLanguage\":\"es\",\"potentialAction\":[{\"@type\":\"CommentAction\",\"name\":\"Comment\",\"target\":[\"https:\/\/elglobal.do\/index.php\/2025\/09\/22\/venezuela-confirma-que-envio-carta-a-trump-en-la-que-muestra-disposicion-a-dialogar\/#respond\"]}]},{\"@type\":\"WebPage\",\"@id\":\"https:\/\/elglobal.do\/index.php\/2025\/09\/22\/venezuela-confirma-que-envio-carta-a-trump-en-la-que-muestra-disposicion-a-dialogar\/\",\"url\":\"https:\/\/elglobal.do\/index.php\/2025\/09\/22\/venezuela-confirma-que-envio-carta-a-trump-en-la-que-muestra-disposicion-a-dialogar\/\",\"name\":\"Venezuela confirma que envi\u00f3 carta a Trump en la que muestra disposici\u00f3n a dialogar - EL GLOBAL INFORMATIVO\",\"isPartOf\":{\"@id\":\"https:\/\/elglobal.do\/#website\"},\"primaryImageOfPage\":{\"@id\":\"https:\/\/elglobal.do\/index.php\/2025\/09\/22\/venezuela-confirma-que-envio-carta-a-trump-en-la-que-muestra-disposicion-a-dialogar\/#primaryimage\"},\"image\":{\"@id\":\"https:\/\/elglobal.do\/index.php\/2025\/09\/22\/venezuela-confirma-que-envio-carta-a-trump-en-la-que-muestra-disposicion-a-dialogar\/#primaryimage\"},\"thumbnailUrl\":\"https:\/\/elglobal.do\/wp-content\/uploads\/2025\/09\/image-130.png\",\"datePublished\":\"2025-09-22T18:11:20+00:00\",\"dateModified\":\"2025-09-22T18:11:23+00:00\",\"breadcrumb\":{\"@id\":\"https:\/\/elglobal.do\/index.php\/2025\/09\/22\/venezuela-confirma-que-envio-carta-a-trump-en-la-que-muestra-disposicion-a-dialogar\/#breadcrumb\"},\"inLanguage\":\"es\",\"potentialAction\":[{\"@type\":\"ReadAction\",\"target\":[\"https:\/\/elglobal.do\/index.php\/2025\/09\/22\/venezuela-confirma-que-envio-carta-a-trump-en-la-que-muestra-disposicion-a-dialogar\/\"]}]},{\"@type\":\"ImageObject\",\"inLanguage\":\"es\",\"@id\":\"https:\/\/elglobal.do\/index.php\/2025\/09\/22\/venezuela-confirma-que-envio-carta-a-trump-en-la-que-muestra-disposicion-a-dialogar\/#primaryimage\",\"url\":\"https:\/\/elglobal.do\/wp-content\/uploads\/2025\/09\/image-130.png\",\"contentUrl\":\"https:\/\/elglobal.do\/wp-content\/uploads\/2025\/09\/image-130.png\",\"width\":896,\"height\":504},{\"@type\":\"BreadcrumbList\",\"@id\":\"https:\/\/elglobal.do\/index.php\/2025\/09\/22\/venezuela-confirma-que-envio-carta-a-trump-en-la-que-muestra-disposicion-a-dialogar\/#breadcrumb\",\"itemListElement\":[{\"@type\":\"ListItem\",\"position\":1,\"name\":\"Portada\",\"item\":\"https:\/\/elglobal.do\/\"},{\"@type\":\"ListItem\",\"position\":2,\"name\":\"Venezuela confirma que envi\u00f3 carta a Trump en la que muestra disposici\u00f3n a dialogar\"}]},{\"@type\":\"WebSite\",\"@id\":\"https:\/\/elglobal.do\/#website\",\"url\":\"https:\/\/elglobal.do\/\",\"name\":\"EL GLOBAL INFORMATIVO\",\"description\":\"Peri\u00f3dico digital de la Rep\u00fablica Dominicana que ofrece noticias, novedades, pol\u00edtica y las \u00faltimas actualidades, con informaci\u00f3n veraz y oportuna para mantenerte siempre informad\",\"publisher\":{\"@id\":\"https:\/\/elglobal.do\/#organization\"},\"potentialAction\":[{\"@type\":\"SearchAction\",\"target\":{\"@type\":\"EntryPoint\",\"urlTemplate\":\"https:\/\/elglobal.do\/?s={search_term_string}\"},\"query-input\":{\"@type\":\"PropertyValueSpecification\",\"valueRequired\":true,\"valueName\":\"search_term_string\"}}],\"inLanguage\":\"es\"},{\"@type\":\"Organization\",\"@id\":\"https:\/\/elglobal.do\/#organization\",\"name\":\"EL GLOBAL.DO INFORMATIVO\",\"url\":\"https:\/\/elglobal.do\/\",\"logo\":{\"@type\":\"ImageObject\",\"inLanguage\":\"es\",\"@id\":\"https:\/\/elglobal.do\/#\/schema\/logo\/image\/\",\"url\":\"https:\/\/elglobal.do\/wp-content\/uploads\/2025\/08\/icon.png\",\"contentUrl\":\"https:\/\/elglobal.do\/wp-content\/uploads\/2025\/08\/icon.png\",\"width\":512,\"height\":512,\"caption\":\"EL GLOBAL.DO INFORMATIVO\"},\"image\":{\"@id\":\"https:\/\/elglobal.do\/#\/schema\/logo\/image\/\"}},{\"@type\":\"Person\",\"@id\":\"https:\/\/elglobal.do\/#\/schema\/person\/0c97ec2c7714fb605d230c292f64d55f\",\"name\":\"EL GLOBAL\",\"image\":{\"@type\":\"ImageObject\",\"inLanguage\":\"es\",\"@id\":\"https:\/\/elglobal.do\/#\/schema\/person\/image\/\",\"url\":\"https:\/\/secure.gravatar.com\/avatar\/081cfb6cf99faddc6f4e23a0c11ab98c5cf302925382d1c88dc3ed757ab910a3?s=96&d=mm&r=g\",\"contentUrl\":\"https:\/\/secure.gravatar.com\/avatar\/081cfb6cf99faddc6f4e23a0c11ab98c5cf302925382d1c88dc3ed757ab910a3?s=96&d=mm&r=g\",\"caption\":\"EL GLOBAL\"},\"description\":\"El Global Informativo es un peri\u00f3dico digital de Rep\u00fablica Dominicana que se dedica a cubrir temas importantes, como la pol\u00edtica local, geopol\u00edtica, econom\u00eda, tecnolog\u00eda, noticias internacionales y eventos relacionados con la gesti\u00f3n social, cultural y humana. Su objetivo principal es mantener a la poblaci\u00f3n informada, ofreciendo una visi\u00f3n amplia y actualizada de lo que sucede tanto en el pa\u00eds como en el mundo. Est\u00e1 dirigido por un grupo de periodistas experimentados, lo que garantiza la calidad y la precisi\u00f3n de la informaci\u00f3n que ofrecen. Tiene su sede en la ciudad de Santo Domingo y es parte integral del portafolio de la empresa, MC Global S.R.L.\",\"sameAs\":[\"https:\/\/elglobal.do\",\"https:\/\/www.instagram.com\/elglobal.do_informativo\/\"],\"url\":\"https:\/\/elglobal.do\/index.php\/author\/elglobaluserpro\/\"}]}<\/script>\n<!-- \/ Yoast SEO plugin. -->","yoast_head_json":{"title":"Venezuela confirma que envi\u00f3 carta a Trump en la que muestra disposici\u00f3n a dialogar - EL GLOBAL INFORMATIVO","robots":{"index":"index","follow":"follow","max-snippet":"max-snippet:-1","max-image-preview":"max-image-preview:large","max-video-preview":"max-video-preview:-1"},"canonical":"https:\/\/elglobal.do\/index.php\/2025\/09\/22\/venezuela-confirma-que-envio-carta-a-trump-en-la-que-muestra-disposicion-a-dialogar\/","og_locale":"es_ES","og_type":"article","og_title":"Venezuela confirma que envi\u00f3 carta a Trump en la que muestra disposici\u00f3n a dialogar - EL GLOBAL INFORMATIVO","og_description":"Venezuela.- La vicepresidenta ejecutiva de Venezuela,\u00a0Delcy Rodr\u00edguez, confirm\u00f3 este domingo que el mandatario\u00a0Nicol\u00e1s Maduro\u00a0envi\u00f3 una carta a su hom\u00f3logo estadounidense,\u00a0Donald Trump, en la que dice estar dispuesto a mantener conversaciones&hellip;","og_url":"https:\/\/elglobal.do\/index.php\/2025\/09\/22\/venezuela-confirma-que-envio-carta-a-trump-en-la-que-muestra-disposicion-a-dialogar\/","og_site_name":"EL GLOBAL INFORMATIVO","article_published_time":"2025-09-22T18:11:20+00:00","article_modified_time":"2025-09-22T18:11:23+00:00","og_image":[{"width":896,"height":504,"url":"https:\/\/elglobal.do\/wp-content\/uploads\/2025\/09\/image-130.png","type":"image\/png"}],"author":"EL GLOBAL","twitter_card":"summary_large_image","twitter_misc":{"Escrito por":"EL GLOBAL","Tiempo de lectura":"3 minutos"},"schema":{"@context":"https:\/\/schema.org","@graph":[{"@type":"Article","@id":"https:\/\/elglobal.do\/index.php\/2025\/09\/22\/venezuela-confirma-que-envio-carta-a-trump-en-la-que-muestra-disposicion-a-dialogar\/#article","isPartOf":{"@id":"https:\/\/elglobal.do\/index.php\/2025\/09\/22\/venezuela-confirma-que-envio-carta-a-trump-en-la-que-muestra-disposicion-a-dialogar\/"},"author":{"name":"EL GLOBAL","@id":"https:\/\/elglobal.do\/#\/schema\/person\/0c97ec2c7714fb605d230c292f64d55f"},"headline":"Venezuela confirma que envi\u00f3 carta a Trump en la que muestra disposici\u00f3n a dialogar","datePublished":"2025-09-22T18:11:20+00:00","dateModified":"2025-09-22T18:11:23+00:00","mainEntityOfPage":{"@id":"https:\/\/elglobal.do\/index.php\/2025\/09\/22\/venezuela-confirma-que-envio-carta-a-trump-en-la-que-muestra-disposicion-a-dialogar\/"},"wordCount":456,"commentCount":0,"publisher":{"@id":"https:\/\/elglobal.do\/#organization"},"image":{"@id":"https:\/\/elglobal.do\/index.php\/2025\/09\/22\/venezuela-confirma-que-envio-carta-a-trump-en-la-que-muestra-disposicion-a-dialogar\/#primaryimage"},"thumbnailUrl":"https:\/\/elglobal.do\/wp-content\/uploads\/2025\/09\/image-130.png","keywords":["#carta","#di\u00e1logo","#DonaldTrump","#Venezuela"],"articleSection":["INTERNACIONALES"],"inLanguage":"es","potentialAction":[{"@type":"CommentAction","name":"Comment","target":["https:\/\/elglobal.do\/index.php\/2025\/09\/22\/venezuela-confirma-que-envio-carta-a-trump-en-la-que-muestra-disposicion-a-dialogar\/#respond"]}]},{"@type":"WebPage","@id":"https:\/\/elglobal.do\/index.php\/2025\/09\/22\/venezuela-confirma-que-envio-carta-a-trump-en-la-que-muestra-disposicion-a-dialogar\/","url":"https:\/\/elglobal.do\/index.php\/2025\/09\/22\/venezuela-confirma-que-envio-carta-a-trump-en-la-que-muestra-disposicion-a-dialogar\/","name":"Venezuela confirma que envi\u00f3 carta a Trump en la que muestra disposici\u00f3n a dialogar - EL GLOBAL INFORMATIVO","isPartOf":{"@id":"https:\/\/elglobal.do\/#website"},"primaryImageOfPage":{"@id":"https:\/\/elglobal.do\/index.php\/2025\/09\/22\/venezuela-confirma-que-envio-carta-a-trump-en-la-que-muestra-disposicion-a-dialogar\/#primaryimage"},"image":{"@id":"https:\/\/elglobal.do\/index.php\/2025\/09\/22\/venezuela-confirma-que-envio-carta-a-trump-en-la-que-muestra-disposicion-a-dialogar\/#primaryimage"},"thumbnailUrl":"https:\/\/elglobal.do\/wp-content\/uploads\/2025\/09\/image-130.png","datePublished":"2025-09-22T18:11:20+00:00","dateModified":"2025-09-22T18:11:23+00:00","breadcrumb":{"@id":"https:\/\/elglobal.do\/index.php\/2025\/09\/22\/venezuela-confirma-que-envio-carta-a-trump-en-la-que-muestra-disposicion-a-dialogar\/#breadcrumb"},"inLanguage":"es","potentialAction":[{"@type":"ReadAction","target":["https:\/\/elglobal.do\/index.php\/2025\/09\/22\/venezuela-confirma-que-envio-carta-a-trump-en-la-que-muestra-disposicion-a-dialogar\/"]}]},{"@type":"ImageObject","inLanguage":"es","@id":"https:\/\/elglobal.do\/index.php\/2025\/09\/22\/venezuela-confirma-que-envio-carta-a-trump-en-la-que-muestra-disposicion-a-dialogar\/#primaryimage","url":"https:\/\/elglobal.do\/wp-content\/uploads\/2025\/09\/image-130.png","contentUrl":"https:\/\/elglobal.do\/wp-content\/uploads\/2025\/09\/image-130.png","width":896,"height":504},{"@type":"BreadcrumbList","@id":"https:\/\/elglobal.do\/index.php\/2025\/09\/22\/venezuela-confirma-que-envio-carta-a-trump-en-la-que-muestra-disposicion-a-dialogar\/#breadcrumb","itemListElement":[{"@type":"ListItem","position":1,"name":"Portada","item":"https:\/\/elglobal.do\/"},{"@type":"ListItem","position":2,"name":"Venezuela confirma que envi\u00f3 carta a Trump en la que muestra disposici\u00f3n a dialogar"}]},{"@type":"WebSite","@id":"https:\/\/elglobal.do\/#website","url":"https:\/\/elglobal.do\/","name":"EL GLOBAL INFORMATIVO","description":"Peri\u00f3dico digital de la Rep\u00fablica Dominicana que ofrece noticias, novedades, pol\u00edtica y las \u00faltimas actualidades, con informaci\u00f3n veraz y oportuna para mantenerte siempre informad","publisher":{"@id":"https:\/\/elglobal.do\/#organization"},"potentialAction":[{"@type":"SearchAction","target":{"@type":"EntryPoint","urlTemplate":"https:\/\/elglobal.do\/?s={search_term_string}"},"query-input":{"@type":"PropertyValueSpecification","valueRequired":true,"valueName":"search_term_string"}}],"inLanguage":"es"},{"@type":"Organization","@id":"https:\/\/elglobal.do\/#organization","name":"EL GLOBAL.DO INFORMATIVO","url":"https:\/\/elglobal.do\/","logo":{"@type":"ImageObject","inLanguage":"es","@id":"https:\/\/elglobal.do\/#\/schema\/logo\/image\/","url":"https:\/\/elglobal.do\/wp-content\/uploads\/2025\/08\/icon.png","contentUrl":"https:\/\/elglobal.do\/wp-content\/uploads\/2025\/08\/icon.png","width":512,"height":512,"caption":"EL GLOBAL.DO INFORMATIVO"},"image":{"@id":"https:\/\/elglobal.do\/#\/schema\/logo\/image\/"}},{"@type":"Person","@id":"https:\/\/elglobal.do\/#\/schema\/person\/0c97ec2c7714fb605d230c292f64d55f","name":"EL GLOBAL","image":{"@type":"ImageObject","inLanguage":"es","@id":"https:\/\/elglobal.do\/#\/schema\/person\/image\/","url":"https:\/\/secure.gravatar.com\/avatar\/081cfb6cf99faddc6f4e23a0c11ab98c5cf302925382d1c88dc3ed757ab910a3?s=96&d=mm&r=g","contentUrl":"https:\/\/secure.gravatar.com\/avatar\/081cfb6cf99faddc6f4e23a0c11ab98c5cf302925382d1c88dc3ed757ab910a3?s=96&d=mm&r=g","caption":"EL GLOBAL"},"description":"El Global Informativo es un peri\u00f3dico digital de Rep\u00fablica Dominicana que se dedica a cubrir temas importantes, como la pol\u00edtica local, geopol\u00edtica, econom\u00eda, tecnolog\u00eda, noticias internacionales y eventos relacionados con la gesti\u00f3n social, cultural y humana. Su objetivo principal es mantener a la poblaci\u00f3n informada, ofreciendo una visi\u00f3n amplia y actualizada de lo que sucede tanto en el pa\u00eds como en el mundo. Est\u00e1 dirigido por un grupo de periodistas experimentados, lo que garantiza la calidad y la precisi\u00f3n de la informaci\u00f3n que ofrecen. Tiene su sede en la ciudad de Santo Domingo y es parte integral del portafolio de la empresa, MC Global S.R.L.","sameAs":["https:\/\/elglobal.do","https:\/\/www.instagram.com\/elglobal.do_informativo\/"],"url":"https:\/\/elglobal.do\/index.php\/author\/elglobaluserpro\/"}]}},"jetpack_featured_media_url":"https:\/\/elglobal.do\/wp-content\/uploads\/2025\/09\/image-130.png","jetpack_sharing_enabled":true,"_links":{"self":[{"href":"https:\/\/elglobal.do\/index.php\/wp-json\/wp\/v2\/posts\/2464","targetHints":{"allow":["GET"]}}],"collection":[{"href":"https:\/\/elglobal.do\/index.php\/wp-json\/wp\/v2\/posts"}],"about":[{"href":"https:\/\/elglobal.do\/index.php\/wp-json\/wp\/v2\/types\/post"}],"author":[{"embeddable":true,"href":"https:\/\/elglobal.do\/index.php\/wp-json\/wp\/v2\/users\/1"}],"replies":[{"embeddable":true,"href":"https:\/\/elglobal.do\/index.php\/wp-json\/wp\/v2\/comments?post=2464"}],"version-history":[{"count":1,"href":"https:\/\/elglobal.do\/index.php\/wp-json\/wp\/v2\/posts\/2464\/revisions"}],"predecessor-version":[{"id":2471,"href":"https:\/\/elglobal.do\/index.php\/wp-json\/wp\/v2\/posts\/2464\/revisions\/2471"}],"wp:featuredmedia":[{"embeddable":true,"href":"https:\/\/elglobal.do\/index.php\/wp-json\/wp\/v2\/media\/2465"}],"wp:attachment":[{"href":"https:\/\/elglobal.do\/index.php\/wp-json\/wp\/v2\/media?parent=2464"}],"wp:term":[{"taxonomy":"category","embeddable":true,"href":"https:\/\/elglobal.do\/index.php\/wp-json\/wp\/v2\/categories?post=2464"},{"taxonomy":"post_tag","embeddable":true,"href":"https:\/\/elglobal.do\/index.php\/wp-json\/wp\/v2\/tags?post=2464"}],"curies":[{"name":"wp","href":"https:\/\/api.w.org\/{rel}","templated":true}]}}