{"id":2474,"date":"2025-09-22T14:43:47","date_gmt":"2025-09-22T18:43:47","guid":{"rendered":"https:\/\/elglobal.do\/?p=2474"},"modified":"2025-09-22T14:47:02","modified_gmt":"2025-09-22T18:47:02","slug":"leonel-critica-gestion-del-prm-y-asegura-que-los-hospitales-estan-mas-enfermos-que-los-pacientes","status":"publish","type":"post","link":"https:\/\/elglobal.do\/index.php\/2025\/09\/22\/leonel-critica-gestion-del-prm-y-asegura-que-los-hospitales-estan-mas-enfermos-que-los-pacientes\/","title":{"rendered":"Leonel critica gesti\u00f3n del PRM y asegura que los hospitales \u00abest\u00e1n m\u00e1s enfermos que los pacientes\u00bb"},"content":{"rendered":"\n<figure class=\"wp-block-image size-full\"><img loading=\"lazy\" decoding=\"async\" width=\"896\" height=\"504\" src=\"https:\/\/elglobal.do\/wp-content\/uploads\/2025\/09\/image-131.png\" alt=\"\" class=\"wp-image-2475\" srcset=\"https:\/\/elglobal.do\/wp-content\/uploads\/2025\/09\/image-131.png 896w, https:\/\/elglobal.do\/wp-content\/uploads\/2025\/09\/image-131-300x169.png 300w, https:\/\/elglobal.do\/wp-content\/uploads\/2025\/09\/image-131-768x432.png 768w\" sizes=\"auto, (max-width: 896px) 100vw, 896px\" \/><\/figure>\n\n\n\n<p><strong>Santo Domingo.-<\/strong> El presidente del partido\u00a0<strong>Fuerza del Pueblo<\/strong>\u00a0(<strong>FP<\/strong>),\u00a0<strong>Leonel Fern\u00e1ndez<\/strong>, asegur\u00f3 este domingo que la actual gesti\u00f3n del Partido Revolucionario Moderno (<strong>PRM<\/strong>) ha provocado un retroceso en los servicios b\u00e1sicos, indicando que, \u00ablos\u00a0<strong>hospitales<\/strong>\u00a0est\u00e1n m\u00e1s enfermos que los pacientes\u00bb, en referencia al\u00a0<strong>deterioro del sistema sanitario<\/strong>\u00a0nacional.<\/p>\n\n\n\n<p>Las declaraciones fueron emitidas en un encuentro con miembros de la Direcci\u00f3n Central y otros dirigentes de la&nbsp;<strong>Fuerza del Pueblo<\/strong>&nbsp;en Nueva York, como parte de la agenda pol\u00edtica que desarrolla Fern\u00e1ndez en los Estados Unidos, se\u00f1ala una nota de prensa.<\/p>\n\n\n\n<p>El exmandatario record\u00f3 que su organizaci\u00f3n pol\u00edtica naci\u00f3 como una&nbsp;<strong>fuerza minoritaria<\/strong>&nbsp;y que hoy ocupa un lugar relevante en el panorama nacional.<\/p>\n\n\n\n<p>\u00abEmpezamos siendo una fuerza minoritaria en la boleta n\u00famero 18. Hemos ido creciendo. Hoy estamos en el n\u00famero 2, y lo que nos espera es en el\u00a0<strong>2028 ser la n\u00famero 1<\/strong>, pero no ser\u00e1 \u00fanicamente un triunfo para nosotros como partido, ser\u00e1 el triunfo del pueblo dominicano\u00bb, afirm\u00f3.<\/p>\n\n\n\n<p><strong>Critica\u00a0apagones<\/strong><\/p>\n\n\n\n<p>Fern\u00e1ndez enfatiz\u00f3 que la Rep\u00fablica Dominicana hab\u00eda experimentado adelantos en temas esenciales en los \u00faltimos 50 a\u00f1os y que en la actualidad est\u00e1n presentando serios problemas, los que no pueden seguir reproduci\u00e9ndose en pleno&nbsp;<strong>siglo XXI<\/strong>.<\/p>\n\n\n\n<p>\u00abQue haya\u00a0<strong>apagones diarios<\/strong>\u00a0de cuatro y ocho horas no es posible. Que\u00a0<strong>hospitales<\/strong>\u00a0como el Salvador B. Gautier tengan que demolerse porque est\u00e1n m\u00e1s enfermos que los pacientes que reciben, eso no es posible. Que algunos estudiantes inicien el a\u00f1o escolar en contenedores, eso no es la visi\u00f3n de una sociedad moderna a la que aspiramos\u00bb, denunci\u00f3.<\/p>\n\n\n\n<p><strong>Procesos electorales<\/strong><\/p>\n\n\n\n<p>En torno a la \u00abbaja participaci\u00f3n de los dominicanos en el exterior durante los comicios pasados\u00bb, adelant\u00f3 que la&nbsp;<strong>FP<\/strong>&nbsp;contratar\u00e1 una&nbsp;<strong>firma encuestadora<\/strong>&nbsp;para investigar las causas y garantizar una mayor movilizaci\u00f3n en las elecciones de 2028.<\/p>\n\n\n\n<p>\u00abTenemos que garantizar una votaci\u00f3n masiva en el 2028, porque en la medida en que&nbsp;<strong>vote mayor n\u00famero<\/strong>&nbsp;de personas, as\u00ed nosotros garantizamos la victoria. Nosotros siempre ganamos en los Estados Unidos\u00bb, asegur\u00f3.<\/p>\n\n\n\n<p>El expresidente tambi\u00e9n valor\u00f3 el&nbsp;<strong>talento dominicano<\/strong>&nbsp;en diferentes \u00e1mbitos, destacando figuras deportivas como&nbsp;<strong>Juan Marichal y Juan Soto<\/strong>, a quienes consider\u00f3 ejemplos de la&nbsp;<strong>proyecci\u00f3n internacional<\/strong>&nbsp;del pa\u00eds.<\/p>\n\n\n\n<p>\u00abCuando&nbsp;<strong>Juan Soto&nbsp;<\/strong>da un jonr\u00f3n, no solamente lo dio para los Mets, sino para la Rep\u00fablica Dominicana\u00bb, expres\u00f3, en un pasaje que fue recibido con aplausos.<\/p>\n\n\n\n<p>Se refiri\u00f3 tambi\u00e9n a la creciente decepci\u00f3n que tiene la gente de la actual administraci\u00f3n gubernamental, lo que motiva el crecimiento de la&nbsp;<strong>Fuerza del Pueblo<\/strong>.<\/p>\n\n\n\n<p>\u00abVamos sintiendo en todas partes c\u00f3mo la gente quiere ser parte de la&nbsp;<strong>Fuerza del Pueblo<\/strong>, es porque siente que ha habido un fracaso con la actual gesti\u00f3n, y el fracaso fundamentalmente se debe a la ineficiencia\u00bb, puntualiz\u00f3.<\/p>\n","protected":false},"excerpt":{"rendered":"<p>Santo Domingo.- El presidente del partido\u00a0Fuerza del Pueblo\u00a0(FP),\u00a0Leonel Fern\u00e1ndez, asegur\u00f3 este domingo que la actual gesti\u00f3n del Partido Revolucionario Moderno (PRM) ha provocado un retroceso en los servicios b\u00e1sicos, indicando&hellip; <\/p>\n","protected":false},"author":1,"featured_media":2475,"comment_status":"open","ping_status":"open","sticky":false,"template":"","format":"standard","meta":{"_jetpack_memberships_contains_paid_content":false,"footnotes":""},"categories":[7],"tags":[708,1314,925,398,1195,584,1315],"class_list":["post-2474","post","type-post","status-publish","format-standard","has-post-thumbnail","hentry","category-politica","tag-apagones","tag-criticas","tag-fp","tag-hospitales","tag-leonelfernandez","tag-prm","tag-procesoelecotrales"],"yoast_head":"<!-- This site is optimized with the Yoast SEO plugin v26.9 - https:\/\/yoast.com\/product\/yoast-seo-wordpress\/ -->\n<title>Leonel critica gesti\u00f3n del PRM y asegura que los hospitales &quot;est\u00e1n m\u00e1s enfermos que los pacientes&quot; - EL GLOBAL INFORMATIVO<\/title>\n<meta name=\"robots\" content=\"index, follow, max-snippet:-1, max-image-preview:large, max-video-preview:-1\" \/>\n<link rel=\"canonical\" href=\"https:\/\/elglobal.do\/index.php\/2025\/09\/22\/leonel-critica-gestion-del-prm-y-asegura-que-los-hospitales-estan-mas-enfermos-que-los-pacientes\/\" \/>\n<meta property=\"og:locale\" content=\"es_ES\" \/>\n<meta property=\"og:type\" content=\"article\" \/>\n<meta property=\"og:title\" content=\"Leonel critica gesti\u00f3n del PRM y asegura que los hospitales &quot;est\u00e1n m\u00e1s enfermos que los pacientes&quot; - EL GLOBAL INFORMATIVO\" \/>\n<meta property=\"og:description\" content=\"Santo Domingo.- El presidente del partido\u00a0Fuerza del Pueblo\u00a0(FP),\u00a0Leonel Fern\u00e1ndez, asegur\u00f3 este domingo que la actual gesti\u00f3n del Partido Revolucionario Moderno (PRM) ha provocado un retroceso en los servicios b\u00e1sicos, indicando&hellip;\" \/>\n<meta property=\"og:url\" content=\"https:\/\/elglobal.do\/index.php\/2025\/09\/22\/leonel-critica-gestion-del-prm-y-asegura-que-los-hospitales-estan-mas-enfermos-que-los-pacientes\/\" \/>\n<meta property=\"og:site_name\" content=\"EL GLOBAL INFORMATIVO\" \/>\n<meta property=\"article:published_time\" content=\"2025-09-22T18:43:47+00:00\" \/>\n<meta property=\"article:modified_time\" content=\"2025-09-22T18:47:02+00:00\" \/>\n<meta property=\"og:image\" content=\"https:\/\/elglobal.do\/wp-content\/uploads\/2025\/09\/image-131.png\" \/>\n\t<meta property=\"og:image:width\" content=\"896\" \/>\n\t<meta property=\"og:image:height\" content=\"504\" \/>\n\t<meta property=\"og:image:type\" content=\"image\/png\" \/>\n<meta name=\"author\" content=\"EL GLOBAL\" \/>\n<meta name=\"twitter:card\" content=\"summary_large_image\" \/>\n<meta name=\"twitter:label1\" content=\"Escrito por\" \/>\n\t<meta name=\"twitter:data1\" content=\"EL GLOBAL\" \/>\n\t<meta name=\"twitter:label2\" content=\"Tiempo de lectura\" \/>\n\t<meta name=\"twitter:data2\" content=\"3 minutos\" \/>\n<script type=\"application\/ld+json\" class=\"yoast-schema-graph\">{\"@context\":\"https:\/\/schema.org\",\"@graph\":[{\"@type\":\"Article\",\"@id\":\"https:\/\/elglobal.do\/index.php\/2025\/09\/22\/leonel-critica-gestion-del-prm-y-asegura-que-los-hospitales-estan-mas-enfermos-que-los-pacientes\/#article\",\"isPartOf\":{\"@id\":\"https:\/\/elglobal.do\/index.php\/2025\/09\/22\/leonel-critica-gestion-del-prm-y-asegura-que-los-hospitales-estan-mas-enfermos-que-los-pacientes\/\"},\"author\":{\"name\":\"EL GLOBAL\",\"@id\":\"https:\/\/elglobal.do\/#\/schema\/person\/0c97ec2c7714fb605d230c292f64d55f\"},\"headline\":\"Leonel critica gesti\u00f3n del PRM y asegura que los hospitales \u00abest\u00e1n m\u00e1s enfermos que los pacientes\u00bb\",\"datePublished\":\"2025-09-22T18:43:47+00:00\",\"dateModified\":\"2025-09-22T18:47:02+00:00\",\"mainEntityOfPage\":{\"@id\":\"https:\/\/elglobal.do\/index.php\/2025\/09\/22\/leonel-critica-gestion-del-prm-y-asegura-que-los-hospitales-estan-mas-enfermos-que-los-pacientes\/\"},\"wordCount\":524,\"commentCount\":0,\"publisher\":{\"@id\":\"https:\/\/elglobal.do\/#organization\"},\"image\":{\"@id\":\"https:\/\/elglobal.do\/index.php\/2025\/09\/22\/leonel-critica-gestion-del-prm-y-asegura-que-los-hospitales-estan-mas-enfermos-que-los-pacientes\/#primaryimage\"},\"thumbnailUrl\":\"https:\/\/elglobal.do\/wp-content\/uploads\/2025\/09\/image-131.png\",\"keywords\":[\"#Apagones\",\"#Criticas\",\"#FP\",\"#Hospitales\",\"#LeonelFern\u00e1ndez\",\"#PRM\",\"#Procesoelecotrales\"],\"articleSection\":[\"POL\u00cdTICA\"],\"inLanguage\":\"es\",\"potentialAction\":[{\"@type\":\"CommentAction\",\"name\":\"Comment\",\"target\":[\"https:\/\/elglobal.do\/index.php\/2025\/09\/22\/leonel-critica-gestion-del-prm-y-asegura-que-los-hospitales-estan-mas-enfermos-que-los-pacientes\/#respond\"]}]},{\"@type\":\"WebPage\",\"@id\":\"https:\/\/elglobal.do\/index.php\/2025\/09\/22\/leonel-critica-gestion-del-prm-y-asegura-que-los-hospitales-estan-mas-enfermos-que-los-pacientes\/\",\"url\":\"https:\/\/elglobal.do\/index.php\/2025\/09\/22\/leonel-critica-gestion-del-prm-y-asegura-que-los-hospitales-estan-mas-enfermos-que-los-pacientes\/\",\"name\":\"Leonel critica gesti\u00f3n del PRM y asegura que los hospitales \\\"est\u00e1n m\u00e1s enfermos que los pacientes\\\" - EL GLOBAL INFORMATIVO\",\"isPartOf\":{\"@id\":\"https:\/\/elglobal.do\/#website\"},\"primaryImageOfPage\":{\"@id\":\"https:\/\/elglobal.do\/index.php\/2025\/09\/22\/leonel-critica-gestion-del-prm-y-asegura-que-los-hospitales-estan-mas-enfermos-que-los-pacientes\/#primaryimage\"},\"image\":{\"@id\":\"https:\/\/elglobal.do\/index.php\/2025\/09\/22\/leonel-critica-gestion-del-prm-y-asegura-que-los-hospitales-estan-mas-enfermos-que-los-pacientes\/#primaryimage\"},\"thumbnailUrl\":\"https:\/\/elglobal.do\/wp-content\/uploads\/2025\/09\/image-131.png\",\"datePublished\":\"2025-09-22T18:43:47+00:00\",\"dateModified\":\"2025-09-22T18:47:02+00:00\",\"breadcrumb\":{\"@id\":\"https:\/\/elglobal.do\/index.php\/2025\/09\/22\/leonel-critica-gestion-del-prm-y-asegura-que-los-hospitales-estan-mas-enfermos-que-los-pacientes\/#breadcrumb\"},\"inLanguage\":\"es\",\"potentialAction\":[{\"@type\":\"ReadAction\",\"target\":[\"https:\/\/elglobal.do\/index.php\/2025\/09\/22\/leonel-critica-gestion-del-prm-y-asegura-que-los-hospitales-estan-mas-enfermos-que-los-pacientes\/\"]}]},{\"@type\":\"ImageObject\",\"inLanguage\":\"es\",\"@id\":\"https:\/\/elglobal.do\/index.php\/2025\/09\/22\/leonel-critica-gestion-del-prm-y-asegura-que-los-hospitales-estan-mas-enfermos-que-los-pacientes\/#primaryimage\",\"url\":\"https:\/\/elglobal.do\/wp-content\/uploads\/2025\/09\/image-131.png\",\"contentUrl\":\"https:\/\/elglobal.do\/wp-content\/uploads\/2025\/09\/image-131.png\",\"width\":896,\"height\":504},{\"@type\":\"BreadcrumbList\",\"@id\":\"https:\/\/elglobal.do\/index.php\/2025\/09\/22\/leonel-critica-gestion-del-prm-y-asegura-que-los-hospitales-estan-mas-enfermos-que-los-pacientes\/#breadcrumb\",\"itemListElement\":[{\"@type\":\"ListItem\",\"position\":1,\"name\":\"Portada\",\"item\":\"https:\/\/elglobal.do\/\"},{\"@type\":\"ListItem\",\"position\":2,\"name\":\"Leonel critica gesti\u00f3n del PRM y asegura que los hospitales \u00abest\u00e1n m\u00e1s enfermos que los pacientes\u00bb\"}]},{\"@type\":\"WebSite\",\"@id\":\"https:\/\/elglobal.do\/#website\",\"url\":\"https:\/\/elglobal.do\/\",\"name\":\"EL GLOBAL INFORMATIVO\",\"description\":\"Peri\u00f3dico digital de la Rep\u00fablica Dominicana que ofrece noticias, novedades, pol\u00edtica y las \u00faltimas actualidades, con informaci\u00f3n veraz y oportuna para mantenerte siempre informad\",\"publisher\":{\"@id\":\"https:\/\/elglobal.do\/#organization\"},\"potentialAction\":[{\"@type\":\"SearchAction\",\"target\":{\"@type\":\"EntryPoint\",\"urlTemplate\":\"https:\/\/elglobal.do\/?s={search_term_string}\"},\"query-input\":{\"@type\":\"PropertyValueSpecification\",\"valueRequired\":true,\"valueName\":\"search_term_string\"}}],\"inLanguage\":\"es\"},{\"@type\":\"Organization\",\"@id\":\"https:\/\/elglobal.do\/#organization\",\"name\":\"EL GLOBAL.DO INFORMATIVO\",\"url\":\"https:\/\/elglobal.do\/\",\"logo\":{\"@type\":\"ImageObject\",\"inLanguage\":\"es\",\"@id\":\"https:\/\/elglobal.do\/#\/schema\/logo\/image\/\",\"url\":\"https:\/\/elglobal.do\/wp-content\/uploads\/2025\/08\/icon.png\",\"contentUrl\":\"https:\/\/elglobal.do\/wp-content\/uploads\/2025\/08\/icon.png\",\"width\":512,\"height\":512,\"caption\":\"EL GLOBAL.DO INFORMATIVO\"},\"image\":{\"@id\":\"https:\/\/elglobal.do\/#\/schema\/logo\/image\/\"}},{\"@type\":\"Person\",\"@id\":\"https:\/\/elglobal.do\/#\/schema\/person\/0c97ec2c7714fb605d230c292f64d55f\",\"name\":\"EL GLOBAL\",\"image\":{\"@type\":\"ImageObject\",\"inLanguage\":\"es\",\"@id\":\"https:\/\/elglobal.do\/#\/schema\/person\/image\/\",\"url\":\"https:\/\/secure.gravatar.com\/avatar\/081cfb6cf99faddc6f4e23a0c11ab98c5cf302925382d1c88dc3ed757ab910a3?s=96&d=mm&r=g\",\"contentUrl\":\"https:\/\/secure.gravatar.com\/avatar\/081cfb6cf99faddc6f4e23a0c11ab98c5cf302925382d1c88dc3ed757ab910a3?s=96&d=mm&r=g\",\"caption\":\"EL GLOBAL\"},\"description\":\"El Global Informativo es un peri\u00f3dico digital de Rep\u00fablica Dominicana que se dedica a cubrir temas importantes, como la pol\u00edtica local, geopol\u00edtica, econom\u00eda, tecnolog\u00eda, noticias internacionales y eventos relacionados con la gesti\u00f3n social, cultural y humana. Su objetivo principal es mantener a la poblaci\u00f3n informada, ofreciendo una visi\u00f3n amplia y actualizada de lo que sucede tanto en el pa\u00eds como en el mundo. Est\u00e1 dirigido por un grupo de periodistas experimentados, lo que garantiza la calidad y la precisi\u00f3n de la informaci\u00f3n que ofrecen. Tiene su sede en la ciudad de Santo Domingo y es parte integral del portafolio de la empresa, MC Global S.R.L.\",\"sameAs\":[\"https:\/\/elglobal.do\",\"https:\/\/www.instagram.com\/elglobal.do_informativo\/\"],\"url\":\"https:\/\/elglobal.do\/index.php\/author\/elglobaluserpro\/\"}]}<\/script>\n<!-- \/ Yoast SEO plugin. -->","yoast_head_json":{"title":"Leonel critica gesti\u00f3n del PRM y asegura que los hospitales \"est\u00e1n m\u00e1s enfermos que los pacientes\" - EL GLOBAL INFORMATIVO","robots":{"index":"index","follow":"follow","max-snippet":"max-snippet:-1","max-image-preview":"max-image-preview:large","max-video-preview":"max-video-preview:-1"},"canonical":"https:\/\/elglobal.do\/index.php\/2025\/09\/22\/leonel-critica-gestion-del-prm-y-asegura-que-los-hospitales-estan-mas-enfermos-que-los-pacientes\/","og_locale":"es_ES","og_type":"article","og_title":"Leonel critica gesti\u00f3n del PRM y asegura que los hospitales \"est\u00e1n m\u00e1s enfermos que los pacientes\" - EL GLOBAL INFORMATIVO","og_description":"Santo Domingo.- El presidente del partido\u00a0Fuerza del Pueblo\u00a0(FP),\u00a0Leonel Fern\u00e1ndez, asegur\u00f3 este domingo que la actual gesti\u00f3n del Partido Revolucionario Moderno (PRM) ha provocado un retroceso en los servicios b\u00e1sicos, indicando&hellip;","og_url":"https:\/\/elglobal.do\/index.php\/2025\/09\/22\/leonel-critica-gestion-del-prm-y-asegura-que-los-hospitales-estan-mas-enfermos-que-los-pacientes\/","og_site_name":"EL GLOBAL INFORMATIVO","article_published_time":"2025-09-22T18:43:47+00:00","article_modified_time":"2025-09-22T18:47:02+00:00","og_image":[{"width":896,"height":504,"url":"https:\/\/elglobal.do\/wp-content\/uploads\/2025\/09\/image-131.png","type":"image\/png"}],"author":"EL GLOBAL","twitter_card":"summary_large_image","twitter_misc":{"Escrito por":"EL GLOBAL","Tiempo de lectura":"3 minutos"},"schema":{"@context":"https:\/\/schema.org","@graph":[{"@type":"Article","@id":"https:\/\/elglobal.do\/index.php\/2025\/09\/22\/leonel-critica-gestion-del-prm-y-asegura-que-los-hospitales-estan-mas-enfermos-que-los-pacientes\/#article","isPartOf":{"@id":"https:\/\/elglobal.do\/index.php\/2025\/09\/22\/leonel-critica-gestion-del-prm-y-asegura-que-los-hospitales-estan-mas-enfermos-que-los-pacientes\/"},"author":{"name":"EL GLOBAL","@id":"https:\/\/elglobal.do\/#\/schema\/person\/0c97ec2c7714fb605d230c292f64d55f"},"headline":"Leonel critica gesti\u00f3n del PRM y asegura que los hospitales \u00abest\u00e1n m\u00e1s enfermos que los pacientes\u00bb","datePublished":"2025-09-22T18:43:47+00:00","dateModified":"2025-09-22T18:47:02+00:00","mainEntityOfPage":{"@id":"https:\/\/elglobal.do\/index.php\/2025\/09\/22\/leonel-critica-gestion-del-prm-y-asegura-que-los-hospitales-estan-mas-enfermos-que-los-pacientes\/"},"wordCount":524,"commentCount":0,"publisher":{"@id":"https:\/\/elglobal.do\/#organization"},"image":{"@id":"https:\/\/elglobal.do\/index.php\/2025\/09\/22\/leonel-critica-gestion-del-prm-y-asegura-que-los-hospitales-estan-mas-enfermos-que-los-pacientes\/#primaryimage"},"thumbnailUrl":"https:\/\/elglobal.do\/wp-content\/uploads\/2025\/09\/image-131.png","keywords":["#Apagones","#Criticas","#FP","#Hospitales","#LeonelFern\u00e1ndez","#PRM","#Procesoelecotrales"],"articleSection":["POL\u00cdTICA"],"inLanguage":"es","potentialAction":[{"@type":"CommentAction","name":"Comment","target":["https:\/\/elglobal.do\/index.php\/2025\/09\/22\/leonel-critica-gestion-del-prm-y-asegura-que-los-hospitales-estan-mas-enfermos-que-los-pacientes\/#respond"]}]},{"@type":"WebPage","@id":"https:\/\/elglobal.do\/index.php\/2025\/09\/22\/leonel-critica-gestion-del-prm-y-asegura-que-los-hospitales-estan-mas-enfermos-que-los-pacientes\/","url":"https:\/\/elglobal.do\/index.php\/2025\/09\/22\/leonel-critica-gestion-del-prm-y-asegura-que-los-hospitales-estan-mas-enfermos-que-los-pacientes\/","name":"Leonel critica gesti\u00f3n del PRM y asegura que los hospitales \"est\u00e1n m\u00e1s enfermos que los pacientes\" - EL GLOBAL INFORMATIVO","isPartOf":{"@id":"https:\/\/elglobal.do\/#website"},"primaryImageOfPage":{"@id":"https:\/\/elglobal.do\/index.php\/2025\/09\/22\/leonel-critica-gestion-del-prm-y-asegura-que-los-hospitales-estan-mas-enfermos-que-los-pacientes\/#primaryimage"},"image":{"@id":"https:\/\/elglobal.do\/index.php\/2025\/09\/22\/leonel-critica-gestion-del-prm-y-asegura-que-los-hospitales-estan-mas-enfermos-que-los-pacientes\/#primaryimage"},"thumbnailUrl":"https:\/\/elglobal.do\/wp-content\/uploads\/2025\/09\/image-131.png","datePublished":"2025-09-22T18:43:47+00:00","dateModified":"2025-09-22T18:47:02+00:00","breadcrumb":{"@id":"https:\/\/elglobal.do\/index.php\/2025\/09\/22\/leonel-critica-gestion-del-prm-y-asegura-que-los-hospitales-estan-mas-enfermos-que-los-pacientes\/#breadcrumb"},"inLanguage":"es","potentialAction":[{"@type":"ReadAction","target":["https:\/\/elglobal.do\/index.php\/2025\/09\/22\/leonel-critica-gestion-del-prm-y-asegura-que-los-hospitales-estan-mas-enfermos-que-los-pacientes\/"]}]},{"@type":"ImageObject","inLanguage":"es","@id":"https:\/\/elglobal.do\/index.php\/2025\/09\/22\/leonel-critica-gestion-del-prm-y-asegura-que-los-hospitales-estan-mas-enfermos-que-los-pacientes\/#primaryimage","url":"https:\/\/elglobal.do\/wp-content\/uploads\/2025\/09\/image-131.png","contentUrl":"https:\/\/elglobal.do\/wp-content\/uploads\/2025\/09\/image-131.png","width":896,"height":504},{"@type":"BreadcrumbList","@id":"https:\/\/elglobal.do\/index.php\/2025\/09\/22\/leonel-critica-gestion-del-prm-y-asegura-que-los-hospitales-estan-mas-enfermos-que-los-pacientes\/#breadcrumb","itemListElement":[{"@type":"ListItem","position":1,"name":"Portada","item":"https:\/\/elglobal.do\/"},{"@type":"ListItem","position":2,"name":"Leonel critica gesti\u00f3n del PRM y asegura que los hospitales \u00abest\u00e1n m\u00e1s enfermos que los pacientes\u00bb"}]},{"@type":"WebSite","@id":"https:\/\/elglobal.do\/#website","url":"https:\/\/elglobal.do\/","name":"EL GLOBAL INFORMATIVO","description":"Peri\u00f3dico digital de la Rep\u00fablica Dominicana que ofrece noticias, novedades, pol\u00edtica y las \u00faltimas actualidades, con informaci\u00f3n veraz y oportuna para mantenerte siempre informad","publisher":{"@id":"https:\/\/elglobal.do\/#organization"},"potentialAction":[{"@type":"SearchAction","target":{"@type":"EntryPoint","urlTemplate":"https:\/\/elglobal.do\/?s={search_term_string}"},"query-input":{"@type":"PropertyValueSpecification","valueRequired":true,"valueName":"search_term_string"}}],"inLanguage":"es"},{"@type":"Organization","@id":"https:\/\/elglobal.do\/#organization","name":"EL GLOBAL.DO INFORMATIVO","url":"https:\/\/elglobal.do\/","logo":{"@type":"ImageObject","inLanguage":"es","@id":"https:\/\/elglobal.do\/#\/schema\/logo\/image\/","url":"https:\/\/elglobal.do\/wp-content\/uploads\/2025\/08\/icon.png","contentUrl":"https:\/\/elglobal.do\/wp-content\/uploads\/2025\/08\/icon.png","width":512,"height":512,"caption":"EL GLOBAL.DO INFORMATIVO"},"image":{"@id":"https:\/\/elglobal.do\/#\/schema\/logo\/image\/"}},{"@type":"Person","@id":"https:\/\/elglobal.do\/#\/schema\/person\/0c97ec2c7714fb605d230c292f64d55f","name":"EL GLOBAL","image":{"@type":"ImageObject","inLanguage":"es","@id":"https:\/\/elglobal.do\/#\/schema\/person\/image\/","url":"https:\/\/secure.gravatar.com\/avatar\/081cfb6cf99faddc6f4e23a0c11ab98c5cf302925382d1c88dc3ed757ab910a3?s=96&d=mm&r=g","contentUrl":"https:\/\/secure.gravatar.com\/avatar\/081cfb6cf99faddc6f4e23a0c11ab98c5cf302925382d1c88dc3ed757ab910a3?s=96&d=mm&r=g","caption":"EL GLOBAL"},"description":"El Global Informativo es un peri\u00f3dico digital de Rep\u00fablica Dominicana que se dedica a cubrir temas importantes, como la pol\u00edtica local, geopol\u00edtica, econom\u00eda, tecnolog\u00eda, noticias internacionales y eventos relacionados con la gesti\u00f3n social, cultural y humana. Su objetivo principal es mantener a la poblaci\u00f3n informada, ofreciendo una visi\u00f3n amplia y actualizada de lo que sucede tanto en el pa\u00eds como en el mundo. Est\u00e1 dirigido por un grupo de periodistas experimentados, lo que garantiza la calidad y la precisi\u00f3n de la informaci\u00f3n que ofrecen. Tiene su sede en la ciudad de Santo Domingo y es parte integral del portafolio de la empresa, MC Global S.R.L.","sameAs":["https:\/\/elglobal.do","https:\/\/www.instagram.com\/elglobal.do_informativo\/"],"url":"https:\/\/elglobal.do\/index.php\/author\/elglobaluserpro\/"}]}},"jetpack_featured_media_url":"https:\/\/elglobal.do\/wp-content\/uploads\/2025\/09\/image-131.png","jetpack_sharing_enabled":true,"_links":{"self":[{"href":"https:\/\/elglobal.do\/index.php\/wp-json\/wp\/v2\/posts\/2474","targetHints":{"allow":["GET"]}}],"collection":[{"href":"https:\/\/elglobal.do\/index.php\/wp-json\/wp\/v2\/posts"}],"about":[{"href":"https:\/\/elglobal.do\/index.php\/wp-json\/wp\/v2\/types\/post"}],"author":[{"embeddable":true,"href":"https:\/\/elglobal.do\/index.php\/wp-json\/wp\/v2\/users\/1"}],"replies":[{"embeddable":true,"href":"https:\/\/elglobal.do\/index.php\/wp-json\/wp\/v2\/comments?post=2474"}],"version-history":[{"count":1,"href":"https:\/\/elglobal.do\/index.php\/wp-json\/wp\/v2\/posts\/2474\/revisions"}],"predecessor-version":[{"id":2476,"href":"https:\/\/elglobal.do\/index.php\/wp-json\/wp\/v2\/posts\/2474\/revisions\/2476"}],"wp:featuredmedia":[{"embeddable":true,"href":"https:\/\/elglobal.do\/index.php\/wp-json\/wp\/v2\/media\/2475"}],"wp:attachment":[{"href":"https:\/\/elglobal.do\/index.php\/wp-json\/wp\/v2\/media?parent=2474"}],"wp:term":[{"taxonomy":"category","embeddable":true,"href":"https:\/\/elglobal.do\/index.php\/wp-json\/wp\/v2\/categories?post=2474"},{"taxonomy":"post_tag","embeddable":true,"href":"https:\/\/elglobal.do\/index.php\/wp-json\/wp\/v2\/tags?post=2474"}],"curies":[{"name":"wp","href":"https:\/\/api.w.org\/{rel}","templated":true}]}}