{"id":2495,"date":"2025-09-23T13:48:32","date_gmt":"2025-09-23T17:48:32","guid":{"rendered":"https:\/\/elglobal.do\/?p=2495"},"modified":"2025-09-23T13:48:35","modified_gmt":"2025-09-23T17:48:35","slug":"prision-preventiva-a-hombre-acusado-de-sustraer-27-medidores-de-electricidad","status":"publish","type":"post","link":"https:\/\/elglobal.do\/index.php\/2025\/09\/23\/prision-preventiva-a-hombre-acusado-de-sustraer-27-medidores-de-electricidad\/","title":{"rendered":"Prisi\u00f3n preventiva a hombre acusado de sustraer 27 medidores de electricidad"},"content":{"rendered":"\n<figure class=\"wp-block-image size-large\"><img loading=\"lazy\" decoding=\"async\" width=\"1024\" height=\"682\" src=\"https:\/\/elglobal.do\/wp-content\/uploads\/2025\/09\/Contadores-1024x682.jpeg\" alt=\"\" class=\"wp-image-2496\" srcset=\"https:\/\/elglobal.do\/wp-content\/uploads\/2025\/09\/Contadores-1024x682.jpeg 1024w, https:\/\/elglobal.do\/wp-content\/uploads\/2025\/09\/Contadores-300x200.jpeg 300w, https:\/\/elglobal.do\/wp-content\/uploads\/2025\/09\/Contadores-768x512.jpeg 768w, https:\/\/elglobal.do\/wp-content\/uploads\/2025\/09\/Contadores.jpeg 1280w\" sizes=\"auto, (max-width: 1024px) 100vw, 1024px\" \/><\/figure>\n\n\n\n<p><strong>Santo Domingo. &#8211;<\/strong> La Oficina Judicial de Servicios de Atenci\u00f3n Permanente de San Crist\u00f3bal impuso tres meses de prisi\u00f3n preventiva como medida de coerci\u00f3n en contra de Yefri Constante, imputado de sustraer 27 medidores el\u00e9ctricos propiedad de Edesur Dominicana, en un hecho ocurrido en el sector Boca de Nigua.<\/p>\n\n\n\n<p>El imputado se envi\u00f3 al Centro de Correcci\u00f3n y Rehabilitaci\u00f3n CCR-17 de Najayo.<\/p>\n\n\n\n<p>El Ministerio p\u00fablico expuso ante el tribunal como evidencia una certificaci\u00f3n de un informe t\u00e9cnico que establece que a los 27 medidores ocupados el d\u00eda 19 de este mes le extrajeron las piezas de cobre supuestamente con fines de comercializaci\u00f3n.<\/p>\n\n\n\n<p>Edesur reitera que continuar\u00e1 colaborando de manera estrecha con las autoridades competentes para garantizar que hechos de esta naturaleza reciban la debida sanci\u00f3n, en estricto apego a la ley.<\/p>\n\n\n\n<p><\/p>\n\n\n\n<p><\/p>\n","protected":false},"excerpt":{"rendered":"<p>Santo Domingo. &#8211; La Oficina Judicial de Servicios de Atenci\u00f3n Permanente de San Crist\u00f3bal impuso tres meses de prisi\u00f3n preventiva como medida de coerci\u00f3n en contra de Yefri Constante, imputado&hellip; <\/p>\n","protected":false},"author":1,"featured_media":2496,"comment_status":"open","ping_status":"open","sticky":false,"template":"","format":"standard","meta":{"_jetpack_memberships_contains_paid_content":false,"footnotes":""},"categories":[40],"tags":[1050,794,98,1325,712,484],"class_list":["post-2495","post","type-post","status-publish","format-standard","has-post-thumbnail","hentry","category-nacionales","tag-acusado","tag-edesur","tag-elglobalinformativo","tag-medidores","tag-prision","tag-robo"],"yoast_head":"<!-- This site is optimized with the Yoast SEO plugin v26.9 - https:\/\/yoast.com\/product\/yoast-seo-wordpress\/ -->\n<title>Prisi\u00f3n preventiva a hombre acusado de sustraer 27 medidores de electricidad - EL GLOBAL INFORMATIVO<\/title>\n<meta name=\"robots\" content=\"index, follow, max-snippet:-1, max-image-preview:large, max-video-preview:-1\" \/>\n<link rel=\"canonical\" href=\"https:\/\/elglobal.do\/index.php\/2025\/09\/23\/prision-preventiva-a-hombre-acusado-de-sustraer-27-medidores-de-electricidad\/\" \/>\n<meta property=\"og:locale\" content=\"es_ES\" \/>\n<meta property=\"og:type\" content=\"article\" \/>\n<meta property=\"og:title\" content=\"Prisi\u00f3n preventiva a hombre acusado de sustraer 27 medidores de electricidad - EL GLOBAL INFORMATIVO\" \/>\n<meta property=\"og:description\" content=\"Santo Domingo. &#8211; La Oficina Judicial de Servicios de Atenci\u00f3n Permanente de San Crist\u00f3bal impuso tres meses de prisi\u00f3n preventiva como medida de coerci\u00f3n en contra de Yefri Constante, imputado&hellip;\" \/>\n<meta property=\"og:url\" content=\"https:\/\/elglobal.do\/index.php\/2025\/09\/23\/prision-preventiva-a-hombre-acusado-de-sustraer-27-medidores-de-electricidad\/\" \/>\n<meta property=\"og:site_name\" content=\"EL GLOBAL INFORMATIVO\" \/>\n<meta property=\"article:published_time\" content=\"2025-09-23T17:48:32+00:00\" \/>\n<meta property=\"article:modified_time\" content=\"2025-09-23T17:48:35+00:00\" \/>\n<meta property=\"og:image\" content=\"https:\/\/elglobal.do\/wp-content\/uploads\/2025\/09\/Contadores.jpeg\" \/>\n\t<meta property=\"og:image:width\" content=\"1280\" \/>\n\t<meta property=\"og:image:height\" content=\"853\" \/>\n\t<meta property=\"og:image:type\" content=\"image\/jpeg\" \/>\n<meta name=\"author\" content=\"EL GLOBAL\" \/>\n<meta name=\"twitter:card\" content=\"summary_large_image\" \/>\n<meta name=\"twitter:label1\" content=\"Escrito por\" \/>\n\t<meta name=\"twitter:data1\" content=\"EL GLOBAL\" \/>\n\t<meta name=\"twitter:label2\" content=\"Tiempo de lectura\" \/>\n\t<meta name=\"twitter:data2\" content=\"1 minuto\" \/>\n<script type=\"application\/ld+json\" class=\"yoast-schema-graph\">{\"@context\":\"https:\/\/schema.org\",\"@graph\":[{\"@type\":\"Article\",\"@id\":\"https:\/\/elglobal.do\/index.php\/2025\/09\/23\/prision-preventiva-a-hombre-acusado-de-sustraer-27-medidores-de-electricidad\/#article\",\"isPartOf\":{\"@id\":\"https:\/\/elglobal.do\/index.php\/2025\/09\/23\/prision-preventiva-a-hombre-acusado-de-sustraer-27-medidores-de-electricidad\/\"},\"author\":{\"name\":\"EL GLOBAL\",\"@id\":\"https:\/\/elglobal.do\/#\/schema\/person\/0c97ec2c7714fb605d230c292f64d55f\"},\"headline\":\"Prisi\u00f3n preventiva a hombre acusado de sustraer 27 medidores de electricidad\",\"datePublished\":\"2025-09-23T17:48:32+00:00\",\"dateModified\":\"2025-09-23T17:48:35+00:00\",\"mainEntityOfPage\":{\"@id\":\"https:\/\/elglobal.do\/index.php\/2025\/09\/23\/prision-preventiva-a-hombre-acusado-de-sustraer-27-medidores-de-electricidad\/\"},\"wordCount\":152,\"commentCount\":0,\"publisher\":{\"@id\":\"https:\/\/elglobal.do\/#organization\"},\"image\":{\"@id\":\"https:\/\/elglobal.do\/index.php\/2025\/09\/23\/prision-preventiva-a-hombre-acusado-de-sustraer-27-medidores-de-electricidad\/#primaryimage\"},\"thumbnailUrl\":\"https:\/\/elglobal.do\/wp-content\/uploads\/2025\/09\/Contadores.jpeg\",\"keywords\":[\"#Acusado\",\"#EDESUR\",\"#ElGlobalInformativo\",\"#medidores\",\"#Prisi\u00f3n\",\"#robo\"],\"articleSection\":[\"NACIONALES\"],\"inLanguage\":\"es\",\"potentialAction\":[{\"@type\":\"CommentAction\",\"name\":\"Comment\",\"target\":[\"https:\/\/elglobal.do\/index.php\/2025\/09\/23\/prision-preventiva-a-hombre-acusado-de-sustraer-27-medidores-de-electricidad\/#respond\"]}]},{\"@type\":\"WebPage\",\"@id\":\"https:\/\/elglobal.do\/index.php\/2025\/09\/23\/prision-preventiva-a-hombre-acusado-de-sustraer-27-medidores-de-electricidad\/\",\"url\":\"https:\/\/elglobal.do\/index.php\/2025\/09\/23\/prision-preventiva-a-hombre-acusado-de-sustraer-27-medidores-de-electricidad\/\",\"name\":\"Prisi\u00f3n preventiva a hombre acusado de sustraer 27 medidores de electricidad - EL GLOBAL INFORMATIVO\",\"isPartOf\":{\"@id\":\"https:\/\/elglobal.do\/#website\"},\"primaryImageOfPage\":{\"@id\":\"https:\/\/elglobal.do\/index.php\/2025\/09\/23\/prision-preventiva-a-hombre-acusado-de-sustraer-27-medidores-de-electricidad\/#primaryimage\"},\"image\":{\"@id\":\"https:\/\/elglobal.do\/index.php\/2025\/09\/23\/prision-preventiva-a-hombre-acusado-de-sustraer-27-medidores-de-electricidad\/#primaryimage\"},\"thumbnailUrl\":\"https:\/\/elglobal.do\/wp-content\/uploads\/2025\/09\/Contadores.jpeg\",\"datePublished\":\"2025-09-23T17:48:32+00:00\",\"dateModified\":\"2025-09-23T17:48:35+00:00\",\"breadcrumb\":{\"@id\":\"https:\/\/elglobal.do\/index.php\/2025\/09\/23\/prision-preventiva-a-hombre-acusado-de-sustraer-27-medidores-de-electricidad\/#breadcrumb\"},\"inLanguage\":\"es\",\"potentialAction\":[{\"@type\":\"ReadAction\",\"target\":[\"https:\/\/elglobal.do\/index.php\/2025\/09\/23\/prision-preventiva-a-hombre-acusado-de-sustraer-27-medidores-de-electricidad\/\"]}]},{\"@type\":\"ImageObject\",\"inLanguage\":\"es\",\"@id\":\"https:\/\/elglobal.do\/index.php\/2025\/09\/23\/prision-preventiva-a-hombre-acusado-de-sustraer-27-medidores-de-electricidad\/#primaryimage\",\"url\":\"https:\/\/elglobal.do\/wp-content\/uploads\/2025\/09\/Contadores.jpeg\",\"contentUrl\":\"https:\/\/elglobal.do\/wp-content\/uploads\/2025\/09\/Contadores.jpeg\",\"width\":1280,\"height\":853},{\"@type\":\"BreadcrumbList\",\"@id\":\"https:\/\/elglobal.do\/index.php\/2025\/09\/23\/prision-preventiva-a-hombre-acusado-de-sustraer-27-medidores-de-electricidad\/#breadcrumb\",\"itemListElement\":[{\"@type\":\"ListItem\",\"position\":1,\"name\":\"Portada\",\"item\":\"https:\/\/elglobal.do\/\"},{\"@type\":\"ListItem\",\"position\":2,\"name\":\"Prisi\u00f3n preventiva a hombre acusado de sustraer 27 medidores de electricidad\"}]},{\"@type\":\"WebSite\",\"@id\":\"https:\/\/elglobal.do\/#website\",\"url\":\"https:\/\/elglobal.do\/\",\"name\":\"EL GLOBAL INFORMATIVO\",\"description\":\"Peri\u00f3dico digital de la Rep\u00fablica Dominicana que ofrece noticias, novedades, pol\u00edtica y las \u00faltimas actualidades, con informaci\u00f3n veraz y oportuna para mantenerte siempre informad\",\"publisher\":{\"@id\":\"https:\/\/elglobal.do\/#organization\"},\"potentialAction\":[{\"@type\":\"SearchAction\",\"target\":{\"@type\":\"EntryPoint\",\"urlTemplate\":\"https:\/\/elglobal.do\/?s={search_term_string}\"},\"query-input\":{\"@type\":\"PropertyValueSpecification\",\"valueRequired\":true,\"valueName\":\"search_term_string\"}}],\"inLanguage\":\"es\"},{\"@type\":\"Organization\",\"@id\":\"https:\/\/elglobal.do\/#organization\",\"name\":\"EL GLOBAL.DO INFORMATIVO\",\"url\":\"https:\/\/elglobal.do\/\",\"logo\":{\"@type\":\"ImageObject\",\"inLanguage\":\"es\",\"@id\":\"https:\/\/elglobal.do\/#\/schema\/logo\/image\/\",\"url\":\"https:\/\/elglobal.do\/wp-content\/uploads\/2025\/08\/icon.png\",\"contentUrl\":\"https:\/\/elglobal.do\/wp-content\/uploads\/2025\/08\/icon.png\",\"width\":512,\"height\":512,\"caption\":\"EL GLOBAL.DO INFORMATIVO\"},\"image\":{\"@id\":\"https:\/\/elglobal.do\/#\/schema\/logo\/image\/\"}},{\"@type\":\"Person\",\"@id\":\"https:\/\/elglobal.do\/#\/schema\/person\/0c97ec2c7714fb605d230c292f64d55f\",\"name\":\"EL GLOBAL\",\"image\":{\"@type\":\"ImageObject\",\"inLanguage\":\"es\",\"@id\":\"https:\/\/elglobal.do\/#\/schema\/person\/image\/\",\"url\":\"https:\/\/secure.gravatar.com\/avatar\/081cfb6cf99faddc6f4e23a0c11ab98c5cf302925382d1c88dc3ed757ab910a3?s=96&d=mm&r=g\",\"contentUrl\":\"https:\/\/secure.gravatar.com\/avatar\/081cfb6cf99faddc6f4e23a0c11ab98c5cf302925382d1c88dc3ed757ab910a3?s=96&d=mm&r=g\",\"caption\":\"EL GLOBAL\"},\"description\":\"El Global Informativo es un peri\u00f3dico digital de Rep\u00fablica Dominicana que se dedica a cubrir temas importantes, como la pol\u00edtica local, geopol\u00edtica, econom\u00eda, tecnolog\u00eda, noticias internacionales y eventos relacionados con la gesti\u00f3n social, cultural y humana. Su objetivo principal es mantener a la poblaci\u00f3n informada, ofreciendo una visi\u00f3n amplia y actualizada de lo que sucede tanto en el pa\u00eds como en el mundo. Est\u00e1 dirigido por un grupo de periodistas experimentados, lo que garantiza la calidad y la precisi\u00f3n de la informaci\u00f3n que ofrecen. Tiene su sede en la ciudad de Santo Domingo y es parte integral del portafolio de la empresa, MC Global S.R.L.\",\"sameAs\":[\"https:\/\/elglobal.do\",\"https:\/\/www.instagram.com\/elglobal.do_informativo\/\"],\"url\":\"https:\/\/elglobal.do\/index.php\/author\/elglobaluserpro\/\"}]}<\/script>\n<!-- \/ Yoast SEO plugin. -->","yoast_head_json":{"title":"Prisi\u00f3n preventiva a hombre acusado de sustraer 27 medidores de electricidad - EL GLOBAL INFORMATIVO","robots":{"index":"index","follow":"follow","max-snippet":"max-snippet:-1","max-image-preview":"max-image-preview:large","max-video-preview":"max-video-preview:-1"},"canonical":"https:\/\/elglobal.do\/index.php\/2025\/09\/23\/prision-preventiva-a-hombre-acusado-de-sustraer-27-medidores-de-electricidad\/","og_locale":"es_ES","og_type":"article","og_title":"Prisi\u00f3n preventiva a hombre acusado de sustraer 27 medidores de electricidad - EL GLOBAL INFORMATIVO","og_description":"Santo Domingo. &#8211; La Oficina Judicial de Servicios de Atenci\u00f3n Permanente de San Crist\u00f3bal impuso tres meses de prisi\u00f3n preventiva como medida de coerci\u00f3n en contra de Yefri Constante, imputado&hellip;","og_url":"https:\/\/elglobal.do\/index.php\/2025\/09\/23\/prision-preventiva-a-hombre-acusado-de-sustraer-27-medidores-de-electricidad\/","og_site_name":"EL GLOBAL INFORMATIVO","article_published_time":"2025-09-23T17:48:32+00:00","article_modified_time":"2025-09-23T17:48:35+00:00","og_image":[{"width":1280,"height":853,"url":"https:\/\/elglobal.do\/wp-content\/uploads\/2025\/09\/Contadores.jpeg","type":"image\/jpeg"}],"author":"EL GLOBAL","twitter_card":"summary_large_image","twitter_misc":{"Escrito por":"EL GLOBAL","Tiempo de lectura":"1 minuto"},"schema":{"@context":"https:\/\/schema.org","@graph":[{"@type":"Article","@id":"https:\/\/elglobal.do\/index.php\/2025\/09\/23\/prision-preventiva-a-hombre-acusado-de-sustraer-27-medidores-de-electricidad\/#article","isPartOf":{"@id":"https:\/\/elglobal.do\/index.php\/2025\/09\/23\/prision-preventiva-a-hombre-acusado-de-sustraer-27-medidores-de-electricidad\/"},"author":{"name":"EL GLOBAL","@id":"https:\/\/elglobal.do\/#\/schema\/person\/0c97ec2c7714fb605d230c292f64d55f"},"headline":"Prisi\u00f3n preventiva a hombre acusado de sustraer 27 medidores de electricidad","datePublished":"2025-09-23T17:48:32+00:00","dateModified":"2025-09-23T17:48:35+00:00","mainEntityOfPage":{"@id":"https:\/\/elglobal.do\/index.php\/2025\/09\/23\/prision-preventiva-a-hombre-acusado-de-sustraer-27-medidores-de-electricidad\/"},"wordCount":152,"commentCount":0,"publisher":{"@id":"https:\/\/elglobal.do\/#organization"},"image":{"@id":"https:\/\/elglobal.do\/index.php\/2025\/09\/23\/prision-preventiva-a-hombre-acusado-de-sustraer-27-medidores-de-electricidad\/#primaryimage"},"thumbnailUrl":"https:\/\/elglobal.do\/wp-content\/uploads\/2025\/09\/Contadores.jpeg","keywords":["#Acusado","#EDESUR","#ElGlobalInformativo","#medidores","#Prisi\u00f3n","#robo"],"articleSection":["NACIONALES"],"inLanguage":"es","potentialAction":[{"@type":"CommentAction","name":"Comment","target":["https:\/\/elglobal.do\/index.php\/2025\/09\/23\/prision-preventiva-a-hombre-acusado-de-sustraer-27-medidores-de-electricidad\/#respond"]}]},{"@type":"WebPage","@id":"https:\/\/elglobal.do\/index.php\/2025\/09\/23\/prision-preventiva-a-hombre-acusado-de-sustraer-27-medidores-de-electricidad\/","url":"https:\/\/elglobal.do\/index.php\/2025\/09\/23\/prision-preventiva-a-hombre-acusado-de-sustraer-27-medidores-de-electricidad\/","name":"Prisi\u00f3n preventiva a hombre acusado de sustraer 27 medidores de electricidad - EL GLOBAL INFORMATIVO","isPartOf":{"@id":"https:\/\/elglobal.do\/#website"},"primaryImageOfPage":{"@id":"https:\/\/elglobal.do\/index.php\/2025\/09\/23\/prision-preventiva-a-hombre-acusado-de-sustraer-27-medidores-de-electricidad\/#primaryimage"},"image":{"@id":"https:\/\/elglobal.do\/index.php\/2025\/09\/23\/prision-preventiva-a-hombre-acusado-de-sustraer-27-medidores-de-electricidad\/#primaryimage"},"thumbnailUrl":"https:\/\/elglobal.do\/wp-content\/uploads\/2025\/09\/Contadores.jpeg","datePublished":"2025-09-23T17:48:32+00:00","dateModified":"2025-09-23T17:48:35+00:00","breadcrumb":{"@id":"https:\/\/elglobal.do\/index.php\/2025\/09\/23\/prision-preventiva-a-hombre-acusado-de-sustraer-27-medidores-de-electricidad\/#breadcrumb"},"inLanguage":"es","potentialAction":[{"@type":"ReadAction","target":["https:\/\/elglobal.do\/index.php\/2025\/09\/23\/prision-preventiva-a-hombre-acusado-de-sustraer-27-medidores-de-electricidad\/"]}]},{"@type":"ImageObject","inLanguage":"es","@id":"https:\/\/elglobal.do\/index.php\/2025\/09\/23\/prision-preventiva-a-hombre-acusado-de-sustraer-27-medidores-de-electricidad\/#primaryimage","url":"https:\/\/elglobal.do\/wp-content\/uploads\/2025\/09\/Contadores.jpeg","contentUrl":"https:\/\/elglobal.do\/wp-content\/uploads\/2025\/09\/Contadores.jpeg","width":1280,"height":853},{"@type":"BreadcrumbList","@id":"https:\/\/elglobal.do\/index.php\/2025\/09\/23\/prision-preventiva-a-hombre-acusado-de-sustraer-27-medidores-de-electricidad\/#breadcrumb","itemListElement":[{"@type":"ListItem","position":1,"name":"Portada","item":"https:\/\/elglobal.do\/"},{"@type":"ListItem","position":2,"name":"Prisi\u00f3n preventiva a hombre acusado de sustraer 27 medidores de electricidad"}]},{"@type":"WebSite","@id":"https:\/\/elglobal.do\/#website","url":"https:\/\/elglobal.do\/","name":"EL GLOBAL INFORMATIVO","description":"Peri\u00f3dico digital de la Rep\u00fablica Dominicana que ofrece noticias, novedades, pol\u00edtica y las \u00faltimas actualidades, con informaci\u00f3n veraz y oportuna para mantenerte siempre informad","publisher":{"@id":"https:\/\/elglobal.do\/#organization"},"potentialAction":[{"@type":"SearchAction","target":{"@type":"EntryPoint","urlTemplate":"https:\/\/elglobal.do\/?s={search_term_string}"},"query-input":{"@type":"PropertyValueSpecification","valueRequired":true,"valueName":"search_term_string"}}],"inLanguage":"es"},{"@type":"Organization","@id":"https:\/\/elglobal.do\/#organization","name":"EL GLOBAL.DO INFORMATIVO","url":"https:\/\/elglobal.do\/","logo":{"@type":"ImageObject","inLanguage":"es","@id":"https:\/\/elglobal.do\/#\/schema\/logo\/image\/","url":"https:\/\/elglobal.do\/wp-content\/uploads\/2025\/08\/icon.png","contentUrl":"https:\/\/elglobal.do\/wp-content\/uploads\/2025\/08\/icon.png","width":512,"height":512,"caption":"EL GLOBAL.DO INFORMATIVO"},"image":{"@id":"https:\/\/elglobal.do\/#\/schema\/logo\/image\/"}},{"@type":"Person","@id":"https:\/\/elglobal.do\/#\/schema\/person\/0c97ec2c7714fb605d230c292f64d55f","name":"EL GLOBAL","image":{"@type":"ImageObject","inLanguage":"es","@id":"https:\/\/elglobal.do\/#\/schema\/person\/image\/","url":"https:\/\/secure.gravatar.com\/avatar\/081cfb6cf99faddc6f4e23a0c11ab98c5cf302925382d1c88dc3ed757ab910a3?s=96&d=mm&r=g","contentUrl":"https:\/\/secure.gravatar.com\/avatar\/081cfb6cf99faddc6f4e23a0c11ab98c5cf302925382d1c88dc3ed757ab910a3?s=96&d=mm&r=g","caption":"EL GLOBAL"},"description":"El Global Informativo es un peri\u00f3dico digital de Rep\u00fablica Dominicana que se dedica a cubrir temas importantes, como la pol\u00edtica local, geopol\u00edtica, econom\u00eda, tecnolog\u00eda, noticias internacionales y eventos relacionados con la gesti\u00f3n social, cultural y humana. Su objetivo principal es mantener a la poblaci\u00f3n informada, ofreciendo una visi\u00f3n amplia y actualizada de lo que sucede tanto en el pa\u00eds como en el mundo. Est\u00e1 dirigido por un grupo de periodistas experimentados, lo que garantiza la calidad y la precisi\u00f3n de la informaci\u00f3n que ofrecen. Tiene su sede en la ciudad de Santo Domingo y es parte integral del portafolio de la empresa, MC Global S.R.L.","sameAs":["https:\/\/elglobal.do","https:\/\/www.instagram.com\/elglobal.do_informativo\/"],"url":"https:\/\/elglobal.do\/index.php\/author\/elglobaluserpro\/"}]}},"jetpack_featured_media_url":"https:\/\/elglobal.do\/wp-content\/uploads\/2025\/09\/Contadores.jpeg","jetpack_sharing_enabled":true,"_links":{"self":[{"href":"https:\/\/elglobal.do\/index.php\/wp-json\/wp\/v2\/posts\/2495","targetHints":{"allow":["GET"]}}],"collection":[{"href":"https:\/\/elglobal.do\/index.php\/wp-json\/wp\/v2\/posts"}],"about":[{"href":"https:\/\/elglobal.do\/index.php\/wp-json\/wp\/v2\/types\/post"}],"author":[{"embeddable":true,"href":"https:\/\/elglobal.do\/index.php\/wp-json\/wp\/v2\/users\/1"}],"replies":[{"embeddable":true,"href":"https:\/\/elglobal.do\/index.php\/wp-json\/wp\/v2\/comments?post=2495"}],"version-history":[{"count":1,"href":"https:\/\/elglobal.do\/index.php\/wp-json\/wp\/v2\/posts\/2495\/revisions"}],"predecessor-version":[{"id":2497,"href":"https:\/\/elglobal.do\/index.php\/wp-json\/wp\/v2\/posts\/2495\/revisions\/2497"}],"wp:featuredmedia":[{"embeddable":true,"href":"https:\/\/elglobal.do\/index.php\/wp-json\/wp\/v2\/media\/2496"}],"wp:attachment":[{"href":"https:\/\/elglobal.do\/index.php\/wp-json\/wp\/v2\/media?parent=2495"}],"wp:term":[{"taxonomy":"category","embeddable":true,"href":"https:\/\/elglobal.do\/index.php\/wp-json\/wp\/v2\/categories?post=2495"},{"taxonomy":"post_tag","embeddable":true,"href":"https:\/\/elglobal.do\/index.php\/wp-json\/wp\/v2\/tags?post=2495"}],"curies":[{"name":"wp","href":"https:\/\/api.w.org\/{rel}","templated":true}]}}