{"id":2498,"date":"2025-09-23T14:45:33","date_gmt":"2025-09-23T18:45:33","guid":{"rendered":"https:\/\/elglobal.do\/?p=2498"},"modified":"2025-09-23T15:01:13","modified_gmt":"2025-09-23T19:01:13","slug":"adp-denuncia-eliminan-jornada-de-tanda-extendida-en-188-escuelas","status":"publish","type":"post","link":"https:\/\/elglobal.do\/index.php\/2025\/09\/23\/adp-denuncia-eliminan-jornada-de-tanda-extendida-en-188-escuelas\/","title":{"rendered":"ADP denuncia eliminan jornada de tanda extendida en 188 escuelas"},"content":{"rendered":"\n<figure class=\"wp-block-image size-full is-resized\"><img loading=\"lazy\" decoding=\"async\" width=\"800\" height=\"600\" src=\"https:\/\/elglobal.do\/wp-content\/uploads\/2025\/09\/image-134.png\" alt=\"\" class=\"wp-image-2499\" style=\"width:601px;height:auto\" srcset=\"https:\/\/elglobal.do\/wp-content\/uploads\/2025\/09\/image-134.png 800w, https:\/\/elglobal.do\/wp-content\/uploads\/2025\/09\/image-134-300x225.png 300w, https:\/\/elglobal.do\/wp-content\/uploads\/2025\/09\/image-134-768x576.png 768w\" sizes=\"auto, (max-width: 800px) 100vw, 800px\" \/><\/figure>\n\n\n\n<p><strong>Santo Domingo.-<\/strong> La\u00a0<strong>Asociaci\u00f3n Dominicana de Profesores<\/strong>\u00a0(ADP) expres\u00f3 su preocupaci\u00f3n con el retroceso en la\u00a0<strong>tanda extendida<\/strong>\u00a0en varios centros educativos a nivel nacional, causando la eliminaci\u00f3n de la tanda extendida.<\/p>\n\n\n\n<p><strong>Eduardo Hidalgo<\/strong>, presidente de la ADP, asegur\u00f3 que 188 centros se han visto en la obligaci\u00f3n de eliminar la&nbsp;<strong>jornada extendida<\/strong>&nbsp;y volver a la antigua modalidad de la doble tanda debido a la falta de personal administrativo y docente.<\/p>\n\n\n\n<p>\u201cA determinada hora del d\u00eda no hay maestros y los estudiantes se tienen que quedar solos en las escuelas o los padres ir a buscarlos por la falta de personal\u201d, continu\u00f3, agregando que junto al Ministerio de Educaci\u00f3n crearon un banco de maestros elegibles para que inicien las docencias en el transcurso del a\u00f1o escolar.<\/p>\n\n\n\n<p>Hidalgo precis\u00f3 que, pese a las condiciones en las que algunos centros educativos se encontraban, se tom\u00f3 la decisi\u00f3n de iniciar las clases para que los estudiantes no perdieran este ciclo escolar, pero en lo adelante las autoridades ir\u00e1n acondicionando las aulas.<\/p>\n\n\n\n<p>\u201cQue los estudiantes est\u00e9n en un ambiente que no es favorable para su educaci\u00f3n viola sus derechos a la educaci\u00f3n y se debe guardar la segunda de los estudiantes; por eso nos preocupa que las escuelas y centros educativos no cuenten con profesores y personal de apoyo\u201d, agreg\u00f3 durante una rueda de prensa en la sede de la ADP.<strong> <\/strong><\/p>\n\n\n\n<p><strong>Estudiantes se quedan fuera de las aulas<\/strong><\/p>\n\n\n\n<p>A un mes de iniciar el a\u00f1o escolar 2025-2026, Eduardo Hidalgo asegur\u00f3 que al menos 400 mil estudiantes quedaron fuera de m\u00e1s aulas.<\/p>\n\n\n\n<p>De esta cantidad, 200 mil corresponden a ni\u00f1os de 3 a 5 a\u00f1os y el resto, de 5 a\u00f1os hasta el<strong>&nbsp;nivel secundario<\/strong>.<\/p>\n\n\n\n<p>Adem\u00e1s, asegur\u00f3 que un 10% de estudiantes no pudieron iniciar las clases por deficiencias en los centros educativos donde est\u00e1n inscritos.<\/p>\n\n\n\n<p><\/p>\n","protected":false},"excerpt":{"rendered":"<p>Santo Domingo.- La\u00a0Asociaci\u00f3n Dominicana de Profesores\u00a0(ADP) expres\u00f3 su preocupaci\u00f3n con el retroceso en la\u00a0tanda extendida\u00a0en varios centros educativos a nivel nacional, causando la eliminaci\u00f3n de la tanda extendida. Eduardo Hidalgo,&hellip; <\/p>\n","protected":false},"author":1,"featured_media":2499,"comment_status":"open","ping_status":"open","sticky":false,"template":"","format":"standard","meta":{"_jetpack_memberships_contains_paid_content":false,"footnotes":""},"categories":[119,14],"tags":[856,660,1257,1327,1326],"class_list":["post-2498","post","type-post","status-publish","format-standard","has-post-thumbnail","hentry","category-educacion","category-slider","tag-adp","tag-escuelas","tag-estudiantes","tag-profesores","tag-tandasextendidas"],"yoast_head":"<!-- This site is optimized with the Yoast SEO plugin v26.9 - https:\/\/yoast.com\/product\/yoast-seo-wordpress\/ -->\n<title>ADP denuncia eliminan jornada de tanda extendida en 188 escuelas - EL GLOBAL INFORMATIVO<\/title>\n<meta name=\"robots\" content=\"index, follow, max-snippet:-1, max-image-preview:large, max-video-preview:-1\" \/>\n<link rel=\"canonical\" href=\"https:\/\/elglobal.do\/index.php\/2025\/09\/23\/adp-denuncia-eliminan-jornada-de-tanda-extendida-en-188-escuelas\/\" \/>\n<meta property=\"og:locale\" content=\"es_ES\" \/>\n<meta property=\"og:type\" content=\"article\" \/>\n<meta property=\"og:title\" content=\"ADP denuncia eliminan jornada de tanda extendida en 188 escuelas - EL GLOBAL INFORMATIVO\" \/>\n<meta property=\"og:description\" content=\"Santo Domingo.- La\u00a0Asociaci\u00f3n Dominicana de Profesores\u00a0(ADP) expres\u00f3 su preocupaci\u00f3n con el retroceso en la\u00a0tanda extendida\u00a0en varios centros educativos a nivel nacional, causando la eliminaci\u00f3n de la tanda extendida. Eduardo Hidalgo,&hellip;\" \/>\n<meta property=\"og:url\" content=\"https:\/\/elglobal.do\/index.php\/2025\/09\/23\/adp-denuncia-eliminan-jornada-de-tanda-extendida-en-188-escuelas\/\" \/>\n<meta property=\"og:site_name\" content=\"EL GLOBAL INFORMATIVO\" \/>\n<meta property=\"article:published_time\" content=\"2025-09-23T18:45:33+00:00\" \/>\n<meta property=\"article:modified_time\" content=\"2025-09-23T19:01:13+00:00\" \/>\n<meta property=\"og:image\" content=\"https:\/\/elglobal.do\/wp-content\/uploads\/2025\/09\/image-134.png\" \/>\n\t<meta property=\"og:image:width\" content=\"800\" \/>\n\t<meta property=\"og:image:height\" content=\"600\" \/>\n\t<meta property=\"og:image:type\" content=\"image\/png\" \/>\n<meta name=\"author\" content=\"EL GLOBAL\" \/>\n<meta name=\"twitter:card\" content=\"summary_large_image\" \/>\n<meta name=\"twitter:label1\" content=\"Escrito por\" \/>\n\t<meta name=\"twitter:data1\" content=\"EL GLOBAL\" \/>\n\t<meta name=\"twitter:label2\" content=\"Tiempo de lectura\" \/>\n\t<meta name=\"twitter:data2\" content=\"2 minutos\" \/>\n<script type=\"application\/ld+json\" class=\"yoast-schema-graph\">{\"@context\":\"https:\/\/schema.org\",\"@graph\":[{\"@type\":\"Article\",\"@id\":\"https:\/\/elglobal.do\/index.php\/2025\/09\/23\/adp-denuncia-eliminan-jornada-de-tanda-extendida-en-188-escuelas\/#article\",\"isPartOf\":{\"@id\":\"https:\/\/elglobal.do\/index.php\/2025\/09\/23\/adp-denuncia-eliminan-jornada-de-tanda-extendida-en-188-escuelas\/\"},\"author\":{\"name\":\"EL GLOBAL\",\"@id\":\"https:\/\/elglobal.do\/#\/schema\/person\/0c97ec2c7714fb605d230c292f64d55f\"},\"headline\":\"ADP denuncia eliminan jornada de tanda extendida en 188 escuelas\",\"datePublished\":\"2025-09-23T18:45:33+00:00\",\"dateModified\":\"2025-09-23T19:01:13+00:00\",\"mainEntityOfPage\":{\"@id\":\"https:\/\/elglobal.do\/index.php\/2025\/09\/23\/adp-denuncia-eliminan-jornada-de-tanda-extendida-en-188-escuelas\/\"},\"wordCount\":327,\"commentCount\":0,\"publisher\":{\"@id\":\"https:\/\/elglobal.do\/#organization\"},\"image\":{\"@id\":\"https:\/\/elglobal.do\/index.php\/2025\/09\/23\/adp-denuncia-eliminan-jornada-de-tanda-extendida-en-188-escuelas\/#primaryimage\"},\"thumbnailUrl\":\"https:\/\/elglobal.do\/wp-content\/uploads\/2025\/09\/image-134.png\",\"keywords\":[\"#ADP\",\"#Escuelas\",\"#estudiantes\",\"#Profesores\",\"#Tandasextendidas\"],\"articleSection\":[\"EDUCACI\u00d3N\",\"NOTICIAS RELEVANTES\"],\"inLanguage\":\"es\",\"potentialAction\":[{\"@type\":\"CommentAction\",\"name\":\"Comment\",\"target\":[\"https:\/\/elglobal.do\/index.php\/2025\/09\/23\/adp-denuncia-eliminan-jornada-de-tanda-extendida-en-188-escuelas\/#respond\"]}]},{\"@type\":\"WebPage\",\"@id\":\"https:\/\/elglobal.do\/index.php\/2025\/09\/23\/adp-denuncia-eliminan-jornada-de-tanda-extendida-en-188-escuelas\/\",\"url\":\"https:\/\/elglobal.do\/index.php\/2025\/09\/23\/adp-denuncia-eliminan-jornada-de-tanda-extendida-en-188-escuelas\/\",\"name\":\"ADP denuncia eliminan jornada de tanda extendida en 188 escuelas - EL GLOBAL INFORMATIVO\",\"isPartOf\":{\"@id\":\"https:\/\/elglobal.do\/#website\"},\"primaryImageOfPage\":{\"@id\":\"https:\/\/elglobal.do\/index.php\/2025\/09\/23\/adp-denuncia-eliminan-jornada-de-tanda-extendida-en-188-escuelas\/#primaryimage\"},\"image\":{\"@id\":\"https:\/\/elglobal.do\/index.php\/2025\/09\/23\/adp-denuncia-eliminan-jornada-de-tanda-extendida-en-188-escuelas\/#primaryimage\"},\"thumbnailUrl\":\"https:\/\/elglobal.do\/wp-content\/uploads\/2025\/09\/image-134.png\",\"datePublished\":\"2025-09-23T18:45:33+00:00\",\"dateModified\":\"2025-09-23T19:01:13+00:00\",\"breadcrumb\":{\"@id\":\"https:\/\/elglobal.do\/index.php\/2025\/09\/23\/adp-denuncia-eliminan-jornada-de-tanda-extendida-en-188-escuelas\/#breadcrumb\"},\"inLanguage\":\"es\",\"potentialAction\":[{\"@type\":\"ReadAction\",\"target\":[\"https:\/\/elglobal.do\/index.php\/2025\/09\/23\/adp-denuncia-eliminan-jornada-de-tanda-extendida-en-188-escuelas\/\"]}]},{\"@type\":\"ImageObject\",\"inLanguage\":\"es\",\"@id\":\"https:\/\/elglobal.do\/index.php\/2025\/09\/23\/adp-denuncia-eliminan-jornada-de-tanda-extendida-en-188-escuelas\/#primaryimage\",\"url\":\"https:\/\/elglobal.do\/wp-content\/uploads\/2025\/09\/image-134.png\",\"contentUrl\":\"https:\/\/elglobal.do\/wp-content\/uploads\/2025\/09\/image-134.png\",\"width\":800,\"height\":600},{\"@type\":\"BreadcrumbList\",\"@id\":\"https:\/\/elglobal.do\/index.php\/2025\/09\/23\/adp-denuncia-eliminan-jornada-de-tanda-extendida-en-188-escuelas\/#breadcrumb\",\"itemListElement\":[{\"@type\":\"ListItem\",\"position\":1,\"name\":\"Portada\",\"item\":\"https:\/\/elglobal.do\/\"},{\"@type\":\"ListItem\",\"position\":2,\"name\":\"ADP denuncia eliminan jornada de tanda extendida en 188 escuelas\"}]},{\"@type\":\"WebSite\",\"@id\":\"https:\/\/elglobal.do\/#website\",\"url\":\"https:\/\/elglobal.do\/\",\"name\":\"EL GLOBAL INFORMATIVO\",\"description\":\"Peri\u00f3dico digital de la Rep\u00fablica Dominicana que ofrece noticias, novedades, pol\u00edtica y las \u00faltimas actualidades, con informaci\u00f3n veraz y oportuna para mantenerte siempre informad\",\"publisher\":{\"@id\":\"https:\/\/elglobal.do\/#organization\"},\"potentialAction\":[{\"@type\":\"SearchAction\",\"target\":{\"@type\":\"EntryPoint\",\"urlTemplate\":\"https:\/\/elglobal.do\/?s={search_term_string}\"},\"query-input\":{\"@type\":\"PropertyValueSpecification\",\"valueRequired\":true,\"valueName\":\"search_term_string\"}}],\"inLanguage\":\"es\"},{\"@type\":\"Organization\",\"@id\":\"https:\/\/elglobal.do\/#organization\",\"name\":\"EL GLOBAL.DO INFORMATIVO\",\"url\":\"https:\/\/elglobal.do\/\",\"logo\":{\"@type\":\"ImageObject\",\"inLanguage\":\"es\",\"@id\":\"https:\/\/elglobal.do\/#\/schema\/logo\/image\/\",\"url\":\"https:\/\/elglobal.do\/wp-content\/uploads\/2025\/08\/icon.png\",\"contentUrl\":\"https:\/\/elglobal.do\/wp-content\/uploads\/2025\/08\/icon.png\",\"width\":512,\"height\":512,\"caption\":\"EL GLOBAL.DO INFORMATIVO\"},\"image\":{\"@id\":\"https:\/\/elglobal.do\/#\/schema\/logo\/image\/\"}},{\"@type\":\"Person\",\"@id\":\"https:\/\/elglobal.do\/#\/schema\/person\/0c97ec2c7714fb605d230c292f64d55f\",\"name\":\"EL GLOBAL\",\"image\":{\"@type\":\"ImageObject\",\"inLanguage\":\"es\",\"@id\":\"https:\/\/elglobal.do\/#\/schema\/person\/image\/\",\"url\":\"https:\/\/secure.gravatar.com\/avatar\/081cfb6cf99faddc6f4e23a0c11ab98c5cf302925382d1c88dc3ed757ab910a3?s=96&d=mm&r=g\",\"contentUrl\":\"https:\/\/secure.gravatar.com\/avatar\/081cfb6cf99faddc6f4e23a0c11ab98c5cf302925382d1c88dc3ed757ab910a3?s=96&d=mm&r=g\",\"caption\":\"EL GLOBAL\"},\"description\":\"El Global Informativo es un peri\u00f3dico digital de Rep\u00fablica Dominicana que se dedica a cubrir temas importantes, como la pol\u00edtica local, geopol\u00edtica, econom\u00eda, tecnolog\u00eda, noticias internacionales y eventos relacionados con la gesti\u00f3n social, cultural y humana. Su objetivo principal es mantener a la poblaci\u00f3n informada, ofreciendo una visi\u00f3n amplia y actualizada de lo que sucede tanto en el pa\u00eds como en el mundo. Est\u00e1 dirigido por un grupo de periodistas experimentados, lo que garantiza la calidad y la precisi\u00f3n de la informaci\u00f3n que ofrecen. Tiene su sede en la ciudad de Santo Domingo y es parte integral del portafolio de la empresa, MC Global S.R.L.\",\"sameAs\":[\"https:\/\/elglobal.do\",\"https:\/\/www.instagram.com\/elglobal.do_informativo\/\"],\"url\":\"https:\/\/elglobal.do\/index.php\/author\/elglobaluserpro\/\"}]}<\/script>\n<!-- \/ Yoast SEO plugin. -->","yoast_head_json":{"title":"ADP denuncia eliminan jornada de tanda extendida en 188 escuelas - EL GLOBAL INFORMATIVO","robots":{"index":"index","follow":"follow","max-snippet":"max-snippet:-1","max-image-preview":"max-image-preview:large","max-video-preview":"max-video-preview:-1"},"canonical":"https:\/\/elglobal.do\/index.php\/2025\/09\/23\/adp-denuncia-eliminan-jornada-de-tanda-extendida-en-188-escuelas\/","og_locale":"es_ES","og_type":"article","og_title":"ADP denuncia eliminan jornada de tanda extendida en 188 escuelas - EL GLOBAL INFORMATIVO","og_description":"Santo Domingo.- La\u00a0Asociaci\u00f3n Dominicana de Profesores\u00a0(ADP) expres\u00f3 su preocupaci\u00f3n con el retroceso en la\u00a0tanda extendida\u00a0en varios centros educativos a nivel nacional, causando la eliminaci\u00f3n de la tanda extendida. Eduardo Hidalgo,&hellip;","og_url":"https:\/\/elglobal.do\/index.php\/2025\/09\/23\/adp-denuncia-eliminan-jornada-de-tanda-extendida-en-188-escuelas\/","og_site_name":"EL GLOBAL INFORMATIVO","article_published_time":"2025-09-23T18:45:33+00:00","article_modified_time":"2025-09-23T19:01:13+00:00","og_image":[{"width":800,"height":600,"url":"https:\/\/elglobal.do\/wp-content\/uploads\/2025\/09\/image-134.png","type":"image\/png"}],"author":"EL GLOBAL","twitter_card":"summary_large_image","twitter_misc":{"Escrito por":"EL GLOBAL","Tiempo de lectura":"2 minutos"},"schema":{"@context":"https:\/\/schema.org","@graph":[{"@type":"Article","@id":"https:\/\/elglobal.do\/index.php\/2025\/09\/23\/adp-denuncia-eliminan-jornada-de-tanda-extendida-en-188-escuelas\/#article","isPartOf":{"@id":"https:\/\/elglobal.do\/index.php\/2025\/09\/23\/adp-denuncia-eliminan-jornada-de-tanda-extendida-en-188-escuelas\/"},"author":{"name":"EL GLOBAL","@id":"https:\/\/elglobal.do\/#\/schema\/person\/0c97ec2c7714fb605d230c292f64d55f"},"headline":"ADP denuncia eliminan jornada de tanda extendida en 188 escuelas","datePublished":"2025-09-23T18:45:33+00:00","dateModified":"2025-09-23T19:01:13+00:00","mainEntityOfPage":{"@id":"https:\/\/elglobal.do\/index.php\/2025\/09\/23\/adp-denuncia-eliminan-jornada-de-tanda-extendida-en-188-escuelas\/"},"wordCount":327,"commentCount":0,"publisher":{"@id":"https:\/\/elglobal.do\/#organization"},"image":{"@id":"https:\/\/elglobal.do\/index.php\/2025\/09\/23\/adp-denuncia-eliminan-jornada-de-tanda-extendida-en-188-escuelas\/#primaryimage"},"thumbnailUrl":"https:\/\/elglobal.do\/wp-content\/uploads\/2025\/09\/image-134.png","keywords":["#ADP","#Escuelas","#estudiantes","#Profesores","#Tandasextendidas"],"articleSection":["EDUCACI\u00d3N","NOTICIAS RELEVANTES"],"inLanguage":"es","potentialAction":[{"@type":"CommentAction","name":"Comment","target":["https:\/\/elglobal.do\/index.php\/2025\/09\/23\/adp-denuncia-eliminan-jornada-de-tanda-extendida-en-188-escuelas\/#respond"]}]},{"@type":"WebPage","@id":"https:\/\/elglobal.do\/index.php\/2025\/09\/23\/adp-denuncia-eliminan-jornada-de-tanda-extendida-en-188-escuelas\/","url":"https:\/\/elglobal.do\/index.php\/2025\/09\/23\/adp-denuncia-eliminan-jornada-de-tanda-extendida-en-188-escuelas\/","name":"ADP denuncia eliminan jornada de tanda extendida en 188 escuelas - EL GLOBAL INFORMATIVO","isPartOf":{"@id":"https:\/\/elglobal.do\/#website"},"primaryImageOfPage":{"@id":"https:\/\/elglobal.do\/index.php\/2025\/09\/23\/adp-denuncia-eliminan-jornada-de-tanda-extendida-en-188-escuelas\/#primaryimage"},"image":{"@id":"https:\/\/elglobal.do\/index.php\/2025\/09\/23\/adp-denuncia-eliminan-jornada-de-tanda-extendida-en-188-escuelas\/#primaryimage"},"thumbnailUrl":"https:\/\/elglobal.do\/wp-content\/uploads\/2025\/09\/image-134.png","datePublished":"2025-09-23T18:45:33+00:00","dateModified":"2025-09-23T19:01:13+00:00","breadcrumb":{"@id":"https:\/\/elglobal.do\/index.php\/2025\/09\/23\/adp-denuncia-eliminan-jornada-de-tanda-extendida-en-188-escuelas\/#breadcrumb"},"inLanguage":"es","potentialAction":[{"@type":"ReadAction","target":["https:\/\/elglobal.do\/index.php\/2025\/09\/23\/adp-denuncia-eliminan-jornada-de-tanda-extendida-en-188-escuelas\/"]}]},{"@type":"ImageObject","inLanguage":"es","@id":"https:\/\/elglobal.do\/index.php\/2025\/09\/23\/adp-denuncia-eliminan-jornada-de-tanda-extendida-en-188-escuelas\/#primaryimage","url":"https:\/\/elglobal.do\/wp-content\/uploads\/2025\/09\/image-134.png","contentUrl":"https:\/\/elglobal.do\/wp-content\/uploads\/2025\/09\/image-134.png","width":800,"height":600},{"@type":"BreadcrumbList","@id":"https:\/\/elglobal.do\/index.php\/2025\/09\/23\/adp-denuncia-eliminan-jornada-de-tanda-extendida-en-188-escuelas\/#breadcrumb","itemListElement":[{"@type":"ListItem","position":1,"name":"Portada","item":"https:\/\/elglobal.do\/"},{"@type":"ListItem","position":2,"name":"ADP denuncia eliminan jornada de tanda extendida en 188 escuelas"}]},{"@type":"WebSite","@id":"https:\/\/elglobal.do\/#website","url":"https:\/\/elglobal.do\/","name":"EL GLOBAL INFORMATIVO","description":"Peri\u00f3dico digital de la Rep\u00fablica Dominicana que ofrece noticias, novedades, pol\u00edtica y las \u00faltimas actualidades, con informaci\u00f3n veraz y oportuna para mantenerte siempre informad","publisher":{"@id":"https:\/\/elglobal.do\/#organization"},"potentialAction":[{"@type":"SearchAction","target":{"@type":"EntryPoint","urlTemplate":"https:\/\/elglobal.do\/?s={search_term_string}"},"query-input":{"@type":"PropertyValueSpecification","valueRequired":true,"valueName":"search_term_string"}}],"inLanguage":"es"},{"@type":"Organization","@id":"https:\/\/elglobal.do\/#organization","name":"EL GLOBAL.DO INFORMATIVO","url":"https:\/\/elglobal.do\/","logo":{"@type":"ImageObject","inLanguage":"es","@id":"https:\/\/elglobal.do\/#\/schema\/logo\/image\/","url":"https:\/\/elglobal.do\/wp-content\/uploads\/2025\/08\/icon.png","contentUrl":"https:\/\/elglobal.do\/wp-content\/uploads\/2025\/08\/icon.png","width":512,"height":512,"caption":"EL GLOBAL.DO INFORMATIVO"},"image":{"@id":"https:\/\/elglobal.do\/#\/schema\/logo\/image\/"}},{"@type":"Person","@id":"https:\/\/elglobal.do\/#\/schema\/person\/0c97ec2c7714fb605d230c292f64d55f","name":"EL GLOBAL","image":{"@type":"ImageObject","inLanguage":"es","@id":"https:\/\/elglobal.do\/#\/schema\/person\/image\/","url":"https:\/\/secure.gravatar.com\/avatar\/081cfb6cf99faddc6f4e23a0c11ab98c5cf302925382d1c88dc3ed757ab910a3?s=96&d=mm&r=g","contentUrl":"https:\/\/secure.gravatar.com\/avatar\/081cfb6cf99faddc6f4e23a0c11ab98c5cf302925382d1c88dc3ed757ab910a3?s=96&d=mm&r=g","caption":"EL GLOBAL"},"description":"El Global Informativo es un peri\u00f3dico digital de Rep\u00fablica Dominicana que se dedica a cubrir temas importantes, como la pol\u00edtica local, geopol\u00edtica, econom\u00eda, tecnolog\u00eda, noticias internacionales y eventos relacionados con la gesti\u00f3n social, cultural y humana. Su objetivo principal es mantener a la poblaci\u00f3n informada, ofreciendo una visi\u00f3n amplia y actualizada de lo que sucede tanto en el pa\u00eds como en el mundo. Est\u00e1 dirigido por un grupo de periodistas experimentados, lo que garantiza la calidad y la precisi\u00f3n de la informaci\u00f3n que ofrecen. Tiene su sede en la ciudad de Santo Domingo y es parte integral del portafolio de la empresa, MC Global S.R.L.","sameAs":["https:\/\/elglobal.do","https:\/\/www.instagram.com\/elglobal.do_informativo\/"],"url":"https:\/\/elglobal.do\/index.php\/author\/elglobaluserpro\/"}]}},"jetpack_featured_media_url":"https:\/\/elglobal.do\/wp-content\/uploads\/2025\/09\/image-134.png","jetpack_sharing_enabled":true,"_links":{"self":[{"href":"https:\/\/elglobal.do\/index.php\/wp-json\/wp\/v2\/posts\/2498","targetHints":{"allow":["GET"]}}],"collection":[{"href":"https:\/\/elglobal.do\/index.php\/wp-json\/wp\/v2\/posts"}],"about":[{"href":"https:\/\/elglobal.do\/index.php\/wp-json\/wp\/v2\/types\/post"}],"author":[{"embeddable":true,"href":"https:\/\/elglobal.do\/index.php\/wp-json\/wp\/v2\/users\/1"}],"replies":[{"embeddable":true,"href":"https:\/\/elglobal.do\/index.php\/wp-json\/wp\/v2\/comments?post=2498"}],"version-history":[{"count":1,"href":"https:\/\/elglobal.do\/index.php\/wp-json\/wp\/v2\/posts\/2498\/revisions"}],"predecessor-version":[{"id":2500,"href":"https:\/\/elglobal.do\/index.php\/wp-json\/wp\/v2\/posts\/2498\/revisions\/2500"}],"wp:featuredmedia":[{"embeddable":true,"href":"https:\/\/elglobal.do\/index.php\/wp-json\/wp\/v2\/media\/2499"}],"wp:attachment":[{"href":"https:\/\/elglobal.do\/index.php\/wp-json\/wp\/v2\/media?parent=2498"}],"wp:term":[{"taxonomy":"category","embeddable":true,"href":"https:\/\/elglobal.do\/index.php\/wp-json\/wp\/v2\/categories?post=2498"},{"taxonomy":"post_tag","embeddable":true,"href":"https:\/\/elglobal.do\/index.php\/wp-json\/wp\/v2\/tags?post=2498"}],"curies":[{"name":"wp","href":"https:\/\/api.w.org\/{rel}","templated":true}]}}