{"id":2605,"date":"2025-09-26T10:54:29","date_gmt":"2025-09-26T14:54:29","guid":{"rendered":"https:\/\/elglobal.do\/?p=2605"},"modified":"2025-09-26T10:54:32","modified_gmt":"2025-09-26T14:54:32","slug":"inauguran-la-27a-edicion-de-la-feria-internacional-del-libro","status":"publish","type":"post","link":"https:\/\/elglobal.do\/index.php\/2025\/09\/26\/inauguran-la-27a-edicion-de-la-feria-internacional-del-libro\/","title":{"rendered":"Inauguran la 27\u00aa edici\u00f3n de la Feria Internacional del Libro"},"content":{"rendered":"\n<figure class=\"wp-block-image size-full is-resized\"><img loading=\"lazy\" decoding=\"async\" width=\"800\" height=\"534\" src=\"https:\/\/elglobal.do\/wp-content\/uploads\/2025\/09\/image-161.png\" alt=\"\" class=\"wp-image-2606\" style=\"width:568px;height:auto\" srcset=\"https:\/\/elglobal.do\/wp-content\/uploads\/2025\/09\/image-161.png 800w, https:\/\/elglobal.do\/wp-content\/uploads\/2025\/09\/image-161-300x200.png 300w, https:\/\/elglobal.do\/wp-content\/uploads\/2025\/09\/image-161-768x513.png 768w\" sizes=\"auto, (max-width: 800px) 100vw, 800px\" \/><\/figure>\n\n\n\n<p><strong>Santo Domingo.-<\/strong>La vicepresidenta Raquel Pe\u00f1a encabez\u00f3 el acto de inauguraci\u00f3n que dio inicio oficial a la edici\u00f3n n\u00famero 27 de la Feria Internacional del Libro Santo Domingo 2025 (FILSD 2025), la cual est\u00e1 dedicada al historiador Frank Moya Ponz.<\/p>\n\n\n\n<p>Al pronunciar las palabras centrales del acto, Pe\u00f1a manifest\u00f3 que una de las intenciones de la actual gesti\u00f3n de Gobierno es que en todas las comunidades del pa\u00eds exista una biblioteca.<\/p>\n\n\n\n<p><strong>\u00abQueremos que, en todas las comunidades exista una biblioteca viva, abierta y accesible, que sea punto de encuentro, espacio de di\u00e1logo, cuna de ideas y descubrimiento de vocaciones. Por eso lanzamos el proyecto La Fiesta de la Lectura, una iniciativa que busca llevar la magia de los libros a cada localidad del pa\u00eds\u00bb,<\/strong> manifest\u00f3 Pe\u00f1a.<\/p>\n\n\n\n<p>La vicemandataria exclam\u00f3 que leer es un \u00abacto de fe\u00bb que permite a las personas so\u00f1ar con un \u00abfuturo mejor\u00bb y una Rep\u00fablica Dominicana \u00abm\u00e1s justa\u00bb.<\/p>\n\n\n\n<p>\u00abLeer es un acto de fe. Leer es un acto de esperanza. Leer es la manera m\u00e1s poderosa de so\u00f1ar con un mundo mejor. Por eso tengo fe. Fe en que lograremos comprendernos m\u00e1s all\u00e1 de nuestras diferencias. Fe en que podremos dialogar, convivir y construir un pa\u00eds m\u00e1s justo que el que recibimos. Fe en que nuestros hijos y nietos heredar\u00e1n un futuro mejor\u00bb, resalt\u00f3.<\/p>\n\n\n\n<p>De su lado, el ministro de Cultura, Roberto \u00c1ngel Salcedo, manifest\u00f3 que que la presente edici\u00f3n pone especial \u00e9nfasis en la literatura infantil y juvenil, con espacios dise\u00f1ados para cautivar la imaginaci\u00f3n de los m\u00e1s peque\u00f1os, al tiempo que destac\u00f3 innovaciones como la instalaci\u00f3n de una Sala de Negocios para internacionalizar las letras dominicanas, la implementaci\u00f3n del programa Multiplicando Letras para descentralizar la cultura y el fortalecimiento del Bonolibro como incentivo para el fomento de la lectura.<\/p>\n\n\n\n<p>\u00ab(La Feria del Libro) Es la principal convocatoria cultural de nuestro pa\u00eds y uno de los acontecimientos literarios m\u00e1s importantes de la regi\u00f3n. Este es, adem\u00e1s, un acontecimiento que trasciende lo estrictamente literario para convertirse en un ejercicio de ciudadan\u00eda, memoria y futuro. Cada feria del libro es en esencia una met\u00e1fora de la noci\u00f3n. Aqu\u00ed se cruzan la historia y la contemporaneidad, la tradici\u00f3n y la innovaci\u00f3n, lo local y lo universal\u00bb, manifest\u00f3 Salcedo.<\/p>\n\n\n\n<p>Durante el acto tambi\u00e9n particip\u00f3 la alcaldesa del Distrito Nacional, Carolina Mej\u00eda, quien destac\u00f3 la relevancia de la lectura y el papel de la feria como motor de la vida cultural del pa\u00eds.<\/p>\n\n\n\n<p>De igual forma, Frank Moya Pons agradeci\u00f3 la dedicatoria del evento y valor\u00f3 el reconocimiento a su trayectoria, destacando la importancia de mantener viva la memoria hist\u00f3rica y literaria de la naci\u00f3n.<\/p>\n\n\n\n<p><\/p>\n","protected":false},"excerpt":{"rendered":"<p>Santo Domingo.-La vicepresidenta Raquel Pe\u00f1a encabez\u00f3 el acto de inauguraci\u00f3n que dio inicio oficial a la edici\u00f3n n\u00famero 27 de la Feria Internacional del Libro Santo Domingo 2025 (FILSD 2025),&hellip; <\/p>\n","protected":false},"author":1,"featured_media":2606,"comment_status":"open","ping_status":"open","sticky":false,"template":"","format":"standard","meta":{"_jetpack_memberships_contains_paid_content":false,"footnotes":""},"categories":[40],"tags":[1396,1397,1399,642],"class_list":["post-2605","post","type-post","status-publish","format-standard","has-post-thumbnail","hentry","category-nacionales","tag-feriadellibro","tag-filsd2025","tag-inauguran","tag-raquelpena"],"yoast_head":"<!-- This site is optimized with the Yoast SEO plugin v26.9 - https:\/\/yoast.com\/product\/yoast-seo-wordpress\/ -->\n<title>Inauguran la 27\u00aa edici\u00f3n de la Feria Internacional del Libro - EL GLOBAL INFORMATIVO<\/title>\n<meta name=\"robots\" content=\"index, follow, max-snippet:-1, max-image-preview:large, max-video-preview:-1\" \/>\n<link rel=\"canonical\" href=\"https:\/\/elglobal.do\/index.php\/2025\/09\/26\/inauguran-la-27a-edicion-de-la-feria-internacional-del-libro\/\" \/>\n<meta property=\"og:locale\" content=\"es_ES\" \/>\n<meta property=\"og:type\" content=\"article\" \/>\n<meta property=\"og:title\" content=\"Inauguran la 27\u00aa edici\u00f3n de la Feria Internacional del Libro - EL GLOBAL INFORMATIVO\" \/>\n<meta property=\"og:description\" content=\"Santo Domingo.-La vicepresidenta Raquel Pe\u00f1a encabez\u00f3 el acto de inauguraci\u00f3n que dio inicio oficial a la edici\u00f3n n\u00famero 27 de la Feria Internacional del Libro Santo Domingo 2025 (FILSD 2025),&hellip;\" \/>\n<meta property=\"og:url\" content=\"https:\/\/elglobal.do\/index.php\/2025\/09\/26\/inauguran-la-27a-edicion-de-la-feria-internacional-del-libro\/\" \/>\n<meta property=\"og:site_name\" content=\"EL GLOBAL INFORMATIVO\" \/>\n<meta property=\"article:published_time\" content=\"2025-09-26T14:54:29+00:00\" \/>\n<meta property=\"article:modified_time\" content=\"2025-09-26T14:54:32+00:00\" \/>\n<meta property=\"og:image\" content=\"https:\/\/elglobal.do\/wp-content\/uploads\/2025\/09\/image-161.png\" \/>\n\t<meta property=\"og:image:width\" content=\"800\" \/>\n\t<meta property=\"og:image:height\" content=\"534\" \/>\n\t<meta property=\"og:image:type\" content=\"image\/png\" \/>\n<meta name=\"author\" content=\"EL GLOBAL\" \/>\n<meta name=\"twitter:card\" content=\"summary_large_image\" \/>\n<meta name=\"twitter:label1\" content=\"Escrito por\" \/>\n\t<meta name=\"twitter:data1\" content=\"EL GLOBAL\" \/>\n\t<meta name=\"twitter:label2\" content=\"Tiempo de lectura\" \/>\n\t<meta name=\"twitter:data2\" content=\"3 minutos\" \/>\n<script type=\"application\/ld+json\" class=\"yoast-schema-graph\">{\"@context\":\"https:\/\/schema.org\",\"@graph\":[{\"@type\":\"Article\",\"@id\":\"https:\/\/elglobal.do\/index.php\/2025\/09\/26\/inauguran-la-27a-edicion-de-la-feria-internacional-del-libro\/#article\",\"isPartOf\":{\"@id\":\"https:\/\/elglobal.do\/index.php\/2025\/09\/26\/inauguran-la-27a-edicion-de-la-feria-internacional-del-libro\/\"},\"author\":{\"name\":\"EL GLOBAL\",\"@id\":\"https:\/\/elglobal.do\/#\/schema\/person\/0c97ec2c7714fb605d230c292f64d55f\"},\"headline\":\"Inauguran la 27\u00aa edici\u00f3n de la Feria Internacional del Libro\",\"datePublished\":\"2025-09-26T14:54:29+00:00\",\"dateModified\":\"2025-09-26T14:54:32+00:00\",\"mainEntityOfPage\":{\"@id\":\"https:\/\/elglobal.do\/index.php\/2025\/09\/26\/inauguran-la-27a-edicion-de-la-feria-internacional-del-libro\/\"},\"wordCount\":482,\"commentCount\":0,\"publisher\":{\"@id\":\"https:\/\/elglobal.do\/#organization\"},\"image\":{\"@id\":\"https:\/\/elglobal.do\/index.php\/2025\/09\/26\/inauguran-la-27a-edicion-de-la-feria-internacional-del-libro\/#primaryimage\"},\"thumbnailUrl\":\"https:\/\/elglobal.do\/wp-content\/uploads\/2025\/09\/image-161.png\",\"keywords\":[\"#Feriadellibro\",\"#FILSD2025\",\"#Inauguran\",\"#RaquelPe\u00f1a\"],\"articleSection\":[\"NACIONALES\"],\"inLanguage\":\"es\",\"potentialAction\":[{\"@type\":\"CommentAction\",\"name\":\"Comment\",\"target\":[\"https:\/\/elglobal.do\/index.php\/2025\/09\/26\/inauguran-la-27a-edicion-de-la-feria-internacional-del-libro\/#respond\"]}]},{\"@type\":\"WebPage\",\"@id\":\"https:\/\/elglobal.do\/index.php\/2025\/09\/26\/inauguran-la-27a-edicion-de-la-feria-internacional-del-libro\/\",\"url\":\"https:\/\/elglobal.do\/index.php\/2025\/09\/26\/inauguran-la-27a-edicion-de-la-feria-internacional-del-libro\/\",\"name\":\"Inauguran la 27\u00aa edici\u00f3n de la Feria Internacional del Libro - EL GLOBAL INFORMATIVO\",\"isPartOf\":{\"@id\":\"https:\/\/elglobal.do\/#website\"},\"primaryImageOfPage\":{\"@id\":\"https:\/\/elglobal.do\/index.php\/2025\/09\/26\/inauguran-la-27a-edicion-de-la-feria-internacional-del-libro\/#primaryimage\"},\"image\":{\"@id\":\"https:\/\/elglobal.do\/index.php\/2025\/09\/26\/inauguran-la-27a-edicion-de-la-feria-internacional-del-libro\/#primaryimage\"},\"thumbnailUrl\":\"https:\/\/elglobal.do\/wp-content\/uploads\/2025\/09\/image-161.png\",\"datePublished\":\"2025-09-26T14:54:29+00:00\",\"dateModified\":\"2025-09-26T14:54:32+00:00\",\"breadcrumb\":{\"@id\":\"https:\/\/elglobal.do\/index.php\/2025\/09\/26\/inauguran-la-27a-edicion-de-la-feria-internacional-del-libro\/#breadcrumb\"},\"inLanguage\":\"es\",\"potentialAction\":[{\"@type\":\"ReadAction\",\"target\":[\"https:\/\/elglobal.do\/index.php\/2025\/09\/26\/inauguran-la-27a-edicion-de-la-feria-internacional-del-libro\/\"]}]},{\"@type\":\"ImageObject\",\"inLanguage\":\"es\",\"@id\":\"https:\/\/elglobal.do\/index.php\/2025\/09\/26\/inauguran-la-27a-edicion-de-la-feria-internacional-del-libro\/#primaryimage\",\"url\":\"https:\/\/elglobal.do\/wp-content\/uploads\/2025\/09\/image-161.png\",\"contentUrl\":\"https:\/\/elglobal.do\/wp-content\/uploads\/2025\/09\/image-161.png\",\"width\":800,\"height\":534},{\"@type\":\"BreadcrumbList\",\"@id\":\"https:\/\/elglobal.do\/index.php\/2025\/09\/26\/inauguran-la-27a-edicion-de-la-feria-internacional-del-libro\/#breadcrumb\",\"itemListElement\":[{\"@type\":\"ListItem\",\"position\":1,\"name\":\"Portada\",\"item\":\"https:\/\/elglobal.do\/\"},{\"@type\":\"ListItem\",\"position\":2,\"name\":\"Inauguran la 27\u00aa edici\u00f3n de la Feria Internacional del Libro\"}]},{\"@type\":\"WebSite\",\"@id\":\"https:\/\/elglobal.do\/#website\",\"url\":\"https:\/\/elglobal.do\/\",\"name\":\"EL GLOBAL INFORMATIVO\",\"description\":\"Peri\u00f3dico digital de la Rep\u00fablica Dominicana que ofrece noticias, novedades, pol\u00edtica y las \u00faltimas actualidades, con informaci\u00f3n veraz y oportuna para mantenerte siempre informad\",\"publisher\":{\"@id\":\"https:\/\/elglobal.do\/#organization\"},\"potentialAction\":[{\"@type\":\"SearchAction\",\"target\":{\"@type\":\"EntryPoint\",\"urlTemplate\":\"https:\/\/elglobal.do\/?s={search_term_string}\"},\"query-input\":{\"@type\":\"PropertyValueSpecification\",\"valueRequired\":true,\"valueName\":\"search_term_string\"}}],\"inLanguage\":\"es\"},{\"@type\":\"Organization\",\"@id\":\"https:\/\/elglobal.do\/#organization\",\"name\":\"EL GLOBAL.DO INFORMATIVO\",\"url\":\"https:\/\/elglobal.do\/\",\"logo\":{\"@type\":\"ImageObject\",\"inLanguage\":\"es\",\"@id\":\"https:\/\/elglobal.do\/#\/schema\/logo\/image\/\",\"url\":\"https:\/\/elglobal.do\/wp-content\/uploads\/2025\/08\/icon.png\",\"contentUrl\":\"https:\/\/elglobal.do\/wp-content\/uploads\/2025\/08\/icon.png\",\"width\":512,\"height\":512,\"caption\":\"EL GLOBAL.DO INFORMATIVO\"},\"image\":{\"@id\":\"https:\/\/elglobal.do\/#\/schema\/logo\/image\/\"}},{\"@type\":\"Person\",\"@id\":\"https:\/\/elglobal.do\/#\/schema\/person\/0c97ec2c7714fb605d230c292f64d55f\",\"name\":\"EL GLOBAL\",\"image\":{\"@type\":\"ImageObject\",\"inLanguage\":\"es\",\"@id\":\"https:\/\/elglobal.do\/#\/schema\/person\/image\/\",\"url\":\"https:\/\/secure.gravatar.com\/avatar\/081cfb6cf99faddc6f4e23a0c11ab98c5cf302925382d1c88dc3ed757ab910a3?s=96&d=mm&r=g\",\"contentUrl\":\"https:\/\/secure.gravatar.com\/avatar\/081cfb6cf99faddc6f4e23a0c11ab98c5cf302925382d1c88dc3ed757ab910a3?s=96&d=mm&r=g\",\"caption\":\"EL GLOBAL\"},\"description\":\"El Global Informativo es un peri\u00f3dico digital de Rep\u00fablica Dominicana que se dedica a cubrir temas importantes, como la pol\u00edtica local, geopol\u00edtica, econom\u00eda, tecnolog\u00eda, noticias internacionales y eventos relacionados con la gesti\u00f3n social, cultural y humana. Su objetivo principal es mantener a la poblaci\u00f3n informada, ofreciendo una visi\u00f3n amplia y actualizada de lo que sucede tanto en el pa\u00eds como en el mundo. Est\u00e1 dirigido por un grupo de periodistas experimentados, lo que garantiza la calidad y la precisi\u00f3n de la informaci\u00f3n que ofrecen. Tiene su sede en la ciudad de Santo Domingo y es parte integral del portafolio de la empresa, MC Global S.R.L.\",\"sameAs\":[\"https:\/\/elglobal.do\",\"https:\/\/www.instagram.com\/elglobal.do_informativo\/\"],\"url\":\"https:\/\/elglobal.do\/index.php\/author\/elglobaluserpro\/\"}]}<\/script>\n<!-- \/ Yoast SEO plugin. -->","yoast_head_json":{"title":"Inauguran la 27\u00aa edici\u00f3n de la Feria Internacional del Libro - EL GLOBAL INFORMATIVO","robots":{"index":"index","follow":"follow","max-snippet":"max-snippet:-1","max-image-preview":"max-image-preview:large","max-video-preview":"max-video-preview:-1"},"canonical":"https:\/\/elglobal.do\/index.php\/2025\/09\/26\/inauguran-la-27a-edicion-de-la-feria-internacional-del-libro\/","og_locale":"es_ES","og_type":"article","og_title":"Inauguran la 27\u00aa edici\u00f3n de la Feria Internacional del Libro - EL GLOBAL INFORMATIVO","og_description":"Santo Domingo.-La vicepresidenta Raquel Pe\u00f1a encabez\u00f3 el acto de inauguraci\u00f3n que dio inicio oficial a la edici\u00f3n n\u00famero 27 de la Feria Internacional del Libro Santo Domingo 2025 (FILSD 2025),&hellip;","og_url":"https:\/\/elglobal.do\/index.php\/2025\/09\/26\/inauguran-la-27a-edicion-de-la-feria-internacional-del-libro\/","og_site_name":"EL GLOBAL INFORMATIVO","article_published_time":"2025-09-26T14:54:29+00:00","article_modified_time":"2025-09-26T14:54:32+00:00","og_image":[{"width":800,"height":534,"url":"https:\/\/elglobal.do\/wp-content\/uploads\/2025\/09\/image-161.png","type":"image\/png"}],"author":"EL GLOBAL","twitter_card":"summary_large_image","twitter_misc":{"Escrito por":"EL GLOBAL","Tiempo de lectura":"3 minutos"},"schema":{"@context":"https:\/\/schema.org","@graph":[{"@type":"Article","@id":"https:\/\/elglobal.do\/index.php\/2025\/09\/26\/inauguran-la-27a-edicion-de-la-feria-internacional-del-libro\/#article","isPartOf":{"@id":"https:\/\/elglobal.do\/index.php\/2025\/09\/26\/inauguran-la-27a-edicion-de-la-feria-internacional-del-libro\/"},"author":{"name":"EL GLOBAL","@id":"https:\/\/elglobal.do\/#\/schema\/person\/0c97ec2c7714fb605d230c292f64d55f"},"headline":"Inauguran la 27\u00aa edici\u00f3n de la Feria Internacional del Libro","datePublished":"2025-09-26T14:54:29+00:00","dateModified":"2025-09-26T14:54:32+00:00","mainEntityOfPage":{"@id":"https:\/\/elglobal.do\/index.php\/2025\/09\/26\/inauguran-la-27a-edicion-de-la-feria-internacional-del-libro\/"},"wordCount":482,"commentCount":0,"publisher":{"@id":"https:\/\/elglobal.do\/#organization"},"image":{"@id":"https:\/\/elglobal.do\/index.php\/2025\/09\/26\/inauguran-la-27a-edicion-de-la-feria-internacional-del-libro\/#primaryimage"},"thumbnailUrl":"https:\/\/elglobal.do\/wp-content\/uploads\/2025\/09\/image-161.png","keywords":["#Feriadellibro","#FILSD2025","#Inauguran","#RaquelPe\u00f1a"],"articleSection":["NACIONALES"],"inLanguage":"es","potentialAction":[{"@type":"CommentAction","name":"Comment","target":["https:\/\/elglobal.do\/index.php\/2025\/09\/26\/inauguran-la-27a-edicion-de-la-feria-internacional-del-libro\/#respond"]}]},{"@type":"WebPage","@id":"https:\/\/elglobal.do\/index.php\/2025\/09\/26\/inauguran-la-27a-edicion-de-la-feria-internacional-del-libro\/","url":"https:\/\/elglobal.do\/index.php\/2025\/09\/26\/inauguran-la-27a-edicion-de-la-feria-internacional-del-libro\/","name":"Inauguran la 27\u00aa edici\u00f3n de la Feria Internacional del Libro - EL GLOBAL INFORMATIVO","isPartOf":{"@id":"https:\/\/elglobal.do\/#website"},"primaryImageOfPage":{"@id":"https:\/\/elglobal.do\/index.php\/2025\/09\/26\/inauguran-la-27a-edicion-de-la-feria-internacional-del-libro\/#primaryimage"},"image":{"@id":"https:\/\/elglobal.do\/index.php\/2025\/09\/26\/inauguran-la-27a-edicion-de-la-feria-internacional-del-libro\/#primaryimage"},"thumbnailUrl":"https:\/\/elglobal.do\/wp-content\/uploads\/2025\/09\/image-161.png","datePublished":"2025-09-26T14:54:29+00:00","dateModified":"2025-09-26T14:54:32+00:00","breadcrumb":{"@id":"https:\/\/elglobal.do\/index.php\/2025\/09\/26\/inauguran-la-27a-edicion-de-la-feria-internacional-del-libro\/#breadcrumb"},"inLanguage":"es","potentialAction":[{"@type":"ReadAction","target":["https:\/\/elglobal.do\/index.php\/2025\/09\/26\/inauguran-la-27a-edicion-de-la-feria-internacional-del-libro\/"]}]},{"@type":"ImageObject","inLanguage":"es","@id":"https:\/\/elglobal.do\/index.php\/2025\/09\/26\/inauguran-la-27a-edicion-de-la-feria-internacional-del-libro\/#primaryimage","url":"https:\/\/elglobal.do\/wp-content\/uploads\/2025\/09\/image-161.png","contentUrl":"https:\/\/elglobal.do\/wp-content\/uploads\/2025\/09\/image-161.png","width":800,"height":534},{"@type":"BreadcrumbList","@id":"https:\/\/elglobal.do\/index.php\/2025\/09\/26\/inauguran-la-27a-edicion-de-la-feria-internacional-del-libro\/#breadcrumb","itemListElement":[{"@type":"ListItem","position":1,"name":"Portada","item":"https:\/\/elglobal.do\/"},{"@type":"ListItem","position":2,"name":"Inauguran la 27\u00aa edici\u00f3n de la Feria Internacional del Libro"}]},{"@type":"WebSite","@id":"https:\/\/elglobal.do\/#website","url":"https:\/\/elglobal.do\/","name":"EL GLOBAL INFORMATIVO","description":"Peri\u00f3dico digital de la Rep\u00fablica Dominicana que ofrece noticias, novedades, pol\u00edtica y las \u00faltimas actualidades, con informaci\u00f3n veraz y oportuna para mantenerte siempre informad","publisher":{"@id":"https:\/\/elglobal.do\/#organization"},"potentialAction":[{"@type":"SearchAction","target":{"@type":"EntryPoint","urlTemplate":"https:\/\/elglobal.do\/?s={search_term_string}"},"query-input":{"@type":"PropertyValueSpecification","valueRequired":true,"valueName":"search_term_string"}}],"inLanguage":"es"},{"@type":"Organization","@id":"https:\/\/elglobal.do\/#organization","name":"EL GLOBAL.DO INFORMATIVO","url":"https:\/\/elglobal.do\/","logo":{"@type":"ImageObject","inLanguage":"es","@id":"https:\/\/elglobal.do\/#\/schema\/logo\/image\/","url":"https:\/\/elglobal.do\/wp-content\/uploads\/2025\/08\/icon.png","contentUrl":"https:\/\/elglobal.do\/wp-content\/uploads\/2025\/08\/icon.png","width":512,"height":512,"caption":"EL GLOBAL.DO INFORMATIVO"},"image":{"@id":"https:\/\/elglobal.do\/#\/schema\/logo\/image\/"}},{"@type":"Person","@id":"https:\/\/elglobal.do\/#\/schema\/person\/0c97ec2c7714fb605d230c292f64d55f","name":"EL GLOBAL","image":{"@type":"ImageObject","inLanguage":"es","@id":"https:\/\/elglobal.do\/#\/schema\/person\/image\/","url":"https:\/\/secure.gravatar.com\/avatar\/081cfb6cf99faddc6f4e23a0c11ab98c5cf302925382d1c88dc3ed757ab910a3?s=96&d=mm&r=g","contentUrl":"https:\/\/secure.gravatar.com\/avatar\/081cfb6cf99faddc6f4e23a0c11ab98c5cf302925382d1c88dc3ed757ab910a3?s=96&d=mm&r=g","caption":"EL GLOBAL"},"description":"El Global Informativo es un peri\u00f3dico digital de Rep\u00fablica Dominicana que se dedica a cubrir temas importantes, como la pol\u00edtica local, geopol\u00edtica, econom\u00eda, tecnolog\u00eda, noticias internacionales y eventos relacionados con la gesti\u00f3n social, cultural y humana. Su objetivo principal es mantener a la poblaci\u00f3n informada, ofreciendo una visi\u00f3n amplia y actualizada de lo que sucede tanto en el pa\u00eds como en el mundo. Est\u00e1 dirigido por un grupo de periodistas experimentados, lo que garantiza la calidad y la precisi\u00f3n de la informaci\u00f3n que ofrecen. Tiene su sede en la ciudad de Santo Domingo y es parte integral del portafolio de la empresa, MC Global S.R.L.","sameAs":["https:\/\/elglobal.do","https:\/\/www.instagram.com\/elglobal.do_informativo\/"],"url":"https:\/\/elglobal.do\/index.php\/author\/elglobaluserpro\/"}]}},"jetpack_featured_media_url":"https:\/\/elglobal.do\/wp-content\/uploads\/2025\/09\/image-161.png","jetpack_sharing_enabled":true,"_links":{"self":[{"href":"https:\/\/elglobal.do\/index.php\/wp-json\/wp\/v2\/posts\/2605","targetHints":{"allow":["GET"]}}],"collection":[{"href":"https:\/\/elglobal.do\/index.php\/wp-json\/wp\/v2\/posts"}],"about":[{"href":"https:\/\/elglobal.do\/index.php\/wp-json\/wp\/v2\/types\/post"}],"author":[{"embeddable":true,"href":"https:\/\/elglobal.do\/index.php\/wp-json\/wp\/v2\/users\/1"}],"replies":[{"embeddable":true,"href":"https:\/\/elglobal.do\/index.php\/wp-json\/wp\/v2\/comments?post=2605"}],"version-history":[{"count":1,"href":"https:\/\/elglobal.do\/index.php\/wp-json\/wp\/v2\/posts\/2605\/revisions"}],"predecessor-version":[{"id":2607,"href":"https:\/\/elglobal.do\/index.php\/wp-json\/wp\/v2\/posts\/2605\/revisions\/2607"}],"wp:featuredmedia":[{"embeddable":true,"href":"https:\/\/elglobal.do\/index.php\/wp-json\/wp\/v2\/media\/2606"}],"wp:attachment":[{"href":"https:\/\/elglobal.do\/index.php\/wp-json\/wp\/v2\/media?parent=2605"}],"wp:term":[{"taxonomy":"category","embeddable":true,"href":"https:\/\/elglobal.do\/index.php\/wp-json\/wp\/v2\/categories?post=2605"},{"taxonomy":"post_tag","embeddable":true,"href":"https:\/\/elglobal.do\/index.php\/wp-json\/wp\/v2\/tags?post=2605"}],"curies":[{"name":"wp","href":"https:\/\/api.w.org\/{rel}","templated":true}]}}