{"id":2617,"date":"2025-09-26T11:45:32","date_gmt":"2025-09-26T15:45:32","guid":{"rendered":"https:\/\/elglobal.do\/?p=2617"},"modified":"2025-09-26T11:45:35","modified_gmt":"2025-09-26T15:45:35","slug":"republica-dominicana-y-francia-aumentaran-su-conectividad-aerea-para-2026","status":"publish","type":"post","link":"https:\/\/elglobal.do\/index.php\/2025\/09\/26\/republica-dominicana-y-francia-aumentaran-su-conectividad-aerea-para-2026\/","title":{"rendered":"Rep\u00fablica Dominicana y Francia aumentar\u00e1n su conectividad a\u00e9rea para 2026"},"content":{"rendered":"\n<figure class=\"wp-block-image size-full is-resized\"><img loading=\"lazy\" decoding=\"async\" width=\"896\" height=\"504\" src=\"https:\/\/elglobal.do\/wp-content\/uploads\/2025\/09\/image-165.png\" alt=\"\" class=\"wp-image-2618\" style=\"width:686px;height:auto\" srcset=\"https:\/\/elglobal.do\/wp-content\/uploads\/2025\/09\/image-165.png 896w, https:\/\/elglobal.do\/wp-content\/uploads\/2025\/09\/image-165-300x169.png 300w, https:\/\/elglobal.do\/wp-content\/uploads\/2025\/09\/image-165-768x432.png 768w\" sizes=\"auto, (max-width: 896px) 100vw, 896px\" \/><\/figure>\n\n\n\n<p><strong>Par\u00eds<\/strong>.-La participaci\u00f3n de la Rep\u00fablica Dominicana en la versi\u00f3n 47 de la feria tur\u00edstica<strong>\u00a0IFTM Top Resa<\/strong>\u00a0logr\u00f3 m\u00e1s de 50 reuniones de alto nivel, oficializ\u00f3 importantes acuerdos de\u00a0<strong>conectividad a\u00e9rea<\/strong>\u00a0con Par\u00eds y consolid\u00f3 alianzas comerciales y de promoci\u00f3n relevantes para el\u00a0<strong>turismo<\/strong>.\u00a0<\/p>\n\n\n\n<p>Entre los logros m\u00e1s destacados de la feria, desarrollada desde el pasado martes hasta ayer jueves en Par\u00eds, se encuentran el acuerdo con&nbsp;<strong>Air France<\/strong>&nbsp;para reiniciar la&nbsp;<strong>ruta directa Par\u00eds-Punta Cana<\/strong>&nbsp;en enero del 2026, con tres frecuencias semanales, y el&nbsp;<strong>incremento de vuelos<\/strong>&nbsp;hacia ese destino a&nbsp;<strong>nueve frecuencias semanales<\/strong>&nbsp;con Air Cara\u00efbes, que adem\u00e1s iniciar\u00e1 operaciones hacia Saman\u00e1.<\/p>\n\n\n\n<p>Seg\u00fan inform\u00f3 el&nbsp;<strong>Ministerio de Turismo<\/strong>, estos acuerdos resultar\u00e1n en un&nbsp;<strong>incremento consolidado<\/strong>&nbsp;de m\u00e1s del 40 % en la conectividad de Francia hacia la&nbsp;<strong>Rep\u00fablica Dominicana<\/strong>&nbsp;en el 2026, por lo que se esperan m\u00e1s de&nbsp;<strong>200,000 turistas franceses<\/strong>&nbsp;en ese a\u00f1o.&nbsp;<\/p>\n\n\n\n<p>Esto sumar\u00e1 unos 230 millones de d\u00f3lares en\u00a0<strong>divisas<\/strong>, 2,318 millones de pesos en\u00a0<strong>impuestos<\/strong>, y 22,929\u00a0<strong>empleos<\/strong>.<\/p>\n\n\n\n<p><strong>Anfitri\u00f3n<\/strong><\/p>\n\n\n\n<p>La&nbsp;<strong>Rep\u00fablica Dominicana<\/strong>&nbsp;fue el pa\u00eds anfitri\u00f3n en esta versi\u00f3n de la popular feria tur\u00edstica comercial. Este a\u00f1o su participaci\u00f3n busc\u00f3 rescatar el&nbsp;<strong>mercado franc\u00e9s<\/strong>, que pas\u00f3 de unos&nbsp;<strong>225,000 turistas anuales<\/strong>&nbsp;en promedio, a poco m\u00e1s de&nbsp;<strong>140,000<\/strong>.<\/p>\n\n\n\n<p>La delegaci\u00f3n p\u00fablica y privada, liderada por el&nbsp;<strong>ministro David Collado<\/strong>, se centr\u00f3 en una&nbsp;<strong>agenda de negocios<\/strong>. \u00abNuestra estrategia en Francia fue clara: convertir el inter\u00e9s en&nbsp;<strong>compromisos firmes<\/strong>, y salimos no con promesas, sino con un plan de trabajo definido\u00bb, dijo Collado en una nota de prensa.<\/p>\n\n\n\n<p>\u00abCada reuni\u00f3n se tradujo en acciones concretas para fortalecer la&nbsp;<strong>conectividad&nbsp;<\/strong>y potenciar tanto&nbsp;<strong>destinos&nbsp;<\/strong>consolidados, como&nbsp;<strong>Punta Cana<\/strong>, Saman\u00e1 y Bayah\u00edbe, destinos nuevos como Miches, y el resurgir de Puerto Plata, adem\u00e1s de la promoci\u00f3n de circuitos multidestino. Nos vamos con el compromiso firme de nuestros socios para seguir creciendo juntos\u00bb.<\/p>\n\n\n\n<p>Inform\u00f3 que se reafirmaron los acuerdos con los&nbsp;<strong>turoperadores m\u00e1s importantes de Francia<\/strong>, como&nbsp;<strong>Fram Karavel<\/strong>, NG Travel y Exotismes, garantizando un&nbsp;<strong>flujo constante de visitantes<\/strong>.&nbsp;<\/p>\n\n\n\n<p>Asimismo, se fortalecieron los\u00a0<strong>canales de distribuci\u00f3n<\/strong>\u00a0al consolidar\u00a0<strong>alianzas con redes de agencias l\u00edderes<\/strong>\u00a0como\u00a0<strong>Carrefour Voyages<\/strong>\u00a0y Havas Voyages, asegurando una robusta presencia del destino en el\u00a0<strong>mercado franc\u00e9s<\/strong>.\u00a0<\/p>\n\n\n\n<p><\/p>\n","protected":false},"excerpt":{"rendered":"<p>Par\u00eds.-La participaci\u00f3n de la Rep\u00fablica Dominicana en la versi\u00f3n 47 de la feria tur\u00edstica\u00a0IFTM Top Resa\u00a0logr\u00f3 m\u00e1s de 50 reuniones de alto nivel, oficializ\u00f3 importantes acuerdos de\u00a0conectividad a\u00e9rea\u00a0con Par\u00eds y&hellip; <\/p>\n","protected":false},"author":1,"featured_media":2618,"comment_status":"open","ping_status":"open","sticky":false,"template":"","format":"standard","meta":{"_jetpack_memberships_contains_paid_content":false,"footnotes":""},"categories":[23],"tags":[1410,1409,1408,1407,24,874],"class_list":["post-2617","post","type-post","status-publish","format-standard","has-post-thumbnail","hentry","category-turismo","tag-anfitrion","tag-empleos","tag-ministeriodeturismo","tag-paris","tag-puntacana","tag-turismo"],"yoast_head":"<!-- This site is optimized with the Yoast SEO plugin v26.9 - https:\/\/yoast.com\/product\/yoast-seo-wordpress\/ -->\n<title>Rep\u00fablica Dominicana y Francia aumentar\u00e1n su conectividad a\u00e9rea para 2026 - EL GLOBAL INFORMATIVO<\/title>\n<meta name=\"robots\" content=\"index, follow, max-snippet:-1, max-image-preview:large, max-video-preview:-1\" \/>\n<link rel=\"canonical\" href=\"https:\/\/elglobal.do\/index.php\/2025\/09\/26\/republica-dominicana-y-francia-aumentaran-su-conectividad-aerea-para-2026\/\" \/>\n<meta property=\"og:locale\" content=\"es_ES\" \/>\n<meta property=\"og:type\" content=\"article\" \/>\n<meta property=\"og:title\" content=\"Rep\u00fablica Dominicana y Francia aumentar\u00e1n su conectividad a\u00e9rea para 2026 - EL GLOBAL INFORMATIVO\" \/>\n<meta property=\"og:description\" content=\"Par\u00eds.-La participaci\u00f3n de la Rep\u00fablica Dominicana en la versi\u00f3n 47 de la feria tur\u00edstica\u00a0IFTM Top Resa\u00a0logr\u00f3 m\u00e1s de 50 reuniones de alto nivel, oficializ\u00f3 importantes acuerdos de\u00a0conectividad a\u00e9rea\u00a0con Par\u00eds y&hellip;\" \/>\n<meta property=\"og:url\" content=\"https:\/\/elglobal.do\/index.php\/2025\/09\/26\/republica-dominicana-y-francia-aumentaran-su-conectividad-aerea-para-2026\/\" \/>\n<meta property=\"og:site_name\" content=\"EL GLOBAL INFORMATIVO\" \/>\n<meta property=\"article:published_time\" content=\"2025-09-26T15:45:32+00:00\" \/>\n<meta property=\"article:modified_time\" content=\"2025-09-26T15:45:35+00:00\" \/>\n<meta property=\"og:image\" content=\"https:\/\/elglobal.do\/wp-content\/uploads\/2025\/09\/image-165.png\" \/>\n\t<meta property=\"og:image:width\" content=\"896\" \/>\n\t<meta property=\"og:image:height\" content=\"504\" \/>\n\t<meta property=\"og:image:type\" content=\"image\/png\" \/>\n<meta name=\"author\" content=\"EL GLOBAL\" \/>\n<meta name=\"twitter:card\" content=\"summary_large_image\" \/>\n<meta name=\"twitter:label1\" content=\"Escrito por\" \/>\n\t<meta name=\"twitter:data1\" content=\"EL GLOBAL\" \/>\n\t<meta name=\"twitter:label2\" content=\"Tiempo de lectura\" \/>\n\t<meta name=\"twitter:data2\" content=\"3 minutos\" \/>\n<script type=\"application\/ld+json\" class=\"yoast-schema-graph\">{\"@context\":\"https:\/\/schema.org\",\"@graph\":[{\"@type\":\"Article\",\"@id\":\"https:\/\/elglobal.do\/index.php\/2025\/09\/26\/republica-dominicana-y-francia-aumentaran-su-conectividad-aerea-para-2026\/#article\",\"isPartOf\":{\"@id\":\"https:\/\/elglobal.do\/index.php\/2025\/09\/26\/republica-dominicana-y-francia-aumentaran-su-conectividad-aerea-para-2026\/\"},\"author\":{\"name\":\"EL GLOBAL\",\"@id\":\"https:\/\/elglobal.do\/#\/schema\/person\/0c97ec2c7714fb605d230c292f64d55f\"},\"headline\":\"Rep\u00fablica Dominicana y Francia aumentar\u00e1n su conectividad a\u00e9rea para 2026\",\"datePublished\":\"2025-09-26T15:45:32+00:00\",\"dateModified\":\"2025-09-26T15:45:35+00:00\",\"mainEntityOfPage\":{\"@id\":\"https:\/\/elglobal.do\/index.php\/2025\/09\/26\/republica-dominicana-y-francia-aumentaran-su-conectividad-aerea-para-2026\/\"},\"wordCount\":441,\"commentCount\":0,\"publisher\":{\"@id\":\"https:\/\/elglobal.do\/#organization\"},\"image\":{\"@id\":\"https:\/\/elglobal.do\/index.php\/2025\/09\/26\/republica-dominicana-y-francia-aumentaran-su-conectividad-aerea-para-2026\/#primaryimage\"},\"thumbnailUrl\":\"https:\/\/elglobal.do\/wp-content\/uploads\/2025\/09\/image-165.png\",\"keywords\":[\"#Anfitri\u00f3n\",\"#Empleos\",\"#MinisteriodeTurismo\",\"#Par\u00eds\",\"#PuntaCana\",\"#Turismo\"],\"articleSection\":[\"TURISMO\"],\"inLanguage\":\"es\",\"potentialAction\":[{\"@type\":\"CommentAction\",\"name\":\"Comment\",\"target\":[\"https:\/\/elglobal.do\/index.php\/2025\/09\/26\/republica-dominicana-y-francia-aumentaran-su-conectividad-aerea-para-2026\/#respond\"]}]},{\"@type\":\"WebPage\",\"@id\":\"https:\/\/elglobal.do\/index.php\/2025\/09\/26\/republica-dominicana-y-francia-aumentaran-su-conectividad-aerea-para-2026\/\",\"url\":\"https:\/\/elglobal.do\/index.php\/2025\/09\/26\/republica-dominicana-y-francia-aumentaran-su-conectividad-aerea-para-2026\/\",\"name\":\"Rep\u00fablica Dominicana y Francia aumentar\u00e1n su conectividad a\u00e9rea para 2026 - EL GLOBAL INFORMATIVO\",\"isPartOf\":{\"@id\":\"https:\/\/elglobal.do\/#website\"},\"primaryImageOfPage\":{\"@id\":\"https:\/\/elglobal.do\/index.php\/2025\/09\/26\/republica-dominicana-y-francia-aumentaran-su-conectividad-aerea-para-2026\/#primaryimage\"},\"image\":{\"@id\":\"https:\/\/elglobal.do\/index.php\/2025\/09\/26\/republica-dominicana-y-francia-aumentaran-su-conectividad-aerea-para-2026\/#primaryimage\"},\"thumbnailUrl\":\"https:\/\/elglobal.do\/wp-content\/uploads\/2025\/09\/image-165.png\",\"datePublished\":\"2025-09-26T15:45:32+00:00\",\"dateModified\":\"2025-09-26T15:45:35+00:00\",\"breadcrumb\":{\"@id\":\"https:\/\/elglobal.do\/index.php\/2025\/09\/26\/republica-dominicana-y-francia-aumentaran-su-conectividad-aerea-para-2026\/#breadcrumb\"},\"inLanguage\":\"es\",\"potentialAction\":[{\"@type\":\"ReadAction\",\"target\":[\"https:\/\/elglobal.do\/index.php\/2025\/09\/26\/republica-dominicana-y-francia-aumentaran-su-conectividad-aerea-para-2026\/\"]}]},{\"@type\":\"ImageObject\",\"inLanguage\":\"es\",\"@id\":\"https:\/\/elglobal.do\/index.php\/2025\/09\/26\/republica-dominicana-y-francia-aumentaran-su-conectividad-aerea-para-2026\/#primaryimage\",\"url\":\"https:\/\/elglobal.do\/wp-content\/uploads\/2025\/09\/image-165.png\",\"contentUrl\":\"https:\/\/elglobal.do\/wp-content\/uploads\/2025\/09\/image-165.png\",\"width\":896,\"height\":504},{\"@type\":\"BreadcrumbList\",\"@id\":\"https:\/\/elglobal.do\/index.php\/2025\/09\/26\/republica-dominicana-y-francia-aumentaran-su-conectividad-aerea-para-2026\/#breadcrumb\",\"itemListElement\":[{\"@type\":\"ListItem\",\"position\":1,\"name\":\"Portada\",\"item\":\"https:\/\/elglobal.do\/\"},{\"@type\":\"ListItem\",\"position\":2,\"name\":\"Rep\u00fablica Dominicana y Francia aumentar\u00e1n su conectividad a\u00e9rea para 2026\"}]},{\"@type\":\"WebSite\",\"@id\":\"https:\/\/elglobal.do\/#website\",\"url\":\"https:\/\/elglobal.do\/\",\"name\":\"EL GLOBAL INFORMATIVO\",\"description\":\"Peri\u00f3dico digital de la Rep\u00fablica Dominicana que ofrece noticias, novedades, pol\u00edtica y las \u00faltimas actualidades, con informaci\u00f3n veraz y oportuna para mantenerte siempre informad\",\"publisher\":{\"@id\":\"https:\/\/elglobal.do\/#organization\"},\"potentialAction\":[{\"@type\":\"SearchAction\",\"target\":{\"@type\":\"EntryPoint\",\"urlTemplate\":\"https:\/\/elglobal.do\/?s={search_term_string}\"},\"query-input\":{\"@type\":\"PropertyValueSpecification\",\"valueRequired\":true,\"valueName\":\"search_term_string\"}}],\"inLanguage\":\"es\"},{\"@type\":\"Organization\",\"@id\":\"https:\/\/elglobal.do\/#organization\",\"name\":\"EL GLOBAL.DO INFORMATIVO\",\"url\":\"https:\/\/elglobal.do\/\",\"logo\":{\"@type\":\"ImageObject\",\"inLanguage\":\"es\",\"@id\":\"https:\/\/elglobal.do\/#\/schema\/logo\/image\/\",\"url\":\"https:\/\/elglobal.do\/wp-content\/uploads\/2025\/08\/icon.png\",\"contentUrl\":\"https:\/\/elglobal.do\/wp-content\/uploads\/2025\/08\/icon.png\",\"width\":512,\"height\":512,\"caption\":\"EL GLOBAL.DO INFORMATIVO\"},\"image\":{\"@id\":\"https:\/\/elglobal.do\/#\/schema\/logo\/image\/\"}},{\"@type\":\"Person\",\"@id\":\"https:\/\/elglobal.do\/#\/schema\/person\/0c97ec2c7714fb605d230c292f64d55f\",\"name\":\"EL GLOBAL\",\"image\":{\"@type\":\"ImageObject\",\"inLanguage\":\"es\",\"@id\":\"https:\/\/elglobal.do\/#\/schema\/person\/image\/\",\"url\":\"https:\/\/secure.gravatar.com\/avatar\/081cfb6cf99faddc6f4e23a0c11ab98c5cf302925382d1c88dc3ed757ab910a3?s=96&d=mm&r=g\",\"contentUrl\":\"https:\/\/secure.gravatar.com\/avatar\/081cfb6cf99faddc6f4e23a0c11ab98c5cf302925382d1c88dc3ed757ab910a3?s=96&d=mm&r=g\",\"caption\":\"EL GLOBAL\"},\"description\":\"El Global Informativo es un peri\u00f3dico digital de Rep\u00fablica Dominicana que se dedica a cubrir temas importantes, como la pol\u00edtica local, geopol\u00edtica, econom\u00eda, tecnolog\u00eda, noticias internacionales y eventos relacionados con la gesti\u00f3n social, cultural y humana. Su objetivo principal es mantener a la poblaci\u00f3n informada, ofreciendo una visi\u00f3n amplia y actualizada de lo que sucede tanto en el pa\u00eds como en el mundo. Est\u00e1 dirigido por un grupo de periodistas experimentados, lo que garantiza la calidad y la precisi\u00f3n de la informaci\u00f3n que ofrecen. Tiene su sede en la ciudad de Santo Domingo y es parte integral del portafolio de la empresa, MC Global S.R.L.\",\"sameAs\":[\"https:\/\/elglobal.do\",\"https:\/\/www.instagram.com\/elglobal.do_informativo\/\"],\"url\":\"https:\/\/elglobal.do\/index.php\/author\/elglobaluserpro\/\"}]}<\/script>\n<!-- \/ Yoast SEO plugin. -->","yoast_head_json":{"title":"Rep\u00fablica Dominicana y Francia aumentar\u00e1n su conectividad a\u00e9rea para 2026 - EL GLOBAL INFORMATIVO","robots":{"index":"index","follow":"follow","max-snippet":"max-snippet:-1","max-image-preview":"max-image-preview:large","max-video-preview":"max-video-preview:-1"},"canonical":"https:\/\/elglobal.do\/index.php\/2025\/09\/26\/republica-dominicana-y-francia-aumentaran-su-conectividad-aerea-para-2026\/","og_locale":"es_ES","og_type":"article","og_title":"Rep\u00fablica Dominicana y Francia aumentar\u00e1n su conectividad a\u00e9rea para 2026 - EL GLOBAL INFORMATIVO","og_description":"Par\u00eds.-La participaci\u00f3n de la Rep\u00fablica Dominicana en la versi\u00f3n 47 de la feria tur\u00edstica\u00a0IFTM Top Resa\u00a0logr\u00f3 m\u00e1s de 50 reuniones de alto nivel, oficializ\u00f3 importantes acuerdos de\u00a0conectividad a\u00e9rea\u00a0con Par\u00eds y&hellip;","og_url":"https:\/\/elglobal.do\/index.php\/2025\/09\/26\/republica-dominicana-y-francia-aumentaran-su-conectividad-aerea-para-2026\/","og_site_name":"EL GLOBAL INFORMATIVO","article_published_time":"2025-09-26T15:45:32+00:00","article_modified_time":"2025-09-26T15:45:35+00:00","og_image":[{"width":896,"height":504,"url":"https:\/\/elglobal.do\/wp-content\/uploads\/2025\/09\/image-165.png","type":"image\/png"}],"author":"EL GLOBAL","twitter_card":"summary_large_image","twitter_misc":{"Escrito por":"EL GLOBAL","Tiempo de lectura":"3 minutos"},"schema":{"@context":"https:\/\/schema.org","@graph":[{"@type":"Article","@id":"https:\/\/elglobal.do\/index.php\/2025\/09\/26\/republica-dominicana-y-francia-aumentaran-su-conectividad-aerea-para-2026\/#article","isPartOf":{"@id":"https:\/\/elglobal.do\/index.php\/2025\/09\/26\/republica-dominicana-y-francia-aumentaran-su-conectividad-aerea-para-2026\/"},"author":{"name":"EL GLOBAL","@id":"https:\/\/elglobal.do\/#\/schema\/person\/0c97ec2c7714fb605d230c292f64d55f"},"headline":"Rep\u00fablica Dominicana y Francia aumentar\u00e1n su conectividad a\u00e9rea para 2026","datePublished":"2025-09-26T15:45:32+00:00","dateModified":"2025-09-26T15:45:35+00:00","mainEntityOfPage":{"@id":"https:\/\/elglobal.do\/index.php\/2025\/09\/26\/republica-dominicana-y-francia-aumentaran-su-conectividad-aerea-para-2026\/"},"wordCount":441,"commentCount":0,"publisher":{"@id":"https:\/\/elglobal.do\/#organization"},"image":{"@id":"https:\/\/elglobal.do\/index.php\/2025\/09\/26\/republica-dominicana-y-francia-aumentaran-su-conectividad-aerea-para-2026\/#primaryimage"},"thumbnailUrl":"https:\/\/elglobal.do\/wp-content\/uploads\/2025\/09\/image-165.png","keywords":["#Anfitri\u00f3n","#Empleos","#MinisteriodeTurismo","#Par\u00eds","#PuntaCana","#Turismo"],"articleSection":["TURISMO"],"inLanguage":"es","potentialAction":[{"@type":"CommentAction","name":"Comment","target":["https:\/\/elglobal.do\/index.php\/2025\/09\/26\/republica-dominicana-y-francia-aumentaran-su-conectividad-aerea-para-2026\/#respond"]}]},{"@type":"WebPage","@id":"https:\/\/elglobal.do\/index.php\/2025\/09\/26\/republica-dominicana-y-francia-aumentaran-su-conectividad-aerea-para-2026\/","url":"https:\/\/elglobal.do\/index.php\/2025\/09\/26\/republica-dominicana-y-francia-aumentaran-su-conectividad-aerea-para-2026\/","name":"Rep\u00fablica Dominicana y Francia aumentar\u00e1n su conectividad a\u00e9rea para 2026 - EL GLOBAL INFORMATIVO","isPartOf":{"@id":"https:\/\/elglobal.do\/#website"},"primaryImageOfPage":{"@id":"https:\/\/elglobal.do\/index.php\/2025\/09\/26\/republica-dominicana-y-francia-aumentaran-su-conectividad-aerea-para-2026\/#primaryimage"},"image":{"@id":"https:\/\/elglobal.do\/index.php\/2025\/09\/26\/republica-dominicana-y-francia-aumentaran-su-conectividad-aerea-para-2026\/#primaryimage"},"thumbnailUrl":"https:\/\/elglobal.do\/wp-content\/uploads\/2025\/09\/image-165.png","datePublished":"2025-09-26T15:45:32+00:00","dateModified":"2025-09-26T15:45:35+00:00","breadcrumb":{"@id":"https:\/\/elglobal.do\/index.php\/2025\/09\/26\/republica-dominicana-y-francia-aumentaran-su-conectividad-aerea-para-2026\/#breadcrumb"},"inLanguage":"es","potentialAction":[{"@type":"ReadAction","target":["https:\/\/elglobal.do\/index.php\/2025\/09\/26\/republica-dominicana-y-francia-aumentaran-su-conectividad-aerea-para-2026\/"]}]},{"@type":"ImageObject","inLanguage":"es","@id":"https:\/\/elglobal.do\/index.php\/2025\/09\/26\/republica-dominicana-y-francia-aumentaran-su-conectividad-aerea-para-2026\/#primaryimage","url":"https:\/\/elglobal.do\/wp-content\/uploads\/2025\/09\/image-165.png","contentUrl":"https:\/\/elglobal.do\/wp-content\/uploads\/2025\/09\/image-165.png","width":896,"height":504},{"@type":"BreadcrumbList","@id":"https:\/\/elglobal.do\/index.php\/2025\/09\/26\/republica-dominicana-y-francia-aumentaran-su-conectividad-aerea-para-2026\/#breadcrumb","itemListElement":[{"@type":"ListItem","position":1,"name":"Portada","item":"https:\/\/elglobal.do\/"},{"@type":"ListItem","position":2,"name":"Rep\u00fablica Dominicana y Francia aumentar\u00e1n su conectividad a\u00e9rea para 2026"}]},{"@type":"WebSite","@id":"https:\/\/elglobal.do\/#website","url":"https:\/\/elglobal.do\/","name":"EL GLOBAL INFORMATIVO","description":"Peri\u00f3dico digital de la Rep\u00fablica Dominicana que ofrece noticias, novedades, pol\u00edtica y las \u00faltimas actualidades, con informaci\u00f3n veraz y oportuna para mantenerte siempre informad","publisher":{"@id":"https:\/\/elglobal.do\/#organization"},"potentialAction":[{"@type":"SearchAction","target":{"@type":"EntryPoint","urlTemplate":"https:\/\/elglobal.do\/?s={search_term_string}"},"query-input":{"@type":"PropertyValueSpecification","valueRequired":true,"valueName":"search_term_string"}}],"inLanguage":"es"},{"@type":"Organization","@id":"https:\/\/elglobal.do\/#organization","name":"EL GLOBAL.DO INFORMATIVO","url":"https:\/\/elglobal.do\/","logo":{"@type":"ImageObject","inLanguage":"es","@id":"https:\/\/elglobal.do\/#\/schema\/logo\/image\/","url":"https:\/\/elglobal.do\/wp-content\/uploads\/2025\/08\/icon.png","contentUrl":"https:\/\/elglobal.do\/wp-content\/uploads\/2025\/08\/icon.png","width":512,"height":512,"caption":"EL GLOBAL.DO INFORMATIVO"},"image":{"@id":"https:\/\/elglobal.do\/#\/schema\/logo\/image\/"}},{"@type":"Person","@id":"https:\/\/elglobal.do\/#\/schema\/person\/0c97ec2c7714fb605d230c292f64d55f","name":"EL GLOBAL","image":{"@type":"ImageObject","inLanguage":"es","@id":"https:\/\/elglobal.do\/#\/schema\/person\/image\/","url":"https:\/\/secure.gravatar.com\/avatar\/081cfb6cf99faddc6f4e23a0c11ab98c5cf302925382d1c88dc3ed757ab910a3?s=96&d=mm&r=g","contentUrl":"https:\/\/secure.gravatar.com\/avatar\/081cfb6cf99faddc6f4e23a0c11ab98c5cf302925382d1c88dc3ed757ab910a3?s=96&d=mm&r=g","caption":"EL GLOBAL"},"description":"El Global Informativo es un peri\u00f3dico digital de Rep\u00fablica Dominicana que se dedica a cubrir temas importantes, como la pol\u00edtica local, geopol\u00edtica, econom\u00eda, tecnolog\u00eda, noticias internacionales y eventos relacionados con la gesti\u00f3n social, cultural y humana. Su objetivo principal es mantener a la poblaci\u00f3n informada, ofreciendo una visi\u00f3n amplia y actualizada de lo que sucede tanto en el pa\u00eds como en el mundo. Est\u00e1 dirigido por un grupo de periodistas experimentados, lo que garantiza la calidad y la precisi\u00f3n de la informaci\u00f3n que ofrecen. Tiene su sede en la ciudad de Santo Domingo y es parte integral del portafolio de la empresa, MC Global S.R.L.","sameAs":["https:\/\/elglobal.do","https:\/\/www.instagram.com\/elglobal.do_informativo\/"],"url":"https:\/\/elglobal.do\/index.php\/author\/elglobaluserpro\/"}]}},"jetpack_featured_media_url":"https:\/\/elglobal.do\/wp-content\/uploads\/2025\/09\/image-165.png","jetpack_sharing_enabled":true,"_links":{"self":[{"href":"https:\/\/elglobal.do\/index.php\/wp-json\/wp\/v2\/posts\/2617","targetHints":{"allow":["GET"]}}],"collection":[{"href":"https:\/\/elglobal.do\/index.php\/wp-json\/wp\/v2\/posts"}],"about":[{"href":"https:\/\/elglobal.do\/index.php\/wp-json\/wp\/v2\/types\/post"}],"author":[{"embeddable":true,"href":"https:\/\/elglobal.do\/index.php\/wp-json\/wp\/v2\/users\/1"}],"replies":[{"embeddable":true,"href":"https:\/\/elglobal.do\/index.php\/wp-json\/wp\/v2\/comments?post=2617"}],"version-history":[{"count":1,"href":"https:\/\/elglobal.do\/index.php\/wp-json\/wp\/v2\/posts\/2617\/revisions"}],"predecessor-version":[{"id":2619,"href":"https:\/\/elglobal.do\/index.php\/wp-json\/wp\/v2\/posts\/2617\/revisions\/2619"}],"wp:featuredmedia":[{"embeddable":true,"href":"https:\/\/elglobal.do\/index.php\/wp-json\/wp\/v2\/media\/2618"}],"wp:attachment":[{"href":"https:\/\/elglobal.do\/index.php\/wp-json\/wp\/v2\/media?parent=2617"}],"wp:term":[{"taxonomy":"category","embeddable":true,"href":"https:\/\/elglobal.do\/index.php\/wp-json\/wp\/v2\/categories?post=2617"},{"taxonomy":"post_tag","embeddable":true,"href":"https:\/\/elglobal.do\/index.php\/wp-json\/wp\/v2\/tags?post=2617"}],"curies":[{"name":"wp","href":"https:\/\/api.w.org\/{rel}","templated":true}]}}