{"id":2657,"date":"2025-09-29T12:05:56","date_gmt":"2025-09-29T16:05:56","guid":{"rendered":"https:\/\/elglobal.do\/?p=2657"},"modified":"2025-09-29T12:06:01","modified_gmt":"2025-09-29T16:06:01","slug":"suman-18000-evacuados-inundaciones-y-deslizamiento-de-tierra-en-cuba-por-fuertes-lluvias","status":"publish","type":"post","link":"https:\/\/elglobal.do\/index.php\/2025\/09\/29\/suman-18000-evacuados-inundaciones-y-deslizamiento-de-tierra-en-cuba-por-fuertes-lluvias\/","title":{"rendered":"Suman 18,000 evacuados, inundaciones y deslizamiento de tierra en Cuba por fuertes lluvias"},"content":{"rendered":"\n<figure class=\"wp-block-image size-full is-resized\"><img loading=\"lazy\" decoding=\"async\" width=\"896\" height=\"504\" src=\"https:\/\/elglobal.do\/wp-content\/uploads\/2025\/09\/image-174.png\" alt=\"\" class=\"wp-image-2658\" style=\"width:647px;height:auto\" srcset=\"https:\/\/elglobal.do\/wp-content\/uploads\/2025\/09\/image-174.png 896w, https:\/\/elglobal.do\/wp-content\/uploads\/2025\/09\/image-174-300x169.png 300w, https:\/\/elglobal.do\/wp-content\/uploads\/2025\/09\/image-174-768x432.png 768w\" sizes=\"auto, (max-width: 896px) 100vw, 896px\" \/><\/figure>\n\n\n\n<p>Cuba.- M\u00e1s de&nbsp;<strong>18,000 evacuados<\/strong>,&nbsp;<strong>inundaciones<\/strong>,&nbsp;<strong>deslaves<\/strong>, r\u00edos crecidos y zonas incomunicadas es el saldo preliminar de las fuertes lluvias que a\u00fan persisten en la zona este de Cuba tras el paso de una depresi\u00f3n tropical convertida este domingo en la&nbsp;<strong>tormenta Imelda<\/strong>.<\/p>\n\n\n\n<p>Las provincias de&nbsp;<strong>Santiago de Cuba<\/strong>,&nbsp;<strong>Guant\u00e1namo<\/strong>&nbsp;y&nbsp;<strong>Granma<\/strong>&nbsp;son las m\u00e1s afectadas.<\/p>\n\n\n\n<p>Los m\u00e1s recientes pron\u00f3sticos del\u00a0<strong>Instituto de Meteorolog\u00eda<\/strong>\u00a0(Insmet) han advertido de que en las pr\u00f3ximas 24 horas se mantendr\u00e1n las\u00a0<strong>precipitaciones<\/strong>\u00a0asociadas a la\u00a0<strong>tormenta Imelda<\/strong>, que se est\u00e1 alejando de Cuba, debido a su amplia circulaci\u00f3n y a un flujo de altos valores de humedad proveniente del\u00a0<strong>mar Caribe<\/strong>.<\/p>\n\n\n\n<p>Las\u00a0<strong>intensidad de las lluvias<\/strong>\u00a0ha ocasionado\u00a0<strong>deslizamientos de tierra<\/strong>, r\u00edos fuera de sus cauces, \u00e1rboles ca\u00eddos y afectaciones al servicio\u00a0<strong>el\u00e9ctrico<\/strong>.<\/p>\n\n\n\n<p><strong>Lugares incomunicados<\/strong><\/p>\n\n\n\n<p>Ante la situaci\u00f3n actual, las autoridades locales han\u00a0<strong>suspendido las clases<\/strong>\u00a0en todos los niveles de ense\u00f1anza en\u00a0<strong>Santiago<\/strong>\u00a0y\u00a0<strong>Guant\u00e1namo<\/strong>.<\/p>\n\n\n\n<p>Adem\u00e1s, insistieron en evitar imprudencias como el cruce de zonas urbanas y rurales inundadas y mantener las medidas preventivas recomendadas por la&nbsp;<strong>Defensa Civil<\/strong>.<\/p>\n\n\n\n<p>En&nbsp;<strong>Guant\u00e1namo<\/strong>&nbsp;se reportaron&nbsp;<strong>18,000 personas evacuadas<\/strong>, principalmente en casas de familiares y amigos, y el poblado de Paraguay se encuentra incomunicado debido a los&nbsp;<strong>escurrimientos de las lluvias<\/strong>&nbsp;desde las \u00e1reas monta\u00f1osas, de acuerdo con un reporte de la televisi\u00f3n estatal.<\/p>\n\n\n\n<p>En la localidad&nbsp;<strong>Hatibonico<\/strong>, de esa provincia, han ca\u00eddo m\u00e1s de&nbsp;<strong>500 mil\u00edmetros de lluvias<\/strong>&nbsp;en las \u00faltimas 48 horas. Otros reportes refirieron acumulados por encima de los 300 mm en zonas de&nbsp;<strong>Santiago<\/strong>, donde varias comunidades de Baconao est\u00e1n incomunicadas y se han producido al menos&nbsp;<strong>derrumbes parciales de viviendas<\/strong>.<\/p>\n\n\n\n<p>Especialistas de la empresa de aprovechamiento hidr\u00e1ulico de&nbsp;<strong>Santiago de Cuba<\/strong>, han referido que las numerosas lluvias de estos d\u00edas han provocado un&nbsp;<strong>aumento de 8,2 millones de metros c\u00fabicos<\/strong>&nbsp;en el volumen total de agua almacenada en los 16&nbsp;<strong>embalses de la provincia<\/strong>, que est\u00e1 impactada por una&nbsp;<strong>severa sequ\u00eda<\/strong>.<\/p>\n\n\n\n<p>Los meteor\u00f3logos cubanos han advertido de que la actual&nbsp;<strong>temporada de ciclones<\/strong>&nbsp;en el&nbsp;<strong>oc\u00e9ano Atl\u00e1ntico<\/strong>, el Golfo de M\u00e9xico y el&nbsp;<strong>mar Caribe<\/strong>&nbsp;2025, vigente desde este 1 de junio hasta el 30 de noviembre ser\u00e1 \u00abmuy activa\u00bb, con la posible formaci\u00f3n de ocho huracanes.<\/p>\n\n\n\n<p>Adem\u00e1s, han se\u00f1alado que las probabilidades de que se origine e intensifique al menos un hurac\u00e1n en el\u00a0<strong>Caribe<\/strong>\u00a0es elevada (75 %), mientras que es del 50 % para que uno de procedencia atl\u00e1ntica penetre en el\u00a0<strong>mar Caribe<\/strong>\u00a0y afecte a la isla.<\/p>\n\n\n\n<p>En la&nbsp;<strong>temporada cicl\u00f3nica de 2024<\/strong>&nbsp;dos huracanes golpearon fuertemente a la isla, uno de ellos -\u00d3scar- toc\u00f3 tierra como un categor\u00eda 1 en la provincia&nbsp;<strong>Guant\u00e1namo<\/strong>&nbsp;con vientos de hasta 130 km\/h. Despu\u00e9s se degrad\u00f3 a&nbsp;<strong>tormenta tropical<\/strong>&nbsp;y dej\u00f3 ocho fallecidos, da\u00f1os a 12.000 viviendas,&nbsp;<strong>inundaciones<\/strong>&nbsp;que aislaron comunidades, p\u00e9rdidas en la agricultura y otros estragos.<\/p>\n\n\n\n<p>El otro fue&nbsp;<strong>Rafael<\/strong>, de&nbsp;<strong>categor\u00eda 3<\/strong>, que castig\u00f3 el occidente cubano, mayormente a la&nbsp;<strong>provincia Artemisa<\/strong>&nbsp;-con vientos sostenidos de 185 km\/h -aunque tambi\u00e9n afect\u00f3 a las vecinas La Habana y Mayabeque- y provoc\u00f3 el colapso total del sistema el\u00e9ctrico nacional, lo que afect\u00f3 a 10 millones de personas.<\/p>\n\n\n\n<p><\/p>\n","protected":false},"excerpt":{"rendered":"<p>Cuba.- M\u00e1s de&nbsp;18,000 evacuados,&nbsp;inundaciones,&nbsp;deslaves, r\u00edos crecidos y zonas incomunicadas es el saldo preliminar de las fuertes lluvias que a\u00fan persisten en la zona este de Cuba tras el paso de&hellip; <\/p>\n","protected":false},"author":1,"featured_media":2658,"comment_status":"open","ping_status":"open","sticky":false,"template":"","format":"standard","meta":{"_jetpack_memberships_contains_paid_content":false,"footnotes":""},"categories":[1],"tags":[1310,171,1386,217],"class_list":["post-2657","post","type-post","status-publish","format-standard","has-post-thumbnail","hentry","category-categoria-internacionales","tag-cuba","tag-internacionales","tag-inundaciones","tag-lluvias"],"yoast_head":"<!-- This site is optimized with the Yoast SEO plugin v26.9 - https:\/\/yoast.com\/product\/yoast-seo-wordpress\/ -->\n<title>Suman 18,000 evacuados, inundaciones y deslizamiento de tierra en Cuba por fuertes lluvias - EL GLOBAL INFORMATIVO<\/title>\n<meta name=\"robots\" content=\"index, follow, max-snippet:-1, max-image-preview:large, max-video-preview:-1\" \/>\n<link rel=\"canonical\" href=\"https:\/\/elglobal.do\/index.php\/2025\/09\/29\/suman-18000-evacuados-inundaciones-y-deslizamiento-de-tierra-en-cuba-por-fuertes-lluvias\/\" \/>\n<meta property=\"og:locale\" content=\"es_ES\" \/>\n<meta property=\"og:type\" content=\"article\" \/>\n<meta property=\"og:title\" content=\"Suman 18,000 evacuados, inundaciones y deslizamiento de tierra en Cuba por fuertes lluvias - EL GLOBAL INFORMATIVO\" \/>\n<meta property=\"og:description\" content=\"Cuba.- M\u00e1s de&nbsp;18,000 evacuados,&nbsp;inundaciones,&nbsp;deslaves, r\u00edos crecidos y zonas incomunicadas es el saldo preliminar de las fuertes lluvias que a\u00fan persisten en la zona este de Cuba tras el paso de&hellip;\" \/>\n<meta property=\"og:url\" content=\"https:\/\/elglobal.do\/index.php\/2025\/09\/29\/suman-18000-evacuados-inundaciones-y-deslizamiento-de-tierra-en-cuba-por-fuertes-lluvias\/\" \/>\n<meta property=\"og:site_name\" content=\"EL GLOBAL INFORMATIVO\" \/>\n<meta property=\"article:published_time\" content=\"2025-09-29T16:05:56+00:00\" \/>\n<meta property=\"article:modified_time\" content=\"2025-09-29T16:06:01+00:00\" \/>\n<meta property=\"og:image\" content=\"https:\/\/elglobal.do\/wp-content\/uploads\/2025\/09\/image-174.png\" \/>\n\t<meta property=\"og:image:width\" content=\"896\" \/>\n\t<meta property=\"og:image:height\" content=\"504\" \/>\n\t<meta property=\"og:image:type\" content=\"image\/png\" \/>\n<meta name=\"author\" content=\"EL GLOBAL\" \/>\n<meta name=\"twitter:card\" content=\"summary_large_image\" \/>\n<meta name=\"twitter:label1\" content=\"Escrito por\" \/>\n\t<meta name=\"twitter:data1\" content=\"EL GLOBAL\" \/>\n\t<meta name=\"twitter:label2\" content=\"Tiempo de lectura\" \/>\n\t<meta name=\"twitter:data2\" content=\"3 minutos\" \/>\n<script type=\"application\/ld+json\" class=\"yoast-schema-graph\">{\"@context\":\"https:\/\/schema.org\",\"@graph\":[{\"@type\":\"Article\",\"@id\":\"https:\/\/elglobal.do\/index.php\/2025\/09\/29\/suman-18000-evacuados-inundaciones-y-deslizamiento-de-tierra-en-cuba-por-fuertes-lluvias\/#article\",\"isPartOf\":{\"@id\":\"https:\/\/elglobal.do\/index.php\/2025\/09\/29\/suman-18000-evacuados-inundaciones-y-deslizamiento-de-tierra-en-cuba-por-fuertes-lluvias\/\"},\"author\":{\"name\":\"EL GLOBAL\",\"@id\":\"https:\/\/elglobal.do\/#\/schema\/person\/0c97ec2c7714fb605d230c292f64d55f\"},\"headline\":\"Suman 18,000 evacuados, inundaciones y deslizamiento de tierra en Cuba por fuertes lluvias\",\"datePublished\":\"2025-09-29T16:05:56+00:00\",\"dateModified\":\"2025-09-29T16:06:01+00:00\",\"mainEntityOfPage\":{\"@id\":\"https:\/\/elglobal.do\/index.php\/2025\/09\/29\/suman-18000-evacuados-inundaciones-y-deslizamiento-de-tierra-en-cuba-por-fuertes-lluvias\/\"},\"wordCount\":603,\"commentCount\":0,\"publisher\":{\"@id\":\"https:\/\/elglobal.do\/#organization\"},\"image\":{\"@id\":\"https:\/\/elglobal.do\/index.php\/2025\/09\/29\/suman-18000-evacuados-inundaciones-y-deslizamiento-de-tierra-en-cuba-por-fuertes-lluvias\/#primaryimage\"},\"thumbnailUrl\":\"https:\/\/elglobal.do\/wp-content\/uploads\/2025\/09\/image-174.png\",\"keywords\":[\"#Cuba\",\"#Internacionales\",\"#Inundaciones\",\"#lluvias\"],\"articleSection\":[\"INTERNACIONALES\"],\"inLanguage\":\"es\",\"potentialAction\":[{\"@type\":\"CommentAction\",\"name\":\"Comment\",\"target\":[\"https:\/\/elglobal.do\/index.php\/2025\/09\/29\/suman-18000-evacuados-inundaciones-y-deslizamiento-de-tierra-en-cuba-por-fuertes-lluvias\/#respond\"]}]},{\"@type\":\"WebPage\",\"@id\":\"https:\/\/elglobal.do\/index.php\/2025\/09\/29\/suman-18000-evacuados-inundaciones-y-deslizamiento-de-tierra-en-cuba-por-fuertes-lluvias\/\",\"url\":\"https:\/\/elglobal.do\/index.php\/2025\/09\/29\/suman-18000-evacuados-inundaciones-y-deslizamiento-de-tierra-en-cuba-por-fuertes-lluvias\/\",\"name\":\"Suman 18,000 evacuados, inundaciones y deslizamiento de tierra en Cuba por fuertes lluvias - EL GLOBAL INFORMATIVO\",\"isPartOf\":{\"@id\":\"https:\/\/elglobal.do\/#website\"},\"primaryImageOfPage\":{\"@id\":\"https:\/\/elglobal.do\/index.php\/2025\/09\/29\/suman-18000-evacuados-inundaciones-y-deslizamiento-de-tierra-en-cuba-por-fuertes-lluvias\/#primaryimage\"},\"image\":{\"@id\":\"https:\/\/elglobal.do\/index.php\/2025\/09\/29\/suman-18000-evacuados-inundaciones-y-deslizamiento-de-tierra-en-cuba-por-fuertes-lluvias\/#primaryimage\"},\"thumbnailUrl\":\"https:\/\/elglobal.do\/wp-content\/uploads\/2025\/09\/image-174.png\",\"datePublished\":\"2025-09-29T16:05:56+00:00\",\"dateModified\":\"2025-09-29T16:06:01+00:00\",\"breadcrumb\":{\"@id\":\"https:\/\/elglobal.do\/index.php\/2025\/09\/29\/suman-18000-evacuados-inundaciones-y-deslizamiento-de-tierra-en-cuba-por-fuertes-lluvias\/#breadcrumb\"},\"inLanguage\":\"es\",\"potentialAction\":[{\"@type\":\"ReadAction\",\"target\":[\"https:\/\/elglobal.do\/index.php\/2025\/09\/29\/suman-18000-evacuados-inundaciones-y-deslizamiento-de-tierra-en-cuba-por-fuertes-lluvias\/\"]}]},{\"@type\":\"ImageObject\",\"inLanguage\":\"es\",\"@id\":\"https:\/\/elglobal.do\/index.php\/2025\/09\/29\/suman-18000-evacuados-inundaciones-y-deslizamiento-de-tierra-en-cuba-por-fuertes-lluvias\/#primaryimage\",\"url\":\"https:\/\/elglobal.do\/wp-content\/uploads\/2025\/09\/image-174.png\",\"contentUrl\":\"https:\/\/elglobal.do\/wp-content\/uploads\/2025\/09\/image-174.png\",\"width\":896,\"height\":504},{\"@type\":\"BreadcrumbList\",\"@id\":\"https:\/\/elglobal.do\/index.php\/2025\/09\/29\/suman-18000-evacuados-inundaciones-y-deslizamiento-de-tierra-en-cuba-por-fuertes-lluvias\/#breadcrumb\",\"itemListElement\":[{\"@type\":\"ListItem\",\"position\":1,\"name\":\"Portada\",\"item\":\"https:\/\/elglobal.do\/\"},{\"@type\":\"ListItem\",\"position\":2,\"name\":\"Suman 18,000 evacuados, inundaciones y deslizamiento de tierra en Cuba por fuertes lluvias\"}]},{\"@type\":\"WebSite\",\"@id\":\"https:\/\/elglobal.do\/#website\",\"url\":\"https:\/\/elglobal.do\/\",\"name\":\"EL GLOBAL INFORMATIVO\",\"description\":\"Peri\u00f3dico digital de la Rep\u00fablica Dominicana que ofrece noticias, novedades, pol\u00edtica y las \u00faltimas actualidades, con informaci\u00f3n veraz y oportuna para mantenerte siempre informad\",\"publisher\":{\"@id\":\"https:\/\/elglobal.do\/#organization\"},\"potentialAction\":[{\"@type\":\"SearchAction\",\"target\":{\"@type\":\"EntryPoint\",\"urlTemplate\":\"https:\/\/elglobal.do\/?s={search_term_string}\"},\"query-input\":{\"@type\":\"PropertyValueSpecification\",\"valueRequired\":true,\"valueName\":\"search_term_string\"}}],\"inLanguage\":\"es\"},{\"@type\":\"Organization\",\"@id\":\"https:\/\/elglobal.do\/#organization\",\"name\":\"EL GLOBAL.DO INFORMATIVO\",\"url\":\"https:\/\/elglobal.do\/\",\"logo\":{\"@type\":\"ImageObject\",\"inLanguage\":\"es\",\"@id\":\"https:\/\/elglobal.do\/#\/schema\/logo\/image\/\",\"url\":\"https:\/\/elglobal.do\/wp-content\/uploads\/2025\/08\/icon.png\",\"contentUrl\":\"https:\/\/elglobal.do\/wp-content\/uploads\/2025\/08\/icon.png\",\"width\":512,\"height\":512,\"caption\":\"EL GLOBAL.DO INFORMATIVO\"},\"image\":{\"@id\":\"https:\/\/elglobal.do\/#\/schema\/logo\/image\/\"}},{\"@type\":\"Person\",\"@id\":\"https:\/\/elglobal.do\/#\/schema\/person\/0c97ec2c7714fb605d230c292f64d55f\",\"name\":\"EL GLOBAL\",\"image\":{\"@type\":\"ImageObject\",\"inLanguage\":\"es\",\"@id\":\"https:\/\/elglobal.do\/#\/schema\/person\/image\/\",\"url\":\"https:\/\/secure.gravatar.com\/avatar\/081cfb6cf99faddc6f4e23a0c11ab98c5cf302925382d1c88dc3ed757ab910a3?s=96&d=mm&r=g\",\"contentUrl\":\"https:\/\/secure.gravatar.com\/avatar\/081cfb6cf99faddc6f4e23a0c11ab98c5cf302925382d1c88dc3ed757ab910a3?s=96&d=mm&r=g\",\"caption\":\"EL GLOBAL\"},\"description\":\"El Global Informativo es un peri\u00f3dico digital de Rep\u00fablica Dominicana que se dedica a cubrir temas importantes, como la pol\u00edtica local, geopol\u00edtica, econom\u00eda, tecnolog\u00eda, noticias internacionales y eventos relacionados con la gesti\u00f3n social, cultural y humana. Su objetivo principal es mantener a la poblaci\u00f3n informada, ofreciendo una visi\u00f3n amplia y actualizada de lo que sucede tanto en el pa\u00eds como en el mundo. Est\u00e1 dirigido por un grupo de periodistas experimentados, lo que garantiza la calidad y la precisi\u00f3n de la informaci\u00f3n que ofrecen. Tiene su sede en la ciudad de Santo Domingo y es parte integral del portafolio de la empresa, MC Global S.R.L.\",\"sameAs\":[\"https:\/\/elglobal.do\",\"https:\/\/www.instagram.com\/elglobal.do_informativo\/\"],\"url\":\"https:\/\/elglobal.do\/index.php\/author\/elglobaluserpro\/\"}]}<\/script>\n<!-- \/ Yoast SEO plugin. -->","yoast_head_json":{"title":"Suman 18,000 evacuados, inundaciones y deslizamiento de tierra en Cuba por fuertes lluvias - EL GLOBAL INFORMATIVO","robots":{"index":"index","follow":"follow","max-snippet":"max-snippet:-1","max-image-preview":"max-image-preview:large","max-video-preview":"max-video-preview:-1"},"canonical":"https:\/\/elglobal.do\/index.php\/2025\/09\/29\/suman-18000-evacuados-inundaciones-y-deslizamiento-de-tierra-en-cuba-por-fuertes-lluvias\/","og_locale":"es_ES","og_type":"article","og_title":"Suman 18,000 evacuados, inundaciones y deslizamiento de tierra en Cuba por fuertes lluvias - EL GLOBAL INFORMATIVO","og_description":"Cuba.- M\u00e1s de&nbsp;18,000 evacuados,&nbsp;inundaciones,&nbsp;deslaves, r\u00edos crecidos y zonas incomunicadas es el saldo preliminar de las fuertes lluvias que a\u00fan persisten en la zona este de Cuba tras el paso de&hellip;","og_url":"https:\/\/elglobal.do\/index.php\/2025\/09\/29\/suman-18000-evacuados-inundaciones-y-deslizamiento-de-tierra-en-cuba-por-fuertes-lluvias\/","og_site_name":"EL GLOBAL INFORMATIVO","article_published_time":"2025-09-29T16:05:56+00:00","article_modified_time":"2025-09-29T16:06:01+00:00","og_image":[{"width":896,"height":504,"url":"https:\/\/elglobal.do\/wp-content\/uploads\/2025\/09\/image-174.png","type":"image\/png"}],"author":"EL GLOBAL","twitter_card":"summary_large_image","twitter_misc":{"Escrito por":"EL GLOBAL","Tiempo de lectura":"3 minutos"},"schema":{"@context":"https:\/\/schema.org","@graph":[{"@type":"Article","@id":"https:\/\/elglobal.do\/index.php\/2025\/09\/29\/suman-18000-evacuados-inundaciones-y-deslizamiento-de-tierra-en-cuba-por-fuertes-lluvias\/#article","isPartOf":{"@id":"https:\/\/elglobal.do\/index.php\/2025\/09\/29\/suman-18000-evacuados-inundaciones-y-deslizamiento-de-tierra-en-cuba-por-fuertes-lluvias\/"},"author":{"name":"EL GLOBAL","@id":"https:\/\/elglobal.do\/#\/schema\/person\/0c97ec2c7714fb605d230c292f64d55f"},"headline":"Suman 18,000 evacuados, inundaciones y deslizamiento de tierra en Cuba por fuertes lluvias","datePublished":"2025-09-29T16:05:56+00:00","dateModified":"2025-09-29T16:06:01+00:00","mainEntityOfPage":{"@id":"https:\/\/elglobal.do\/index.php\/2025\/09\/29\/suman-18000-evacuados-inundaciones-y-deslizamiento-de-tierra-en-cuba-por-fuertes-lluvias\/"},"wordCount":603,"commentCount":0,"publisher":{"@id":"https:\/\/elglobal.do\/#organization"},"image":{"@id":"https:\/\/elglobal.do\/index.php\/2025\/09\/29\/suman-18000-evacuados-inundaciones-y-deslizamiento-de-tierra-en-cuba-por-fuertes-lluvias\/#primaryimage"},"thumbnailUrl":"https:\/\/elglobal.do\/wp-content\/uploads\/2025\/09\/image-174.png","keywords":["#Cuba","#Internacionales","#Inundaciones","#lluvias"],"articleSection":["INTERNACIONALES"],"inLanguage":"es","potentialAction":[{"@type":"CommentAction","name":"Comment","target":["https:\/\/elglobal.do\/index.php\/2025\/09\/29\/suman-18000-evacuados-inundaciones-y-deslizamiento-de-tierra-en-cuba-por-fuertes-lluvias\/#respond"]}]},{"@type":"WebPage","@id":"https:\/\/elglobal.do\/index.php\/2025\/09\/29\/suman-18000-evacuados-inundaciones-y-deslizamiento-de-tierra-en-cuba-por-fuertes-lluvias\/","url":"https:\/\/elglobal.do\/index.php\/2025\/09\/29\/suman-18000-evacuados-inundaciones-y-deslizamiento-de-tierra-en-cuba-por-fuertes-lluvias\/","name":"Suman 18,000 evacuados, inundaciones y deslizamiento de tierra en Cuba por fuertes lluvias - EL GLOBAL INFORMATIVO","isPartOf":{"@id":"https:\/\/elglobal.do\/#website"},"primaryImageOfPage":{"@id":"https:\/\/elglobal.do\/index.php\/2025\/09\/29\/suman-18000-evacuados-inundaciones-y-deslizamiento-de-tierra-en-cuba-por-fuertes-lluvias\/#primaryimage"},"image":{"@id":"https:\/\/elglobal.do\/index.php\/2025\/09\/29\/suman-18000-evacuados-inundaciones-y-deslizamiento-de-tierra-en-cuba-por-fuertes-lluvias\/#primaryimage"},"thumbnailUrl":"https:\/\/elglobal.do\/wp-content\/uploads\/2025\/09\/image-174.png","datePublished":"2025-09-29T16:05:56+00:00","dateModified":"2025-09-29T16:06:01+00:00","breadcrumb":{"@id":"https:\/\/elglobal.do\/index.php\/2025\/09\/29\/suman-18000-evacuados-inundaciones-y-deslizamiento-de-tierra-en-cuba-por-fuertes-lluvias\/#breadcrumb"},"inLanguage":"es","potentialAction":[{"@type":"ReadAction","target":["https:\/\/elglobal.do\/index.php\/2025\/09\/29\/suman-18000-evacuados-inundaciones-y-deslizamiento-de-tierra-en-cuba-por-fuertes-lluvias\/"]}]},{"@type":"ImageObject","inLanguage":"es","@id":"https:\/\/elglobal.do\/index.php\/2025\/09\/29\/suman-18000-evacuados-inundaciones-y-deslizamiento-de-tierra-en-cuba-por-fuertes-lluvias\/#primaryimage","url":"https:\/\/elglobal.do\/wp-content\/uploads\/2025\/09\/image-174.png","contentUrl":"https:\/\/elglobal.do\/wp-content\/uploads\/2025\/09\/image-174.png","width":896,"height":504},{"@type":"BreadcrumbList","@id":"https:\/\/elglobal.do\/index.php\/2025\/09\/29\/suman-18000-evacuados-inundaciones-y-deslizamiento-de-tierra-en-cuba-por-fuertes-lluvias\/#breadcrumb","itemListElement":[{"@type":"ListItem","position":1,"name":"Portada","item":"https:\/\/elglobal.do\/"},{"@type":"ListItem","position":2,"name":"Suman 18,000 evacuados, inundaciones y deslizamiento de tierra en Cuba por fuertes lluvias"}]},{"@type":"WebSite","@id":"https:\/\/elglobal.do\/#website","url":"https:\/\/elglobal.do\/","name":"EL GLOBAL INFORMATIVO","description":"Peri\u00f3dico digital de la Rep\u00fablica Dominicana que ofrece noticias, novedades, pol\u00edtica y las \u00faltimas actualidades, con informaci\u00f3n veraz y oportuna para mantenerte siempre informad","publisher":{"@id":"https:\/\/elglobal.do\/#organization"},"potentialAction":[{"@type":"SearchAction","target":{"@type":"EntryPoint","urlTemplate":"https:\/\/elglobal.do\/?s={search_term_string}"},"query-input":{"@type":"PropertyValueSpecification","valueRequired":true,"valueName":"search_term_string"}}],"inLanguage":"es"},{"@type":"Organization","@id":"https:\/\/elglobal.do\/#organization","name":"EL GLOBAL.DO INFORMATIVO","url":"https:\/\/elglobal.do\/","logo":{"@type":"ImageObject","inLanguage":"es","@id":"https:\/\/elglobal.do\/#\/schema\/logo\/image\/","url":"https:\/\/elglobal.do\/wp-content\/uploads\/2025\/08\/icon.png","contentUrl":"https:\/\/elglobal.do\/wp-content\/uploads\/2025\/08\/icon.png","width":512,"height":512,"caption":"EL GLOBAL.DO INFORMATIVO"},"image":{"@id":"https:\/\/elglobal.do\/#\/schema\/logo\/image\/"}},{"@type":"Person","@id":"https:\/\/elglobal.do\/#\/schema\/person\/0c97ec2c7714fb605d230c292f64d55f","name":"EL GLOBAL","image":{"@type":"ImageObject","inLanguage":"es","@id":"https:\/\/elglobal.do\/#\/schema\/person\/image\/","url":"https:\/\/secure.gravatar.com\/avatar\/081cfb6cf99faddc6f4e23a0c11ab98c5cf302925382d1c88dc3ed757ab910a3?s=96&d=mm&r=g","contentUrl":"https:\/\/secure.gravatar.com\/avatar\/081cfb6cf99faddc6f4e23a0c11ab98c5cf302925382d1c88dc3ed757ab910a3?s=96&d=mm&r=g","caption":"EL GLOBAL"},"description":"El Global Informativo es un peri\u00f3dico digital de Rep\u00fablica Dominicana que se dedica a cubrir temas importantes, como la pol\u00edtica local, geopol\u00edtica, econom\u00eda, tecnolog\u00eda, noticias internacionales y eventos relacionados con la gesti\u00f3n social, cultural y humana. Su objetivo principal es mantener a la poblaci\u00f3n informada, ofreciendo una visi\u00f3n amplia y actualizada de lo que sucede tanto en el pa\u00eds como en el mundo. Est\u00e1 dirigido por un grupo de periodistas experimentados, lo que garantiza la calidad y la precisi\u00f3n de la informaci\u00f3n que ofrecen. Tiene su sede en la ciudad de Santo Domingo y es parte integral del portafolio de la empresa, MC Global S.R.L.","sameAs":["https:\/\/elglobal.do","https:\/\/www.instagram.com\/elglobal.do_informativo\/"],"url":"https:\/\/elglobal.do\/index.php\/author\/elglobaluserpro\/"}]}},"jetpack_featured_media_url":"https:\/\/elglobal.do\/wp-content\/uploads\/2025\/09\/image-174.png","jetpack_sharing_enabled":true,"_links":{"self":[{"href":"https:\/\/elglobal.do\/index.php\/wp-json\/wp\/v2\/posts\/2657","targetHints":{"allow":["GET"]}}],"collection":[{"href":"https:\/\/elglobal.do\/index.php\/wp-json\/wp\/v2\/posts"}],"about":[{"href":"https:\/\/elglobal.do\/index.php\/wp-json\/wp\/v2\/types\/post"}],"author":[{"embeddable":true,"href":"https:\/\/elglobal.do\/index.php\/wp-json\/wp\/v2\/users\/1"}],"replies":[{"embeddable":true,"href":"https:\/\/elglobal.do\/index.php\/wp-json\/wp\/v2\/comments?post=2657"}],"version-history":[{"count":1,"href":"https:\/\/elglobal.do\/index.php\/wp-json\/wp\/v2\/posts\/2657\/revisions"}],"predecessor-version":[{"id":2663,"href":"https:\/\/elglobal.do\/index.php\/wp-json\/wp\/v2\/posts\/2657\/revisions\/2663"}],"wp:featuredmedia":[{"embeddable":true,"href":"https:\/\/elglobal.do\/index.php\/wp-json\/wp\/v2\/media\/2658"}],"wp:attachment":[{"href":"https:\/\/elglobal.do\/index.php\/wp-json\/wp\/v2\/media?parent=2657"}],"wp:term":[{"taxonomy":"category","embeddable":true,"href":"https:\/\/elglobal.do\/index.php\/wp-json\/wp\/v2\/categories?post=2657"},{"taxonomy":"post_tag","embeddable":true,"href":"https:\/\/elglobal.do\/index.php\/wp-json\/wp\/v2\/tags?post=2657"}],"curies":[{"name":"wp","href":"https:\/\/api.w.org\/{rel}","templated":true}]}}