{"id":2670,"date":"2025-09-29T14:22:03","date_gmt":"2025-09-29T18:22:03","guid":{"rendered":"https:\/\/elglobal.do\/?p=2670"},"modified":"2025-09-29T14:28:28","modified_gmt":"2025-09-29T18:28:28","slug":"inabie-invita-a-conocer-su-stand-en-la-xxvii-feria-internacional-del-libro-2025","status":"publish","type":"post","link":"https:\/\/elglobal.do\/index.php\/2025\/09\/29\/inabie-invita-a-conocer-su-stand-en-la-xxvii-feria-internacional-del-libro-2025\/","title":{"rendered":"INABIE invita a conocer su stand en la XXVII Feria Internacional del Libro 2025"},"content":{"rendered":"\n<figure class=\"wp-block-image size-large\"><img loading=\"lazy\" decoding=\"async\" width=\"1024\" height=\"682\" src=\"https:\/\/elglobal.do\/wp-content\/uploads\/2025\/09\/INABIE-1024x682.jpeg\" alt=\"\" class=\"wp-image-2672\" srcset=\"https:\/\/elglobal.do\/wp-content\/uploads\/2025\/09\/INABIE-1024x682.jpeg 1024w, https:\/\/elglobal.do\/wp-content\/uploads\/2025\/09\/INABIE-300x200.jpeg 300w, https:\/\/elglobal.do\/wp-content\/uploads\/2025\/09\/INABIE-768x512.jpeg 768w, https:\/\/elglobal.do\/wp-content\/uploads\/2025\/09\/INABIE-1536x1023.jpeg 1536w, https:\/\/elglobal.do\/wp-content\/uploads\/2025\/09\/INABIE.jpeg 1600w\" sizes=\"auto, (max-width: 1024px) 100vw, 1024px\" \/><\/figure>\n\n\n\n<p><strong>Santo Domingo. &#8211; <\/strong>El Instituto Nacional de Bienestar Estudiantil (INABIE), invita a las familias y al p\u00fablico en general a visitar su stand en la XXVII Feria Internacional del Libro 2025, un espacio donde podr\u00e1n conocer los programas que desarrolla la instituci\u00f3n en favor de los estudiantes del sistema p\u00fablico nacional.<\/p>\n\n\n\n<p>El stand incluye orientaciones a cargo de profesionales de las \u00e1reas de Nutrici\u00f3n, Salud Escolar y Gesti\u00f3n Alimentaria del INABIE, quienes explican c\u00f3mo cada iniciativa contribuye al bienestar y rendimiento acad\u00e9mico de los escolares.<\/p>\n\n\n\n<p>En este punto de encuentro, ubicado en el parque detr\u00e1s de la Biblioteca Nacional Pedro Henr\u00edquez Ure\u00f1a, los visitantes observan muestras de los componentes del desayuno y el almuerzo escolar. Adem\u00e1s, reciben kits odontol\u00f3gicos para fomentar el cuidado de la salud bucal.<\/p>\n\n\n\n<p>La experiencia se completa con juegos interactivos como arma tu plato nutritivo y din\u00e1micas de memoria, pensadas para que ni\u00f1os y adultos aprendan de manera entretenida sobre la importancia de la alimentaci\u00f3n balanceada.<\/p>\n\n\n\n<p>Con el eslogan \u201cLos libros suman bienestar\u201d, el INABIE se une a la XXVII Feria Internacional del Libro, inaugurada el 25 de septiembre y que se extender\u00e1 hasta el 5 de octubre, ofreciendo a la ciudadan\u00eda la oportunidad de descubrir una propuesta que combina educaci\u00f3n y recreaci\u00f3n para todos sus visitantes.<\/p>\n\n\n\n<p><\/p>\n","protected":false},"excerpt":{"rendered":"<p>Santo Domingo. &#8211; El Instituto Nacional de Bienestar Estudiantil (INABIE), invita a las familias y al p\u00fablico en general a visitar su stand en la XXVII Feria Internacional del Libro&hellip; <\/p>\n","protected":false},"author":1,"featured_media":2672,"comment_status":"open","ping_status":"open","sticky":false,"template":"","format":"standard","meta":{"_jetpack_memberships_contains_paid_content":false,"footnotes":""},"categories":[119,14],"tags":[98,648,1437,1438],"class_list":["post-2670","post","type-post","status-publish","format-standard","has-post-thumbnail","hentry","category-educacion","category-slider","tag-elglobalinformativo","tag-inabie-2","tag-invita","tag-stand-xxviifil2025"],"yoast_head":"<!-- This site is optimized with the Yoast SEO plugin v26.9 - https:\/\/yoast.com\/product\/yoast-seo-wordpress\/ -->\n<title>INABIE invita a conocer su stand en la XXVII Feria Internacional del Libro 2025 - EL GLOBAL INFORMATIVO<\/title>\n<meta name=\"robots\" content=\"index, follow, max-snippet:-1, max-image-preview:large, max-video-preview:-1\" \/>\n<link rel=\"canonical\" href=\"https:\/\/elglobal.do\/index.php\/2025\/09\/29\/inabie-invita-a-conocer-su-stand-en-la-xxvii-feria-internacional-del-libro-2025\/\" \/>\n<meta property=\"og:locale\" content=\"es_ES\" \/>\n<meta property=\"og:type\" content=\"article\" \/>\n<meta property=\"og:title\" content=\"INABIE invita a conocer su stand en la XXVII Feria Internacional del Libro 2025 - EL GLOBAL INFORMATIVO\" \/>\n<meta property=\"og:description\" content=\"Santo Domingo. &#8211; El Instituto Nacional de Bienestar Estudiantil (INABIE), invita a las familias y al p\u00fablico en general a visitar su stand en la XXVII Feria Internacional del Libro&hellip;\" \/>\n<meta property=\"og:url\" content=\"https:\/\/elglobal.do\/index.php\/2025\/09\/29\/inabie-invita-a-conocer-su-stand-en-la-xxvii-feria-internacional-del-libro-2025\/\" \/>\n<meta property=\"og:site_name\" content=\"EL GLOBAL INFORMATIVO\" \/>\n<meta property=\"article:published_time\" content=\"2025-09-29T18:22:03+00:00\" \/>\n<meta property=\"article:modified_time\" content=\"2025-09-29T18:28:28+00:00\" \/>\n<meta property=\"og:image\" content=\"https:\/\/elglobal.do\/wp-content\/uploads\/2025\/09\/INABIE.jpeg\" \/>\n\t<meta property=\"og:image:width\" content=\"1600\" \/>\n\t<meta property=\"og:image:height\" content=\"1066\" \/>\n\t<meta property=\"og:image:type\" content=\"image\/jpeg\" \/>\n<meta name=\"author\" content=\"EL GLOBAL\" \/>\n<meta name=\"twitter:card\" content=\"summary_large_image\" \/>\n<meta name=\"twitter:label1\" content=\"Escrito por\" \/>\n\t<meta name=\"twitter:data1\" content=\"EL GLOBAL\" \/>\n\t<meta name=\"twitter:label2\" content=\"Tiempo de lectura\" \/>\n\t<meta name=\"twitter:data2\" content=\"2 minutos\" \/>\n<script type=\"application\/ld+json\" class=\"yoast-schema-graph\">{\"@context\":\"https:\/\/schema.org\",\"@graph\":[{\"@type\":\"Article\",\"@id\":\"https:\/\/elglobal.do\/index.php\/2025\/09\/29\/inabie-invita-a-conocer-su-stand-en-la-xxvii-feria-internacional-del-libro-2025\/#article\",\"isPartOf\":{\"@id\":\"https:\/\/elglobal.do\/index.php\/2025\/09\/29\/inabie-invita-a-conocer-su-stand-en-la-xxvii-feria-internacional-del-libro-2025\/\"},\"author\":{\"name\":\"EL GLOBAL\",\"@id\":\"https:\/\/elglobal.do\/#\/schema\/person\/0c97ec2c7714fb605d230c292f64d55f\"},\"headline\":\"INABIE invita a conocer su stand en la XXVII Feria Internacional del Libro 2025\",\"datePublished\":\"2025-09-29T18:22:03+00:00\",\"dateModified\":\"2025-09-29T18:28:28+00:00\",\"mainEntityOfPage\":{\"@id\":\"https:\/\/elglobal.do\/index.php\/2025\/09\/29\/inabie-invita-a-conocer-su-stand-en-la-xxvii-feria-internacional-del-libro-2025\/\"},\"wordCount\":240,\"commentCount\":0,\"publisher\":{\"@id\":\"https:\/\/elglobal.do\/#organization\"},\"image\":{\"@id\":\"https:\/\/elglobal.do\/index.php\/2025\/09\/29\/inabie-invita-a-conocer-su-stand-en-la-xxvii-feria-internacional-del-libro-2025\/#primaryimage\"},\"thumbnailUrl\":\"https:\/\/elglobal.do\/wp-content\/uploads\/2025\/09\/INABIE.jpeg\",\"keywords\":[\"#ElGlobalInformativo\",\"#INABIE\",\"#invita\",\"#stand #XXVIIFIL2025\"],\"articleSection\":[\"EDUCACI\u00d3N\",\"NOTICIAS RELEVANTES\"],\"inLanguage\":\"es\",\"potentialAction\":[{\"@type\":\"CommentAction\",\"name\":\"Comment\",\"target\":[\"https:\/\/elglobal.do\/index.php\/2025\/09\/29\/inabie-invita-a-conocer-su-stand-en-la-xxvii-feria-internacional-del-libro-2025\/#respond\"]}]},{\"@type\":\"WebPage\",\"@id\":\"https:\/\/elglobal.do\/index.php\/2025\/09\/29\/inabie-invita-a-conocer-su-stand-en-la-xxvii-feria-internacional-del-libro-2025\/\",\"url\":\"https:\/\/elglobal.do\/index.php\/2025\/09\/29\/inabie-invita-a-conocer-su-stand-en-la-xxvii-feria-internacional-del-libro-2025\/\",\"name\":\"INABIE invita a conocer su stand en la XXVII Feria Internacional del Libro 2025 - EL GLOBAL INFORMATIVO\",\"isPartOf\":{\"@id\":\"https:\/\/elglobal.do\/#website\"},\"primaryImageOfPage\":{\"@id\":\"https:\/\/elglobal.do\/index.php\/2025\/09\/29\/inabie-invita-a-conocer-su-stand-en-la-xxvii-feria-internacional-del-libro-2025\/#primaryimage\"},\"image\":{\"@id\":\"https:\/\/elglobal.do\/index.php\/2025\/09\/29\/inabie-invita-a-conocer-su-stand-en-la-xxvii-feria-internacional-del-libro-2025\/#primaryimage\"},\"thumbnailUrl\":\"https:\/\/elglobal.do\/wp-content\/uploads\/2025\/09\/INABIE.jpeg\",\"datePublished\":\"2025-09-29T18:22:03+00:00\",\"dateModified\":\"2025-09-29T18:28:28+00:00\",\"breadcrumb\":{\"@id\":\"https:\/\/elglobal.do\/index.php\/2025\/09\/29\/inabie-invita-a-conocer-su-stand-en-la-xxvii-feria-internacional-del-libro-2025\/#breadcrumb\"},\"inLanguage\":\"es\",\"potentialAction\":[{\"@type\":\"ReadAction\",\"target\":[\"https:\/\/elglobal.do\/index.php\/2025\/09\/29\/inabie-invita-a-conocer-su-stand-en-la-xxvii-feria-internacional-del-libro-2025\/\"]}]},{\"@type\":\"ImageObject\",\"inLanguage\":\"es\",\"@id\":\"https:\/\/elglobal.do\/index.php\/2025\/09\/29\/inabie-invita-a-conocer-su-stand-en-la-xxvii-feria-internacional-del-libro-2025\/#primaryimage\",\"url\":\"https:\/\/elglobal.do\/wp-content\/uploads\/2025\/09\/INABIE.jpeg\",\"contentUrl\":\"https:\/\/elglobal.do\/wp-content\/uploads\/2025\/09\/INABIE.jpeg\",\"width\":1600,\"height\":1066},{\"@type\":\"BreadcrumbList\",\"@id\":\"https:\/\/elglobal.do\/index.php\/2025\/09\/29\/inabie-invita-a-conocer-su-stand-en-la-xxvii-feria-internacional-del-libro-2025\/#breadcrumb\",\"itemListElement\":[{\"@type\":\"ListItem\",\"position\":1,\"name\":\"Portada\",\"item\":\"https:\/\/elglobal.do\/\"},{\"@type\":\"ListItem\",\"position\":2,\"name\":\"INABIE invita a conocer su stand en la XXVII Feria Internacional del Libro 2025\"}]},{\"@type\":\"WebSite\",\"@id\":\"https:\/\/elglobal.do\/#website\",\"url\":\"https:\/\/elglobal.do\/\",\"name\":\"EL GLOBAL INFORMATIVO\",\"description\":\"Peri\u00f3dico digital de la Rep\u00fablica Dominicana que ofrece noticias, novedades, pol\u00edtica y las \u00faltimas actualidades, con informaci\u00f3n veraz y oportuna para mantenerte siempre informad\",\"publisher\":{\"@id\":\"https:\/\/elglobal.do\/#organization\"},\"potentialAction\":[{\"@type\":\"SearchAction\",\"target\":{\"@type\":\"EntryPoint\",\"urlTemplate\":\"https:\/\/elglobal.do\/?s={search_term_string}\"},\"query-input\":{\"@type\":\"PropertyValueSpecification\",\"valueRequired\":true,\"valueName\":\"search_term_string\"}}],\"inLanguage\":\"es\"},{\"@type\":\"Organization\",\"@id\":\"https:\/\/elglobal.do\/#organization\",\"name\":\"EL GLOBAL.DO INFORMATIVO\",\"url\":\"https:\/\/elglobal.do\/\",\"logo\":{\"@type\":\"ImageObject\",\"inLanguage\":\"es\",\"@id\":\"https:\/\/elglobal.do\/#\/schema\/logo\/image\/\",\"url\":\"https:\/\/elglobal.do\/wp-content\/uploads\/2025\/08\/icon.png\",\"contentUrl\":\"https:\/\/elglobal.do\/wp-content\/uploads\/2025\/08\/icon.png\",\"width\":512,\"height\":512,\"caption\":\"EL GLOBAL.DO INFORMATIVO\"},\"image\":{\"@id\":\"https:\/\/elglobal.do\/#\/schema\/logo\/image\/\"}},{\"@type\":\"Person\",\"@id\":\"https:\/\/elglobal.do\/#\/schema\/person\/0c97ec2c7714fb605d230c292f64d55f\",\"name\":\"EL GLOBAL\",\"image\":{\"@type\":\"ImageObject\",\"inLanguage\":\"es\",\"@id\":\"https:\/\/elglobal.do\/#\/schema\/person\/image\/\",\"url\":\"https:\/\/secure.gravatar.com\/avatar\/081cfb6cf99faddc6f4e23a0c11ab98c5cf302925382d1c88dc3ed757ab910a3?s=96&d=mm&r=g\",\"contentUrl\":\"https:\/\/secure.gravatar.com\/avatar\/081cfb6cf99faddc6f4e23a0c11ab98c5cf302925382d1c88dc3ed757ab910a3?s=96&d=mm&r=g\",\"caption\":\"EL GLOBAL\"},\"description\":\"El Global Informativo es un peri\u00f3dico digital de Rep\u00fablica Dominicana que se dedica a cubrir temas importantes, como la pol\u00edtica local, geopol\u00edtica, econom\u00eda, tecnolog\u00eda, noticias internacionales y eventos relacionados con la gesti\u00f3n social, cultural y humana. Su objetivo principal es mantener a la poblaci\u00f3n informada, ofreciendo una visi\u00f3n amplia y actualizada de lo que sucede tanto en el pa\u00eds como en el mundo. Est\u00e1 dirigido por un grupo de periodistas experimentados, lo que garantiza la calidad y la precisi\u00f3n de la informaci\u00f3n que ofrecen. Tiene su sede en la ciudad de Santo Domingo y es parte integral del portafolio de la empresa, MC Global S.R.L.\",\"sameAs\":[\"https:\/\/elglobal.do\",\"https:\/\/www.instagram.com\/elglobal.do_informativo\/\"],\"url\":\"https:\/\/elglobal.do\/index.php\/author\/elglobaluserpro\/\"}]}<\/script>\n<!-- \/ Yoast SEO plugin. -->","yoast_head_json":{"title":"INABIE invita a conocer su stand en la XXVII Feria Internacional del Libro 2025 - EL GLOBAL INFORMATIVO","robots":{"index":"index","follow":"follow","max-snippet":"max-snippet:-1","max-image-preview":"max-image-preview:large","max-video-preview":"max-video-preview:-1"},"canonical":"https:\/\/elglobal.do\/index.php\/2025\/09\/29\/inabie-invita-a-conocer-su-stand-en-la-xxvii-feria-internacional-del-libro-2025\/","og_locale":"es_ES","og_type":"article","og_title":"INABIE invita a conocer su stand en la XXVII Feria Internacional del Libro 2025 - EL GLOBAL INFORMATIVO","og_description":"Santo Domingo. &#8211; El Instituto Nacional de Bienestar Estudiantil (INABIE), invita a las familias y al p\u00fablico en general a visitar su stand en la XXVII Feria Internacional del Libro&hellip;","og_url":"https:\/\/elglobal.do\/index.php\/2025\/09\/29\/inabie-invita-a-conocer-su-stand-en-la-xxvii-feria-internacional-del-libro-2025\/","og_site_name":"EL GLOBAL INFORMATIVO","article_published_time":"2025-09-29T18:22:03+00:00","article_modified_time":"2025-09-29T18:28:28+00:00","og_image":[{"width":1600,"height":1066,"url":"https:\/\/elglobal.do\/wp-content\/uploads\/2025\/09\/INABIE.jpeg","type":"image\/jpeg"}],"author":"EL GLOBAL","twitter_card":"summary_large_image","twitter_misc":{"Escrito por":"EL GLOBAL","Tiempo de lectura":"2 minutos"},"schema":{"@context":"https:\/\/schema.org","@graph":[{"@type":"Article","@id":"https:\/\/elglobal.do\/index.php\/2025\/09\/29\/inabie-invita-a-conocer-su-stand-en-la-xxvii-feria-internacional-del-libro-2025\/#article","isPartOf":{"@id":"https:\/\/elglobal.do\/index.php\/2025\/09\/29\/inabie-invita-a-conocer-su-stand-en-la-xxvii-feria-internacional-del-libro-2025\/"},"author":{"name":"EL GLOBAL","@id":"https:\/\/elglobal.do\/#\/schema\/person\/0c97ec2c7714fb605d230c292f64d55f"},"headline":"INABIE invita a conocer su stand en la XXVII Feria Internacional del Libro 2025","datePublished":"2025-09-29T18:22:03+00:00","dateModified":"2025-09-29T18:28:28+00:00","mainEntityOfPage":{"@id":"https:\/\/elglobal.do\/index.php\/2025\/09\/29\/inabie-invita-a-conocer-su-stand-en-la-xxvii-feria-internacional-del-libro-2025\/"},"wordCount":240,"commentCount":0,"publisher":{"@id":"https:\/\/elglobal.do\/#organization"},"image":{"@id":"https:\/\/elglobal.do\/index.php\/2025\/09\/29\/inabie-invita-a-conocer-su-stand-en-la-xxvii-feria-internacional-del-libro-2025\/#primaryimage"},"thumbnailUrl":"https:\/\/elglobal.do\/wp-content\/uploads\/2025\/09\/INABIE.jpeg","keywords":["#ElGlobalInformativo","#INABIE","#invita","#stand #XXVIIFIL2025"],"articleSection":["EDUCACI\u00d3N","NOTICIAS RELEVANTES"],"inLanguage":"es","potentialAction":[{"@type":"CommentAction","name":"Comment","target":["https:\/\/elglobal.do\/index.php\/2025\/09\/29\/inabie-invita-a-conocer-su-stand-en-la-xxvii-feria-internacional-del-libro-2025\/#respond"]}]},{"@type":"WebPage","@id":"https:\/\/elglobal.do\/index.php\/2025\/09\/29\/inabie-invita-a-conocer-su-stand-en-la-xxvii-feria-internacional-del-libro-2025\/","url":"https:\/\/elglobal.do\/index.php\/2025\/09\/29\/inabie-invita-a-conocer-su-stand-en-la-xxvii-feria-internacional-del-libro-2025\/","name":"INABIE invita a conocer su stand en la XXVII Feria Internacional del Libro 2025 - EL GLOBAL INFORMATIVO","isPartOf":{"@id":"https:\/\/elglobal.do\/#website"},"primaryImageOfPage":{"@id":"https:\/\/elglobal.do\/index.php\/2025\/09\/29\/inabie-invita-a-conocer-su-stand-en-la-xxvii-feria-internacional-del-libro-2025\/#primaryimage"},"image":{"@id":"https:\/\/elglobal.do\/index.php\/2025\/09\/29\/inabie-invita-a-conocer-su-stand-en-la-xxvii-feria-internacional-del-libro-2025\/#primaryimage"},"thumbnailUrl":"https:\/\/elglobal.do\/wp-content\/uploads\/2025\/09\/INABIE.jpeg","datePublished":"2025-09-29T18:22:03+00:00","dateModified":"2025-09-29T18:28:28+00:00","breadcrumb":{"@id":"https:\/\/elglobal.do\/index.php\/2025\/09\/29\/inabie-invita-a-conocer-su-stand-en-la-xxvii-feria-internacional-del-libro-2025\/#breadcrumb"},"inLanguage":"es","potentialAction":[{"@type":"ReadAction","target":["https:\/\/elglobal.do\/index.php\/2025\/09\/29\/inabie-invita-a-conocer-su-stand-en-la-xxvii-feria-internacional-del-libro-2025\/"]}]},{"@type":"ImageObject","inLanguage":"es","@id":"https:\/\/elglobal.do\/index.php\/2025\/09\/29\/inabie-invita-a-conocer-su-stand-en-la-xxvii-feria-internacional-del-libro-2025\/#primaryimage","url":"https:\/\/elglobal.do\/wp-content\/uploads\/2025\/09\/INABIE.jpeg","contentUrl":"https:\/\/elglobal.do\/wp-content\/uploads\/2025\/09\/INABIE.jpeg","width":1600,"height":1066},{"@type":"BreadcrumbList","@id":"https:\/\/elglobal.do\/index.php\/2025\/09\/29\/inabie-invita-a-conocer-su-stand-en-la-xxvii-feria-internacional-del-libro-2025\/#breadcrumb","itemListElement":[{"@type":"ListItem","position":1,"name":"Portada","item":"https:\/\/elglobal.do\/"},{"@type":"ListItem","position":2,"name":"INABIE invita a conocer su stand en la XXVII Feria Internacional del Libro 2025"}]},{"@type":"WebSite","@id":"https:\/\/elglobal.do\/#website","url":"https:\/\/elglobal.do\/","name":"EL GLOBAL INFORMATIVO","description":"Peri\u00f3dico digital de la Rep\u00fablica Dominicana que ofrece noticias, novedades, pol\u00edtica y las \u00faltimas actualidades, con informaci\u00f3n veraz y oportuna para mantenerte siempre informad","publisher":{"@id":"https:\/\/elglobal.do\/#organization"},"potentialAction":[{"@type":"SearchAction","target":{"@type":"EntryPoint","urlTemplate":"https:\/\/elglobal.do\/?s={search_term_string}"},"query-input":{"@type":"PropertyValueSpecification","valueRequired":true,"valueName":"search_term_string"}}],"inLanguage":"es"},{"@type":"Organization","@id":"https:\/\/elglobal.do\/#organization","name":"EL GLOBAL.DO INFORMATIVO","url":"https:\/\/elglobal.do\/","logo":{"@type":"ImageObject","inLanguage":"es","@id":"https:\/\/elglobal.do\/#\/schema\/logo\/image\/","url":"https:\/\/elglobal.do\/wp-content\/uploads\/2025\/08\/icon.png","contentUrl":"https:\/\/elglobal.do\/wp-content\/uploads\/2025\/08\/icon.png","width":512,"height":512,"caption":"EL GLOBAL.DO INFORMATIVO"},"image":{"@id":"https:\/\/elglobal.do\/#\/schema\/logo\/image\/"}},{"@type":"Person","@id":"https:\/\/elglobal.do\/#\/schema\/person\/0c97ec2c7714fb605d230c292f64d55f","name":"EL GLOBAL","image":{"@type":"ImageObject","inLanguage":"es","@id":"https:\/\/elglobal.do\/#\/schema\/person\/image\/","url":"https:\/\/secure.gravatar.com\/avatar\/081cfb6cf99faddc6f4e23a0c11ab98c5cf302925382d1c88dc3ed757ab910a3?s=96&d=mm&r=g","contentUrl":"https:\/\/secure.gravatar.com\/avatar\/081cfb6cf99faddc6f4e23a0c11ab98c5cf302925382d1c88dc3ed757ab910a3?s=96&d=mm&r=g","caption":"EL GLOBAL"},"description":"El Global Informativo es un peri\u00f3dico digital de Rep\u00fablica Dominicana que se dedica a cubrir temas importantes, como la pol\u00edtica local, geopol\u00edtica, econom\u00eda, tecnolog\u00eda, noticias internacionales y eventos relacionados con la gesti\u00f3n social, cultural y humana. Su objetivo principal es mantener a la poblaci\u00f3n informada, ofreciendo una visi\u00f3n amplia y actualizada de lo que sucede tanto en el pa\u00eds como en el mundo. Est\u00e1 dirigido por un grupo de periodistas experimentados, lo que garantiza la calidad y la precisi\u00f3n de la informaci\u00f3n que ofrecen. Tiene su sede en la ciudad de Santo Domingo y es parte integral del portafolio de la empresa, MC Global S.R.L.","sameAs":["https:\/\/elglobal.do","https:\/\/www.instagram.com\/elglobal.do_informativo\/"],"url":"https:\/\/elglobal.do\/index.php\/author\/elglobaluserpro\/"}]}},"jetpack_featured_media_url":"https:\/\/elglobal.do\/wp-content\/uploads\/2025\/09\/INABIE.jpeg","jetpack_sharing_enabled":true,"_links":{"self":[{"href":"https:\/\/elglobal.do\/index.php\/wp-json\/wp\/v2\/posts\/2670","targetHints":{"allow":["GET"]}}],"collection":[{"href":"https:\/\/elglobal.do\/index.php\/wp-json\/wp\/v2\/posts"}],"about":[{"href":"https:\/\/elglobal.do\/index.php\/wp-json\/wp\/v2\/types\/post"}],"author":[{"embeddable":true,"href":"https:\/\/elglobal.do\/index.php\/wp-json\/wp\/v2\/users\/1"}],"replies":[{"embeddable":true,"href":"https:\/\/elglobal.do\/index.php\/wp-json\/wp\/v2\/comments?post=2670"}],"version-history":[{"count":1,"href":"https:\/\/elglobal.do\/index.php\/wp-json\/wp\/v2\/posts\/2670\/revisions"}],"predecessor-version":[{"id":2673,"href":"https:\/\/elglobal.do\/index.php\/wp-json\/wp\/v2\/posts\/2670\/revisions\/2673"}],"wp:featuredmedia":[{"embeddable":true,"href":"https:\/\/elglobal.do\/index.php\/wp-json\/wp\/v2\/media\/2672"}],"wp:attachment":[{"href":"https:\/\/elglobal.do\/index.php\/wp-json\/wp\/v2\/media?parent=2670"}],"wp:term":[{"taxonomy":"category","embeddable":true,"href":"https:\/\/elglobal.do\/index.php\/wp-json\/wp\/v2\/categories?post=2670"},{"taxonomy":"post_tag","embeddable":true,"href":"https:\/\/elglobal.do\/index.php\/wp-json\/wp\/v2\/tags?post=2670"}],"curies":[{"name":"wp","href":"https:\/\/api.w.org\/{rel}","templated":true}]}}