{"id":2702,"date":"2025-09-30T11:36:29","date_gmt":"2025-09-30T15:36:29","guid":{"rendered":"https:\/\/elglobal.do\/?p=2702"},"modified":"2025-09-30T11:37:41","modified_gmt":"2025-09-30T15:37:41","slug":"educacion-suspende-personal-de-escuela-donde-grabaron-video-vulgar-y-lo-sometera-a-la-justicia","status":"publish","type":"post","link":"https:\/\/elglobal.do\/index.php\/2025\/09\/30\/educacion-suspende-personal-de-escuela-donde-grabaron-video-vulgar-y-lo-sometera-a-la-justicia\/","title":{"rendered":"Educaci\u00f3n suspende personal de escuela donde grabaron video vulgar y lo someter\u00e1 a la justicia"},"content":{"rendered":"\n<figure class=\"wp-block-image size-full\"><img loading=\"lazy\" decoding=\"async\" width=\"950\" height=\"465\" src=\"https:\/\/elglobal.do\/wp-content\/uploads\/2025\/09\/image-184.png\" alt=\"\" class=\"wp-image-2703\" srcset=\"https:\/\/elglobal.do\/wp-content\/uploads\/2025\/09\/image-184.png 950w, https:\/\/elglobal.do\/wp-content\/uploads\/2025\/09\/image-184-300x147.png 300w, https:\/\/elglobal.do\/wp-content\/uploads\/2025\/09\/image-184-768x376.png 768w\" sizes=\"auto, (max-width: 950px) 100vw, 950px\" \/><\/figure>\n\n\n\n<p><strong>Santo Domingo.-<\/strong>Luego de confirmar que el video musical con contenido vulgar fue grabado en una escuela del municipio Santo Domingo Este, el Ministerio de Educaci\u00f3n<strong> (MINERD)<\/strong> inform\u00f3 este martes la suspensi\u00f3n de sus\u00a0 funciones a varios servidores del centro, incluyendo coordinadores y personal administrativo. Tambi\u00e9n interpondr\u00e1 la denuncia ante el Ministerio P\u00fablico.<\/p>\n\n\n\n<p>En una nota de prensa indica que la suspensi\u00f3n es para fines de investigaci\u00f3n, y que a esas personas se le atribuye responsabilidad por el uso indebido de las instalaciones escolares. Aunque no dice la escuela, el vocero de la Polic\u00eda inform\u00f3 el lunes que fue un plantel del sector Invivienda, donde Pamela Sandobal, conocida como Shupamela y Darielis Marchena (Menor Queen) firmaron el video.<\/p>\n\n\n\n<p>El Minerd se\u00f1al\u00f3 que esta acci\u00f3n constituye una violaci\u00f3n directa a la formaci\u00f3n y educaci\u00f3n en valores, as\u00ed como a la integridad y al inter\u00e9s superior de los ni\u00f1os, ni\u00f1as y adolescentes.<\/p>\n\n\n\n<p>En ese sentido, \u201cel Ministerio de Educaci\u00f3n inform\u00f3 que est\u00e1 procediendo a interponer la denuncia correspondiente ante el Ministerio P\u00fablico, a fin de identificar la totalidad de los responsables, as\u00ed como los grados de responsabilidad penal de todos y cada uno de ellos\u201d.<\/p>\n\n\n\n<p><strong>Pide prohibir ella difusi\u00f3n del material<\/strong><\/p>\n\n\n\n<p>La cartera educativa adelant\u00f3 que solicitar\u00e1 a la Comisi\u00f3n Nacional de Espect\u00e1culos P\u00fablicos la prohibici\u00f3n total de la difusi\u00f3n del material grabado, a fin de evitar que contin\u00fae circulando y afectando a la comunidad educativa y a la sociedad en general.<\/p>\n\n\n\n<p>La instituci\u00f3n anunci\u00f3 la conformaci\u00f3n de una comisi\u00f3n especial encargada de revisar la ley vigente y proponer recomendaciones que permitan endurecer las sanciones aplicables en casos similares, a fin de reforzar la protecci\u00f3n de los espacios escolares.<\/p>\n\n\n\n<p>El Minerd reiter\u00f3 que no tolerar\u00e1 bajo ninguna circunstancia el uso indebido de los centros educativos. La instituci\u00f3n subray\u00f3 que estas medidas, m\u00e1s all\u00e1 de su alcance administrativo, env\u00edan un mensaje claro: los planteles escolares son espacios sagrados e inviolables, dedicados exclusivamente a la ense\u00f1anza y la formaci\u00f3n en valores.<\/p>\n\n\n\n<p><\/p>\n","protected":false},"excerpt":{"rendered":"<p>Santo Domingo.-Luego de confirmar que el video musical con contenido vulgar fue grabado en una escuela del municipio Santo Domingo Este, el Ministerio de Educaci\u00f3n (MINERD) inform\u00f3 este martes la&hellip; <\/p>\n","protected":false},"author":1,"featured_media":2703,"comment_status":"open","ping_status":"open","sticky":false,"template":"","format":"standard","meta":{"_jetpack_memberships_contains_paid_content":false,"footnotes":""},"categories":[40,14],"tags":[1456,158,1449,310,159,1455],"class_list":["post-2702","post","type-post","status-publish","format-standard","has-post-thumbnail","hentry","category-nacionales","category-slider","tag-difusion","tag-educacion","tag-escuela","tag-justicia","tag-minerd","tag-videovulgar"],"yoast_head":"<!-- This site is optimized with the Yoast SEO plugin v26.9 - https:\/\/yoast.com\/product\/yoast-seo-wordpress\/ -->\n<title>Educaci\u00f3n suspende personal de escuela donde grabaron video vulgar y lo someter\u00e1 a la justicia - EL GLOBAL INFORMATIVO<\/title>\n<meta name=\"robots\" content=\"index, follow, max-snippet:-1, max-image-preview:large, max-video-preview:-1\" \/>\n<link rel=\"canonical\" href=\"https:\/\/elglobal.do\/index.php\/2025\/09\/30\/educacion-suspende-personal-de-escuela-donde-grabaron-video-vulgar-y-lo-sometera-a-la-justicia\/\" \/>\n<meta property=\"og:locale\" content=\"es_ES\" \/>\n<meta property=\"og:type\" content=\"article\" \/>\n<meta property=\"og:title\" content=\"Educaci\u00f3n suspende personal de escuela donde grabaron video vulgar y lo someter\u00e1 a la justicia - EL GLOBAL INFORMATIVO\" \/>\n<meta property=\"og:description\" content=\"Santo Domingo.-Luego de confirmar que el video musical con contenido vulgar fue grabado en una escuela del municipio Santo Domingo Este, el Ministerio de Educaci\u00f3n (MINERD) inform\u00f3 este martes la&hellip;\" \/>\n<meta property=\"og:url\" content=\"https:\/\/elglobal.do\/index.php\/2025\/09\/30\/educacion-suspende-personal-de-escuela-donde-grabaron-video-vulgar-y-lo-sometera-a-la-justicia\/\" \/>\n<meta property=\"og:site_name\" content=\"EL GLOBAL INFORMATIVO\" \/>\n<meta property=\"article:published_time\" content=\"2025-09-30T15:36:29+00:00\" \/>\n<meta property=\"article:modified_time\" content=\"2025-09-30T15:37:41+00:00\" \/>\n<meta property=\"og:image\" content=\"https:\/\/elglobal.do\/wp-content\/uploads\/2025\/09\/image-184.png\" \/>\n\t<meta property=\"og:image:width\" content=\"950\" \/>\n\t<meta property=\"og:image:height\" content=\"465\" \/>\n\t<meta property=\"og:image:type\" content=\"image\/png\" \/>\n<meta name=\"author\" content=\"EL GLOBAL\" \/>\n<meta name=\"twitter:card\" content=\"summary_large_image\" \/>\n<meta name=\"twitter:label1\" content=\"Escrito por\" \/>\n\t<meta name=\"twitter:data1\" content=\"EL GLOBAL\" \/>\n\t<meta name=\"twitter:label2\" content=\"Tiempo de lectura\" \/>\n\t<meta name=\"twitter:data2\" content=\"2 minutos\" \/>\n<script type=\"application\/ld+json\" class=\"yoast-schema-graph\">{\"@context\":\"https:\/\/schema.org\",\"@graph\":[{\"@type\":\"Article\",\"@id\":\"https:\/\/elglobal.do\/index.php\/2025\/09\/30\/educacion-suspende-personal-de-escuela-donde-grabaron-video-vulgar-y-lo-sometera-a-la-justicia\/#article\",\"isPartOf\":{\"@id\":\"https:\/\/elglobal.do\/index.php\/2025\/09\/30\/educacion-suspende-personal-de-escuela-donde-grabaron-video-vulgar-y-lo-sometera-a-la-justicia\/\"},\"author\":{\"name\":\"EL GLOBAL\",\"@id\":\"https:\/\/elglobal.do\/#\/schema\/person\/0c97ec2c7714fb605d230c292f64d55f\"},\"headline\":\"Educaci\u00f3n suspende personal de escuela donde grabaron video vulgar y lo someter\u00e1 a la justicia\",\"datePublished\":\"2025-09-30T15:36:29+00:00\",\"dateModified\":\"2025-09-30T15:37:41+00:00\",\"mainEntityOfPage\":{\"@id\":\"https:\/\/elglobal.do\/index.php\/2025\/09\/30\/educacion-suspende-personal-de-escuela-donde-grabaron-video-vulgar-y-lo-sometera-a-la-justicia\/\"},\"wordCount\":376,\"commentCount\":0,\"publisher\":{\"@id\":\"https:\/\/elglobal.do\/#organization\"},\"image\":{\"@id\":\"https:\/\/elglobal.do\/index.php\/2025\/09\/30\/educacion-suspende-personal-de-escuela-donde-grabaron-video-vulgar-y-lo-sometera-a-la-justicia\/#primaryimage\"},\"thumbnailUrl\":\"https:\/\/elglobal.do\/wp-content\/uploads\/2025\/09\/image-184.png\",\"keywords\":[\"#Difusi\u00f3n\",\"#Educaci\u00f3n\",\"#escuela\",\"#Justicia\",\"#MINERD\",\"#Videovulgar\"],\"articleSection\":[\"NACIONALES\",\"NOTICIAS RELEVANTES\"],\"inLanguage\":\"es\",\"potentialAction\":[{\"@type\":\"CommentAction\",\"name\":\"Comment\",\"target\":[\"https:\/\/elglobal.do\/index.php\/2025\/09\/30\/educacion-suspende-personal-de-escuela-donde-grabaron-video-vulgar-y-lo-sometera-a-la-justicia\/#respond\"]}]},{\"@type\":\"WebPage\",\"@id\":\"https:\/\/elglobal.do\/index.php\/2025\/09\/30\/educacion-suspende-personal-de-escuela-donde-grabaron-video-vulgar-y-lo-sometera-a-la-justicia\/\",\"url\":\"https:\/\/elglobal.do\/index.php\/2025\/09\/30\/educacion-suspende-personal-de-escuela-donde-grabaron-video-vulgar-y-lo-sometera-a-la-justicia\/\",\"name\":\"Educaci\u00f3n suspende personal de escuela donde grabaron video vulgar y lo someter\u00e1 a la justicia - EL GLOBAL INFORMATIVO\",\"isPartOf\":{\"@id\":\"https:\/\/elglobal.do\/#website\"},\"primaryImageOfPage\":{\"@id\":\"https:\/\/elglobal.do\/index.php\/2025\/09\/30\/educacion-suspende-personal-de-escuela-donde-grabaron-video-vulgar-y-lo-sometera-a-la-justicia\/#primaryimage\"},\"image\":{\"@id\":\"https:\/\/elglobal.do\/index.php\/2025\/09\/30\/educacion-suspende-personal-de-escuela-donde-grabaron-video-vulgar-y-lo-sometera-a-la-justicia\/#primaryimage\"},\"thumbnailUrl\":\"https:\/\/elglobal.do\/wp-content\/uploads\/2025\/09\/image-184.png\",\"datePublished\":\"2025-09-30T15:36:29+00:00\",\"dateModified\":\"2025-09-30T15:37:41+00:00\",\"breadcrumb\":{\"@id\":\"https:\/\/elglobal.do\/index.php\/2025\/09\/30\/educacion-suspende-personal-de-escuela-donde-grabaron-video-vulgar-y-lo-sometera-a-la-justicia\/#breadcrumb\"},\"inLanguage\":\"es\",\"potentialAction\":[{\"@type\":\"ReadAction\",\"target\":[\"https:\/\/elglobal.do\/index.php\/2025\/09\/30\/educacion-suspende-personal-de-escuela-donde-grabaron-video-vulgar-y-lo-sometera-a-la-justicia\/\"]}]},{\"@type\":\"ImageObject\",\"inLanguage\":\"es\",\"@id\":\"https:\/\/elglobal.do\/index.php\/2025\/09\/30\/educacion-suspende-personal-de-escuela-donde-grabaron-video-vulgar-y-lo-sometera-a-la-justicia\/#primaryimage\",\"url\":\"https:\/\/elglobal.do\/wp-content\/uploads\/2025\/09\/image-184.png\",\"contentUrl\":\"https:\/\/elglobal.do\/wp-content\/uploads\/2025\/09\/image-184.png\",\"width\":950,\"height\":465},{\"@type\":\"BreadcrumbList\",\"@id\":\"https:\/\/elglobal.do\/index.php\/2025\/09\/30\/educacion-suspende-personal-de-escuela-donde-grabaron-video-vulgar-y-lo-sometera-a-la-justicia\/#breadcrumb\",\"itemListElement\":[{\"@type\":\"ListItem\",\"position\":1,\"name\":\"Portada\",\"item\":\"https:\/\/elglobal.do\/\"},{\"@type\":\"ListItem\",\"position\":2,\"name\":\"Educaci\u00f3n suspende personal de escuela donde grabaron video vulgar y lo someter\u00e1 a la justicia\"}]},{\"@type\":\"WebSite\",\"@id\":\"https:\/\/elglobal.do\/#website\",\"url\":\"https:\/\/elglobal.do\/\",\"name\":\"EL GLOBAL INFORMATIVO\",\"description\":\"Peri\u00f3dico digital de la Rep\u00fablica Dominicana que ofrece noticias, novedades, pol\u00edtica y las \u00faltimas actualidades, con informaci\u00f3n veraz y oportuna para mantenerte siempre informad\",\"publisher\":{\"@id\":\"https:\/\/elglobal.do\/#organization\"},\"potentialAction\":[{\"@type\":\"SearchAction\",\"target\":{\"@type\":\"EntryPoint\",\"urlTemplate\":\"https:\/\/elglobal.do\/?s={search_term_string}\"},\"query-input\":{\"@type\":\"PropertyValueSpecification\",\"valueRequired\":true,\"valueName\":\"search_term_string\"}}],\"inLanguage\":\"es\"},{\"@type\":\"Organization\",\"@id\":\"https:\/\/elglobal.do\/#organization\",\"name\":\"EL GLOBAL.DO INFORMATIVO\",\"url\":\"https:\/\/elglobal.do\/\",\"logo\":{\"@type\":\"ImageObject\",\"inLanguage\":\"es\",\"@id\":\"https:\/\/elglobal.do\/#\/schema\/logo\/image\/\",\"url\":\"https:\/\/elglobal.do\/wp-content\/uploads\/2025\/08\/icon.png\",\"contentUrl\":\"https:\/\/elglobal.do\/wp-content\/uploads\/2025\/08\/icon.png\",\"width\":512,\"height\":512,\"caption\":\"EL GLOBAL.DO INFORMATIVO\"},\"image\":{\"@id\":\"https:\/\/elglobal.do\/#\/schema\/logo\/image\/\"}},{\"@type\":\"Person\",\"@id\":\"https:\/\/elglobal.do\/#\/schema\/person\/0c97ec2c7714fb605d230c292f64d55f\",\"name\":\"EL GLOBAL\",\"image\":{\"@type\":\"ImageObject\",\"inLanguage\":\"es\",\"@id\":\"https:\/\/elglobal.do\/#\/schema\/person\/image\/\",\"url\":\"https:\/\/secure.gravatar.com\/avatar\/081cfb6cf99faddc6f4e23a0c11ab98c5cf302925382d1c88dc3ed757ab910a3?s=96&d=mm&r=g\",\"contentUrl\":\"https:\/\/secure.gravatar.com\/avatar\/081cfb6cf99faddc6f4e23a0c11ab98c5cf302925382d1c88dc3ed757ab910a3?s=96&d=mm&r=g\",\"caption\":\"EL GLOBAL\"},\"description\":\"El Global Informativo es un peri\u00f3dico digital de Rep\u00fablica Dominicana que se dedica a cubrir temas importantes, como la pol\u00edtica local, geopol\u00edtica, econom\u00eda, tecnolog\u00eda, noticias internacionales y eventos relacionados con la gesti\u00f3n social, cultural y humana. Su objetivo principal es mantener a la poblaci\u00f3n informada, ofreciendo una visi\u00f3n amplia y actualizada de lo que sucede tanto en el pa\u00eds como en el mundo. Est\u00e1 dirigido por un grupo de periodistas experimentados, lo que garantiza la calidad y la precisi\u00f3n de la informaci\u00f3n que ofrecen. Tiene su sede en la ciudad de Santo Domingo y es parte integral del portafolio de la empresa, MC Global S.R.L.\",\"sameAs\":[\"https:\/\/elglobal.do\",\"https:\/\/www.instagram.com\/elglobal.do_informativo\/\"],\"url\":\"https:\/\/elglobal.do\/index.php\/author\/elglobaluserpro\/\"}]}<\/script>\n<!-- \/ Yoast SEO plugin. -->","yoast_head_json":{"title":"Educaci\u00f3n suspende personal de escuela donde grabaron video vulgar y lo someter\u00e1 a la justicia - EL GLOBAL INFORMATIVO","robots":{"index":"index","follow":"follow","max-snippet":"max-snippet:-1","max-image-preview":"max-image-preview:large","max-video-preview":"max-video-preview:-1"},"canonical":"https:\/\/elglobal.do\/index.php\/2025\/09\/30\/educacion-suspende-personal-de-escuela-donde-grabaron-video-vulgar-y-lo-sometera-a-la-justicia\/","og_locale":"es_ES","og_type":"article","og_title":"Educaci\u00f3n suspende personal de escuela donde grabaron video vulgar y lo someter\u00e1 a la justicia - EL GLOBAL INFORMATIVO","og_description":"Santo Domingo.-Luego de confirmar que el video musical con contenido vulgar fue grabado en una escuela del municipio Santo Domingo Este, el Ministerio de Educaci\u00f3n (MINERD) inform\u00f3 este martes la&hellip;","og_url":"https:\/\/elglobal.do\/index.php\/2025\/09\/30\/educacion-suspende-personal-de-escuela-donde-grabaron-video-vulgar-y-lo-sometera-a-la-justicia\/","og_site_name":"EL GLOBAL INFORMATIVO","article_published_time":"2025-09-30T15:36:29+00:00","article_modified_time":"2025-09-30T15:37:41+00:00","og_image":[{"width":950,"height":465,"url":"https:\/\/elglobal.do\/wp-content\/uploads\/2025\/09\/image-184.png","type":"image\/png"}],"author":"EL GLOBAL","twitter_card":"summary_large_image","twitter_misc":{"Escrito por":"EL GLOBAL","Tiempo de lectura":"2 minutos"},"schema":{"@context":"https:\/\/schema.org","@graph":[{"@type":"Article","@id":"https:\/\/elglobal.do\/index.php\/2025\/09\/30\/educacion-suspende-personal-de-escuela-donde-grabaron-video-vulgar-y-lo-sometera-a-la-justicia\/#article","isPartOf":{"@id":"https:\/\/elglobal.do\/index.php\/2025\/09\/30\/educacion-suspende-personal-de-escuela-donde-grabaron-video-vulgar-y-lo-sometera-a-la-justicia\/"},"author":{"name":"EL GLOBAL","@id":"https:\/\/elglobal.do\/#\/schema\/person\/0c97ec2c7714fb605d230c292f64d55f"},"headline":"Educaci\u00f3n suspende personal de escuela donde grabaron video vulgar y lo someter\u00e1 a la justicia","datePublished":"2025-09-30T15:36:29+00:00","dateModified":"2025-09-30T15:37:41+00:00","mainEntityOfPage":{"@id":"https:\/\/elglobal.do\/index.php\/2025\/09\/30\/educacion-suspende-personal-de-escuela-donde-grabaron-video-vulgar-y-lo-sometera-a-la-justicia\/"},"wordCount":376,"commentCount":0,"publisher":{"@id":"https:\/\/elglobal.do\/#organization"},"image":{"@id":"https:\/\/elglobal.do\/index.php\/2025\/09\/30\/educacion-suspende-personal-de-escuela-donde-grabaron-video-vulgar-y-lo-sometera-a-la-justicia\/#primaryimage"},"thumbnailUrl":"https:\/\/elglobal.do\/wp-content\/uploads\/2025\/09\/image-184.png","keywords":["#Difusi\u00f3n","#Educaci\u00f3n","#escuela","#Justicia","#MINERD","#Videovulgar"],"articleSection":["NACIONALES","NOTICIAS RELEVANTES"],"inLanguage":"es","potentialAction":[{"@type":"CommentAction","name":"Comment","target":["https:\/\/elglobal.do\/index.php\/2025\/09\/30\/educacion-suspende-personal-de-escuela-donde-grabaron-video-vulgar-y-lo-sometera-a-la-justicia\/#respond"]}]},{"@type":"WebPage","@id":"https:\/\/elglobal.do\/index.php\/2025\/09\/30\/educacion-suspende-personal-de-escuela-donde-grabaron-video-vulgar-y-lo-sometera-a-la-justicia\/","url":"https:\/\/elglobal.do\/index.php\/2025\/09\/30\/educacion-suspende-personal-de-escuela-donde-grabaron-video-vulgar-y-lo-sometera-a-la-justicia\/","name":"Educaci\u00f3n suspende personal de escuela donde grabaron video vulgar y lo someter\u00e1 a la justicia - EL GLOBAL INFORMATIVO","isPartOf":{"@id":"https:\/\/elglobal.do\/#website"},"primaryImageOfPage":{"@id":"https:\/\/elglobal.do\/index.php\/2025\/09\/30\/educacion-suspende-personal-de-escuela-donde-grabaron-video-vulgar-y-lo-sometera-a-la-justicia\/#primaryimage"},"image":{"@id":"https:\/\/elglobal.do\/index.php\/2025\/09\/30\/educacion-suspende-personal-de-escuela-donde-grabaron-video-vulgar-y-lo-sometera-a-la-justicia\/#primaryimage"},"thumbnailUrl":"https:\/\/elglobal.do\/wp-content\/uploads\/2025\/09\/image-184.png","datePublished":"2025-09-30T15:36:29+00:00","dateModified":"2025-09-30T15:37:41+00:00","breadcrumb":{"@id":"https:\/\/elglobal.do\/index.php\/2025\/09\/30\/educacion-suspende-personal-de-escuela-donde-grabaron-video-vulgar-y-lo-sometera-a-la-justicia\/#breadcrumb"},"inLanguage":"es","potentialAction":[{"@type":"ReadAction","target":["https:\/\/elglobal.do\/index.php\/2025\/09\/30\/educacion-suspende-personal-de-escuela-donde-grabaron-video-vulgar-y-lo-sometera-a-la-justicia\/"]}]},{"@type":"ImageObject","inLanguage":"es","@id":"https:\/\/elglobal.do\/index.php\/2025\/09\/30\/educacion-suspende-personal-de-escuela-donde-grabaron-video-vulgar-y-lo-sometera-a-la-justicia\/#primaryimage","url":"https:\/\/elglobal.do\/wp-content\/uploads\/2025\/09\/image-184.png","contentUrl":"https:\/\/elglobal.do\/wp-content\/uploads\/2025\/09\/image-184.png","width":950,"height":465},{"@type":"BreadcrumbList","@id":"https:\/\/elglobal.do\/index.php\/2025\/09\/30\/educacion-suspende-personal-de-escuela-donde-grabaron-video-vulgar-y-lo-sometera-a-la-justicia\/#breadcrumb","itemListElement":[{"@type":"ListItem","position":1,"name":"Portada","item":"https:\/\/elglobal.do\/"},{"@type":"ListItem","position":2,"name":"Educaci\u00f3n suspende personal de escuela donde grabaron video vulgar y lo someter\u00e1 a la justicia"}]},{"@type":"WebSite","@id":"https:\/\/elglobal.do\/#website","url":"https:\/\/elglobal.do\/","name":"EL GLOBAL INFORMATIVO","description":"Peri\u00f3dico digital de la Rep\u00fablica Dominicana que ofrece noticias, novedades, pol\u00edtica y las \u00faltimas actualidades, con informaci\u00f3n veraz y oportuna para mantenerte siempre informad","publisher":{"@id":"https:\/\/elglobal.do\/#organization"},"potentialAction":[{"@type":"SearchAction","target":{"@type":"EntryPoint","urlTemplate":"https:\/\/elglobal.do\/?s={search_term_string}"},"query-input":{"@type":"PropertyValueSpecification","valueRequired":true,"valueName":"search_term_string"}}],"inLanguage":"es"},{"@type":"Organization","@id":"https:\/\/elglobal.do\/#organization","name":"EL GLOBAL.DO INFORMATIVO","url":"https:\/\/elglobal.do\/","logo":{"@type":"ImageObject","inLanguage":"es","@id":"https:\/\/elglobal.do\/#\/schema\/logo\/image\/","url":"https:\/\/elglobal.do\/wp-content\/uploads\/2025\/08\/icon.png","contentUrl":"https:\/\/elglobal.do\/wp-content\/uploads\/2025\/08\/icon.png","width":512,"height":512,"caption":"EL GLOBAL.DO INFORMATIVO"},"image":{"@id":"https:\/\/elglobal.do\/#\/schema\/logo\/image\/"}},{"@type":"Person","@id":"https:\/\/elglobal.do\/#\/schema\/person\/0c97ec2c7714fb605d230c292f64d55f","name":"EL GLOBAL","image":{"@type":"ImageObject","inLanguage":"es","@id":"https:\/\/elglobal.do\/#\/schema\/person\/image\/","url":"https:\/\/secure.gravatar.com\/avatar\/081cfb6cf99faddc6f4e23a0c11ab98c5cf302925382d1c88dc3ed757ab910a3?s=96&d=mm&r=g","contentUrl":"https:\/\/secure.gravatar.com\/avatar\/081cfb6cf99faddc6f4e23a0c11ab98c5cf302925382d1c88dc3ed757ab910a3?s=96&d=mm&r=g","caption":"EL GLOBAL"},"description":"El Global Informativo es un peri\u00f3dico digital de Rep\u00fablica Dominicana que se dedica a cubrir temas importantes, como la pol\u00edtica local, geopol\u00edtica, econom\u00eda, tecnolog\u00eda, noticias internacionales y eventos relacionados con la gesti\u00f3n social, cultural y humana. Su objetivo principal es mantener a la poblaci\u00f3n informada, ofreciendo una visi\u00f3n amplia y actualizada de lo que sucede tanto en el pa\u00eds como en el mundo. Est\u00e1 dirigido por un grupo de periodistas experimentados, lo que garantiza la calidad y la precisi\u00f3n de la informaci\u00f3n que ofrecen. Tiene su sede en la ciudad de Santo Domingo y es parte integral del portafolio de la empresa, MC Global S.R.L.","sameAs":["https:\/\/elglobal.do","https:\/\/www.instagram.com\/elglobal.do_informativo\/"],"url":"https:\/\/elglobal.do\/index.php\/author\/elglobaluserpro\/"}]}},"jetpack_featured_media_url":"https:\/\/elglobal.do\/wp-content\/uploads\/2025\/09\/image-184.png","jetpack_sharing_enabled":true,"_links":{"self":[{"href":"https:\/\/elglobal.do\/index.php\/wp-json\/wp\/v2\/posts\/2702","targetHints":{"allow":["GET"]}}],"collection":[{"href":"https:\/\/elglobal.do\/index.php\/wp-json\/wp\/v2\/posts"}],"about":[{"href":"https:\/\/elglobal.do\/index.php\/wp-json\/wp\/v2\/types\/post"}],"author":[{"embeddable":true,"href":"https:\/\/elglobal.do\/index.php\/wp-json\/wp\/v2\/users\/1"}],"replies":[{"embeddable":true,"href":"https:\/\/elglobal.do\/index.php\/wp-json\/wp\/v2\/comments?post=2702"}],"version-history":[{"count":1,"href":"https:\/\/elglobal.do\/index.php\/wp-json\/wp\/v2\/posts\/2702\/revisions"}],"predecessor-version":[{"id":2704,"href":"https:\/\/elglobal.do\/index.php\/wp-json\/wp\/v2\/posts\/2702\/revisions\/2704"}],"wp:featuredmedia":[{"embeddable":true,"href":"https:\/\/elglobal.do\/index.php\/wp-json\/wp\/v2\/media\/2703"}],"wp:attachment":[{"href":"https:\/\/elglobal.do\/index.php\/wp-json\/wp\/v2\/media?parent=2702"}],"wp:term":[{"taxonomy":"category","embeddable":true,"href":"https:\/\/elglobal.do\/index.php\/wp-json\/wp\/v2\/categories?post=2702"},{"taxonomy":"post_tag","embeddable":true,"href":"https:\/\/elglobal.do\/index.php\/wp-json\/wp\/v2\/tags?post=2702"}],"curies":[{"name":"wp","href":"https:\/\/api.w.org\/{rel}","templated":true}]}}