{"id":2747,"date":"2025-10-01T13:50:37","date_gmt":"2025-10-01T17:50:37","guid":{"rendered":"https:\/\/elglobal.do\/?p=2747"},"modified":"2025-10-01T13:50:41","modified_gmt":"2025-10-01T17:50:41","slug":"indotel-lanza-programa-de-alfabetizacion-digital-para-100000-personas","status":"publish","type":"post","link":"https:\/\/elglobal.do\/index.php\/2025\/10\/01\/indotel-lanza-programa-de-alfabetizacion-digital-para-100000-personas\/","title":{"rendered":"Indotel lanza programa de alfabetizaci\u00f3n digital para 100,000 personas"},"content":{"rendered":"\n<figure class=\"wp-block-image size-large is-resized\"><img loading=\"lazy\" decoding=\"async\" width=\"1024\" height=\"732\" src=\"https:\/\/elglobal.do\/wp-content\/uploads\/2025\/10\/image-7-1024x732.png\" alt=\"\" class=\"wp-image-2748\" style=\"width:677px;height:auto\" srcset=\"https:\/\/elglobal.do\/wp-content\/uploads\/2025\/10\/image-7-1024x732.png 1024w, https:\/\/elglobal.do\/wp-content\/uploads\/2025\/10\/image-7-300x214.png 300w, https:\/\/elglobal.do\/wp-content\/uploads\/2025\/10\/image-7-768x549.png 768w, https:\/\/elglobal.do\/wp-content\/uploads\/2025\/10\/image-7.png 1140w\" sizes=\"auto, (max-width: 1024px) 100vw, 1024px\" \/><\/figure>\n\n\n\n<p><strong>Santo Domingo.-<\/strong> El Instituto Dominicano de las Telecomunicaciones (<strong>Indotel<\/strong>), en colaboraci\u00f3n con el Ministerio de Educaci\u00f3n, lanz\u00f3 este martes el programa \u201c<strong>Soy Digital<\/strong>\u201c, una iniciativa que busca capacitar en habilidades digitales b\u00e1sicas a 100,000 padres, tutores y menores de edad en las escuelas locales.<\/p>\n\n\n\n<p>El programa, que cuenta con el respaldo del Banco Interamericano de Desarrollo (BID) y el apoyo de la empresa colombiana&nbsp;<strong>Critertec,<\/strong>&nbsp;ofrecer\u00e1 formaci\u00f3n presencial y virtual en cuatro niveles progresivos de aprendizaje, que abarcar\u00e1 desde el uso adecuado de tel\u00e9fonos inteligentes hasta la integraci\u00f3n de herramientas digitales en actividades productivas, educativas y comunitarias.<\/p>\n\n\n\n<p>A trav\u00e9s de un comunicado, el Indotel explic\u00f3 que cada nivel incluir\u00e1 siete m\u00f3dulos dise\u00f1ados para fortalecer competencias como navegaci\u00f3n segura en internet, manejo de informaci\u00f3n, uso responsable de redes sociales, productividad y ciudadanos digitales responsable.<\/p>\n\n\n\n<p>Esta iniciativa \u201cmarca el inicio de un proceso de transformaci\u00f3n que permitir\u00e1 a miles de familias dominicanas desarrollar autonom\u00eda digital y aprovechar la tecnolog\u00eda de manera segura y significativa en su vida cotidiana\u201d, dijo el presidente del Consejo Directivo del Indotel, Guido G\u00f3mez Mazara, en el lanzamiento del programa en la escuela Freddy Gat\u00f3n Arce de San Pedro de Macor\u00eds.<\/p>\n\n\n\n<p>El proyecto tendr\u00e1 sesiones presenciales en ferias tecnol\u00f3gicas instaladas en centros educativos con el uso de la plataforma educativa \u201cSoy Digital\u201d, lo que permitir\u00e1 un aprendizaje flexible y adaptado al ritmo de cada participante, de acuerdo con el Indotel.<\/p>\n\n\n\n<p><\/p>\n","protected":false},"excerpt":{"rendered":"<p>Santo Domingo.- El Instituto Dominicano de las Telecomunicaciones (Indotel), en colaboraci\u00f3n con el Ministerio de Educaci\u00f3n, lanz\u00f3 este martes el programa \u201cSoy Digital\u201c, una iniciativa que busca capacitar en habilidades&hellip; <\/p>\n","protected":false},"author":1,"featured_media":2748,"comment_status":"open","ping_status":"open","sticky":false,"template":"","format":"standard","meta":{"_jetpack_memberships_contains_paid_content":false,"footnotes":""},"categories":[40,14],"tags":[1486,1488,422,889,1487],"class_list":["post-2747","post","type-post","status-publish","format-standard","has-post-thumbnail","hentry","category-nacionales","category-slider","tag-alfabetizacion","tag-bid","tag-indotel","tag-programa","tag-soydigital"],"yoast_head":"<!-- This site is optimized with the Yoast SEO plugin v26.9 - https:\/\/yoast.com\/product\/yoast-seo-wordpress\/ -->\n<title>Indotel lanza programa de alfabetizaci\u00f3n digital para 100,000 personas - EL GLOBAL INFORMATIVO<\/title>\n<meta name=\"robots\" content=\"index, follow, max-snippet:-1, max-image-preview:large, max-video-preview:-1\" \/>\n<link rel=\"canonical\" href=\"https:\/\/elglobal.do\/index.php\/2025\/10\/01\/indotel-lanza-programa-de-alfabetizacion-digital-para-100000-personas\/\" \/>\n<meta property=\"og:locale\" content=\"es_ES\" \/>\n<meta property=\"og:type\" content=\"article\" \/>\n<meta property=\"og:title\" content=\"Indotel lanza programa de alfabetizaci\u00f3n digital para 100,000 personas - EL GLOBAL INFORMATIVO\" \/>\n<meta property=\"og:description\" content=\"Santo Domingo.- El Instituto Dominicano de las Telecomunicaciones (Indotel), en colaboraci\u00f3n con el Ministerio de Educaci\u00f3n, lanz\u00f3 este martes el programa \u201cSoy Digital\u201c, una iniciativa que busca capacitar en habilidades&hellip;\" \/>\n<meta property=\"og:url\" content=\"https:\/\/elglobal.do\/index.php\/2025\/10\/01\/indotel-lanza-programa-de-alfabetizacion-digital-para-100000-personas\/\" \/>\n<meta property=\"og:site_name\" content=\"EL GLOBAL INFORMATIVO\" \/>\n<meta property=\"article:published_time\" content=\"2025-10-01T17:50:37+00:00\" \/>\n<meta property=\"article:modified_time\" content=\"2025-10-01T17:50:41+00:00\" \/>\n<meta property=\"og:image\" content=\"https:\/\/elglobal.do\/wp-content\/uploads\/2025\/10\/image-7.png\" \/>\n\t<meta property=\"og:image:width\" content=\"1140\" \/>\n\t<meta property=\"og:image:height\" content=\"815\" \/>\n\t<meta property=\"og:image:type\" content=\"image\/png\" \/>\n<meta name=\"author\" content=\"EL GLOBAL\" \/>\n<meta name=\"twitter:card\" content=\"summary_large_image\" \/>\n<meta name=\"twitter:label1\" content=\"Escrito por\" \/>\n\t<meta name=\"twitter:data1\" content=\"EL GLOBAL\" \/>\n\t<meta name=\"twitter:label2\" content=\"Tiempo de lectura\" \/>\n\t<meta name=\"twitter:data2\" content=\"2 minutos\" \/>\n<script type=\"application\/ld+json\" class=\"yoast-schema-graph\">{\"@context\":\"https:\/\/schema.org\",\"@graph\":[{\"@type\":\"Article\",\"@id\":\"https:\/\/elglobal.do\/index.php\/2025\/10\/01\/indotel-lanza-programa-de-alfabetizacion-digital-para-100000-personas\/#article\",\"isPartOf\":{\"@id\":\"https:\/\/elglobal.do\/index.php\/2025\/10\/01\/indotel-lanza-programa-de-alfabetizacion-digital-para-100000-personas\/\"},\"author\":{\"name\":\"EL GLOBAL\",\"@id\":\"https:\/\/elglobal.do\/#\/schema\/person\/0c97ec2c7714fb605d230c292f64d55f\"},\"headline\":\"Indotel lanza programa de alfabetizaci\u00f3n digital para 100,000 personas\",\"datePublished\":\"2025-10-01T17:50:37+00:00\",\"dateModified\":\"2025-10-01T17:50:41+00:00\",\"mainEntityOfPage\":{\"@id\":\"https:\/\/elglobal.do\/index.php\/2025\/10\/01\/indotel-lanza-programa-de-alfabetizacion-digital-para-100000-personas\/\"},\"wordCount\":261,\"commentCount\":0,\"publisher\":{\"@id\":\"https:\/\/elglobal.do\/#organization\"},\"image\":{\"@id\":\"https:\/\/elglobal.do\/index.php\/2025\/10\/01\/indotel-lanza-programa-de-alfabetizacion-digital-para-100000-personas\/#primaryimage\"},\"thumbnailUrl\":\"https:\/\/elglobal.do\/wp-content\/uploads\/2025\/10\/image-7.png\",\"keywords\":[\"#Alfabetizaci\u00f3n\",\"#BID\",\"#Indotel\",\"#programa\",\"#SoyDigital\"],\"articleSection\":[\"NACIONALES\",\"NOTICIAS RELEVANTES\"],\"inLanguage\":\"es\",\"potentialAction\":[{\"@type\":\"CommentAction\",\"name\":\"Comment\",\"target\":[\"https:\/\/elglobal.do\/index.php\/2025\/10\/01\/indotel-lanza-programa-de-alfabetizacion-digital-para-100000-personas\/#respond\"]}]},{\"@type\":\"WebPage\",\"@id\":\"https:\/\/elglobal.do\/index.php\/2025\/10\/01\/indotel-lanza-programa-de-alfabetizacion-digital-para-100000-personas\/\",\"url\":\"https:\/\/elglobal.do\/index.php\/2025\/10\/01\/indotel-lanza-programa-de-alfabetizacion-digital-para-100000-personas\/\",\"name\":\"Indotel lanza programa de alfabetizaci\u00f3n digital para 100,000 personas - EL GLOBAL INFORMATIVO\",\"isPartOf\":{\"@id\":\"https:\/\/elglobal.do\/#website\"},\"primaryImageOfPage\":{\"@id\":\"https:\/\/elglobal.do\/index.php\/2025\/10\/01\/indotel-lanza-programa-de-alfabetizacion-digital-para-100000-personas\/#primaryimage\"},\"image\":{\"@id\":\"https:\/\/elglobal.do\/index.php\/2025\/10\/01\/indotel-lanza-programa-de-alfabetizacion-digital-para-100000-personas\/#primaryimage\"},\"thumbnailUrl\":\"https:\/\/elglobal.do\/wp-content\/uploads\/2025\/10\/image-7.png\",\"datePublished\":\"2025-10-01T17:50:37+00:00\",\"dateModified\":\"2025-10-01T17:50:41+00:00\",\"breadcrumb\":{\"@id\":\"https:\/\/elglobal.do\/index.php\/2025\/10\/01\/indotel-lanza-programa-de-alfabetizacion-digital-para-100000-personas\/#breadcrumb\"},\"inLanguage\":\"es\",\"potentialAction\":[{\"@type\":\"ReadAction\",\"target\":[\"https:\/\/elglobal.do\/index.php\/2025\/10\/01\/indotel-lanza-programa-de-alfabetizacion-digital-para-100000-personas\/\"]}]},{\"@type\":\"ImageObject\",\"inLanguage\":\"es\",\"@id\":\"https:\/\/elglobal.do\/index.php\/2025\/10\/01\/indotel-lanza-programa-de-alfabetizacion-digital-para-100000-personas\/#primaryimage\",\"url\":\"https:\/\/elglobal.do\/wp-content\/uploads\/2025\/10\/image-7.png\",\"contentUrl\":\"https:\/\/elglobal.do\/wp-content\/uploads\/2025\/10\/image-7.png\",\"width\":1140,\"height\":815},{\"@type\":\"BreadcrumbList\",\"@id\":\"https:\/\/elglobal.do\/index.php\/2025\/10\/01\/indotel-lanza-programa-de-alfabetizacion-digital-para-100000-personas\/#breadcrumb\",\"itemListElement\":[{\"@type\":\"ListItem\",\"position\":1,\"name\":\"Portada\",\"item\":\"https:\/\/elglobal.do\/\"},{\"@type\":\"ListItem\",\"position\":2,\"name\":\"Indotel lanza programa de alfabetizaci\u00f3n digital para 100,000 personas\"}]},{\"@type\":\"WebSite\",\"@id\":\"https:\/\/elglobal.do\/#website\",\"url\":\"https:\/\/elglobal.do\/\",\"name\":\"EL GLOBAL INFORMATIVO\",\"description\":\"Peri\u00f3dico digital de la Rep\u00fablica Dominicana que ofrece noticias, novedades, pol\u00edtica y las \u00faltimas actualidades, con informaci\u00f3n veraz y oportuna para mantenerte siempre informad\",\"publisher\":{\"@id\":\"https:\/\/elglobal.do\/#organization\"},\"potentialAction\":[{\"@type\":\"SearchAction\",\"target\":{\"@type\":\"EntryPoint\",\"urlTemplate\":\"https:\/\/elglobal.do\/?s={search_term_string}\"},\"query-input\":{\"@type\":\"PropertyValueSpecification\",\"valueRequired\":true,\"valueName\":\"search_term_string\"}}],\"inLanguage\":\"es\"},{\"@type\":\"Organization\",\"@id\":\"https:\/\/elglobal.do\/#organization\",\"name\":\"EL GLOBAL.DO INFORMATIVO\",\"url\":\"https:\/\/elglobal.do\/\",\"logo\":{\"@type\":\"ImageObject\",\"inLanguage\":\"es\",\"@id\":\"https:\/\/elglobal.do\/#\/schema\/logo\/image\/\",\"url\":\"https:\/\/elglobal.do\/wp-content\/uploads\/2025\/08\/icon.png\",\"contentUrl\":\"https:\/\/elglobal.do\/wp-content\/uploads\/2025\/08\/icon.png\",\"width\":512,\"height\":512,\"caption\":\"EL GLOBAL.DO INFORMATIVO\"},\"image\":{\"@id\":\"https:\/\/elglobal.do\/#\/schema\/logo\/image\/\"}},{\"@type\":\"Person\",\"@id\":\"https:\/\/elglobal.do\/#\/schema\/person\/0c97ec2c7714fb605d230c292f64d55f\",\"name\":\"EL GLOBAL\",\"image\":{\"@type\":\"ImageObject\",\"inLanguage\":\"es\",\"@id\":\"https:\/\/elglobal.do\/#\/schema\/person\/image\/\",\"url\":\"https:\/\/secure.gravatar.com\/avatar\/081cfb6cf99faddc6f4e23a0c11ab98c5cf302925382d1c88dc3ed757ab910a3?s=96&d=mm&r=g\",\"contentUrl\":\"https:\/\/secure.gravatar.com\/avatar\/081cfb6cf99faddc6f4e23a0c11ab98c5cf302925382d1c88dc3ed757ab910a3?s=96&d=mm&r=g\",\"caption\":\"EL GLOBAL\"},\"description\":\"El Global Informativo es un peri\u00f3dico digital de Rep\u00fablica Dominicana que se dedica a cubrir temas importantes, como la pol\u00edtica local, geopol\u00edtica, econom\u00eda, tecnolog\u00eda, noticias internacionales y eventos relacionados con la gesti\u00f3n social, cultural y humana. Su objetivo principal es mantener a la poblaci\u00f3n informada, ofreciendo una visi\u00f3n amplia y actualizada de lo que sucede tanto en el pa\u00eds como en el mundo. Est\u00e1 dirigido por un grupo de periodistas experimentados, lo que garantiza la calidad y la precisi\u00f3n de la informaci\u00f3n que ofrecen. Tiene su sede en la ciudad de Santo Domingo y es parte integral del portafolio de la empresa, MC Global S.R.L.\",\"sameAs\":[\"https:\/\/elglobal.do\",\"https:\/\/www.instagram.com\/elglobal.do_informativo\/\"],\"url\":\"https:\/\/elglobal.do\/index.php\/author\/elglobaluserpro\/\"}]}<\/script>\n<!-- \/ Yoast SEO plugin. -->","yoast_head_json":{"title":"Indotel lanza programa de alfabetizaci\u00f3n digital para 100,000 personas - EL GLOBAL INFORMATIVO","robots":{"index":"index","follow":"follow","max-snippet":"max-snippet:-1","max-image-preview":"max-image-preview:large","max-video-preview":"max-video-preview:-1"},"canonical":"https:\/\/elglobal.do\/index.php\/2025\/10\/01\/indotel-lanza-programa-de-alfabetizacion-digital-para-100000-personas\/","og_locale":"es_ES","og_type":"article","og_title":"Indotel lanza programa de alfabetizaci\u00f3n digital para 100,000 personas - EL GLOBAL INFORMATIVO","og_description":"Santo Domingo.- El Instituto Dominicano de las Telecomunicaciones (Indotel), en colaboraci\u00f3n con el Ministerio de Educaci\u00f3n, lanz\u00f3 este martes el programa \u201cSoy Digital\u201c, una iniciativa que busca capacitar en habilidades&hellip;","og_url":"https:\/\/elglobal.do\/index.php\/2025\/10\/01\/indotel-lanza-programa-de-alfabetizacion-digital-para-100000-personas\/","og_site_name":"EL GLOBAL INFORMATIVO","article_published_time":"2025-10-01T17:50:37+00:00","article_modified_time":"2025-10-01T17:50:41+00:00","og_image":[{"width":1140,"height":815,"url":"https:\/\/elglobal.do\/wp-content\/uploads\/2025\/10\/image-7.png","type":"image\/png"}],"author":"EL GLOBAL","twitter_card":"summary_large_image","twitter_misc":{"Escrito por":"EL GLOBAL","Tiempo de lectura":"2 minutos"},"schema":{"@context":"https:\/\/schema.org","@graph":[{"@type":"Article","@id":"https:\/\/elglobal.do\/index.php\/2025\/10\/01\/indotel-lanza-programa-de-alfabetizacion-digital-para-100000-personas\/#article","isPartOf":{"@id":"https:\/\/elglobal.do\/index.php\/2025\/10\/01\/indotel-lanza-programa-de-alfabetizacion-digital-para-100000-personas\/"},"author":{"name":"EL GLOBAL","@id":"https:\/\/elglobal.do\/#\/schema\/person\/0c97ec2c7714fb605d230c292f64d55f"},"headline":"Indotel lanza programa de alfabetizaci\u00f3n digital para 100,000 personas","datePublished":"2025-10-01T17:50:37+00:00","dateModified":"2025-10-01T17:50:41+00:00","mainEntityOfPage":{"@id":"https:\/\/elglobal.do\/index.php\/2025\/10\/01\/indotel-lanza-programa-de-alfabetizacion-digital-para-100000-personas\/"},"wordCount":261,"commentCount":0,"publisher":{"@id":"https:\/\/elglobal.do\/#organization"},"image":{"@id":"https:\/\/elglobal.do\/index.php\/2025\/10\/01\/indotel-lanza-programa-de-alfabetizacion-digital-para-100000-personas\/#primaryimage"},"thumbnailUrl":"https:\/\/elglobal.do\/wp-content\/uploads\/2025\/10\/image-7.png","keywords":["#Alfabetizaci\u00f3n","#BID","#Indotel","#programa","#SoyDigital"],"articleSection":["NACIONALES","NOTICIAS RELEVANTES"],"inLanguage":"es","potentialAction":[{"@type":"CommentAction","name":"Comment","target":["https:\/\/elglobal.do\/index.php\/2025\/10\/01\/indotel-lanza-programa-de-alfabetizacion-digital-para-100000-personas\/#respond"]}]},{"@type":"WebPage","@id":"https:\/\/elglobal.do\/index.php\/2025\/10\/01\/indotel-lanza-programa-de-alfabetizacion-digital-para-100000-personas\/","url":"https:\/\/elglobal.do\/index.php\/2025\/10\/01\/indotel-lanza-programa-de-alfabetizacion-digital-para-100000-personas\/","name":"Indotel lanza programa de alfabetizaci\u00f3n digital para 100,000 personas - EL GLOBAL INFORMATIVO","isPartOf":{"@id":"https:\/\/elglobal.do\/#website"},"primaryImageOfPage":{"@id":"https:\/\/elglobal.do\/index.php\/2025\/10\/01\/indotel-lanza-programa-de-alfabetizacion-digital-para-100000-personas\/#primaryimage"},"image":{"@id":"https:\/\/elglobal.do\/index.php\/2025\/10\/01\/indotel-lanza-programa-de-alfabetizacion-digital-para-100000-personas\/#primaryimage"},"thumbnailUrl":"https:\/\/elglobal.do\/wp-content\/uploads\/2025\/10\/image-7.png","datePublished":"2025-10-01T17:50:37+00:00","dateModified":"2025-10-01T17:50:41+00:00","breadcrumb":{"@id":"https:\/\/elglobal.do\/index.php\/2025\/10\/01\/indotel-lanza-programa-de-alfabetizacion-digital-para-100000-personas\/#breadcrumb"},"inLanguage":"es","potentialAction":[{"@type":"ReadAction","target":["https:\/\/elglobal.do\/index.php\/2025\/10\/01\/indotel-lanza-programa-de-alfabetizacion-digital-para-100000-personas\/"]}]},{"@type":"ImageObject","inLanguage":"es","@id":"https:\/\/elglobal.do\/index.php\/2025\/10\/01\/indotel-lanza-programa-de-alfabetizacion-digital-para-100000-personas\/#primaryimage","url":"https:\/\/elglobal.do\/wp-content\/uploads\/2025\/10\/image-7.png","contentUrl":"https:\/\/elglobal.do\/wp-content\/uploads\/2025\/10\/image-7.png","width":1140,"height":815},{"@type":"BreadcrumbList","@id":"https:\/\/elglobal.do\/index.php\/2025\/10\/01\/indotel-lanza-programa-de-alfabetizacion-digital-para-100000-personas\/#breadcrumb","itemListElement":[{"@type":"ListItem","position":1,"name":"Portada","item":"https:\/\/elglobal.do\/"},{"@type":"ListItem","position":2,"name":"Indotel lanza programa de alfabetizaci\u00f3n digital para 100,000 personas"}]},{"@type":"WebSite","@id":"https:\/\/elglobal.do\/#website","url":"https:\/\/elglobal.do\/","name":"EL GLOBAL INFORMATIVO","description":"Peri\u00f3dico digital de la Rep\u00fablica Dominicana que ofrece noticias, novedades, pol\u00edtica y las \u00faltimas actualidades, con informaci\u00f3n veraz y oportuna para mantenerte siempre informad","publisher":{"@id":"https:\/\/elglobal.do\/#organization"},"potentialAction":[{"@type":"SearchAction","target":{"@type":"EntryPoint","urlTemplate":"https:\/\/elglobal.do\/?s={search_term_string}"},"query-input":{"@type":"PropertyValueSpecification","valueRequired":true,"valueName":"search_term_string"}}],"inLanguage":"es"},{"@type":"Organization","@id":"https:\/\/elglobal.do\/#organization","name":"EL GLOBAL.DO INFORMATIVO","url":"https:\/\/elglobal.do\/","logo":{"@type":"ImageObject","inLanguage":"es","@id":"https:\/\/elglobal.do\/#\/schema\/logo\/image\/","url":"https:\/\/elglobal.do\/wp-content\/uploads\/2025\/08\/icon.png","contentUrl":"https:\/\/elglobal.do\/wp-content\/uploads\/2025\/08\/icon.png","width":512,"height":512,"caption":"EL GLOBAL.DO INFORMATIVO"},"image":{"@id":"https:\/\/elglobal.do\/#\/schema\/logo\/image\/"}},{"@type":"Person","@id":"https:\/\/elglobal.do\/#\/schema\/person\/0c97ec2c7714fb605d230c292f64d55f","name":"EL GLOBAL","image":{"@type":"ImageObject","inLanguage":"es","@id":"https:\/\/elglobal.do\/#\/schema\/person\/image\/","url":"https:\/\/secure.gravatar.com\/avatar\/081cfb6cf99faddc6f4e23a0c11ab98c5cf302925382d1c88dc3ed757ab910a3?s=96&d=mm&r=g","contentUrl":"https:\/\/secure.gravatar.com\/avatar\/081cfb6cf99faddc6f4e23a0c11ab98c5cf302925382d1c88dc3ed757ab910a3?s=96&d=mm&r=g","caption":"EL GLOBAL"},"description":"El Global Informativo es un peri\u00f3dico digital de Rep\u00fablica Dominicana que se dedica a cubrir temas importantes, como la pol\u00edtica local, geopol\u00edtica, econom\u00eda, tecnolog\u00eda, noticias internacionales y eventos relacionados con la gesti\u00f3n social, cultural y humana. Su objetivo principal es mantener a la poblaci\u00f3n informada, ofreciendo una visi\u00f3n amplia y actualizada de lo que sucede tanto en el pa\u00eds como en el mundo. Est\u00e1 dirigido por un grupo de periodistas experimentados, lo que garantiza la calidad y la precisi\u00f3n de la informaci\u00f3n que ofrecen. Tiene su sede en la ciudad de Santo Domingo y es parte integral del portafolio de la empresa, MC Global S.R.L.","sameAs":["https:\/\/elglobal.do","https:\/\/www.instagram.com\/elglobal.do_informativo\/"],"url":"https:\/\/elglobal.do\/index.php\/author\/elglobaluserpro\/"}]}},"jetpack_featured_media_url":"https:\/\/elglobal.do\/wp-content\/uploads\/2025\/10\/image-7.png","jetpack_sharing_enabled":true,"_links":{"self":[{"href":"https:\/\/elglobal.do\/index.php\/wp-json\/wp\/v2\/posts\/2747","targetHints":{"allow":["GET"]}}],"collection":[{"href":"https:\/\/elglobal.do\/index.php\/wp-json\/wp\/v2\/posts"}],"about":[{"href":"https:\/\/elglobal.do\/index.php\/wp-json\/wp\/v2\/types\/post"}],"author":[{"embeddable":true,"href":"https:\/\/elglobal.do\/index.php\/wp-json\/wp\/v2\/users\/1"}],"replies":[{"embeddable":true,"href":"https:\/\/elglobal.do\/index.php\/wp-json\/wp\/v2\/comments?post=2747"}],"version-history":[{"count":1,"href":"https:\/\/elglobal.do\/index.php\/wp-json\/wp\/v2\/posts\/2747\/revisions"}],"predecessor-version":[{"id":2749,"href":"https:\/\/elglobal.do\/index.php\/wp-json\/wp\/v2\/posts\/2747\/revisions\/2749"}],"wp:featuredmedia":[{"embeddable":true,"href":"https:\/\/elglobal.do\/index.php\/wp-json\/wp\/v2\/media\/2748"}],"wp:attachment":[{"href":"https:\/\/elglobal.do\/index.php\/wp-json\/wp\/v2\/media?parent=2747"}],"wp:term":[{"taxonomy":"category","embeddable":true,"href":"https:\/\/elglobal.do\/index.php\/wp-json\/wp\/v2\/categories?post=2747"},{"taxonomy":"post_tag","embeddable":true,"href":"https:\/\/elglobal.do\/index.php\/wp-json\/wp\/v2\/tags?post=2747"}],"curies":[{"name":"wp","href":"https:\/\/api.w.org\/{rel}","templated":true}]}}