{"id":2761,"date":"2025-10-02T10:22:32","date_gmt":"2025-10-02T14:22:32","guid":{"rendered":"https:\/\/elglobal.do\/?p=2761"},"modified":"2025-10-02T10:23:28","modified_gmt":"2025-10-02T14:23:28","slug":"banreservas-lanza-su-nueva-campana-institucional-somos-invencibles","status":"publish","type":"post","link":"https:\/\/elglobal.do\/index.php\/2025\/10\/02\/banreservas-lanza-su-nueva-campana-institucional-somos-invencibles\/","title":{"rendered":"Banreservas lanza su nueva campa\u00f1a institucional \u00a1Somos invencibles!"},"content":{"rendered":"\n<p><em>Leonardo Aguilera resalt\u00f3 el mensaje motivador de la campa\u00f1a y la fuerte voluntad de los dominicanos para superar los obst\u00e1culos<\/em><\/p>\n\n\n\n<figure class=\"wp-block-image size-full\"><img loading=\"lazy\" decoding=\"async\" width=\"828\" height=\"534\" src=\"https:\/\/elglobal.do\/wp-content\/uploads\/2025\/10\/Aguilera.jpeg\" alt=\"\" class=\"wp-image-2762\" srcset=\"https:\/\/elglobal.do\/wp-content\/uploads\/2025\/10\/Aguilera.jpeg 828w, https:\/\/elglobal.do\/wp-content\/uploads\/2025\/10\/Aguilera-300x193.jpeg 300w, https:\/\/elglobal.do\/wp-content\/uploads\/2025\/10\/Aguilera-768x495.jpeg 768w\" sizes=\"auto, (max-width: 828px) 100vw, 828px\" \/><\/figure>\n\n\n\n<p><strong>Santo Domingo. &#8211;<\/strong> El Banco de Reservas present\u00f3 su nueva campa\u00f1a institucional \u00a1Somos invencibles!, una propuesta que exalta el orgullo, la confianza y la capacidad de los dominicanos para superar desaf\u00edos y alcanzar grandes metas.<\/p>\n\n\n\n<p>El presidente ejecutivo de la entidad, doctor Leonardo Aguilera, resalt\u00f3 la fuerza del mensaje que transmite la nueva campa\u00f1a sobre los elementos que caracterizan la identidad nacional, como son la hospitalidad, alegr\u00eda, m\u00fasica, dedicaci\u00f3n al trabajo y el sue\u00f1o de un futuro mejor.<\/p>\n\n\n\n<p>\u201cLa dominicanidad es invencible, porque est\u00e1 hecha de amor a la patria, de fe inquebrantable y de una creatividad que transforma cada dificultad en oportunidad\u201d, afirm\u00f3.<\/p>\n\n\n\n<p>Al hablar en el acto de lanzamiento, Aguilera expres\u00f3 que esta propuesta publicitaria es abarcadora, inclusiva y motivadora, porque destaca el esp\u00edritu de nuestra gente de superar los obst\u00e1culos y llegar a la meta.<\/p>\n\n\n\n<p>\u201cSomos invencibles -dijo- porque sabemos que en la unidad est\u00e1 nuestra mayor fortaleza, y que el orgullo de ser dominicanos es m\u00e1s grande que cualquier obst\u00e1culo\u201d.<\/p>\n\n\n\n<p>Con esta campa\u00f1a Banreservas inicia las actividades conmemorativas de su 84 aniversario, al tiempo de reafirmar su compromiso de seguir siendo una instituci\u00f3n cercana que impulsa el desarrollo econ\u00f3mico y social del pa\u00eds.<\/p>\n\n\n\n<p>La campa\u00f1a rinde homenaje a las historias de esfuerzo, valent\u00eda y fe en el futuro que se forja en cada rinc\u00f3n de Rep\u00fablica Dominicana, con lo cual se reconoce a los dominicanos que nunca se rinden.<\/p>\n\n\n\n<p>Con \u00a1Somos invencibles!, Banreservas, adem\u00e1s de celebrar sus 84 a\u00f1os de historia, tambi\u00e9n mira hacia el futuro con optimismo, reafirmando que su mayor fortaleza est\u00e1 en la gente y en el esp\u00edritu invencible de los dominicanos<\/p>\n\n\n\n<p>En la estuvieron presentes clientes, ejecutivos del Banco, aliados estrat\u00e9gicos y personalidades del \u00e1mbito empresarial y social.<\/p>\n\n\n\n<p><\/p>\n","protected":false},"excerpt":{"rendered":"<p>Leonardo Aguilera resalt\u00f3 el mensaje motivador de la campa\u00f1a y la fuerte voluntad de los dominicanos para superar los obst\u00e1culos Santo Domingo. &#8211; El Banco de Reservas present\u00f3 su nueva&hellip; <\/p>\n","protected":false},"author":1,"featured_media":2762,"comment_status":"open","ping_status":"open","sticky":false,"template":"","format":"standard","meta":{"_jetpack_memberships_contains_paid_content":false,"footnotes":""},"categories":[10,14],"tags":[1499,1498,98,1497],"class_list":["post-2761","post","type-post","status-publish","format-standard","has-post-thumbnail","hentry","category-economia","category-slider","tag-somosinvencibles","tag-banreservas-banca","tag-elglobalinformativo","tag-lanzamiento"],"yoast_head":"<!-- This site is optimized with the Yoast SEO plugin v26.9 - https:\/\/yoast.com\/product\/yoast-seo-wordpress\/ -->\n<title>Banreservas lanza su nueva campa\u00f1a institucional \u00a1Somos invencibles! - EL GLOBAL INFORMATIVO<\/title>\n<meta name=\"robots\" content=\"index, follow, max-snippet:-1, max-image-preview:large, max-video-preview:-1\" \/>\n<link rel=\"canonical\" href=\"https:\/\/elglobal.do\/index.php\/2025\/10\/02\/banreservas-lanza-su-nueva-campana-institucional-somos-invencibles\/\" \/>\n<meta property=\"og:locale\" content=\"es_ES\" \/>\n<meta property=\"og:type\" content=\"article\" \/>\n<meta property=\"og:title\" content=\"Banreservas lanza su nueva campa\u00f1a institucional \u00a1Somos invencibles! - EL GLOBAL INFORMATIVO\" \/>\n<meta property=\"og:description\" content=\"Leonardo Aguilera resalt\u00f3 el mensaje motivador de la campa\u00f1a y la fuerte voluntad de los dominicanos para superar los obst\u00e1culos Santo Domingo. &#8211; El Banco de Reservas present\u00f3 su nueva&hellip;\" \/>\n<meta property=\"og:url\" content=\"https:\/\/elglobal.do\/index.php\/2025\/10\/02\/banreservas-lanza-su-nueva-campana-institucional-somos-invencibles\/\" \/>\n<meta property=\"og:site_name\" content=\"EL GLOBAL INFORMATIVO\" \/>\n<meta property=\"article:published_time\" content=\"2025-10-02T14:22:32+00:00\" \/>\n<meta property=\"article:modified_time\" content=\"2025-10-02T14:23:28+00:00\" \/>\n<meta property=\"og:image\" content=\"https:\/\/elglobal.do\/wp-content\/uploads\/2025\/10\/Aguilera.jpeg\" \/>\n\t<meta property=\"og:image:width\" content=\"828\" \/>\n\t<meta property=\"og:image:height\" content=\"534\" \/>\n\t<meta property=\"og:image:type\" content=\"image\/jpeg\" \/>\n<meta name=\"author\" content=\"EL GLOBAL\" \/>\n<meta name=\"twitter:card\" content=\"summary_large_image\" \/>\n<meta name=\"twitter:label1\" content=\"Escrito por\" \/>\n\t<meta name=\"twitter:data1\" content=\"EL GLOBAL\" \/>\n\t<meta name=\"twitter:label2\" content=\"Tiempo de lectura\" \/>\n\t<meta name=\"twitter:data2\" content=\"2 minutos\" \/>\n<script type=\"application\/ld+json\" class=\"yoast-schema-graph\">{\"@context\":\"https:\/\/schema.org\",\"@graph\":[{\"@type\":\"Article\",\"@id\":\"https:\/\/elglobal.do\/index.php\/2025\/10\/02\/banreservas-lanza-su-nueva-campana-institucional-somos-invencibles\/#article\",\"isPartOf\":{\"@id\":\"https:\/\/elglobal.do\/index.php\/2025\/10\/02\/banreservas-lanza-su-nueva-campana-institucional-somos-invencibles\/\"},\"author\":{\"name\":\"EL GLOBAL\",\"@id\":\"https:\/\/elglobal.do\/#\/schema\/person\/0c97ec2c7714fb605d230c292f64d55f\"},\"headline\":\"Banreservas lanza su nueva campa\u00f1a institucional \u00a1Somos invencibles!\",\"datePublished\":\"2025-10-02T14:22:32+00:00\",\"dateModified\":\"2025-10-02T14:23:28+00:00\",\"mainEntityOfPage\":{\"@id\":\"https:\/\/elglobal.do\/index.php\/2025\/10\/02\/banreservas-lanza-su-nueva-campana-institucional-somos-invencibles\/\"},\"wordCount\":339,\"commentCount\":0,\"publisher\":{\"@id\":\"https:\/\/elglobal.do\/#organization\"},\"image\":{\"@id\":\"https:\/\/elglobal.do\/index.php\/2025\/10\/02\/banreservas-lanza-su-nueva-campana-institucional-somos-invencibles\/#primaryimage\"},\"thumbnailUrl\":\"https:\/\/elglobal.do\/wp-content\/uploads\/2025\/10\/Aguilera.jpeg\",\"keywords\":[\"# Somosinvencibles\",\"#Banreservas #banca\",\"#ElGlobalInformativo\",\"#lanzamiento\"],\"articleSection\":[\"ECONOM\u00cdA\",\"NOTICIAS RELEVANTES\"],\"inLanguage\":\"es\",\"potentialAction\":[{\"@type\":\"CommentAction\",\"name\":\"Comment\",\"target\":[\"https:\/\/elglobal.do\/index.php\/2025\/10\/02\/banreservas-lanza-su-nueva-campana-institucional-somos-invencibles\/#respond\"]}]},{\"@type\":\"WebPage\",\"@id\":\"https:\/\/elglobal.do\/index.php\/2025\/10\/02\/banreservas-lanza-su-nueva-campana-institucional-somos-invencibles\/\",\"url\":\"https:\/\/elglobal.do\/index.php\/2025\/10\/02\/banreservas-lanza-su-nueva-campana-institucional-somos-invencibles\/\",\"name\":\"Banreservas lanza su nueva campa\u00f1a institucional \u00a1Somos invencibles! - EL GLOBAL INFORMATIVO\",\"isPartOf\":{\"@id\":\"https:\/\/elglobal.do\/#website\"},\"primaryImageOfPage\":{\"@id\":\"https:\/\/elglobal.do\/index.php\/2025\/10\/02\/banreservas-lanza-su-nueva-campana-institucional-somos-invencibles\/#primaryimage\"},\"image\":{\"@id\":\"https:\/\/elglobal.do\/index.php\/2025\/10\/02\/banreservas-lanza-su-nueva-campana-institucional-somos-invencibles\/#primaryimage\"},\"thumbnailUrl\":\"https:\/\/elglobal.do\/wp-content\/uploads\/2025\/10\/Aguilera.jpeg\",\"datePublished\":\"2025-10-02T14:22:32+00:00\",\"dateModified\":\"2025-10-02T14:23:28+00:00\",\"breadcrumb\":{\"@id\":\"https:\/\/elglobal.do\/index.php\/2025\/10\/02\/banreservas-lanza-su-nueva-campana-institucional-somos-invencibles\/#breadcrumb\"},\"inLanguage\":\"es\",\"potentialAction\":[{\"@type\":\"ReadAction\",\"target\":[\"https:\/\/elglobal.do\/index.php\/2025\/10\/02\/banreservas-lanza-su-nueva-campana-institucional-somos-invencibles\/\"]}]},{\"@type\":\"ImageObject\",\"inLanguage\":\"es\",\"@id\":\"https:\/\/elglobal.do\/index.php\/2025\/10\/02\/banreservas-lanza-su-nueva-campana-institucional-somos-invencibles\/#primaryimage\",\"url\":\"https:\/\/elglobal.do\/wp-content\/uploads\/2025\/10\/Aguilera.jpeg\",\"contentUrl\":\"https:\/\/elglobal.do\/wp-content\/uploads\/2025\/10\/Aguilera.jpeg\",\"width\":828,\"height\":534},{\"@type\":\"BreadcrumbList\",\"@id\":\"https:\/\/elglobal.do\/index.php\/2025\/10\/02\/banreservas-lanza-su-nueva-campana-institucional-somos-invencibles\/#breadcrumb\",\"itemListElement\":[{\"@type\":\"ListItem\",\"position\":1,\"name\":\"Portada\",\"item\":\"https:\/\/elglobal.do\/\"},{\"@type\":\"ListItem\",\"position\":2,\"name\":\"Banreservas lanza su nueva campa\u00f1a institucional \u00a1Somos invencibles!\"}]},{\"@type\":\"WebSite\",\"@id\":\"https:\/\/elglobal.do\/#website\",\"url\":\"https:\/\/elglobal.do\/\",\"name\":\"EL GLOBAL INFORMATIVO\",\"description\":\"Peri\u00f3dico digital de la Rep\u00fablica Dominicana que ofrece noticias, novedades, pol\u00edtica y las \u00faltimas actualidades, con informaci\u00f3n veraz y oportuna para mantenerte siempre informad\",\"publisher\":{\"@id\":\"https:\/\/elglobal.do\/#organization\"},\"potentialAction\":[{\"@type\":\"SearchAction\",\"target\":{\"@type\":\"EntryPoint\",\"urlTemplate\":\"https:\/\/elglobal.do\/?s={search_term_string}\"},\"query-input\":{\"@type\":\"PropertyValueSpecification\",\"valueRequired\":true,\"valueName\":\"search_term_string\"}}],\"inLanguage\":\"es\"},{\"@type\":\"Organization\",\"@id\":\"https:\/\/elglobal.do\/#organization\",\"name\":\"EL GLOBAL.DO INFORMATIVO\",\"url\":\"https:\/\/elglobal.do\/\",\"logo\":{\"@type\":\"ImageObject\",\"inLanguage\":\"es\",\"@id\":\"https:\/\/elglobal.do\/#\/schema\/logo\/image\/\",\"url\":\"https:\/\/elglobal.do\/wp-content\/uploads\/2025\/08\/icon.png\",\"contentUrl\":\"https:\/\/elglobal.do\/wp-content\/uploads\/2025\/08\/icon.png\",\"width\":512,\"height\":512,\"caption\":\"EL GLOBAL.DO INFORMATIVO\"},\"image\":{\"@id\":\"https:\/\/elglobal.do\/#\/schema\/logo\/image\/\"}},{\"@type\":\"Person\",\"@id\":\"https:\/\/elglobal.do\/#\/schema\/person\/0c97ec2c7714fb605d230c292f64d55f\",\"name\":\"EL GLOBAL\",\"image\":{\"@type\":\"ImageObject\",\"inLanguage\":\"es\",\"@id\":\"https:\/\/elglobal.do\/#\/schema\/person\/image\/\",\"url\":\"https:\/\/secure.gravatar.com\/avatar\/081cfb6cf99faddc6f4e23a0c11ab98c5cf302925382d1c88dc3ed757ab910a3?s=96&d=mm&r=g\",\"contentUrl\":\"https:\/\/secure.gravatar.com\/avatar\/081cfb6cf99faddc6f4e23a0c11ab98c5cf302925382d1c88dc3ed757ab910a3?s=96&d=mm&r=g\",\"caption\":\"EL GLOBAL\"},\"description\":\"El Global Informativo es un peri\u00f3dico digital de Rep\u00fablica Dominicana que se dedica a cubrir temas importantes, como la pol\u00edtica local, geopol\u00edtica, econom\u00eda, tecnolog\u00eda, noticias internacionales y eventos relacionados con la gesti\u00f3n social, cultural y humana. Su objetivo principal es mantener a la poblaci\u00f3n informada, ofreciendo una visi\u00f3n amplia y actualizada de lo que sucede tanto en el pa\u00eds como en el mundo. Est\u00e1 dirigido por un grupo de periodistas experimentados, lo que garantiza la calidad y la precisi\u00f3n de la informaci\u00f3n que ofrecen. Tiene su sede en la ciudad de Santo Domingo y es parte integral del portafolio de la empresa, MC Global S.R.L.\",\"sameAs\":[\"https:\/\/elglobal.do\",\"https:\/\/www.instagram.com\/elglobal.do_informativo\/\"],\"url\":\"https:\/\/elglobal.do\/index.php\/author\/elglobaluserpro\/\"}]}<\/script>\n<!-- \/ Yoast SEO plugin. -->","yoast_head_json":{"title":"Banreservas lanza su nueva campa\u00f1a institucional \u00a1Somos invencibles! - EL GLOBAL INFORMATIVO","robots":{"index":"index","follow":"follow","max-snippet":"max-snippet:-1","max-image-preview":"max-image-preview:large","max-video-preview":"max-video-preview:-1"},"canonical":"https:\/\/elglobal.do\/index.php\/2025\/10\/02\/banreservas-lanza-su-nueva-campana-institucional-somos-invencibles\/","og_locale":"es_ES","og_type":"article","og_title":"Banreservas lanza su nueva campa\u00f1a institucional \u00a1Somos invencibles! - EL GLOBAL INFORMATIVO","og_description":"Leonardo Aguilera resalt\u00f3 el mensaje motivador de la campa\u00f1a y la fuerte voluntad de los dominicanos para superar los obst\u00e1culos Santo Domingo. &#8211; El Banco de Reservas present\u00f3 su nueva&hellip;","og_url":"https:\/\/elglobal.do\/index.php\/2025\/10\/02\/banreservas-lanza-su-nueva-campana-institucional-somos-invencibles\/","og_site_name":"EL GLOBAL INFORMATIVO","article_published_time":"2025-10-02T14:22:32+00:00","article_modified_time":"2025-10-02T14:23:28+00:00","og_image":[{"width":828,"height":534,"url":"https:\/\/elglobal.do\/wp-content\/uploads\/2025\/10\/Aguilera.jpeg","type":"image\/jpeg"}],"author":"EL GLOBAL","twitter_card":"summary_large_image","twitter_misc":{"Escrito por":"EL GLOBAL","Tiempo de lectura":"2 minutos"},"schema":{"@context":"https:\/\/schema.org","@graph":[{"@type":"Article","@id":"https:\/\/elglobal.do\/index.php\/2025\/10\/02\/banreservas-lanza-su-nueva-campana-institucional-somos-invencibles\/#article","isPartOf":{"@id":"https:\/\/elglobal.do\/index.php\/2025\/10\/02\/banreservas-lanza-su-nueva-campana-institucional-somos-invencibles\/"},"author":{"name":"EL GLOBAL","@id":"https:\/\/elglobal.do\/#\/schema\/person\/0c97ec2c7714fb605d230c292f64d55f"},"headline":"Banreservas lanza su nueva campa\u00f1a institucional \u00a1Somos invencibles!","datePublished":"2025-10-02T14:22:32+00:00","dateModified":"2025-10-02T14:23:28+00:00","mainEntityOfPage":{"@id":"https:\/\/elglobal.do\/index.php\/2025\/10\/02\/banreservas-lanza-su-nueva-campana-institucional-somos-invencibles\/"},"wordCount":339,"commentCount":0,"publisher":{"@id":"https:\/\/elglobal.do\/#organization"},"image":{"@id":"https:\/\/elglobal.do\/index.php\/2025\/10\/02\/banreservas-lanza-su-nueva-campana-institucional-somos-invencibles\/#primaryimage"},"thumbnailUrl":"https:\/\/elglobal.do\/wp-content\/uploads\/2025\/10\/Aguilera.jpeg","keywords":["# Somosinvencibles","#Banreservas #banca","#ElGlobalInformativo","#lanzamiento"],"articleSection":["ECONOM\u00cdA","NOTICIAS RELEVANTES"],"inLanguage":"es","potentialAction":[{"@type":"CommentAction","name":"Comment","target":["https:\/\/elglobal.do\/index.php\/2025\/10\/02\/banreservas-lanza-su-nueva-campana-institucional-somos-invencibles\/#respond"]}]},{"@type":"WebPage","@id":"https:\/\/elglobal.do\/index.php\/2025\/10\/02\/banreservas-lanza-su-nueva-campana-institucional-somos-invencibles\/","url":"https:\/\/elglobal.do\/index.php\/2025\/10\/02\/banreservas-lanza-su-nueva-campana-institucional-somos-invencibles\/","name":"Banreservas lanza su nueva campa\u00f1a institucional \u00a1Somos invencibles! - EL GLOBAL INFORMATIVO","isPartOf":{"@id":"https:\/\/elglobal.do\/#website"},"primaryImageOfPage":{"@id":"https:\/\/elglobal.do\/index.php\/2025\/10\/02\/banreservas-lanza-su-nueva-campana-institucional-somos-invencibles\/#primaryimage"},"image":{"@id":"https:\/\/elglobal.do\/index.php\/2025\/10\/02\/banreservas-lanza-su-nueva-campana-institucional-somos-invencibles\/#primaryimage"},"thumbnailUrl":"https:\/\/elglobal.do\/wp-content\/uploads\/2025\/10\/Aguilera.jpeg","datePublished":"2025-10-02T14:22:32+00:00","dateModified":"2025-10-02T14:23:28+00:00","breadcrumb":{"@id":"https:\/\/elglobal.do\/index.php\/2025\/10\/02\/banreservas-lanza-su-nueva-campana-institucional-somos-invencibles\/#breadcrumb"},"inLanguage":"es","potentialAction":[{"@type":"ReadAction","target":["https:\/\/elglobal.do\/index.php\/2025\/10\/02\/banreservas-lanza-su-nueva-campana-institucional-somos-invencibles\/"]}]},{"@type":"ImageObject","inLanguage":"es","@id":"https:\/\/elglobal.do\/index.php\/2025\/10\/02\/banreservas-lanza-su-nueva-campana-institucional-somos-invencibles\/#primaryimage","url":"https:\/\/elglobal.do\/wp-content\/uploads\/2025\/10\/Aguilera.jpeg","contentUrl":"https:\/\/elglobal.do\/wp-content\/uploads\/2025\/10\/Aguilera.jpeg","width":828,"height":534},{"@type":"BreadcrumbList","@id":"https:\/\/elglobal.do\/index.php\/2025\/10\/02\/banreservas-lanza-su-nueva-campana-institucional-somos-invencibles\/#breadcrumb","itemListElement":[{"@type":"ListItem","position":1,"name":"Portada","item":"https:\/\/elglobal.do\/"},{"@type":"ListItem","position":2,"name":"Banreservas lanza su nueva campa\u00f1a institucional \u00a1Somos invencibles!"}]},{"@type":"WebSite","@id":"https:\/\/elglobal.do\/#website","url":"https:\/\/elglobal.do\/","name":"EL GLOBAL INFORMATIVO","description":"Peri\u00f3dico digital de la Rep\u00fablica Dominicana que ofrece noticias, novedades, pol\u00edtica y las \u00faltimas actualidades, con informaci\u00f3n veraz y oportuna para mantenerte siempre informad","publisher":{"@id":"https:\/\/elglobal.do\/#organization"},"potentialAction":[{"@type":"SearchAction","target":{"@type":"EntryPoint","urlTemplate":"https:\/\/elglobal.do\/?s={search_term_string}"},"query-input":{"@type":"PropertyValueSpecification","valueRequired":true,"valueName":"search_term_string"}}],"inLanguage":"es"},{"@type":"Organization","@id":"https:\/\/elglobal.do\/#organization","name":"EL GLOBAL.DO INFORMATIVO","url":"https:\/\/elglobal.do\/","logo":{"@type":"ImageObject","inLanguage":"es","@id":"https:\/\/elglobal.do\/#\/schema\/logo\/image\/","url":"https:\/\/elglobal.do\/wp-content\/uploads\/2025\/08\/icon.png","contentUrl":"https:\/\/elglobal.do\/wp-content\/uploads\/2025\/08\/icon.png","width":512,"height":512,"caption":"EL GLOBAL.DO INFORMATIVO"},"image":{"@id":"https:\/\/elglobal.do\/#\/schema\/logo\/image\/"}},{"@type":"Person","@id":"https:\/\/elglobal.do\/#\/schema\/person\/0c97ec2c7714fb605d230c292f64d55f","name":"EL GLOBAL","image":{"@type":"ImageObject","inLanguage":"es","@id":"https:\/\/elglobal.do\/#\/schema\/person\/image\/","url":"https:\/\/secure.gravatar.com\/avatar\/081cfb6cf99faddc6f4e23a0c11ab98c5cf302925382d1c88dc3ed757ab910a3?s=96&d=mm&r=g","contentUrl":"https:\/\/secure.gravatar.com\/avatar\/081cfb6cf99faddc6f4e23a0c11ab98c5cf302925382d1c88dc3ed757ab910a3?s=96&d=mm&r=g","caption":"EL GLOBAL"},"description":"El Global Informativo es un peri\u00f3dico digital de Rep\u00fablica Dominicana que se dedica a cubrir temas importantes, como la pol\u00edtica local, geopol\u00edtica, econom\u00eda, tecnolog\u00eda, noticias internacionales y eventos relacionados con la gesti\u00f3n social, cultural y humana. Su objetivo principal es mantener a la poblaci\u00f3n informada, ofreciendo una visi\u00f3n amplia y actualizada de lo que sucede tanto en el pa\u00eds como en el mundo. Est\u00e1 dirigido por un grupo de periodistas experimentados, lo que garantiza la calidad y la precisi\u00f3n de la informaci\u00f3n que ofrecen. Tiene su sede en la ciudad de Santo Domingo y es parte integral del portafolio de la empresa, MC Global S.R.L.","sameAs":["https:\/\/elglobal.do","https:\/\/www.instagram.com\/elglobal.do_informativo\/"],"url":"https:\/\/elglobal.do\/index.php\/author\/elglobaluserpro\/"}]}},"jetpack_featured_media_url":"https:\/\/elglobal.do\/wp-content\/uploads\/2025\/10\/Aguilera.jpeg","jetpack_sharing_enabled":true,"_links":{"self":[{"href":"https:\/\/elglobal.do\/index.php\/wp-json\/wp\/v2\/posts\/2761","targetHints":{"allow":["GET"]}}],"collection":[{"href":"https:\/\/elglobal.do\/index.php\/wp-json\/wp\/v2\/posts"}],"about":[{"href":"https:\/\/elglobal.do\/index.php\/wp-json\/wp\/v2\/types\/post"}],"author":[{"embeddable":true,"href":"https:\/\/elglobal.do\/index.php\/wp-json\/wp\/v2\/users\/1"}],"replies":[{"embeddable":true,"href":"https:\/\/elglobal.do\/index.php\/wp-json\/wp\/v2\/comments?post=2761"}],"version-history":[{"count":1,"href":"https:\/\/elglobal.do\/index.php\/wp-json\/wp\/v2\/posts\/2761\/revisions"}],"predecessor-version":[{"id":2763,"href":"https:\/\/elglobal.do\/index.php\/wp-json\/wp\/v2\/posts\/2761\/revisions\/2763"}],"wp:featuredmedia":[{"embeddable":true,"href":"https:\/\/elglobal.do\/index.php\/wp-json\/wp\/v2\/media\/2762"}],"wp:attachment":[{"href":"https:\/\/elglobal.do\/index.php\/wp-json\/wp\/v2\/media?parent=2761"}],"wp:term":[{"taxonomy":"category","embeddable":true,"href":"https:\/\/elglobal.do\/index.php\/wp-json\/wp\/v2\/categories?post=2761"},{"taxonomy":"post_tag","embeddable":true,"href":"https:\/\/elglobal.do\/index.php\/wp-json\/wp\/v2\/tags?post=2761"}],"curies":[{"name":"wp","href":"https:\/\/api.w.org\/{rel}","templated":true}]}}