{"id":2764,"date":"2025-10-02T11:09:09","date_gmt":"2025-10-02T15:09:09","guid":{"rendered":"https:\/\/elglobal.do\/?p=2764"},"modified":"2025-10-02T11:10:36","modified_gmt":"2025-10-02T15:10:36","slug":"iniciaran-titulacion-parque-nacional-los-haitises-y-reserva-forestal-loma-novillero-en-villa-altagracia","status":"publish","type":"post","link":"https:\/\/elglobal.do\/index.php\/2025\/10\/02\/iniciaran-titulacion-parque-nacional-los-haitises-y-reserva-forestal-loma-novillero-en-villa-altagracia\/","title":{"rendered":"Iniciar\u00e1n titulaci\u00f3n Parque Nacional Los Haitises y Reserva Forestal Loma Novillero, en Villa Altagracia"},"content":{"rendered":"\n<figure class=\"wp-block-image size-large\"><img loading=\"lazy\" decoding=\"async\" width=\"1024\" height=\"683\" src=\"https:\/\/elglobal.do\/wp-content\/uploads\/2025\/10\/Antoliano-1024x683.jpeg\" alt=\"\" class=\"wp-image-2765\" srcset=\"https:\/\/elglobal.do\/wp-content\/uploads\/2025\/10\/Antoliano-1024x683.jpeg 1024w, https:\/\/elglobal.do\/wp-content\/uploads\/2025\/10\/Antoliano-300x200.jpeg 300w, https:\/\/elglobal.do\/wp-content\/uploads\/2025\/10\/Antoliano-768x512.jpeg 768w, https:\/\/elglobal.do\/wp-content\/uploads\/2025\/10\/Antoliano.jpeg 1084w\" sizes=\"auto, (max-width: 1024px) 100vw, 1024px\" \/><\/figure>\n\n\n\n<p><strong>Santo Domingo. \u2013<\/strong> El presidente Luis Abinader anunci\u00f3 el inicio de los trabajos de titulaci\u00f3n en el Parque Nacional Los Haitises y la Reserva Forestal Loma Novillero en Villa Altagracia, con m\u00e1s de 43 millones de metros cuadrados de terrenos destinados a fortalecer la protecci\u00f3n y preservaci\u00f3n del patrimonio ambiental de la Rep\u00fablica Dominicana.<\/p>\n\n\n\n<p>En Los Haitises se regularizar\u00e1n 35.2 millones de metros cuadrados, mientras que, en la Reserva Forestal Loma Novillero, en Villa Altagracia, ser\u00e1n 7.9 millones de metros cuadrados.<\/p>\n\n\n\n<p>Estos procesos permitir\u00e1n la emisi\u00f3n de certificados de t\u00edtulos deslindados y registrados a nombre del Ministerio de Medio Ambiente y Recursos Naturales, conforme al Sistema Nacional de \u00c1reas Protegidas (SINAP).<\/p>\n\n\n\n<p>Por a\u00f1os, muchos de estos espacios se encontraban registrados a nombre de distintas instituciones p\u00fablicas como el Instituto Agrario Dominicano (IAD), la Direcci\u00f3n de Bienes Nacionales o el CEA, lo que generaba dispersi\u00f3n y limitaba la protecci\u00f3n efectiva de los recursos naturales.<\/p>\n\n\n\n<p>\u201cCuidar lo nuestro es un deber sagrado de cada dominicano, y todav\u00eda m\u00e1s de nosotros como Administraci\u00f3n P\u00fablica. Es una cultura que queremos fomentar y profundizar cada d\u00eda m\u00e1s. Lo que es de todos es tambi\u00e9n de cada uno de nosotros, por lo que su protecci\u00f3n y correcto cuidado constituye una labor a la que debemos prestar nuestros mejores esfuerzos\u201d, afirm\u00f3 Abinader.<\/p>\n\n\n\n<p>Adem\u00e1s, anunci\u00f3 la conformaci\u00f3n de un equipo de trabajo que, en coordinaci\u00f3n con el SINAP, tuvo la responsabilidad de organizar el proceso piloto de titulaci\u00f3n para Lomas Novillero y Los Haitises, que abarca las provincias Monte Plata, Duarte, Hato Mayor y Saman\u00e1.<\/p>\n\n\n\n<p>El presidente Abinader destac\u00f3 que esta acci\u00f3n forma parte de una estrategia nacional para organizar, documentar y blindar legalmente las \u00e1reas naturales protegidas, dividiendo el proceso por regiones y niveles de complejidad hasta abarcar todos los parques del pa\u00eds.<\/p>\n\n\n\n<p>A la fecha, el Gobierno ha titulado m\u00e1s de 730 millones de metros cuadrados en el Parque Nacional Jaragua y \u00c1rea Nacional de Recreo Bah\u00eda de Las \u00c1guilas, as\u00ed como en el Parque Nacional Jos\u00e9 Del Carmen Ram\u00edrez.<\/p>\n\n\n\n<p>Con este proyecto, el Gobierno busca sentar un precedente hist\u00f3rico en la defensa legal de los parques nacionales y \u00e1reas protegidas, garantizando su preservaci\u00f3n para las presentes y futuras generaciones.<\/p>\n\n\n\n<p><\/p>\n\n\n\n<p><\/p>\n","protected":false},"excerpt":{"rendered":"<p>Santo Domingo. \u2013 El presidente Luis Abinader anunci\u00f3 el inicio de los trabajos de titulaci\u00f3n en el Parque Nacional Los Haitises y la Reserva Forestal Loma Novillero en Villa Altagracia,&hellip; <\/p>\n","protected":false},"author":1,"featured_media":2765,"comment_status":"open","ping_status":"open","sticky":false,"template":"","format":"standard","meta":{"_jetpack_memberships_contains_paid_content":false,"footnotes":""},"categories":[40],"tags":[1503,1502,1500,1501],"class_list":["post-2764","post","type-post","status-publish","format-standard","has-post-thumbnail","hentry","category-nacionales","tag-lomanovillero","tag-loshaitises","tag-reservaforestal","tag-titulacion"],"yoast_head":"<!-- This site is optimized with the Yoast SEO plugin v26.9 - https:\/\/yoast.com\/product\/yoast-seo-wordpress\/ -->\n<title>Iniciar\u00e1n titulaci\u00f3n Parque Nacional Los Haitises y Reserva Forestal Loma Novillero, en Villa Altagracia - EL GLOBAL INFORMATIVO<\/title>\n<meta name=\"robots\" content=\"index, follow, max-snippet:-1, max-image-preview:large, max-video-preview:-1\" \/>\n<link rel=\"canonical\" href=\"https:\/\/elglobal.do\/index.php\/2025\/10\/02\/iniciaran-titulacion-parque-nacional-los-haitises-y-reserva-forestal-loma-novillero-en-villa-altagracia\/\" \/>\n<meta property=\"og:locale\" content=\"es_ES\" \/>\n<meta property=\"og:type\" content=\"article\" \/>\n<meta property=\"og:title\" content=\"Iniciar\u00e1n titulaci\u00f3n Parque Nacional Los Haitises y Reserva Forestal Loma Novillero, en Villa Altagracia - EL GLOBAL INFORMATIVO\" \/>\n<meta property=\"og:description\" content=\"Santo Domingo. \u2013 El presidente Luis Abinader anunci\u00f3 el inicio de los trabajos de titulaci\u00f3n en el Parque Nacional Los Haitises y la Reserva Forestal Loma Novillero en Villa Altagracia,&hellip;\" \/>\n<meta property=\"og:url\" content=\"https:\/\/elglobal.do\/index.php\/2025\/10\/02\/iniciaran-titulacion-parque-nacional-los-haitises-y-reserva-forestal-loma-novillero-en-villa-altagracia\/\" \/>\n<meta property=\"og:site_name\" content=\"EL GLOBAL INFORMATIVO\" \/>\n<meta property=\"article:published_time\" content=\"2025-10-02T15:09:09+00:00\" \/>\n<meta property=\"article:modified_time\" content=\"2025-10-02T15:10:36+00:00\" \/>\n<meta property=\"og:image\" content=\"https:\/\/elglobal.do\/wp-content\/uploads\/2025\/10\/Antoliano.jpeg\" \/>\n\t<meta property=\"og:image:width\" content=\"1084\" \/>\n\t<meta property=\"og:image:height\" content=\"723\" \/>\n\t<meta property=\"og:image:type\" content=\"image\/jpeg\" \/>\n<meta name=\"author\" content=\"EL GLOBAL\" \/>\n<meta name=\"twitter:card\" content=\"summary_large_image\" \/>\n<meta name=\"twitter:label1\" content=\"Escrito por\" \/>\n\t<meta name=\"twitter:data1\" content=\"EL GLOBAL\" \/>\n\t<meta name=\"twitter:label2\" content=\"Tiempo de lectura\" \/>\n\t<meta name=\"twitter:data2\" content=\"3 minutos\" \/>\n<script type=\"application\/ld+json\" class=\"yoast-schema-graph\">{\"@context\":\"https:\/\/schema.org\",\"@graph\":[{\"@type\":\"Article\",\"@id\":\"https:\/\/elglobal.do\/index.php\/2025\/10\/02\/iniciaran-titulacion-parque-nacional-los-haitises-y-reserva-forestal-loma-novillero-en-villa-altagracia\/#article\",\"isPartOf\":{\"@id\":\"https:\/\/elglobal.do\/index.php\/2025\/10\/02\/iniciaran-titulacion-parque-nacional-los-haitises-y-reserva-forestal-loma-novillero-en-villa-altagracia\/\"},\"author\":{\"name\":\"EL GLOBAL\",\"@id\":\"https:\/\/elglobal.do\/#\/schema\/person\/0c97ec2c7714fb605d230c292f64d55f\"},\"headline\":\"Iniciar\u00e1n titulaci\u00f3n Parque Nacional Los Haitises y Reserva Forestal Loma Novillero, en Villa Altagracia\",\"datePublished\":\"2025-10-02T15:09:09+00:00\",\"dateModified\":\"2025-10-02T15:10:36+00:00\",\"mainEntityOfPage\":{\"@id\":\"https:\/\/elglobal.do\/index.php\/2025\/10\/02\/iniciaran-titulacion-parque-nacional-los-haitises-y-reserva-forestal-loma-novillero-en-villa-altagracia\/\"},\"wordCount\":409,\"commentCount\":0,\"publisher\":{\"@id\":\"https:\/\/elglobal.do\/#organization\"},\"image\":{\"@id\":\"https:\/\/elglobal.do\/index.php\/2025\/10\/02\/iniciaran-titulacion-parque-nacional-los-haitises-y-reserva-forestal-loma-novillero-en-villa-altagracia\/#primaryimage\"},\"thumbnailUrl\":\"https:\/\/elglobal.do\/wp-content\/uploads\/2025\/10\/Antoliano.jpeg\",\"keywords\":[\"#LomaNovillero\",\"#LosHaitises\",\"#ReservaForestal\",\"#Titulaci\u00f3n\"],\"articleSection\":[\"NACIONALES\"],\"inLanguage\":\"es\",\"potentialAction\":[{\"@type\":\"CommentAction\",\"name\":\"Comment\",\"target\":[\"https:\/\/elglobal.do\/index.php\/2025\/10\/02\/iniciaran-titulacion-parque-nacional-los-haitises-y-reserva-forestal-loma-novillero-en-villa-altagracia\/#respond\"]}]},{\"@type\":\"WebPage\",\"@id\":\"https:\/\/elglobal.do\/index.php\/2025\/10\/02\/iniciaran-titulacion-parque-nacional-los-haitises-y-reserva-forestal-loma-novillero-en-villa-altagracia\/\",\"url\":\"https:\/\/elglobal.do\/index.php\/2025\/10\/02\/iniciaran-titulacion-parque-nacional-los-haitises-y-reserva-forestal-loma-novillero-en-villa-altagracia\/\",\"name\":\"Iniciar\u00e1n titulaci\u00f3n Parque Nacional Los Haitises y Reserva Forestal Loma Novillero, en Villa Altagracia - EL GLOBAL INFORMATIVO\",\"isPartOf\":{\"@id\":\"https:\/\/elglobal.do\/#website\"},\"primaryImageOfPage\":{\"@id\":\"https:\/\/elglobal.do\/index.php\/2025\/10\/02\/iniciaran-titulacion-parque-nacional-los-haitises-y-reserva-forestal-loma-novillero-en-villa-altagracia\/#primaryimage\"},\"image\":{\"@id\":\"https:\/\/elglobal.do\/index.php\/2025\/10\/02\/iniciaran-titulacion-parque-nacional-los-haitises-y-reserva-forestal-loma-novillero-en-villa-altagracia\/#primaryimage\"},\"thumbnailUrl\":\"https:\/\/elglobal.do\/wp-content\/uploads\/2025\/10\/Antoliano.jpeg\",\"datePublished\":\"2025-10-02T15:09:09+00:00\",\"dateModified\":\"2025-10-02T15:10:36+00:00\",\"breadcrumb\":{\"@id\":\"https:\/\/elglobal.do\/index.php\/2025\/10\/02\/iniciaran-titulacion-parque-nacional-los-haitises-y-reserva-forestal-loma-novillero-en-villa-altagracia\/#breadcrumb\"},\"inLanguage\":\"es\",\"potentialAction\":[{\"@type\":\"ReadAction\",\"target\":[\"https:\/\/elglobal.do\/index.php\/2025\/10\/02\/iniciaran-titulacion-parque-nacional-los-haitises-y-reserva-forestal-loma-novillero-en-villa-altagracia\/\"]}]},{\"@type\":\"ImageObject\",\"inLanguage\":\"es\",\"@id\":\"https:\/\/elglobal.do\/index.php\/2025\/10\/02\/iniciaran-titulacion-parque-nacional-los-haitises-y-reserva-forestal-loma-novillero-en-villa-altagracia\/#primaryimage\",\"url\":\"https:\/\/elglobal.do\/wp-content\/uploads\/2025\/10\/Antoliano.jpeg\",\"contentUrl\":\"https:\/\/elglobal.do\/wp-content\/uploads\/2025\/10\/Antoliano.jpeg\",\"width\":1084,\"height\":723},{\"@type\":\"BreadcrumbList\",\"@id\":\"https:\/\/elglobal.do\/index.php\/2025\/10\/02\/iniciaran-titulacion-parque-nacional-los-haitises-y-reserva-forestal-loma-novillero-en-villa-altagracia\/#breadcrumb\",\"itemListElement\":[{\"@type\":\"ListItem\",\"position\":1,\"name\":\"Portada\",\"item\":\"https:\/\/elglobal.do\/\"},{\"@type\":\"ListItem\",\"position\":2,\"name\":\"Iniciar\u00e1n titulaci\u00f3n Parque Nacional Los Haitises y Reserva Forestal Loma Novillero, en Villa Altagracia\"}]},{\"@type\":\"WebSite\",\"@id\":\"https:\/\/elglobal.do\/#website\",\"url\":\"https:\/\/elglobal.do\/\",\"name\":\"EL GLOBAL INFORMATIVO\",\"description\":\"Peri\u00f3dico digital de la Rep\u00fablica Dominicana que ofrece noticias, novedades, pol\u00edtica y las \u00faltimas actualidades, con informaci\u00f3n veraz y oportuna para mantenerte siempre informad\",\"publisher\":{\"@id\":\"https:\/\/elglobal.do\/#organization\"},\"potentialAction\":[{\"@type\":\"SearchAction\",\"target\":{\"@type\":\"EntryPoint\",\"urlTemplate\":\"https:\/\/elglobal.do\/?s={search_term_string}\"},\"query-input\":{\"@type\":\"PropertyValueSpecification\",\"valueRequired\":true,\"valueName\":\"search_term_string\"}}],\"inLanguage\":\"es\"},{\"@type\":\"Organization\",\"@id\":\"https:\/\/elglobal.do\/#organization\",\"name\":\"EL GLOBAL.DO INFORMATIVO\",\"url\":\"https:\/\/elglobal.do\/\",\"logo\":{\"@type\":\"ImageObject\",\"inLanguage\":\"es\",\"@id\":\"https:\/\/elglobal.do\/#\/schema\/logo\/image\/\",\"url\":\"https:\/\/elglobal.do\/wp-content\/uploads\/2025\/08\/icon.png\",\"contentUrl\":\"https:\/\/elglobal.do\/wp-content\/uploads\/2025\/08\/icon.png\",\"width\":512,\"height\":512,\"caption\":\"EL GLOBAL.DO INFORMATIVO\"},\"image\":{\"@id\":\"https:\/\/elglobal.do\/#\/schema\/logo\/image\/\"}},{\"@type\":\"Person\",\"@id\":\"https:\/\/elglobal.do\/#\/schema\/person\/0c97ec2c7714fb605d230c292f64d55f\",\"name\":\"EL GLOBAL\",\"image\":{\"@type\":\"ImageObject\",\"inLanguage\":\"es\",\"@id\":\"https:\/\/elglobal.do\/#\/schema\/person\/image\/\",\"url\":\"https:\/\/secure.gravatar.com\/avatar\/081cfb6cf99faddc6f4e23a0c11ab98c5cf302925382d1c88dc3ed757ab910a3?s=96&d=mm&r=g\",\"contentUrl\":\"https:\/\/secure.gravatar.com\/avatar\/081cfb6cf99faddc6f4e23a0c11ab98c5cf302925382d1c88dc3ed757ab910a3?s=96&d=mm&r=g\",\"caption\":\"EL GLOBAL\"},\"description\":\"El Global Informativo es un peri\u00f3dico digital de Rep\u00fablica Dominicana que se dedica a cubrir temas importantes, como la pol\u00edtica local, geopol\u00edtica, econom\u00eda, tecnolog\u00eda, noticias internacionales y eventos relacionados con la gesti\u00f3n social, cultural y humana. Su objetivo principal es mantener a la poblaci\u00f3n informada, ofreciendo una visi\u00f3n amplia y actualizada de lo que sucede tanto en el pa\u00eds como en el mundo. Est\u00e1 dirigido por un grupo de periodistas experimentados, lo que garantiza la calidad y la precisi\u00f3n de la informaci\u00f3n que ofrecen. Tiene su sede en la ciudad de Santo Domingo y es parte integral del portafolio de la empresa, MC Global S.R.L.\",\"sameAs\":[\"https:\/\/elglobal.do\",\"https:\/\/www.instagram.com\/elglobal.do_informativo\/\"],\"url\":\"https:\/\/elglobal.do\/index.php\/author\/elglobaluserpro\/\"}]}<\/script>\n<!-- \/ Yoast SEO plugin. -->","yoast_head_json":{"title":"Iniciar\u00e1n titulaci\u00f3n Parque Nacional Los Haitises y Reserva Forestal Loma Novillero, en Villa Altagracia - EL GLOBAL INFORMATIVO","robots":{"index":"index","follow":"follow","max-snippet":"max-snippet:-1","max-image-preview":"max-image-preview:large","max-video-preview":"max-video-preview:-1"},"canonical":"https:\/\/elglobal.do\/index.php\/2025\/10\/02\/iniciaran-titulacion-parque-nacional-los-haitises-y-reserva-forestal-loma-novillero-en-villa-altagracia\/","og_locale":"es_ES","og_type":"article","og_title":"Iniciar\u00e1n titulaci\u00f3n Parque Nacional Los Haitises y Reserva Forestal Loma Novillero, en Villa Altagracia - EL GLOBAL INFORMATIVO","og_description":"Santo Domingo. \u2013 El presidente Luis Abinader anunci\u00f3 el inicio de los trabajos de titulaci\u00f3n en el Parque Nacional Los Haitises y la Reserva Forestal Loma Novillero en Villa Altagracia,&hellip;","og_url":"https:\/\/elglobal.do\/index.php\/2025\/10\/02\/iniciaran-titulacion-parque-nacional-los-haitises-y-reserva-forestal-loma-novillero-en-villa-altagracia\/","og_site_name":"EL GLOBAL INFORMATIVO","article_published_time":"2025-10-02T15:09:09+00:00","article_modified_time":"2025-10-02T15:10:36+00:00","og_image":[{"width":1084,"height":723,"url":"https:\/\/elglobal.do\/wp-content\/uploads\/2025\/10\/Antoliano.jpeg","type":"image\/jpeg"}],"author":"EL GLOBAL","twitter_card":"summary_large_image","twitter_misc":{"Escrito por":"EL GLOBAL","Tiempo de lectura":"3 minutos"},"schema":{"@context":"https:\/\/schema.org","@graph":[{"@type":"Article","@id":"https:\/\/elglobal.do\/index.php\/2025\/10\/02\/iniciaran-titulacion-parque-nacional-los-haitises-y-reserva-forestal-loma-novillero-en-villa-altagracia\/#article","isPartOf":{"@id":"https:\/\/elglobal.do\/index.php\/2025\/10\/02\/iniciaran-titulacion-parque-nacional-los-haitises-y-reserva-forestal-loma-novillero-en-villa-altagracia\/"},"author":{"name":"EL GLOBAL","@id":"https:\/\/elglobal.do\/#\/schema\/person\/0c97ec2c7714fb605d230c292f64d55f"},"headline":"Iniciar\u00e1n titulaci\u00f3n Parque Nacional Los Haitises y Reserva Forestal Loma Novillero, en Villa Altagracia","datePublished":"2025-10-02T15:09:09+00:00","dateModified":"2025-10-02T15:10:36+00:00","mainEntityOfPage":{"@id":"https:\/\/elglobal.do\/index.php\/2025\/10\/02\/iniciaran-titulacion-parque-nacional-los-haitises-y-reserva-forestal-loma-novillero-en-villa-altagracia\/"},"wordCount":409,"commentCount":0,"publisher":{"@id":"https:\/\/elglobal.do\/#organization"},"image":{"@id":"https:\/\/elglobal.do\/index.php\/2025\/10\/02\/iniciaran-titulacion-parque-nacional-los-haitises-y-reserva-forestal-loma-novillero-en-villa-altagracia\/#primaryimage"},"thumbnailUrl":"https:\/\/elglobal.do\/wp-content\/uploads\/2025\/10\/Antoliano.jpeg","keywords":["#LomaNovillero","#LosHaitises","#ReservaForestal","#Titulaci\u00f3n"],"articleSection":["NACIONALES"],"inLanguage":"es","potentialAction":[{"@type":"CommentAction","name":"Comment","target":["https:\/\/elglobal.do\/index.php\/2025\/10\/02\/iniciaran-titulacion-parque-nacional-los-haitises-y-reserva-forestal-loma-novillero-en-villa-altagracia\/#respond"]}]},{"@type":"WebPage","@id":"https:\/\/elglobal.do\/index.php\/2025\/10\/02\/iniciaran-titulacion-parque-nacional-los-haitises-y-reserva-forestal-loma-novillero-en-villa-altagracia\/","url":"https:\/\/elglobal.do\/index.php\/2025\/10\/02\/iniciaran-titulacion-parque-nacional-los-haitises-y-reserva-forestal-loma-novillero-en-villa-altagracia\/","name":"Iniciar\u00e1n titulaci\u00f3n Parque Nacional Los Haitises y Reserva Forestal Loma Novillero, en Villa Altagracia - EL GLOBAL INFORMATIVO","isPartOf":{"@id":"https:\/\/elglobal.do\/#website"},"primaryImageOfPage":{"@id":"https:\/\/elglobal.do\/index.php\/2025\/10\/02\/iniciaran-titulacion-parque-nacional-los-haitises-y-reserva-forestal-loma-novillero-en-villa-altagracia\/#primaryimage"},"image":{"@id":"https:\/\/elglobal.do\/index.php\/2025\/10\/02\/iniciaran-titulacion-parque-nacional-los-haitises-y-reserva-forestal-loma-novillero-en-villa-altagracia\/#primaryimage"},"thumbnailUrl":"https:\/\/elglobal.do\/wp-content\/uploads\/2025\/10\/Antoliano.jpeg","datePublished":"2025-10-02T15:09:09+00:00","dateModified":"2025-10-02T15:10:36+00:00","breadcrumb":{"@id":"https:\/\/elglobal.do\/index.php\/2025\/10\/02\/iniciaran-titulacion-parque-nacional-los-haitises-y-reserva-forestal-loma-novillero-en-villa-altagracia\/#breadcrumb"},"inLanguage":"es","potentialAction":[{"@type":"ReadAction","target":["https:\/\/elglobal.do\/index.php\/2025\/10\/02\/iniciaran-titulacion-parque-nacional-los-haitises-y-reserva-forestal-loma-novillero-en-villa-altagracia\/"]}]},{"@type":"ImageObject","inLanguage":"es","@id":"https:\/\/elglobal.do\/index.php\/2025\/10\/02\/iniciaran-titulacion-parque-nacional-los-haitises-y-reserva-forestal-loma-novillero-en-villa-altagracia\/#primaryimage","url":"https:\/\/elglobal.do\/wp-content\/uploads\/2025\/10\/Antoliano.jpeg","contentUrl":"https:\/\/elglobal.do\/wp-content\/uploads\/2025\/10\/Antoliano.jpeg","width":1084,"height":723},{"@type":"BreadcrumbList","@id":"https:\/\/elglobal.do\/index.php\/2025\/10\/02\/iniciaran-titulacion-parque-nacional-los-haitises-y-reserva-forestal-loma-novillero-en-villa-altagracia\/#breadcrumb","itemListElement":[{"@type":"ListItem","position":1,"name":"Portada","item":"https:\/\/elglobal.do\/"},{"@type":"ListItem","position":2,"name":"Iniciar\u00e1n titulaci\u00f3n Parque Nacional Los Haitises y Reserva Forestal Loma Novillero, en Villa Altagracia"}]},{"@type":"WebSite","@id":"https:\/\/elglobal.do\/#website","url":"https:\/\/elglobal.do\/","name":"EL GLOBAL INFORMATIVO","description":"Peri\u00f3dico digital de la Rep\u00fablica Dominicana que ofrece noticias, novedades, pol\u00edtica y las \u00faltimas actualidades, con informaci\u00f3n veraz y oportuna para mantenerte siempre informad","publisher":{"@id":"https:\/\/elglobal.do\/#organization"},"potentialAction":[{"@type":"SearchAction","target":{"@type":"EntryPoint","urlTemplate":"https:\/\/elglobal.do\/?s={search_term_string}"},"query-input":{"@type":"PropertyValueSpecification","valueRequired":true,"valueName":"search_term_string"}}],"inLanguage":"es"},{"@type":"Organization","@id":"https:\/\/elglobal.do\/#organization","name":"EL GLOBAL.DO INFORMATIVO","url":"https:\/\/elglobal.do\/","logo":{"@type":"ImageObject","inLanguage":"es","@id":"https:\/\/elglobal.do\/#\/schema\/logo\/image\/","url":"https:\/\/elglobal.do\/wp-content\/uploads\/2025\/08\/icon.png","contentUrl":"https:\/\/elglobal.do\/wp-content\/uploads\/2025\/08\/icon.png","width":512,"height":512,"caption":"EL GLOBAL.DO INFORMATIVO"},"image":{"@id":"https:\/\/elglobal.do\/#\/schema\/logo\/image\/"}},{"@type":"Person","@id":"https:\/\/elglobal.do\/#\/schema\/person\/0c97ec2c7714fb605d230c292f64d55f","name":"EL GLOBAL","image":{"@type":"ImageObject","inLanguage":"es","@id":"https:\/\/elglobal.do\/#\/schema\/person\/image\/","url":"https:\/\/secure.gravatar.com\/avatar\/081cfb6cf99faddc6f4e23a0c11ab98c5cf302925382d1c88dc3ed757ab910a3?s=96&d=mm&r=g","contentUrl":"https:\/\/secure.gravatar.com\/avatar\/081cfb6cf99faddc6f4e23a0c11ab98c5cf302925382d1c88dc3ed757ab910a3?s=96&d=mm&r=g","caption":"EL GLOBAL"},"description":"El Global Informativo es un peri\u00f3dico digital de Rep\u00fablica Dominicana que se dedica a cubrir temas importantes, como la pol\u00edtica local, geopol\u00edtica, econom\u00eda, tecnolog\u00eda, noticias internacionales y eventos relacionados con la gesti\u00f3n social, cultural y humana. Su objetivo principal es mantener a la poblaci\u00f3n informada, ofreciendo una visi\u00f3n amplia y actualizada de lo que sucede tanto en el pa\u00eds como en el mundo. Est\u00e1 dirigido por un grupo de periodistas experimentados, lo que garantiza la calidad y la precisi\u00f3n de la informaci\u00f3n que ofrecen. Tiene su sede en la ciudad de Santo Domingo y es parte integral del portafolio de la empresa, MC Global S.R.L.","sameAs":["https:\/\/elglobal.do","https:\/\/www.instagram.com\/elglobal.do_informativo\/"],"url":"https:\/\/elglobal.do\/index.php\/author\/elglobaluserpro\/"}]}},"jetpack_featured_media_url":"https:\/\/elglobal.do\/wp-content\/uploads\/2025\/10\/Antoliano.jpeg","jetpack_sharing_enabled":true,"_links":{"self":[{"href":"https:\/\/elglobal.do\/index.php\/wp-json\/wp\/v2\/posts\/2764","targetHints":{"allow":["GET"]}}],"collection":[{"href":"https:\/\/elglobal.do\/index.php\/wp-json\/wp\/v2\/posts"}],"about":[{"href":"https:\/\/elglobal.do\/index.php\/wp-json\/wp\/v2\/types\/post"}],"author":[{"embeddable":true,"href":"https:\/\/elglobal.do\/index.php\/wp-json\/wp\/v2\/users\/1"}],"replies":[{"embeddable":true,"href":"https:\/\/elglobal.do\/index.php\/wp-json\/wp\/v2\/comments?post=2764"}],"version-history":[{"count":1,"href":"https:\/\/elglobal.do\/index.php\/wp-json\/wp\/v2\/posts\/2764\/revisions"}],"predecessor-version":[{"id":2766,"href":"https:\/\/elglobal.do\/index.php\/wp-json\/wp\/v2\/posts\/2764\/revisions\/2766"}],"wp:featuredmedia":[{"embeddable":true,"href":"https:\/\/elglobal.do\/index.php\/wp-json\/wp\/v2\/media\/2765"}],"wp:attachment":[{"href":"https:\/\/elglobal.do\/index.php\/wp-json\/wp\/v2\/media?parent=2764"}],"wp:term":[{"taxonomy":"category","embeddable":true,"href":"https:\/\/elglobal.do\/index.php\/wp-json\/wp\/v2\/categories?post=2764"},{"taxonomy":"post_tag","embeddable":true,"href":"https:\/\/elglobal.do\/index.php\/wp-json\/wp\/v2\/tags?post=2764"}],"curies":[{"name":"wp","href":"https:\/\/api.w.org\/{rel}","templated":true}]}}