{"id":2770,"date":"2025-10-02T11:33:21","date_gmt":"2025-10-02T15:33:21","guid":{"rendered":"https:\/\/elglobal.do\/?p=2770"},"modified":"2025-10-02T11:34:37","modified_gmt":"2025-10-02T15:34:37","slug":"senado-aprueba-en-primera-lectura-propina-obligatoria-del-10-para-pedidos-en-plataformas","status":"publish","type":"post","link":"https:\/\/elglobal.do\/index.php\/2025\/10\/02\/senado-aprueba-en-primera-lectura-propina-obligatoria-del-10-para-pedidos-en-plataformas\/","title":{"rendered":"Senado aprueba en primera lectura propina obligatoria del 10 % para pedidos en plataformas"},"content":{"rendered":"\n<figure class=\"wp-block-image size-full is-resized\"><img loading=\"lazy\" decoding=\"async\" width=\"896\" height=\"504\" src=\"https:\/\/elglobal.do\/wp-content\/uploads\/2025\/10\/image-10.png\" alt=\"\" class=\"wp-image-2771\" style=\"width:725px;height:auto\" srcset=\"https:\/\/elglobal.do\/wp-content\/uploads\/2025\/10\/image-10.png 896w, https:\/\/elglobal.do\/wp-content\/uploads\/2025\/10\/image-10-300x169.png 300w, https:\/\/elglobal.do\/wp-content\/uploads\/2025\/10\/image-10-768x432.png 768w\" sizes=\"auto, (max-width: 896px) 100vw, 896px\" \/><\/figure>\n\n\n\n<p><strong>Santo Domingo.-<\/strong>Con la aprobaci\u00f3n del proyecto de la\u00a0<strong>reforma laboral<\/strong>\u00a0en primera lectura en el\u00a0<strong>Senado<\/strong>, los legisladores introdujeron un cambio en la iniciativa para que la\u00a0<strong>propina legal obligatoria<\/strong>\u00a0del 10 % que se paga en los establecimientos de comida tambi\u00e9n se pague si los alimentos son pedidos a trav\u00e9s de aplicaciones de entrega a domicilio.<\/p>\n\n\n\n<p>El&nbsp;<strong>C\u00f3digo de Trabajo<\/strong>&nbsp;vigente en el pa\u00eds, promulgado en el&nbsp;<strong>1992<\/strong>, obliga a los restaurantes, bares y establecimientos de expendio de alimentos y bebidas a agregar un 10 % a las cuentas de los clientes que consuman en el local.&nbsp;<\/p>\n\n\n\n<p>Sin embargo, la reforma ampl\u00eda la disposici\u00f3n y establece que la&nbsp;<strong>propina obligatoria<\/strong>&nbsp;se deber\u00e1 pagar \u00ab<strong>sin distinci\u00f3n<\/strong>&nbsp;del&nbsp;<strong>canal de venta<\/strong>&nbsp;utilizado\u00bb.<\/p>\n\n\n\n<p>El texto aprobado en primera lectura establece que la\u00a0<strong>propina<\/strong>\u00a0debe\u00a0<strong>repartirse \u00edntegramente<\/strong>\u00a0entre los\u00a0<strong>empleados<\/strong>\u00a0del establecimiento \u2014con excepci\u00f3n del personal administrativo\u2014 y contempla la posibilidad de acordar algunos criterios de distribuci\u00f3n, tomando en cuenta el nivel de calificaci\u00f3n y el nivel de contacto con el cliente.\u00a0<\/p>\n\n\n\n<p><strong>Antidopaje\u00a0en\u00a0algunos oficios<\/strong><\/p>\n\n\n\n<p>Otra\u00a0<strong>novedad<\/strong>\u00a0incorporada en el proyecto es la obligaci\u00f3n de someter a\u00a0<strong>pruebas antidopaje<\/strong>\u00a0peri\u00f3dicas a ciertos\u00a0<strong>trabajadores<\/strong>\u00a0que desempe\u00f1an\u00a0<strong>funciones sensibles<\/strong>.\u00a0<\/p>\n\n\n\n<p>De acuerdo con la modificaci\u00f3n del art\u00edculo 44 en el proyecto, quienes trabajen como&nbsp;<strong>choferes<\/strong>&nbsp;en transportes p\u00fablicos, operaci\u00f3n de maquinarias, \u00e1reas de seguridad o los que laboren en contacto con ni\u00f1os y personas enfermas, estar\u00e1n obligados a someterse a&nbsp;<strong>pruebas de dopaje<\/strong>&nbsp;cada cierto tiempo.&nbsp;<\/p>\n\n\n\n<p>En el\u00a0<strong>c\u00f3digo vigente<\/strong>, las\u00a0<strong>obligaciones<\/strong>\u00a0de los\u00a0<strong>trabajadores<\/strong>\u00a0se limitan a aspectos como puntualidad, buena conducta y cuidado de los equipos provistos por el empleador, sin contemplar ninguna prueba m\u00e9dica ligada al uso de narc\u00f3ticos o estupefacientes.<\/p>\n\n\n\n<p><strong>Va a\u00a0segunda lectura<\/strong><\/p>\n\n\n\n<p>La\u00a0<strong>pieza legislativa<\/strong>, que en su conjunto modifica m\u00e1s de 40 art\u00edculos del\u00a0<strong>C\u00f3digo de Trabajo<\/strong>, deber\u00e1 pasar ahora a una\u00a0<strong>segunda lectura<\/strong>\u00a0en el\u00a0<strong>Senado<\/strong>\u00a0antes de ser enviada a la C\u00e1mara de Diputados.\u00a0<\/p>\n\n\n\n<p>De ser ratificado en ambas c\u00e1maras y promulgada por el Poder Ejecutivo, el\u00a0<strong>C\u00f3digo de Trabajo<\/strong>\u00a0vigente desde el\u00a0<strong>1992<\/strong>\u00a0tendr\u00eda su\u00a0<strong>primera reforma integral<\/strong>, que es parte de la lista de enmiendas impulsada por el presidente\u00a0<strong>Luis Abinader<\/strong>\u00a0y que incluyen la reforma constitucional, la fallida fiscal, la policial, entre otras.<\/p>\n","protected":false},"excerpt":{"rendered":"<p>Santo Domingo.-Con la aprobaci\u00f3n del proyecto de la\u00a0reforma laboral\u00a0en primera lectura en el\u00a0Senado, los legisladores introdujeron un cambio en la iniciativa para que la\u00a0propina legal obligatoria\u00a0del 10 % que se&hellip; <\/p>\n","protected":false},"author":1,"featured_media":2771,"comment_status":"open","ping_status":"open","sticky":false,"template":"","format":"standard","meta":{"_jetpack_memberships_contains_paid_content":false,"footnotes":""},"categories":[40,14],"tags":[1505,1507,1506,1504,248],"class_list":["post-2770","post","type-post","status-publish","format-standard","has-post-thumbnail","hentry","category-nacionales","category-slider","tag-codigodetrabajo","tag-lectura","tag-propina","tag-reformalaboral","tag-senado"],"yoast_head":"<!-- This site is optimized with the Yoast SEO plugin v26.9 - https:\/\/yoast.com\/product\/yoast-seo-wordpress\/ -->\n<title>Senado aprueba en primera lectura propina obligatoria del 10 % para pedidos en plataformas - EL GLOBAL INFORMATIVO<\/title>\n<meta name=\"robots\" content=\"index, follow, max-snippet:-1, max-image-preview:large, max-video-preview:-1\" \/>\n<link rel=\"canonical\" href=\"https:\/\/elglobal.do\/index.php\/2025\/10\/02\/senado-aprueba-en-primera-lectura-propina-obligatoria-del-10-para-pedidos-en-plataformas\/\" \/>\n<meta property=\"og:locale\" content=\"es_ES\" \/>\n<meta property=\"og:type\" content=\"article\" \/>\n<meta property=\"og:title\" content=\"Senado aprueba en primera lectura propina obligatoria del 10 % para pedidos en plataformas - EL GLOBAL INFORMATIVO\" \/>\n<meta property=\"og:description\" content=\"Santo Domingo.-Con la aprobaci\u00f3n del proyecto de la\u00a0reforma laboral\u00a0en primera lectura en el\u00a0Senado, los legisladores introdujeron un cambio en la iniciativa para que la\u00a0propina legal obligatoria\u00a0del 10 % que se&hellip;\" \/>\n<meta property=\"og:url\" content=\"https:\/\/elglobal.do\/index.php\/2025\/10\/02\/senado-aprueba-en-primera-lectura-propina-obligatoria-del-10-para-pedidos-en-plataformas\/\" \/>\n<meta property=\"og:site_name\" content=\"EL GLOBAL INFORMATIVO\" \/>\n<meta property=\"article:published_time\" content=\"2025-10-02T15:33:21+00:00\" \/>\n<meta property=\"article:modified_time\" content=\"2025-10-02T15:34:37+00:00\" \/>\n<meta property=\"og:image\" content=\"https:\/\/elglobal.do\/wp-content\/uploads\/2025\/10\/image-10.png\" \/>\n\t<meta property=\"og:image:width\" content=\"896\" \/>\n\t<meta property=\"og:image:height\" content=\"504\" \/>\n\t<meta property=\"og:image:type\" content=\"image\/png\" \/>\n<meta name=\"author\" content=\"EL GLOBAL\" \/>\n<meta name=\"twitter:card\" content=\"summary_large_image\" \/>\n<meta name=\"twitter:label1\" content=\"Escrito por\" \/>\n\t<meta name=\"twitter:data1\" content=\"EL GLOBAL\" \/>\n\t<meta name=\"twitter:label2\" content=\"Tiempo de lectura\" \/>\n\t<meta name=\"twitter:data2\" content=\"3 minutos\" \/>\n<script type=\"application\/ld+json\" class=\"yoast-schema-graph\">{\"@context\":\"https:\/\/schema.org\",\"@graph\":[{\"@type\":\"Article\",\"@id\":\"https:\/\/elglobal.do\/index.php\/2025\/10\/02\/senado-aprueba-en-primera-lectura-propina-obligatoria-del-10-para-pedidos-en-plataformas\/#article\",\"isPartOf\":{\"@id\":\"https:\/\/elglobal.do\/index.php\/2025\/10\/02\/senado-aprueba-en-primera-lectura-propina-obligatoria-del-10-para-pedidos-en-plataformas\/\"},\"author\":{\"name\":\"EL GLOBAL\",\"@id\":\"https:\/\/elglobal.do\/#\/schema\/person\/0c97ec2c7714fb605d230c292f64d55f\"},\"headline\":\"Senado aprueba en primera lectura propina obligatoria del 10 % para pedidos en plataformas\",\"datePublished\":\"2025-10-02T15:33:21+00:00\",\"dateModified\":\"2025-10-02T15:34:37+00:00\",\"mainEntityOfPage\":{\"@id\":\"https:\/\/elglobal.do\/index.php\/2025\/10\/02\/senado-aprueba-en-primera-lectura-propina-obligatoria-del-10-para-pedidos-en-plataformas\/\"},\"wordCount\":419,\"commentCount\":0,\"publisher\":{\"@id\":\"https:\/\/elglobal.do\/#organization\"},\"image\":{\"@id\":\"https:\/\/elglobal.do\/index.php\/2025\/10\/02\/senado-aprueba-en-primera-lectura-propina-obligatoria-del-10-para-pedidos-en-plataformas\/#primaryimage\"},\"thumbnailUrl\":\"https:\/\/elglobal.do\/wp-content\/uploads\/2025\/10\/image-10.png\",\"keywords\":[\"#C\u00f3digodeTrabajo\",\"#Lectura\",\"#Propina\",\"#Reformalaboral\",\"#Senado\"],\"articleSection\":[\"NACIONALES\",\"NOTICIAS RELEVANTES\"],\"inLanguage\":\"es\",\"potentialAction\":[{\"@type\":\"CommentAction\",\"name\":\"Comment\",\"target\":[\"https:\/\/elglobal.do\/index.php\/2025\/10\/02\/senado-aprueba-en-primera-lectura-propina-obligatoria-del-10-para-pedidos-en-plataformas\/#respond\"]}]},{\"@type\":\"WebPage\",\"@id\":\"https:\/\/elglobal.do\/index.php\/2025\/10\/02\/senado-aprueba-en-primera-lectura-propina-obligatoria-del-10-para-pedidos-en-plataformas\/\",\"url\":\"https:\/\/elglobal.do\/index.php\/2025\/10\/02\/senado-aprueba-en-primera-lectura-propina-obligatoria-del-10-para-pedidos-en-plataformas\/\",\"name\":\"Senado aprueba en primera lectura propina obligatoria del 10 % para pedidos en plataformas - EL GLOBAL INFORMATIVO\",\"isPartOf\":{\"@id\":\"https:\/\/elglobal.do\/#website\"},\"primaryImageOfPage\":{\"@id\":\"https:\/\/elglobal.do\/index.php\/2025\/10\/02\/senado-aprueba-en-primera-lectura-propina-obligatoria-del-10-para-pedidos-en-plataformas\/#primaryimage\"},\"image\":{\"@id\":\"https:\/\/elglobal.do\/index.php\/2025\/10\/02\/senado-aprueba-en-primera-lectura-propina-obligatoria-del-10-para-pedidos-en-plataformas\/#primaryimage\"},\"thumbnailUrl\":\"https:\/\/elglobal.do\/wp-content\/uploads\/2025\/10\/image-10.png\",\"datePublished\":\"2025-10-02T15:33:21+00:00\",\"dateModified\":\"2025-10-02T15:34:37+00:00\",\"breadcrumb\":{\"@id\":\"https:\/\/elglobal.do\/index.php\/2025\/10\/02\/senado-aprueba-en-primera-lectura-propina-obligatoria-del-10-para-pedidos-en-plataformas\/#breadcrumb\"},\"inLanguage\":\"es\",\"potentialAction\":[{\"@type\":\"ReadAction\",\"target\":[\"https:\/\/elglobal.do\/index.php\/2025\/10\/02\/senado-aprueba-en-primera-lectura-propina-obligatoria-del-10-para-pedidos-en-plataformas\/\"]}]},{\"@type\":\"ImageObject\",\"inLanguage\":\"es\",\"@id\":\"https:\/\/elglobal.do\/index.php\/2025\/10\/02\/senado-aprueba-en-primera-lectura-propina-obligatoria-del-10-para-pedidos-en-plataformas\/#primaryimage\",\"url\":\"https:\/\/elglobal.do\/wp-content\/uploads\/2025\/10\/image-10.png\",\"contentUrl\":\"https:\/\/elglobal.do\/wp-content\/uploads\/2025\/10\/image-10.png\",\"width\":896,\"height\":504},{\"@type\":\"BreadcrumbList\",\"@id\":\"https:\/\/elglobal.do\/index.php\/2025\/10\/02\/senado-aprueba-en-primera-lectura-propina-obligatoria-del-10-para-pedidos-en-plataformas\/#breadcrumb\",\"itemListElement\":[{\"@type\":\"ListItem\",\"position\":1,\"name\":\"Portada\",\"item\":\"https:\/\/elglobal.do\/\"},{\"@type\":\"ListItem\",\"position\":2,\"name\":\"Senado aprueba en primera lectura propina obligatoria del 10 % para pedidos en plataformas\"}]},{\"@type\":\"WebSite\",\"@id\":\"https:\/\/elglobal.do\/#website\",\"url\":\"https:\/\/elglobal.do\/\",\"name\":\"EL GLOBAL INFORMATIVO\",\"description\":\"Peri\u00f3dico digital de la Rep\u00fablica Dominicana que ofrece noticias, novedades, pol\u00edtica y las \u00faltimas actualidades, con informaci\u00f3n veraz y oportuna para mantenerte siempre informad\",\"publisher\":{\"@id\":\"https:\/\/elglobal.do\/#organization\"},\"potentialAction\":[{\"@type\":\"SearchAction\",\"target\":{\"@type\":\"EntryPoint\",\"urlTemplate\":\"https:\/\/elglobal.do\/?s={search_term_string}\"},\"query-input\":{\"@type\":\"PropertyValueSpecification\",\"valueRequired\":true,\"valueName\":\"search_term_string\"}}],\"inLanguage\":\"es\"},{\"@type\":\"Organization\",\"@id\":\"https:\/\/elglobal.do\/#organization\",\"name\":\"EL GLOBAL.DO INFORMATIVO\",\"url\":\"https:\/\/elglobal.do\/\",\"logo\":{\"@type\":\"ImageObject\",\"inLanguage\":\"es\",\"@id\":\"https:\/\/elglobal.do\/#\/schema\/logo\/image\/\",\"url\":\"https:\/\/elglobal.do\/wp-content\/uploads\/2025\/08\/icon.png\",\"contentUrl\":\"https:\/\/elglobal.do\/wp-content\/uploads\/2025\/08\/icon.png\",\"width\":512,\"height\":512,\"caption\":\"EL GLOBAL.DO INFORMATIVO\"},\"image\":{\"@id\":\"https:\/\/elglobal.do\/#\/schema\/logo\/image\/\"}},{\"@type\":\"Person\",\"@id\":\"https:\/\/elglobal.do\/#\/schema\/person\/0c97ec2c7714fb605d230c292f64d55f\",\"name\":\"EL GLOBAL\",\"image\":{\"@type\":\"ImageObject\",\"inLanguage\":\"es\",\"@id\":\"https:\/\/elglobal.do\/#\/schema\/person\/image\/\",\"url\":\"https:\/\/secure.gravatar.com\/avatar\/081cfb6cf99faddc6f4e23a0c11ab98c5cf302925382d1c88dc3ed757ab910a3?s=96&d=mm&r=g\",\"contentUrl\":\"https:\/\/secure.gravatar.com\/avatar\/081cfb6cf99faddc6f4e23a0c11ab98c5cf302925382d1c88dc3ed757ab910a3?s=96&d=mm&r=g\",\"caption\":\"EL GLOBAL\"},\"description\":\"El Global Informativo es un peri\u00f3dico digital de Rep\u00fablica Dominicana que se dedica a cubrir temas importantes, como la pol\u00edtica local, geopol\u00edtica, econom\u00eda, tecnolog\u00eda, noticias internacionales y eventos relacionados con la gesti\u00f3n social, cultural y humana. Su objetivo principal es mantener a la poblaci\u00f3n informada, ofreciendo una visi\u00f3n amplia y actualizada de lo que sucede tanto en el pa\u00eds como en el mundo. Est\u00e1 dirigido por un grupo de periodistas experimentados, lo que garantiza la calidad y la precisi\u00f3n de la informaci\u00f3n que ofrecen. Tiene su sede en la ciudad de Santo Domingo y es parte integral del portafolio de la empresa, MC Global S.R.L.\",\"sameAs\":[\"https:\/\/elglobal.do\",\"https:\/\/www.instagram.com\/elglobal.do_informativo\/\"],\"url\":\"https:\/\/elglobal.do\/index.php\/author\/elglobaluserpro\/\"}]}<\/script>\n<!-- \/ Yoast SEO plugin. -->","yoast_head_json":{"title":"Senado aprueba en primera lectura propina obligatoria del 10 % para pedidos en plataformas - EL GLOBAL INFORMATIVO","robots":{"index":"index","follow":"follow","max-snippet":"max-snippet:-1","max-image-preview":"max-image-preview:large","max-video-preview":"max-video-preview:-1"},"canonical":"https:\/\/elglobal.do\/index.php\/2025\/10\/02\/senado-aprueba-en-primera-lectura-propina-obligatoria-del-10-para-pedidos-en-plataformas\/","og_locale":"es_ES","og_type":"article","og_title":"Senado aprueba en primera lectura propina obligatoria del 10 % para pedidos en plataformas - EL GLOBAL INFORMATIVO","og_description":"Santo Domingo.-Con la aprobaci\u00f3n del proyecto de la\u00a0reforma laboral\u00a0en primera lectura en el\u00a0Senado, los legisladores introdujeron un cambio en la iniciativa para que la\u00a0propina legal obligatoria\u00a0del 10 % que se&hellip;","og_url":"https:\/\/elglobal.do\/index.php\/2025\/10\/02\/senado-aprueba-en-primera-lectura-propina-obligatoria-del-10-para-pedidos-en-plataformas\/","og_site_name":"EL GLOBAL INFORMATIVO","article_published_time":"2025-10-02T15:33:21+00:00","article_modified_time":"2025-10-02T15:34:37+00:00","og_image":[{"width":896,"height":504,"url":"https:\/\/elglobal.do\/wp-content\/uploads\/2025\/10\/image-10.png","type":"image\/png"}],"author":"EL GLOBAL","twitter_card":"summary_large_image","twitter_misc":{"Escrito por":"EL GLOBAL","Tiempo de lectura":"3 minutos"},"schema":{"@context":"https:\/\/schema.org","@graph":[{"@type":"Article","@id":"https:\/\/elglobal.do\/index.php\/2025\/10\/02\/senado-aprueba-en-primera-lectura-propina-obligatoria-del-10-para-pedidos-en-plataformas\/#article","isPartOf":{"@id":"https:\/\/elglobal.do\/index.php\/2025\/10\/02\/senado-aprueba-en-primera-lectura-propina-obligatoria-del-10-para-pedidos-en-plataformas\/"},"author":{"name":"EL GLOBAL","@id":"https:\/\/elglobal.do\/#\/schema\/person\/0c97ec2c7714fb605d230c292f64d55f"},"headline":"Senado aprueba en primera lectura propina obligatoria del 10 % para pedidos en plataformas","datePublished":"2025-10-02T15:33:21+00:00","dateModified":"2025-10-02T15:34:37+00:00","mainEntityOfPage":{"@id":"https:\/\/elglobal.do\/index.php\/2025\/10\/02\/senado-aprueba-en-primera-lectura-propina-obligatoria-del-10-para-pedidos-en-plataformas\/"},"wordCount":419,"commentCount":0,"publisher":{"@id":"https:\/\/elglobal.do\/#organization"},"image":{"@id":"https:\/\/elglobal.do\/index.php\/2025\/10\/02\/senado-aprueba-en-primera-lectura-propina-obligatoria-del-10-para-pedidos-en-plataformas\/#primaryimage"},"thumbnailUrl":"https:\/\/elglobal.do\/wp-content\/uploads\/2025\/10\/image-10.png","keywords":["#C\u00f3digodeTrabajo","#Lectura","#Propina","#Reformalaboral","#Senado"],"articleSection":["NACIONALES","NOTICIAS RELEVANTES"],"inLanguage":"es","potentialAction":[{"@type":"CommentAction","name":"Comment","target":["https:\/\/elglobal.do\/index.php\/2025\/10\/02\/senado-aprueba-en-primera-lectura-propina-obligatoria-del-10-para-pedidos-en-plataformas\/#respond"]}]},{"@type":"WebPage","@id":"https:\/\/elglobal.do\/index.php\/2025\/10\/02\/senado-aprueba-en-primera-lectura-propina-obligatoria-del-10-para-pedidos-en-plataformas\/","url":"https:\/\/elglobal.do\/index.php\/2025\/10\/02\/senado-aprueba-en-primera-lectura-propina-obligatoria-del-10-para-pedidos-en-plataformas\/","name":"Senado aprueba en primera lectura propina obligatoria del 10 % para pedidos en plataformas - EL GLOBAL INFORMATIVO","isPartOf":{"@id":"https:\/\/elglobal.do\/#website"},"primaryImageOfPage":{"@id":"https:\/\/elglobal.do\/index.php\/2025\/10\/02\/senado-aprueba-en-primera-lectura-propina-obligatoria-del-10-para-pedidos-en-plataformas\/#primaryimage"},"image":{"@id":"https:\/\/elglobal.do\/index.php\/2025\/10\/02\/senado-aprueba-en-primera-lectura-propina-obligatoria-del-10-para-pedidos-en-plataformas\/#primaryimage"},"thumbnailUrl":"https:\/\/elglobal.do\/wp-content\/uploads\/2025\/10\/image-10.png","datePublished":"2025-10-02T15:33:21+00:00","dateModified":"2025-10-02T15:34:37+00:00","breadcrumb":{"@id":"https:\/\/elglobal.do\/index.php\/2025\/10\/02\/senado-aprueba-en-primera-lectura-propina-obligatoria-del-10-para-pedidos-en-plataformas\/#breadcrumb"},"inLanguage":"es","potentialAction":[{"@type":"ReadAction","target":["https:\/\/elglobal.do\/index.php\/2025\/10\/02\/senado-aprueba-en-primera-lectura-propina-obligatoria-del-10-para-pedidos-en-plataformas\/"]}]},{"@type":"ImageObject","inLanguage":"es","@id":"https:\/\/elglobal.do\/index.php\/2025\/10\/02\/senado-aprueba-en-primera-lectura-propina-obligatoria-del-10-para-pedidos-en-plataformas\/#primaryimage","url":"https:\/\/elglobal.do\/wp-content\/uploads\/2025\/10\/image-10.png","contentUrl":"https:\/\/elglobal.do\/wp-content\/uploads\/2025\/10\/image-10.png","width":896,"height":504},{"@type":"BreadcrumbList","@id":"https:\/\/elglobal.do\/index.php\/2025\/10\/02\/senado-aprueba-en-primera-lectura-propina-obligatoria-del-10-para-pedidos-en-plataformas\/#breadcrumb","itemListElement":[{"@type":"ListItem","position":1,"name":"Portada","item":"https:\/\/elglobal.do\/"},{"@type":"ListItem","position":2,"name":"Senado aprueba en primera lectura propina obligatoria del 10 % para pedidos en plataformas"}]},{"@type":"WebSite","@id":"https:\/\/elglobal.do\/#website","url":"https:\/\/elglobal.do\/","name":"EL GLOBAL INFORMATIVO","description":"Peri\u00f3dico digital de la Rep\u00fablica Dominicana que ofrece noticias, novedades, pol\u00edtica y las \u00faltimas actualidades, con informaci\u00f3n veraz y oportuna para mantenerte siempre informad","publisher":{"@id":"https:\/\/elglobal.do\/#organization"},"potentialAction":[{"@type":"SearchAction","target":{"@type":"EntryPoint","urlTemplate":"https:\/\/elglobal.do\/?s={search_term_string}"},"query-input":{"@type":"PropertyValueSpecification","valueRequired":true,"valueName":"search_term_string"}}],"inLanguage":"es"},{"@type":"Organization","@id":"https:\/\/elglobal.do\/#organization","name":"EL GLOBAL.DO INFORMATIVO","url":"https:\/\/elglobal.do\/","logo":{"@type":"ImageObject","inLanguage":"es","@id":"https:\/\/elglobal.do\/#\/schema\/logo\/image\/","url":"https:\/\/elglobal.do\/wp-content\/uploads\/2025\/08\/icon.png","contentUrl":"https:\/\/elglobal.do\/wp-content\/uploads\/2025\/08\/icon.png","width":512,"height":512,"caption":"EL GLOBAL.DO INFORMATIVO"},"image":{"@id":"https:\/\/elglobal.do\/#\/schema\/logo\/image\/"}},{"@type":"Person","@id":"https:\/\/elglobal.do\/#\/schema\/person\/0c97ec2c7714fb605d230c292f64d55f","name":"EL GLOBAL","image":{"@type":"ImageObject","inLanguage":"es","@id":"https:\/\/elglobal.do\/#\/schema\/person\/image\/","url":"https:\/\/secure.gravatar.com\/avatar\/081cfb6cf99faddc6f4e23a0c11ab98c5cf302925382d1c88dc3ed757ab910a3?s=96&d=mm&r=g","contentUrl":"https:\/\/secure.gravatar.com\/avatar\/081cfb6cf99faddc6f4e23a0c11ab98c5cf302925382d1c88dc3ed757ab910a3?s=96&d=mm&r=g","caption":"EL GLOBAL"},"description":"El Global Informativo es un peri\u00f3dico digital de Rep\u00fablica Dominicana que se dedica a cubrir temas importantes, como la pol\u00edtica local, geopol\u00edtica, econom\u00eda, tecnolog\u00eda, noticias internacionales y eventos relacionados con la gesti\u00f3n social, cultural y humana. Su objetivo principal es mantener a la poblaci\u00f3n informada, ofreciendo una visi\u00f3n amplia y actualizada de lo que sucede tanto en el pa\u00eds como en el mundo. Est\u00e1 dirigido por un grupo de periodistas experimentados, lo que garantiza la calidad y la precisi\u00f3n de la informaci\u00f3n que ofrecen. Tiene su sede en la ciudad de Santo Domingo y es parte integral del portafolio de la empresa, MC Global S.R.L.","sameAs":["https:\/\/elglobal.do","https:\/\/www.instagram.com\/elglobal.do_informativo\/"],"url":"https:\/\/elglobal.do\/index.php\/author\/elglobaluserpro\/"}]}},"jetpack_featured_media_url":"https:\/\/elglobal.do\/wp-content\/uploads\/2025\/10\/image-10.png","jetpack_sharing_enabled":true,"_links":{"self":[{"href":"https:\/\/elglobal.do\/index.php\/wp-json\/wp\/v2\/posts\/2770","targetHints":{"allow":["GET"]}}],"collection":[{"href":"https:\/\/elglobal.do\/index.php\/wp-json\/wp\/v2\/posts"}],"about":[{"href":"https:\/\/elglobal.do\/index.php\/wp-json\/wp\/v2\/types\/post"}],"author":[{"embeddable":true,"href":"https:\/\/elglobal.do\/index.php\/wp-json\/wp\/v2\/users\/1"}],"replies":[{"embeddable":true,"href":"https:\/\/elglobal.do\/index.php\/wp-json\/wp\/v2\/comments?post=2770"}],"version-history":[{"count":1,"href":"https:\/\/elglobal.do\/index.php\/wp-json\/wp\/v2\/posts\/2770\/revisions"}],"predecessor-version":[{"id":2772,"href":"https:\/\/elglobal.do\/index.php\/wp-json\/wp\/v2\/posts\/2770\/revisions\/2772"}],"wp:featuredmedia":[{"embeddable":true,"href":"https:\/\/elglobal.do\/index.php\/wp-json\/wp\/v2\/media\/2771"}],"wp:attachment":[{"href":"https:\/\/elglobal.do\/index.php\/wp-json\/wp\/v2\/media?parent=2770"}],"wp:term":[{"taxonomy":"category","embeddable":true,"href":"https:\/\/elglobal.do\/index.php\/wp-json\/wp\/v2\/categories?post=2770"},{"taxonomy":"post_tag","embeddable":true,"href":"https:\/\/elglobal.do\/index.php\/wp-json\/wp\/v2\/tags?post=2770"}],"curies":[{"name":"wp","href":"https:\/\/api.w.org\/{rel}","templated":true}]}}