{"id":2825,"date":"2025-10-03T14:18:34","date_gmt":"2025-10-03T18:18:34","guid":{"rendered":"https:\/\/elglobal.do\/?p=2825"},"modified":"2025-10-03T14:19:35","modified_gmt":"2025-10-03T18:19:35","slug":"celebran-premio-nacional-a-la-persona-envejeciente","status":"publish","type":"post","link":"https:\/\/elglobal.do\/index.php\/2025\/10\/03\/celebran-premio-nacional-a-la-persona-envejeciente\/","title":{"rendered":"Celebran Premio Nacional a la Persona Envejeciente"},"content":{"rendered":"\n<figure class=\"wp-block-image size-large\"><img loading=\"lazy\" decoding=\"async\" width=\"1024\" height=\"708\" src=\"https:\/\/elglobal.do\/wp-content\/uploads\/2025\/10\/Entrega-1024x708.jpeg\" alt=\"\" class=\"wp-image-2826\" srcset=\"https:\/\/elglobal.do\/wp-content\/uploads\/2025\/10\/Entrega-1024x708.jpeg 1024w, https:\/\/elglobal.do\/wp-content\/uploads\/2025\/10\/Entrega-300x207.jpeg 300w, https:\/\/elglobal.do\/wp-content\/uploads\/2025\/10\/Entrega-768x531.jpeg 768w, https:\/\/elglobal.do\/wp-content\/uploads\/2025\/10\/Entrega-1536x1062.jpeg 1536w, https:\/\/elglobal.do\/wp-content\/uploads\/2025\/10\/Entrega.jpeg 1600w\" sizes=\"auto, (max-width: 1024px) 100vw, 1024px\" \/><\/figure>\n\n\n\n<p><strong>Santo Domingo. &#8211;<\/strong> El presidente Luis Abinader, junto a la primera dama Raquel Arbaje, encabez\u00f3 este viernes la sexta edici\u00f3n del Premio Anual \u00abProtector de la Persona Envejeciente\u00bb y \u00abAdulto Mayor\u00bb, que reconoce el altruismo y la dedicaci\u00f3n de los adultos mayores durante el a\u00f1o.<\/p>\n\n\n\n<p>Estos galardones constituyen un tributo de la naci\u00f3n a sus adultos mayores. El Premio \u201cProtector de la Persona Envejeciente\u201d distingue a la instituci\u00f3n cuyo compromiso solidario se convierte en ejemplo de servicio, mientras que el Premio \u201cAdulto Mayor del A\u00f1o\u201d honra a aquel hombre o mujer que, con su testimonio de esfuerzo, valores, superaci\u00f3n y referencia moral, enaltece la grandeza de esta etapa de la vida.<\/p>\n\n\n\n<p>El galard\u00f3n Adulto Mayor del A\u00f1o fue otorgado a la maestra Josefina Mini\u00f1o, por el m\u00e9rito de ser un ejemplo de un ejemplo de inspiraci\u00f3n para los adultos mayores activa y participativa, incansable en su destacada labor como maestra, bailarina y core\u00f3grafa, compartiendo sus \u00e9xitos, vivencias y saberes acumulados a lo largo de sus a\u00f1os con todas las generaciones, entregando lo que sabe hacer con pasi\u00f3n y amor, bailando.<\/p>\n\n\n\n<p>En tanto que, premio Protector de la Persona Envejeciente, fue otorgado a Sor Agripina Acosta, directora del Hogar de Ancianos Desvalidos La Sant\u00edsima Trinidad, por haber desarrollado durante ya 57 a\u00f1os una destacada labor de acogida, con cari\u00f1o a los adultos mayores desvalidos para asistirlos y cuidarlos en la construcci\u00f3n de una existencia plena y participativa, construyendo a su bienestar y contribuyendo a su calidad de vida en una estancia digna en sus a\u00f1os de adultos avanzada.<\/p>\n\n\n\n<p>Durante el acto, el director ejecutivo del Consejo Nacional de la Persona Envejeciente (CONAPE), Demetrio Antonio Vicente Ure\u00f1a, destac\u00f3 la importancia de honrar y proteger a los adultos mayores, resaltando su rol protag\u00f3nico en la sociedad y agradeci\u00f3 al presidente Luis Abinader, por el respaldo brindado a la instituci\u00f3n que dirige, asegurando que su gesti\u00f3n fortalece la misi\u00f3n institucional de garantizar que cada persona envejeciente sea respetada, escuchada y valorada.<\/p>\n\n\n\n<p>El funcionario resalt\u00f3 que, bajo el lema proclamado este a\u00f1o por las Naciones Unidas, \u201cLas personas de edad impulsan la acci\u00f3n local y mundial: nuestras aspiraciones, nuestro bienestar y nuestros derechos\u201d, el Consejo Nacional de la Persona Envejeciente reafirma su compromiso con la dignidad, la protecci\u00f3n y el bienestar de nuestros adultos mayores.<\/p>\n\n\n\n<p>\u201cLas personas envejecientes son semilla y ra\u00edz de nuestra historia. Han sido maestros, gu\u00edas, protectores y trabajadores incansables. Hoy m\u00e1s que nunca debemos reconocer que no son solo memoria, sino tambi\u00e9n presente activo, ciudadanos con sue\u00f1os, aspiraciones y derechos que debemos garantizar en cada pol\u00edtica p\u00fablica\u201d, expres\u00f3.<\/p>\n\n\n\n<p>La Gloria de la Danza Dominicana, Josefina Mini\u00f1o, manifest\u00f3 su profundo agradecimiento por el reconocimiento, el cual calific\u00f3 como un testimonio al valor de sus esfuerzos, dedicaci\u00f3n y entrega a lo largo de su vida y agreg\u00f3 que, con este galard\u00f3n quiere recordar que la edad no es un l\u00edmite, y que ser un adulto mayor activo representa el m\u00e1s alto rango que otorga la vida: la gran oportunidad de seguir creciendo y aportando a la sociedad.<\/p>\n\n\n\n<p>\u201cEste premio me honra, s\u00ed, me honra, no solo por mis logros personales, sino tambi\u00e9n por el legado de inspiraci\u00f3n que deseo dejar a las nuevas generaciones. Esta distinci\u00f3n la siento y la recibo como un est\u00edmulo para continuar con la misma pasi\u00f3n y entrega\u201d, expres\u00f3.<\/p>\n\n\n\n<p>Asimismo, Sor Agripina expres\u00f3 su agradecimiento al presidente Abinader por compromiso en poner al ser humano en el centro de las pol\u00edticas p\u00fablicas y a la primera dama Raquel Arbaje por su ternura y entrega en las causas sociales y dijo que, reciben este premio con inmensa gratitud este premio.<\/p>\n\n\n\n<p>\u00abRecibirlo en el Palacio Nacional, es signo de que c\u00f3mo naci\u00f3 andamos a la vida la dignidad y el cuidado de nuestros adultos mayores. Este reconocimiento no es solo para nuestro hogar, sino para cada anciano que nos recuerda que la vejez no es un peso sino un tesoro de sabidur\u00eda, historia y amor\u00bb.<\/p>\n\n\n\n<p>En el acto se rindi\u00f3 un minuto de silencio en honor a Mar\u00eda Cristina Camilo, primera locutora de radio y presentadora de televisi\u00f3n de la Rep\u00fablica Dominicana.<\/p>\n\n\n\n<p>Acompa\u00f1aron al presidente Abinader los ministros Administrativo de la Presidencia, Andr\u00e9s Bautista y de Salud P\u00fablica V\u00edctor Atallah.<\/p>\n\n\n\n<p><\/p>\n","protected":false},"excerpt":{"rendered":"<p>Santo Domingo. &#8211; El presidente Luis Abinader, junto a la primera dama Raquel Arbaje, encabez\u00f3 este viernes la sexta edici\u00f3n del Premio Anual \u00abProtector de la Persona Envejeciente\u00bb y \u00abAdulto&hellip; <\/p>\n","protected":false},"author":1,"featured_media":2826,"comment_status":"open","ping_status":"open","sticky":false,"template":"","format":"standard","meta":{"_jetpack_memberships_contains_paid_content":false,"footnotes":""},"categories":[40,14],"tags":[1545,1544,98,1546,1542,232,1543],"class_list":["post-2825","post","type-post","status-publish","format-standard","has-post-thumbnail","hentry","category-nacionales","category-slider","tag-adultomayor","tag-conape","tag-elglobalinformativo","tag-envejeciente","tag-josefinaminino","tag-premios","tag-soragripinaacosta"],"yoast_head":"<!-- This site is optimized with the Yoast SEO plugin v26.9 - https:\/\/yoast.com\/product\/yoast-seo-wordpress\/ -->\n<title>Celebran Premio Nacional a la Persona Envejeciente - EL GLOBAL INFORMATIVO<\/title>\n<meta name=\"robots\" content=\"index, follow, max-snippet:-1, max-image-preview:large, max-video-preview:-1\" \/>\n<link rel=\"canonical\" href=\"https:\/\/elglobal.do\/index.php\/2025\/10\/03\/celebran-premio-nacional-a-la-persona-envejeciente\/\" \/>\n<meta property=\"og:locale\" content=\"es_ES\" \/>\n<meta property=\"og:type\" content=\"article\" \/>\n<meta property=\"og:title\" content=\"Celebran Premio Nacional a la Persona Envejeciente - EL GLOBAL INFORMATIVO\" \/>\n<meta property=\"og:description\" content=\"Santo Domingo. &#8211; El presidente Luis Abinader, junto a la primera dama Raquel Arbaje, encabez\u00f3 este viernes la sexta edici\u00f3n del Premio Anual \u00abProtector de la Persona Envejeciente\u00bb y \u00abAdulto&hellip;\" \/>\n<meta property=\"og:url\" content=\"https:\/\/elglobal.do\/index.php\/2025\/10\/03\/celebran-premio-nacional-a-la-persona-envejeciente\/\" \/>\n<meta property=\"og:site_name\" content=\"EL GLOBAL INFORMATIVO\" \/>\n<meta property=\"article:published_time\" content=\"2025-10-03T18:18:34+00:00\" \/>\n<meta property=\"article:modified_time\" content=\"2025-10-03T18:19:35+00:00\" \/>\n<meta property=\"og:image\" content=\"https:\/\/elglobal.do\/wp-content\/uploads\/2025\/10\/Entrega.jpeg\" \/>\n\t<meta property=\"og:image:width\" content=\"1600\" \/>\n\t<meta property=\"og:image:height\" content=\"1106\" \/>\n\t<meta property=\"og:image:type\" content=\"image\/jpeg\" \/>\n<meta name=\"author\" content=\"EL GLOBAL\" \/>\n<meta name=\"twitter:card\" content=\"summary_large_image\" \/>\n<meta name=\"twitter:label1\" content=\"Escrito por\" \/>\n\t<meta name=\"twitter:data1\" content=\"EL GLOBAL\" \/>\n\t<meta name=\"twitter:label2\" content=\"Tiempo de lectura\" \/>\n\t<meta name=\"twitter:data2\" content=\"4 minutos\" \/>\n<script type=\"application\/ld+json\" class=\"yoast-schema-graph\">{\"@context\":\"https:\/\/schema.org\",\"@graph\":[{\"@type\":\"Article\",\"@id\":\"https:\/\/elglobal.do\/index.php\/2025\/10\/03\/celebran-premio-nacional-a-la-persona-envejeciente\/#article\",\"isPartOf\":{\"@id\":\"https:\/\/elglobal.do\/index.php\/2025\/10\/03\/celebran-premio-nacional-a-la-persona-envejeciente\/\"},\"author\":{\"name\":\"EL GLOBAL\",\"@id\":\"https:\/\/elglobal.do\/#\/schema\/person\/0c97ec2c7714fb605d230c292f64d55f\"},\"headline\":\"Celebran Premio Nacional a la Persona Envejeciente\",\"datePublished\":\"2025-10-03T18:18:34+00:00\",\"dateModified\":\"2025-10-03T18:19:35+00:00\",\"mainEntityOfPage\":{\"@id\":\"https:\/\/elglobal.do\/index.php\/2025\/10\/03\/celebran-premio-nacional-a-la-persona-envejeciente\/\"},\"wordCount\":761,\"commentCount\":0,\"publisher\":{\"@id\":\"https:\/\/elglobal.do\/#organization\"},\"image\":{\"@id\":\"https:\/\/elglobal.do\/index.php\/2025\/10\/03\/celebran-premio-nacional-a-la-persona-envejeciente\/#primaryimage\"},\"thumbnailUrl\":\"https:\/\/elglobal.do\/wp-content\/uploads\/2025\/10\/Entrega.jpeg\",\"keywords\":[\"#AdultoMayor\",\"#CONAPE\",\"#ElGlobalInformativo\",\"#Envejeciente\",\"#JosefinaMini\u00f1o\",\"#premios\",\"#SorAgripinaAcosta\"],\"articleSection\":[\"NACIONALES\",\"NOTICIAS RELEVANTES\"],\"inLanguage\":\"es\",\"potentialAction\":[{\"@type\":\"CommentAction\",\"name\":\"Comment\",\"target\":[\"https:\/\/elglobal.do\/index.php\/2025\/10\/03\/celebran-premio-nacional-a-la-persona-envejeciente\/#respond\"]}]},{\"@type\":\"WebPage\",\"@id\":\"https:\/\/elglobal.do\/index.php\/2025\/10\/03\/celebran-premio-nacional-a-la-persona-envejeciente\/\",\"url\":\"https:\/\/elglobal.do\/index.php\/2025\/10\/03\/celebran-premio-nacional-a-la-persona-envejeciente\/\",\"name\":\"Celebran Premio Nacional a la Persona Envejeciente - EL GLOBAL INFORMATIVO\",\"isPartOf\":{\"@id\":\"https:\/\/elglobal.do\/#website\"},\"primaryImageOfPage\":{\"@id\":\"https:\/\/elglobal.do\/index.php\/2025\/10\/03\/celebran-premio-nacional-a-la-persona-envejeciente\/#primaryimage\"},\"image\":{\"@id\":\"https:\/\/elglobal.do\/index.php\/2025\/10\/03\/celebran-premio-nacional-a-la-persona-envejeciente\/#primaryimage\"},\"thumbnailUrl\":\"https:\/\/elglobal.do\/wp-content\/uploads\/2025\/10\/Entrega.jpeg\",\"datePublished\":\"2025-10-03T18:18:34+00:00\",\"dateModified\":\"2025-10-03T18:19:35+00:00\",\"breadcrumb\":{\"@id\":\"https:\/\/elglobal.do\/index.php\/2025\/10\/03\/celebran-premio-nacional-a-la-persona-envejeciente\/#breadcrumb\"},\"inLanguage\":\"es\",\"potentialAction\":[{\"@type\":\"ReadAction\",\"target\":[\"https:\/\/elglobal.do\/index.php\/2025\/10\/03\/celebran-premio-nacional-a-la-persona-envejeciente\/\"]}]},{\"@type\":\"ImageObject\",\"inLanguage\":\"es\",\"@id\":\"https:\/\/elglobal.do\/index.php\/2025\/10\/03\/celebran-premio-nacional-a-la-persona-envejeciente\/#primaryimage\",\"url\":\"https:\/\/elglobal.do\/wp-content\/uploads\/2025\/10\/Entrega.jpeg\",\"contentUrl\":\"https:\/\/elglobal.do\/wp-content\/uploads\/2025\/10\/Entrega.jpeg\",\"width\":1600,\"height\":1106},{\"@type\":\"BreadcrumbList\",\"@id\":\"https:\/\/elglobal.do\/index.php\/2025\/10\/03\/celebran-premio-nacional-a-la-persona-envejeciente\/#breadcrumb\",\"itemListElement\":[{\"@type\":\"ListItem\",\"position\":1,\"name\":\"Portada\",\"item\":\"https:\/\/elglobal.do\/\"},{\"@type\":\"ListItem\",\"position\":2,\"name\":\"Celebran Premio Nacional a la Persona Envejeciente\"}]},{\"@type\":\"WebSite\",\"@id\":\"https:\/\/elglobal.do\/#website\",\"url\":\"https:\/\/elglobal.do\/\",\"name\":\"EL GLOBAL INFORMATIVO\",\"description\":\"Peri\u00f3dico digital de la Rep\u00fablica Dominicana que ofrece noticias, novedades, pol\u00edtica y las \u00faltimas actualidades, con informaci\u00f3n veraz y oportuna para mantenerte siempre informad\",\"publisher\":{\"@id\":\"https:\/\/elglobal.do\/#organization\"},\"potentialAction\":[{\"@type\":\"SearchAction\",\"target\":{\"@type\":\"EntryPoint\",\"urlTemplate\":\"https:\/\/elglobal.do\/?s={search_term_string}\"},\"query-input\":{\"@type\":\"PropertyValueSpecification\",\"valueRequired\":true,\"valueName\":\"search_term_string\"}}],\"inLanguage\":\"es\"},{\"@type\":\"Organization\",\"@id\":\"https:\/\/elglobal.do\/#organization\",\"name\":\"EL GLOBAL.DO INFORMATIVO\",\"url\":\"https:\/\/elglobal.do\/\",\"logo\":{\"@type\":\"ImageObject\",\"inLanguage\":\"es\",\"@id\":\"https:\/\/elglobal.do\/#\/schema\/logo\/image\/\",\"url\":\"https:\/\/elglobal.do\/wp-content\/uploads\/2025\/08\/icon.png\",\"contentUrl\":\"https:\/\/elglobal.do\/wp-content\/uploads\/2025\/08\/icon.png\",\"width\":512,\"height\":512,\"caption\":\"EL GLOBAL.DO INFORMATIVO\"},\"image\":{\"@id\":\"https:\/\/elglobal.do\/#\/schema\/logo\/image\/\"}},{\"@type\":\"Person\",\"@id\":\"https:\/\/elglobal.do\/#\/schema\/person\/0c97ec2c7714fb605d230c292f64d55f\",\"name\":\"EL GLOBAL\",\"image\":{\"@type\":\"ImageObject\",\"inLanguage\":\"es\",\"@id\":\"https:\/\/elglobal.do\/#\/schema\/person\/image\/\",\"url\":\"https:\/\/secure.gravatar.com\/avatar\/081cfb6cf99faddc6f4e23a0c11ab98c5cf302925382d1c88dc3ed757ab910a3?s=96&d=mm&r=g\",\"contentUrl\":\"https:\/\/secure.gravatar.com\/avatar\/081cfb6cf99faddc6f4e23a0c11ab98c5cf302925382d1c88dc3ed757ab910a3?s=96&d=mm&r=g\",\"caption\":\"EL GLOBAL\"},\"description\":\"El Global Informativo es un peri\u00f3dico digital de Rep\u00fablica Dominicana que se dedica a cubrir temas importantes, como la pol\u00edtica local, geopol\u00edtica, econom\u00eda, tecnolog\u00eda, noticias internacionales y eventos relacionados con la gesti\u00f3n social, cultural y humana. Su objetivo principal es mantener a la poblaci\u00f3n informada, ofreciendo una visi\u00f3n amplia y actualizada de lo que sucede tanto en el pa\u00eds como en el mundo. Est\u00e1 dirigido por un grupo de periodistas experimentados, lo que garantiza la calidad y la precisi\u00f3n de la informaci\u00f3n que ofrecen. Tiene su sede en la ciudad de Santo Domingo y es parte integral del portafolio de la empresa, MC Global S.R.L.\",\"sameAs\":[\"https:\/\/elglobal.do\",\"https:\/\/www.instagram.com\/elglobal.do_informativo\/\"],\"url\":\"https:\/\/elglobal.do\/index.php\/author\/elglobaluserpro\/\"}]}<\/script>\n<!-- \/ Yoast SEO plugin. -->","yoast_head_json":{"title":"Celebran Premio Nacional a la Persona Envejeciente - EL GLOBAL INFORMATIVO","robots":{"index":"index","follow":"follow","max-snippet":"max-snippet:-1","max-image-preview":"max-image-preview:large","max-video-preview":"max-video-preview:-1"},"canonical":"https:\/\/elglobal.do\/index.php\/2025\/10\/03\/celebran-premio-nacional-a-la-persona-envejeciente\/","og_locale":"es_ES","og_type":"article","og_title":"Celebran Premio Nacional a la Persona Envejeciente - EL GLOBAL INFORMATIVO","og_description":"Santo Domingo. &#8211; El presidente Luis Abinader, junto a la primera dama Raquel Arbaje, encabez\u00f3 este viernes la sexta edici\u00f3n del Premio Anual \u00abProtector de la Persona Envejeciente\u00bb y \u00abAdulto&hellip;","og_url":"https:\/\/elglobal.do\/index.php\/2025\/10\/03\/celebran-premio-nacional-a-la-persona-envejeciente\/","og_site_name":"EL GLOBAL INFORMATIVO","article_published_time":"2025-10-03T18:18:34+00:00","article_modified_time":"2025-10-03T18:19:35+00:00","og_image":[{"width":1600,"height":1106,"url":"https:\/\/elglobal.do\/wp-content\/uploads\/2025\/10\/Entrega.jpeg","type":"image\/jpeg"}],"author":"EL GLOBAL","twitter_card":"summary_large_image","twitter_misc":{"Escrito por":"EL GLOBAL","Tiempo de lectura":"4 minutos"},"schema":{"@context":"https:\/\/schema.org","@graph":[{"@type":"Article","@id":"https:\/\/elglobal.do\/index.php\/2025\/10\/03\/celebran-premio-nacional-a-la-persona-envejeciente\/#article","isPartOf":{"@id":"https:\/\/elglobal.do\/index.php\/2025\/10\/03\/celebran-premio-nacional-a-la-persona-envejeciente\/"},"author":{"name":"EL GLOBAL","@id":"https:\/\/elglobal.do\/#\/schema\/person\/0c97ec2c7714fb605d230c292f64d55f"},"headline":"Celebran Premio Nacional a la Persona Envejeciente","datePublished":"2025-10-03T18:18:34+00:00","dateModified":"2025-10-03T18:19:35+00:00","mainEntityOfPage":{"@id":"https:\/\/elglobal.do\/index.php\/2025\/10\/03\/celebran-premio-nacional-a-la-persona-envejeciente\/"},"wordCount":761,"commentCount":0,"publisher":{"@id":"https:\/\/elglobal.do\/#organization"},"image":{"@id":"https:\/\/elglobal.do\/index.php\/2025\/10\/03\/celebran-premio-nacional-a-la-persona-envejeciente\/#primaryimage"},"thumbnailUrl":"https:\/\/elglobal.do\/wp-content\/uploads\/2025\/10\/Entrega.jpeg","keywords":["#AdultoMayor","#CONAPE","#ElGlobalInformativo","#Envejeciente","#JosefinaMini\u00f1o","#premios","#SorAgripinaAcosta"],"articleSection":["NACIONALES","NOTICIAS RELEVANTES"],"inLanguage":"es","potentialAction":[{"@type":"CommentAction","name":"Comment","target":["https:\/\/elglobal.do\/index.php\/2025\/10\/03\/celebran-premio-nacional-a-la-persona-envejeciente\/#respond"]}]},{"@type":"WebPage","@id":"https:\/\/elglobal.do\/index.php\/2025\/10\/03\/celebran-premio-nacional-a-la-persona-envejeciente\/","url":"https:\/\/elglobal.do\/index.php\/2025\/10\/03\/celebran-premio-nacional-a-la-persona-envejeciente\/","name":"Celebran Premio Nacional a la Persona Envejeciente - EL GLOBAL INFORMATIVO","isPartOf":{"@id":"https:\/\/elglobal.do\/#website"},"primaryImageOfPage":{"@id":"https:\/\/elglobal.do\/index.php\/2025\/10\/03\/celebran-premio-nacional-a-la-persona-envejeciente\/#primaryimage"},"image":{"@id":"https:\/\/elglobal.do\/index.php\/2025\/10\/03\/celebran-premio-nacional-a-la-persona-envejeciente\/#primaryimage"},"thumbnailUrl":"https:\/\/elglobal.do\/wp-content\/uploads\/2025\/10\/Entrega.jpeg","datePublished":"2025-10-03T18:18:34+00:00","dateModified":"2025-10-03T18:19:35+00:00","breadcrumb":{"@id":"https:\/\/elglobal.do\/index.php\/2025\/10\/03\/celebran-premio-nacional-a-la-persona-envejeciente\/#breadcrumb"},"inLanguage":"es","potentialAction":[{"@type":"ReadAction","target":["https:\/\/elglobal.do\/index.php\/2025\/10\/03\/celebran-premio-nacional-a-la-persona-envejeciente\/"]}]},{"@type":"ImageObject","inLanguage":"es","@id":"https:\/\/elglobal.do\/index.php\/2025\/10\/03\/celebran-premio-nacional-a-la-persona-envejeciente\/#primaryimage","url":"https:\/\/elglobal.do\/wp-content\/uploads\/2025\/10\/Entrega.jpeg","contentUrl":"https:\/\/elglobal.do\/wp-content\/uploads\/2025\/10\/Entrega.jpeg","width":1600,"height":1106},{"@type":"BreadcrumbList","@id":"https:\/\/elglobal.do\/index.php\/2025\/10\/03\/celebran-premio-nacional-a-la-persona-envejeciente\/#breadcrumb","itemListElement":[{"@type":"ListItem","position":1,"name":"Portada","item":"https:\/\/elglobal.do\/"},{"@type":"ListItem","position":2,"name":"Celebran Premio Nacional a la Persona Envejeciente"}]},{"@type":"WebSite","@id":"https:\/\/elglobal.do\/#website","url":"https:\/\/elglobal.do\/","name":"EL GLOBAL INFORMATIVO","description":"Peri\u00f3dico digital de la Rep\u00fablica Dominicana que ofrece noticias, novedades, pol\u00edtica y las \u00faltimas actualidades, con informaci\u00f3n veraz y oportuna para mantenerte siempre informad","publisher":{"@id":"https:\/\/elglobal.do\/#organization"},"potentialAction":[{"@type":"SearchAction","target":{"@type":"EntryPoint","urlTemplate":"https:\/\/elglobal.do\/?s={search_term_string}"},"query-input":{"@type":"PropertyValueSpecification","valueRequired":true,"valueName":"search_term_string"}}],"inLanguage":"es"},{"@type":"Organization","@id":"https:\/\/elglobal.do\/#organization","name":"EL GLOBAL.DO INFORMATIVO","url":"https:\/\/elglobal.do\/","logo":{"@type":"ImageObject","inLanguage":"es","@id":"https:\/\/elglobal.do\/#\/schema\/logo\/image\/","url":"https:\/\/elglobal.do\/wp-content\/uploads\/2025\/08\/icon.png","contentUrl":"https:\/\/elglobal.do\/wp-content\/uploads\/2025\/08\/icon.png","width":512,"height":512,"caption":"EL GLOBAL.DO INFORMATIVO"},"image":{"@id":"https:\/\/elglobal.do\/#\/schema\/logo\/image\/"}},{"@type":"Person","@id":"https:\/\/elglobal.do\/#\/schema\/person\/0c97ec2c7714fb605d230c292f64d55f","name":"EL GLOBAL","image":{"@type":"ImageObject","inLanguage":"es","@id":"https:\/\/elglobal.do\/#\/schema\/person\/image\/","url":"https:\/\/secure.gravatar.com\/avatar\/081cfb6cf99faddc6f4e23a0c11ab98c5cf302925382d1c88dc3ed757ab910a3?s=96&d=mm&r=g","contentUrl":"https:\/\/secure.gravatar.com\/avatar\/081cfb6cf99faddc6f4e23a0c11ab98c5cf302925382d1c88dc3ed757ab910a3?s=96&d=mm&r=g","caption":"EL GLOBAL"},"description":"El Global Informativo es un peri\u00f3dico digital de Rep\u00fablica Dominicana que se dedica a cubrir temas importantes, como la pol\u00edtica local, geopol\u00edtica, econom\u00eda, tecnolog\u00eda, noticias internacionales y eventos relacionados con la gesti\u00f3n social, cultural y humana. Su objetivo principal es mantener a la poblaci\u00f3n informada, ofreciendo una visi\u00f3n amplia y actualizada de lo que sucede tanto en el pa\u00eds como en el mundo. Est\u00e1 dirigido por un grupo de periodistas experimentados, lo que garantiza la calidad y la precisi\u00f3n de la informaci\u00f3n que ofrecen. Tiene su sede en la ciudad de Santo Domingo y es parte integral del portafolio de la empresa, MC Global S.R.L.","sameAs":["https:\/\/elglobal.do","https:\/\/www.instagram.com\/elglobal.do_informativo\/"],"url":"https:\/\/elglobal.do\/index.php\/author\/elglobaluserpro\/"}]}},"jetpack_featured_media_url":"https:\/\/elglobal.do\/wp-content\/uploads\/2025\/10\/Entrega.jpeg","jetpack_sharing_enabled":true,"_links":{"self":[{"href":"https:\/\/elglobal.do\/index.php\/wp-json\/wp\/v2\/posts\/2825","targetHints":{"allow":["GET"]}}],"collection":[{"href":"https:\/\/elglobal.do\/index.php\/wp-json\/wp\/v2\/posts"}],"about":[{"href":"https:\/\/elglobal.do\/index.php\/wp-json\/wp\/v2\/types\/post"}],"author":[{"embeddable":true,"href":"https:\/\/elglobal.do\/index.php\/wp-json\/wp\/v2\/users\/1"}],"replies":[{"embeddable":true,"href":"https:\/\/elglobal.do\/index.php\/wp-json\/wp\/v2\/comments?post=2825"}],"version-history":[{"count":2,"href":"https:\/\/elglobal.do\/index.php\/wp-json\/wp\/v2\/posts\/2825\/revisions"}],"predecessor-version":[{"id":2828,"href":"https:\/\/elglobal.do\/index.php\/wp-json\/wp\/v2\/posts\/2825\/revisions\/2828"}],"wp:featuredmedia":[{"embeddable":true,"href":"https:\/\/elglobal.do\/index.php\/wp-json\/wp\/v2\/media\/2826"}],"wp:attachment":[{"href":"https:\/\/elglobal.do\/index.php\/wp-json\/wp\/v2\/media?parent=2825"}],"wp:term":[{"taxonomy":"category","embeddable":true,"href":"https:\/\/elglobal.do\/index.php\/wp-json\/wp\/v2\/categories?post=2825"},{"taxonomy":"post_tag","embeddable":true,"href":"https:\/\/elglobal.do\/index.php\/wp-json\/wp\/v2\/tags?post=2825"}],"curies":[{"name":"wp","href":"https:\/\/api.w.org\/{rel}","templated":true}]}}