{"id":2839,"date":"2025-10-04T21:51:55","date_gmt":"2025-10-05T01:51:55","guid":{"rendered":"https:\/\/elglobal.do\/?p=2839"},"modified":"2025-10-04T21:55:43","modified_gmt":"2025-10-05T01:55:43","slug":"camara-de-cuentas-aprueba-nuevas-auditorias","status":"publish","type":"post","link":"https:\/\/elglobal.do\/index.php\/2025\/10\/04\/camara-de-cuentas-aprueba-nuevas-auditorias\/","title":{"rendered":"C\u00e1mara de Cuentas aprueba nuevas auditor\u00edas"},"content":{"rendered":"\n<figure class=\"wp-block-image size-large\"><img loading=\"lazy\" decoding=\"async\" width=\"1024\" height=\"550\" src=\"https:\/\/elglobal.do\/wp-content\/uploads\/2025\/10\/Camara-1024x550.jpeg\" alt=\"\" class=\"wp-image-2840\" srcset=\"https:\/\/elglobal.do\/wp-content\/uploads\/2025\/10\/Camara-1024x550.jpeg 1024w, https:\/\/elglobal.do\/wp-content\/uploads\/2025\/10\/Camara-300x161.jpeg 300w, https:\/\/elglobal.do\/wp-content\/uploads\/2025\/10\/Camara-768x412.jpeg 768w, https:\/\/elglobal.do\/wp-content\/uploads\/2025\/10\/Camara.jpeg 1481w\" sizes=\"auto, (max-width: 1024px) 100vw, 1024px\" \/><\/figure>\n\n\n\n<p><strong>Santo Domingo. \u2013<\/strong> La C\u00e1mara de Cuentas de la Rep\u00fablica Dominicana, aprob\u00f3 cuatro nuevos informes de fiscalizaci\u00f3n y control, en su decimoctava sesi\u00f3n ordinaria. Esta decisi\u00f3n reafirma el compromiso de sus miembros con el rol institucional del \u00f3rgano, as\u00ed como con la transparencia y la administraci\u00f3n responsable de los recursos p\u00fablicos.<\/p>\n\n\n\n<p>Las auditor\u00edas aprobadas corresponden a la Fiscal\u00eda del Distrito Nacional, el Ayuntamiento Municipal de Yaguate, el Programa de Medicamentos Esenciales\/Central de Apoyo Log\u00edstico (PROMESE\/CAL) y el Ministerio de Hacienda. Todos los informes fueron elaborados conforme a lo dispuesto en la Constituci\u00f3n de la Rep\u00fablica y en la Ley n\u00fam. 18-24 sobre Fiscalizaci\u00f3n y Control del Estado, y cada uno cuenta con su respectivo informe legal.<\/p>\n\n\n\n<p>&#8211; Fiscal\u00eda del Distrito Nacional: auditor\u00eda especial a los fondos manejados en el per\u00edodo del 21 de septiembre de 2018 al 31 de diciembre de 2021.<\/p>\n\n\n\n<p>&#8211; Ayuntamiento Municipal de Yaguate: evaluaci\u00f3n de los resultados de ejecuci\u00f3n de las informaciones financieras contenidas en los estados de ejecuci\u00f3n presupuestaria, correspondientes al per\u00edodo del 1.\u00ba de enero de 2013 al 31 de diciembre de 2016.<\/p>\n\n\n\n<p>&#8211; PROMESE\/CAL: control y verificaci\u00f3n de los estados financieros en el per\u00edodo comprendido entre el       1.\u00ba de enero de 2016 y el 31 de diciembre de 2017.<\/p>\n\n\n\n<p>&#8211; Ministerio de Hacienda: investigaci\u00f3n especial correspondiente al per\u00edodo del 16 de agosto de 2016 al 16 de agosto de 2020.<\/p>\n\n\n\n<p>Con estas nuevas aprobaciones, la C\u00e1mara de Cuentas contin\u00faa impulsando la transparencia, y suma un total de 40 informes de auditor\u00eda en apenas cinco meses de gesti\u00f3n del actual Pleno, encabezado por su presidenta, la doctora Emma Polanco Melo. Este desempe\u00f1o constituye una muestra fehaciente de la eficiencia de sus integrantes y, sobre todo, una prueba clara e irrebatible del compromiso de la instituci\u00f3n con la transparencia, la rendici\u00f3n de cuentas y la fiscalizaci\u00f3n responsable del erario, en estricto apego a la Constituci\u00f3n y a la Ley n\u00fam. 18-24.<\/p>\n","protected":false},"excerpt":{"rendered":"<p>Santo Domingo. \u2013 La C\u00e1mara de Cuentas de la Rep\u00fablica Dominicana, aprob\u00f3 cuatro nuevos informes de fiscalizaci\u00f3n y control, en su decimoctava sesi\u00f3n ordinaria. Esta decisi\u00f3n reafirma el compromiso de&hellip; <\/p>\n","protected":false},"author":1,"featured_media":2840,"comment_status":"open","ping_status":"open","sticky":false,"template":"","format":"standard","meta":{"_jetpack_memberships_contains_paid_content":false,"footnotes":""},"categories":[40,14],"tags":[1553,98,1554],"class_list":["post-2839","post","type-post","status-publish","format-standard","has-post-thumbnail","hentry","category-nacionales","category-slider","tag-camaradecuentas","tag-elglobalinformativo","tag-nuevasauditorias"],"yoast_head":"<!-- This site is optimized with the Yoast SEO plugin v26.9 - https:\/\/yoast.com\/product\/yoast-seo-wordpress\/ -->\n<title>C\u00e1mara de Cuentas aprueba nuevas auditor\u00edas - EL GLOBAL INFORMATIVO<\/title>\n<meta name=\"robots\" content=\"index, follow, max-snippet:-1, max-image-preview:large, max-video-preview:-1\" \/>\n<link rel=\"canonical\" href=\"https:\/\/elglobal.do\/index.php\/2025\/10\/04\/camara-de-cuentas-aprueba-nuevas-auditorias\/\" \/>\n<meta property=\"og:locale\" content=\"es_ES\" \/>\n<meta property=\"og:type\" content=\"article\" \/>\n<meta property=\"og:title\" content=\"C\u00e1mara de Cuentas aprueba nuevas auditor\u00edas - EL GLOBAL INFORMATIVO\" \/>\n<meta property=\"og:description\" content=\"Santo Domingo. \u2013 La C\u00e1mara de Cuentas de la Rep\u00fablica Dominicana, aprob\u00f3 cuatro nuevos informes de fiscalizaci\u00f3n y control, en su decimoctava sesi\u00f3n ordinaria. Esta decisi\u00f3n reafirma el compromiso de&hellip;\" \/>\n<meta property=\"og:url\" content=\"https:\/\/elglobal.do\/index.php\/2025\/10\/04\/camara-de-cuentas-aprueba-nuevas-auditorias\/\" \/>\n<meta property=\"og:site_name\" content=\"EL GLOBAL INFORMATIVO\" \/>\n<meta property=\"article:published_time\" content=\"2025-10-05T01:51:55+00:00\" \/>\n<meta property=\"article:modified_time\" content=\"2025-10-05T01:55:43+00:00\" \/>\n<meta property=\"og:image\" content=\"https:\/\/elglobal.do\/wp-content\/uploads\/2025\/10\/Camara.jpeg\" \/>\n\t<meta property=\"og:image:width\" content=\"1481\" \/>\n\t<meta property=\"og:image:height\" content=\"795\" \/>\n\t<meta property=\"og:image:type\" content=\"image\/jpeg\" \/>\n<meta name=\"author\" content=\"EL GLOBAL\" \/>\n<meta name=\"twitter:card\" content=\"summary_large_image\" \/>\n<meta name=\"twitter:label1\" content=\"Escrito por\" \/>\n\t<meta name=\"twitter:data1\" content=\"EL GLOBAL\" \/>\n\t<meta name=\"twitter:label2\" content=\"Tiempo de lectura\" \/>\n\t<meta name=\"twitter:data2\" content=\"2 minutos\" \/>\n<script type=\"application\/ld+json\" class=\"yoast-schema-graph\">{\"@context\":\"https:\/\/schema.org\",\"@graph\":[{\"@type\":\"Article\",\"@id\":\"https:\/\/elglobal.do\/index.php\/2025\/10\/04\/camara-de-cuentas-aprueba-nuevas-auditorias\/#article\",\"isPartOf\":{\"@id\":\"https:\/\/elglobal.do\/index.php\/2025\/10\/04\/camara-de-cuentas-aprueba-nuevas-auditorias\/\"},\"author\":{\"name\":\"EL GLOBAL\",\"@id\":\"https:\/\/elglobal.do\/#\/schema\/person\/0c97ec2c7714fb605d230c292f64d55f\"},\"headline\":\"C\u00e1mara de Cuentas aprueba nuevas auditor\u00edas\",\"datePublished\":\"2025-10-05T01:51:55+00:00\",\"dateModified\":\"2025-10-05T01:55:43+00:00\",\"mainEntityOfPage\":{\"@id\":\"https:\/\/elglobal.do\/index.php\/2025\/10\/04\/camara-de-cuentas-aprueba-nuevas-auditorias\/\"},\"wordCount\":344,\"commentCount\":0,\"publisher\":{\"@id\":\"https:\/\/elglobal.do\/#organization\"},\"image\":{\"@id\":\"https:\/\/elglobal.do\/index.php\/2025\/10\/04\/camara-de-cuentas-aprueba-nuevas-auditorias\/#primaryimage\"},\"thumbnailUrl\":\"https:\/\/elglobal.do\/wp-content\/uploads\/2025\/10\/Camara.jpeg\",\"keywords\":[\"#C\u00e1maradeCuentas\",\"#ElGlobalInformativo\",\"#nuevasauditor\u00edas\"],\"articleSection\":[\"NACIONALES\",\"NOTICIAS RELEVANTES\"],\"inLanguage\":\"es\",\"potentialAction\":[{\"@type\":\"CommentAction\",\"name\":\"Comment\",\"target\":[\"https:\/\/elglobal.do\/index.php\/2025\/10\/04\/camara-de-cuentas-aprueba-nuevas-auditorias\/#respond\"]}]},{\"@type\":\"WebPage\",\"@id\":\"https:\/\/elglobal.do\/index.php\/2025\/10\/04\/camara-de-cuentas-aprueba-nuevas-auditorias\/\",\"url\":\"https:\/\/elglobal.do\/index.php\/2025\/10\/04\/camara-de-cuentas-aprueba-nuevas-auditorias\/\",\"name\":\"C\u00e1mara de Cuentas aprueba nuevas auditor\u00edas - EL GLOBAL INFORMATIVO\",\"isPartOf\":{\"@id\":\"https:\/\/elglobal.do\/#website\"},\"primaryImageOfPage\":{\"@id\":\"https:\/\/elglobal.do\/index.php\/2025\/10\/04\/camara-de-cuentas-aprueba-nuevas-auditorias\/#primaryimage\"},\"image\":{\"@id\":\"https:\/\/elglobal.do\/index.php\/2025\/10\/04\/camara-de-cuentas-aprueba-nuevas-auditorias\/#primaryimage\"},\"thumbnailUrl\":\"https:\/\/elglobal.do\/wp-content\/uploads\/2025\/10\/Camara.jpeg\",\"datePublished\":\"2025-10-05T01:51:55+00:00\",\"dateModified\":\"2025-10-05T01:55:43+00:00\",\"breadcrumb\":{\"@id\":\"https:\/\/elglobal.do\/index.php\/2025\/10\/04\/camara-de-cuentas-aprueba-nuevas-auditorias\/#breadcrumb\"},\"inLanguage\":\"es\",\"potentialAction\":[{\"@type\":\"ReadAction\",\"target\":[\"https:\/\/elglobal.do\/index.php\/2025\/10\/04\/camara-de-cuentas-aprueba-nuevas-auditorias\/\"]}]},{\"@type\":\"ImageObject\",\"inLanguage\":\"es\",\"@id\":\"https:\/\/elglobal.do\/index.php\/2025\/10\/04\/camara-de-cuentas-aprueba-nuevas-auditorias\/#primaryimage\",\"url\":\"https:\/\/elglobal.do\/wp-content\/uploads\/2025\/10\/Camara.jpeg\",\"contentUrl\":\"https:\/\/elglobal.do\/wp-content\/uploads\/2025\/10\/Camara.jpeg\",\"width\":1481,\"height\":795},{\"@type\":\"BreadcrumbList\",\"@id\":\"https:\/\/elglobal.do\/index.php\/2025\/10\/04\/camara-de-cuentas-aprueba-nuevas-auditorias\/#breadcrumb\",\"itemListElement\":[{\"@type\":\"ListItem\",\"position\":1,\"name\":\"Portada\",\"item\":\"https:\/\/elglobal.do\/\"},{\"@type\":\"ListItem\",\"position\":2,\"name\":\"C\u00e1mara de Cuentas aprueba nuevas auditor\u00edas\"}]},{\"@type\":\"WebSite\",\"@id\":\"https:\/\/elglobal.do\/#website\",\"url\":\"https:\/\/elglobal.do\/\",\"name\":\"EL GLOBAL INFORMATIVO\",\"description\":\"Peri\u00f3dico digital de la Rep\u00fablica Dominicana que ofrece noticias, novedades, pol\u00edtica y las \u00faltimas actualidades, con informaci\u00f3n veraz y oportuna para mantenerte siempre informad\",\"publisher\":{\"@id\":\"https:\/\/elglobal.do\/#organization\"},\"potentialAction\":[{\"@type\":\"SearchAction\",\"target\":{\"@type\":\"EntryPoint\",\"urlTemplate\":\"https:\/\/elglobal.do\/?s={search_term_string}\"},\"query-input\":{\"@type\":\"PropertyValueSpecification\",\"valueRequired\":true,\"valueName\":\"search_term_string\"}}],\"inLanguage\":\"es\"},{\"@type\":\"Organization\",\"@id\":\"https:\/\/elglobal.do\/#organization\",\"name\":\"EL GLOBAL.DO INFORMATIVO\",\"url\":\"https:\/\/elglobal.do\/\",\"logo\":{\"@type\":\"ImageObject\",\"inLanguage\":\"es\",\"@id\":\"https:\/\/elglobal.do\/#\/schema\/logo\/image\/\",\"url\":\"https:\/\/elglobal.do\/wp-content\/uploads\/2025\/08\/icon.png\",\"contentUrl\":\"https:\/\/elglobal.do\/wp-content\/uploads\/2025\/08\/icon.png\",\"width\":512,\"height\":512,\"caption\":\"EL GLOBAL.DO INFORMATIVO\"},\"image\":{\"@id\":\"https:\/\/elglobal.do\/#\/schema\/logo\/image\/\"}},{\"@type\":\"Person\",\"@id\":\"https:\/\/elglobal.do\/#\/schema\/person\/0c97ec2c7714fb605d230c292f64d55f\",\"name\":\"EL GLOBAL\",\"image\":{\"@type\":\"ImageObject\",\"inLanguage\":\"es\",\"@id\":\"https:\/\/elglobal.do\/#\/schema\/person\/image\/\",\"url\":\"https:\/\/secure.gravatar.com\/avatar\/081cfb6cf99faddc6f4e23a0c11ab98c5cf302925382d1c88dc3ed757ab910a3?s=96&d=mm&r=g\",\"contentUrl\":\"https:\/\/secure.gravatar.com\/avatar\/081cfb6cf99faddc6f4e23a0c11ab98c5cf302925382d1c88dc3ed757ab910a3?s=96&d=mm&r=g\",\"caption\":\"EL GLOBAL\"},\"description\":\"El Global Informativo es un peri\u00f3dico digital de Rep\u00fablica Dominicana que se dedica a cubrir temas importantes, como la pol\u00edtica local, geopol\u00edtica, econom\u00eda, tecnolog\u00eda, noticias internacionales y eventos relacionados con la gesti\u00f3n social, cultural y humana. Su objetivo principal es mantener a la poblaci\u00f3n informada, ofreciendo una visi\u00f3n amplia y actualizada de lo que sucede tanto en el pa\u00eds como en el mundo. Est\u00e1 dirigido por un grupo de periodistas experimentados, lo que garantiza la calidad y la precisi\u00f3n de la informaci\u00f3n que ofrecen. Tiene su sede en la ciudad de Santo Domingo y es parte integral del portafolio de la empresa, MC Global S.R.L.\",\"sameAs\":[\"https:\/\/elglobal.do\",\"https:\/\/www.instagram.com\/elglobal.do_informativo\/\"],\"url\":\"https:\/\/elglobal.do\/index.php\/author\/elglobaluserpro\/\"}]}<\/script>\n<!-- \/ Yoast SEO plugin. -->","yoast_head_json":{"title":"C\u00e1mara de Cuentas aprueba nuevas auditor\u00edas - EL GLOBAL INFORMATIVO","robots":{"index":"index","follow":"follow","max-snippet":"max-snippet:-1","max-image-preview":"max-image-preview:large","max-video-preview":"max-video-preview:-1"},"canonical":"https:\/\/elglobal.do\/index.php\/2025\/10\/04\/camara-de-cuentas-aprueba-nuevas-auditorias\/","og_locale":"es_ES","og_type":"article","og_title":"C\u00e1mara de Cuentas aprueba nuevas auditor\u00edas - EL GLOBAL INFORMATIVO","og_description":"Santo Domingo. \u2013 La C\u00e1mara de Cuentas de la Rep\u00fablica Dominicana, aprob\u00f3 cuatro nuevos informes de fiscalizaci\u00f3n y control, en su decimoctava sesi\u00f3n ordinaria. Esta decisi\u00f3n reafirma el compromiso de&hellip;","og_url":"https:\/\/elglobal.do\/index.php\/2025\/10\/04\/camara-de-cuentas-aprueba-nuevas-auditorias\/","og_site_name":"EL GLOBAL INFORMATIVO","article_published_time":"2025-10-05T01:51:55+00:00","article_modified_time":"2025-10-05T01:55:43+00:00","og_image":[{"width":1481,"height":795,"url":"https:\/\/elglobal.do\/wp-content\/uploads\/2025\/10\/Camara.jpeg","type":"image\/jpeg"}],"author":"EL GLOBAL","twitter_card":"summary_large_image","twitter_misc":{"Escrito por":"EL GLOBAL","Tiempo de lectura":"2 minutos"},"schema":{"@context":"https:\/\/schema.org","@graph":[{"@type":"Article","@id":"https:\/\/elglobal.do\/index.php\/2025\/10\/04\/camara-de-cuentas-aprueba-nuevas-auditorias\/#article","isPartOf":{"@id":"https:\/\/elglobal.do\/index.php\/2025\/10\/04\/camara-de-cuentas-aprueba-nuevas-auditorias\/"},"author":{"name":"EL GLOBAL","@id":"https:\/\/elglobal.do\/#\/schema\/person\/0c97ec2c7714fb605d230c292f64d55f"},"headline":"C\u00e1mara de Cuentas aprueba nuevas auditor\u00edas","datePublished":"2025-10-05T01:51:55+00:00","dateModified":"2025-10-05T01:55:43+00:00","mainEntityOfPage":{"@id":"https:\/\/elglobal.do\/index.php\/2025\/10\/04\/camara-de-cuentas-aprueba-nuevas-auditorias\/"},"wordCount":344,"commentCount":0,"publisher":{"@id":"https:\/\/elglobal.do\/#organization"},"image":{"@id":"https:\/\/elglobal.do\/index.php\/2025\/10\/04\/camara-de-cuentas-aprueba-nuevas-auditorias\/#primaryimage"},"thumbnailUrl":"https:\/\/elglobal.do\/wp-content\/uploads\/2025\/10\/Camara.jpeg","keywords":["#C\u00e1maradeCuentas","#ElGlobalInformativo","#nuevasauditor\u00edas"],"articleSection":["NACIONALES","NOTICIAS RELEVANTES"],"inLanguage":"es","potentialAction":[{"@type":"CommentAction","name":"Comment","target":["https:\/\/elglobal.do\/index.php\/2025\/10\/04\/camara-de-cuentas-aprueba-nuevas-auditorias\/#respond"]}]},{"@type":"WebPage","@id":"https:\/\/elglobal.do\/index.php\/2025\/10\/04\/camara-de-cuentas-aprueba-nuevas-auditorias\/","url":"https:\/\/elglobal.do\/index.php\/2025\/10\/04\/camara-de-cuentas-aprueba-nuevas-auditorias\/","name":"C\u00e1mara de Cuentas aprueba nuevas auditor\u00edas - EL GLOBAL INFORMATIVO","isPartOf":{"@id":"https:\/\/elglobal.do\/#website"},"primaryImageOfPage":{"@id":"https:\/\/elglobal.do\/index.php\/2025\/10\/04\/camara-de-cuentas-aprueba-nuevas-auditorias\/#primaryimage"},"image":{"@id":"https:\/\/elglobal.do\/index.php\/2025\/10\/04\/camara-de-cuentas-aprueba-nuevas-auditorias\/#primaryimage"},"thumbnailUrl":"https:\/\/elglobal.do\/wp-content\/uploads\/2025\/10\/Camara.jpeg","datePublished":"2025-10-05T01:51:55+00:00","dateModified":"2025-10-05T01:55:43+00:00","breadcrumb":{"@id":"https:\/\/elglobal.do\/index.php\/2025\/10\/04\/camara-de-cuentas-aprueba-nuevas-auditorias\/#breadcrumb"},"inLanguage":"es","potentialAction":[{"@type":"ReadAction","target":["https:\/\/elglobal.do\/index.php\/2025\/10\/04\/camara-de-cuentas-aprueba-nuevas-auditorias\/"]}]},{"@type":"ImageObject","inLanguage":"es","@id":"https:\/\/elglobal.do\/index.php\/2025\/10\/04\/camara-de-cuentas-aprueba-nuevas-auditorias\/#primaryimage","url":"https:\/\/elglobal.do\/wp-content\/uploads\/2025\/10\/Camara.jpeg","contentUrl":"https:\/\/elglobal.do\/wp-content\/uploads\/2025\/10\/Camara.jpeg","width":1481,"height":795},{"@type":"BreadcrumbList","@id":"https:\/\/elglobal.do\/index.php\/2025\/10\/04\/camara-de-cuentas-aprueba-nuevas-auditorias\/#breadcrumb","itemListElement":[{"@type":"ListItem","position":1,"name":"Portada","item":"https:\/\/elglobal.do\/"},{"@type":"ListItem","position":2,"name":"C\u00e1mara de Cuentas aprueba nuevas auditor\u00edas"}]},{"@type":"WebSite","@id":"https:\/\/elglobal.do\/#website","url":"https:\/\/elglobal.do\/","name":"EL GLOBAL INFORMATIVO","description":"Peri\u00f3dico digital de la Rep\u00fablica Dominicana que ofrece noticias, novedades, pol\u00edtica y las \u00faltimas actualidades, con informaci\u00f3n veraz y oportuna para mantenerte siempre informad","publisher":{"@id":"https:\/\/elglobal.do\/#organization"},"potentialAction":[{"@type":"SearchAction","target":{"@type":"EntryPoint","urlTemplate":"https:\/\/elglobal.do\/?s={search_term_string}"},"query-input":{"@type":"PropertyValueSpecification","valueRequired":true,"valueName":"search_term_string"}}],"inLanguage":"es"},{"@type":"Organization","@id":"https:\/\/elglobal.do\/#organization","name":"EL GLOBAL.DO INFORMATIVO","url":"https:\/\/elglobal.do\/","logo":{"@type":"ImageObject","inLanguage":"es","@id":"https:\/\/elglobal.do\/#\/schema\/logo\/image\/","url":"https:\/\/elglobal.do\/wp-content\/uploads\/2025\/08\/icon.png","contentUrl":"https:\/\/elglobal.do\/wp-content\/uploads\/2025\/08\/icon.png","width":512,"height":512,"caption":"EL GLOBAL.DO INFORMATIVO"},"image":{"@id":"https:\/\/elglobal.do\/#\/schema\/logo\/image\/"}},{"@type":"Person","@id":"https:\/\/elglobal.do\/#\/schema\/person\/0c97ec2c7714fb605d230c292f64d55f","name":"EL GLOBAL","image":{"@type":"ImageObject","inLanguage":"es","@id":"https:\/\/elglobal.do\/#\/schema\/person\/image\/","url":"https:\/\/secure.gravatar.com\/avatar\/081cfb6cf99faddc6f4e23a0c11ab98c5cf302925382d1c88dc3ed757ab910a3?s=96&d=mm&r=g","contentUrl":"https:\/\/secure.gravatar.com\/avatar\/081cfb6cf99faddc6f4e23a0c11ab98c5cf302925382d1c88dc3ed757ab910a3?s=96&d=mm&r=g","caption":"EL GLOBAL"},"description":"El Global Informativo es un peri\u00f3dico digital de Rep\u00fablica Dominicana que se dedica a cubrir temas importantes, como la pol\u00edtica local, geopol\u00edtica, econom\u00eda, tecnolog\u00eda, noticias internacionales y eventos relacionados con la gesti\u00f3n social, cultural y humana. Su objetivo principal es mantener a la poblaci\u00f3n informada, ofreciendo una visi\u00f3n amplia y actualizada de lo que sucede tanto en el pa\u00eds como en el mundo. Est\u00e1 dirigido por un grupo de periodistas experimentados, lo que garantiza la calidad y la precisi\u00f3n de la informaci\u00f3n que ofrecen. Tiene su sede en la ciudad de Santo Domingo y es parte integral del portafolio de la empresa, MC Global S.R.L.","sameAs":["https:\/\/elglobal.do","https:\/\/www.instagram.com\/elglobal.do_informativo\/"],"url":"https:\/\/elglobal.do\/index.php\/author\/elglobaluserpro\/"}]}},"jetpack_featured_media_url":"https:\/\/elglobal.do\/wp-content\/uploads\/2025\/10\/Camara.jpeg","jetpack_sharing_enabled":true,"_links":{"self":[{"href":"https:\/\/elglobal.do\/index.php\/wp-json\/wp\/v2\/posts\/2839","targetHints":{"allow":["GET"]}}],"collection":[{"href":"https:\/\/elglobal.do\/index.php\/wp-json\/wp\/v2\/posts"}],"about":[{"href":"https:\/\/elglobal.do\/index.php\/wp-json\/wp\/v2\/types\/post"}],"author":[{"embeddable":true,"href":"https:\/\/elglobal.do\/index.php\/wp-json\/wp\/v2\/users\/1"}],"replies":[{"embeddable":true,"href":"https:\/\/elglobal.do\/index.php\/wp-json\/wp\/v2\/comments?post=2839"}],"version-history":[{"count":3,"href":"https:\/\/elglobal.do\/index.php\/wp-json\/wp\/v2\/posts\/2839\/revisions"}],"predecessor-version":[{"id":2843,"href":"https:\/\/elglobal.do\/index.php\/wp-json\/wp\/v2\/posts\/2839\/revisions\/2843"}],"wp:featuredmedia":[{"embeddable":true,"href":"https:\/\/elglobal.do\/index.php\/wp-json\/wp\/v2\/media\/2840"}],"wp:attachment":[{"href":"https:\/\/elglobal.do\/index.php\/wp-json\/wp\/v2\/media?parent=2839"}],"wp:term":[{"taxonomy":"category","embeddable":true,"href":"https:\/\/elglobal.do\/index.php\/wp-json\/wp\/v2\/categories?post=2839"},{"taxonomy":"post_tag","embeddable":true,"href":"https:\/\/elglobal.do\/index.php\/wp-json\/wp\/v2\/tags?post=2839"}],"curies":[{"name":"wp","href":"https:\/\/api.w.org\/{rel}","templated":true}]}}