{"id":2845,"date":"2025-10-04T22:22:18","date_gmt":"2025-10-05T02:22:18","guid":{"rendered":"https:\/\/elglobal.do\/?p=2845"},"modified":"2025-10-04T22:22:22","modified_gmt":"2025-10-05T02:22:22","slug":"director-del-inabie-resalta-impacto-de-la-lectura-en-el-desarrollo-integral-de-los-jovenes","status":"publish","type":"post","link":"https:\/\/elglobal.do\/index.php\/2025\/10\/04\/director-del-inabie-resalta-impacto-de-la-lectura-en-el-desarrollo-integral-de-los-jovenes\/","title":{"rendered":"Director del INABIE resalta impacto de la lectura en el desarrollo integral de los j\u00f3venes"},"content":{"rendered":"\n<p><em>Adolfo P\u00e9rez invita a leer y a comer sano en charla educativa con estudiantes realizada en la Feria del Libro 2025<\/em><\/p>\n\n\n\n<figure class=\"wp-block-image size-large\"><img loading=\"lazy\" decoding=\"async\" width=\"1024\" height=\"628\" src=\"https:\/\/elglobal.do\/wp-content\/uploads\/2025\/10\/Charla-1024x628.jpeg\" alt=\"\" class=\"wp-image-2847\" srcset=\"https:\/\/elglobal.do\/wp-content\/uploads\/2025\/10\/Charla-1024x628.jpeg 1024w, https:\/\/elglobal.do\/wp-content\/uploads\/2025\/10\/Charla-300x184.jpeg 300w, https:\/\/elglobal.do\/wp-content\/uploads\/2025\/10\/Charla-768x471.jpeg 768w, https:\/\/elglobal.do\/wp-content\/uploads\/2025\/10\/Charla-1536x942.jpeg 1536w, https:\/\/elglobal.do\/wp-content\/uploads\/2025\/10\/Charla.jpeg 1600w\" sizes=\"auto, (max-width: 1024px) 100vw, 1024px\" \/><\/figure>\n\n\n\n<p><strong>Santo Domingo. \u2013<\/strong> El director ejecutivo del Instituto Nacional de Bienestar Estudiantil (INABIE), Adolfo P\u00e9rez, destac\u00f3 los beneficios de la lectura y de comer sano como acciones fundamentales para el desarrollo integral de los j\u00f3venes, durante su participaci\u00f3n en la charla educativa \u201cUna vida saludable te conecta al bienestar y a los libros\u201d, celebrada por esa instituci\u00f3n en la Sala Latinoamericana de la Biblioteca Nacional Pedro Henr\u00edquez Ure\u00f1a, en el marco de la XXVII Feria Internacional del Libro Santo Domingo 2025 (FILSD 2025).<\/p>\n\n\n\n<p>La charla reuni\u00f3 a decenas de estudiantes del Liceo Estados Unidos en un espacio interactivo donde se promovi\u00f3 la importancia de adoptar h\u00e1bitos saludables como eje central del bienestar f\u00edsico, emocional e intelectual, en estrecha conexi\u00f3n con el fomento de la lectura.<\/p>\n\n\n\n<p>\u201cFomentar la lectura impulsa el desarrollo integral de los j\u00f3venes y abre oportunidades para reducir desigualdades. El bienestar estudiantil es la mejor pol\u00edtica p\u00fablica para combatir la inequidad\u201d, expres\u00f3 P\u00e9rez, durante su intervenci\u00f3n.<\/p>\n\n\n\n<p>El servidor p\u00fablico aprovech\u00f3 la ocasi\u00f3n para felicitar al ministro de Cultura, Roberto Salcedo, por la buena organizaci\u00f3n de la Feria del Libro 2025, luego de visitar el stand del INABIE.<\/p>\n\n\n\n<p>El evento estuvo a cargo de las doctoras Jennifer Suero, salubrista y epidemi\u00f3loga, y Elvira Polanco, nutricionista y analista de nutrici\u00f3n escolar del INABIE, quienes de manera din\u00e1mica y pedag\u00f3gica expusieron como la alimentaci\u00f3n adecuada, el ejercicio f\u00edsico, el descanso y la lectura contribuyen al desarrollo integral de ni\u00f1os, ni\u00f1as y adolescentes.<\/p>\n\n\n\n<p>\u201cLa lectura es un superpoder, y la nutrici\u00f3n es el combustible que lo activa\u201d, expres\u00f3 la doctora Polanco, al explicar como una alimentaci\u00f3n rica en nutrientes fortalece el cerebro y potencia la capacidad de comprensi\u00f3n, concentraci\u00f3n y aprendizaje.<\/p>\n\n\n\n<p>Por su lado, la doctora Suero motiv\u00f3 a los estudiantes a tomar decisiones saludables desde temprana edad. \u201cCada vez que un ni\u00f1o elige una fruta en lugar de un dulce, est\u00e1 escribiendo un cap\u00edtulo incre\u00edble en su propia historia\u201d, afirm\u00f3, destacando la importancia de la alimentaci\u00f3n consciente como parte del autocuidado y el bienestar emocional.<\/p>\n\n\n\n<p>Durante la charla se realizaron actividades interactivas, como din\u00e1micas de grupo y juegos educativos, que ilustraron como los buenos h\u00e1bitos impactan el rendimiento escolar y la vida cotidiana. Adem\u00e1s, se present\u00f3 el concepto del \u201cS\u00faper Plato Lector\u201d, con el que se ense\u00f1\u00f3 a los estudiantes como armar una comida balanceada que favorezca la salud cerebral y el aprendizaje.<\/p>\n\n\n\n<p>Estuvieron presentes en esta actividad, adem\u00e1s, los subdirectores del INABIE, Luis Valdez, Gilberto Santana y Melvin Ram\u00edrez, el director de Salud y Nutrici\u00f3n, Luis Lizardo, y la asesora Hanoi V\u00e1squez.<\/p>\n\n\n\n<p>\u00a0<\/p>\n","protected":false},"excerpt":{"rendered":"<p>Adolfo P\u00e9rez invita a leer y a comer sano en charla educativa con estudiantes realizada en la Feria del Libro 2025 Santo Domingo. \u2013 El director ejecutivo del Instituto Nacional&hellip; <\/p>\n","protected":false},"author":1,"featured_media":2846,"comment_status":"open","ping_status":"open","sticky":false,"template":"","format":"standard","meta":{"_jetpack_memberships_contains_paid_content":false,"footnotes":""},"categories":[119],"tags":[1556,1555,98,1397,648,1507],"class_list":["post-2845","post","type-post","status-publish","format-standard","has-post-thumbnail","hentry","category-educacion","tag-charlaeducativa","tag-desarrollointegral","tag-elglobalinformativo","tag-filsd2025","tag-inabie-2","tag-lectura"],"yoast_head":"<!-- This site is optimized with the Yoast SEO plugin v26.9 - https:\/\/yoast.com\/product\/yoast-seo-wordpress\/ -->\n<title>Director del INABIE resalta impacto de la lectura en el desarrollo integral de los j\u00f3venes - EL GLOBAL INFORMATIVO<\/title>\n<meta name=\"robots\" content=\"index, follow, max-snippet:-1, max-image-preview:large, max-video-preview:-1\" \/>\n<link rel=\"canonical\" href=\"https:\/\/elglobal.do\/index.php\/2025\/10\/04\/director-del-inabie-resalta-impacto-de-la-lectura-en-el-desarrollo-integral-de-los-jovenes\/\" \/>\n<meta property=\"og:locale\" content=\"es_ES\" \/>\n<meta property=\"og:type\" content=\"article\" \/>\n<meta property=\"og:title\" content=\"Director del INABIE resalta impacto de la lectura en el desarrollo integral de los j\u00f3venes - EL GLOBAL INFORMATIVO\" \/>\n<meta property=\"og:description\" content=\"Adolfo P\u00e9rez invita a leer y a comer sano en charla educativa con estudiantes realizada en la Feria del Libro 2025 Santo Domingo. \u2013 El director ejecutivo del Instituto Nacional&hellip;\" \/>\n<meta property=\"og:url\" content=\"https:\/\/elglobal.do\/index.php\/2025\/10\/04\/director-del-inabie-resalta-impacto-de-la-lectura-en-el-desarrollo-integral-de-los-jovenes\/\" \/>\n<meta property=\"og:site_name\" content=\"EL GLOBAL INFORMATIVO\" \/>\n<meta property=\"article:published_time\" content=\"2025-10-05T02:22:18+00:00\" \/>\n<meta property=\"article:modified_time\" content=\"2025-10-05T02:22:22+00:00\" \/>\n<meta property=\"og:image\" content=\"https:\/\/elglobal.do\/wp-content\/uploads\/2025\/10\/INABIE.jpeg\" \/>\n\t<meta property=\"og:image:width\" content=\"1600\" \/>\n\t<meta property=\"og:image:height\" content=\"1069\" \/>\n\t<meta property=\"og:image:type\" content=\"image\/jpeg\" \/>\n<meta name=\"author\" content=\"EL GLOBAL\" \/>\n<meta name=\"twitter:card\" content=\"summary_large_image\" \/>\n<meta name=\"twitter:label1\" content=\"Escrito por\" \/>\n\t<meta name=\"twitter:data1\" content=\"EL GLOBAL\" \/>\n\t<meta name=\"twitter:label2\" content=\"Tiempo de lectura\" \/>\n\t<meta name=\"twitter:data2\" content=\"3 minutos\" \/>\n<script type=\"application\/ld+json\" class=\"yoast-schema-graph\">{\"@context\":\"https:\/\/schema.org\",\"@graph\":[{\"@type\":\"Article\",\"@id\":\"https:\/\/elglobal.do\/index.php\/2025\/10\/04\/director-del-inabie-resalta-impacto-de-la-lectura-en-el-desarrollo-integral-de-los-jovenes\/#article\",\"isPartOf\":{\"@id\":\"https:\/\/elglobal.do\/index.php\/2025\/10\/04\/director-del-inabie-resalta-impacto-de-la-lectura-en-el-desarrollo-integral-de-los-jovenes\/\"},\"author\":{\"name\":\"EL GLOBAL\",\"@id\":\"https:\/\/elglobal.do\/#\/schema\/person\/0c97ec2c7714fb605d230c292f64d55f\"},\"headline\":\"Director del INABIE resalta impacto de la lectura en el desarrollo integral de los j\u00f3venes\",\"datePublished\":\"2025-10-05T02:22:18+00:00\",\"dateModified\":\"2025-10-05T02:22:22+00:00\",\"mainEntityOfPage\":{\"@id\":\"https:\/\/elglobal.do\/index.php\/2025\/10\/04\/director-del-inabie-resalta-impacto-de-la-lectura-en-el-desarrollo-integral-de-los-jovenes\/\"},\"wordCount\":496,\"commentCount\":0,\"publisher\":{\"@id\":\"https:\/\/elglobal.do\/#organization\"},\"image\":{\"@id\":\"https:\/\/elglobal.do\/index.php\/2025\/10\/04\/director-del-inabie-resalta-impacto-de-la-lectura-en-el-desarrollo-integral-de-los-jovenes\/#primaryimage\"},\"thumbnailUrl\":\"https:\/\/elglobal.do\/wp-content\/uploads\/2025\/10\/INABIE.jpeg\",\"keywords\":[\"#charlaeducativa\",\"#desarrollointegral\",\"#ElGlobalInformativo\",\"#FILSD2025\",\"#INABIE\",\"#Lectura\"],\"articleSection\":[\"EDUCACI\u00d3N\"],\"inLanguage\":\"es\",\"potentialAction\":[{\"@type\":\"CommentAction\",\"name\":\"Comment\",\"target\":[\"https:\/\/elglobal.do\/index.php\/2025\/10\/04\/director-del-inabie-resalta-impacto-de-la-lectura-en-el-desarrollo-integral-de-los-jovenes\/#respond\"]}]},{\"@type\":\"WebPage\",\"@id\":\"https:\/\/elglobal.do\/index.php\/2025\/10\/04\/director-del-inabie-resalta-impacto-de-la-lectura-en-el-desarrollo-integral-de-los-jovenes\/\",\"url\":\"https:\/\/elglobal.do\/index.php\/2025\/10\/04\/director-del-inabie-resalta-impacto-de-la-lectura-en-el-desarrollo-integral-de-los-jovenes\/\",\"name\":\"Director del INABIE resalta impacto de la lectura en el desarrollo integral de los j\u00f3venes - EL GLOBAL INFORMATIVO\",\"isPartOf\":{\"@id\":\"https:\/\/elglobal.do\/#website\"},\"primaryImageOfPage\":{\"@id\":\"https:\/\/elglobal.do\/index.php\/2025\/10\/04\/director-del-inabie-resalta-impacto-de-la-lectura-en-el-desarrollo-integral-de-los-jovenes\/#primaryimage\"},\"image\":{\"@id\":\"https:\/\/elglobal.do\/index.php\/2025\/10\/04\/director-del-inabie-resalta-impacto-de-la-lectura-en-el-desarrollo-integral-de-los-jovenes\/#primaryimage\"},\"thumbnailUrl\":\"https:\/\/elglobal.do\/wp-content\/uploads\/2025\/10\/INABIE.jpeg\",\"datePublished\":\"2025-10-05T02:22:18+00:00\",\"dateModified\":\"2025-10-05T02:22:22+00:00\",\"breadcrumb\":{\"@id\":\"https:\/\/elglobal.do\/index.php\/2025\/10\/04\/director-del-inabie-resalta-impacto-de-la-lectura-en-el-desarrollo-integral-de-los-jovenes\/#breadcrumb\"},\"inLanguage\":\"es\",\"potentialAction\":[{\"@type\":\"ReadAction\",\"target\":[\"https:\/\/elglobal.do\/index.php\/2025\/10\/04\/director-del-inabie-resalta-impacto-de-la-lectura-en-el-desarrollo-integral-de-los-jovenes\/\"]}]},{\"@type\":\"ImageObject\",\"inLanguage\":\"es\",\"@id\":\"https:\/\/elglobal.do\/index.php\/2025\/10\/04\/director-del-inabie-resalta-impacto-de-la-lectura-en-el-desarrollo-integral-de-los-jovenes\/#primaryimage\",\"url\":\"https:\/\/elglobal.do\/wp-content\/uploads\/2025\/10\/INABIE.jpeg\",\"contentUrl\":\"https:\/\/elglobal.do\/wp-content\/uploads\/2025\/10\/INABIE.jpeg\",\"width\":1600,\"height\":1069},{\"@type\":\"BreadcrumbList\",\"@id\":\"https:\/\/elglobal.do\/index.php\/2025\/10\/04\/director-del-inabie-resalta-impacto-de-la-lectura-en-el-desarrollo-integral-de-los-jovenes\/#breadcrumb\",\"itemListElement\":[{\"@type\":\"ListItem\",\"position\":1,\"name\":\"Portada\",\"item\":\"https:\/\/elglobal.do\/\"},{\"@type\":\"ListItem\",\"position\":2,\"name\":\"Director del INABIE resalta impacto de la lectura en el desarrollo integral de los j\u00f3venes\"}]},{\"@type\":\"WebSite\",\"@id\":\"https:\/\/elglobal.do\/#website\",\"url\":\"https:\/\/elglobal.do\/\",\"name\":\"EL GLOBAL INFORMATIVO\",\"description\":\"Peri\u00f3dico digital de la Rep\u00fablica Dominicana que ofrece noticias, novedades, pol\u00edtica y las \u00faltimas actualidades, con informaci\u00f3n veraz y oportuna para mantenerte siempre informad\",\"publisher\":{\"@id\":\"https:\/\/elglobal.do\/#organization\"},\"potentialAction\":[{\"@type\":\"SearchAction\",\"target\":{\"@type\":\"EntryPoint\",\"urlTemplate\":\"https:\/\/elglobal.do\/?s={search_term_string}\"},\"query-input\":{\"@type\":\"PropertyValueSpecification\",\"valueRequired\":true,\"valueName\":\"search_term_string\"}}],\"inLanguage\":\"es\"},{\"@type\":\"Organization\",\"@id\":\"https:\/\/elglobal.do\/#organization\",\"name\":\"EL GLOBAL.DO INFORMATIVO\",\"url\":\"https:\/\/elglobal.do\/\",\"logo\":{\"@type\":\"ImageObject\",\"inLanguage\":\"es\",\"@id\":\"https:\/\/elglobal.do\/#\/schema\/logo\/image\/\",\"url\":\"https:\/\/elglobal.do\/wp-content\/uploads\/2025\/08\/icon.png\",\"contentUrl\":\"https:\/\/elglobal.do\/wp-content\/uploads\/2025\/08\/icon.png\",\"width\":512,\"height\":512,\"caption\":\"EL GLOBAL.DO INFORMATIVO\"},\"image\":{\"@id\":\"https:\/\/elglobal.do\/#\/schema\/logo\/image\/\"}},{\"@type\":\"Person\",\"@id\":\"https:\/\/elglobal.do\/#\/schema\/person\/0c97ec2c7714fb605d230c292f64d55f\",\"name\":\"EL GLOBAL\",\"image\":{\"@type\":\"ImageObject\",\"inLanguage\":\"es\",\"@id\":\"https:\/\/elglobal.do\/#\/schema\/person\/image\/\",\"url\":\"https:\/\/secure.gravatar.com\/avatar\/081cfb6cf99faddc6f4e23a0c11ab98c5cf302925382d1c88dc3ed757ab910a3?s=96&d=mm&r=g\",\"contentUrl\":\"https:\/\/secure.gravatar.com\/avatar\/081cfb6cf99faddc6f4e23a0c11ab98c5cf302925382d1c88dc3ed757ab910a3?s=96&d=mm&r=g\",\"caption\":\"EL GLOBAL\"},\"description\":\"El Global Informativo es un peri\u00f3dico digital de Rep\u00fablica Dominicana que se dedica a cubrir temas importantes, como la pol\u00edtica local, geopol\u00edtica, econom\u00eda, tecnolog\u00eda, noticias internacionales y eventos relacionados con la gesti\u00f3n social, cultural y humana. Su objetivo principal es mantener a la poblaci\u00f3n informada, ofreciendo una visi\u00f3n amplia y actualizada de lo que sucede tanto en el pa\u00eds como en el mundo. Est\u00e1 dirigido por un grupo de periodistas experimentados, lo que garantiza la calidad y la precisi\u00f3n de la informaci\u00f3n que ofrecen. Tiene su sede en la ciudad de Santo Domingo y es parte integral del portafolio de la empresa, MC Global S.R.L.\",\"sameAs\":[\"https:\/\/elglobal.do\",\"https:\/\/www.instagram.com\/elglobal.do_informativo\/\"],\"url\":\"https:\/\/elglobal.do\/index.php\/author\/elglobaluserpro\/\"}]}<\/script>\n<!-- \/ Yoast SEO plugin. -->","yoast_head_json":{"title":"Director del INABIE resalta impacto de la lectura en el desarrollo integral de los j\u00f3venes - EL GLOBAL INFORMATIVO","robots":{"index":"index","follow":"follow","max-snippet":"max-snippet:-1","max-image-preview":"max-image-preview:large","max-video-preview":"max-video-preview:-1"},"canonical":"https:\/\/elglobal.do\/index.php\/2025\/10\/04\/director-del-inabie-resalta-impacto-de-la-lectura-en-el-desarrollo-integral-de-los-jovenes\/","og_locale":"es_ES","og_type":"article","og_title":"Director del INABIE resalta impacto de la lectura en el desarrollo integral de los j\u00f3venes - EL GLOBAL INFORMATIVO","og_description":"Adolfo P\u00e9rez invita a leer y a comer sano en charla educativa con estudiantes realizada en la Feria del Libro 2025 Santo Domingo. \u2013 El director ejecutivo del Instituto Nacional&hellip;","og_url":"https:\/\/elglobal.do\/index.php\/2025\/10\/04\/director-del-inabie-resalta-impacto-de-la-lectura-en-el-desarrollo-integral-de-los-jovenes\/","og_site_name":"EL GLOBAL INFORMATIVO","article_published_time":"2025-10-05T02:22:18+00:00","article_modified_time":"2025-10-05T02:22:22+00:00","og_image":[{"width":1600,"height":1069,"url":"https:\/\/elglobal.do\/wp-content\/uploads\/2025\/10\/INABIE.jpeg","type":"image\/jpeg"}],"author":"EL GLOBAL","twitter_card":"summary_large_image","twitter_misc":{"Escrito por":"EL GLOBAL","Tiempo de lectura":"3 minutos"},"schema":{"@context":"https:\/\/schema.org","@graph":[{"@type":"Article","@id":"https:\/\/elglobal.do\/index.php\/2025\/10\/04\/director-del-inabie-resalta-impacto-de-la-lectura-en-el-desarrollo-integral-de-los-jovenes\/#article","isPartOf":{"@id":"https:\/\/elglobal.do\/index.php\/2025\/10\/04\/director-del-inabie-resalta-impacto-de-la-lectura-en-el-desarrollo-integral-de-los-jovenes\/"},"author":{"name":"EL GLOBAL","@id":"https:\/\/elglobal.do\/#\/schema\/person\/0c97ec2c7714fb605d230c292f64d55f"},"headline":"Director del INABIE resalta impacto de la lectura en el desarrollo integral de los j\u00f3venes","datePublished":"2025-10-05T02:22:18+00:00","dateModified":"2025-10-05T02:22:22+00:00","mainEntityOfPage":{"@id":"https:\/\/elglobal.do\/index.php\/2025\/10\/04\/director-del-inabie-resalta-impacto-de-la-lectura-en-el-desarrollo-integral-de-los-jovenes\/"},"wordCount":496,"commentCount":0,"publisher":{"@id":"https:\/\/elglobal.do\/#organization"},"image":{"@id":"https:\/\/elglobal.do\/index.php\/2025\/10\/04\/director-del-inabie-resalta-impacto-de-la-lectura-en-el-desarrollo-integral-de-los-jovenes\/#primaryimage"},"thumbnailUrl":"https:\/\/elglobal.do\/wp-content\/uploads\/2025\/10\/INABIE.jpeg","keywords":["#charlaeducativa","#desarrollointegral","#ElGlobalInformativo","#FILSD2025","#INABIE","#Lectura"],"articleSection":["EDUCACI\u00d3N"],"inLanguage":"es","potentialAction":[{"@type":"CommentAction","name":"Comment","target":["https:\/\/elglobal.do\/index.php\/2025\/10\/04\/director-del-inabie-resalta-impacto-de-la-lectura-en-el-desarrollo-integral-de-los-jovenes\/#respond"]}]},{"@type":"WebPage","@id":"https:\/\/elglobal.do\/index.php\/2025\/10\/04\/director-del-inabie-resalta-impacto-de-la-lectura-en-el-desarrollo-integral-de-los-jovenes\/","url":"https:\/\/elglobal.do\/index.php\/2025\/10\/04\/director-del-inabie-resalta-impacto-de-la-lectura-en-el-desarrollo-integral-de-los-jovenes\/","name":"Director del INABIE resalta impacto de la lectura en el desarrollo integral de los j\u00f3venes - EL GLOBAL INFORMATIVO","isPartOf":{"@id":"https:\/\/elglobal.do\/#website"},"primaryImageOfPage":{"@id":"https:\/\/elglobal.do\/index.php\/2025\/10\/04\/director-del-inabie-resalta-impacto-de-la-lectura-en-el-desarrollo-integral-de-los-jovenes\/#primaryimage"},"image":{"@id":"https:\/\/elglobal.do\/index.php\/2025\/10\/04\/director-del-inabie-resalta-impacto-de-la-lectura-en-el-desarrollo-integral-de-los-jovenes\/#primaryimage"},"thumbnailUrl":"https:\/\/elglobal.do\/wp-content\/uploads\/2025\/10\/INABIE.jpeg","datePublished":"2025-10-05T02:22:18+00:00","dateModified":"2025-10-05T02:22:22+00:00","breadcrumb":{"@id":"https:\/\/elglobal.do\/index.php\/2025\/10\/04\/director-del-inabie-resalta-impacto-de-la-lectura-en-el-desarrollo-integral-de-los-jovenes\/#breadcrumb"},"inLanguage":"es","potentialAction":[{"@type":"ReadAction","target":["https:\/\/elglobal.do\/index.php\/2025\/10\/04\/director-del-inabie-resalta-impacto-de-la-lectura-en-el-desarrollo-integral-de-los-jovenes\/"]}]},{"@type":"ImageObject","inLanguage":"es","@id":"https:\/\/elglobal.do\/index.php\/2025\/10\/04\/director-del-inabie-resalta-impacto-de-la-lectura-en-el-desarrollo-integral-de-los-jovenes\/#primaryimage","url":"https:\/\/elglobal.do\/wp-content\/uploads\/2025\/10\/INABIE.jpeg","contentUrl":"https:\/\/elglobal.do\/wp-content\/uploads\/2025\/10\/INABIE.jpeg","width":1600,"height":1069},{"@type":"BreadcrumbList","@id":"https:\/\/elglobal.do\/index.php\/2025\/10\/04\/director-del-inabie-resalta-impacto-de-la-lectura-en-el-desarrollo-integral-de-los-jovenes\/#breadcrumb","itemListElement":[{"@type":"ListItem","position":1,"name":"Portada","item":"https:\/\/elglobal.do\/"},{"@type":"ListItem","position":2,"name":"Director del INABIE resalta impacto de la lectura en el desarrollo integral de los j\u00f3venes"}]},{"@type":"WebSite","@id":"https:\/\/elglobal.do\/#website","url":"https:\/\/elglobal.do\/","name":"EL GLOBAL INFORMATIVO","description":"Peri\u00f3dico digital de la Rep\u00fablica Dominicana que ofrece noticias, novedades, pol\u00edtica y las \u00faltimas actualidades, con informaci\u00f3n veraz y oportuna para mantenerte siempre informad","publisher":{"@id":"https:\/\/elglobal.do\/#organization"},"potentialAction":[{"@type":"SearchAction","target":{"@type":"EntryPoint","urlTemplate":"https:\/\/elglobal.do\/?s={search_term_string}"},"query-input":{"@type":"PropertyValueSpecification","valueRequired":true,"valueName":"search_term_string"}}],"inLanguage":"es"},{"@type":"Organization","@id":"https:\/\/elglobal.do\/#organization","name":"EL GLOBAL.DO INFORMATIVO","url":"https:\/\/elglobal.do\/","logo":{"@type":"ImageObject","inLanguage":"es","@id":"https:\/\/elglobal.do\/#\/schema\/logo\/image\/","url":"https:\/\/elglobal.do\/wp-content\/uploads\/2025\/08\/icon.png","contentUrl":"https:\/\/elglobal.do\/wp-content\/uploads\/2025\/08\/icon.png","width":512,"height":512,"caption":"EL GLOBAL.DO INFORMATIVO"},"image":{"@id":"https:\/\/elglobal.do\/#\/schema\/logo\/image\/"}},{"@type":"Person","@id":"https:\/\/elglobal.do\/#\/schema\/person\/0c97ec2c7714fb605d230c292f64d55f","name":"EL GLOBAL","image":{"@type":"ImageObject","inLanguage":"es","@id":"https:\/\/elglobal.do\/#\/schema\/person\/image\/","url":"https:\/\/secure.gravatar.com\/avatar\/081cfb6cf99faddc6f4e23a0c11ab98c5cf302925382d1c88dc3ed757ab910a3?s=96&d=mm&r=g","contentUrl":"https:\/\/secure.gravatar.com\/avatar\/081cfb6cf99faddc6f4e23a0c11ab98c5cf302925382d1c88dc3ed757ab910a3?s=96&d=mm&r=g","caption":"EL GLOBAL"},"description":"El Global Informativo es un peri\u00f3dico digital de Rep\u00fablica Dominicana que se dedica a cubrir temas importantes, como la pol\u00edtica local, geopol\u00edtica, econom\u00eda, tecnolog\u00eda, noticias internacionales y eventos relacionados con la gesti\u00f3n social, cultural y humana. Su objetivo principal es mantener a la poblaci\u00f3n informada, ofreciendo una visi\u00f3n amplia y actualizada de lo que sucede tanto en el pa\u00eds como en el mundo. Est\u00e1 dirigido por un grupo de periodistas experimentados, lo que garantiza la calidad y la precisi\u00f3n de la informaci\u00f3n que ofrecen. Tiene su sede en la ciudad de Santo Domingo y es parte integral del portafolio de la empresa, MC Global S.R.L.","sameAs":["https:\/\/elglobal.do","https:\/\/www.instagram.com\/elglobal.do_informativo\/"],"url":"https:\/\/elglobal.do\/index.php\/author\/elglobaluserpro\/"}]}},"jetpack_featured_media_url":"https:\/\/elglobal.do\/wp-content\/uploads\/2025\/10\/INABIE.jpeg","jetpack_sharing_enabled":true,"_links":{"self":[{"href":"https:\/\/elglobal.do\/index.php\/wp-json\/wp\/v2\/posts\/2845","targetHints":{"allow":["GET"]}}],"collection":[{"href":"https:\/\/elglobal.do\/index.php\/wp-json\/wp\/v2\/posts"}],"about":[{"href":"https:\/\/elglobal.do\/index.php\/wp-json\/wp\/v2\/types\/post"}],"author":[{"embeddable":true,"href":"https:\/\/elglobal.do\/index.php\/wp-json\/wp\/v2\/users\/1"}],"replies":[{"embeddable":true,"href":"https:\/\/elglobal.do\/index.php\/wp-json\/wp\/v2\/comments?post=2845"}],"version-history":[{"count":1,"href":"https:\/\/elglobal.do\/index.php\/wp-json\/wp\/v2\/posts\/2845\/revisions"}],"predecessor-version":[{"id":2848,"href":"https:\/\/elglobal.do\/index.php\/wp-json\/wp\/v2\/posts\/2845\/revisions\/2848"}],"wp:featuredmedia":[{"embeddable":true,"href":"https:\/\/elglobal.do\/index.php\/wp-json\/wp\/v2\/media\/2846"}],"wp:attachment":[{"href":"https:\/\/elglobal.do\/index.php\/wp-json\/wp\/v2\/media?parent=2845"}],"wp:term":[{"taxonomy":"category","embeddable":true,"href":"https:\/\/elglobal.do\/index.php\/wp-json\/wp\/v2\/categories?post=2845"},{"taxonomy":"post_tag","embeddable":true,"href":"https:\/\/elglobal.do\/index.php\/wp-json\/wp\/v2\/tags?post=2845"}],"curies":[{"name":"wp","href":"https:\/\/api.w.org\/{rel}","templated":true}]}}