{"id":2849,"date":"2025-10-06T09:53:48","date_gmt":"2025-10-06T13:53:48","guid":{"rendered":"https:\/\/elglobal.do\/?p=2849"},"modified":"2025-10-06T09:53:51","modified_gmt":"2025-10-06T13:53:51","slug":"raquel-pena-sorprende-con-visita-a-la-expo-cibao","status":"publish","type":"post","link":"https:\/\/elglobal.do\/index.php\/2025\/10\/06\/raquel-pena-sorprende-con-visita-a-la-expo-cibao\/","title":{"rendered":"Raquel Pe\u00f1a sorprende con visita a la Expo Cibao"},"content":{"rendered":"\n<p><em>La vicepresidenta reafirm\u00f3 el respaldo del Gobierno al dinamismo econ\u00f3mico del Cibao y destac\u00f3 la fuerza productiva de la regi\u00f3n como orgullo nacional.<\/em><\/p>\n\n\n\n<figure class=\"wp-block-image size-large\"><img loading=\"lazy\" decoding=\"async\" width=\"1024\" height=\"683\" src=\"https:\/\/elglobal.do\/wp-content\/uploads\/2025\/10\/Vice-1024x683.jpeg\" alt=\"\" class=\"wp-image-2859\" srcset=\"https:\/\/elglobal.do\/wp-content\/uploads\/2025\/10\/Vice-1024x683.jpeg 1024w, https:\/\/elglobal.do\/wp-content\/uploads\/2025\/10\/Vice-300x200.jpeg 300w, https:\/\/elglobal.do\/wp-content\/uploads\/2025\/10\/Vice-768x512.jpeg 768w, https:\/\/elglobal.do\/wp-content\/uploads\/2025\/10\/Vice.jpeg 1280w\" sizes=\"auto, (max-width: 1024px) 100vw, 1024px\" \/><\/figure>\n\n\n\n<p><strong>Santiago. \u2013<\/strong> La vicepresidenta de la Rep\u00fablica, Raquel Pe\u00f1a, sorprendi\u00f3 el domingo a los feriantes de la Expo Cibao 2025, con un recorrido en apoyo a los peque\u00f1os, medianos y grandes empresarios que exhiben sus productos, innovaciones y ofertas en el Parque Central de Santiago.<\/p>\n\n\n\n<p>Pe\u00f1a, quien cada a\u00f1o reafirma su compromiso con el ecosistema comercial de la regi\u00f3n Norte, afirm\u00f3 que el evento es una apuesta al desarrollo econ\u00f3mico y productivo del pa\u00eds, al acercar las marcas y sus productos a la poblaci\u00f3n y generar nuevas oportunidades de inversi\u00f3n y empleo.<\/p>\n\n\n\n<p>\u201cEste es un espacio para mostrar lo que somos en toda esta regi\u00f3n, no solo en Santiago. Mostrar todo lo que podemos brindar: nuestras marcas, el comercio y nuestra industria\u201d, expres\u00f3 Pe\u00f1a, al tiempo que destac\u00f3 que el Gobierno, encabezado por el presidente Luis Abinader, continuar\u00e1 respaldando al Cibao para que siga creciendo y siendo orgullo del pa\u00eds y el mundo.<\/p>\n\n\n\n<p>La vicepresidenta record\u00f3 que no se ha perdido ninguna edici\u00f3n de la feria y que, aunque no pudo participar en la apertura por compromisos institucionales previos, \u201cno hay mejor forma de disfrutar la Expo Cibao que rodeada del entusiasmo de los feriantes y la alegr\u00eda de los visitantes\u201d.<\/p>\n\n\n\n<p>Desde tempranas horas del domingo, Pe\u00f1a recorri\u00f3 las distintas casetas del evento realizado por la C\u00e1mara de Comercio y Producci\u00f3n de Santiago, donde destac\u00f3 y valor\u00f3 la organizaci\u00f3n y log\u00edstica de las exposiciones, la calidad de los productos y la innovaci\u00f3n de las empresas participantes.<\/p>\n\n\n\n<figure class=\"wp-block-image size-large\"><img loading=\"lazy\" decoding=\"async\" width=\"1024\" height=\"683\" src=\"https:\/\/elglobal.do\/wp-content\/uploads\/2025\/10\/Recorrido-1024x683.jpeg\" alt=\"\" class=\"wp-image-2855\" srcset=\"https:\/\/elglobal.do\/wp-content\/uploads\/2025\/10\/Recorrido-1024x683.jpeg 1024w, https:\/\/elglobal.do\/wp-content\/uploads\/2025\/10\/Recorrido-300x200.jpeg 300w, https:\/\/elglobal.do\/wp-content\/uploads\/2025\/10\/Recorrido-768x512.jpeg 768w, https:\/\/elglobal.do\/wp-content\/uploads\/2025\/10\/Recorrido.jpeg 1280w\" sizes=\"auto, (max-width: 1024px) 100vw, 1024px\" \/><\/figure>\n\n\n\n<p>En el recorrido, la vicemandataria estuvo acompa\u00f1ada por la gobernadora provincial, Rosa Santos; el senador de Santiago, Daniel Rivera; Luis Campos Jorge, presidente de la C\u00e1mara de Comercio y Producci\u00f3n de Santiago, entre otras autoridades locales y empresariales.<\/p>\n\n\n\n<figure class=\"wp-block-image size-large\"><img loading=\"lazy\" decoding=\"async\" width=\"1024\" height=\"683\" src=\"https:\/\/elglobal.do\/wp-content\/uploads\/2025\/10\/Empresarios-1024x683.jpeg\" alt=\"\" class=\"wp-image-2856\" srcset=\"https:\/\/elglobal.do\/wp-content\/uploads\/2025\/10\/Empresarios-1024x683.jpeg 1024w, https:\/\/elglobal.do\/wp-content\/uploads\/2025\/10\/Empresarios-300x200.jpeg 300w, https:\/\/elglobal.do\/wp-content\/uploads\/2025\/10\/Empresarios-768x512.jpeg 768w, https:\/\/elglobal.do\/wp-content\/uploads\/2025\/10\/Empresarios.jpeg 1280w\" sizes=\"auto, (max-width: 1024px) 100vw, 1024px\" \/><\/figure>\n\n\n\n<p>Previo a su visita al recinto ferial, Pe\u00f1a sostuvo un encuentro con el comit\u00e9 organizador y personalidades del sector empresarial, donde se abordaron temas estrat\u00e9gicos para el desarrollo de la provincia. Entre ellos, la mejora de la oferta acad\u00e9mica p\u00fablica para fortalecer la formaci\u00f3n t\u00e9cnica y acelerar la capacitaci\u00f3n de j\u00f3venes para el mercado laboral.<\/p>\n\n\n\n<p>Durante el di\u00e1logo tambi\u00e9n se trataron proyectos de alto impacto, como la construcci\u00f3n de la Carretera del \u00c1mbar, la actualizaci\u00f3n del Plan Estrat\u00e9gico de Santiago y la implementaci\u00f3n del Sistema Integrado de Transporte, considerado a este \u00faltimo como un pilar clave para mejorar la movilidad y reducir la congesti\u00f3n vial en la ciudad.<\/p>\n\n\n\n<p>La reuni\u00f3n cont\u00f3 con la participaci\u00f3n de Francisco Gonz\u00e1lez, Luis Campos, Fernando Puig, Nieves Sosa, Joel Tav\u00e1rez, Massiel Hahn, Jos\u00e9 Luis Ventura, Rafael Emilio Yun\u00e9n, Jorge Jana, Ram\u00f3n Marcelino, Franklin Ram\u00edrez, Alejandro Fondeur, Jos\u00e9 Armando Berm\u00fadez y las autoridades provinciales.<\/p>\n","protected":false},"excerpt":{"rendered":"<p>La vicepresidenta reafirm\u00f3 el respaldo del Gobierno al dinamismo econ\u00f3mico del Cibao y destac\u00f3 la fuerza productiva de la regi\u00f3n como orgullo nacional. Santiago. \u2013 La vicepresidenta de la Rep\u00fablica,&hellip; <\/p>\n","protected":false},"author":1,"featured_media":2853,"comment_status":"open","ping_status":"open","sticky":false,"template":"","format":"standard","meta":{"_jetpack_memberships_contains_paid_content":false,"footnotes":""},"categories":[40,14],"tags":[1561,98,1559,1562,642,1560,771],"class_list":["post-2849","post","type-post","status-publish","format-standard","has-post-thumbnail","hentry","category-nacionales","category-slider","tag-dinamismo","tag-elglobalinformativo","tag-emprendedores","tag-expocibao","tag-raquelpena","tag-respaldo","tag-visita"],"yoast_head":"<!-- This site is optimized with the Yoast SEO plugin v26.9 - https:\/\/yoast.com\/product\/yoast-seo-wordpress\/ -->\n<title>Raquel Pe\u00f1a sorprende con visita a la Expo Cibao - EL GLOBAL INFORMATIVO<\/title>\n<meta name=\"robots\" content=\"index, follow, max-snippet:-1, max-image-preview:large, max-video-preview:-1\" \/>\n<link rel=\"canonical\" href=\"https:\/\/elglobal.do\/index.php\/2025\/10\/06\/raquel-pena-sorprende-con-visita-a-la-expo-cibao\/\" \/>\n<meta property=\"og:locale\" content=\"es_ES\" \/>\n<meta property=\"og:type\" content=\"article\" \/>\n<meta property=\"og:title\" content=\"Raquel Pe\u00f1a sorprende con visita a la Expo Cibao - EL GLOBAL INFORMATIVO\" \/>\n<meta property=\"og:description\" content=\"La vicepresidenta reafirm\u00f3 el respaldo del Gobierno al dinamismo econ\u00f3mico del Cibao y destac\u00f3 la fuerza productiva de la regi\u00f3n como orgullo nacional. Santiago. \u2013 La vicepresidenta de la Rep\u00fablica,&hellip;\" \/>\n<meta property=\"og:url\" content=\"https:\/\/elglobal.do\/index.php\/2025\/10\/06\/raquel-pena-sorprende-con-visita-a-la-expo-cibao\/\" \/>\n<meta property=\"og:site_name\" content=\"EL GLOBAL INFORMATIVO\" \/>\n<meta property=\"article:published_time\" content=\"2025-10-06T13:53:48+00:00\" \/>\n<meta property=\"article:modified_time\" content=\"2025-10-06T13:53:51+00:00\" \/>\n<meta property=\"og:image\" content=\"https:\/\/elglobal.do\/wp-content\/uploads\/2025\/10\/Raquel.jpeg\" \/>\n\t<meta property=\"og:image:width\" content=\"1280\" \/>\n\t<meta property=\"og:image:height\" content=\"854\" \/>\n\t<meta property=\"og:image:type\" content=\"image\/jpeg\" \/>\n<meta name=\"author\" content=\"EL GLOBAL\" \/>\n<meta name=\"twitter:card\" content=\"summary_large_image\" \/>\n<meta name=\"twitter:label1\" content=\"Escrito por\" \/>\n\t<meta name=\"twitter:data1\" content=\"EL GLOBAL\" \/>\n\t<meta name=\"twitter:label2\" content=\"Tiempo de lectura\" \/>\n\t<meta name=\"twitter:data2\" content=\"3 minutos\" \/>\n<script type=\"application\/ld+json\" class=\"yoast-schema-graph\">{\"@context\":\"https:\/\/schema.org\",\"@graph\":[{\"@type\":\"Article\",\"@id\":\"https:\/\/elglobal.do\/index.php\/2025\/10\/06\/raquel-pena-sorprende-con-visita-a-la-expo-cibao\/#article\",\"isPartOf\":{\"@id\":\"https:\/\/elglobal.do\/index.php\/2025\/10\/06\/raquel-pena-sorprende-con-visita-a-la-expo-cibao\/\"},\"author\":{\"name\":\"EL GLOBAL\",\"@id\":\"https:\/\/elglobal.do\/#\/schema\/person\/0c97ec2c7714fb605d230c292f64d55f\"},\"headline\":\"Raquel Pe\u00f1a sorprende con visita a la Expo Cibao\",\"datePublished\":\"2025-10-06T13:53:48+00:00\",\"dateModified\":\"2025-10-06T13:53:51+00:00\",\"mainEntityOfPage\":{\"@id\":\"https:\/\/elglobal.do\/index.php\/2025\/10\/06\/raquel-pena-sorprende-con-visita-a-la-expo-cibao\/\"},\"wordCount\":512,\"commentCount\":0,\"publisher\":{\"@id\":\"https:\/\/elglobal.do\/#organization\"},\"image\":{\"@id\":\"https:\/\/elglobal.do\/index.php\/2025\/10\/06\/raquel-pena-sorprende-con-visita-a-la-expo-cibao\/#primaryimage\"},\"thumbnailUrl\":\"https:\/\/elglobal.do\/wp-content\/uploads\/2025\/10\/Raquel.jpeg\",\"keywords\":[\"#dinamismo\",\"#ElGlobalInformativo\",\"#emprendedores\",\"#ExpoCibao\",\"#RaquelPe\u00f1a\",\"#respaldo\",\"#visita\"],\"articleSection\":[\"NACIONALES\",\"NOTICIAS RELEVANTES\"],\"inLanguage\":\"es\",\"potentialAction\":[{\"@type\":\"CommentAction\",\"name\":\"Comment\",\"target\":[\"https:\/\/elglobal.do\/index.php\/2025\/10\/06\/raquel-pena-sorprende-con-visita-a-la-expo-cibao\/#respond\"]}]},{\"@type\":\"WebPage\",\"@id\":\"https:\/\/elglobal.do\/index.php\/2025\/10\/06\/raquel-pena-sorprende-con-visita-a-la-expo-cibao\/\",\"url\":\"https:\/\/elglobal.do\/index.php\/2025\/10\/06\/raquel-pena-sorprende-con-visita-a-la-expo-cibao\/\",\"name\":\"Raquel Pe\u00f1a sorprende con visita a la Expo Cibao - EL GLOBAL INFORMATIVO\",\"isPartOf\":{\"@id\":\"https:\/\/elglobal.do\/#website\"},\"primaryImageOfPage\":{\"@id\":\"https:\/\/elglobal.do\/index.php\/2025\/10\/06\/raquel-pena-sorprende-con-visita-a-la-expo-cibao\/#primaryimage\"},\"image\":{\"@id\":\"https:\/\/elglobal.do\/index.php\/2025\/10\/06\/raquel-pena-sorprende-con-visita-a-la-expo-cibao\/#primaryimage\"},\"thumbnailUrl\":\"https:\/\/elglobal.do\/wp-content\/uploads\/2025\/10\/Raquel.jpeg\",\"datePublished\":\"2025-10-06T13:53:48+00:00\",\"dateModified\":\"2025-10-06T13:53:51+00:00\",\"breadcrumb\":{\"@id\":\"https:\/\/elglobal.do\/index.php\/2025\/10\/06\/raquel-pena-sorprende-con-visita-a-la-expo-cibao\/#breadcrumb\"},\"inLanguage\":\"es\",\"potentialAction\":[{\"@type\":\"ReadAction\",\"target\":[\"https:\/\/elglobal.do\/index.php\/2025\/10\/06\/raquel-pena-sorprende-con-visita-a-la-expo-cibao\/\"]}]},{\"@type\":\"ImageObject\",\"inLanguage\":\"es\",\"@id\":\"https:\/\/elglobal.do\/index.php\/2025\/10\/06\/raquel-pena-sorprende-con-visita-a-la-expo-cibao\/#primaryimage\",\"url\":\"https:\/\/elglobal.do\/wp-content\/uploads\/2025\/10\/Raquel.jpeg\",\"contentUrl\":\"https:\/\/elglobal.do\/wp-content\/uploads\/2025\/10\/Raquel.jpeg\",\"width\":1280,\"height\":854},{\"@type\":\"BreadcrumbList\",\"@id\":\"https:\/\/elglobal.do\/index.php\/2025\/10\/06\/raquel-pena-sorprende-con-visita-a-la-expo-cibao\/#breadcrumb\",\"itemListElement\":[{\"@type\":\"ListItem\",\"position\":1,\"name\":\"Portada\",\"item\":\"https:\/\/elglobal.do\/\"},{\"@type\":\"ListItem\",\"position\":2,\"name\":\"Raquel Pe\u00f1a sorprende con visita a la Expo Cibao\"}]},{\"@type\":\"WebSite\",\"@id\":\"https:\/\/elglobal.do\/#website\",\"url\":\"https:\/\/elglobal.do\/\",\"name\":\"EL GLOBAL INFORMATIVO\",\"description\":\"Peri\u00f3dico digital de la Rep\u00fablica Dominicana que ofrece noticias, novedades, pol\u00edtica y las \u00faltimas actualidades, con informaci\u00f3n veraz y oportuna para mantenerte siempre informad\",\"publisher\":{\"@id\":\"https:\/\/elglobal.do\/#organization\"},\"potentialAction\":[{\"@type\":\"SearchAction\",\"target\":{\"@type\":\"EntryPoint\",\"urlTemplate\":\"https:\/\/elglobal.do\/?s={search_term_string}\"},\"query-input\":{\"@type\":\"PropertyValueSpecification\",\"valueRequired\":true,\"valueName\":\"search_term_string\"}}],\"inLanguage\":\"es\"},{\"@type\":\"Organization\",\"@id\":\"https:\/\/elglobal.do\/#organization\",\"name\":\"EL GLOBAL.DO INFORMATIVO\",\"url\":\"https:\/\/elglobal.do\/\",\"logo\":{\"@type\":\"ImageObject\",\"inLanguage\":\"es\",\"@id\":\"https:\/\/elglobal.do\/#\/schema\/logo\/image\/\",\"url\":\"https:\/\/elglobal.do\/wp-content\/uploads\/2025\/08\/icon.png\",\"contentUrl\":\"https:\/\/elglobal.do\/wp-content\/uploads\/2025\/08\/icon.png\",\"width\":512,\"height\":512,\"caption\":\"EL GLOBAL.DO INFORMATIVO\"},\"image\":{\"@id\":\"https:\/\/elglobal.do\/#\/schema\/logo\/image\/\"}},{\"@type\":\"Person\",\"@id\":\"https:\/\/elglobal.do\/#\/schema\/person\/0c97ec2c7714fb605d230c292f64d55f\",\"name\":\"EL GLOBAL\",\"image\":{\"@type\":\"ImageObject\",\"inLanguage\":\"es\",\"@id\":\"https:\/\/elglobal.do\/#\/schema\/person\/image\/\",\"url\":\"https:\/\/secure.gravatar.com\/avatar\/081cfb6cf99faddc6f4e23a0c11ab98c5cf302925382d1c88dc3ed757ab910a3?s=96&d=mm&r=g\",\"contentUrl\":\"https:\/\/secure.gravatar.com\/avatar\/081cfb6cf99faddc6f4e23a0c11ab98c5cf302925382d1c88dc3ed757ab910a3?s=96&d=mm&r=g\",\"caption\":\"EL GLOBAL\"},\"description\":\"El Global Informativo es un peri\u00f3dico digital de Rep\u00fablica Dominicana que se dedica a cubrir temas importantes, como la pol\u00edtica local, geopol\u00edtica, econom\u00eda, tecnolog\u00eda, noticias internacionales y eventos relacionados con la gesti\u00f3n social, cultural y humana. Su objetivo principal es mantener a la poblaci\u00f3n informada, ofreciendo una visi\u00f3n amplia y actualizada de lo que sucede tanto en el pa\u00eds como en el mundo. Est\u00e1 dirigido por un grupo de periodistas experimentados, lo que garantiza la calidad y la precisi\u00f3n de la informaci\u00f3n que ofrecen. Tiene su sede en la ciudad de Santo Domingo y es parte integral del portafolio de la empresa, MC Global S.R.L.\",\"sameAs\":[\"https:\/\/elglobal.do\",\"https:\/\/www.instagram.com\/elglobal.do_informativo\/\"],\"url\":\"https:\/\/elglobal.do\/index.php\/author\/elglobaluserpro\/\"}]}<\/script>\n<!-- \/ Yoast SEO plugin. -->","yoast_head_json":{"title":"Raquel Pe\u00f1a sorprende con visita a la Expo Cibao - EL GLOBAL INFORMATIVO","robots":{"index":"index","follow":"follow","max-snippet":"max-snippet:-1","max-image-preview":"max-image-preview:large","max-video-preview":"max-video-preview:-1"},"canonical":"https:\/\/elglobal.do\/index.php\/2025\/10\/06\/raquel-pena-sorprende-con-visita-a-la-expo-cibao\/","og_locale":"es_ES","og_type":"article","og_title":"Raquel Pe\u00f1a sorprende con visita a la Expo Cibao - EL GLOBAL INFORMATIVO","og_description":"La vicepresidenta reafirm\u00f3 el respaldo del Gobierno al dinamismo econ\u00f3mico del Cibao y destac\u00f3 la fuerza productiva de la regi\u00f3n como orgullo nacional. Santiago. \u2013 La vicepresidenta de la Rep\u00fablica,&hellip;","og_url":"https:\/\/elglobal.do\/index.php\/2025\/10\/06\/raquel-pena-sorprende-con-visita-a-la-expo-cibao\/","og_site_name":"EL GLOBAL INFORMATIVO","article_published_time":"2025-10-06T13:53:48+00:00","article_modified_time":"2025-10-06T13:53:51+00:00","og_image":[{"width":1280,"height":854,"url":"https:\/\/elglobal.do\/wp-content\/uploads\/2025\/10\/Raquel.jpeg","type":"image\/jpeg"}],"author":"EL GLOBAL","twitter_card":"summary_large_image","twitter_misc":{"Escrito por":"EL GLOBAL","Tiempo de lectura":"3 minutos"},"schema":{"@context":"https:\/\/schema.org","@graph":[{"@type":"Article","@id":"https:\/\/elglobal.do\/index.php\/2025\/10\/06\/raquel-pena-sorprende-con-visita-a-la-expo-cibao\/#article","isPartOf":{"@id":"https:\/\/elglobal.do\/index.php\/2025\/10\/06\/raquel-pena-sorprende-con-visita-a-la-expo-cibao\/"},"author":{"name":"EL GLOBAL","@id":"https:\/\/elglobal.do\/#\/schema\/person\/0c97ec2c7714fb605d230c292f64d55f"},"headline":"Raquel Pe\u00f1a sorprende con visita a la Expo Cibao","datePublished":"2025-10-06T13:53:48+00:00","dateModified":"2025-10-06T13:53:51+00:00","mainEntityOfPage":{"@id":"https:\/\/elglobal.do\/index.php\/2025\/10\/06\/raquel-pena-sorprende-con-visita-a-la-expo-cibao\/"},"wordCount":512,"commentCount":0,"publisher":{"@id":"https:\/\/elglobal.do\/#organization"},"image":{"@id":"https:\/\/elglobal.do\/index.php\/2025\/10\/06\/raquel-pena-sorprende-con-visita-a-la-expo-cibao\/#primaryimage"},"thumbnailUrl":"https:\/\/elglobal.do\/wp-content\/uploads\/2025\/10\/Raquel.jpeg","keywords":["#dinamismo","#ElGlobalInformativo","#emprendedores","#ExpoCibao","#RaquelPe\u00f1a","#respaldo","#visita"],"articleSection":["NACIONALES","NOTICIAS RELEVANTES"],"inLanguage":"es","potentialAction":[{"@type":"CommentAction","name":"Comment","target":["https:\/\/elglobal.do\/index.php\/2025\/10\/06\/raquel-pena-sorprende-con-visita-a-la-expo-cibao\/#respond"]}]},{"@type":"WebPage","@id":"https:\/\/elglobal.do\/index.php\/2025\/10\/06\/raquel-pena-sorprende-con-visita-a-la-expo-cibao\/","url":"https:\/\/elglobal.do\/index.php\/2025\/10\/06\/raquel-pena-sorprende-con-visita-a-la-expo-cibao\/","name":"Raquel Pe\u00f1a sorprende con visita a la Expo Cibao - EL GLOBAL INFORMATIVO","isPartOf":{"@id":"https:\/\/elglobal.do\/#website"},"primaryImageOfPage":{"@id":"https:\/\/elglobal.do\/index.php\/2025\/10\/06\/raquel-pena-sorprende-con-visita-a-la-expo-cibao\/#primaryimage"},"image":{"@id":"https:\/\/elglobal.do\/index.php\/2025\/10\/06\/raquel-pena-sorprende-con-visita-a-la-expo-cibao\/#primaryimage"},"thumbnailUrl":"https:\/\/elglobal.do\/wp-content\/uploads\/2025\/10\/Raquel.jpeg","datePublished":"2025-10-06T13:53:48+00:00","dateModified":"2025-10-06T13:53:51+00:00","breadcrumb":{"@id":"https:\/\/elglobal.do\/index.php\/2025\/10\/06\/raquel-pena-sorprende-con-visita-a-la-expo-cibao\/#breadcrumb"},"inLanguage":"es","potentialAction":[{"@type":"ReadAction","target":["https:\/\/elglobal.do\/index.php\/2025\/10\/06\/raquel-pena-sorprende-con-visita-a-la-expo-cibao\/"]}]},{"@type":"ImageObject","inLanguage":"es","@id":"https:\/\/elglobal.do\/index.php\/2025\/10\/06\/raquel-pena-sorprende-con-visita-a-la-expo-cibao\/#primaryimage","url":"https:\/\/elglobal.do\/wp-content\/uploads\/2025\/10\/Raquel.jpeg","contentUrl":"https:\/\/elglobal.do\/wp-content\/uploads\/2025\/10\/Raquel.jpeg","width":1280,"height":854},{"@type":"BreadcrumbList","@id":"https:\/\/elglobal.do\/index.php\/2025\/10\/06\/raquel-pena-sorprende-con-visita-a-la-expo-cibao\/#breadcrumb","itemListElement":[{"@type":"ListItem","position":1,"name":"Portada","item":"https:\/\/elglobal.do\/"},{"@type":"ListItem","position":2,"name":"Raquel Pe\u00f1a sorprende con visita a la Expo Cibao"}]},{"@type":"WebSite","@id":"https:\/\/elglobal.do\/#website","url":"https:\/\/elglobal.do\/","name":"EL GLOBAL INFORMATIVO","description":"Peri\u00f3dico digital de la Rep\u00fablica Dominicana que ofrece noticias, novedades, pol\u00edtica y las \u00faltimas actualidades, con informaci\u00f3n veraz y oportuna para mantenerte siempre informad","publisher":{"@id":"https:\/\/elglobal.do\/#organization"},"potentialAction":[{"@type":"SearchAction","target":{"@type":"EntryPoint","urlTemplate":"https:\/\/elglobal.do\/?s={search_term_string}"},"query-input":{"@type":"PropertyValueSpecification","valueRequired":true,"valueName":"search_term_string"}}],"inLanguage":"es"},{"@type":"Organization","@id":"https:\/\/elglobal.do\/#organization","name":"EL GLOBAL.DO INFORMATIVO","url":"https:\/\/elglobal.do\/","logo":{"@type":"ImageObject","inLanguage":"es","@id":"https:\/\/elglobal.do\/#\/schema\/logo\/image\/","url":"https:\/\/elglobal.do\/wp-content\/uploads\/2025\/08\/icon.png","contentUrl":"https:\/\/elglobal.do\/wp-content\/uploads\/2025\/08\/icon.png","width":512,"height":512,"caption":"EL GLOBAL.DO INFORMATIVO"},"image":{"@id":"https:\/\/elglobal.do\/#\/schema\/logo\/image\/"}},{"@type":"Person","@id":"https:\/\/elglobal.do\/#\/schema\/person\/0c97ec2c7714fb605d230c292f64d55f","name":"EL GLOBAL","image":{"@type":"ImageObject","inLanguage":"es","@id":"https:\/\/elglobal.do\/#\/schema\/person\/image\/","url":"https:\/\/secure.gravatar.com\/avatar\/081cfb6cf99faddc6f4e23a0c11ab98c5cf302925382d1c88dc3ed757ab910a3?s=96&d=mm&r=g","contentUrl":"https:\/\/secure.gravatar.com\/avatar\/081cfb6cf99faddc6f4e23a0c11ab98c5cf302925382d1c88dc3ed757ab910a3?s=96&d=mm&r=g","caption":"EL GLOBAL"},"description":"El Global Informativo es un peri\u00f3dico digital de Rep\u00fablica Dominicana que se dedica a cubrir temas importantes, como la pol\u00edtica local, geopol\u00edtica, econom\u00eda, tecnolog\u00eda, noticias internacionales y eventos relacionados con la gesti\u00f3n social, cultural y humana. Su objetivo principal es mantener a la poblaci\u00f3n informada, ofreciendo una visi\u00f3n amplia y actualizada de lo que sucede tanto en el pa\u00eds como en el mundo. Est\u00e1 dirigido por un grupo de periodistas experimentados, lo que garantiza la calidad y la precisi\u00f3n de la informaci\u00f3n que ofrecen. Tiene su sede en la ciudad de Santo Domingo y es parte integral del portafolio de la empresa, MC Global S.R.L.","sameAs":["https:\/\/elglobal.do","https:\/\/www.instagram.com\/elglobal.do_informativo\/"],"url":"https:\/\/elglobal.do\/index.php\/author\/elglobaluserpro\/"}]}},"jetpack_featured_media_url":"https:\/\/elglobal.do\/wp-content\/uploads\/2025\/10\/Raquel.jpeg","jetpack_sharing_enabled":true,"_links":{"self":[{"href":"https:\/\/elglobal.do\/index.php\/wp-json\/wp\/v2\/posts\/2849","targetHints":{"allow":["GET"]}}],"collection":[{"href":"https:\/\/elglobal.do\/index.php\/wp-json\/wp\/v2\/posts"}],"about":[{"href":"https:\/\/elglobal.do\/index.php\/wp-json\/wp\/v2\/types\/post"}],"author":[{"embeddable":true,"href":"https:\/\/elglobal.do\/index.php\/wp-json\/wp\/v2\/users\/1"}],"replies":[{"embeddable":true,"href":"https:\/\/elglobal.do\/index.php\/wp-json\/wp\/v2\/comments?post=2849"}],"version-history":[{"count":1,"href":"https:\/\/elglobal.do\/index.php\/wp-json\/wp\/v2\/posts\/2849\/revisions"}],"predecessor-version":[{"id":2860,"href":"https:\/\/elglobal.do\/index.php\/wp-json\/wp\/v2\/posts\/2849\/revisions\/2860"}],"wp:featuredmedia":[{"embeddable":true,"href":"https:\/\/elglobal.do\/index.php\/wp-json\/wp\/v2\/media\/2853"}],"wp:attachment":[{"href":"https:\/\/elglobal.do\/index.php\/wp-json\/wp\/v2\/media?parent=2849"}],"wp:term":[{"taxonomy":"category","embeddable":true,"href":"https:\/\/elglobal.do\/index.php\/wp-json\/wp\/v2\/categories?post=2849"},{"taxonomy":"post_tag","embeddable":true,"href":"https:\/\/elglobal.do\/index.php\/wp-json\/wp\/v2\/tags?post=2849"}],"curies":[{"name":"wp","href":"https:\/\/api.w.org\/{rel}","templated":true}]}}