{"id":2874,"date":"2025-10-06T11:28:05","date_gmt":"2025-10-06T15:28:05","guid":{"rendered":"https:\/\/elglobal.do\/?p=2874"},"modified":"2025-10-06T11:31:50","modified_gmt":"2025-10-06T15:31:50","slug":"modelos-plus-sizes-desafian-canones-de-belleza-en-pasarela-del-rdfw-2025","status":"publish","type":"post","link":"https:\/\/elglobal.do\/index.php\/2025\/10\/06\/modelos-plus-sizes-desafian-canones-de-belleza-en-pasarela-del-rdfw-2025\/","title":{"rendered":"Modelos Plus Sizes desaf\u00edan c\u00e1nones de belleza en pasarela del RDFW 2025"},"content":{"rendered":"\n<figure class=\"wp-block-image size-large\"><img loading=\"lazy\" decoding=\"async\" width=\"1024\" height=\"683\" src=\"https:\/\/elglobal.do\/wp-content\/uploads\/2025\/10\/Modelo-1024x683.jpeg\" alt=\"\" class=\"wp-image-2878\" srcset=\"https:\/\/elglobal.do\/wp-content\/uploads\/2025\/10\/Modelo-1024x683.jpeg 1024w, https:\/\/elglobal.do\/wp-content\/uploads\/2025\/10\/Modelo-300x200.jpeg 300w, https:\/\/elglobal.do\/wp-content\/uploads\/2025\/10\/Modelo-768x512.jpeg 768w, https:\/\/elglobal.do\/wp-content\/uploads\/2025\/10\/Modelo.jpeg 1280w\" sizes=\"auto, (max-width: 1024px) 100vw, 1024px\" \/><\/figure>\n\n\n\n<p><strong>Santo Domingo. &#8211;<\/strong> La agencia de moda para mujeres Plus Sizes, CurveModels RD, desafi\u00f3 los c\u00e1nones de belleza tras celebrar el desfile por la Inclusi\u00f3n realizado en el marco del Rep\u00fablica Dominicana Fashion Week (RD Fashion Week), organizado por el Departamento de Derechos Humanos y la Unidad de Reinserci\u00f3n de Repatriados del Ministerio P\u00fablico dirigido por la fiscal Danissa Cruz Taveras.<\/p>\n\n\n\n<p>La plataforma de exposici\u00f3n de nuevos talentos para tallas grandes es la \u00fanica en el pa\u00eds que forma a las modelos m\u00e1s all\u00e1 de los flashes y las tablas, ofreciendo educaci\u00f3n integral para todas aquellas que quieran participar del mundo de la moda local.<\/p>\n\n\n\n<p>Un conjunto de diez modelos pertenecientes a la belleza en todas las tallas mostr\u00f3 una colecci\u00f3n fresca de verano, transmitiendo seguridad y esencia, siendo una forma de empoderamiento individual que se proyecta a la sociedad, pero sobre todo hacia la mujer dominicana.<\/p>\n\n\n\n<p>Olga Verg\u00e9s, gestora de este proyecto, explic\u00f3 que decidi\u00f3 iniciar esta revoluci\u00f3n \u201ccurvy\u2019\u2019 debido a mediados del 2020 en el pa\u00eds no exist\u00eda ninguna escuela de modelaje que trabajara con prospectos XL.<\/p>\n\n\n\n<p>De acuerdo con Verg\u00e9s, Curve Models RD, funciona en dos vertientes: como una escuela, donde las j\u00f3venes se forman en tres m\u00f3dulos durante un a\u00f1o. Y como agencia, luego de que las estudiantes pasan a formar parte como talentos.<\/p>\n\n\n\n<p>Dijo que es la quinta vez que la agencia participa en el Rep\u00fablica Dominicana Fashion Week dentro del desfile &#8216;Moda por la Inclusi\u00f3n&#8217;, agradeci\u00f3 a los organizadores por la oportunidad de formar parte de la iniciativa y de fomentar los derechos igualitarios en las personas, y exhort\u00f3 a las mujeres con curvas a formar parte de esta experiencia y confiar en s\u00ed mismas para seguir sus sue\u00f1os.<\/p>\n\n\n\n<p>La colectiva estuvo conformado por Geydi de Le\u00f3n, Mily Peguero, Jarolyn C\u00e1ceres, Katherine Jim\u00e9nez, Yarielkys Suriel, Arlin de Moya, Yesica Santana, Ludy de Jes\u00fas, Emely Rodr\u00edguez, y la modelo venezolana plus sizes Jhoanny Valentina.<\/p>\n\n\n\n<p>Por otro lado, bajo el lema \u201cLa libertad que nos une\u201d se presentaron mujeres y hombres privados de libertad, ni\u00f1os, ni\u00f1as y adolescentes en situaci\u00f3n de calle y adultos mayores demostrando sus destrezas en pasarela para promover la inclusi\u00f3n y la igualdad como derechos humanos.<\/p>\n\n\n\n<p>Durante el evento, la procuradora general, Yeni Berenice Reynoso, lanz\u00f3 Liberty RD, una marca que ser\u00e1 gestionada por la Direcci\u00f3n General de Servicios Penitenciarios y Correccionales (DGSPC), y que tiene el prop\u00f3sito de lograr un mayor posicionamiento, reconocimiento social y mercadeo m\u00e1s efectivo de los productos elaborados por las personas privadas de libertad y cuyo beneficio econ\u00f3mico va directamente a los internos y a sus familiares.<\/p>\n\n\n\n<p>Sostuvo que en la celebraci\u00f3n late la dignidad humana, un valor establecido en la Constituci\u00f3n dominicana y que sirve de base para la protecci\u00f3n real y efectiva de los derechos fundamentales. <\/p>\n","protected":false},"excerpt":{"rendered":"<p>Santo Domingo. &#8211; La agencia de moda para mujeres Plus Sizes, CurveModels RD, desafi\u00f3 los c\u00e1nones de belleza tras celebrar el desfile por la Inclusi\u00f3n realizado en el marco del&hellip; <\/p>\n","protected":false},"author":1,"featured_media":2877,"comment_status":"open","ping_status":"open","sticky":false,"template":"","format":"standard","meta":{"_jetpack_memberships_contains_paid_content":false,"footnotes":""},"categories":[14,327],"tags":[1573,1577,1575,98,1572,1571,1574,1576],"class_list":["post-2874","post","type-post","status-publish","format-standard","has-post-thumbnail","hentry","category-slider","category-sociales","tag-belleza","tag-canones","tag-desafio","tag-elglobalinformativo","tag-inclusion","tag-modelosplussizes","tag-pasarela","tag-rdfw2025"],"yoast_head":"<!-- This site is optimized with the Yoast SEO plugin v26.9 - https:\/\/yoast.com\/product\/yoast-seo-wordpress\/ -->\n<title>Modelos Plus Sizes desaf\u00edan c\u00e1nones de belleza en pasarela del RDFW 2025 - EL GLOBAL INFORMATIVO<\/title>\n<meta name=\"robots\" content=\"index, follow, max-snippet:-1, max-image-preview:large, max-video-preview:-1\" \/>\n<link rel=\"canonical\" href=\"https:\/\/elglobal.do\/index.php\/2025\/10\/06\/modelos-plus-sizes-desafian-canones-de-belleza-en-pasarela-del-rdfw-2025\/\" \/>\n<meta property=\"og:locale\" content=\"es_ES\" \/>\n<meta property=\"og:type\" content=\"article\" \/>\n<meta property=\"og:title\" content=\"Modelos Plus Sizes desaf\u00edan c\u00e1nones de belleza en pasarela del RDFW 2025 - EL GLOBAL INFORMATIVO\" \/>\n<meta property=\"og:description\" content=\"Santo Domingo. &#8211; La agencia de moda para mujeres Plus Sizes, CurveModels RD, desafi\u00f3 los c\u00e1nones de belleza tras celebrar el desfile por la Inclusi\u00f3n realizado en el marco del&hellip;\" \/>\n<meta property=\"og:url\" content=\"https:\/\/elglobal.do\/index.php\/2025\/10\/06\/modelos-plus-sizes-desafian-canones-de-belleza-en-pasarela-del-rdfw-2025\/\" \/>\n<meta property=\"og:site_name\" content=\"EL GLOBAL INFORMATIVO\" \/>\n<meta property=\"article:published_time\" content=\"2025-10-06T15:28:05+00:00\" \/>\n<meta property=\"article:modified_time\" content=\"2025-10-06T15:31:50+00:00\" \/>\n<meta property=\"og:image\" content=\"https:\/\/elglobal.do\/wp-content\/uploads\/2025\/10\/Modelos.jpeg\" \/>\n\t<meta property=\"og:image:width\" content=\"1280\" \/>\n\t<meta property=\"og:image:height\" content=\"1280\" \/>\n\t<meta property=\"og:image:type\" content=\"image\/jpeg\" \/>\n<meta name=\"author\" content=\"EL GLOBAL\" \/>\n<meta name=\"twitter:card\" content=\"summary_large_image\" \/>\n<meta name=\"twitter:label1\" content=\"Escrito por\" \/>\n\t<meta name=\"twitter:data1\" content=\"EL GLOBAL\" \/>\n\t<meta name=\"twitter:label2\" content=\"Tiempo de lectura\" \/>\n\t<meta name=\"twitter:data2\" content=\"3 minutos\" \/>\n<script type=\"application\/ld+json\" class=\"yoast-schema-graph\">{\"@context\":\"https:\/\/schema.org\",\"@graph\":[{\"@type\":\"Article\",\"@id\":\"https:\/\/elglobal.do\/index.php\/2025\/10\/06\/modelos-plus-sizes-desafian-canones-de-belleza-en-pasarela-del-rdfw-2025\/#article\",\"isPartOf\":{\"@id\":\"https:\/\/elglobal.do\/index.php\/2025\/10\/06\/modelos-plus-sizes-desafian-canones-de-belleza-en-pasarela-del-rdfw-2025\/\"},\"author\":{\"name\":\"EL GLOBAL\",\"@id\":\"https:\/\/elglobal.do\/#\/schema\/person\/0c97ec2c7714fb605d230c292f64d55f\"},\"headline\":\"Modelos Plus Sizes desaf\u00edan c\u00e1nones de belleza en pasarela del RDFW 2025\",\"datePublished\":\"2025-10-06T15:28:05+00:00\",\"dateModified\":\"2025-10-06T15:31:50+00:00\",\"mainEntityOfPage\":{\"@id\":\"https:\/\/elglobal.do\/index.php\/2025\/10\/06\/modelos-plus-sizes-desafian-canones-de-belleza-en-pasarela-del-rdfw-2025\/\"},\"wordCount\":510,\"commentCount\":0,\"publisher\":{\"@id\":\"https:\/\/elglobal.do\/#organization\"},\"image\":{\"@id\":\"https:\/\/elglobal.do\/index.php\/2025\/10\/06\/modelos-plus-sizes-desafian-canones-de-belleza-en-pasarela-del-rdfw-2025\/#primaryimage\"},\"thumbnailUrl\":\"https:\/\/elglobal.do\/wp-content\/uploads\/2025\/10\/Modelos.jpeg\",\"keywords\":[\"#belleza\",\"#c\u00e1nones\",\"#desaf\u00edo\",\"#ElGlobalInformativo\",\"#Inclusi\u00f3n\",\"#ModelosPlusSizes\",\"#pasarela\",\"#RDFW2025\"],\"articleSection\":[\"NOTICIAS RELEVANTES\",\"SOCIALES\"],\"inLanguage\":\"es\",\"potentialAction\":[{\"@type\":\"CommentAction\",\"name\":\"Comment\",\"target\":[\"https:\/\/elglobal.do\/index.php\/2025\/10\/06\/modelos-plus-sizes-desafian-canones-de-belleza-en-pasarela-del-rdfw-2025\/#respond\"]}]},{\"@type\":\"WebPage\",\"@id\":\"https:\/\/elglobal.do\/index.php\/2025\/10\/06\/modelos-plus-sizes-desafian-canones-de-belleza-en-pasarela-del-rdfw-2025\/\",\"url\":\"https:\/\/elglobal.do\/index.php\/2025\/10\/06\/modelos-plus-sizes-desafian-canones-de-belleza-en-pasarela-del-rdfw-2025\/\",\"name\":\"Modelos Plus Sizes desaf\u00edan c\u00e1nones de belleza en pasarela del RDFW 2025 - EL GLOBAL INFORMATIVO\",\"isPartOf\":{\"@id\":\"https:\/\/elglobal.do\/#website\"},\"primaryImageOfPage\":{\"@id\":\"https:\/\/elglobal.do\/index.php\/2025\/10\/06\/modelos-plus-sizes-desafian-canones-de-belleza-en-pasarela-del-rdfw-2025\/#primaryimage\"},\"image\":{\"@id\":\"https:\/\/elglobal.do\/index.php\/2025\/10\/06\/modelos-plus-sizes-desafian-canones-de-belleza-en-pasarela-del-rdfw-2025\/#primaryimage\"},\"thumbnailUrl\":\"https:\/\/elglobal.do\/wp-content\/uploads\/2025\/10\/Modelos.jpeg\",\"datePublished\":\"2025-10-06T15:28:05+00:00\",\"dateModified\":\"2025-10-06T15:31:50+00:00\",\"breadcrumb\":{\"@id\":\"https:\/\/elglobal.do\/index.php\/2025\/10\/06\/modelos-plus-sizes-desafian-canones-de-belleza-en-pasarela-del-rdfw-2025\/#breadcrumb\"},\"inLanguage\":\"es\",\"potentialAction\":[{\"@type\":\"ReadAction\",\"target\":[\"https:\/\/elglobal.do\/index.php\/2025\/10\/06\/modelos-plus-sizes-desafian-canones-de-belleza-en-pasarela-del-rdfw-2025\/\"]}]},{\"@type\":\"ImageObject\",\"inLanguage\":\"es\",\"@id\":\"https:\/\/elglobal.do\/index.php\/2025\/10\/06\/modelos-plus-sizes-desafian-canones-de-belleza-en-pasarela-del-rdfw-2025\/#primaryimage\",\"url\":\"https:\/\/elglobal.do\/wp-content\/uploads\/2025\/10\/Modelos.jpeg\",\"contentUrl\":\"https:\/\/elglobal.do\/wp-content\/uploads\/2025\/10\/Modelos.jpeg\",\"width\":1280,\"height\":1280},{\"@type\":\"BreadcrumbList\",\"@id\":\"https:\/\/elglobal.do\/index.php\/2025\/10\/06\/modelos-plus-sizes-desafian-canones-de-belleza-en-pasarela-del-rdfw-2025\/#breadcrumb\",\"itemListElement\":[{\"@type\":\"ListItem\",\"position\":1,\"name\":\"Portada\",\"item\":\"https:\/\/elglobal.do\/\"},{\"@type\":\"ListItem\",\"position\":2,\"name\":\"Modelos Plus Sizes desaf\u00edan c\u00e1nones de belleza en pasarela del RDFW 2025\"}]},{\"@type\":\"WebSite\",\"@id\":\"https:\/\/elglobal.do\/#website\",\"url\":\"https:\/\/elglobal.do\/\",\"name\":\"EL GLOBAL INFORMATIVO\",\"description\":\"Peri\u00f3dico digital de la Rep\u00fablica Dominicana que ofrece noticias, novedades, pol\u00edtica y las \u00faltimas actualidades, con informaci\u00f3n veraz y oportuna para mantenerte siempre informad\",\"publisher\":{\"@id\":\"https:\/\/elglobal.do\/#organization\"},\"potentialAction\":[{\"@type\":\"SearchAction\",\"target\":{\"@type\":\"EntryPoint\",\"urlTemplate\":\"https:\/\/elglobal.do\/?s={search_term_string}\"},\"query-input\":{\"@type\":\"PropertyValueSpecification\",\"valueRequired\":true,\"valueName\":\"search_term_string\"}}],\"inLanguage\":\"es\"},{\"@type\":\"Organization\",\"@id\":\"https:\/\/elglobal.do\/#organization\",\"name\":\"EL GLOBAL.DO INFORMATIVO\",\"url\":\"https:\/\/elglobal.do\/\",\"logo\":{\"@type\":\"ImageObject\",\"inLanguage\":\"es\",\"@id\":\"https:\/\/elglobal.do\/#\/schema\/logo\/image\/\",\"url\":\"https:\/\/elglobal.do\/wp-content\/uploads\/2025\/08\/icon.png\",\"contentUrl\":\"https:\/\/elglobal.do\/wp-content\/uploads\/2025\/08\/icon.png\",\"width\":512,\"height\":512,\"caption\":\"EL GLOBAL.DO INFORMATIVO\"},\"image\":{\"@id\":\"https:\/\/elglobal.do\/#\/schema\/logo\/image\/\"}},{\"@type\":\"Person\",\"@id\":\"https:\/\/elglobal.do\/#\/schema\/person\/0c97ec2c7714fb605d230c292f64d55f\",\"name\":\"EL GLOBAL\",\"image\":{\"@type\":\"ImageObject\",\"inLanguage\":\"es\",\"@id\":\"https:\/\/elglobal.do\/#\/schema\/person\/image\/\",\"url\":\"https:\/\/secure.gravatar.com\/avatar\/081cfb6cf99faddc6f4e23a0c11ab98c5cf302925382d1c88dc3ed757ab910a3?s=96&d=mm&r=g\",\"contentUrl\":\"https:\/\/secure.gravatar.com\/avatar\/081cfb6cf99faddc6f4e23a0c11ab98c5cf302925382d1c88dc3ed757ab910a3?s=96&d=mm&r=g\",\"caption\":\"EL GLOBAL\"},\"description\":\"El Global Informativo es un peri\u00f3dico digital de Rep\u00fablica Dominicana que se dedica a cubrir temas importantes, como la pol\u00edtica local, geopol\u00edtica, econom\u00eda, tecnolog\u00eda, noticias internacionales y eventos relacionados con la gesti\u00f3n social, cultural y humana. Su objetivo principal es mantener a la poblaci\u00f3n informada, ofreciendo una visi\u00f3n amplia y actualizada de lo que sucede tanto en el pa\u00eds como en el mundo. Est\u00e1 dirigido por un grupo de periodistas experimentados, lo que garantiza la calidad y la precisi\u00f3n de la informaci\u00f3n que ofrecen. Tiene su sede en la ciudad de Santo Domingo y es parte integral del portafolio de la empresa, MC Global S.R.L.\",\"sameAs\":[\"https:\/\/elglobal.do\",\"https:\/\/www.instagram.com\/elglobal.do_informativo\/\"],\"url\":\"https:\/\/elglobal.do\/index.php\/author\/elglobaluserpro\/\"}]}<\/script>\n<!-- \/ Yoast SEO plugin. -->","yoast_head_json":{"title":"Modelos Plus Sizes desaf\u00edan c\u00e1nones de belleza en pasarela del RDFW 2025 - EL GLOBAL INFORMATIVO","robots":{"index":"index","follow":"follow","max-snippet":"max-snippet:-1","max-image-preview":"max-image-preview:large","max-video-preview":"max-video-preview:-1"},"canonical":"https:\/\/elglobal.do\/index.php\/2025\/10\/06\/modelos-plus-sizes-desafian-canones-de-belleza-en-pasarela-del-rdfw-2025\/","og_locale":"es_ES","og_type":"article","og_title":"Modelos Plus Sizes desaf\u00edan c\u00e1nones de belleza en pasarela del RDFW 2025 - EL GLOBAL INFORMATIVO","og_description":"Santo Domingo. &#8211; La agencia de moda para mujeres Plus Sizes, CurveModels RD, desafi\u00f3 los c\u00e1nones de belleza tras celebrar el desfile por la Inclusi\u00f3n realizado en el marco del&hellip;","og_url":"https:\/\/elglobal.do\/index.php\/2025\/10\/06\/modelos-plus-sizes-desafian-canones-de-belleza-en-pasarela-del-rdfw-2025\/","og_site_name":"EL GLOBAL INFORMATIVO","article_published_time":"2025-10-06T15:28:05+00:00","article_modified_time":"2025-10-06T15:31:50+00:00","og_image":[{"width":1280,"height":1280,"url":"https:\/\/elglobal.do\/wp-content\/uploads\/2025\/10\/Modelos.jpeg","type":"image\/jpeg"}],"author":"EL GLOBAL","twitter_card":"summary_large_image","twitter_misc":{"Escrito por":"EL GLOBAL","Tiempo de lectura":"3 minutos"},"schema":{"@context":"https:\/\/schema.org","@graph":[{"@type":"Article","@id":"https:\/\/elglobal.do\/index.php\/2025\/10\/06\/modelos-plus-sizes-desafian-canones-de-belleza-en-pasarela-del-rdfw-2025\/#article","isPartOf":{"@id":"https:\/\/elglobal.do\/index.php\/2025\/10\/06\/modelos-plus-sizes-desafian-canones-de-belleza-en-pasarela-del-rdfw-2025\/"},"author":{"name":"EL GLOBAL","@id":"https:\/\/elglobal.do\/#\/schema\/person\/0c97ec2c7714fb605d230c292f64d55f"},"headline":"Modelos Plus Sizes desaf\u00edan c\u00e1nones de belleza en pasarela del RDFW 2025","datePublished":"2025-10-06T15:28:05+00:00","dateModified":"2025-10-06T15:31:50+00:00","mainEntityOfPage":{"@id":"https:\/\/elglobal.do\/index.php\/2025\/10\/06\/modelos-plus-sizes-desafian-canones-de-belleza-en-pasarela-del-rdfw-2025\/"},"wordCount":510,"commentCount":0,"publisher":{"@id":"https:\/\/elglobal.do\/#organization"},"image":{"@id":"https:\/\/elglobal.do\/index.php\/2025\/10\/06\/modelos-plus-sizes-desafian-canones-de-belleza-en-pasarela-del-rdfw-2025\/#primaryimage"},"thumbnailUrl":"https:\/\/elglobal.do\/wp-content\/uploads\/2025\/10\/Modelos.jpeg","keywords":["#belleza","#c\u00e1nones","#desaf\u00edo","#ElGlobalInformativo","#Inclusi\u00f3n","#ModelosPlusSizes","#pasarela","#RDFW2025"],"articleSection":["NOTICIAS RELEVANTES","SOCIALES"],"inLanguage":"es","potentialAction":[{"@type":"CommentAction","name":"Comment","target":["https:\/\/elglobal.do\/index.php\/2025\/10\/06\/modelos-plus-sizes-desafian-canones-de-belleza-en-pasarela-del-rdfw-2025\/#respond"]}]},{"@type":"WebPage","@id":"https:\/\/elglobal.do\/index.php\/2025\/10\/06\/modelos-plus-sizes-desafian-canones-de-belleza-en-pasarela-del-rdfw-2025\/","url":"https:\/\/elglobal.do\/index.php\/2025\/10\/06\/modelos-plus-sizes-desafian-canones-de-belleza-en-pasarela-del-rdfw-2025\/","name":"Modelos Plus Sizes desaf\u00edan c\u00e1nones de belleza en pasarela del RDFW 2025 - EL GLOBAL INFORMATIVO","isPartOf":{"@id":"https:\/\/elglobal.do\/#website"},"primaryImageOfPage":{"@id":"https:\/\/elglobal.do\/index.php\/2025\/10\/06\/modelos-plus-sizes-desafian-canones-de-belleza-en-pasarela-del-rdfw-2025\/#primaryimage"},"image":{"@id":"https:\/\/elglobal.do\/index.php\/2025\/10\/06\/modelos-plus-sizes-desafian-canones-de-belleza-en-pasarela-del-rdfw-2025\/#primaryimage"},"thumbnailUrl":"https:\/\/elglobal.do\/wp-content\/uploads\/2025\/10\/Modelos.jpeg","datePublished":"2025-10-06T15:28:05+00:00","dateModified":"2025-10-06T15:31:50+00:00","breadcrumb":{"@id":"https:\/\/elglobal.do\/index.php\/2025\/10\/06\/modelos-plus-sizes-desafian-canones-de-belleza-en-pasarela-del-rdfw-2025\/#breadcrumb"},"inLanguage":"es","potentialAction":[{"@type":"ReadAction","target":["https:\/\/elglobal.do\/index.php\/2025\/10\/06\/modelos-plus-sizes-desafian-canones-de-belleza-en-pasarela-del-rdfw-2025\/"]}]},{"@type":"ImageObject","inLanguage":"es","@id":"https:\/\/elglobal.do\/index.php\/2025\/10\/06\/modelos-plus-sizes-desafian-canones-de-belleza-en-pasarela-del-rdfw-2025\/#primaryimage","url":"https:\/\/elglobal.do\/wp-content\/uploads\/2025\/10\/Modelos.jpeg","contentUrl":"https:\/\/elglobal.do\/wp-content\/uploads\/2025\/10\/Modelos.jpeg","width":1280,"height":1280},{"@type":"BreadcrumbList","@id":"https:\/\/elglobal.do\/index.php\/2025\/10\/06\/modelos-plus-sizes-desafian-canones-de-belleza-en-pasarela-del-rdfw-2025\/#breadcrumb","itemListElement":[{"@type":"ListItem","position":1,"name":"Portada","item":"https:\/\/elglobal.do\/"},{"@type":"ListItem","position":2,"name":"Modelos Plus Sizes desaf\u00edan c\u00e1nones de belleza en pasarela del RDFW 2025"}]},{"@type":"WebSite","@id":"https:\/\/elglobal.do\/#website","url":"https:\/\/elglobal.do\/","name":"EL GLOBAL INFORMATIVO","description":"Peri\u00f3dico digital de la Rep\u00fablica Dominicana que ofrece noticias, novedades, pol\u00edtica y las \u00faltimas actualidades, con informaci\u00f3n veraz y oportuna para mantenerte siempre informad","publisher":{"@id":"https:\/\/elglobal.do\/#organization"},"potentialAction":[{"@type":"SearchAction","target":{"@type":"EntryPoint","urlTemplate":"https:\/\/elglobal.do\/?s={search_term_string}"},"query-input":{"@type":"PropertyValueSpecification","valueRequired":true,"valueName":"search_term_string"}}],"inLanguage":"es"},{"@type":"Organization","@id":"https:\/\/elglobal.do\/#organization","name":"EL GLOBAL.DO INFORMATIVO","url":"https:\/\/elglobal.do\/","logo":{"@type":"ImageObject","inLanguage":"es","@id":"https:\/\/elglobal.do\/#\/schema\/logo\/image\/","url":"https:\/\/elglobal.do\/wp-content\/uploads\/2025\/08\/icon.png","contentUrl":"https:\/\/elglobal.do\/wp-content\/uploads\/2025\/08\/icon.png","width":512,"height":512,"caption":"EL GLOBAL.DO INFORMATIVO"},"image":{"@id":"https:\/\/elglobal.do\/#\/schema\/logo\/image\/"}},{"@type":"Person","@id":"https:\/\/elglobal.do\/#\/schema\/person\/0c97ec2c7714fb605d230c292f64d55f","name":"EL GLOBAL","image":{"@type":"ImageObject","inLanguage":"es","@id":"https:\/\/elglobal.do\/#\/schema\/person\/image\/","url":"https:\/\/secure.gravatar.com\/avatar\/081cfb6cf99faddc6f4e23a0c11ab98c5cf302925382d1c88dc3ed757ab910a3?s=96&d=mm&r=g","contentUrl":"https:\/\/secure.gravatar.com\/avatar\/081cfb6cf99faddc6f4e23a0c11ab98c5cf302925382d1c88dc3ed757ab910a3?s=96&d=mm&r=g","caption":"EL GLOBAL"},"description":"El Global Informativo es un peri\u00f3dico digital de Rep\u00fablica Dominicana que se dedica a cubrir temas importantes, como la pol\u00edtica local, geopol\u00edtica, econom\u00eda, tecnolog\u00eda, noticias internacionales y eventos relacionados con la gesti\u00f3n social, cultural y humana. Su objetivo principal es mantener a la poblaci\u00f3n informada, ofreciendo una visi\u00f3n amplia y actualizada de lo que sucede tanto en el pa\u00eds como en el mundo. Est\u00e1 dirigido por un grupo de periodistas experimentados, lo que garantiza la calidad y la precisi\u00f3n de la informaci\u00f3n que ofrecen. Tiene su sede en la ciudad de Santo Domingo y es parte integral del portafolio de la empresa, MC Global S.R.L.","sameAs":["https:\/\/elglobal.do","https:\/\/www.instagram.com\/elglobal.do_informativo\/"],"url":"https:\/\/elglobal.do\/index.php\/author\/elglobaluserpro\/"}]}},"jetpack_featured_media_url":"https:\/\/elglobal.do\/wp-content\/uploads\/2025\/10\/Modelos.jpeg","jetpack_sharing_enabled":true,"_links":{"self":[{"href":"https:\/\/elglobal.do\/index.php\/wp-json\/wp\/v2\/posts\/2874","targetHints":{"allow":["GET"]}}],"collection":[{"href":"https:\/\/elglobal.do\/index.php\/wp-json\/wp\/v2\/posts"}],"about":[{"href":"https:\/\/elglobal.do\/index.php\/wp-json\/wp\/v2\/types\/post"}],"author":[{"embeddable":true,"href":"https:\/\/elglobal.do\/index.php\/wp-json\/wp\/v2\/users\/1"}],"replies":[{"embeddable":true,"href":"https:\/\/elglobal.do\/index.php\/wp-json\/wp\/v2\/comments?post=2874"}],"version-history":[{"count":2,"href":"https:\/\/elglobal.do\/index.php\/wp-json\/wp\/v2\/posts\/2874\/revisions"}],"predecessor-version":[{"id":2882,"href":"https:\/\/elglobal.do\/index.php\/wp-json\/wp\/v2\/posts\/2874\/revisions\/2882"}],"wp:featuredmedia":[{"embeddable":true,"href":"https:\/\/elglobal.do\/index.php\/wp-json\/wp\/v2\/media\/2877"}],"wp:attachment":[{"href":"https:\/\/elglobal.do\/index.php\/wp-json\/wp\/v2\/media?parent=2874"}],"wp:term":[{"taxonomy":"category","embeddable":true,"href":"https:\/\/elglobal.do\/index.php\/wp-json\/wp\/v2\/categories?post=2874"},{"taxonomy":"post_tag","embeddable":true,"href":"https:\/\/elglobal.do\/index.php\/wp-json\/wp\/v2\/tags?post=2874"}],"curies":[{"name":"wp","href":"https:\/\/api.w.org\/{rel}","templated":true}]}}