{"id":2944,"date":"2025-10-08T09:44:38","date_gmt":"2025-10-08T13:44:38","guid":{"rendered":"https:\/\/elglobal.do\/?p=2944"},"modified":"2025-10-08T09:44:41","modified_gmt":"2025-10-08T13:44:41","slug":"senado-de-ee-uu-confirma-a-leah-campos-como-nueva-embajadora-en-republica-dominicana","status":"publish","type":"post","link":"https:\/\/elglobal.do\/index.php\/2025\/10\/08\/senado-de-ee-uu-confirma-a-leah-campos-como-nueva-embajadora-en-republica-dominicana\/","title":{"rendered":"Senado de EE. UU. confirma a Leah Campos como nueva embajadora en Rep\u00fablica Dominicana"},"content":{"rendered":"\n<figure class=\"wp-block-image size-full is-resized\"><img loading=\"lazy\" decoding=\"async\" width=\"770\" height=\"540\" src=\"https:\/\/elglobal.do\/wp-content\/uploads\/2025\/10\/image-39.png\" alt=\"\" class=\"wp-image-2945\" style=\"width:535px;height:auto\" srcset=\"https:\/\/elglobal.do\/wp-content\/uploads\/2025\/10\/image-39.png 770w, https:\/\/elglobal.do\/wp-content\/uploads\/2025\/10\/image-39-300x210.png 300w, https:\/\/elglobal.do\/wp-content\/uploads\/2025\/10\/image-39-768x539.png 768w\" sizes=\"auto, (max-width: 770px) 100vw, 770px\" \/><\/figure>\n\n\n\n<p><strong>Estados Unidos.-<\/strong> El Senado de los Estados Unidos recientemente a Leah Campos como la nueva embajadora de EE. UU. en Rep\u00fablica Dominicana, marcando el inicio de su misi\u00f3n diplom\u00e1tica en el pa\u00eds caribe\u00f1o.<\/p>\n\n\n\n<p>La Embajada ofreci\u00f3 la informaci\u00f3n en sus redes sociales. <strong>\u00abEl Senado de los Estados Unidos confirm\u00f3 hoy a Leah Campos como embajadora de los Estados Unidos en Rep\u00fablica Dominicana. \u00a1Enhorabuena!\u00bb, <\/strong>escribi\u00f3.<\/p>\n\n\n\n<p>Leah Francis Campos es una exoficial de la Agencia Central de Inteligencia (CIA) con m\u00e1s de una d\u00e9cada de experiencia en temas de seguridad y relaciones exteriores. De ascendencia hispana, Campos ha trabajado en el Congreso de EE. UU. como asesora en asuntos del Hemisferio Occidental y, m\u00e1s recientemente, en el sector privado como consultora estrat\u00e9gica para Am\u00e9rica Latina, Europa y \u00c1frica. <\/p>\n\n\n\n<p>Campos, quien es hija de inmigrantes de Espa\u00f1a y M\u00e9xico, compareci\u00f3 el pasado 1 de mayo ante el comit\u00e9 del Senado para su audiencia de confirmaci\u00f3n, donde respondi\u00f3 preguntas de los legisladores sobre asuntos clave en la relaci\u00f3n entre Estados Unidos y Rep\u00fablica Dominicana.<\/p>\n\n\n\n<p>Durante la sesi\u00f3n, la diplom\u00e1tica se comprometi\u00f3 a trabajar en la b\u00fasqueda de soluciones a la crisis en Hait\u00ed y a contrarrestar la creciente influencia de China en la regi\u00f3n caribe\u00f1a. Estas declaraciones generaron una reacci\u00f3n negativa por parte de la misi\u00f3n diplom\u00e1tica china en Santo Domingo, que calific\u00f3 sus comentarios como \u201cmalignos\u201d.<\/p>\n","protected":false},"excerpt":{"rendered":"<p>Estados Unidos.- El Senado de los Estados Unidos recientemente a Leah Campos como la nueva embajadora de EE. UU. en Rep\u00fablica Dominicana, marcando el inicio de su misi\u00f3n diplom\u00e1tica en&hellip; <\/p>\n","protected":false},"author":1,"featured_media":2945,"comment_status":"open","ping_status":"open","sticky":false,"template":"","format":"standard","meta":{"_jetpack_memberships_contains_paid_content":false,"footnotes":""},"categories":[1,14],"tags":[166,1621,248],"class_list":["post-2944","post","type-post","status-publish","format-standard","has-post-thumbnail","hentry","category-categoria-internacionales","category-slider","tag-ee-uu-2","tag-embajadora","tag-senado"],"yoast_head":"<!-- This site is optimized with the Yoast SEO plugin v26.9 - https:\/\/yoast.com\/product\/yoast-seo-wordpress\/ -->\n<title>Senado de EE. UU. confirma a Leah Campos como nueva embajadora en Rep\u00fablica Dominicana - EL GLOBAL INFORMATIVO<\/title>\n<meta name=\"robots\" content=\"index, follow, max-snippet:-1, max-image-preview:large, max-video-preview:-1\" \/>\n<link rel=\"canonical\" href=\"https:\/\/elglobal.do\/index.php\/2025\/10\/08\/senado-de-ee-uu-confirma-a-leah-campos-como-nueva-embajadora-en-republica-dominicana\/\" \/>\n<meta property=\"og:locale\" content=\"es_ES\" \/>\n<meta property=\"og:type\" content=\"article\" \/>\n<meta property=\"og:title\" content=\"Senado de EE. UU. confirma a Leah Campos como nueva embajadora en Rep\u00fablica Dominicana - EL GLOBAL INFORMATIVO\" \/>\n<meta property=\"og:description\" content=\"Estados Unidos.- El Senado de los Estados Unidos recientemente a Leah Campos como la nueva embajadora de EE. UU. en Rep\u00fablica Dominicana, marcando el inicio de su misi\u00f3n diplom\u00e1tica en&hellip;\" \/>\n<meta property=\"og:url\" content=\"https:\/\/elglobal.do\/index.php\/2025\/10\/08\/senado-de-ee-uu-confirma-a-leah-campos-como-nueva-embajadora-en-republica-dominicana\/\" \/>\n<meta property=\"og:site_name\" content=\"EL GLOBAL INFORMATIVO\" \/>\n<meta property=\"article:published_time\" content=\"2025-10-08T13:44:38+00:00\" \/>\n<meta property=\"article:modified_time\" content=\"2025-10-08T13:44:41+00:00\" \/>\n<meta property=\"og:image\" content=\"https:\/\/elglobal.do\/wp-content\/uploads\/2025\/10\/image-39.png\" \/>\n\t<meta property=\"og:image:width\" content=\"770\" \/>\n\t<meta property=\"og:image:height\" content=\"540\" \/>\n\t<meta property=\"og:image:type\" content=\"image\/png\" \/>\n<meta name=\"author\" content=\"EL GLOBAL\" \/>\n<meta name=\"twitter:card\" content=\"summary_large_image\" \/>\n<meta name=\"twitter:label1\" content=\"Escrito por\" \/>\n\t<meta name=\"twitter:data1\" content=\"EL GLOBAL\" \/>\n\t<meta name=\"twitter:label2\" content=\"Tiempo de lectura\" \/>\n\t<meta name=\"twitter:data2\" content=\"2 minutos\" \/>\n<script type=\"application\/ld+json\" class=\"yoast-schema-graph\">{\"@context\":\"https:\/\/schema.org\",\"@graph\":[{\"@type\":\"Article\",\"@id\":\"https:\/\/elglobal.do\/index.php\/2025\/10\/08\/senado-de-ee-uu-confirma-a-leah-campos-como-nueva-embajadora-en-republica-dominicana\/#article\",\"isPartOf\":{\"@id\":\"https:\/\/elglobal.do\/index.php\/2025\/10\/08\/senado-de-ee-uu-confirma-a-leah-campos-como-nueva-embajadora-en-republica-dominicana\/\"},\"author\":{\"name\":\"EL GLOBAL\",\"@id\":\"https:\/\/elglobal.do\/#\/schema\/person\/0c97ec2c7714fb605d230c292f64d55f\"},\"headline\":\"Senado de EE. UU. confirma a Leah Campos como nueva embajadora en Rep\u00fablica Dominicana\",\"datePublished\":\"2025-10-08T13:44:38+00:00\",\"dateModified\":\"2025-10-08T13:44:41+00:00\",\"mainEntityOfPage\":{\"@id\":\"https:\/\/elglobal.do\/index.php\/2025\/10\/08\/senado-de-ee-uu-confirma-a-leah-campos-como-nueva-embajadora-en-republica-dominicana\/\"},\"wordCount\":263,\"commentCount\":0,\"publisher\":{\"@id\":\"https:\/\/elglobal.do\/#organization\"},\"image\":{\"@id\":\"https:\/\/elglobal.do\/index.php\/2025\/10\/08\/senado-de-ee-uu-confirma-a-leah-campos-como-nueva-embajadora-en-republica-dominicana\/#primaryimage\"},\"thumbnailUrl\":\"https:\/\/elglobal.do\/wp-content\/uploads\/2025\/10\/image-39.png\",\"keywords\":[\"#EE.UU\",\"#Embajadora\",\"#Senado\"],\"articleSection\":[\"INTERNACIONALES\",\"NOTICIAS RELEVANTES\"],\"inLanguage\":\"es\",\"potentialAction\":[{\"@type\":\"CommentAction\",\"name\":\"Comment\",\"target\":[\"https:\/\/elglobal.do\/index.php\/2025\/10\/08\/senado-de-ee-uu-confirma-a-leah-campos-como-nueva-embajadora-en-republica-dominicana\/#respond\"]}]},{\"@type\":\"WebPage\",\"@id\":\"https:\/\/elglobal.do\/index.php\/2025\/10\/08\/senado-de-ee-uu-confirma-a-leah-campos-como-nueva-embajadora-en-republica-dominicana\/\",\"url\":\"https:\/\/elglobal.do\/index.php\/2025\/10\/08\/senado-de-ee-uu-confirma-a-leah-campos-como-nueva-embajadora-en-republica-dominicana\/\",\"name\":\"Senado de EE. UU. confirma a Leah Campos como nueva embajadora en Rep\u00fablica Dominicana - EL GLOBAL INFORMATIVO\",\"isPartOf\":{\"@id\":\"https:\/\/elglobal.do\/#website\"},\"primaryImageOfPage\":{\"@id\":\"https:\/\/elglobal.do\/index.php\/2025\/10\/08\/senado-de-ee-uu-confirma-a-leah-campos-como-nueva-embajadora-en-republica-dominicana\/#primaryimage\"},\"image\":{\"@id\":\"https:\/\/elglobal.do\/index.php\/2025\/10\/08\/senado-de-ee-uu-confirma-a-leah-campos-como-nueva-embajadora-en-republica-dominicana\/#primaryimage\"},\"thumbnailUrl\":\"https:\/\/elglobal.do\/wp-content\/uploads\/2025\/10\/image-39.png\",\"datePublished\":\"2025-10-08T13:44:38+00:00\",\"dateModified\":\"2025-10-08T13:44:41+00:00\",\"breadcrumb\":{\"@id\":\"https:\/\/elglobal.do\/index.php\/2025\/10\/08\/senado-de-ee-uu-confirma-a-leah-campos-como-nueva-embajadora-en-republica-dominicana\/#breadcrumb\"},\"inLanguage\":\"es\",\"potentialAction\":[{\"@type\":\"ReadAction\",\"target\":[\"https:\/\/elglobal.do\/index.php\/2025\/10\/08\/senado-de-ee-uu-confirma-a-leah-campos-como-nueva-embajadora-en-republica-dominicana\/\"]}]},{\"@type\":\"ImageObject\",\"inLanguage\":\"es\",\"@id\":\"https:\/\/elglobal.do\/index.php\/2025\/10\/08\/senado-de-ee-uu-confirma-a-leah-campos-como-nueva-embajadora-en-republica-dominicana\/#primaryimage\",\"url\":\"https:\/\/elglobal.do\/wp-content\/uploads\/2025\/10\/image-39.png\",\"contentUrl\":\"https:\/\/elglobal.do\/wp-content\/uploads\/2025\/10\/image-39.png\",\"width\":770,\"height\":540},{\"@type\":\"BreadcrumbList\",\"@id\":\"https:\/\/elglobal.do\/index.php\/2025\/10\/08\/senado-de-ee-uu-confirma-a-leah-campos-como-nueva-embajadora-en-republica-dominicana\/#breadcrumb\",\"itemListElement\":[{\"@type\":\"ListItem\",\"position\":1,\"name\":\"Portada\",\"item\":\"https:\/\/elglobal.do\/\"},{\"@type\":\"ListItem\",\"position\":2,\"name\":\"Senado de EE. UU. confirma a Leah Campos como nueva embajadora en Rep\u00fablica Dominicana\"}]},{\"@type\":\"WebSite\",\"@id\":\"https:\/\/elglobal.do\/#website\",\"url\":\"https:\/\/elglobal.do\/\",\"name\":\"EL GLOBAL INFORMATIVO\",\"description\":\"Peri\u00f3dico digital de la Rep\u00fablica Dominicana que ofrece noticias, novedades, pol\u00edtica y las \u00faltimas actualidades, con informaci\u00f3n veraz y oportuna para mantenerte siempre informad\",\"publisher\":{\"@id\":\"https:\/\/elglobal.do\/#organization\"},\"potentialAction\":[{\"@type\":\"SearchAction\",\"target\":{\"@type\":\"EntryPoint\",\"urlTemplate\":\"https:\/\/elglobal.do\/?s={search_term_string}\"},\"query-input\":{\"@type\":\"PropertyValueSpecification\",\"valueRequired\":true,\"valueName\":\"search_term_string\"}}],\"inLanguage\":\"es\"},{\"@type\":\"Organization\",\"@id\":\"https:\/\/elglobal.do\/#organization\",\"name\":\"EL GLOBAL.DO INFORMATIVO\",\"url\":\"https:\/\/elglobal.do\/\",\"logo\":{\"@type\":\"ImageObject\",\"inLanguage\":\"es\",\"@id\":\"https:\/\/elglobal.do\/#\/schema\/logo\/image\/\",\"url\":\"https:\/\/elglobal.do\/wp-content\/uploads\/2025\/08\/icon.png\",\"contentUrl\":\"https:\/\/elglobal.do\/wp-content\/uploads\/2025\/08\/icon.png\",\"width\":512,\"height\":512,\"caption\":\"EL GLOBAL.DO INFORMATIVO\"},\"image\":{\"@id\":\"https:\/\/elglobal.do\/#\/schema\/logo\/image\/\"}},{\"@type\":\"Person\",\"@id\":\"https:\/\/elglobal.do\/#\/schema\/person\/0c97ec2c7714fb605d230c292f64d55f\",\"name\":\"EL GLOBAL\",\"image\":{\"@type\":\"ImageObject\",\"inLanguage\":\"es\",\"@id\":\"https:\/\/elglobal.do\/#\/schema\/person\/image\/\",\"url\":\"https:\/\/secure.gravatar.com\/avatar\/081cfb6cf99faddc6f4e23a0c11ab98c5cf302925382d1c88dc3ed757ab910a3?s=96&d=mm&r=g\",\"contentUrl\":\"https:\/\/secure.gravatar.com\/avatar\/081cfb6cf99faddc6f4e23a0c11ab98c5cf302925382d1c88dc3ed757ab910a3?s=96&d=mm&r=g\",\"caption\":\"EL GLOBAL\"},\"description\":\"El Global Informativo es un peri\u00f3dico digital de Rep\u00fablica Dominicana que se dedica a cubrir temas importantes, como la pol\u00edtica local, geopol\u00edtica, econom\u00eda, tecnolog\u00eda, noticias internacionales y eventos relacionados con la gesti\u00f3n social, cultural y humana. Su objetivo principal es mantener a la poblaci\u00f3n informada, ofreciendo una visi\u00f3n amplia y actualizada de lo que sucede tanto en el pa\u00eds como en el mundo. Est\u00e1 dirigido por un grupo de periodistas experimentados, lo que garantiza la calidad y la precisi\u00f3n de la informaci\u00f3n que ofrecen. Tiene su sede en la ciudad de Santo Domingo y es parte integral del portafolio de la empresa, MC Global S.R.L.\",\"sameAs\":[\"https:\/\/elglobal.do\",\"https:\/\/www.instagram.com\/elglobal.do_informativo\/\"],\"url\":\"https:\/\/elglobal.do\/index.php\/author\/elglobaluserpro\/\"}]}<\/script>\n<!-- \/ Yoast SEO plugin. -->","yoast_head_json":{"title":"Senado de EE. UU. confirma a Leah Campos como nueva embajadora en Rep\u00fablica Dominicana - EL GLOBAL INFORMATIVO","robots":{"index":"index","follow":"follow","max-snippet":"max-snippet:-1","max-image-preview":"max-image-preview:large","max-video-preview":"max-video-preview:-1"},"canonical":"https:\/\/elglobal.do\/index.php\/2025\/10\/08\/senado-de-ee-uu-confirma-a-leah-campos-como-nueva-embajadora-en-republica-dominicana\/","og_locale":"es_ES","og_type":"article","og_title":"Senado de EE. UU. confirma a Leah Campos como nueva embajadora en Rep\u00fablica Dominicana - EL GLOBAL INFORMATIVO","og_description":"Estados Unidos.- El Senado de los Estados Unidos recientemente a Leah Campos como la nueva embajadora de EE. UU. en Rep\u00fablica Dominicana, marcando el inicio de su misi\u00f3n diplom\u00e1tica en&hellip;","og_url":"https:\/\/elglobal.do\/index.php\/2025\/10\/08\/senado-de-ee-uu-confirma-a-leah-campos-como-nueva-embajadora-en-republica-dominicana\/","og_site_name":"EL GLOBAL INFORMATIVO","article_published_time":"2025-10-08T13:44:38+00:00","article_modified_time":"2025-10-08T13:44:41+00:00","og_image":[{"width":770,"height":540,"url":"https:\/\/elglobal.do\/wp-content\/uploads\/2025\/10\/image-39.png","type":"image\/png"}],"author":"EL GLOBAL","twitter_card":"summary_large_image","twitter_misc":{"Escrito por":"EL GLOBAL","Tiempo de lectura":"2 minutos"},"schema":{"@context":"https:\/\/schema.org","@graph":[{"@type":"Article","@id":"https:\/\/elglobal.do\/index.php\/2025\/10\/08\/senado-de-ee-uu-confirma-a-leah-campos-como-nueva-embajadora-en-republica-dominicana\/#article","isPartOf":{"@id":"https:\/\/elglobal.do\/index.php\/2025\/10\/08\/senado-de-ee-uu-confirma-a-leah-campos-como-nueva-embajadora-en-republica-dominicana\/"},"author":{"name":"EL GLOBAL","@id":"https:\/\/elglobal.do\/#\/schema\/person\/0c97ec2c7714fb605d230c292f64d55f"},"headline":"Senado de EE. UU. confirma a Leah Campos como nueva embajadora en Rep\u00fablica Dominicana","datePublished":"2025-10-08T13:44:38+00:00","dateModified":"2025-10-08T13:44:41+00:00","mainEntityOfPage":{"@id":"https:\/\/elglobal.do\/index.php\/2025\/10\/08\/senado-de-ee-uu-confirma-a-leah-campos-como-nueva-embajadora-en-republica-dominicana\/"},"wordCount":263,"commentCount":0,"publisher":{"@id":"https:\/\/elglobal.do\/#organization"},"image":{"@id":"https:\/\/elglobal.do\/index.php\/2025\/10\/08\/senado-de-ee-uu-confirma-a-leah-campos-como-nueva-embajadora-en-republica-dominicana\/#primaryimage"},"thumbnailUrl":"https:\/\/elglobal.do\/wp-content\/uploads\/2025\/10\/image-39.png","keywords":["#EE.UU","#Embajadora","#Senado"],"articleSection":["INTERNACIONALES","NOTICIAS RELEVANTES"],"inLanguage":"es","potentialAction":[{"@type":"CommentAction","name":"Comment","target":["https:\/\/elglobal.do\/index.php\/2025\/10\/08\/senado-de-ee-uu-confirma-a-leah-campos-como-nueva-embajadora-en-republica-dominicana\/#respond"]}]},{"@type":"WebPage","@id":"https:\/\/elglobal.do\/index.php\/2025\/10\/08\/senado-de-ee-uu-confirma-a-leah-campos-como-nueva-embajadora-en-republica-dominicana\/","url":"https:\/\/elglobal.do\/index.php\/2025\/10\/08\/senado-de-ee-uu-confirma-a-leah-campos-como-nueva-embajadora-en-republica-dominicana\/","name":"Senado de EE. UU. confirma a Leah Campos como nueva embajadora en Rep\u00fablica Dominicana - EL GLOBAL INFORMATIVO","isPartOf":{"@id":"https:\/\/elglobal.do\/#website"},"primaryImageOfPage":{"@id":"https:\/\/elglobal.do\/index.php\/2025\/10\/08\/senado-de-ee-uu-confirma-a-leah-campos-como-nueva-embajadora-en-republica-dominicana\/#primaryimage"},"image":{"@id":"https:\/\/elglobal.do\/index.php\/2025\/10\/08\/senado-de-ee-uu-confirma-a-leah-campos-como-nueva-embajadora-en-republica-dominicana\/#primaryimage"},"thumbnailUrl":"https:\/\/elglobal.do\/wp-content\/uploads\/2025\/10\/image-39.png","datePublished":"2025-10-08T13:44:38+00:00","dateModified":"2025-10-08T13:44:41+00:00","breadcrumb":{"@id":"https:\/\/elglobal.do\/index.php\/2025\/10\/08\/senado-de-ee-uu-confirma-a-leah-campos-como-nueva-embajadora-en-republica-dominicana\/#breadcrumb"},"inLanguage":"es","potentialAction":[{"@type":"ReadAction","target":["https:\/\/elglobal.do\/index.php\/2025\/10\/08\/senado-de-ee-uu-confirma-a-leah-campos-como-nueva-embajadora-en-republica-dominicana\/"]}]},{"@type":"ImageObject","inLanguage":"es","@id":"https:\/\/elglobal.do\/index.php\/2025\/10\/08\/senado-de-ee-uu-confirma-a-leah-campos-como-nueva-embajadora-en-republica-dominicana\/#primaryimage","url":"https:\/\/elglobal.do\/wp-content\/uploads\/2025\/10\/image-39.png","contentUrl":"https:\/\/elglobal.do\/wp-content\/uploads\/2025\/10\/image-39.png","width":770,"height":540},{"@type":"BreadcrumbList","@id":"https:\/\/elglobal.do\/index.php\/2025\/10\/08\/senado-de-ee-uu-confirma-a-leah-campos-como-nueva-embajadora-en-republica-dominicana\/#breadcrumb","itemListElement":[{"@type":"ListItem","position":1,"name":"Portada","item":"https:\/\/elglobal.do\/"},{"@type":"ListItem","position":2,"name":"Senado de EE. UU. confirma a Leah Campos como nueva embajadora en Rep\u00fablica Dominicana"}]},{"@type":"WebSite","@id":"https:\/\/elglobal.do\/#website","url":"https:\/\/elglobal.do\/","name":"EL GLOBAL INFORMATIVO","description":"Peri\u00f3dico digital de la Rep\u00fablica Dominicana que ofrece noticias, novedades, pol\u00edtica y las \u00faltimas actualidades, con informaci\u00f3n veraz y oportuna para mantenerte siempre informad","publisher":{"@id":"https:\/\/elglobal.do\/#organization"},"potentialAction":[{"@type":"SearchAction","target":{"@type":"EntryPoint","urlTemplate":"https:\/\/elglobal.do\/?s={search_term_string}"},"query-input":{"@type":"PropertyValueSpecification","valueRequired":true,"valueName":"search_term_string"}}],"inLanguage":"es"},{"@type":"Organization","@id":"https:\/\/elglobal.do\/#organization","name":"EL GLOBAL.DO INFORMATIVO","url":"https:\/\/elglobal.do\/","logo":{"@type":"ImageObject","inLanguage":"es","@id":"https:\/\/elglobal.do\/#\/schema\/logo\/image\/","url":"https:\/\/elglobal.do\/wp-content\/uploads\/2025\/08\/icon.png","contentUrl":"https:\/\/elglobal.do\/wp-content\/uploads\/2025\/08\/icon.png","width":512,"height":512,"caption":"EL GLOBAL.DO INFORMATIVO"},"image":{"@id":"https:\/\/elglobal.do\/#\/schema\/logo\/image\/"}},{"@type":"Person","@id":"https:\/\/elglobal.do\/#\/schema\/person\/0c97ec2c7714fb605d230c292f64d55f","name":"EL GLOBAL","image":{"@type":"ImageObject","inLanguage":"es","@id":"https:\/\/elglobal.do\/#\/schema\/person\/image\/","url":"https:\/\/secure.gravatar.com\/avatar\/081cfb6cf99faddc6f4e23a0c11ab98c5cf302925382d1c88dc3ed757ab910a3?s=96&d=mm&r=g","contentUrl":"https:\/\/secure.gravatar.com\/avatar\/081cfb6cf99faddc6f4e23a0c11ab98c5cf302925382d1c88dc3ed757ab910a3?s=96&d=mm&r=g","caption":"EL GLOBAL"},"description":"El Global Informativo es un peri\u00f3dico digital de Rep\u00fablica Dominicana que se dedica a cubrir temas importantes, como la pol\u00edtica local, geopol\u00edtica, econom\u00eda, tecnolog\u00eda, noticias internacionales y eventos relacionados con la gesti\u00f3n social, cultural y humana. Su objetivo principal es mantener a la poblaci\u00f3n informada, ofreciendo una visi\u00f3n amplia y actualizada de lo que sucede tanto en el pa\u00eds como en el mundo. Est\u00e1 dirigido por un grupo de periodistas experimentados, lo que garantiza la calidad y la precisi\u00f3n de la informaci\u00f3n que ofrecen. Tiene su sede en la ciudad de Santo Domingo y es parte integral del portafolio de la empresa, MC Global S.R.L.","sameAs":["https:\/\/elglobal.do","https:\/\/www.instagram.com\/elglobal.do_informativo\/"],"url":"https:\/\/elglobal.do\/index.php\/author\/elglobaluserpro\/"}]}},"jetpack_featured_media_url":"https:\/\/elglobal.do\/wp-content\/uploads\/2025\/10\/image-39.png","jetpack_sharing_enabled":true,"_links":{"self":[{"href":"https:\/\/elglobal.do\/index.php\/wp-json\/wp\/v2\/posts\/2944","targetHints":{"allow":["GET"]}}],"collection":[{"href":"https:\/\/elglobal.do\/index.php\/wp-json\/wp\/v2\/posts"}],"about":[{"href":"https:\/\/elglobal.do\/index.php\/wp-json\/wp\/v2\/types\/post"}],"author":[{"embeddable":true,"href":"https:\/\/elglobal.do\/index.php\/wp-json\/wp\/v2\/users\/1"}],"replies":[{"embeddable":true,"href":"https:\/\/elglobal.do\/index.php\/wp-json\/wp\/v2\/comments?post=2944"}],"version-history":[{"count":1,"href":"https:\/\/elglobal.do\/index.php\/wp-json\/wp\/v2\/posts\/2944\/revisions"}],"predecessor-version":[{"id":2946,"href":"https:\/\/elglobal.do\/index.php\/wp-json\/wp\/v2\/posts\/2944\/revisions\/2946"}],"wp:featuredmedia":[{"embeddable":true,"href":"https:\/\/elglobal.do\/index.php\/wp-json\/wp\/v2\/media\/2945"}],"wp:attachment":[{"href":"https:\/\/elglobal.do\/index.php\/wp-json\/wp\/v2\/media?parent=2944"}],"wp:term":[{"taxonomy":"category","embeddable":true,"href":"https:\/\/elglobal.do\/index.php\/wp-json\/wp\/v2\/categories?post=2944"},{"taxonomy":"post_tag","embeddable":true,"href":"https:\/\/elglobal.do\/index.php\/wp-json\/wp\/v2\/tags?post=2944"}],"curies":[{"name":"wp","href":"https:\/\/api.w.org\/{rel}","templated":true}]}}