{"id":2970,"date":"2025-10-08T14:54:49","date_gmt":"2025-10-08T18:54:49","guid":{"rendered":"https:\/\/elglobal.do\/?p=2970"},"modified":"2025-10-08T14:55:39","modified_gmt":"2025-10-08T18:55:39","slug":"en-el-dia-mundial-de-la-vision-inabie-destaca-estudiantes-beneficiados-con-atenciones-de-salud-visual-durante-este-gobierno","status":"publish","type":"post","link":"https:\/\/elglobal.do\/index.php\/2025\/10\/08\/en-el-dia-mundial-de-la-vision-inabie-destaca-estudiantes-beneficiados-con-atenciones-de-salud-visual-durante-este-gobierno\/","title":{"rendered":"En el D\u00eda Mundial de la Visi\u00f3n INABIE destaca estudiantes beneficiados con atenciones de salud visual durante este Gobierno"},"content":{"rendered":"\n<figure class=\"wp-block-image size-full\"><img loading=\"lazy\" decoding=\"async\" width=\"1024\" height=\"682\" src=\"https:\/\/elglobal.do\/wp-content\/uploads\/2025\/10\/INABIE-1.jpeg\" alt=\"\" class=\"wp-image-2971\" srcset=\"https:\/\/elglobal.do\/wp-content\/uploads\/2025\/10\/INABIE-1.jpeg 1024w, https:\/\/elglobal.do\/wp-content\/uploads\/2025\/10\/INABIE-1-300x200.jpeg 300w, https:\/\/elglobal.do\/wp-content\/uploads\/2025\/10\/INABIE-1-768x512.jpeg 768w\" sizes=\"auto, (max-width: 1024px) 100vw, 1024px\" \/><\/figure>\n\n\n\n<p><strong>Santo Domingo. \u2013<\/strong> En el marco de la conmemoraci\u00f3n del D\u00eda Mundial de la Visi\u00f3n, este jueves 9 de octubre, el Instituto Nacional de Bienestar Estudiantil (INABIE), destac\u00f3 los logros alcanzados durante este Gobierno a trav\u00e9s de su Programa Nacional Estudiantil de Prevenci\u00f3n en Salud Visual y Cirug\u00edas Oculares (PRONSAVICO), una iniciativa que promueve, identifica y trata condiciones visuales con el objetivo de mitigar deficiencias que interfieren en el aprendizaje y, con ello, reducir la deserci\u00f3n escolar causada por esas limitaciones.<\/p>\n\n\n\n<p>La instituci\u00f3n inform\u00f3 que, en los \u00faltimos cinco a\u00f1os, ha atendido a 46,193 escolares, entregado 12,430 lentes correctivos y realizado 47 cirug\u00edas oculares.<\/p>\n\n\n\n<p>En lo que va del a\u00f1o lectivo 2025-2026, el INABIE ha efectuado 8,605 evaluaciones visuales, entregado 4,160 lentes y llevado a cabo 30 procedimientos cl\u00ednicos o quir\u00fargicos, lo que refleja un compromiso continuo con la salud ocular del estudiantado.<\/p>\n\n\n\n<p>Al valorar la importancia de la atenci\u00f3n en salud visual a los estudiantes, el director de INABIE, Adolfo P\u00e9rez, destac\u00f3 que los logros obtenidos a trav\u00e9s de ese programa reflejan el compromiso del Gobierno del presidente Luis Abinader con los alumnos del sistema de educaci\u00f3n p\u00fablica.<\/p>\n\n\n\n<p>Indic\u00f3 que con las atenciones a trav\u00e9s del INABIE, las familias dominicanas se ahorran miles de pesos en consultas de salud visual y la adquisici\u00f3n de lentes y tratamientos para ni\u00f1os, ni\u00f1as y j\u00f3venes.<\/p>\n\n\n\n<p>\u201cDesde esta nueva gesti\u00f3n del INABIE, estamos comprometidos a continuar contribuyendo con el bienestar de los estudiantes, a trav\u00e9s de los diferentes programas de nutrici\u00f3n y salud, como el visual\u201d, agreg\u00f3 el servidor p\u00fablico.<\/p>\n\n\n\n<p>A trav\u00e9s de PRONSAVICO, se realizan tamizajes visuales en los centros educativos por parte de personal capacitado por la Divisi\u00f3n de Salud Visual del INABIE, conformando una red de detecci\u00f3n escolar con competencias para identificar y referir oportunamente a los estudiantes que presenten alteraciones visuales.<\/p>\n\n\n\n<p>Los casos detectados son evaluados por personal m\u00e9dico especializado, quien tambi\u00e9n se encarga de la prescripci\u00f3n y entrega de lentes correctivos, as\u00ed como de la realizaci\u00f3n de tratamientos \u00f3pticos, cl\u00ednicos y quir\u00fargicos, con el fin de rehabilitar la visi\u00f3n y mejorar el desempe\u00f1o acad\u00e9mico de los estudiantes del sistema educativo p\u00fablico a nivel nacional.<\/p>\n\n\n\n<p>Este programa ha contribuido significativamente a mejorar la calidad de vida y el rendimiento escolar de miles de ni\u00f1as, ni\u00f1os y adolescentes, gracias a una atenci\u00f3n integral que incluye: capacitaci\u00f3n a docentes y personal educativo mediante talleres pr\u00e1cticos, para la detecci\u00f3n temprana de posibles deficiencias visuales.<\/p>\n\n\n\n<p>Asimismo, evaluaciones optom\u00e9tricas y oftalmol\u00f3gicas especializadas, dirigidas principalmente a estudiantes en condiciones de vulnerabilidad, entrega gratuita de lentes correctivos, adecuados a las necesidades espec\u00edficas de cada estudiante y procedimientos cl\u00ednicos y quir\u00fargicos, cuando son requeridos, garantizando acceso equitativo a servicios m\u00e9dicos especializados.<\/p>\n\n\n\n<p>Esas acciones se orientan no solo a mejorar la salud visual de los escolares, sino tambi\u00e9n a reducir las barreras al aprendizaje y a promover una educaci\u00f3n inclusiva, equitativa y de calidad.<\/p>\n\n\n\n<p><strong><em>Sobre el D\u00eda Mundial de la Salud Visual<\/em><\/strong><\/p>\n\n\n\n<p>El segundo jueves de octubre es celebrado ese d\u00eda con el objetivo de concienciar a las personas sobre los diferentes tipos de afecciones visuales, sus tratamientos y como casi todos son prevenibles o curables, evitando as\u00ed que el paciente pierda totalmente la capacidad de ver.<\/p>\n\n\n\n<p><\/p>\n","protected":false},"excerpt":{"rendered":"<p>Santo Domingo. \u2013 En el marco de la conmemoraci\u00f3n del D\u00eda Mundial de la Visi\u00f3n, este jueves 9 de octubre, el Instituto Nacional de Bienestar Estudiantil (INABIE), destac\u00f3 los logros&hellip; <\/p>\n","protected":false},"author":1,"featured_media":2971,"comment_status":"open","ping_status":"open","sticky":false,"template":"","format":"standard","meta":{"_jetpack_memberships_contains_paid_content":false,"footnotes":""},"categories":[329,14],"tags":[1634,1632,1635,98,1257,648,1633],"class_list":["post-2970","post","type-post","status-publish","format-standard","has-post-thumbnail","hentry","category-educacion-nacionales","category-slider","tag-atenciones","tag-beneficiados","tag-diamundial","tag-elglobalinformativo","tag-estudiantes","tag-inabie-2","tag-saludvisual"],"yoast_head":"<!-- This site is optimized with the Yoast SEO plugin v26.9 - https:\/\/yoast.com\/product\/yoast-seo-wordpress\/ -->\n<title>En el D\u00eda Mundial de la Visi\u00f3n INABIE destaca estudiantes beneficiados con atenciones de salud visual durante este Gobierno - EL GLOBAL INFORMATIVO<\/title>\n<meta name=\"robots\" content=\"index, follow, max-snippet:-1, max-image-preview:large, max-video-preview:-1\" \/>\n<link rel=\"canonical\" href=\"https:\/\/elglobal.do\/index.php\/2025\/10\/08\/en-el-dia-mundial-de-la-vision-inabie-destaca-estudiantes-beneficiados-con-atenciones-de-salud-visual-durante-este-gobierno\/\" \/>\n<meta property=\"og:locale\" content=\"es_ES\" \/>\n<meta property=\"og:type\" content=\"article\" \/>\n<meta property=\"og:title\" content=\"En el D\u00eda Mundial de la Visi\u00f3n INABIE destaca estudiantes beneficiados con atenciones de salud visual durante este Gobierno - EL GLOBAL INFORMATIVO\" \/>\n<meta property=\"og:description\" content=\"Santo Domingo. \u2013 En el marco de la conmemoraci\u00f3n del D\u00eda Mundial de la Visi\u00f3n, este jueves 9 de octubre, el Instituto Nacional de Bienestar Estudiantil (INABIE), destac\u00f3 los logros&hellip;\" \/>\n<meta property=\"og:url\" content=\"https:\/\/elglobal.do\/index.php\/2025\/10\/08\/en-el-dia-mundial-de-la-vision-inabie-destaca-estudiantes-beneficiados-con-atenciones-de-salud-visual-durante-este-gobierno\/\" \/>\n<meta property=\"og:site_name\" content=\"EL GLOBAL INFORMATIVO\" \/>\n<meta property=\"article:published_time\" content=\"2025-10-08T18:54:49+00:00\" \/>\n<meta property=\"article:modified_time\" content=\"2025-10-08T18:55:39+00:00\" \/>\n<meta property=\"og:image\" content=\"https:\/\/elglobal.do\/wp-content\/uploads\/2025\/10\/INABIE-1.jpeg\" \/>\n\t<meta property=\"og:image:width\" content=\"1024\" \/>\n\t<meta property=\"og:image:height\" content=\"682\" \/>\n\t<meta property=\"og:image:type\" content=\"image\/jpeg\" \/>\n<meta name=\"author\" content=\"EL GLOBAL\" \/>\n<meta name=\"twitter:card\" content=\"summary_large_image\" \/>\n<meta name=\"twitter:label1\" content=\"Escrito por\" \/>\n\t<meta name=\"twitter:data1\" content=\"EL GLOBAL\" \/>\n\t<meta name=\"twitter:label2\" content=\"Tiempo de lectura\" \/>\n\t<meta name=\"twitter:data2\" content=\"3 minutos\" \/>\n<script type=\"application\/ld+json\" class=\"yoast-schema-graph\">{\"@context\":\"https:\/\/schema.org\",\"@graph\":[{\"@type\":\"Article\",\"@id\":\"https:\/\/elglobal.do\/index.php\/2025\/10\/08\/en-el-dia-mundial-de-la-vision-inabie-destaca-estudiantes-beneficiados-con-atenciones-de-salud-visual-durante-este-gobierno\/#article\",\"isPartOf\":{\"@id\":\"https:\/\/elglobal.do\/index.php\/2025\/10\/08\/en-el-dia-mundial-de-la-vision-inabie-destaca-estudiantes-beneficiados-con-atenciones-de-salud-visual-durante-este-gobierno\/\"},\"author\":{\"name\":\"EL GLOBAL\",\"@id\":\"https:\/\/elglobal.do\/#\/schema\/person\/0c97ec2c7714fb605d230c292f64d55f\"},\"headline\":\"En el D\u00eda Mundial de la Visi\u00f3n INABIE destaca estudiantes beneficiados con atenciones de salud visual durante este Gobierno\",\"datePublished\":\"2025-10-08T18:54:49+00:00\",\"dateModified\":\"2025-10-08T18:55:39+00:00\",\"mainEntityOfPage\":{\"@id\":\"https:\/\/elglobal.do\/index.php\/2025\/10\/08\/en-el-dia-mundial-de-la-vision-inabie-destaca-estudiantes-beneficiados-con-atenciones-de-salud-visual-durante-este-gobierno\/\"},\"wordCount\":598,\"commentCount\":0,\"publisher\":{\"@id\":\"https:\/\/elglobal.do\/#organization\"},\"image\":{\"@id\":\"https:\/\/elglobal.do\/index.php\/2025\/10\/08\/en-el-dia-mundial-de-la-vision-inabie-destaca-estudiantes-beneficiados-con-atenciones-de-salud-visual-durante-este-gobierno\/#primaryimage\"},\"thumbnailUrl\":\"https:\/\/elglobal.do\/wp-content\/uploads\/2025\/10\/INABIE-1.jpeg\",\"keywords\":[\"#atenciones\",\"#beneficiados\",\"#D\u00edaMundial\",\"#ElGlobalInformativo\",\"#estudiantes\",\"#INABIE\",\"#SaludVisual\"],\"articleSection\":[\"EDUCACI\u00d3N\",\"NOTICIAS RELEVANTES\"],\"inLanguage\":\"es\",\"potentialAction\":[{\"@type\":\"CommentAction\",\"name\":\"Comment\",\"target\":[\"https:\/\/elglobal.do\/index.php\/2025\/10\/08\/en-el-dia-mundial-de-la-vision-inabie-destaca-estudiantes-beneficiados-con-atenciones-de-salud-visual-durante-este-gobierno\/#respond\"]}]},{\"@type\":\"WebPage\",\"@id\":\"https:\/\/elglobal.do\/index.php\/2025\/10\/08\/en-el-dia-mundial-de-la-vision-inabie-destaca-estudiantes-beneficiados-con-atenciones-de-salud-visual-durante-este-gobierno\/\",\"url\":\"https:\/\/elglobal.do\/index.php\/2025\/10\/08\/en-el-dia-mundial-de-la-vision-inabie-destaca-estudiantes-beneficiados-con-atenciones-de-salud-visual-durante-este-gobierno\/\",\"name\":\"En el D\u00eda Mundial de la Visi\u00f3n INABIE destaca estudiantes beneficiados con atenciones de salud visual durante este Gobierno - EL GLOBAL INFORMATIVO\",\"isPartOf\":{\"@id\":\"https:\/\/elglobal.do\/#website\"},\"primaryImageOfPage\":{\"@id\":\"https:\/\/elglobal.do\/index.php\/2025\/10\/08\/en-el-dia-mundial-de-la-vision-inabie-destaca-estudiantes-beneficiados-con-atenciones-de-salud-visual-durante-este-gobierno\/#primaryimage\"},\"image\":{\"@id\":\"https:\/\/elglobal.do\/index.php\/2025\/10\/08\/en-el-dia-mundial-de-la-vision-inabie-destaca-estudiantes-beneficiados-con-atenciones-de-salud-visual-durante-este-gobierno\/#primaryimage\"},\"thumbnailUrl\":\"https:\/\/elglobal.do\/wp-content\/uploads\/2025\/10\/INABIE-1.jpeg\",\"datePublished\":\"2025-10-08T18:54:49+00:00\",\"dateModified\":\"2025-10-08T18:55:39+00:00\",\"breadcrumb\":{\"@id\":\"https:\/\/elglobal.do\/index.php\/2025\/10\/08\/en-el-dia-mundial-de-la-vision-inabie-destaca-estudiantes-beneficiados-con-atenciones-de-salud-visual-durante-este-gobierno\/#breadcrumb\"},\"inLanguage\":\"es\",\"potentialAction\":[{\"@type\":\"ReadAction\",\"target\":[\"https:\/\/elglobal.do\/index.php\/2025\/10\/08\/en-el-dia-mundial-de-la-vision-inabie-destaca-estudiantes-beneficiados-con-atenciones-de-salud-visual-durante-este-gobierno\/\"]}]},{\"@type\":\"ImageObject\",\"inLanguage\":\"es\",\"@id\":\"https:\/\/elglobal.do\/index.php\/2025\/10\/08\/en-el-dia-mundial-de-la-vision-inabie-destaca-estudiantes-beneficiados-con-atenciones-de-salud-visual-durante-este-gobierno\/#primaryimage\",\"url\":\"https:\/\/elglobal.do\/wp-content\/uploads\/2025\/10\/INABIE-1.jpeg\",\"contentUrl\":\"https:\/\/elglobal.do\/wp-content\/uploads\/2025\/10\/INABIE-1.jpeg\",\"width\":1024,\"height\":682},{\"@type\":\"BreadcrumbList\",\"@id\":\"https:\/\/elglobal.do\/index.php\/2025\/10\/08\/en-el-dia-mundial-de-la-vision-inabie-destaca-estudiantes-beneficiados-con-atenciones-de-salud-visual-durante-este-gobierno\/#breadcrumb\",\"itemListElement\":[{\"@type\":\"ListItem\",\"position\":1,\"name\":\"Portada\",\"item\":\"https:\/\/elglobal.do\/\"},{\"@type\":\"ListItem\",\"position\":2,\"name\":\"En el D\u00eda Mundial de la Visi\u00f3n INABIE destaca estudiantes beneficiados con atenciones de salud visual durante este Gobierno\"}]},{\"@type\":\"WebSite\",\"@id\":\"https:\/\/elglobal.do\/#website\",\"url\":\"https:\/\/elglobal.do\/\",\"name\":\"EL GLOBAL INFORMATIVO\",\"description\":\"Peri\u00f3dico digital de la Rep\u00fablica Dominicana que ofrece noticias, novedades, pol\u00edtica y las \u00faltimas actualidades, con informaci\u00f3n veraz y oportuna para mantenerte siempre informad\",\"publisher\":{\"@id\":\"https:\/\/elglobal.do\/#organization\"},\"potentialAction\":[{\"@type\":\"SearchAction\",\"target\":{\"@type\":\"EntryPoint\",\"urlTemplate\":\"https:\/\/elglobal.do\/?s={search_term_string}\"},\"query-input\":{\"@type\":\"PropertyValueSpecification\",\"valueRequired\":true,\"valueName\":\"search_term_string\"}}],\"inLanguage\":\"es\"},{\"@type\":\"Organization\",\"@id\":\"https:\/\/elglobal.do\/#organization\",\"name\":\"EL GLOBAL.DO INFORMATIVO\",\"url\":\"https:\/\/elglobal.do\/\",\"logo\":{\"@type\":\"ImageObject\",\"inLanguage\":\"es\",\"@id\":\"https:\/\/elglobal.do\/#\/schema\/logo\/image\/\",\"url\":\"https:\/\/elglobal.do\/wp-content\/uploads\/2025\/08\/icon.png\",\"contentUrl\":\"https:\/\/elglobal.do\/wp-content\/uploads\/2025\/08\/icon.png\",\"width\":512,\"height\":512,\"caption\":\"EL GLOBAL.DO INFORMATIVO\"},\"image\":{\"@id\":\"https:\/\/elglobal.do\/#\/schema\/logo\/image\/\"}},{\"@type\":\"Person\",\"@id\":\"https:\/\/elglobal.do\/#\/schema\/person\/0c97ec2c7714fb605d230c292f64d55f\",\"name\":\"EL GLOBAL\",\"image\":{\"@type\":\"ImageObject\",\"inLanguage\":\"es\",\"@id\":\"https:\/\/elglobal.do\/#\/schema\/person\/image\/\",\"url\":\"https:\/\/secure.gravatar.com\/avatar\/081cfb6cf99faddc6f4e23a0c11ab98c5cf302925382d1c88dc3ed757ab910a3?s=96&d=mm&r=g\",\"contentUrl\":\"https:\/\/secure.gravatar.com\/avatar\/081cfb6cf99faddc6f4e23a0c11ab98c5cf302925382d1c88dc3ed757ab910a3?s=96&d=mm&r=g\",\"caption\":\"EL GLOBAL\"},\"description\":\"El Global Informativo es un peri\u00f3dico digital de Rep\u00fablica Dominicana que se dedica a cubrir temas importantes, como la pol\u00edtica local, geopol\u00edtica, econom\u00eda, tecnolog\u00eda, noticias internacionales y eventos relacionados con la gesti\u00f3n social, cultural y humana. Su objetivo principal es mantener a la poblaci\u00f3n informada, ofreciendo una visi\u00f3n amplia y actualizada de lo que sucede tanto en el pa\u00eds como en el mundo. Est\u00e1 dirigido por un grupo de periodistas experimentados, lo que garantiza la calidad y la precisi\u00f3n de la informaci\u00f3n que ofrecen. Tiene su sede en la ciudad de Santo Domingo y es parte integral del portafolio de la empresa, MC Global S.R.L.\",\"sameAs\":[\"https:\/\/elglobal.do\",\"https:\/\/www.instagram.com\/elglobal.do_informativo\/\"],\"url\":\"https:\/\/elglobal.do\/index.php\/author\/elglobaluserpro\/\"}]}<\/script>\n<!-- \/ Yoast SEO plugin. -->","yoast_head_json":{"title":"En el D\u00eda Mundial de la Visi\u00f3n INABIE destaca estudiantes beneficiados con atenciones de salud visual durante este Gobierno - EL GLOBAL INFORMATIVO","robots":{"index":"index","follow":"follow","max-snippet":"max-snippet:-1","max-image-preview":"max-image-preview:large","max-video-preview":"max-video-preview:-1"},"canonical":"https:\/\/elglobal.do\/index.php\/2025\/10\/08\/en-el-dia-mundial-de-la-vision-inabie-destaca-estudiantes-beneficiados-con-atenciones-de-salud-visual-durante-este-gobierno\/","og_locale":"es_ES","og_type":"article","og_title":"En el D\u00eda Mundial de la Visi\u00f3n INABIE destaca estudiantes beneficiados con atenciones de salud visual durante este Gobierno - EL GLOBAL INFORMATIVO","og_description":"Santo Domingo. \u2013 En el marco de la conmemoraci\u00f3n del D\u00eda Mundial de la Visi\u00f3n, este jueves 9 de octubre, el Instituto Nacional de Bienestar Estudiantil (INABIE), destac\u00f3 los logros&hellip;","og_url":"https:\/\/elglobal.do\/index.php\/2025\/10\/08\/en-el-dia-mundial-de-la-vision-inabie-destaca-estudiantes-beneficiados-con-atenciones-de-salud-visual-durante-este-gobierno\/","og_site_name":"EL GLOBAL INFORMATIVO","article_published_time":"2025-10-08T18:54:49+00:00","article_modified_time":"2025-10-08T18:55:39+00:00","og_image":[{"width":1024,"height":682,"url":"https:\/\/elglobal.do\/wp-content\/uploads\/2025\/10\/INABIE-1.jpeg","type":"image\/jpeg"}],"author":"EL GLOBAL","twitter_card":"summary_large_image","twitter_misc":{"Escrito por":"EL GLOBAL","Tiempo de lectura":"3 minutos"},"schema":{"@context":"https:\/\/schema.org","@graph":[{"@type":"Article","@id":"https:\/\/elglobal.do\/index.php\/2025\/10\/08\/en-el-dia-mundial-de-la-vision-inabie-destaca-estudiantes-beneficiados-con-atenciones-de-salud-visual-durante-este-gobierno\/#article","isPartOf":{"@id":"https:\/\/elglobal.do\/index.php\/2025\/10\/08\/en-el-dia-mundial-de-la-vision-inabie-destaca-estudiantes-beneficiados-con-atenciones-de-salud-visual-durante-este-gobierno\/"},"author":{"name":"EL GLOBAL","@id":"https:\/\/elglobal.do\/#\/schema\/person\/0c97ec2c7714fb605d230c292f64d55f"},"headline":"En el D\u00eda Mundial de la Visi\u00f3n INABIE destaca estudiantes beneficiados con atenciones de salud visual durante este Gobierno","datePublished":"2025-10-08T18:54:49+00:00","dateModified":"2025-10-08T18:55:39+00:00","mainEntityOfPage":{"@id":"https:\/\/elglobal.do\/index.php\/2025\/10\/08\/en-el-dia-mundial-de-la-vision-inabie-destaca-estudiantes-beneficiados-con-atenciones-de-salud-visual-durante-este-gobierno\/"},"wordCount":598,"commentCount":0,"publisher":{"@id":"https:\/\/elglobal.do\/#organization"},"image":{"@id":"https:\/\/elglobal.do\/index.php\/2025\/10\/08\/en-el-dia-mundial-de-la-vision-inabie-destaca-estudiantes-beneficiados-con-atenciones-de-salud-visual-durante-este-gobierno\/#primaryimage"},"thumbnailUrl":"https:\/\/elglobal.do\/wp-content\/uploads\/2025\/10\/INABIE-1.jpeg","keywords":["#atenciones","#beneficiados","#D\u00edaMundial","#ElGlobalInformativo","#estudiantes","#INABIE","#SaludVisual"],"articleSection":["EDUCACI\u00d3N","NOTICIAS RELEVANTES"],"inLanguage":"es","potentialAction":[{"@type":"CommentAction","name":"Comment","target":["https:\/\/elglobal.do\/index.php\/2025\/10\/08\/en-el-dia-mundial-de-la-vision-inabie-destaca-estudiantes-beneficiados-con-atenciones-de-salud-visual-durante-este-gobierno\/#respond"]}]},{"@type":"WebPage","@id":"https:\/\/elglobal.do\/index.php\/2025\/10\/08\/en-el-dia-mundial-de-la-vision-inabie-destaca-estudiantes-beneficiados-con-atenciones-de-salud-visual-durante-este-gobierno\/","url":"https:\/\/elglobal.do\/index.php\/2025\/10\/08\/en-el-dia-mundial-de-la-vision-inabie-destaca-estudiantes-beneficiados-con-atenciones-de-salud-visual-durante-este-gobierno\/","name":"En el D\u00eda Mundial de la Visi\u00f3n INABIE destaca estudiantes beneficiados con atenciones de salud visual durante este Gobierno - EL GLOBAL INFORMATIVO","isPartOf":{"@id":"https:\/\/elglobal.do\/#website"},"primaryImageOfPage":{"@id":"https:\/\/elglobal.do\/index.php\/2025\/10\/08\/en-el-dia-mundial-de-la-vision-inabie-destaca-estudiantes-beneficiados-con-atenciones-de-salud-visual-durante-este-gobierno\/#primaryimage"},"image":{"@id":"https:\/\/elglobal.do\/index.php\/2025\/10\/08\/en-el-dia-mundial-de-la-vision-inabie-destaca-estudiantes-beneficiados-con-atenciones-de-salud-visual-durante-este-gobierno\/#primaryimage"},"thumbnailUrl":"https:\/\/elglobal.do\/wp-content\/uploads\/2025\/10\/INABIE-1.jpeg","datePublished":"2025-10-08T18:54:49+00:00","dateModified":"2025-10-08T18:55:39+00:00","breadcrumb":{"@id":"https:\/\/elglobal.do\/index.php\/2025\/10\/08\/en-el-dia-mundial-de-la-vision-inabie-destaca-estudiantes-beneficiados-con-atenciones-de-salud-visual-durante-este-gobierno\/#breadcrumb"},"inLanguage":"es","potentialAction":[{"@type":"ReadAction","target":["https:\/\/elglobal.do\/index.php\/2025\/10\/08\/en-el-dia-mundial-de-la-vision-inabie-destaca-estudiantes-beneficiados-con-atenciones-de-salud-visual-durante-este-gobierno\/"]}]},{"@type":"ImageObject","inLanguage":"es","@id":"https:\/\/elglobal.do\/index.php\/2025\/10\/08\/en-el-dia-mundial-de-la-vision-inabie-destaca-estudiantes-beneficiados-con-atenciones-de-salud-visual-durante-este-gobierno\/#primaryimage","url":"https:\/\/elglobal.do\/wp-content\/uploads\/2025\/10\/INABIE-1.jpeg","contentUrl":"https:\/\/elglobal.do\/wp-content\/uploads\/2025\/10\/INABIE-1.jpeg","width":1024,"height":682},{"@type":"BreadcrumbList","@id":"https:\/\/elglobal.do\/index.php\/2025\/10\/08\/en-el-dia-mundial-de-la-vision-inabie-destaca-estudiantes-beneficiados-con-atenciones-de-salud-visual-durante-este-gobierno\/#breadcrumb","itemListElement":[{"@type":"ListItem","position":1,"name":"Portada","item":"https:\/\/elglobal.do\/"},{"@type":"ListItem","position":2,"name":"En el D\u00eda Mundial de la Visi\u00f3n INABIE destaca estudiantes beneficiados con atenciones de salud visual durante este Gobierno"}]},{"@type":"WebSite","@id":"https:\/\/elglobal.do\/#website","url":"https:\/\/elglobal.do\/","name":"EL GLOBAL INFORMATIVO","description":"Peri\u00f3dico digital de la Rep\u00fablica Dominicana que ofrece noticias, novedades, pol\u00edtica y las \u00faltimas actualidades, con informaci\u00f3n veraz y oportuna para mantenerte siempre informad","publisher":{"@id":"https:\/\/elglobal.do\/#organization"},"potentialAction":[{"@type":"SearchAction","target":{"@type":"EntryPoint","urlTemplate":"https:\/\/elglobal.do\/?s={search_term_string}"},"query-input":{"@type":"PropertyValueSpecification","valueRequired":true,"valueName":"search_term_string"}}],"inLanguage":"es"},{"@type":"Organization","@id":"https:\/\/elglobal.do\/#organization","name":"EL GLOBAL.DO INFORMATIVO","url":"https:\/\/elglobal.do\/","logo":{"@type":"ImageObject","inLanguage":"es","@id":"https:\/\/elglobal.do\/#\/schema\/logo\/image\/","url":"https:\/\/elglobal.do\/wp-content\/uploads\/2025\/08\/icon.png","contentUrl":"https:\/\/elglobal.do\/wp-content\/uploads\/2025\/08\/icon.png","width":512,"height":512,"caption":"EL GLOBAL.DO INFORMATIVO"},"image":{"@id":"https:\/\/elglobal.do\/#\/schema\/logo\/image\/"}},{"@type":"Person","@id":"https:\/\/elglobal.do\/#\/schema\/person\/0c97ec2c7714fb605d230c292f64d55f","name":"EL GLOBAL","image":{"@type":"ImageObject","inLanguage":"es","@id":"https:\/\/elglobal.do\/#\/schema\/person\/image\/","url":"https:\/\/secure.gravatar.com\/avatar\/081cfb6cf99faddc6f4e23a0c11ab98c5cf302925382d1c88dc3ed757ab910a3?s=96&d=mm&r=g","contentUrl":"https:\/\/secure.gravatar.com\/avatar\/081cfb6cf99faddc6f4e23a0c11ab98c5cf302925382d1c88dc3ed757ab910a3?s=96&d=mm&r=g","caption":"EL GLOBAL"},"description":"El Global Informativo es un peri\u00f3dico digital de Rep\u00fablica Dominicana que se dedica a cubrir temas importantes, como la pol\u00edtica local, geopol\u00edtica, econom\u00eda, tecnolog\u00eda, noticias internacionales y eventos relacionados con la gesti\u00f3n social, cultural y humana. Su objetivo principal es mantener a la poblaci\u00f3n informada, ofreciendo una visi\u00f3n amplia y actualizada de lo que sucede tanto en el pa\u00eds como en el mundo. Est\u00e1 dirigido por un grupo de periodistas experimentados, lo que garantiza la calidad y la precisi\u00f3n de la informaci\u00f3n que ofrecen. Tiene su sede en la ciudad de Santo Domingo y es parte integral del portafolio de la empresa, MC Global S.R.L.","sameAs":["https:\/\/elglobal.do","https:\/\/www.instagram.com\/elglobal.do_informativo\/"],"url":"https:\/\/elglobal.do\/index.php\/author\/elglobaluserpro\/"}]}},"jetpack_featured_media_url":"https:\/\/elglobal.do\/wp-content\/uploads\/2025\/10\/INABIE-1.jpeg","jetpack_sharing_enabled":true,"_links":{"self":[{"href":"https:\/\/elglobal.do\/index.php\/wp-json\/wp\/v2\/posts\/2970","targetHints":{"allow":["GET"]}}],"collection":[{"href":"https:\/\/elglobal.do\/index.php\/wp-json\/wp\/v2\/posts"}],"about":[{"href":"https:\/\/elglobal.do\/index.php\/wp-json\/wp\/v2\/types\/post"}],"author":[{"embeddable":true,"href":"https:\/\/elglobal.do\/index.php\/wp-json\/wp\/v2\/users\/1"}],"replies":[{"embeddable":true,"href":"https:\/\/elglobal.do\/index.php\/wp-json\/wp\/v2\/comments?post=2970"}],"version-history":[{"count":1,"href":"https:\/\/elglobal.do\/index.php\/wp-json\/wp\/v2\/posts\/2970\/revisions"}],"predecessor-version":[{"id":2972,"href":"https:\/\/elglobal.do\/index.php\/wp-json\/wp\/v2\/posts\/2970\/revisions\/2972"}],"wp:featuredmedia":[{"embeddable":true,"href":"https:\/\/elglobal.do\/index.php\/wp-json\/wp\/v2\/media\/2971"}],"wp:attachment":[{"href":"https:\/\/elglobal.do\/index.php\/wp-json\/wp\/v2\/media?parent=2970"}],"wp:term":[{"taxonomy":"category","embeddable":true,"href":"https:\/\/elglobal.do\/index.php\/wp-json\/wp\/v2\/categories?post=2970"},{"taxonomy":"post_tag","embeddable":true,"href":"https:\/\/elglobal.do\/index.php\/wp-json\/wp\/v2\/tags?post=2970"}],"curies":[{"name":"wp","href":"https:\/\/api.w.org\/{rel}","templated":true}]}}