{"id":299,"date":"2025-04-21T18:22:00","date_gmt":"2025-04-21T22:22:00","guid":{"rendered":"https:\/\/elglobal.do\/?p=299"},"modified":"2025-04-21T18:39:30","modified_gmt":"2025-04-21T22:39:30","slug":"muere-el-papa-francisco-un-vendaval-social-y-reformador-en-la-iglesia","status":"publish","type":"post","link":"https:\/\/elglobal.do\/index.php\/2025\/04\/21\/muere-el-papa-francisco-un-vendaval-social-y-reformador-en-la-iglesia\/","title":{"rendered":"Muere el papa Francisco, un vendaval social y reformador en la Iglesia"},"content":{"rendered":"\n<figure class=\"wp-block-gallery has-nested-images columns-default is-cropped wp-block-gallery-1 is-layout-flex wp-block-gallery-is-layout-flex\">\n<figure class=\"wp-block-image size-large\"><img loading=\"lazy\" decoding=\"async\" width=\"1024\" height=\"576\" data-id=\"304\" src=\"https:\/\/elglobal.do\/wp-content\/uploads\/2025\/04\/papa-1024x576.avif\" alt=\"\" class=\"wp-image-304\" srcset=\"https:\/\/elglobal.do\/wp-content\/uploads\/2025\/04\/papa-1024x576.avif 1024w, https:\/\/elglobal.do\/wp-content\/uploads\/2025\/04\/papa-300x169.avif 300w, https:\/\/elglobal.do\/wp-content\/uploads\/2025\/04\/papa-768x432.avif 768w, https:\/\/elglobal.do\/wp-content\/uploads\/2025\/04\/papa.avif 1200w\" sizes=\"auto, (max-width: 1024px) 100vw, 1024px\" \/><\/figure>\n<\/figure>\n\n\n\n<p>El Pont\u00edfice ha fallecido a las 7.35 de este lunes a los 88 a\u00f1os, seg\u00fan ha anunciado el cardenal Farrell, camarlengo del Vaticano.<\/p>\n\n\n\n<p>El papa Francisco ha fallecido este lunes a los 88 a\u00f1os por un ictus cerebral a las 7.35 de la ma\u00f1ana, seg\u00fan ha anunciado el Vaticano. La primera noticia la ha dado el cardenal Kevin Joseph Farrell, camarlengo del Vaticano, el cargo que tras la muerte de un Pont\u00edfice asume la autoridad en la sede vacante. La Santa Sede lo ha hecho p\u00fablico a las 9.52 con un comunicado: \u201cHace poco, su eminencia, el cardenal Farrell, ha anunciado con tristeza la muerte del papa Francisco, con estas palabras: \u2018Queridos hermanos y hermanas, con profundo dolor debo anunciar el fallecimiento de nuestro Santo Padre Francisco. A las 7.35 de esta ma\u00f1ana,<a href=\"https:\/\/elpais.com\/internacional\/2025-04-10\/el-papa-francisco-aparece-por-sorpresa-en-la-basilica-de-san-pedro-en-camiseta-silla-de-ruedas-y-con-una-manta.html\">&nbsp;el obispo de Roma, Francisco,&nbsp;<\/a>regres\u00f3 a la casa del Padre. Toda su vida estuvo dedicada al servicio del Se\u00f1or y de su Iglesia. Nos ense\u00f1\u00f3 a vivir los valores del Evangelio con fidelidad, valent\u00eda y amor universal, especialmente en favor de los m\u00e1s pobres y marginados. Con inmensa gratitud por su ejemplo de verdadero disc\u00edpulo del Se\u00f1or Jes\u00fas, encomendamos el alma del Papa Francisco al infinito amor misericordioso del Dios Uno y Trino\u201d. En Roma, ya suenan las campanas de luto en todas las iglesias.<\/p>\n\n\n\n<p>A las ocho de la tarde se ha producido el rito de constataci\u00f3n de la muerte, con el camarlengo y el equipo m\u00e9dico del Vaticano. El director del departamento de Salud e Higiene del Vaticano, el profesor Andrea Arcangeli, ha certificado el fallecimiento por \u201cictus cerebral, coma y colapso cardiocirculatorio irreversible\u201d. Est\u00e1 previsto exponer el cuerpo del Pont\u00edfice a partir del mi\u00e9rcoles en la plaza de San Pedro, para el \u00faltimo saludo de los fieles. Tras el funeral, que se fijar\u00e1 en un d\u00eda entre el viernes y el domingo, el c\u00f3nclave para elegir al nuevo Papa ser\u00e1 en la primera semana de mayo. El calendario preciso se conocer\u00e1 en los pr\u00f3ximos d\u00edas.M\u00e1s informaci\u00f3n<\/p>\n\n\n\n<p><a href=\"https:\/\/elpais.com\/internacional\/2025-04-21\/reacciones-y-ultima-hora-de-la-muerte-del-papa-francisco-en-directo.html#?rel=mas_sumario\">En directo: \u00faltima hora sobre la muerte del Papa Francisco<\/a><\/p>\n\n\n\n<p>Francisco, que&nbsp;<a href=\"https:\/\/elpais.com\/internacional\/2025-03-22\/el-papa-francisco-se-asomara-el-domingo-a-la-ventana-del-hospital-y-aparecera-en-publico-por-primera-vez-en-mas-de-un-mes.html\">sali\u00f3 del hospital el pasado 23 de marzo&nbsp;<\/a>tras una larga hospitalizaci\u00f3n de 37 d\u00edas por una grave neumon\u00eda, apareci\u00f3 en p\u00fablico por \u00faltima vez este domingo en la plaza de San Pedro, para dar la tradicional bendici\u00f3n&nbsp;<em>Urbi et orbi<\/em>. Se le ve\u00eda notablemente fatigado, apenas pod\u00eda hablar y solo dese\u00f3 una feliz Pascua a los fieles. Luego dio una vuelta por la plaza en el&nbsp;<em>papam\u00f3vil<\/em>, una escena que ahora se convierte en su despedida de la multitud. Su \u00faltimo encuentro conocido fue&nbsp;<a href=\"https:\/\/elpais.com\/internacional\/2025-04-20\/el-papa-francisco-critico-con-la-administracion-trump-mantiene-un-breve-encuentro-en-el-vaticano-con-el-vicepresidente-de-ee-uu.html\">con el vicepresidente de los Estados Unidos, J. D. Vance<\/a>, a quien recibi\u00f3 en una audiencia privada. Francisco era un severo cr\u00edtico de la Administraci\u00f3n de Donald Trump, arropada por el catolicismo ultraconservador de EE UU, y en el momento actual, una de las preguntas decisivas que ahora queda en el aire es cu\u00e1l ser\u00e1 la actitud del pr\u00f3ximo pont\u00edfice.<\/p>\n\n\n\n<p>Francisco ha cumplido un mandato de 12 a\u00f1os, desde que fue elegido en 2013 en un momento hist\u00f3rico, tras la dimisi\u00f3n de Benedicto XVI.&nbsp;<a href=\"https:\/\/elpais.com\/internacional\/2022-12-31\/muere-benedicto-xvi-el-papa-que-se-fue-dos-veces.html\">Joseph Ratzinger renunci\u00f3&nbsp;<\/a>cansado y derrotado por las intrigas palaciegas y la corrupci\u00f3n de la Curia, y por verse impotente para emprender las reformas internas que requer\u00eda el Vaticano, desde&nbsp;<a href=\"https:\/\/elpais.com\/internacional\/2013\/06\/26\/actualidad\/1372248841_709417.html\">el banco de la Santa Sede<\/a>&nbsp;al esc\u00e1ndalo&nbsp;<a href=\"https:\/\/elpais.com\/sociedad\/2024-04-16\/cientos-de-historias-de-pederastia-que-la-iglesia-no-se-cree-lo-que-mas-me-duele-es-quedar-como-un-mentiroso.html\">de la pederastia.<\/a>&nbsp;Jorge Mario Bergoglio, argentino, jesuita, fue el elegido para emprender una renovaci\u00f3n en la Iglesia cat\u00f3lica, ponerla al d\u00eda y acometer reformas pendientes. Con un car\u00e1cter a veces impulsivo y en\u00e9rgico, desde luego ha pasado como un vendaval en lo social, con una cr\u00edtica sin precedentes al sistema capitalista actual, y en las reformas internas, con resultados desiguales. Por el camino ha abierto fuertes divisiones.<\/p>\n\n\n\n<figure class=\"wp-block-image\"><img decoding=\"async\" src=\"https:\/\/imagenes.elpais.com\/resizer\/v2\/4BDHFJSPVJDD7MNWEQ7CRLCQQ4.jpg?auth=40c02a91a941df85a0948597402e7d5a0ce4090172a37cfebafa292dd2a705b8&amp;width=414\" alt=\"El vicepresidente de EE UU, J. D. Vance, con el Papa en el Vaticano, el domingo.\"\/><figcaption class=\"wp-element-caption\">El vicepresidente de EE UU, J. D. Vance, con el Papa en el Vaticano, el domingo.Vatican Media\/IPA\/ZUMA Press\/Dpa\/Europa Press<\/figcaption><\/figure>\n\n\n\n<p>Para el sector m\u00e1s conservador de la Iglesia, ha ido incluso demasiado lejos, y&nbsp;<a href=\"https:\/\/elpais.com\/internacional\/2021-12-23\/el-papa-reclama-unidad-a-su-curia-en-plena-batalla-ideologica-con-el-sector-mas-conservador-de-la-iglesia.html\">se ha abierto un aut\u00e9ntico frente contra \u00e9l,&nbsp;<\/a>que lo ha visto pr\u00e1cticamente como un peligroso Papa populista de izquierdas. Pero las enormes expectativas que despert\u00f3 tambi\u00e9n han desilusionado en ocasiones a los m\u00e1s progresistas, que esperaban cambios m\u00e1s profundos en la reforma de la Curia, el aumento de la colegialidad en las decisiones, la ordenaci\u00f3n femenina o en doctrina sexual. En uno de los problemas clave, la lucha contra la pederastia, se ha implicado a fondo con normativas y decisiones dr\u00e1sticas \u2015<a href=\"https:\/\/elpais.com\/internacional\/2018\/05\/18\/actualidad\/1526641438_149702.html\">hizo dimitir a toda la conferencia episcopal chilena<\/a>\u2015, pero el resto de la jerarqu\u00eda, los obispos de cada pa\u00eds y la burocracia vaticana no siempre le han seguido y han opuesto resistencia. En muchas ocasiones hay casos y esc\u00e1ndalos que solo se han abordado por iniciativa directa del Papa, tras tener contacto personal con v\u00edctimas, como en Chile, o con los periodistas que lo investigaban, como en el caso del grupo ultraconservador peruano Sodalicio de Vida Cristiana, que acaba de ser disuelto. En el caso de Espa\u00f1a, tras la investigaci\u00f3n de EL PA\u00cdS que ha sacado a la luz cientos de casos, ha preferido mirar para otro lado y dejar hacer a la Conferencia Episcopal, que ha actuado con lentitud, opacidad y distancia de las v\u00edctimas.<\/p>\n\n\n\n<p>Han sido 12 a\u00f1os que han supuesto una revoluci\u00f3n en muchos \u00e1mbitos en la Iglesia, empezando por el hecho de que durante nueve a\u00f1os&nbsp;<a href=\"https:\/\/elpais.com\/ideas\/2023-01-06\/papas-a-quienes-nadie-hace-caso.html\">convivieran dos pont\u00edfices,<\/a>&nbsp;hasta el fallecimiento de Ratzinger el 31 de diciembre de 2022. Esta situaci\u00f3n dio mucho que hablar y debatir en su d\u00eda, pero el tiempo ha demostrado que apenas caus\u00f3 problemas. Y ha sentado un precedente. Precisamente, la posibilidad de la renuncia ha estado en el aire estos meses, con el declive de salud de Francisco, pero \u00e9l ya hab\u00eda dicho que optar\u00eda por seguir hasta el final, salvo caso extremo. En su \u00faltima etapa le preocupaba que, si dimit\u00eda, esta pr\u00e1ctica pod\u00eda consolidarse y no deseaba que se convirtiera en \u201cuna moda\u201d. Ahora, de nuevo, el retiro de Benedicto XVI queda como una excepci\u00f3n, como si ahora se retomara la tradici\u00f3n de la Iglesia.<\/p>\n\n\n\n<figure class=\"wp-block-image\"><img decoding=\"async\" src=\"https:\/\/imagenes.elpais.com\/resizer\/v2\/A4JKTOOWWFBLBHDN32EG2SY33Y.jpg?auth=e8173c13ef8dd09860a5f12b6e9657a7a06bf9ebddb253aefbe3f25bc7387483&amp;width=414\" alt=\"El papa Francisco se re\u00fane con el papa em\u00e9rito Benedicto XVI en la residencia de verano papal de Castel Gandolfo, el 23 de marzo de 2013 (10 d\u00edas despu\u00e9s de su elecci\u00f3n).\"\/><figcaption class=\"wp-element-caption\">El papa Francisco se re\u00fane con el papa em\u00e9rito Benedicto XVI en la residencia de verano papal de Castel Gandolfo, el 23 de marzo de 2013 (10 d\u00edas despu\u00e9s de su elecci\u00f3n).Vatican Pool (Getty Images)<\/figcaption><\/figure>\n\n\n\n<p>Lo cierto es que tan solo con su elecci\u00f3n, Francisco fue el primero en muchas cosas: primer papa americano, primer papa no europeo desde el siglo V, primer papa jesuita, y el primero en llamarse Francisco, una elecci\u00f3n de nombre que ya lo dijo todo. Ning\u00fan pont\u00edfice antes se hab\u00eda atrevido a llamarse como un santo radical que se enfrent\u00f3 a la pompa vaticana y dedic\u00f3 su vida a los pobres. Lo eligi\u00f3 por las palabras que le dijo el cardenal brasile\u00f1o, Claudio Hummes, al abrazarle tras su elecci\u00f3n como pont\u00edfice:&nbsp;<a href=\"https:\/\/elpais.com\/internacional\/2015\/07\/06\/actualidad\/1436134404_483748.html\">\u201cNo te olvides de los pobres\u201d.&nbsp;<\/a>Francisco no lo ha hecho, y tambi\u00e9n ha sido al\u00e9rgico a los usos y costumbres tradicionales de los papas, buscando la sencillez y el trato directo. Ha dado innumerables entrevistas, respondiendo a todo de forma muy coloquial y sin rodeos, y desde el inicio fue frecuente que llamara por tel\u00e9fono a todo tipo de personas, a cualquiera, para responder a una carta o una solicitud de ayuda. Esta impronta personal y humana, de ruptura del protocolo, ha sido totalmente novedosa.<\/p>\n\n\n\n<p>Jorge Mario Bergoglio, descendiente de inmigrantes italianos piamonteses, naci\u00f3 en Buenos Aires en 1936 en una familia humilde del barrio de Flores. Se licenci\u00f3 en Qu\u00edmica, luego en Filosof\u00eda y entr\u00f3 en los jesuitas en 1958. Fue provincial de la orden en Argentina entre 1973 y 1979, durante la dictadura militar, y desde su cargo ayud\u00f3 a huir a varios perseguidos pol\u00edticos. Esta experiencia marc\u00f3 su visi\u00f3n pol\u00edtica, como el hecho de ser hijo de inmigrantes y su entusiasmo juvenil por el peronismo.Fotogaler\u00eda<\/p>\n\n\n\n<figure class=\"wp-block-image\"><a class=\"_db _pr\" href=\"https:\/\/elpais.com\/internacional\/2025-04-21\/fallece-el-papa-francisco-sus-11-anos-de-mandato-en-imagenes.html\"><img decoding=\"async\" src=\"https:\/\/imagenes.elpais.com\/resizer\/v2\/VRHJETMOWBCNTFOFOU4OH4PV4E.jpg?auth=a680722b8638810a28314dd1a76f1035031e2f3c37ec082d6c5f607f09658f7b&amp;width=414&amp;height=311&amp;smart=true\" alt=\"VATICAN CITY, VATICAN - OCTOBER 30: Pope Francis leads his general weekly audience in St. Peter's Square  on October 30, 2019 in Vatican City, Vatican. (Photo by Alessandra Benedetti - Corbis\/Corbis)\"\/><\/a><\/figure>\n\n\n\n<p><a href=\"https:\/\/elpais.com\/internacional\/2025-04-21\/fallece-el-papa-francisco-sus-11-anos-de-mandato-en-imagenes.html#?rel=mas_sumario\">Fallece el papa Francisco: sus 11 a\u00f1os de mandato, en im\u00e1genes<\/a><\/p>\n\n\n\n<p>Sin embargo, luego fue relegado unos a\u00f1os dentro de la Compa\u00f1\u00eda, un periodo que \u00e9l mismo defini\u00f3 como \u201coscuro\u201d, hasta que en 1992 fue nombrado obispo auxiliar de Buenos Aires por Juan Pablo II. A partir de entonces su figura crece \u2015fue cardenal en 2001\u2015, hasta el punto de que, en 2005, tras la muerte de Karol Wojtyla, era un&nbsp;<em>papable<\/em>&nbsp;claro, y ya fue uno de los m\u00e1s votados en el c\u00f3nclave. Finalmente, fue elegido Benedicto XVI, una soluci\u00f3n de continuidad tras el largo pontificado de Juan Pablo II, pues el rumbo a seguir era incierto.<\/p>\n\n\n\n<figure class=\"wp-block-image\"><img decoding=\"async\" src=\"https:\/\/imagenes.elpais.com\/resizer\/v2\/6E3EANSIR5BS3E7DBKWPJXINSI.jpg?auth=2bbd2cb60b33161c7729f241a62ee0dc96d1b0aaada31d3ccbff086e725574d7&amp;width=414\" alt=\"Francisco toma un mate en la plaza de San Pedro del Vaticano, el 6 de abril de 2016.\"\/><figcaption class=\"wp-element-caption\">Francisco toma un mate en la plaza de San Pedro del Vaticano, el 6 de abril de 2016.Andrew Medichini (AP\/LaPresse)<\/figcaption><\/figure>\n\n\n\n<p>La dimisi\u00f3n de Ratzinger volvi\u00f3 a poner a la Iglesia en la misma tesitura, y en esa ocasi\u00f3n Bergoglio fue elegido r\u00e1pidamente. Ten\u00eda 76 a\u00f1os y se intu\u00eda ya que su pontificado ser\u00eda breve, pero se buscaba un periodo de \u00edmpetu reformador. La revoluci\u00f3n de Francisco se tradujo principalmente en lo social, en querer una Iglesia de la calle, que oliera \u201ca oveja\u201d, al encuentro de todo el mundo, y en su abierta cr\u00edtica a los&nbsp;<a href=\"https:\/\/elpais.com\/sociedad\/2020-10-04\/el-papa-arremete-contra-el-neoliberalismo-y-el-populismo-en-su-documento-mas-politico.html\">excesos del sistema econ\u00f3mico actual,<\/a>&nbsp;la m\u00e1s directa de un pont\u00edfice hasta ahora. Con una especial preocupaci\u00f3n por la ecolog\u00eda y el cambio clim\u00e1tico, un asunto al que dedic\u00f3 nada menos que su primera enc\u00edclica<a href=\"https:\/\/elpais.com\/internacional\/2015\/06\/18\/actualidad\/1434621757_879380.html\"><em>, Laudato si<\/em>,&nbsp;<\/a>en 2015, (la anterior,&nbsp;<em>Lumen fidei<\/em>, de 2013, era en realidad una que hab\u00eda dejado a medias Benedicto XVI y \u00e9l complet\u00f3). Incidi\u00f3 a\u00fan m\u00e1s en su cr\u00edtica en la siguiente,&nbsp;<em>Hermanos todos&nbsp;<\/em>(2020), que arremet\u00eda contra el neoliberalismo y el populismo. La cuarta y \u00faltima,&nbsp;<em>Nos am\u00f3<\/em>&nbsp;(2024), fue la m\u00e1s teol\u00f3gica y espiritual, una llamada a actuar con el coraz\u00f3n, m\u00e1s all\u00e1 de la l\u00f3gica del dinero y de la frialdad de los algoritmos. Toda su visi\u00f3n ha chocado de lleno con amplios sectores conservadores, que casi lo han visto como un intruso y un hereje, sobre todo en el mundo ultracat\u00f3lico de Estados Unidos. Tambi\u00e9n ha reducido el poder del Opus Dei, que hab\u00eda crecido bajo el amparo de Juan Pablo II.<\/p>\n\n\n\n<p>Francisco ha sido el Papa que ha pilotado la entrada de la Iglesia en el siglo XXI, afrontando los dilemas actuales (y con una cuenta en Instagram desde 2016). Ha revolucionado sobre todo el lenguaje, las formas, y ha abierto caminos a\u00fan inciertos que tocar\u00e1 a su sucesor ver c\u00f3mo recorrer.&nbsp;<a href=\"https:\/\/elpais.com\/sociedad\/2020-10-21\/el-papa-francisco-defiende-las-uniones-civiles-entre-homosexuales.html\">La aceptaci\u00f3n fraternal de homosexuales y transexuales,<\/a>&nbsp;permitiendo la bendici\u00f3n de parejas y que sean padrinos; la entrada de las mujeres en altos cargos de la Curia y una llamada a \u201cdesmasculinizar la Iglesia\u201d, aunque ha congelado el asunto m\u00e1s pol\u00e9mico, el de la ordenaci\u00f3n femenina; el acercamiento a los divorciados que se han vuelto a casar.<\/p>\n\n\n\n<figure class=\"wp-block-image\"><img decoding=\"async\" src=\"https:\/\/imagenes.elpais.com\/resizer\/v2\/DMUQRXYRH5HXRAAFEOAECB26EI.jpg?auth=1379f1aec7c96a2f74b177825411d3eaa5b20ed17e2552778bdfd8776283d3b4&amp;width=414\" alt=\"El papa Francisco se re\u00fane con un grupo de migrantes en el muelle de la isla de Lampedusa (Italia), el 8 de julio de 2013, durante su primer viaje papal.\"\/><figcaption class=\"wp-element-caption\">El papa Francisco se re\u00fane con un grupo de migrantes en el muelle de la isla de Lampedusa (Italia), el 8 de julio de 2013, durante su primer viaje papal.Tullio M. Puglia (Getty Images)<\/figcaption><\/figure>\n\n\n\n<p>Si hay una palabra que resume la prioridad de su mandato es \u201cperiferia\u201d, de quien est\u00e1 al margen de la sociedad, de la ciudad, de las fronteras, quien se halla lejos del poder. Se ve en sus viajes, 47 a 66 pa\u00edses, en los que casi siempre ha evitado las grandes potencias o pa\u00edses de fuerte tradici\u00f3n cat\u00f3lica, como por ejemplo Espa\u00f1a, donde no ha ido nunca. Solo se plante\u00f3 ir a Canarias, por la crisis de las llegadas de inmigrantes desde \u00c1frica. Su primer viaje, de hecho, ya defini\u00f3 su l\u00ednea: fue a la isla italiana de Lampedusa, punto de llegada de migrantes. A ellos y a todos los hombres, creyentes y no creyentes, quiso dejar en su autobiograf\u00eda, publicada en enero de 2025, un mensaje reducido a una palabra, el t\u00edtulo del libro: esperanza.<\/p>\n\n\n\n<figure class=\"wp-block-image\"><img decoding=\"async\" src=\"https:\/\/imagenes.elpais.com\/resizer\/v2\/HOQDNN25XBCE5IRPH7EQQ2DPMY.jpg?auth=d0b7a78413c4edb049629c1b272f9c6b8fea66d62c7023309616d6585fbdf706&amp;width=414\" alt=\"El papa Francisco asiste a la Santa Misa del Domingo de Resurrecci\u00f3n y a la bendici\u00f3n &quot;Urbi et Orbi&quot; en la Plaza de San Pedro del Vaticano.\"\/><figcaption class=\"wp-element-caption\">El papa Francisco asiste a la Santa Misa del Domingo de Resurrecci\u00f3n y a la bendici\u00f3n \u00abUrbi et Orbi\u00bb en la Plaza de San Pedro del Vaticano.ZUMA v\u00eda Europa Press (ZUMA v\u00eda Europa Press)<\/figcaption><\/figure>\n\n\n\n<p>En su mandato ha encontrado una gran oposici\u00f3n interna en sectores conservadores, que ha llevado a protestas de grupos de cardenales y campa\u00f1as en su contra, de una virulencia que hac\u00eda d\u00e9cadas que no se ve\u00eda en la Iglesia. Esto ha creado grandes expectativas de correcci\u00f3n de ruta en el pr\u00f3ximo c\u00f3nclave en los \u00e1mbitos m\u00e1s tradicionalistas de la Iglesia. En todo caso, la elecci\u00f3n del futuro papa tambi\u00e9n ser\u00e1 en condiciones hist\u00f3ricas: el mayor n\u00famero de cardenales, 135, frente a los 115 de las \u00faltimas dos ocasiones, y el mayor n\u00famero de pa\u00edses de origen, 71 (48 y 52 en los anteriores), que han hecho que Europa y el mundo occidental pierdan su centralidad. Adem\u00e1s, Bergoglio ha elegido al 79% de los cardenales, con criterios que se han saltado la l\u00f3gica tradicional y la mayor\u00eda de ellos son muy desconocidos. Por eso se prev\u00e9 un c\u00f3nclave m\u00e1s largo \u2015los dos \u00faltimos, en 2005 y 2013 duraron solo d\u00eda y medio\u2015 y quiz\u00e1 un Papa que constituya otra gran sorpresa.<\/p>\n\n\n\n<p>Fuente: <a href=\"https:\/\/elpais.com\/internacional\/2025-04-21\/muere-el-papa-francisco-un-vendaval-social-y-reformador-en-la-iglesia.html\">https:\/\/elpais.com\/internacional\/2025-04-21\/muere-el-papa-francisco-un-vendaval-social-y-reformador-en-la-iglesia.html<\/a><\/p>\n","protected":false},"excerpt":{"rendered":"<p>El Pont\u00edfice ha fallecido a las 7.35 de este lunes a los 88 a\u00f1os, seg\u00fan ha anunciado el cardenal Farrell, camarlengo del Vaticano. El papa Francisco ha fallecido este lunes&hellip; <\/p>\n","protected":false},"author":1,"featured_media":0,"comment_status":"open","ping_status":"open","sticky":false,"template":"","format":"standard","meta":{"_jetpack_memberships_contains_paid_content":false,"footnotes":""},"categories":[1],"tags":[],"class_list":["post-299","post","type-post","status-publish","format-standard","hentry","category-categoria-internacionales"],"yoast_head":"<!-- This site is optimized with the Yoast SEO plugin v26.9 - https:\/\/yoast.com\/product\/yoast-seo-wordpress\/ -->\n<title>Muere el papa Francisco, un vendaval social y reformador en la Iglesia - EL GLOBAL INFORMATIVO<\/title>\n<meta name=\"robots\" content=\"index, follow, max-snippet:-1, max-image-preview:large, max-video-preview:-1\" \/>\n<link rel=\"canonical\" href=\"https:\/\/elglobal.do\/index.php\/2025\/04\/21\/muere-el-papa-francisco-un-vendaval-social-y-reformador-en-la-iglesia\/\" \/>\n<meta property=\"og:locale\" content=\"es_ES\" \/>\n<meta property=\"og:type\" content=\"article\" \/>\n<meta property=\"og:title\" content=\"Muere el papa Francisco, un vendaval social y reformador en la Iglesia - EL GLOBAL INFORMATIVO\" \/>\n<meta property=\"og:description\" content=\"El Pont\u00edfice ha fallecido a las 7.35 de este lunes a los 88 a\u00f1os, seg\u00fan ha anunciado el cardenal Farrell, camarlengo del Vaticano. El papa Francisco ha fallecido este lunes&hellip;\" \/>\n<meta property=\"og:url\" content=\"https:\/\/elglobal.do\/index.php\/2025\/04\/21\/muere-el-papa-francisco-un-vendaval-social-y-reformador-en-la-iglesia\/\" \/>\n<meta property=\"og:site_name\" content=\"EL GLOBAL INFORMATIVO\" \/>\n<meta property=\"article:published_time\" content=\"2025-04-21T22:22:00+00:00\" \/>\n<meta property=\"article:modified_time\" content=\"2025-04-21T22:39:30+00:00\" \/>\n<meta name=\"author\" content=\"EL GLOBAL\" \/>\n<meta name=\"twitter:card\" content=\"summary_large_image\" \/>\n<meta name=\"twitter:label1\" content=\"Escrito por\" \/>\n\t<meta name=\"twitter:data1\" content=\"EL GLOBAL\" \/>\n\t<meta name=\"twitter:label2\" content=\"Tiempo de lectura\" \/>\n\t<meta name=\"twitter:data2\" content=\"12 minutos\" \/>\n<script type=\"application\/ld+json\" class=\"yoast-schema-graph\">{\"@context\":\"https:\/\/schema.org\",\"@graph\":[{\"@type\":\"Article\",\"@id\":\"https:\/\/elglobal.do\/index.php\/2025\/04\/21\/muere-el-papa-francisco-un-vendaval-social-y-reformador-en-la-iglesia\/#article\",\"isPartOf\":{\"@id\":\"https:\/\/elglobal.do\/index.php\/2025\/04\/21\/muere-el-papa-francisco-un-vendaval-social-y-reformador-en-la-iglesia\/\"},\"author\":{\"name\":\"EL GLOBAL\",\"@id\":\"https:\/\/elglobal.do\/#\/schema\/person\/0c97ec2c7714fb605d230c292f64d55f\"},\"headline\":\"Muere el papa Francisco, un vendaval social y reformador en la Iglesia\",\"datePublished\":\"2025-04-21T22:22:00+00:00\",\"dateModified\":\"2025-04-21T22:39:30+00:00\",\"mainEntityOfPage\":{\"@id\":\"https:\/\/elglobal.do\/index.php\/2025\/04\/21\/muere-el-papa-francisco-un-vendaval-social-y-reformador-en-la-iglesia\/\"},\"wordCount\":2344,\"commentCount\":0,\"publisher\":{\"@id\":\"https:\/\/elglobal.do\/#organization\"},\"image\":{\"@id\":\"https:\/\/elglobal.do\/index.php\/2025\/04\/21\/muere-el-papa-francisco-un-vendaval-social-y-reformador-en-la-iglesia\/#primaryimage\"},\"thumbnailUrl\":\"https:\/\/elglobal.do\/wp-content\/uploads\/2025\/04\/papa-1024x576.avif\",\"articleSection\":[\"INTERNACIONALES\"],\"inLanguage\":\"es\",\"potentialAction\":[{\"@type\":\"CommentAction\",\"name\":\"Comment\",\"target\":[\"https:\/\/elglobal.do\/index.php\/2025\/04\/21\/muere-el-papa-francisco-un-vendaval-social-y-reformador-en-la-iglesia\/#respond\"]}]},{\"@type\":\"WebPage\",\"@id\":\"https:\/\/elglobal.do\/index.php\/2025\/04\/21\/muere-el-papa-francisco-un-vendaval-social-y-reformador-en-la-iglesia\/\",\"url\":\"https:\/\/elglobal.do\/index.php\/2025\/04\/21\/muere-el-papa-francisco-un-vendaval-social-y-reformador-en-la-iglesia\/\",\"name\":\"Muere el papa Francisco, un vendaval social y reformador en la Iglesia - EL GLOBAL INFORMATIVO\",\"isPartOf\":{\"@id\":\"https:\/\/elglobal.do\/#website\"},\"primaryImageOfPage\":{\"@id\":\"https:\/\/elglobal.do\/index.php\/2025\/04\/21\/muere-el-papa-francisco-un-vendaval-social-y-reformador-en-la-iglesia\/#primaryimage\"},\"image\":{\"@id\":\"https:\/\/elglobal.do\/index.php\/2025\/04\/21\/muere-el-papa-francisco-un-vendaval-social-y-reformador-en-la-iglesia\/#primaryimage\"},\"thumbnailUrl\":\"https:\/\/elglobal.do\/wp-content\/uploads\/2025\/04\/papa-1024x576.avif\",\"datePublished\":\"2025-04-21T22:22:00+00:00\",\"dateModified\":\"2025-04-21T22:39:30+00:00\",\"breadcrumb\":{\"@id\":\"https:\/\/elglobal.do\/index.php\/2025\/04\/21\/muere-el-papa-francisco-un-vendaval-social-y-reformador-en-la-iglesia\/#breadcrumb\"},\"inLanguage\":\"es\",\"potentialAction\":[{\"@type\":\"ReadAction\",\"target\":[\"https:\/\/elglobal.do\/index.php\/2025\/04\/21\/muere-el-papa-francisco-un-vendaval-social-y-reformador-en-la-iglesia\/\"]}]},{\"@type\":\"ImageObject\",\"inLanguage\":\"es\",\"@id\":\"https:\/\/elglobal.do\/index.php\/2025\/04\/21\/muere-el-papa-francisco-un-vendaval-social-y-reformador-en-la-iglesia\/#primaryimage\",\"url\":\"https:\/\/elglobal.do\/wp-content\/uploads\/2025\/04\/papa.avif\",\"contentUrl\":\"https:\/\/elglobal.do\/wp-content\/uploads\/2025\/04\/papa.avif\",\"width\":1200,\"height\":675},{\"@type\":\"BreadcrumbList\",\"@id\":\"https:\/\/elglobal.do\/index.php\/2025\/04\/21\/muere-el-papa-francisco-un-vendaval-social-y-reformador-en-la-iglesia\/#breadcrumb\",\"itemListElement\":[{\"@type\":\"ListItem\",\"position\":1,\"name\":\"Portada\",\"item\":\"https:\/\/elglobal.do\/\"},{\"@type\":\"ListItem\",\"position\":2,\"name\":\"Muere el papa Francisco, un vendaval social y reformador en la Iglesia\"}]},{\"@type\":\"WebSite\",\"@id\":\"https:\/\/elglobal.do\/#website\",\"url\":\"https:\/\/elglobal.do\/\",\"name\":\"EL GLOBAL INFORMATIVO\",\"description\":\"Peri\u00f3dico digital de la Rep\u00fablica Dominicana que ofrece noticias, novedades, pol\u00edtica y las \u00faltimas actualidades, con informaci\u00f3n veraz y oportuna para mantenerte siempre informad\",\"publisher\":{\"@id\":\"https:\/\/elglobal.do\/#organization\"},\"potentialAction\":[{\"@type\":\"SearchAction\",\"target\":{\"@type\":\"EntryPoint\",\"urlTemplate\":\"https:\/\/elglobal.do\/?s={search_term_string}\"},\"query-input\":{\"@type\":\"PropertyValueSpecification\",\"valueRequired\":true,\"valueName\":\"search_term_string\"}}],\"inLanguage\":\"es\"},{\"@type\":\"Organization\",\"@id\":\"https:\/\/elglobal.do\/#organization\",\"name\":\"EL GLOBAL.DO INFORMATIVO\",\"url\":\"https:\/\/elglobal.do\/\",\"logo\":{\"@type\":\"ImageObject\",\"inLanguage\":\"es\",\"@id\":\"https:\/\/elglobal.do\/#\/schema\/logo\/image\/\",\"url\":\"https:\/\/elglobal.do\/wp-content\/uploads\/2025\/08\/icon.png\",\"contentUrl\":\"https:\/\/elglobal.do\/wp-content\/uploads\/2025\/08\/icon.png\",\"width\":512,\"height\":512,\"caption\":\"EL GLOBAL.DO INFORMATIVO\"},\"image\":{\"@id\":\"https:\/\/elglobal.do\/#\/schema\/logo\/image\/\"}},{\"@type\":\"Person\",\"@id\":\"https:\/\/elglobal.do\/#\/schema\/person\/0c97ec2c7714fb605d230c292f64d55f\",\"name\":\"EL GLOBAL\",\"image\":{\"@type\":\"ImageObject\",\"inLanguage\":\"es\",\"@id\":\"https:\/\/elglobal.do\/#\/schema\/person\/image\/\",\"url\":\"https:\/\/secure.gravatar.com\/avatar\/081cfb6cf99faddc6f4e23a0c11ab98c5cf302925382d1c88dc3ed757ab910a3?s=96&d=mm&r=g\",\"contentUrl\":\"https:\/\/secure.gravatar.com\/avatar\/081cfb6cf99faddc6f4e23a0c11ab98c5cf302925382d1c88dc3ed757ab910a3?s=96&d=mm&r=g\",\"caption\":\"EL GLOBAL\"},\"description\":\"El Global Informativo es un peri\u00f3dico digital de Rep\u00fablica Dominicana que se dedica a cubrir temas importantes, como la pol\u00edtica local, geopol\u00edtica, econom\u00eda, tecnolog\u00eda, noticias internacionales y eventos relacionados con la gesti\u00f3n social, cultural y humana. Su objetivo principal es mantener a la poblaci\u00f3n informada, ofreciendo una visi\u00f3n amplia y actualizada de lo que sucede tanto en el pa\u00eds como en el mundo. Est\u00e1 dirigido por un grupo de periodistas experimentados, lo que garantiza la calidad y la precisi\u00f3n de la informaci\u00f3n que ofrecen. Tiene su sede en la ciudad de Santo Domingo y es parte integral del portafolio de la empresa, MC Global S.R.L.\",\"sameAs\":[\"https:\/\/elglobal.do\",\"https:\/\/www.instagram.com\/elglobal.do_informativo\/\"],\"url\":\"https:\/\/elglobal.do\/index.php\/author\/elglobaluserpro\/\"}]}<\/script>\n<!-- \/ Yoast SEO plugin. -->","yoast_head_json":{"title":"Muere el papa Francisco, un vendaval social y reformador en la Iglesia - EL GLOBAL INFORMATIVO","robots":{"index":"index","follow":"follow","max-snippet":"max-snippet:-1","max-image-preview":"max-image-preview:large","max-video-preview":"max-video-preview:-1"},"canonical":"https:\/\/elglobal.do\/index.php\/2025\/04\/21\/muere-el-papa-francisco-un-vendaval-social-y-reformador-en-la-iglesia\/","og_locale":"es_ES","og_type":"article","og_title":"Muere el papa Francisco, un vendaval social y reformador en la Iglesia - EL GLOBAL INFORMATIVO","og_description":"El Pont\u00edfice ha fallecido a las 7.35 de este lunes a los 88 a\u00f1os, seg\u00fan ha anunciado el cardenal Farrell, camarlengo del Vaticano. El papa Francisco ha fallecido este lunes&hellip;","og_url":"https:\/\/elglobal.do\/index.php\/2025\/04\/21\/muere-el-papa-francisco-un-vendaval-social-y-reformador-en-la-iglesia\/","og_site_name":"EL GLOBAL INFORMATIVO","article_published_time":"2025-04-21T22:22:00+00:00","article_modified_time":"2025-04-21T22:39:30+00:00","author":"EL GLOBAL","twitter_card":"summary_large_image","twitter_misc":{"Escrito por":"EL GLOBAL","Tiempo de lectura":"12 minutos"},"schema":{"@context":"https:\/\/schema.org","@graph":[{"@type":"Article","@id":"https:\/\/elglobal.do\/index.php\/2025\/04\/21\/muere-el-papa-francisco-un-vendaval-social-y-reformador-en-la-iglesia\/#article","isPartOf":{"@id":"https:\/\/elglobal.do\/index.php\/2025\/04\/21\/muere-el-papa-francisco-un-vendaval-social-y-reformador-en-la-iglesia\/"},"author":{"name":"EL GLOBAL","@id":"https:\/\/elglobal.do\/#\/schema\/person\/0c97ec2c7714fb605d230c292f64d55f"},"headline":"Muere el papa Francisco, un vendaval social y reformador en la Iglesia","datePublished":"2025-04-21T22:22:00+00:00","dateModified":"2025-04-21T22:39:30+00:00","mainEntityOfPage":{"@id":"https:\/\/elglobal.do\/index.php\/2025\/04\/21\/muere-el-papa-francisco-un-vendaval-social-y-reformador-en-la-iglesia\/"},"wordCount":2344,"commentCount":0,"publisher":{"@id":"https:\/\/elglobal.do\/#organization"},"image":{"@id":"https:\/\/elglobal.do\/index.php\/2025\/04\/21\/muere-el-papa-francisco-un-vendaval-social-y-reformador-en-la-iglesia\/#primaryimage"},"thumbnailUrl":"https:\/\/elglobal.do\/wp-content\/uploads\/2025\/04\/papa-1024x576.avif","articleSection":["INTERNACIONALES"],"inLanguage":"es","potentialAction":[{"@type":"CommentAction","name":"Comment","target":["https:\/\/elglobal.do\/index.php\/2025\/04\/21\/muere-el-papa-francisco-un-vendaval-social-y-reformador-en-la-iglesia\/#respond"]}]},{"@type":"WebPage","@id":"https:\/\/elglobal.do\/index.php\/2025\/04\/21\/muere-el-papa-francisco-un-vendaval-social-y-reformador-en-la-iglesia\/","url":"https:\/\/elglobal.do\/index.php\/2025\/04\/21\/muere-el-papa-francisco-un-vendaval-social-y-reformador-en-la-iglesia\/","name":"Muere el papa Francisco, un vendaval social y reformador en la Iglesia - EL GLOBAL INFORMATIVO","isPartOf":{"@id":"https:\/\/elglobal.do\/#website"},"primaryImageOfPage":{"@id":"https:\/\/elglobal.do\/index.php\/2025\/04\/21\/muere-el-papa-francisco-un-vendaval-social-y-reformador-en-la-iglesia\/#primaryimage"},"image":{"@id":"https:\/\/elglobal.do\/index.php\/2025\/04\/21\/muere-el-papa-francisco-un-vendaval-social-y-reformador-en-la-iglesia\/#primaryimage"},"thumbnailUrl":"https:\/\/elglobal.do\/wp-content\/uploads\/2025\/04\/papa-1024x576.avif","datePublished":"2025-04-21T22:22:00+00:00","dateModified":"2025-04-21T22:39:30+00:00","breadcrumb":{"@id":"https:\/\/elglobal.do\/index.php\/2025\/04\/21\/muere-el-papa-francisco-un-vendaval-social-y-reformador-en-la-iglesia\/#breadcrumb"},"inLanguage":"es","potentialAction":[{"@type":"ReadAction","target":["https:\/\/elglobal.do\/index.php\/2025\/04\/21\/muere-el-papa-francisco-un-vendaval-social-y-reformador-en-la-iglesia\/"]}]},{"@type":"ImageObject","inLanguage":"es","@id":"https:\/\/elglobal.do\/index.php\/2025\/04\/21\/muere-el-papa-francisco-un-vendaval-social-y-reformador-en-la-iglesia\/#primaryimage","url":"https:\/\/elglobal.do\/wp-content\/uploads\/2025\/04\/papa.avif","contentUrl":"https:\/\/elglobal.do\/wp-content\/uploads\/2025\/04\/papa.avif","width":1200,"height":675},{"@type":"BreadcrumbList","@id":"https:\/\/elglobal.do\/index.php\/2025\/04\/21\/muere-el-papa-francisco-un-vendaval-social-y-reformador-en-la-iglesia\/#breadcrumb","itemListElement":[{"@type":"ListItem","position":1,"name":"Portada","item":"https:\/\/elglobal.do\/"},{"@type":"ListItem","position":2,"name":"Muere el papa Francisco, un vendaval social y reformador en la Iglesia"}]},{"@type":"WebSite","@id":"https:\/\/elglobal.do\/#website","url":"https:\/\/elglobal.do\/","name":"EL GLOBAL INFORMATIVO","description":"Peri\u00f3dico digital de la Rep\u00fablica Dominicana que ofrece noticias, novedades, pol\u00edtica y las \u00faltimas actualidades, con informaci\u00f3n veraz y oportuna para mantenerte siempre informad","publisher":{"@id":"https:\/\/elglobal.do\/#organization"},"potentialAction":[{"@type":"SearchAction","target":{"@type":"EntryPoint","urlTemplate":"https:\/\/elglobal.do\/?s={search_term_string}"},"query-input":{"@type":"PropertyValueSpecification","valueRequired":true,"valueName":"search_term_string"}}],"inLanguage":"es"},{"@type":"Organization","@id":"https:\/\/elglobal.do\/#organization","name":"EL GLOBAL.DO INFORMATIVO","url":"https:\/\/elglobal.do\/","logo":{"@type":"ImageObject","inLanguage":"es","@id":"https:\/\/elglobal.do\/#\/schema\/logo\/image\/","url":"https:\/\/elglobal.do\/wp-content\/uploads\/2025\/08\/icon.png","contentUrl":"https:\/\/elglobal.do\/wp-content\/uploads\/2025\/08\/icon.png","width":512,"height":512,"caption":"EL GLOBAL.DO INFORMATIVO"},"image":{"@id":"https:\/\/elglobal.do\/#\/schema\/logo\/image\/"}},{"@type":"Person","@id":"https:\/\/elglobal.do\/#\/schema\/person\/0c97ec2c7714fb605d230c292f64d55f","name":"EL GLOBAL","image":{"@type":"ImageObject","inLanguage":"es","@id":"https:\/\/elglobal.do\/#\/schema\/person\/image\/","url":"https:\/\/secure.gravatar.com\/avatar\/081cfb6cf99faddc6f4e23a0c11ab98c5cf302925382d1c88dc3ed757ab910a3?s=96&d=mm&r=g","contentUrl":"https:\/\/secure.gravatar.com\/avatar\/081cfb6cf99faddc6f4e23a0c11ab98c5cf302925382d1c88dc3ed757ab910a3?s=96&d=mm&r=g","caption":"EL GLOBAL"},"description":"El Global Informativo es un peri\u00f3dico digital de Rep\u00fablica Dominicana que se dedica a cubrir temas importantes, como la pol\u00edtica local, geopol\u00edtica, econom\u00eda, tecnolog\u00eda, noticias internacionales y eventos relacionados con la gesti\u00f3n social, cultural y humana. Su objetivo principal es mantener a la poblaci\u00f3n informada, ofreciendo una visi\u00f3n amplia y actualizada de lo que sucede tanto en el pa\u00eds como en el mundo. Est\u00e1 dirigido por un grupo de periodistas experimentados, lo que garantiza la calidad y la precisi\u00f3n de la informaci\u00f3n que ofrecen. Tiene su sede en la ciudad de Santo Domingo y es parte integral del portafolio de la empresa, MC Global S.R.L.","sameAs":["https:\/\/elglobal.do","https:\/\/www.instagram.com\/elglobal.do_informativo\/"],"url":"https:\/\/elglobal.do\/index.php\/author\/elglobaluserpro\/"}]}},"jetpack_featured_media_url":"","jetpack_sharing_enabled":true,"_links":{"self":[{"href":"https:\/\/elglobal.do\/index.php\/wp-json\/wp\/v2\/posts\/299","targetHints":{"allow":["GET"]}}],"collection":[{"href":"https:\/\/elglobal.do\/index.php\/wp-json\/wp\/v2\/posts"}],"about":[{"href":"https:\/\/elglobal.do\/index.php\/wp-json\/wp\/v2\/types\/post"}],"author":[{"embeddable":true,"href":"https:\/\/elglobal.do\/index.php\/wp-json\/wp\/v2\/users\/1"}],"replies":[{"embeddable":true,"href":"https:\/\/elglobal.do\/index.php\/wp-json\/wp\/v2\/comments?post=299"}],"version-history":[{"count":4,"href":"https:\/\/elglobal.do\/index.php\/wp-json\/wp\/v2\/posts\/299\/revisions"}],"predecessor-version":[{"id":307,"href":"https:\/\/elglobal.do\/index.php\/wp-json\/wp\/v2\/posts\/299\/revisions\/307"}],"wp:attachment":[{"href":"https:\/\/elglobal.do\/index.php\/wp-json\/wp\/v2\/media?parent=299"}],"wp:term":[{"taxonomy":"category","embeddable":true,"href":"https:\/\/elglobal.do\/index.php\/wp-json\/wp\/v2\/categories?post=299"},{"taxonomy":"post_tag","embeddable":true,"href":"https:\/\/elglobal.do\/index.php\/wp-json\/wp\/v2\/tags?post=299"}],"curies":[{"name":"wp","href":"https:\/\/api.w.org\/{rel}","templated":true}]}}