{"id":3000,"date":"2025-10-09T14:57:26","date_gmt":"2025-10-09T18:57:26","guid":{"rendered":"https:\/\/elglobal.do\/?p=3000"},"modified":"2025-10-09T15:07:41","modified_gmt":"2025-10-09T19:07:41","slug":"duarte-mendez-afirma-entrega-de-titulos-en-palmarejo-ha-sido-el-mas-grande-en-todo-el-territorio-nacional","status":"publish","type":"post","link":"https:\/\/elglobal.do\/index.php\/2025\/10\/09\/duarte-mendez-afirma-entrega-de-titulos-en-palmarejo-ha-sido-el-mas-grande-en-todo-el-territorio-nacional\/","title":{"rendered":"Duarte M\u00e9ndez afirma entrega de t\u00edtulos en Palmarejo ha sido la m\u00e1s grande en todo el territorio nacional"},"content":{"rendered":"\n<p><em>M\u00e1s de 12 mil dominicanos reciben la seguridad jur\u00eddica de sus hogares gracias al Plan Nacional de Titulaci\u00f3n.<\/em><\/p>\n\n\n\n<figure class=\"wp-block-image size-large\"><img loading=\"lazy\" decoding=\"async\" width=\"1024\" height=\"683\" src=\"https:\/\/elglobal.do\/wp-content\/uploads\/2025\/10\/Duarte-Mendez-1024x683.jpeg\" alt=\"\" class=\"wp-image-3001\" srcset=\"https:\/\/elglobal.do\/wp-content\/uploads\/2025\/10\/Duarte-Mendez-1024x683.jpeg 1024w, https:\/\/elglobal.do\/wp-content\/uploads\/2025\/10\/Duarte-Mendez-300x200.jpeg 300w, https:\/\/elglobal.do\/wp-content\/uploads\/2025\/10\/Duarte-Mendez-768x512.jpeg 768w, https:\/\/elglobal.do\/wp-content\/uploads\/2025\/10\/Duarte-Mendez.jpeg 1280w\" sizes=\"auto, (max-width: 1024px) 100vw, 1024px\" \/><\/figure>\n\n\n\n<p><strong>Santo Domingo. \u2013<\/strong> El director ejecutivo de la Unidad T\u00e9cnica Ejecutora de Titulaci\u00f3n de Terrenos del Estado (UTECT), Duarte M\u00e9ndez, afirm\u00f3 este jueves que, el acto de entrega de t\u00edtulos realizado en Palmarejo, Villa Linda, es el proyecto m\u00e1s grande que ha entregado la Unidad T\u00e9cnica de Titulaci\u00f3n en todo el territorio nacional.<\/p>\n\n\n\n<p>Durante la actividad de entrega de t\u00edtulos de propiedad, M\u00e9ndez calific\u00f3 como hist\u00f3rica esta proporci\u00f3n   al destacar que m\u00e1s de 3,000 familias reciben hoy la seguridad jur\u00eddica de sus hogares. \u201cHasta el d\u00eda de hoy, este es el proyecto m\u00e1s grande que hemos entregado en todo el territorio nacional, una muestra del compromiso del presidente Luis Abinader con la gente\u201d, expres\u00f3 el director de la UTECT.<\/p>\n\n\n\n<p>Asimismo, explic\u00f3 que el proceso de titulaci\u00f3n abarc\u00f3 un \u00e1rea de m\u00e1s de 900 mil metros cuadrados, en coordinaci\u00f3n con el Consejo Estatal del Az\u00facar (CEA), y representa un ahorro de m\u00e1s de RD$242 millones de pesos para las familias beneficiadas, ya que reciben sus t\u00edtulos de manera gratuita y asegur\u00f3 que este esfuerzo es parte de una pol\u00edtica p\u00fablica que busca transformar vidas y devolver tranquilidad a quienes por a\u00f1os esperaron este momento.<\/p>\n\n\n\n<figure class=\"wp-block-image size-large\"><img loading=\"lazy\" decoding=\"async\" width=\"1024\" height=\"683\" src=\"https:\/\/elglobal.do\/wp-content\/uploads\/2025\/10\/Abinader-1-1024x683.jpeg\" alt=\"\" class=\"wp-image-3003\" srcset=\"https:\/\/elglobal.do\/wp-content\/uploads\/2025\/10\/Abinader-1-1024x683.jpeg 1024w, https:\/\/elglobal.do\/wp-content\/uploads\/2025\/10\/Abinader-1-300x200.jpeg 300w, https:\/\/elglobal.do\/wp-content\/uploads\/2025\/10\/Abinader-1-768x512.jpeg 768w, https:\/\/elglobal.do\/wp-content\/uploads\/2025\/10\/Abinader-1.jpeg 1280w\" sizes=\"auto, (max-width: 1024px) 100vw, 1024px\" \/><\/figure>\n\n\n\n<p>El funcionario resalt\u00f3, adem\u00e1s, que la entrega de t\u00edtulos no es el cierre de un proceso, sino la continuaci\u00f3n del trabajo constante que realiza el Gobierno para garantizar el derecho de propiedad a todos los dominicanos. \u201cSeguiremos desplegando esfuerzos para que cada familia que vive leg\u00edtimamente en terrenos del Estado tenga su t\u00edtulo en mano, sin trabas ni excusas\u201d, asegur\u00f3 Duarte M\u00e9ndez, al agradecer el respaldo de las autoridades locales y del equipo t\u00e9cnico que hizo posible esta meta.<\/p>\n\n\n\n<p><\/p>\n","protected":false},"excerpt":{"rendered":"<p>M\u00e1s de 12 mil dominicanos reciben la seguridad jur\u00eddica de sus hogares gracias al Plan Nacional de Titulaci\u00f3n. Santo Domingo. \u2013 El director ejecutivo de la Unidad T\u00e9cnica Ejecutora de&hellip; <\/p>\n","protected":false},"author":1,"featured_media":3001,"comment_status":"open","ping_status":"open","sticky":false,"template":"","format":"standard","meta":{"_jetpack_memberships_contains_paid_content":false,"footnotes":""},"categories":[40],"tags":[1653,98,1654,1652,1057],"class_list":["post-3000","post","type-post","status-publish","format-standard","has-post-thumbnail","hentry","category-nacionales","tag-duartemendez","tag-elglobalinformativo","tag-entregadetitulos","tag-palmarejo-villalinda","tag-utect"],"yoast_head":"<!-- This site is optimized with the Yoast SEO plugin v26.9 - https:\/\/yoast.com\/product\/yoast-seo-wordpress\/ -->\n<title>Duarte M\u00e9ndez afirma entrega de t\u00edtulos en Palmarejo ha sido la m\u00e1s grande en todo el territorio nacional - EL GLOBAL INFORMATIVO<\/title>\n<meta name=\"robots\" content=\"index, follow, max-snippet:-1, max-image-preview:large, max-video-preview:-1\" \/>\n<link rel=\"canonical\" href=\"https:\/\/elglobal.do\/index.php\/2025\/10\/09\/duarte-mendez-afirma-entrega-de-titulos-en-palmarejo-ha-sido-el-mas-grande-en-todo-el-territorio-nacional\/\" \/>\n<meta property=\"og:locale\" content=\"es_ES\" \/>\n<meta property=\"og:type\" content=\"article\" \/>\n<meta property=\"og:title\" content=\"Duarte M\u00e9ndez afirma entrega de t\u00edtulos en Palmarejo ha sido la m\u00e1s grande en todo el territorio nacional - EL GLOBAL INFORMATIVO\" \/>\n<meta property=\"og:description\" content=\"M\u00e1s de 12 mil dominicanos reciben la seguridad jur\u00eddica de sus hogares gracias al Plan Nacional de Titulaci\u00f3n. Santo Domingo. \u2013 El director ejecutivo de la Unidad T\u00e9cnica Ejecutora de&hellip;\" \/>\n<meta property=\"og:url\" content=\"https:\/\/elglobal.do\/index.php\/2025\/10\/09\/duarte-mendez-afirma-entrega-de-titulos-en-palmarejo-ha-sido-el-mas-grande-en-todo-el-territorio-nacional\/\" \/>\n<meta property=\"og:site_name\" content=\"EL GLOBAL INFORMATIVO\" \/>\n<meta property=\"article:published_time\" content=\"2025-10-09T18:57:26+00:00\" \/>\n<meta property=\"article:modified_time\" content=\"2025-10-09T19:07:41+00:00\" \/>\n<meta property=\"og:image\" content=\"https:\/\/elglobal.do\/wp-content\/uploads\/2025\/10\/Duarte-Mendez.jpeg\" \/>\n\t<meta property=\"og:image:width\" content=\"1280\" \/>\n\t<meta property=\"og:image:height\" content=\"854\" \/>\n\t<meta property=\"og:image:type\" content=\"image\/jpeg\" \/>\n<meta name=\"author\" content=\"EL GLOBAL\" \/>\n<meta name=\"twitter:card\" content=\"summary_large_image\" \/>\n<meta name=\"twitter:label1\" content=\"Escrito por\" \/>\n\t<meta name=\"twitter:data1\" content=\"EL GLOBAL\" \/>\n\t<meta name=\"twitter:label2\" content=\"Tiempo de lectura\" \/>\n\t<meta name=\"twitter:data2\" content=\"2 minutos\" \/>\n<script type=\"application\/ld+json\" class=\"yoast-schema-graph\">{\"@context\":\"https:\/\/schema.org\",\"@graph\":[{\"@type\":\"Article\",\"@id\":\"https:\/\/elglobal.do\/index.php\/2025\/10\/09\/duarte-mendez-afirma-entrega-de-titulos-en-palmarejo-ha-sido-el-mas-grande-en-todo-el-territorio-nacional\/#article\",\"isPartOf\":{\"@id\":\"https:\/\/elglobal.do\/index.php\/2025\/10\/09\/duarte-mendez-afirma-entrega-de-titulos-en-palmarejo-ha-sido-el-mas-grande-en-todo-el-territorio-nacional\/\"},\"author\":{\"name\":\"EL GLOBAL\",\"@id\":\"https:\/\/elglobal.do\/#\/schema\/person\/0c97ec2c7714fb605d230c292f64d55f\"},\"headline\":\"Duarte M\u00e9ndez afirma entrega de t\u00edtulos en Palmarejo ha sido la m\u00e1s grande en todo el territorio nacional\",\"datePublished\":\"2025-10-09T18:57:26+00:00\",\"dateModified\":\"2025-10-09T19:07:41+00:00\",\"mainEntityOfPage\":{\"@id\":\"https:\/\/elglobal.do\/index.php\/2025\/10\/09\/duarte-mendez-afirma-entrega-de-titulos-en-palmarejo-ha-sido-el-mas-grande-en-todo-el-territorio-nacional\/\"},\"wordCount\":341,\"commentCount\":0,\"publisher\":{\"@id\":\"https:\/\/elglobal.do\/#organization\"},\"image\":{\"@id\":\"https:\/\/elglobal.do\/index.php\/2025\/10\/09\/duarte-mendez-afirma-entrega-de-titulos-en-palmarejo-ha-sido-el-mas-grande-en-todo-el-territorio-nacional\/#primaryimage\"},\"thumbnailUrl\":\"https:\/\/elglobal.do\/wp-content\/uploads\/2025\/10\/Duarte-Mendez.jpeg\",\"keywords\":[\"#DuarteM\u00e9ndez\",\"#ElGlobalInformativo\",\"#entregadet\u00edtulos\",\"#Palmarejo-VillaLinda\",\"#UTECT\"],\"articleSection\":[\"NACIONALES\"],\"inLanguage\":\"es\",\"potentialAction\":[{\"@type\":\"CommentAction\",\"name\":\"Comment\",\"target\":[\"https:\/\/elglobal.do\/index.php\/2025\/10\/09\/duarte-mendez-afirma-entrega-de-titulos-en-palmarejo-ha-sido-el-mas-grande-en-todo-el-territorio-nacional\/#respond\"]}]},{\"@type\":\"WebPage\",\"@id\":\"https:\/\/elglobal.do\/index.php\/2025\/10\/09\/duarte-mendez-afirma-entrega-de-titulos-en-palmarejo-ha-sido-el-mas-grande-en-todo-el-territorio-nacional\/\",\"url\":\"https:\/\/elglobal.do\/index.php\/2025\/10\/09\/duarte-mendez-afirma-entrega-de-titulos-en-palmarejo-ha-sido-el-mas-grande-en-todo-el-territorio-nacional\/\",\"name\":\"Duarte M\u00e9ndez afirma entrega de t\u00edtulos en Palmarejo ha sido la m\u00e1s grande en todo el territorio nacional - EL GLOBAL INFORMATIVO\",\"isPartOf\":{\"@id\":\"https:\/\/elglobal.do\/#website\"},\"primaryImageOfPage\":{\"@id\":\"https:\/\/elglobal.do\/index.php\/2025\/10\/09\/duarte-mendez-afirma-entrega-de-titulos-en-palmarejo-ha-sido-el-mas-grande-en-todo-el-territorio-nacional\/#primaryimage\"},\"image\":{\"@id\":\"https:\/\/elglobal.do\/index.php\/2025\/10\/09\/duarte-mendez-afirma-entrega-de-titulos-en-palmarejo-ha-sido-el-mas-grande-en-todo-el-territorio-nacional\/#primaryimage\"},\"thumbnailUrl\":\"https:\/\/elglobal.do\/wp-content\/uploads\/2025\/10\/Duarte-Mendez.jpeg\",\"datePublished\":\"2025-10-09T18:57:26+00:00\",\"dateModified\":\"2025-10-09T19:07:41+00:00\",\"breadcrumb\":{\"@id\":\"https:\/\/elglobal.do\/index.php\/2025\/10\/09\/duarte-mendez-afirma-entrega-de-titulos-en-palmarejo-ha-sido-el-mas-grande-en-todo-el-territorio-nacional\/#breadcrumb\"},\"inLanguage\":\"es\",\"potentialAction\":[{\"@type\":\"ReadAction\",\"target\":[\"https:\/\/elglobal.do\/index.php\/2025\/10\/09\/duarte-mendez-afirma-entrega-de-titulos-en-palmarejo-ha-sido-el-mas-grande-en-todo-el-territorio-nacional\/\"]}]},{\"@type\":\"ImageObject\",\"inLanguage\":\"es\",\"@id\":\"https:\/\/elglobal.do\/index.php\/2025\/10\/09\/duarte-mendez-afirma-entrega-de-titulos-en-palmarejo-ha-sido-el-mas-grande-en-todo-el-territorio-nacional\/#primaryimage\",\"url\":\"https:\/\/elglobal.do\/wp-content\/uploads\/2025\/10\/Duarte-Mendez.jpeg\",\"contentUrl\":\"https:\/\/elglobal.do\/wp-content\/uploads\/2025\/10\/Duarte-Mendez.jpeg\",\"width\":1280,\"height\":854},{\"@type\":\"BreadcrumbList\",\"@id\":\"https:\/\/elglobal.do\/index.php\/2025\/10\/09\/duarte-mendez-afirma-entrega-de-titulos-en-palmarejo-ha-sido-el-mas-grande-en-todo-el-territorio-nacional\/#breadcrumb\",\"itemListElement\":[{\"@type\":\"ListItem\",\"position\":1,\"name\":\"Portada\",\"item\":\"https:\/\/elglobal.do\/\"},{\"@type\":\"ListItem\",\"position\":2,\"name\":\"Duarte M\u00e9ndez afirma entrega de t\u00edtulos en Palmarejo ha sido la m\u00e1s grande en todo el territorio nacional\"}]},{\"@type\":\"WebSite\",\"@id\":\"https:\/\/elglobal.do\/#website\",\"url\":\"https:\/\/elglobal.do\/\",\"name\":\"EL GLOBAL INFORMATIVO\",\"description\":\"Peri\u00f3dico digital de la Rep\u00fablica Dominicana que ofrece noticias, novedades, pol\u00edtica y las \u00faltimas actualidades, con informaci\u00f3n veraz y oportuna para mantenerte siempre informad\",\"publisher\":{\"@id\":\"https:\/\/elglobal.do\/#organization\"},\"potentialAction\":[{\"@type\":\"SearchAction\",\"target\":{\"@type\":\"EntryPoint\",\"urlTemplate\":\"https:\/\/elglobal.do\/?s={search_term_string}\"},\"query-input\":{\"@type\":\"PropertyValueSpecification\",\"valueRequired\":true,\"valueName\":\"search_term_string\"}}],\"inLanguage\":\"es\"},{\"@type\":\"Organization\",\"@id\":\"https:\/\/elglobal.do\/#organization\",\"name\":\"EL GLOBAL.DO INFORMATIVO\",\"url\":\"https:\/\/elglobal.do\/\",\"logo\":{\"@type\":\"ImageObject\",\"inLanguage\":\"es\",\"@id\":\"https:\/\/elglobal.do\/#\/schema\/logo\/image\/\",\"url\":\"https:\/\/elglobal.do\/wp-content\/uploads\/2025\/08\/icon.png\",\"contentUrl\":\"https:\/\/elglobal.do\/wp-content\/uploads\/2025\/08\/icon.png\",\"width\":512,\"height\":512,\"caption\":\"EL GLOBAL.DO INFORMATIVO\"},\"image\":{\"@id\":\"https:\/\/elglobal.do\/#\/schema\/logo\/image\/\"}},{\"@type\":\"Person\",\"@id\":\"https:\/\/elglobal.do\/#\/schema\/person\/0c97ec2c7714fb605d230c292f64d55f\",\"name\":\"EL GLOBAL\",\"image\":{\"@type\":\"ImageObject\",\"inLanguage\":\"es\",\"@id\":\"https:\/\/elglobal.do\/#\/schema\/person\/image\/\",\"url\":\"https:\/\/secure.gravatar.com\/avatar\/081cfb6cf99faddc6f4e23a0c11ab98c5cf302925382d1c88dc3ed757ab910a3?s=96&d=mm&r=g\",\"contentUrl\":\"https:\/\/secure.gravatar.com\/avatar\/081cfb6cf99faddc6f4e23a0c11ab98c5cf302925382d1c88dc3ed757ab910a3?s=96&d=mm&r=g\",\"caption\":\"EL GLOBAL\"},\"description\":\"El Global Informativo es un peri\u00f3dico digital de Rep\u00fablica Dominicana que se dedica a cubrir temas importantes, como la pol\u00edtica local, geopol\u00edtica, econom\u00eda, tecnolog\u00eda, noticias internacionales y eventos relacionados con la gesti\u00f3n social, cultural y humana. Su objetivo principal es mantener a la poblaci\u00f3n informada, ofreciendo una visi\u00f3n amplia y actualizada de lo que sucede tanto en el pa\u00eds como en el mundo. Est\u00e1 dirigido por un grupo de periodistas experimentados, lo que garantiza la calidad y la precisi\u00f3n de la informaci\u00f3n que ofrecen. Tiene su sede en la ciudad de Santo Domingo y es parte integral del portafolio de la empresa, MC Global S.R.L.\",\"sameAs\":[\"https:\/\/elglobal.do\",\"https:\/\/www.instagram.com\/elglobal.do_informativo\/\"],\"url\":\"https:\/\/elglobal.do\/index.php\/author\/elglobaluserpro\/\"}]}<\/script>\n<!-- \/ Yoast SEO plugin. -->","yoast_head_json":{"title":"Duarte M\u00e9ndez afirma entrega de t\u00edtulos en Palmarejo ha sido la m\u00e1s grande en todo el territorio nacional - EL GLOBAL INFORMATIVO","robots":{"index":"index","follow":"follow","max-snippet":"max-snippet:-1","max-image-preview":"max-image-preview:large","max-video-preview":"max-video-preview:-1"},"canonical":"https:\/\/elglobal.do\/index.php\/2025\/10\/09\/duarte-mendez-afirma-entrega-de-titulos-en-palmarejo-ha-sido-el-mas-grande-en-todo-el-territorio-nacional\/","og_locale":"es_ES","og_type":"article","og_title":"Duarte M\u00e9ndez afirma entrega de t\u00edtulos en Palmarejo ha sido la m\u00e1s grande en todo el territorio nacional - EL GLOBAL INFORMATIVO","og_description":"M\u00e1s de 12 mil dominicanos reciben la seguridad jur\u00eddica de sus hogares gracias al Plan Nacional de Titulaci\u00f3n. Santo Domingo. \u2013 El director ejecutivo de la Unidad T\u00e9cnica Ejecutora de&hellip;","og_url":"https:\/\/elglobal.do\/index.php\/2025\/10\/09\/duarte-mendez-afirma-entrega-de-titulos-en-palmarejo-ha-sido-el-mas-grande-en-todo-el-territorio-nacional\/","og_site_name":"EL GLOBAL INFORMATIVO","article_published_time":"2025-10-09T18:57:26+00:00","article_modified_time":"2025-10-09T19:07:41+00:00","og_image":[{"width":1280,"height":854,"url":"https:\/\/elglobal.do\/wp-content\/uploads\/2025\/10\/Duarte-Mendez.jpeg","type":"image\/jpeg"}],"author":"EL GLOBAL","twitter_card":"summary_large_image","twitter_misc":{"Escrito por":"EL GLOBAL","Tiempo de lectura":"2 minutos"},"schema":{"@context":"https:\/\/schema.org","@graph":[{"@type":"Article","@id":"https:\/\/elglobal.do\/index.php\/2025\/10\/09\/duarte-mendez-afirma-entrega-de-titulos-en-palmarejo-ha-sido-el-mas-grande-en-todo-el-territorio-nacional\/#article","isPartOf":{"@id":"https:\/\/elglobal.do\/index.php\/2025\/10\/09\/duarte-mendez-afirma-entrega-de-titulos-en-palmarejo-ha-sido-el-mas-grande-en-todo-el-territorio-nacional\/"},"author":{"name":"EL GLOBAL","@id":"https:\/\/elglobal.do\/#\/schema\/person\/0c97ec2c7714fb605d230c292f64d55f"},"headline":"Duarte M\u00e9ndez afirma entrega de t\u00edtulos en Palmarejo ha sido la m\u00e1s grande en todo el territorio nacional","datePublished":"2025-10-09T18:57:26+00:00","dateModified":"2025-10-09T19:07:41+00:00","mainEntityOfPage":{"@id":"https:\/\/elglobal.do\/index.php\/2025\/10\/09\/duarte-mendez-afirma-entrega-de-titulos-en-palmarejo-ha-sido-el-mas-grande-en-todo-el-territorio-nacional\/"},"wordCount":341,"commentCount":0,"publisher":{"@id":"https:\/\/elglobal.do\/#organization"},"image":{"@id":"https:\/\/elglobal.do\/index.php\/2025\/10\/09\/duarte-mendez-afirma-entrega-de-titulos-en-palmarejo-ha-sido-el-mas-grande-en-todo-el-territorio-nacional\/#primaryimage"},"thumbnailUrl":"https:\/\/elglobal.do\/wp-content\/uploads\/2025\/10\/Duarte-Mendez.jpeg","keywords":["#DuarteM\u00e9ndez","#ElGlobalInformativo","#entregadet\u00edtulos","#Palmarejo-VillaLinda","#UTECT"],"articleSection":["NACIONALES"],"inLanguage":"es","potentialAction":[{"@type":"CommentAction","name":"Comment","target":["https:\/\/elglobal.do\/index.php\/2025\/10\/09\/duarte-mendez-afirma-entrega-de-titulos-en-palmarejo-ha-sido-el-mas-grande-en-todo-el-territorio-nacional\/#respond"]}]},{"@type":"WebPage","@id":"https:\/\/elglobal.do\/index.php\/2025\/10\/09\/duarte-mendez-afirma-entrega-de-titulos-en-palmarejo-ha-sido-el-mas-grande-en-todo-el-territorio-nacional\/","url":"https:\/\/elglobal.do\/index.php\/2025\/10\/09\/duarte-mendez-afirma-entrega-de-titulos-en-palmarejo-ha-sido-el-mas-grande-en-todo-el-territorio-nacional\/","name":"Duarte M\u00e9ndez afirma entrega de t\u00edtulos en Palmarejo ha sido la m\u00e1s grande en todo el territorio nacional - EL GLOBAL INFORMATIVO","isPartOf":{"@id":"https:\/\/elglobal.do\/#website"},"primaryImageOfPage":{"@id":"https:\/\/elglobal.do\/index.php\/2025\/10\/09\/duarte-mendez-afirma-entrega-de-titulos-en-palmarejo-ha-sido-el-mas-grande-en-todo-el-territorio-nacional\/#primaryimage"},"image":{"@id":"https:\/\/elglobal.do\/index.php\/2025\/10\/09\/duarte-mendez-afirma-entrega-de-titulos-en-palmarejo-ha-sido-el-mas-grande-en-todo-el-territorio-nacional\/#primaryimage"},"thumbnailUrl":"https:\/\/elglobal.do\/wp-content\/uploads\/2025\/10\/Duarte-Mendez.jpeg","datePublished":"2025-10-09T18:57:26+00:00","dateModified":"2025-10-09T19:07:41+00:00","breadcrumb":{"@id":"https:\/\/elglobal.do\/index.php\/2025\/10\/09\/duarte-mendez-afirma-entrega-de-titulos-en-palmarejo-ha-sido-el-mas-grande-en-todo-el-territorio-nacional\/#breadcrumb"},"inLanguage":"es","potentialAction":[{"@type":"ReadAction","target":["https:\/\/elglobal.do\/index.php\/2025\/10\/09\/duarte-mendez-afirma-entrega-de-titulos-en-palmarejo-ha-sido-el-mas-grande-en-todo-el-territorio-nacional\/"]}]},{"@type":"ImageObject","inLanguage":"es","@id":"https:\/\/elglobal.do\/index.php\/2025\/10\/09\/duarte-mendez-afirma-entrega-de-titulos-en-palmarejo-ha-sido-el-mas-grande-en-todo-el-territorio-nacional\/#primaryimage","url":"https:\/\/elglobal.do\/wp-content\/uploads\/2025\/10\/Duarte-Mendez.jpeg","contentUrl":"https:\/\/elglobal.do\/wp-content\/uploads\/2025\/10\/Duarte-Mendez.jpeg","width":1280,"height":854},{"@type":"BreadcrumbList","@id":"https:\/\/elglobal.do\/index.php\/2025\/10\/09\/duarte-mendez-afirma-entrega-de-titulos-en-palmarejo-ha-sido-el-mas-grande-en-todo-el-territorio-nacional\/#breadcrumb","itemListElement":[{"@type":"ListItem","position":1,"name":"Portada","item":"https:\/\/elglobal.do\/"},{"@type":"ListItem","position":2,"name":"Duarte M\u00e9ndez afirma entrega de t\u00edtulos en Palmarejo ha sido la m\u00e1s grande en todo el territorio nacional"}]},{"@type":"WebSite","@id":"https:\/\/elglobal.do\/#website","url":"https:\/\/elglobal.do\/","name":"EL GLOBAL INFORMATIVO","description":"Peri\u00f3dico digital de la Rep\u00fablica Dominicana que ofrece noticias, novedades, pol\u00edtica y las \u00faltimas actualidades, con informaci\u00f3n veraz y oportuna para mantenerte siempre informad","publisher":{"@id":"https:\/\/elglobal.do\/#organization"},"potentialAction":[{"@type":"SearchAction","target":{"@type":"EntryPoint","urlTemplate":"https:\/\/elglobal.do\/?s={search_term_string}"},"query-input":{"@type":"PropertyValueSpecification","valueRequired":true,"valueName":"search_term_string"}}],"inLanguage":"es"},{"@type":"Organization","@id":"https:\/\/elglobal.do\/#organization","name":"EL GLOBAL.DO INFORMATIVO","url":"https:\/\/elglobal.do\/","logo":{"@type":"ImageObject","inLanguage":"es","@id":"https:\/\/elglobal.do\/#\/schema\/logo\/image\/","url":"https:\/\/elglobal.do\/wp-content\/uploads\/2025\/08\/icon.png","contentUrl":"https:\/\/elglobal.do\/wp-content\/uploads\/2025\/08\/icon.png","width":512,"height":512,"caption":"EL GLOBAL.DO INFORMATIVO"},"image":{"@id":"https:\/\/elglobal.do\/#\/schema\/logo\/image\/"}},{"@type":"Person","@id":"https:\/\/elglobal.do\/#\/schema\/person\/0c97ec2c7714fb605d230c292f64d55f","name":"EL GLOBAL","image":{"@type":"ImageObject","inLanguage":"es","@id":"https:\/\/elglobal.do\/#\/schema\/person\/image\/","url":"https:\/\/secure.gravatar.com\/avatar\/081cfb6cf99faddc6f4e23a0c11ab98c5cf302925382d1c88dc3ed757ab910a3?s=96&d=mm&r=g","contentUrl":"https:\/\/secure.gravatar.com\/avatar\/081cfb6cf99faddc6f4e23a0c11ab98c5cf302925382d1c88dc3ed757ab910a3?s=96&d=mm&r=g","caption":"EL GLOBAL"},"description":"El Global Informativo es un peri\u00f3dico digital de Rep\u00fablica Dominicana que se dedica a cubrir temas importantes, como la pol\u00edtica local, geopol\u00edtica, econom\u00eda, tecnolog\u00eda, noticias internacionales y eventos relacionados con la gesti\u00f3n social, cultural y humana. Su objetivo principal es mantener a la poblaci\u00f3n informada, ofreciendo una visi\u00f3n amplia y actualizada de lo que sucede tanto en el pa\u00eds como en el mundo. Est\u00e1 dirigido por un grupo de periodistas experimentados, lo que garantiza la calidad y la precisi\u00f3n de la informaci\u00f3n que ofrecen. Tiene su sede en la ciudad de Santo Domingo y es parte integral del portafolio de la empresa, MC Global S.R.L.","sameAs":["https:\/\/elglobal.do","https:\/\/www.instagram.com\/elglobal.do_informativo\/"],"url":"https:\/\/elglobal.do\/index.php\/author\/elglobaluserpro\/"}]}},"jetpack_featured_media_url":"https:\/\/elglobal.do\/wp-content\/uploads\/2025\/10\/Duarte-Mendez.jpeg","jetpack_sharing_enabled":true,"_links":{"self":[{"href":"https:\/\/elglobal.do\/index.php\/wp-json\/wp\/v2\/posts\/3000","targetHints":{"allow":["GET"]}}],"collection":[{"href":"https:\/\/elglobal.do\/index.php\/wp-json\/wp\/v2\/posts"}],"about":[{"href":"https:\/\/elglobal.do\/index.php\/wp-json\/wp\/v2\/types\/post"}],"author":[{"embeddable":true,"href":"https:\/\/elglobal.do\/index.php\/wp-json\/wp\/v2\/users\/1"}],"replies":[{"embeddable":true,"href":"https:\/\/elglobal.do\/index.php\/wp-json\/wp\/v2\/comments?post=3000"}],"version-history":[{"count":4,"href":"https:\/\/elglobal.do\/index.php\/wp-json\/wp\/v2\/posts\/3000\/revisions"}],"predecessor-version":[{"id":3008,"href":"https:\/\/elglobal.do\/index.php\/wp-json\/wp\/v2\/posts\/3000\/revisions\/3008"}],"wp:featuredmedia":[{"embeddable":true,"href":"https:\/\/elglobal.do\/index.php\/wp-json\/wp\/v2\/media\/3001"}],"wp:attachment":[{"href":"https:\/\/elglobal.do\/index.php\/wp-json\/wp\/v2\/media?parent=3000"}],"wp:term":[{"taxonomy":"category","embeddable":true,"href":"https:\/\/elglobal.do\/index.php\/wp-json\/wp\/v2\/categories?post=3000"},{"taxonomy":"post_tag","embeddable":true,"href":"https:\/\/elglobal.do\/index.php\/wp-json\/wp\/v2\/tags?post=3000"}],"curies":[{"name":"wp","href":"https:\/\/api.w.org\/{rel}","templated":true}]}}