{"id":3012,"date":"2025-10-10T23:59:32","date_gmt":"2025-10-11T03:59:32","guid":{"rendered":"https:\/\/elglobal.do\/?p=3012"},"modified":"2025-10-10T23:59:35","modified_gmt":"2025-10-11T03:59:35","slug":"israel-publica-una-lista-de-250-detenidos-que-pueden-ser-liberados-a-cambio-de-los-rehenes-en-gaza","status":"publish","type":"post","link":"https:\/\/elglobal.do\/index.php\/2025\/10\/10\/israel-publica-una-lista-de-250-detenidos-que-pueden-ser-liberados-a-cambio-de-los-rehenes-en-gaza\/","title":{"rendered":"Israel publica una lista de 250 detenidos que pueden ser liberados a cambio de los rehenes en Gaza"},"content":{"rendered":"\n<p><em>La lista de detenidos no incluye a ninguna de las figuras emblem\u00e1ticas de la lucha armada palestina contra Israel<\/em><\/p>\n\n\n\n<figure class=\"wp-block-image size-full\"><img loading=\"lazy\" decoding=\"async\" width=\"896\" height=\"504\" src=\"https:\/\/elglobal.do\/wp-content\/uploads\/2025\/10\/image-46.png\" alt=\"\" class=\"wp-image-3013\" srcset=\"https:\/\/elglobal.do\/wp-content\/uploads\/2025\/10\/image-46.png 896w, https:\/\/elglobal.do\/wp-content\/uploads\/2025\/10\/image-46-300x169.png 300w, https:\/\/elglobal.do\/wp-content\/uploads\/2025\/10\/image-46-768x432.png 768w\" sizes=\"auto, (max-width: 896px) 100vw, 896px\" \/><\/figure>\n\n\n\n<p><strong>Jerusalen<\/strong>.-Israel\u00a0public\u00f3 una\u00a0<strong>lista de 250<\/strong>\u00a0\u00ab<strong>detenidos por razones de seguridad<\/strong>\u00bb que podr\u00edan ser canjeados por los\u00a0<strong>rehenes<\/strong>\u00a0cautivos en\u00a0<strong>Gaza<\/strong>, quienes deben ser liberados en el marco del acuerdo de\u00a0<strong>alto el fuego<\/strong>\u00a0con\u00a0<strong>Ham\u00e1s<\/strong>\u00a0que entr\u00f3 en vigor a las\u00a0<strong>09H00<\/strong>\u00a0GMT.<\/p>\n\n\n\n<p><strong>Ham\u00e1s<\/strong>, que gobierna\u00a0<strong>Gaza<\/strong>\u00a0desde 2007, hab\u00eda\u00a0<strong>transmitido los nombres<\/strong>\u00a0de estos\u00a0<strong>detenidos<\/strong>\u00a0a\u00a0<strong>Egipto, Estados Unidos y Catar<\/strong>, mediadores en el conflicto que se desat\u00f3 tras el ataque del grupo islamista palestino en\u00a0<strong>Israel<\/strong>\u00a0el 7 de octubre de 2023.<\/p>\n\n\n\n<h2 class=\"wp-block-heading\">Lista de&nbsp;<strong>Ham\u00e1s<\/strong><\/h2>\n\n\n\n<p>En la lista proporcionada por&nbsp;<strong>Ham\u00e1s<\/strong>&nbsp;figuraban&nbsp;<strong>Marwan Barghuti<\/strong>, Ahmad Saadat, Hassan Salame y Ab\u00e1s Al Sayyed, condenados a&nbsp;<strong>cadena perpetua<\/strong>&nbsp;por&nbsp;<strong>atentados antiisrael\u00edes<\/strong>&nbsp;mortales.<\/p>\n\n\n\n<p><strong>Israel<\/strong>&nbsp;y&nbsp;<strong>Ham\u00e1s<\/strong>&nbsp;dieron el visto bueno a la primera fase del&nbsp;<strong>plan de 20 puntos<\/strong>&nbsp;propuesto por el presidente estadounidense&nbsp;<strong>Donald Trump<\/strong>&nbsp;para poner fin a la guerra en&nbsp;<strong>Gaza<\/strong>.<\/p>\n\n\n\n<p>Desde entonces entr\u00f3 en vigor un&nbsp;<strong>alto el fuego<\/strong>&nbsp;a las&nbsp;<strong>09H00<\/strong>&nbsp;de este jueves y el ej\u00e9rcito israel\u00ed anunci\u00f3 que se repleg\u00f3 hacia las l\u00edneas acordadas dentro de&nbsp;<strong>Gaza<\/strong>.<\/p>\n\n\n\n<p>Seg\u00fan el plan de Trump, en las&nbsp;<strong>72 horas<\/strong>&nbsp;siguientes a la entrada en vigor de la tregua,&nbsp;<strong>Ham\u00e1s<\/strong>&nbsp;debe liberar a los&nbsp;<strong>47 rehenes<\/strong>&nbsp;(vivos y muertos) capturados en el ataque que desencaden\u00f3 la guerra, as\u00ed como los restos mortales de un soldado muerto en 2014.<\/p>\n\n\n\n<p>A cambio,\u00a0<strong>Israel<\/strong>\u00a0debe liberar a 250\u00a0<strong>detenidos por razones de seguridad<\/strong>\u00a0y\u00a0<strong>1,700 palestinos<\/strong>\u00a0de\u00a0<strong>Gaza<\/strong>\u00a0arrestados por las fuerzas israel\u00edes desde octubre de 2023.<\/p>\n\n\n\n<p><\/p>\n","protected":false},"excerpt":{"rendered":"<p>La lista de detenidos no incluye a ninguna de las figuras emblem\u00e1ticas de la lucha armada palestina contra Israel Jerusalen.-Israel\u00a0public\u00f3 una\u00a0lista de 250\u00a0\u00abdetenidos por razones de seguridad\u00bb que podr\u00edan ser&hellip; <\/p>\n","protected":false},"author":1,"featured_media":3013,"comment_status":"open","ping_status":"open","sticky":false,"template":"","format":"standard","meta":{"_jetpack_memberships_contains_paid_content":false,"footnotes":""},"categories":[1],"tags":[483,651,535,1024],"class_list":["post-3012","post","type-post","status-publish","format-standard","has-post-thumbnail","hentry","category-categoria-internacionales","tag-detenidos","tag-gaza","tag-israel","tag-rehenes"],"yoast_head":"<!-- This site is optimized with the Yoast SEO plugin v26.9 - https:\/\/yoast.com\/product\/yoast-seo-wordpress\/ -->\n<title>Israel publica una lista de 250 detenidos que pueden ser liberados a cambio de los rehenes en Gaza - EL GLOBAL INFORMATIVO<\/title>\n<meta name=\"robots\" content=\"index, follow, max-snippet:-1, max-image-preview:large, max-video-preview:-1\" \/>\n<link rel=\"canonical\" href=\"https:\/\/elglobal.do\/index.php\/2025\/10\/10\/israel-publica-una-lista-de-250-detenidos-que-pueden-ser-liberados-a-cambio-de-los-rehenes-en-gaza\/\" \/>\n<meta property=\"og:locale\" content=\"es_ES\" \/>\n<meta property=\"og:type\" content=\"article\" \/>\n<meta property=\"og:title\" content=\"Israel publica una lista de 250 detenidos que pueden ser liberados a cambio de los rehenes en Gaza - EL GLOBAL INFORMATIVO\" \/>\n<meta property=\"og:description\" content=\"La lista de detenidos no incluye a ninguna de las figuras emblem\u00e1ticas de la lucha armada palestina contra Israel Jerusalen.-Israel\u00a0public\u00f3 una\u00a0lista de 250\u00a0\u00abdetenidos por razones de seguridad\u00bb que podr\u00edan ser&hellip;\" \/>\n<meta property=\"og:url\" content=\"https:\/\/elglobal.do\/index.php\/2025\/10\/10\/israel-publica-una-lista-de-250-detenidos-que-pueden-ser-liberados-a-cambio-de-los-rehenes-en-gaza\/\" \/>\n<meta property=\"og:site_name\" content=\"EL GLOBAL INFORMATIVO\" \/>\n<meta property=\"article:published_time\" content=\"2025-10-11T03:59:32+00:00\" \/>\n<meta property=\"article:modified_time\" content=\"2025-10-11T03:59:35+00:00\" \/>\n<meta property=\"og:image\" content=\"https:\/\/elglobal.do\/wp-content\/uploads\/2025\/10\/image-46.png\" \/>\n\t<meta property=\"og:image:width\" content=\"896\" \/>\n\t<meta property=\"og:image:height\" content=\"504\" \/>\n\t<meta property=\"og:image:type\" content=\"image\/png\" \/>\n<meta name=\"author\" content=\"EL GLOBAL\" \/>\n<meta name=\"twitter:card\" content=\"summary_large_image\" \/>\n<meta name=\"twitter:label1\" content=\"Escrito por\" \/>\n\t<meta name=\"twitter:data1\" content=\"EL GLOBAL\" \/>\n\t<meta name=\"twitter:label2\" content=\"Tiempo de lectura\" \/>\n\t<meta name=\"twitter:data2\" content=\"2 minutos\" \/>\n<script type=\"application\/ld+json\" class=\"yoast-schema-graph\">{\"@context\":\"https:\/\/schema.org\",\"@graph\":[{\"@type\":\"Article\",\"@id\":\"https:\/\/elglobal.do\/index.php\/2025\/10\/10\/israel-publica-una-lista-de-250-detenidos-que-pueden-ser-liberados-a-cambio-de-los-rehenes-en-gaza\/#article\",\"isPartOf\":{\"@id\":\"https:\/\/elglobal.do\/index.php\/2025\/10\/10\/israel-publica-una-lista-de-250-detenidos-que-pueden-ser-liberados-a-cambio-de-los-rehenes-en-gaza\/\"},\"author\":{\"name\":\"EL GLOBAL\",\"@id\":\"https:\/\/elglobal.do\/#\/schema\/person\/0c97ec2c7714fb605d230c292f64d55f\"},\"headline\":\"Israel publica una lista de 250 detenidos que pueden ser liberados a cambio de los rehenes en Gaza\",\"datePublished\":\"2025-10-11T03:59:32+00:00\",\"dateModified\":\"2025-10-11T03:59:35+00:00\",\"mainEntityOfPage\":{\"@id\":\"https:\/\/elglobal.do\/index.php\/2025\/10\/10\/israel-publica-una-lista-de-250-detenidos-que-pueden-ser-liberados-a-cambio-de-los-rehenes-en-gaza\/\"},\"wordCount\":315,\"commentCount\":0,\"publisher\":{\"@id\":\"https:\/\/elglobal.do\/#organization\"},\"image\":{\"@id\":\"https:\/\/elglobal.do\/index.php\/2025\/10\/10\/israel-publica-una-lista-de-250-detenidos-que-pueden-ser-liberados-a-cambio-de-los-rehenes-en-gaza\/#primaryimage\"},\"thumbnailUrl\":\"https:\/\/elglobal.do\/wp-content\/uploads\/2025\/10\/image-46.png\",\"keywords\":[\"#detenidos\",\"#Gaza\",\"#Israel\",\"#Rehenes\"],\"articleSection\":[\"INTERNACIONALES\"],\"inLanguage\":\"es\",\"potentialAction\":[{\"@type\":\"CommentAction\",\"name\":\"Comment\",\"target\":[\"https:\/\/elglobal.do\/index.php\/2025\/10\/10\/israel-publica-una-lista-de-250-detenidos-que-pueden-ser-liberados-a-cambio-de-los-rehenes-en-gaza\/#respond\"]}]},{\"@type\":\"WebPage\",\"@id\":\"https:\/\/elglobal.do\/index.php\/2025\/10\/10\/israel-publica-una-lista-de-250-detenidos-que-pueden-ser-liberados-a-cambio-de-los-rehenes-en-gaza\/\",\"url\":\"https:\/\/elglobal.do\/index.php\/2025\/10\/10\/israel-publica-una-lista-de-250-detenidos-que-pueden-ser-liberados-a-cambio-de-los-rehenes-en-gaza\/\",\"name\":\"Israel publica una lista de 250 detenidos que pueden ser liberados a cambio de los rehenes en Gaza - EL GLOBAL INFORMATIVO\",\"isPartOf\":{\"@id\":\"https:\/\/elglobal.do\/#website\"},\"primaryImageOfPage\":{\"@id\":\"https:\/\/elglobal.do\/index.php\/2025\/10\/10\/israel-publica-una-lista-de-250-detenidos-que-pueden-ser-liberados-a-cambio-de-los-rehenes-en-gaza\/#primaryimage\"},\"image\":{\"@id\":\"https:\/\/elglobal.do\/index.php\/2025\/10\/10\/israel-publica-una-lista-de-250-detenidos-que-pueden-ser-liberados-a-cambio-de-los-rehenes-en-gaza\/#primaryimage\"},\"thumbnailUrl\":\"https:\/\/elglobal.do\/wp-content\/uploads\/2025\/10\/image-46.png\",\"datePublished\":\"2025-10-11T03:59:32+00:00\",\"dateModified\":\"2025-10-11T03:59:35+00:00\",\"breadcrumb\":{\"@id\":\"https:\/\/elglobal.do\/index.php\/2025\/10\/10\/israel-publica-una-lista-de-250-detenidos-que-pueden-ser-liberados-a-cambio-de-los-rehenes-en-gaza\/#breadcrumb\"},\"inLanguage\":\"es\",\"potentialAction\":[{\"@type\":\"ReadAction\",\"target\":[\"https:\/\/elglobal.do\/index.php\/2025\/10\/10\/israel-publica-una-lista-de-250-detenidos-que-pueden-ser-liberados-a-cambio-de-los-rehenes-en-gaza\/\"]}]},{\"@type\":\"ImageObject\",\"inLanguage\":\"es\",\"@id\":\"https:\/\/elglobal.do\/index.php\/2025\/10\/10\/israel-publica-una-lista-de-250-detenidos-que-pueden-ser-liberados-a-cambio-de-los-rehenes-en-gaza\/#primaryimage\",\"url\":\"https:\/\/elglobal.do\/wp-content\/uploads\/2025\/10\/image-46.png\",\"contentUrl\":\"https:\/\/elglobal.do\/wp-content\/uploads\/2025\/10\/image-46.png\",\"width\":896,\"height\":504},{\"@type\":\"BreadcrumbList\",\"@id\":\"https:\/\/elglobal.do\/index.php\/2025\/10\/10\/israel-publica-una-lista-de-250-detenidos-que-pueden-ser-liberados-a-cambio-de-los-rehenes-en-gaza\/#breadcrumb\",\"itemListElement\":[{\"@type\":\"ListItem\",\"position\":1,\"name\":\"Portada\",\"item\":\"https:\/\/elglobal.do\/\"},{\"@type\":\"ListItem\",\"position\":2,\"name\":\"Israel publica una lista de 250 detenidos que pueden ser liberados a cambio de los rehenes en Gaza\"}]},{\"@type\":\"WebSite\",\"@id\":\"https:\/\/elglobal.do\/#website\",\"url\":\"https:\/\/elglobal.do\/\",\"name\":\"EL GLOBAL INFORMATIVO\",\"description\":\"Peri\u00f3dico digital de la Rep\u00fablica Dominicana que ofrece noticias, novedades, pol\u00edtica y las \u00faltimas actualidades, con informaci\u00f3n veraz y oportuna para mantenerte siempre informad\",\"publisher\":{\"@id\":\"https:\/\/elglobal.do\/#organization\"},\"potentialAction\":[{\"@type\":\"SearchAction\",\"target\":{\"@type\":\"EntryPoint\",\"urlTemplate\":\"https:\/\/elglobal.do\/?s={search_term_string}\"},\"query-input\":{\"@type\":\"PropertyValueSpecification\",\"valueRequired\":true,\"valueName\":\"search_term_string\"}}],\"inLanguage\":\"es\"},{\"@type\":\"Organization\",\"@id\":\"https:\/\/elglobal.do\/#organization\",\"name\":\"EL GLOBAL.DO INFORMATIVO\",\"url\":\"https:\/\/elglobal.do\/\",\"logo\":{\"@type\":\"ImageObject\",\"inLanguage\":\"es\",\"@id\":\"https:\/\/elglobal.do\/#\/schema\/logo\/image\/\",\"url\":\"https:\/\/elglobal.do\/wp-content\/uploads\/2025\/08\/icon.png\",\"contentUrl\":\"https:\/\/elglobal.do\/wp-content\/uploads\/2025\/08\/icon.png\",\"width\":512,\"height\":512,\"caption\":\"EL GLOBAL.DO INFORMATIVO\"},\"image\":{\"@id\":\"https:\/\/elglobal.do\/#\/schema\/logo\/image\/\"}},{\"@type\":\"Person\",\"@id\":\"https:\/\/elglobal.do\/#\/schema\/person\/0c97ec2c7714fb605d230c292f64d55f\",\"name\":\"EL GLOBAL\",\"image\":{\"@type\":\"ImageObject\",\"inLanguage\":\"es\",\"@id\":\"https:\/\/elglobal.do\/#\/schema\/person\/image\/\",\"url\":\"https:\/\/secure.gravatar.com\/avatar\/081cfb6cf99faddc6f4e23a0c11ab98c5cf302925382d1c88dc3ed757ab910a3?s=96&d=mm&r=g\",\"contentUrl\":\"https:\/\/secure.gravatar.com\/avatar\/081cfb6cf99faddc6f4e23a0c11ab98c5cf302925382d1c88dc3ed757ab910a3?s=96&d=mm&r=g\",\"caption\":\"EL GLOBAL\"},\"description\":\"El Global Informativo es un peri\u00f3dico digital de Rep\u00fablica Dominicana que se dedica a cubrir temas importantes, como la pol\u00edtica local, geopol\u00edtica, econom\u00eda, tecnolog\u00eda, noticias internacionales y eventos relacionados con la gesti\u00f3n social, cultural y humana. Su objetivo principal es mantener a la poblaci\u00f3n informada, ofreciendo una visi\u00f3n amplia y actualizada de lo que sucede tanto en el pa\u00eds como en el mundo. Est\u00e1 dirigido por un grupo de periodistas experimentados, lo que garantiza la calidad y la precisi\u00f3n de la informaci\u00f3n que ofrecen. Tiene su sede en la ciudad de Santo Domingo y es parte integral del portafolio de la empresa, MC Global S.R.L.\",\"sameAs\":[\"https:\/\/elglobal.do\",\"https:\/\/www.instagram.com\/elglobal.do_informativo\/\"],\"url\":\"https:\/\/elglobal.do\/index.php\/author\/elglobaluserpro\/\"}]}<\/script>\n<!-- \/ Yoast SEO plugin. -->","yoast_head_json":{"title":"Israel publica una lista de 250 detenidos que pueden ser liberados a cambio de los rehenes en Gaza - EL GLOBAL INFORMATIVO","robots":{"index":"index","follow":"follow","max-snippet":"max-snippet:-1","max-image-preview":"max-image-preview:large","max-video-preview":"max-video-preview:-1"},"canonical":"https:\/\/elglobal.do\/index.php\/2025\/10\/10\/israel-publica-una-lista-de-250-detenidos-que-pueden-ser-liberados-a-cambio-de-los-rehenes-en-gaza\/","og_locale":"es_ES","og_type":"article","og_title":"Israel publica una lista de 250 detenidos que pueden ser liberados a cambio de los rehenes en Gaza - EL GLOBAL INFORMATIVO","og_description":"La lista de detenidos no incluye a ninguna de las figuras emblem\u00e1ticas de la lucha armada palestina contra Israel Jerusalen.-Israel\u00a0public\u00f3 una\u00a0lista de 250\u00a0\u00abdetenidos por razones de seguridad\u00bb que podr\u00edan ser&hellip;","og_url":"https:\/\/elglobal.do\/index.php\/2025\/10\/10\/israel-publica-una-lista-de-250-detenidos-que-pueden-ser-liberados-a-cambio-de-los-rehenes-en-gaza\/","og_site_name":"EL GLOBAL INFORMATIVO","article_published_time":"2025-10-11T03:59:32+00:00","article_modified_time":"2025-10-11T03:59:35+00:00","og_image":[{"width":896,"height":504,"url":"https:\/\/elglobal.do\/wp-content\/uploads\/2025\/10\/image-46.png","type":"image\/png"}],"author":"EL GLOBAL","twitter_card":"summary_large_image","twitter_misc":{"Escrito por":"EL GLOBAL","Tiempo de lectura":"2 minutos"},"schema":{"@context":"https:\/\/schema.org","@graph":[{"@type":"Article","@id":"https:\/\/elglobal.do\/index.php\/2025\/10\/10\/israel-publica-una-lista-de-250-detenidos-que-pueden-ser-liberados-a-cambio-de-los-rehenes-en-gaza\/#article","isPartOf":{"@id":"https:\/\/elglobal.do\/index.php\/2025\/10\/10\/israel-publica-una-lista-de-250-detenidos-que-pueden-ser-liberados-a-cambio-de-los-rehenes-en-gaza\/"},"author":{"name":"EL GLOBAL","@id":"https:\/\/elglobal.do\/#\/schema\/person\/0c97ec2c7714fb605d230c292f64d55f"},"headline":"Israel publica una lista de 250 detenidos que pueden ser liberados a cambio de los rehenes en Gaza","datePublished":"2025-10-11T03:59:32+00:00","dateModified":"2025-10-11T03:59:35+00:00","mainEntityOfPage":{"@id":"https:\/\/elglobal.do\/index.php\/2025\/10\/10\/israel-publica-una-lista-de-250-detenidos-que-pueden-ser-liberados-a-cambio-de-los-rehenes-en-gaza\/"},"wordCount":315,"commentCount":0,"publisher":{"@id":"https:\/\/elglobal.do\/#organization"},"image":{"@id":"https:\/\/elglobal.do\/index.php\/2025\/10\/10\/israel-publica-una-lista-de-250-detenidos-que-pueden-ser-liberados-a-cambio-de-los-rehenes-en-gaza\/#primaryimage"},"thumbnailUrl":"https:\/\/elglobal.do\/wp-content\/uploads\/2025\/10\/image-46.png","keywords":["#detenidos","#Gaza","#Israel","#Rehenes"],"articleSection":["INTERNACIONALES"],"inLanguage":"es","potentialAction":[{"@type":"CommentAction","name":"Comment","target":["https:\/\/elglobal.do\/index.php\/2025\/10\/10\/israel-publica-una-lista-de-250-detenidos-que-pueden-ser-liberados-a-cambio-de-los-rehenes-en-gaza\/#respond"]}]},{"@type":"WebPage","@id":"https:\/\/elglobal.do\/index.php\/2025\/10\/10\/israel-publica-una-lista-de-250-detenidos-que-pueden-ser-liberados-a-cambio-de-los-rehenes-en-gaza\/","url":"https:\/\/elglobal.do\/index.php\/2025\/10\/10\/israel-publica-una-lista-de-250-detenidos-que-pueden-ser-liberados-a-cambio-de-los-rehenes-en-gaza\/","name":"Israel publica una lista de 250 detenidos que pueden ser liberados a cambio de los rehenes en Gaza - EL GLOBAL INFORMATIVO","isPartOf":{"@id":"https:\/\/elglobal.do\/#website"},"primaryImageOfPage":{"@id":"https:\/\/elglobal.do\/index.php\/2025\/10\/10\/israel-publica-una-lista-de-250-detenidos-que-pueden-ser-liberados-a-cambio-de-los-rehenes-en-gaza\/#primaryimage"},"image":{"@id":"https:\/\/elglobal.do\/index.php\/2025\/10\/10\/israel-publica-una-lista-de-250-detenidos-que-pueden-ser-liberados-a-cambio-de-los-rehenes-en-gaza\/#primaryimage"},"thumbnailUrl":"https:\/\/elglobal.do\/wp-content\/uploads\/2025\/10\/image-46.png","datePublished":"2025-10-11T03:59:32+00:00","dateModified":"2025-10-11T03:59:35+00:00","breadcrumb":{"@id":"https:\/\/elglobal.do\/index.php\/2025\/10\/10\/israel-publica-una-lista-de-250-detenidos-que-pueden-ser-liberados-a-cambio-de-los-rehenes-en-gaza\/#breadcrumb"},"inLanguage":"es","potentialAction":[{"@type":"ReadAction","target":["https:\/\/elglobal.do\/index.php\/2025\/10\/10\/israel-publica-una-lista-de-250-detenidos-que-pueden-ser-liberados-a-cambio-de-los-rehenes-en-gaza\/"]}]},{"@type":"ImageObject","inLanguage":"es","@id":"https:\/\/elglobal.do\/index.php\/2025\/10\/10\/israel-publica-una-lista-de-250-detenidos-que-pueden-ser-liberados-a-cambio-de-los-rehenes-en-gaza\/#primaryimage","url":"https:\/\/elglobal.do\/wp-content\/uploads\/2025\/10\/image-46.png","contentUrl":"https:\/\/elglobal.do\/wp-content\/uploads\/2025\/10\/image-46.png","width":896,"height":504},{"@type":"BreadcrumbList","@id":"https:\/\/elglobal.do\/index.php\/2025\/10\/10\/israel-publica-una-lista-de-250-detenidos-que-pueden-ser-liberados-a-cambio-de-los-rehenes-en-gaza\/#breadcrumb","itemListElement":[{"@type":"ListItem","position":1,"name":"Portada","item":"https:\/\/elglobal.do\/"},{"@type":"ListItem","position":2,"name":"Israel publica una lista de 250 detenidos que pueden ser liberados a cambio de los rehenes en Gaza"}]},{"@type":"WebSite","@id":"https:\/\/elglobal.do\/#website","url":"https:\/\/elglobal.do\/","name":"EL GLOBAL INFORMATIVO","description":"Peri\u00f3dico digital de la Rep\u00fablica Dominicana que ofrece noticias, novedades, pol\u00edtica y las \u00faltimas actualidades, con informaci\u00f3n veraz y oportuna para mantenerte siempre informad","publisher":{"@id":"https:\/\/elglobal.do\/#organization"},"potentialAction":[{"@type":"SearchAction","target":{"@type":"EntryPoint","urlTemplate":"https:\/\/elglobal.do\/?s={search_term_string}"},"query-input":{"@type":"PropertyValueSpecification","valueRequired":true,"valueName":"search_term_string"}}],"inLanguage":"es"},{"@type":"Organization","@id":"https:\/\/elglobal.do\/#organization","name":"EL GLOBAL.DO INFORMATIVO","url":"https:\/\/elglobal.do\/","logo":{"@type":"ImageObject","inLanguage":"es","@id":"https:\/\/elglobal.do\/#\/schema\/logo\/image\/","url":"https:\/\/elglobal.do\/wp-content\/uploads\/2025\/08\/icon.png","contentUrl":"https:\/\/elglobal.do\/wp-content\/uploads\/2025\/08\/icon.png","width":512,"height":512,"caption":"EL GLOBAL.DO INFORMATIVO"},"image":{"@id":"https:\/\/elglobal.do\/#\/schema\/logo\/image\/"}},{"@type":"Person","@id":"https:\/\/elglobal.do\/#\/schema\/person\/0c97ec2c7714fb605d230c292f64d55f","name":"EL GLOBAL","image":{"@type":"ImageObject","inLanguage":"es","@id":"https:\/\/elglobal.do\/#\/schema\/person\/image\/","url":"https:\/\/secure.gravatar.com\/avatar\/081cfb6cf99faddc6f4e23a0c11ab98c5cf302925382d1c88dc3ed757ab910a3?s=96&d=mm&r=g","contentUrl":"https:\/\/secure.gravatar.com\/avatar\/081cfb6cf99faddc6f4e23a0c11ab98c5cf302925382d1c88dc3ed757ab910a3?s=96&d=mm&r=g","caption":"EL GLOBAL"},"description":"El Global Informativo es un peri\u00f3dico digital de Rep\u00fablica Dominicana que se dedica a cubrir temas importantes, como la pol\u00edtica local, geopol\u00edtica, econom\u00eda, tecnolog\u00eda, noticias internacionales y eventos relacionados con la gesti\u00f3n social, cultural y humana. Su objetivo principal es mantener a la poblaci\u00f3n informada, ofreciendo una visi\u00f3n amplia y actualizada de lo que sucede tanto en el pa\u00eds como en el mundo. Est\u00e1 dirigido por un grupo de periodistas experimentados, lo que garantiza la calidad y la precisi\u00f3n de la informaci\u00f3n que ofrecen. Tiene su sede en la ciudad de Santo Domingo y es parte integral del portafolio de la empresa, MC Global S.R.L.","sameAs":["https:\/\/elglobal.do","https:\/\/www.instagram.com\/elglobal.do_informativo\/"],"url":"https:\/\/elglobal.do\/index.php\/author\/elglobaluserpro\/"}]}},"jetpack_featured_media_url":"https:\/\/elglobal.do\/wp-content\/uploads\/2025\/10\/image-46.png","jetpack_sharing_enabled":true,"_links":{"self":[{"href":"https:\/\/elglobal.do\/index.php\/wp-json\/wp\/v2\/posts\/3012","targetHints":{"allow":["GET"]}}],"collection":[{"href":"https:\/\/elglobal.do\/index.php\/wp-json\/wp\/v2\/posts"}],"about":[{"href":"https:\/\/elglobal.do\/index.php\/wp-json\/wp\/v2\/types\/post"}],"author":[{"embeddable":true,"href":"https:\/\/elglobal.do\/index.php\/wp-json\/wp\/v2\/users\/1"}],"replies":[{"embeddable":true,"href":"https:\/\/elglobal.do\/index.php\/wp-json\/wp\/v2\/comments?post=3012"}],"version-history":[{"count":1,"href":"https:\/\/elglobal.do\/index.php\/wp-json\/wp\/v2\/posts\/3012\/revisions"}],"predecessor-version":[{"id":3014,"href":"https:\/\/elglobal.do\/index.php\/wp-json\/wp\/v2\/posts\/3012\/revisions\/3014"}],"wp:featuredmedia":[{"embeddable":true,"href":"https:\/\/elglobal.do\/index.php\/wp-json\/wp\/v2\/media\/3013"}],"wp:attachment":[{"href":"https:\/\/elglobal.do\/index.php\/wp-json\/wp\/v2\/media?parent=3012"}],"wp:term":[{"taxonomy":"category","embeddable":true,"href":"https:\/\/elglobal.do\/index.php\/wp-json\/wp\/v2\/categories?post=3012"},{"taxonomy":"post_tag","embeddable":true,"href":"https:\/\/elglobal.do\/index.php\/wp-json\/wp\/v2\/tags?post=3012"}],"curies":[{"name":"wp","href":"https:\/\/api.w.org\/{rel}","templated":true}]}}