{"id":3026,"date":"2025-10-11T01:55:03","date_gmt":"2025-10-11T05:55:03","guid":{"rendered":"https:\/\/elglobal.do\/?p=3026"},"modified":"2025-10-11T01:55:06","modified_gmt":"2025-10-11T05:55:06","slug":"condenan-a-10-anos-a-profesor-acusado-de-abuso-sexual-en-contra-de-13-estudiantes-en-santiago","status":"publish","type":"post","link":"https:\/\/elglobal.do\/index.php\/2025\/10\/11\/condenan-a-10-anos-a-profesor-acusado-de-abuso-sexual-en-contra-de-13-estudiantes-en-santiago\/","title":{"rendered":"Condenan a 10 a\u00f1os a profesor acusado de abuso sexual en contra de 13 estudiantes en Santiago"},"content":{"rendered":"\n<figure class=\"wp-block-image size-full is-resized\"><img loading=\"lazy\" decoding=\"async\" width=\"375\" height=\"240\" src=\"https:\/\/elglobal.do\/wp-content\/uploads\/2025\/10\/image-51.png\" alt=\"\" class=\"wp-image-3027\" style=\"width:563px;height:auto\" srcset=\"https:\/\/elglobal.do\/wp-content\/uploads\/2025\/10\/image-51.png 375w, https:\/\/elglobal.do\/wp-content\/uploads\/2025\/10\/image-51-300x192.png 300w\" sizes=\"auto, (max-width: 375px) 100vw, 375px\" \/><\/figure>\n\n\n\n<p><strong>Santiago.-<\/strong> El Cuarto Tribunal Colegiado de Santiago impuso diez a\u00f1os de prisi\u00f3n contra un profesor acusado de agresi\u00f3n sexual, acoso sexual, y abuso psicol\u00f3gico y sexual, as\u00ed como violencia contra la mujer, en perjuicio de 13 estudiantes.<\/p>\n\n\n\n<p>La condena contra Jos\u00e9 Antonio Grull\u00f3n Polanco, arrestado en el 2022 a ra\u00edz de los testimonios y las correspondientes evidencias de las v\u00edctimas, la mayor\u00eda menores de edad, fue impuesta por los jueces Rub\u00e9n Dar\u00edo Cruz Uceta, Rub\u00e9n Rodr\u00edguez y Yasm\u00edn de los Santos.<\/p>\n\n\n\n<p>Adem\u00e1s de los diez a\u00f1os de prisi\u00f3n, el tribunal impuso contra el condenado el pago de una multa de $100 mil pesos y, en cuanto a lo civil, una indemnizaci\u00f3n de 500 mil pesos.<\/p>\n\n\n\n<p>La acusaci\u00f3n que present\u00f3 el \u00f3rgano investigador se desarroll\u00f3 a partir del protocolo que el centro educativo puso en marcha, luego de que las v\u00edctimas revelaran las constantes agresiones por parte del profesor.<\/p>\n\n\n\n<p>Ocho de las v\u00edctimas, con edades entre los 14 y 17 a\u00f1os, redactaron cartas, y las enviaron al departamento de psicolog\u00eda de su escuela, en las que relataban los abusos que sufr\u00edan por parte del docente.<\/p>\n\n\n\n<p>El Ministerio P\u00fablico estuvo representado en audiencia por la fiscal Jenniffer Rodr\u00edguez.<\/p>\n\n\n\n<p>En su teor\u00eda, el \u00f3rgano investigador sostiene que el profesor, vali\u00e9ndose de su poder y jerarqu\u00eda sobre las alumnas, y teniendo control sobre ellas, las acosaba, intimidaba, agred\u00eda y abusaba psicol\u00f3gica y sexualmente.<\/p>\n\n\n\n<p>El Ministerio P\u00fablico demostr\u00f3 que el acusado violent\u00f3 los art\u00edculos 309-1, 330 y 333 del C\u00f3digo Penal dominicano y el art\u00edculo 396, literal B y C, de la Ley 136-03 que crea el C\u00f3digo para la Protecci\u00f3n y los Derechos Fundamentales de Ni\u00f1os, Ni\u00f1as y Adolescentes.<\/p>\n\n\n\n<p><\/p>\n","protected":false},"excerpt":{"rendered":"<p>Santiago.- El Cuarto Tribunal Colegiado de Santiago impuso diez a\u00f1os de prisi\u00f3n contra un profesor acusado de agresi\u00f3n sexual, acoso sexual, y abuso psicol\u00f3gico y sexual, as\u00ed como violencia contra&hellip; <\/p>\n","protected":false},"author":1,"featured_media":3027,"comment_status":"open","ping_status":"open","sticky":false,"template":"","format":"standard","meta":{"_jetpack_memberships_contains_paid_content":false,"footnotes":""},"categories":[313,14],"tags":[859,71,126,1671,1520,986],"class_list":["post-3026","post","type-post","status-publish","format-standard","has-post-thumbnail","hentry","category-justicia","category-slider","tag-abusosexual","tag-condena","tag-ministeriopublico","tag-multa","tag-profesor","tag-santiago"],"yoast_head":"<!-- This site is optimized with the Yoast SEO plugin v26.9 - https:\/\/yoast.com\/product\/yoast-seo-wordpress\/ -->\n<title>Condenan a 10 a\u00f1os a profesor acusado de abuso sexual en contra de 13 estudiantes en Santiago - EL GLOBAL INFORMATIVO<\/title>\n<meta name=\"robots\" content=\"index, follow, max-snippet:-1, max-image-preview:large, max-video-preview:-1\" \/>\n<link rel=\"canonical\" href=\"https:\/\/elglobal.do\/index.php\/2025\/10\/11\/condenan-a-10-anos-a-profesor-acusado-de-abuso-sexual-en-contra-de-13-estudiantes-en-santiago\/\" \/>\n<meta property=\"og:locale\" content=\"es_ES\" \/>\n<meta property=\"og:type\" content=\"article\" \/>\n<meta property=\"og:title\" content=\"Condenan a 10 a\u00f1os a profesor acusado de abuso sexual en contra de 13 estudiantes en Santiago - EL GLOBAL INFORMATIVO\" \/>\n<meta property=\"og:description\" content=\"Santiago.- El Cuarto Tribunal Colegiado de Santiago impuso diez a\u00f1os de prisi\u00f3n contra un profesor acusado de agresi\u00f3n sexual, acoso sexual, y abuso psicol\u00f3gico y sexual, as\u00ed como violencia contra&hellip;\" \/>\n<meta property=\"og:url\" content=\"https:\/\/elglobal.do\/index.php\/2025\/10\/11\/condenan-a-10-anos-a-profesor-acusado-de-abuso-sexual-en-contra-de-13-estudiantes-en-santiago\/\" \/>\n<meta property=\"og:site_name\" content=\"EL GLOBAL INFORMATIVO\" \/>\n<meta property=\"article:published_time\" content=\"2025-10-11T05:55:03+00:00\" \/>\n<meta property=\"article:modified_time\" content=\"2025-10-11T05:55:06+00:00\" \/>\n<meta property=\"og:image\" content=\"https:\/\/elglobal.do\/wp-content\/uploads\/2025\/10\/image-51.png\" \/>\n\t<meta property=\"og:image:width\" content=\"375\" \/>\n\t<meta property=\"og:image:height\" content=\"240\" \/>\n\t<meta property=\"og:image:type\" content=\"image\/png\" \/>\n<meta name=\"author\" content=\"EL GLOBAL\" \/>\n<meta name=\"twitter:card\" content=\"summary_large_image\" \/>\n<meta name=\"twitter:label1\" content=\"Escrito por\" \/>\n\t<meta name=\"twitter:data1\" content=\"EL GLOBAL\" \/>\n\t<meta name=\"twitter:label2\" content=\"Tiempo de lectura\" \/>\n\t<meta name=\"twitter:data2\" content=\"2 minutos\" \/>\n<script type=\"application\/ld+json\" class=\"yoast-schema-graph\">{\"@context\":\"https:\/\/schema.org\",\"@graph\":[{\"@type\":\"Article\",\"@id\":\"https:\/\/elglobal.do\/index.php\/2025\/10\/11\/condenan-a-10-anos-a-profesor-acusado-de-abuso-sexual-en-contra-de-13-estudiantes-en-santiago\/#article\",\"isPartOf\":{\"@id\":\"https:\/\/elglobal.do\/index.php\/2025\/10\/11\/condenan-a-10-anos-a-profesor-acusado-de-abuso-sexual-en-contra-de-13-estudiantes-en-santiago\/\"},\"author\":{\"name\":\"EL GLOBAL\",\"@id\":\"https:\/\/elglobal.do\/#\/schema\/person\/0c97ec2c7714fb605d230c292f64d55f\"},\"headline\":\"Condenan a 10 a\u00f1os a profesor acusado de abuso sexual en contra de 13 estudiantes en Santiago\",\"datePublished\":\"2025-10-11T05:55:03+00:00\",\"dateModified\":\"2025-10-11T05:55:06+00:00\",\"mainEntityOfPage\":{\"@id\":\"https:\/\/elglobal.do\/index.php\/2025\/10\/11\/condenan-a-10-anos-a-profesor-acusado-de-abuso-sexual-en-contra-de-13-estudiantes-en-santiago\/\"},\"wordCount\":321,\"commentCount\":0,\"publisher\":{\"@id\":\"https:\/\/elglobal.do\/#organization\"},\"image\":{\"@id\":\"https:\/\/elglobal.do\/index.php\/2025\/10\/11\/condenan-a-10-anos-a-profesor-acusado-de-abuso-sexual-en-contra-de-13-estudiantes-en-santiago\/#primaryimage\"},\"thumbnailUrl\":\"https:\/\/elglobal.do\/wp-content\/uploads\/2025\/10\/image-51.png\",\"keywords\":[\"#abusosexual\",\"#Condena\",\"#MinisterioP\u00fablico\",\"#Multa\",\"#Profesor\",\"#Santiago\"],\"articleSection\":[\"JUSTICIA\",\"NOTICIAS RELEVANTES\"],\"inLanguage\":\"es\",\"potentialAction\":[{\"@type\":\"CommentAction\",\"name\":\"Comment\",\"target\":[\"https:\/\/elglobal.do\/index.php\/2025\/10\/11\/condenan-a-10-anos-a-profesor-acusado-de-abuso-sexual-en-contra-de-13-estudiantes-en-santiago\/#respond\"]}]},{\"@type\":\"WebPage\",\"@id\":\"https:\/\/elglobal.do\/index.php\/2025\/10\/11\/condenan-a-10-anos-a-profesor-acusado-de-abuso-sexual-en-contra-de-13-estudiantes-en-santiago\/\",\"url\":\"https:\/\/elglobal.do\/index.php\/2025\/10\/11\/condenan-a-10-anos-a-profesor-acusado-de-abuso-sexual-en-contra-de-13-estudiantes-en-santiago\/\",\"name\":\"Condenan a 10 a\u00f1os a profesor acusado de abuso sexual en contra de 13 estudiantes en Santiago - EL GLOBAL INFORMATIVO\",\"isPartOf\":{\"@id\":\"https:\/\/elglobal.do\/#website\"},\"primaryImageOfPage\":{\"@id\":\"https:\/\/elglobal.do\/index.php\/2025\/10\/11\/condenan-a-10-anos-a-profesor-acusado-de-abuso-sexual-en-contra-de-13-estudiantes-en-santiago\/#primaryimage\"},\"image\":{\"@id\":\"https:\/\/elglobal.do\/index.php\/2025\/10\/11\/condenan-a-10-anos-a-profesor-acusado-de-abuso-sexual-en-contra-de-13-estudiantes-en-santiago\/#primaryimage\"},\"thumbnailUrl\":\"https:\/\/elglobal.do\/wp-content\/uploads\/2025\/10\/image-51.png\",\"datePublished\":\"2025-10-11T05:55:03+00:00\",\"dateModified\":\"2025-10-11T05:55:06+00:00\",\"breadcrumb\":{\"@id\":\"https:\/\/elglobal.do\/index.php\/2025\/10\/11\/condenan-a-10-anos-a-profesor-acusado-de-abuso-sexual-en-contra-de-13-estudiantes-en-santiago\/#breadcrumb\"},\"inLanguage\":\"es\",\"potentialAction\":[{\"@type\":\"ReadAction\",\"target\":[\"https:\/\/elglobal.do\/index.php\/2025\/10\/11\/condenan-a-10-anos-a-profesor-acusado-de-abuso-sexual-en-contra-de-13-estudiantes-en-santiago\/\"]}]},{\"@type\":\"ImageObject\",\"inLanguage\":\"es\",\"@id\":\"https:\/\/elglobal.do\/index.php\/2025\/10\/11\/condenan-a-10-anos-a-profesor-acusado-de-abuso-sexual-en-contra-de-13-estudiantes-en-santiago\/#primaryimage\",\"url\":\"https:\/\/elglobal.do\/wp-content\/uploads\/2025\/10\/image-51.png\",\"contentUrl\":\"https:\/\/elglobal.do\/wp-content\/uploads\/2025\/10\/image-51.png\",\"width\":375,\"height\":240},{\"@type\":\"BreadcrumbList\",\"@id\":\"https:\/\/elglobal.do\/index.php\/2025\/10\/11\/condenan-a-10-anos-a-profesor-acusado-de-abuso-sexual-en-contra-de-13-estudiantes-en-santiago\/#breadcrumb\",\"itemListElement\":[{\"@type\":\"ListItem\",\"position\":1,\"name\":\"Portada\",\"item\":\"https:\/\/elglobal.do\/\"},{\"@type\":\"ListItem\",\"position\":2,\"name\":\"Condenan a 10 a\u00f1os a profesor acusado de abuso sexual en contra de 13 estudiantes en Santiago\"}]},{\"@type\":\"WebSite\",\"@id\":\"https:\/\/elglobal.do\/#website\",\"url\":\"https:\/\/elglobal.do\/\",\"name\":\"EL GLOBAL INFORMATIVO\",\"description\":\"Peri\u00f3dico digital de la Rep\u00fablica Dominicana que ofrece noticias, novedades, pol\u00edtica y las \u00faltimas actualidades, con informaci\u00f3n veraz y oportuna para mantenerte siempre informad\",\"publisher\":{\"@id\":\"https:\/\/elglobal.do\/#organization\"},\"potentialAction\":[{\"@type\":\"SearchAction\",\"target\":{\"@type\":\"EntryPoint\",\"urlTemplate\":\"https:\/\/elglobal.do\/?s={search_term_string}\"},\"query-input\":{\"@type\":\"PropertyValueSpecification\",\"valueRequired\":true,\"valueName\":\"search_term_string\"}}],\"inLanguage\":\"es\"},{\"@type\":\"Organization\",\"@id\":\"https:\/\/elglobal.do\/#organization\",\"name\":\"EL GLOBAL.DO INFORMATIVO\",\"url\":\"https:\/\/elglobal.do\/\",\"logo\":{\"@type\":\"ImageObject\",\"inLanguage\":\"es\",\"@id\":\"https:\/\/elglobal.do\/#\/schema\/logo\/image\/\",\"url\":\"https:\/\/elglobal.do\/wp-content\/uploads\/2025\/08\/icon.png\",\"contentUrl\":\"https:\/\/elglobal.do\/wp-content\/uploads\/2025\/08\/icon.png\",\"width\":512,\"height\":512,\"caption\":\"EL GLOBAL.DO INFORMATIVO\"},\"image\":{\"@id\":\"https:\/\/elglobal.do\/#\/schema\/logo\/image\/\"}},{\"@type\":\"Person\",\"@id\":\"https:\/\/elglobal.do\/#\/schema\/person\/0c97ec2c7714fb605d230c292f64d55f\",\"name\":\"EL GLOBAL\",\"image\":{\"@type\":\"ImageObject\",\"inLanguage\":\"es\",\"@id\":\"https:\/\/elglobal.do\/#\/schema\/person\/image\/\",\"url\":\"https:\/\/secure.gravatar.com\/avatar\/081cfb6cf99faddc6f4e23a0c11ab98c5cf302925382d1c88dc3ed757ab910a3?s=96&d=mm&r=g\",\"contentUrl\":\"https:\/\/secure.gravatar.com\/avatar\/081cfb6cf99faddc6f4e23a0c11ab98c5cf302925382d1c88dc3ed757ab910a3?s=96&d=mm&r=g\",\"caption\":\"EL GLOBAL\"},\"description\":\"El Global Informativo es un peri\u00f3dico digital de Rep\u00fablica Dominicana que se dedica a cubrir temas importantes, como la pol\u00edtica local, geopol\u00edtica, econom\u00eda, tecnolog\u00eda, noticias internacionales y eventos relacionados con la gesti\u00f3n social, cultural y humana. Su objetivo principal es mantener a la poblaci\u00f3n informada, ofreciendo una visi\u00f3n amplia y actualizada de lo que sucede tanto en el pa\u00eds como en el mundo. Est\u00e1 dirigido por un grupo de periodistas experimentados, lo que garantiza la calidad y la precisi\u00f3n de la informaci\u00f3n que ofrecen. Tiene su sede en la ciudad de Santo Domingo y es parte integral del portafolio de la empresa, MC Global S.R.L.\",\"sameAs\":[\"https:\/\/elglobal.do\",\"https:\/\/www.instagram.com\/elglobal.do_informativo\/\"],\"url\":\"https:\/\/elglobal.do\/index.php\/author\/elglobaluserpro\/\"}]}<\/script>\n<!-- \/ Yoast SEO plugin. -->","yoast_head_json":{"title":"Condenan a 10 a\u00f1os a profesor acusado de abuso sexual en contra de 13 estudiantes en Santiago - EL GLOBAL INFORMATIVO","robots":{"index":"index","follow":"follow","max-snippet":"max-snippet:-1","max-image-preview":"max-image-preview:large","max-video-preview":"max-video-preview:-1"},"canonical":"https:\/\/elglobal.do\/index.php\/2025\/10\/11\/condenan-a-10-anos-a-profesor-acusado-de-abuso-sexual-en-contra-de-13-estudiantes-en-santiago\/","og_locale":"es_ES","og_type":"article","og_title":"Condenan a 10 a\u00f1os a profesor acusado de abuso sexual en contra de 13 estudiantes en Santiago - EL GLOBAL INFORMATIVO","og_description":"Santiago.- El Cuarto Tribunal Colegiado de Santiago impuso diez a\u00f1os de prisi\u00f3n contra un profesor acusado de agresi\u00f3n sexual, acoso sexual, y abuso psicol\u00f3gico y sexual, as\u00ed como violencia contra&hellip;","og_url":"https:\/\/elglobal.do\/index.php\/2025\/10\/11\/condenan-a-10-anos-a-profesor-acusado-de-abuso-sexual-en-contra-de-13-estudiantes-en-santiago\/","og_site_name":"EL GLOBAL INFORMATIVO","article_published_time":"2025-10-11T05:55:03+00:00","article_modified_time":"2025-10-11T05:55:06+00:00","og_image":[{"width":375,"height":240,"url":"https:\/\/elglobal.do\/wp-content\/uploads\/2025\/10\/image-51.png","type":"image\/png"}],"author":"EL GLOBAL","twitter_card":"summary_large_image","twitter_misc":{"Escrito por":"EL GLOBAL","Tiempo de lectura":"2 minutos"},"schema":{"@context":"https:\/\/schema.org","@graph":[{"@type":"Article","@id":"https:\/\/elglobal.do\/index.php\/2025\/10\/11\/condenan-a-10-anos-a-profesor-acusado-de-abuso-sexual-en-contra-de-13-estudiantes-en-santiago\/#article","isPartOf":{"@id":"https:\/\/elglobal.do\/index.php\/2025\/10\/11\/condenan-a-10-anos-a-profesor-acusado-de-abuso-sexual-en-contra-de-13-estudiantes-en-santiago\/"},"author":{"name":"EL GLOBAL","@id":"https:\/\/elglobal.do\/#\/schema\/person\/0c97ec2c7714fb605d230c292f64d55f"},"headline":"Condenan a 10 a\u00f1os a profesor acusado de abuso sexual en contra de 13 estudiantes en Santiago","datePublished":"2025-10-11T05:55:03+00:00","dateModified":"2025-10-11T05:55:06+00:00","mainEntityOfPage":{"@id":"https:\/\/elglobal.do\/index.php\/2025\/10\/11\/condenan-a-10-anos-a-profesor-acusado-de-abuso-sexual-en-contra-de-13-estudiantes-en-santiago\/"},"wordCount":321,"commentCount":0,"publisher":{"@id":"https:\/\/elglobal.do\/#organization"},"image":{"@id":"https:\/\/elglobal.do\/index.php\/2025\/10\/11\/condenan-a-10-anos-a-profesor-acusado-de-abuso-sexual-en-contra-de-13-estudiantes-en-santiago\/#primaryimage"},"thumbnailUrl":"https:\/\/elglobal.do\/wp-content\/uploads\/2025\/10\/image-51.png","keywords":["#abusosexual","#Condena","#MinisterioP\u00fablico","#Multa","#Profesor","#Santiago"],"articleSection":["JUSTICIA","NOTICIAS RELEVANTES"],"inLanguage":"es","potentialAction":[{"@type":"CommentAction","name":"Comment","target":["https:\/\/elglobal.do\/index.php\/2025\/10\/11\/condenan-a-10-anos-a-profesor-acusado-de-abuso-sexual-en-contra-de-13-estudiantes-en-santiago\/#respond"]}]},{"@type":"WebPage","@id":"https:\/\/elglobal.do\/index.php\/2025\/10\/11\/condenan-a-10-anos-a-profesor-acusado-de-abuso-sexual-en-contra-de-13-estudiantes-en-santiago\/","url":"https:\/\/elglobal.do\/index.php\/2025\/10\/11\/condenan-a-10-anos-a-profesor-acusado-de-abuso-sexual-en-contra-de-13-estudiantes-en-santiago\/","name":"Condenan a 10 a\u00f1os a profesor acusado de abuso sexual en contra de 13 estudiantes en Santiago - EL GLOBAL INFORMATIVO","isPartOf":{"@id":"https:\/\/elglobal.do\/#website"},"primaryImageOfPage":{"@id":"https:\/\/elglobal.do\/index.php\/2025\/10\/11\/condenan-a-10-anos-a-profesor-acusado-de-abuso-sexual-en-contra-de-13-estudiantes-en-santiago\/#primaryimage"},"image":{"@id":"https:\/\/elglobal.do\/index.php\/2025\/10\/11\/condenan-a-10-anos-a-profesor-acusado-de-abuso-sexual-en-contra-de-13-estudiantes-en-santiago\/#primaryimage"},"thumbnailUrl":"https:\/\/elglobal.do\/wp-content\/uploads\/2025\/10\/image-51.png","datePublished":"2025-10-11T05:55:03+00:00","dateModified":"2025-10-11T05:55:06+00:00","breadcrumb":{"@id":"https:\/\/elglobal.do\/index.php\/2025\/10\/11\/condenan-a-10-anos-a-profesor-acusado-de-abuso-sexual-en-contra-de-13-estudiantes-en-santiago\/#breadcrumb"},"inLanguage":"es","potentialAction":[{"@type":"ReadAction","target":["https:\/\/elglobal.do\/index.php\/2025\/10\/11\/condenan-a-10-anos-a-profesor-acusado-de-abuso-sexual-en-contra-de-13-estudiantes-en-santiago\/"]}]},{"@type":"ImageObject","inLanguage":"es","@id":"https:\/\/elglobal.do\/index.php\/2025\/10\/11\/condenan-a-10-anos-a-profesor-acusado-de-abuso-sexual-en-contra-de-13-estudiantes-en-santiago\/#primaryimage","url":"https:\/\/elglobal.do\/wp-content\/uploads\/2025\/10\/image-51.png","contentUrl":"https:\/\/elglobal.do\/wp-content\/uploads\/2025\/10\/image-51.png","width":375,"height":240},{"@type":"BreadcrumbList","@id":"https:\/\/elglobal.do\/index.php\/2025\/10\/11\/condenan-a-10-anos-a-profesor-acusado-de-abuso-sexual-en-contra-de-13-estudiantes-en-santiago\/#breadcrumb","itemListElement":[{"@type":"ListItem","position":1,"name":"Portada","item":"https:\/\/elglobal.do\/"},{"@type":"ListItem","position":2,"name":"Condenan a 10 a\u00f1os a profesor acusado de abuso sexual en contra de 13 estudiantes en Santiago"}]},{"@type":"WebSite","@id":"https:\/\/elglobal.do\/#website","url":"https:\/\/elglobal.do\/","name":"EL GLOBAL INFORMATIVO","description":"Peri\u00f3dico digital de la Rep\u00fablica Dominicana que ofrece noticias, novedades, pol\u00edtica y las \u00faltimas actualidades, con informaci\u00f3n veraz y oportuna para mantenerte siempre informad","publisher":{"@id":"https:\/\/elglobal.do\/#organization"},"potentialAction":[{"@type":"SearchAction","target":{"@type":"EntryPoint","urlTemplate":"https:\/\/elglobal.do\/?s={search_term_string}"},"query-input":{"@type":"PropertyValueSpecification","valueRequired":true,"valueName":"search_term_string"}}],"inLanguage":"es"},{"@type":"Organization","@id":"https:\/\/elglobal.do\/#organization","name":"EL GLOBAL.DO INFORMATIVO","url":"https:\/\/elglobal.do\/","logo":{"@type":"ImageObject","inLanguage":"es","@id":"https:\/\/elglobal.do\/#\/schema\/logo\/image\/","url":"https:\/\/elglobal.do\/wp-content\/uploads\/2025\/08\/icon.png","contentUrl":"https:\/\/elglobal.do\/wp-content\/uploads\/2025\/08\/icon.png","width":512,"height":512,"caption":"EL GLOBAL.DO INFORMATIVO"},"image":{"@id":"https:\/\/elglobal.do\/#\/schema\/logo\/image\/"}},{"@type":"Person","@id":"https:\/\/elglobal.do\/#\/schema\/person\/0c97ec2c7714fb605d230c292f64d55f","name":"EL GLOBAL","image":{"@type":"ImageObject","inLanguage":"es","@id":"https:\/\/elglobal.do\/#\/schema\/person\/image\/","url":"https:\/\/secure.gravatar.com\/avatar\/081cfb6cf99faddc6f4e23a0c11ab98c5cf302925382d1c88dc3ed757ab910a3?s=96&d=mm&r=g","contentUrl":"https:\/\/secure.gravatar.com\/avatar\/081cfb6cf99faddc6f4e23a0c11ab98c5cf302925382d1c88dc3ed757ab910a3?s=96&d=mm&r=g","caption":"EL GLOBAL"},"description":"El Global Informativo es un peri\u00f3dico digital de Rep\u00fablica Dominicana que se dedica a cubrir temas importantes, como la pol\u00edtica local, geopol\u00edtica, econom\u00eda, tecnolog\u00eda, noticias internacionales y eventos relacionados con la gesti\u00f3n social, cultural y humana. Su objetivo principal es mantener a la poblaci\u00f3n informada, ofreciendo una visi\u00f3n amplia y actualizada de lo que sucede tanto en el pa\u00eds como en el mundo. Est\u00e1 dirigido por un grupo de periodistas experimentados, lo que garantiza la calidad y la precisi\u00f3n de la informaci\u00f3n que ofrecen. Tiene su sede en la ciudad de Santo Domingo y es parte integral del portafolio de la empresa, MC Global S.R.L.","sameAs":["https:\/\/elglobal.do","https:\/\/www.instagram.com\/elglobal.do_informativo\/"],"url":"https:\/\/elglobal.do\/index.php\/author\/elglobaluserpro\/"}]}},"jetpack_featured_media_url":"https:\/\/elglobal.do\/wp-content\/uploads\/2025\/10\/image-51.png","jetpack_sharing_enabled":true,"_links":{"self":[{"href":"https:\/\/elglobal.do\/index.php\/wp-json\/wp\/v2\/posts\/3026","targetHints":{"allow":["GET"]}}],"collection":[{"href":"https:\/\/elglobal.do\/index.php\/wp-json\/wp\/v2\/posts"}],"about":[{"href":"https:\/\/elglobal.do\/index.php\/wp-json\/wp\/v2\/types\/post"}],"author":[{"embeddable":true,"href":"https:\/\/elglobal.do\/index.php\/wp-json\/wp\/v2\/users\/1"}],"replies":[{"embeddable":true,"href":"https:\/\/elglobal.do\/index.php\/wp-json\/wp\/v2\/comments?post=3026"}],"version-history":[{"count":1,"href":"https:\/\/elglobal.do\/index.php\/wp-json\/wp\/v2\/posts\/3026\/revisions"}],"predecessor-version":[{"id":3028,"href":"https:\/\/elglobal.do\/index.php\/wp-json\/wp\/v2\/posts\/3026\/revisions\/3028"}],"wp:featuredmedia":[{"embeddable":true,"href":"https:\/\/elglobal.do\/index.php\/wp-json\/wp\/v2\/media\/3027"}],"wp:attachment":[{"href":"https:\/\/elglobal.do\/index.php\/wp-json\/wp\/v2\/media?parent=3026"}],"wp:term":[{"taxonomy":"category","embeddable":true,"href":"https:\/\/elglobal.do\/index.php\/wp-json\/wp\/v2\/categories?post=3026"},{"taxonomy":"post_tag","embeddable":true,"href":"https:\/\/elglobal.do\/index.php\/wp-json\/wp\/v2\/tags?post=3026"}],"curies":[{"name":"wp","href":"https:\/\/api.w.org\/{rel}","templated":true}]}}