{"id":3039,"date":"2025-10-11T09:24:01","date_gmt":"2025-10-11T13:24:01","guid":{"rendered":"https:\/\/elglobal.do\/?p=3039"},"modified":"2025-10-11T09:24:03","modified_gmt":"2025-10-11T13:24:03","slug":"intabaco-relanza-su-escuela-tabacalera-con-nombre-del-expresidente-hipolito-mejia","status":"publish","type":"post","link":"https:\/\/elglobal.do\/index.php\/2025\/10\/11\/intabaco-relanza-su-escuela-tabacalera-con-nombre-del-expresidente-hipolito-mejia\/","title":{"rendered":"INTABACO relanza su Escuela Tabacalera con nombre del expresidente Hip\u00f3lito Mej\u00eda"},"content":{"rendered":"\n<p><em>El centro ha formado a m\u00e1s de 600 j\u00f3venes y el 95% est\u00e1n trabajando en la industria del tabaco<\/em><\/p>\n\n\n\n<figure class=\"wp-block-image size-large\"><img loading=\"lazy\" decoding=\"async\" width=\"1024\" height=\"683\" src=\"https:\/\/elglobal.do\/wp-content\/uploads\/2025\/10\/Hipolito-1024x683.jpeg\" alt=\"\" class=\"wp-image-3041\" srcset=\"https:\/\/elglobal.do\/wp-content\/uploads\/2025\/10\/Hipolito-1024x683.jpeg 1024w, https:\/\/elglobal.do\/wp-content\/uploads\/2025\/10\/Hipolito-300x200.jpeg 300w, https:\/\/elglobal.do\/wp-content\/uploads\/2025\/10\/Hipolito-768x512.jpeg 768w, https:\/\/elglobal.do\/wp-content\/uploads\/2025\/10\/Hipolito.jpeg 1280w\" sizes=\"auto, (max-width: 1024px) 100vw, 1024px\" \/><\/figure>\n\n\n\n<p><strong>Santiago. &#8211; <\/strong>El Instituto del Tabaco de la Rep\u00fablica Dominicana (INTABACO), reinaugur\u00f3 su Escuela Tabacalera con el nombre de &#8216;Hip\u00f3lito Mej\u00eda&#8217; en honor al expresidente de la Rep\u00fablica por sus aportes al sector agropecuario nacional y a la industria del tabaco como exdirector de la entidad en 1965.<\/p>\n\n\n\n<p>Durante el acto de relanzamiento de la escuela, el expresidente Hip\u00f3lito Mej\u00eda destac\u00f3 el desarrollo de la industria del tabaco en Rep\u00fablica Dominicana que genera m\u00e1s de 1,340 millones de d\u00f3lares en exportaciones al a\u00f1o y miles de empleos directos e indirectos. Resalt\u00f3, adem\u00e1s, la importancia de la educaci\u00f3n para el desarrollo de las naciones.<\/p>\n\n\n\n<p>Carolina Mej\u00eda, alcaldesa del Distrito Nacional e hija del exmandatario, agradeci\u00f3 la distinci\u00f3n otorgada a su padre y dijo que el Gobierno dominicano impulsa el desarrollo de este sector tan pujante de la econom\u00eda, alegando que el cigarro dominicano es Patrimonio Cultural de la Rep\u00fablica Dominicana, \u00ab el sector tabaco genera m\u00e1s de 110 mil empleos directos e indirectos y es el principal generador de puestos de trabajo de zonas francas en el pa\u00eds con m\u00e1s de 38,000 personas \u00bb, se\u00f1al\u00f3 Carolina.<\/p>\n\n\n\n<p>En tanto Iv\u00e1n Hern\u00e1ndez Guzm\u00e1n, director del INTABACO, dijo que con la remodelaci\u00f3n y relanzamiento de la Escuela Tabacalera se dota a j\u00f3venes de escasos recursos de conocimientos para su inserci\u00f3n en el mercado laboral y a su vez apoya a la industria con la oferta de mano de obra calificada.<\/p>\n\n\n\n<p>Hern\u00e1ndez Guzm\u00e1n resalt\u00f3 los aportes de Hip\u00f3lito Mej\u00eda al sector del tabaco cuando fue director de la entidad introduciendo nuevas pr\u00e1cticas de siembra y elaboraci\u00f3n de cigarros aplicadas internacionalmente; as\u00ed como su contribuci\u00f3n al desarrollo agr\u00edcola de productos como el aguacate, vegetales, entre otros.&nbsp;<\/p>\n\n\n\n<p>El director del INTABACO, indic\u00f3 tambi\u00e9n que la Escuela Tabacalera fue ampliada y remodelada con capacidad para m\u00e1s de 50 estudiantes y equipada con las herramientas necesarias para la docencia de elaboraci\u00f3n de tabaco 100 por ciento a mano.<\/p>\n\n\n\n<p>Inform\u00f3 que m\u00e1s 600 j\u00f3venes han sido capacitados de manera gratuita en el proceso de elaboraci\u00f3n del tabaco en los \u00faltimos cuatro a\u00f1os, y que m\u00e1s del 95% de los mismos se han insertado en el mercado laboral. Agreg\u00f3 que con este programa el estado cumple con la labor social de generaci\u00f3n de empleos y mejora de la calidad de vida de los ciudadanos.<\/p>\n\n\n\n<p>Al acto asistieron el expresidente Hip\u00f3lito Mej\u00eda, sus hijos la alcaldesa del Distrito Nacional, Carolina Mej\u00eda, Ram\u00f3n Hip\u00f3lito, Lisa; el ministro de Agricultura, Limber Cruz; el alcalde de Santiago, Ulises Rodr\u00edguez; el director de la Polic\u00eda, Juan Bautista Jim\u00e9nez; la empresaria y dirigente del PRM, Sonia Guzm\u00e1n; los alcaldes de Villa Gonz\u00e1lez, Cesar \u00c1lvarez; de Navarrete, Noel Peralta y de la Canela, Carmen L\u00f3pez.<\/p>\n\n\n\n<p>Tambi\u00e9n participaron el presidente ad vitam de la Asociaci\u00f3n de Productores de Cigarros (PROCIGAR), Henrik Kelner; el presidente de PROCIGAR, Litto G\u00f3mez; el presidente de la Asociaci\u00f3n Dominicana de Cigarros y Tabacos (ADOCITAB), Radham\u00e9s Rodr\u00edguez; el subdirector del INTABACO, Radhames D\u00edaz, el director Industrial y encargado de la Escuela, Luis Tejera y otras personalidades.<\/p>\n\n\n\n<p><em><strong>Sobre la Escuela Tabacalera<\/strong><\/em><\/p>\n\n\n\n<p>La Escuela Tabacalera del INTABACO ofrece una aula estructurada y dise\u00f1ada para la capacitaci\u00f3n en Elaboraci\u00f3n de Cigarros Artesanal con equipos y materia prima necesaria para la capacitaci\u00f3n de los estudiantes. Cuenta con maestros tabaqueros con altos est\u00e1ndares de conocimiento y cuando los estudiantes culminan los cursos la instituci\u00f3n da seguimiento hasta que obtenga un empleo.<\/p>\n\n\n\n<p>Tambi\u00e9n ofrece entrenamientos de procesamiento del tabaco, fermentaci\u00f3n, despalille, empaque de tabaco, empaque de cigarros, entre otros.<\/p>\n\n\n\n<p>El INTABACO tiene un acuerdo con el Instituto T\u00e9cnico Profesional (INFOTEP) para que los estudiantes salgan certificados por ambas instituciones. Tambi\u00e9n con el Gabinete de Pol\u00edtica Social para la formaci\u00f3n de los j\u00f3venes del Programa Oportunidad 14-24.<\/p>\n\n\n\n<p><\/p>\n","protected":false},"excerpt":{"rendered":"<p>El centro ha formado a m\u00e1s de 600 j\u00f3venes y el 95% est\u00e1n trabajando en la industria del tabaco Santiago. &#8211; El Instituto del Tabaco de la Rep\u00fablica Dominicana (INTABACO),&hellip; <\/p>\n","protected":false},"author":1,"featured_media":3040,"comment_status":"open","ping_status":"open","sticky":false,"template":"","format":"standard","meta":{"_jetpack_memberships_contains_paid_content":false,"footnotes":""},"categories":[10,14],"tags":[98,1678,75,1677,1679],"class_list":["post-3039","post","type-post","status-publish","format-standard","has-post-thumbnail","hentry","category-economia","category-slider","tag-elglobalinformativo","tag-escuelatabacalera","tag-hipolitomejia","tag-intabaco","tag-relanza"],"yoast_head":"<!-- This site is optimized with the Yoast SEO plugin v26.9 - https:\/\/yoast.com\/product\/yoast-seo-wordpress\/ -->\n<title>INTABACO relanza su Escuela Tabacalera con nombre del expresidente Hip\u00f3lito Mej\u00eda - EL GLOBAL INFORMATIVO<\/title>\n<meta name=\"robots\" content=\"index, follow, max-snippet:-1, max-image-preview:large, max-video-preview:-1\" \/>\n<link rel=\"canonical\" href=\"https:\/\/elglobal.do\/index.php\/2025\/10\/11\/intabaco-relanza-su-escuela-tabacalera-con-nombre-del-expresidente-hipolito-mejia\/\" \/>\n<meta property=\"og:locale\" content=\"es_ES\" \/>\n<meta property=\"og:type\" content=\"article\" \/>\n<meta property=\"og:title\" content=\"INTABACO relanza su Escuela Tabacalera con nombre del expresidente Hip\u00f3lito Mej\u00eda - EL GLOBAL INFORMATIVO\" \/>\n<meta property=\"og:description\" content=\"El centro ha formado a m\u00e1s de 600 j\u00f3venes y el 95% est\u00e1n trabajando en la industria del tabaco Santiago. &#8211; El Instituto del Tabaco de la Rep\u00fablica Dominicana (INTABACO),&hellip;\" \/>\n<meta property=\"og:url\" content=\"https:\/\/elglobal.do\/index.php\/2025\/10\/11\/intabaco-relanza-su-escuela-tabacalera-con-nombre-del-expresidente-hipolito-mejia\/\" \/>\n<meta property=\"og:site_name\" content=\"EL GLOBAL INFORMATIVO\" \/>\n<meta property=\"article:published_time\" content=\"2025-10-11T13:24:01+00:00\" \/>\n<meta property=\"article:modified_time\" content=\"2025-10-11T13:24:03+00:00\" \/>\n<meta property=\"og:image\" content=\"https:\/\/elglobal.do\/wp-content\/uploads\/2025\/10\/Escuela.jpeg\" \/>\n\t<meta property=\"og:image:width\" content=\"1280\" \/>\n\t<meta property=\"og:image:height\" content=\"854\" \/>\n\t<meta property=\"og:image:type\" content=\"image\/jpeg\" \/>\n<meta name=\"author\" content=\"EL GLOBAL\" \/>\n<meta name=\"twitter:card\" content=\"summary_large_image\" \/>\n<meta name=\"twitter:label1\" content=\"Escrito por\" \/>\n\t<meta name=\"twitter:data1\" content=\"EL GLOBAL\" \/>\n\t<meta name=\"twitter:label2\" content=\"Tiempo de lectura\" \/>\n\t<meta name=\"twitter:data2\" content=\"4 minutos\" \/>\n<script type=\"application\/ld+json\" class=\"yoast-schema-graph\">{\"@context\":\"https:\/\/schema.org\",\"@graph\":[{\"@type\":\"Article\",\"@id\":\"https:\/\/elglobal.do\/index.php\/2025\/10\/11\/intabaco-relanza-su-escuela-tabacalera-con-nombre-del-expresidente-hipolito-mejia\/#article\",\"isPartOf\":{\"@id\":\"https:\/\/elglobal.do\/index.php\/2025\/10\/11\/intabaco-relanza-su-escuela-tabacalera-con-nombre-del-expresidente-hipolito-mejia\/\"},\"author\":{\"name\":\"EL GLOBAL\",\"@id\":\"https:\/\/elglobal.do\/#\/schema\/person\/0c97ec2c7714fb605d230c292f64d55f\"},\"headline\":\"INTABACO relanza su Escuela Tabacalera con nombre del expresidente Hip\u00f3lito Mej\u00eda\",\"datePublished\":\"2025-10-11T13:24:01+00:00\",\"dateModified\":\"2025-10-11T13:24:03+00:00\",\"mainEntityOfPage\":{\"@id\":\"https:\/\/elglobal.do\/index.php\/2025\/10\/11\/intabaco-relanza-su-escuela-tabacalera-con-nombre-del-expresidente-hipolito-mejia\/\"},\"wordCount\":713,\"commentCount\":0,\"publisher\":{\"@id\":\"https:\/\/elglobal.do\/#organization\"},\"image\":{\"@id\":\"https:\/\/elglobal.do\/index.php\/2025\/10\/11\/intabaco-relanza-su-escuela-tabacalera-con-nombre-del-expresidente-hipolito-mejia\/#primaryimage\"},\"thumbnailUrl\":\"https:\/\/elglobal.do\/wp-content\/uploads\/2025\/10\/Escuela.jpeg\",\"keywords\":[\"#ElGlobalInformativo\",\"#EscuelaTabacalera\",\"#Hip\u00f3litoMej\u00eda\",\"#INTABACO\",\"#relanza\"],\"articleSection\":[\"ECONOM\u00cdA\",\"NOTICIAS RELEVANTES\"],\"inLanguage\":\"es\",\"potentialAction\":[{\"@type\":\"CommentAction\",\"name\":\"Comment\",\"target\":[\"https:\/\/elglobal.do\/index.php\/2025\/10\/11\/intabaco-relanza-su-escuela-tabacalera-con-nombre-del-expresidente-hipolito-mejia\/#respond\"]}]},{\"@type\":\"WebPage\",\"@id\":\"https:\/\/elglobal.do\/index.php\/2025\/10\/11\/intabaco-relanza-su-escuela-tabacalera-con-nombre-del-expresidente-hipolito-mejia\/\",\"url\":\"https:\/\/elglobal.do\/index.php\/2025\/10\/11\/intabaco-relanza-su-escuela-tabacalera-con-nombre-del-expresidente-hipolito-mejia\/\",\"name\":\"INTABACO relanza su Escuela Tabacalera con nombre del expresidente Hip\u00f3lito Mej\u00eda - EL GLOBAL INFORMATIVO\",\"isPartOf\":{\"@id\":\"https:\/\/elglobal.do\/#website\"},\"primaryImageOfPage\":{\"@id\":\"https:\/\/elglobal.do\/index.php\/2025\/10\/11\/intabaco-relanza-su-escuela-tabacalera-con-nombre-del-expresidente-hipolito-mejia\/#primaryimage\"},\"image\":{\"@id\":\"https:\/\/elglobal.do\/index.php\/2025\/10\/11\/intabaco-relanza-su-escuela-tabacalera-con-nombre-del-expresidente-hipolito-mejia\/#primaryimage\"},\"thumbnailUrl\":\"https:\/\/elglobal.do\/wp-content\/uploads\/2025\/10\/Escuela.jpeg\",\"datePublished\":\"2025-10-11T13:24:01+00:00\",\"dateModified\":\"2025-10-11T13:24:03+00:00\",\"breadcrumb\":{\"@id\":\"https:\/\/elglobal.do\/index.php\/2025\/10\/11\/intabaco-relanza-su-escuela-tabacalera-con-nombre-del-expresidente-hipolito-mejia\/#breadcrumb\"},\"inLanguage\":\"es\",\"potentialAction\":[{\"@type\":\"ReadAction\",\"target\":[\"https:\/\/elglobal.do\/index.php\/2025\/10\/11\/intabaco-relanza-su-escuela-tabacalera-con-nombre-del-expresidente-hipolito-mejia\/\"]}]},{\"@type\":\"ImageObject\",\"inLanguage\":\"es\",\"@id\":\"https:\/\/elglobal.do\/index.php\/2025\/10\/11\/intabaco-relanza-su-escuela-tabacalera-con-nombre-del-expresidente-hipolito-mejia\/#primaryimage\",\"url\":\"https:\/\/elglobal.do\/wp-content\/uploads\/2025\/10\/Escuela.jpeg\",\"contentUrl\":\"https:\/\/elglobal.do\/wp-content\/uploads\/2025\/10\/Escuela.jpeg\",\"width\":1280,\"height\":854},{\"@type\":\"BreadcrumbList\",\"@id\":\"https:\/\/elglobal.do\/index.php\/2025\/10\/11\/intabaco-relanza-su-escuela-tabacalera-con-nombre-del-expresidente-hipolito-mejia\/#breadcrumb\",\"itemListElement\":[{\"@type\":\"ListItem\",\"position\":1,\"name\":\"Portada\",\"item\":\"https:\/\/elglobal.do\/\"},{\"@type\":\"ListItem\",\"position\":2,\"name\":\"INTABACO relanza su Escuela Tabacalera con nombre del expresidente Hip\u00f3lito Mej\u00eda\"}]},{\"@type\":\"WebSite\",\"@id\":\"https:\/\/elglobal.do\/#website\",\"url\":\"https:\/\/elglobal.do\/\",\"name\":\"EL GLOBAL INFORMATIVO\",\"description\":\"Peri\u00f3dico digital de la Rep\u00fablica Dominicana que ofrece noticias, novedades, pol\u00edtica y las \u00faltimas actualidades, con informaci\u00f3n veraz y oportuna para mantenerte siempre informad\",\"publisher\":{\"@id\":\"https:\/\/elglobal.do\/#organization\"},\"potentialAction\":[{\"@type\":\"SearchAction\",\"target\":{\"@type\":\"EntryPoint\",\"urlTemplate\":\"https:\/\/elglobal.do\/?s={search_term_string}\"},\"query-input\":{\"@type\":\"PropertyValueSpecification\",\"valueRequired\":true,\"valueName\":\"search_term_string\"}}],\"inLanguage\":\"es\"},{\"@type\":\"Organization\",\"@id\":\"https:\/\/elglobal.do\/#organization\",\"name\":\"EL GLOBAL.DO INFORMATIVO\",\"url\":\"https:\/\/elglobal.do\/\",\"logo\":{\"@type\":\"ImageObject\",\"inLanguage\":\"es\",\"@id\":\"https:\/\/elglobal.do\/#\/schema\/logo\/image\/\",\"url\":\"https:\/\/elglobal.do\/wp-content\/uploads\/2025\/08\/icon.png\",\"contentUrl\":\"https:\/\/elglobal.do\/wp-content\/uploads\/2025\/08\/icon.png\",\"width\":512,\"height\":512,\"caption\":\"EL GLOBAL.DO INFORMATIVO\"},\"image\":{\"@id\":\"https:\/\/elglobal.do\/#\/schema\/logo\/image\/\"}},{\"@type\":\"Person\",\"@id\":\"https:\/\/elglobal.do\/#\/schema\/person\/0c97ec2c7714fb605d230c292f64d55f\",\"name\":\"EL GLOBAL\",\"image\":{\"@type\":\"ImageObject\",\"inLanguage\":\"es\",\"@id\":\"https:\/\/elglobal.do\/#\/schema\/person\/image\/\",\"url\":\"https:\/\/secure.gravatar.com\/avatar\/081cfb6cf99faddc6f4e23a0c11ab98c5cf302925382d1c88dc3ed757ab910a3?s=96&d=mm&r=g\",\"contentUrl\":\"https:\/\/secure.gravatar.com\/avatar\/081cfb6cf99faddc6f4e23a0c11ab98c5cf302925382d1c88dc3ed757ab910a3?s=96&d=mm&r=g\",\"caption\":\"EL GLOBAL\"},\"description\":\"El Global Informativo es un peri\u00f3dico digital de Rep\u00fablica Dominicana que se dedica a cubrir temas importantes, como la pol\u00edtica local, geopol\u00edtica, econom\u00eda, tecnolog\u00eda, noticias internacionales y eventos relacionados con la gesti\u00f3n social, cultural y humana. Su objetivo principal es mantener a la poblaci\u00f3n informada, ofreciendo una visi\u00f3n amplia y actualizada de lo que sucede tanto en el pa\u00eds como en el mundo. Est\u00e1 dirigido por un grupo de periodistas experimentados, lo que garantiza la calidad y la precisi\u00f3n de la informaci\u00f3n que ofrecen. Tiene su sede en la ciudad de Santo Domingo y es parte integral del portafolio de la empresa, MC Global S.R.L.\",\"sameAs\":[\"https:\/\/elglobal.do\",\"https:\/\/www.instagram.com\/elglobal.do_informativo\/\"],\"url\":\"https:\/\/elglobal.do\/index.php\/author\/elglobaluserpro\/\"}]}<\/script>\n<!-- \/ Yoast SEO plugin. -->","yoast_head_json":{"title":"INTABACO relanza su Escuela Tabacalera con nombre del expresidente Hip\u00f3lito Mej\u00eda - EL GLOBAL INFORMATIVO","robots":{"index":"index","follow":"follow","max-snippet":"max-snippet:-1","max-image-preview":"max-image-preview:large","max-video-preview":"max-video-preview:-1"},"canonical":"https:\/\/elglobal.do\/index.php\/2025\/10\/11\/intabaco-relanza-su-escuela-tabacalera-con-nombre-del-expresidente-hipolito-mejia\/","og_locale":"es_ES","og_type":"article","og_title":"INTABACO relanza su Escuela Tabacalera con nombre del expresidente Hip\u00f3lito Mej\u00eda - EL GLOBAL INFORMATIVO","og_description":"El centro ha formado a m\u00e1s de 600 j\u00f3venes y el 95% est\u00e1n trabajando en la industria del tabaco Santiago. &#8211; El Instituto del Tabaco de la Rep\u00fablica Dominicana (INTABACO),&hellip;","og_url":"https:\/\/elglobal.do\/index.php\/2025\/10\/11\/intabaco-relanza-su-escuela-tabacalera-con-nombre-del-expresidente-hipolito-mejia\/","og_site_name":"EL GLOBAL INFORMATIVO","article_published_time":"2025-10-11T13:24:01+00:00","article_modified_time":"2025-10-11T13:24:03+00:00","og_image":[{"width":1280,"height":854,"url":"https:\/\/elglobal.do\/wp-content\/uploads\/2025\/10\/Escuela.jpeg","type":"image\/jpeg"}],"author":"EL GLOBAL","twitter_card":"summary_large_image","twitter_misc":{"Escrito por":"EL GLOBAL","Tiempo de lectura":"4 minutos"},"schema":{"@context":"https:\/\/schema.org","@graph":[{"@type":"Article","@id":"https:\/\/elglobal.do\/index.php\/2025\/10\/11\/intabaco-relanza-su-escuela-tabacalera-con-nombre-del-expresidente-hipolito-mejia\/#article","isPartOf":{"@id":"https:\/\/elglobal.do\/index.php\/2025\/10\/11\/intabaco-relanza-su-escuela-tabacalera-con-nombre-del-expresidente-hipolito-mejia\/"},"author":{"name":"EL GLOBAL","@id":"https:\/\/elglobal.do\/#\/schema\/person\/0c97ec2c7714fb605d230c292f64d55f"},"headline":"INTABACO relanza su Escuela Tabacalera con nombre del expresidente Hip\u00f3lito Mej\u00eda","datePublished":"2025-10-11T13:24:01+00:00","dateModified":"2025-10-11T13:24:03+00:00","mainEntityOfPage":{"@id":"https:\/\/elglobal.do\/index.php\/2025\/10\/11\/intabaco-relanza-su-escuela-tabacalera-con-nombre-del-expresidente-hipolito-mejia\/"},"wordCount":713,"commentCount":0,"publisher":{"@id":"https:\/\/elglobal.do\/#organization"},"image":{"@id":"https:\/\/elglobal.do\/index.php\/2025\/10\/11\/intabaco-relanza-su-escuela-tabacalera-con-nombre-del-expresidente-hipolito-mejia\/#primaryimage"},"thumbnailUrl":"https:\/\/elglobal.do\/wp-content\/uploads\/2025\/10\/Escuela.jpeg","keywords":["#ElGlobalInformativo","#EscuelaTabacalera","#Hip\u00f3litoMej\u00eda","#INTABACO","#relanza"],"articleSection":["ECONOM\u00cdA","NOTICIAS RELEVANTES"],"inLanguage":"es","potentialAction":[{"@type":"CommentAction","name":"Comment","target":["https:\/\/elglobal.do\/index.php\/2025\/10\/11\/intabaco-relanza-su-escuela-tabacalera-con-nombre-del-expresidente-hipolito-mejia\/#respond"]}]},{"@type":"WebPage","@id":"https:\/\/elglobal.do\/index.php\/2025\/10\/11\/intabaco-relanza-su-escuela-tabacalera-con-nombre-del-expresidente-hipolito-mejia\/","url":"https:\/\/elglobal.do\/index.php\/2025\/10\/11\/intabaco-relanza-su-escuela-tabacalera-con-nombre-del-expresidente-hipolito-mejia\/","name":"INTABACO relanza su Escuela Tabacalera con nombre del expresidente Hip\u00f3lito Mej\u00eda - EL GLOBAL INFORMATIVO","isPartOf":{"@id":"https:\/\/elglobal.do\/#website"},"primaryImageOfPage":{"@id":"https:\/\/elglobal.do\/index.php\/2025\/10\/11\/intabaco-relanza-su-escuela-tabacalera-con-nombre-del-expresidente-hipolito-mejia\/#primaryimage"},"image":{"@id":"https:\/\/elglobal.do\/index.php\/2025\/10\/11\/intabaco-relanza-su-escuela-tabacalera-con-nombre-del-expresidente-hipolito-mejia\/#primaryimage"},"thumbnailUrl":"https:\/\/elglobal.do\/wp-content\/uploads\/2025\/10\/Escuela.jpeg","datePublished":"2025-10-11T13:24:01+00:00","dateModified":"2025-10-11T13:24:03+00:00","breadcrumb":{"@id":"https:\/\/elglobal.do\/index.php\/2025\/10\/11\/intabaco-relanza-su-escuela-tabacalera-con-nombre-del-expresidente-hipolito-mejia\/#breadcrumb"},"inLanguage":"es","potentialAction":[{"@type":"ReadAction","target":["https:\/\/elglobal.do\/index.php\/2025\/10\/11\/intabaco-relanza-su-escuela-tabacalera-con-nombre-del-expresidente-hipolito-mejia\/"]}]},{"@type":"ImageObject","inLanguage":"es","@id":"https:\/\/elglobal.do\/index.php\/2025\/10\/11\/intabaco-relanza-su-escuela-tabacalera-con-nombre-del-expresidente-hipolito-mejia\/#primaryimage","url":"https:\/\/elglobal.do\/wp-content\/uploads\/2025\/10\/Escuela.jpeg","contentUrl":"https:\/\/elglobal.do\/wp-content\/uploads\/2025\/10\/Escuela.jpeg","width":1280,"height":854},{"@type":"BreadcrumbList","@id":"https:\/\/elglobal.do\/index.php\/2025\/10\/11\/intabaco-relanza-su-escuela-tabacalera-con-nombre-del-expresidente-hipolito-mejia\/#breadcrumb","itemListElement":[{"@type":"ListItem","position":1,"name":"Portada","item":"https:\/\/elglobal.do\/"},{"@type":"ListItem","position":2,"name":"INTABACO relanza su Escuela Tabacalera con nombre del expresidente Hip\u00f3lito Mej\u00eda"}]},{"@type":"WebSite","@id":"https:\/\/elglobal.do\/#website","url":"https:\/\/elglobal.do\/","name":"EL GLOBAL INFORMATIVO","description":"Peri\u00f3dico digital de la Rep\u00fablica Dominicana que ofrece noticias, novedades, pol\u00edtica y las \u00faltimas actualidades, con informaci\u00f3n veraz y oportuna para mantenerte siempre informad","publisher":{"@id":"https:\/\/elglobal.do\/#organization"},"potentialAction":[{"@type":"SearchAction","target":{"@type":"EntryPoint","urlTemplate":"https:\/\/elglobal.do\/?s={search_term_string}"},"query-input":{"@type":"PropertyValueSpecification","valueRequired":true,"valueName":"search_term_string"}}],"inLanguage":"es"},{"@type":"Organization","@id":"https:\/\/elglobal.do\/#organization","name":"EL GLOBAL.DO INFORMATIVO","url":"https:\/\/elglobal.do\/","logo":{"@type":"ImageObject","inLanguage":"es","@id":"https:\/\/elglobal.do\/#\/schema\/logo\/image\/","url":"https:\/\/elglobal.do\/wp-content\/uploads\/2025\/08\/icon.png","contentUrl":"https:\/\/elglobal.do\/wp-content\/uploads\/2025\/08\/icon.png","width":512,"height":512,"caption":"EL GLOBAL.DO INFORMATIVO"},"image":{"@id":"https:\/\/elglobal.do\/#\/schema\/logo\/image\/"}},{"@type":"Person","@id":"https:\/\/elglobal.do\/#\/schema\/person\/0c97ec2c7714fb605d230c292f64d55f","name":"EL GLOBAL","image":{"@type":"ImageObject","inLanguage":"es","@id":"https:\/\/elglobal.do\/#\/schema\/person\/image\/","url":"https:\/\/secure.gravatar.com\/avatar\/081cfb6cf99faddc6f4e23a0c11ab98c5cf302925382d1c88dc3ed757ab910a3?s=96&d=mm&r=g","contentUrl":"https:\/\/secure.gravatar.com\/avatar\/081cfb6cf99faddc6f4e23a0c11ab98c5cf302925382d1c88dc3ed757ab910a3?s=96&d=mm&r=g","caption":"EL GLOBAL"},"description":"El Global Informativo es un peri\u00f3dico digital de Rep\u00fablica Dominicana que se dedica a cubrir temas importantes, como la pol\u00edtica local, geopol\u00edtica, econom\u00eda, tecnolog\u00eda, noticias internacionales y eventos relacionados con la gesti\u00f3n social, cultural y humana. Su objetivo principal es mantener a la poblaci\u00f3n informada, ofreciendo una visi\u00f3n amplia y actualizada de lo que sucede tanto en el pa\u00eds como en el mundo. Est\u00e1 dirigido por un grupo de periodistas experimentados, lo que garantiza la calidad y la precisi\u00f3n de la informaci\u00f3n que ofrecen. Tiene su sede en la ciudad de Santo Domingo y es parte integral del portafolio de la empresa, MC Global S.R.L.","sameAs":["https:\/\/elglobal.do","https:\/\/www.instagram.com\/elglobal.do_informativo\/"],"url":"https:\/\/elglobal.do\/index.php\/author\/elglobaluserpro\/"}]}},"jetpack_featured_media_url":"https:\/\/elglobal.do\/wp-content\/uploads\/2025\/10\/Escuela.jpeg","jetpack_sharing_enabled":true,"_links":{"self":[{"href":"https:\/\/elglobal.do\/index.php\/wp-json\/wp\/v2\/posts\/3039","targetHints":{"allow":["GET"]}}],"collection":[{"href":"https:\/\/elglobal.do\/index.php\/wp-json\/wp\/v2\/posts"}],"about":[{"href":"https:\/\/elglobal.do\/index.php\/wp-json\/wp\/v2\/types\/post"}],"author":[{"embeddable":true,"href":"https:\/\/elglobal.do\/index.php\/wp-json\/wp\/v2\/users\/1"}],"replies":[{"embeddable":true,"href":"https:\/\/elglobal.do\/index.php\/wp-json\/wp\/v2\/comments?post=3039"}],"version-history":[{"count":1,"href":"https:\/\/elglobal.do\/index.php\/wp-json\/wp\/v2\/posts\/3039\/revisions"}],"predecessor-version":[{"id":3042,"href":"https:\/\/elglobal.do\/index.php\/wp-json\/wp\/v2\/posts\/3039\/revisions\/3042"}],"wp:featuredmedia":[{"embeddable":true,"href":"https:\/\/elglobal.do\/index.php\/wp-json\/wp\/v2\/media\/3040"}],"wp:attachment":[{"href":"https:\/\/elglobal.do\/index.php\/wp-json\/wp\/v2\/media?parent=3039"}],"wp:term":[{"taxonomy":"category","embeddable":true,"href":"https:\/\/elglobal.do\/index.php\/wp-json\/wp\/v2\/categories?post=3039"},{"taxonomy":"post_tag","embeddable":true,"href":"https:\/\/elglobal.do\/index.php\/wp-json\/wp\/v2\/tags?post=3039"}],"curies":[{"name":"wp","href":"https:\/\/api.w.org\/{rel}","templated":true}]}}