{"id":3043,"date":"2025-10-11T10:32:48","date_gmt":"2025-10-11T14:32:48","guid":{"rendered":"https:\/\/elglobal.do\/?p=3043"},"modified":"2025-10-11T10:32:51","modified_gmt":"2025-10-11T14:32:51","slug":"impulsaran-el-talento-local-con-nueva-plataforma-kfc-music","status":"publish","type":"post","link":"https:\/\/elglobal.do\/index.php\/2025\/10\/11\/impulsaran-el-talento-local-con-nueva-plataforma-kfc-music\/","title":{"rendered":"Impulsar\u00e1n el talento local con nueva plataforma \u201cKFC Music\u201d"},"content":{"rendered":"\n<p><strong>Santo Domingo. &#8211; <\/strong>KFC Rep\u00fablica Dominicana lanz\u00f3 su nueva campa\u00f1a \u201cKFC Music\u201d, una plataforma que celebra y promueve el talento musical nacional, llev\u00e1ndolo m\u00e1s all\u00e1 de nuestras fronteras, lo que reafirma su compromiso de impulsar el desarrollo cultural del pa\u00eds.<\/p>\n\n\n\n<p>A trav\u00e9s de esta iniciativa, KFC se convierte en un aliado estrat\u00e9gico de los nuevos exponentes de la m\u00fasica nacional, brind\u00e1ndoles apoyo para proyectarse en escenarios internacionales.<\/p>\n\n\n\n<figure class=\"wp-block-image size-large\"><img loading=\"lazy\" decoding=\"async\" width=\"1024\" height=\"682\" src=\"https:\/\/elglobal.do\/wp-content\/uploads\/2025\/10\/Gerente-1024x682.jpg\" alt=\"\" class=\"wp-image-3046\" srcset=\"https:\/\/elglobal.do\/wp-content\/uploads\/2025\/10\/Gerente-1024x682.jpg 1024w, https:\/\/elglobal.do\/wp-content\/uploads\/2025\/10\/Gerente-300x200.jpg 300w, https:\/\/elglobal.do\/wp-content\/uploads\/2025\/10\/Gerente-768x512.jpg 768w, https:\/\/elglobal.do\/wp-content\/uploads\/2025\/10\/Gerente.jpg 1280w\" sizes=\"auto, (max-width: 1024px) 100vw, 1024px\" \/><\/figure>\n\n\n\n<p>La gerente de mercadeo KFC, Vanessa Gonz\u00e1lez, afirm\u00f3 que esa multinacional cerr\u00f3 negociaci\u00f3n con la misma marca en otros pa\u00edses para recibir a talentos internacionales en los pr\u00f3ximos eventos.<\/p>\n\n\n\n<p>\u201cEn KFC creemos en el poder transformador de la m\u00fasica y en el enorme potencial de nuestros artistas dominicanos. Con \u2018KFC Music\u2019 queremos ser un puente entre el talento local y las oportunidades globales\u201d, expres\u00f3.<\/p>\n\n\n\n<p>\u201cKFC Music\u201d no solo impulsa la m\u00fasica, sino que tambi\u00e9n crea conexiones aut\u00e9nticas entre la marca, los j\u00f3venes y la cultura urbana. La campa\u00f1a integra presentaciones en vivo, contenido exclusivo en plataformas digitales y colaboraciones con productores y talentos emergentes.<\/p>\n\n\n\n<p>El tour internacional, llamado: \u2018Krunch Tour\u2019, es apenas el comienzo. En los pr\u00f3ximos meses, KFC anunciar\u00e1 nuevas fechas de visitas a otros pa\u00edses y artistas participantes, consolidando esta plataforma como un trampol\u00edn para la proyecci\u00f3n del talento dominicano.<\/p>\n\n\n\n<p>El punto de partida de este tour internacional fue en Costa Rica el mes pasado, y esta semana inici\u00f3 en el pa\u00eds con un evento, donde artistas criollos e internacionales como Fineta Records, Deeikel, Kendo, y Lomiel, presentaron la riqueza y diversidad musical, ante un p\u00fablico local y regional.<\/p>\n\n\n\n<p>Participaron, adem\u00e1s, Carlos \u00c1lvarez, gerente de mercado de KFC en Costa Rica, entre otros ejecutivos de la Rep\u00fablica Dominicana y del exterior de esta franquicia mundial.<\/p>\n\n\n\n<p>Con esta iniciativa, KFC demuestra una vez m\u00e1s su inter\u00e9s por ir m\u00e1s all\u00e1 del sabor, apostando por el desarrollo social y cultural de la Rep\u00fablica Dominicana.<\/p>\n\n\n\n<p><\/p>\n","protected":false},"excerpt":{"rendered":"<p>Santo Domingo. &#8211; KFC Rep\u00fablica Dominicana lanz\u00f3 su nueva campa\u00f1a \u201cKFC Music\u201d, una plataforma que celebra y promueve el talento musical nacional, llev\u00e1ndolo m\u00e1s all\u00e1 de nuestras fronteras, lo que&hellip; <\/p>\n","protected":false},"author":1,"featured_media":3045,"comment_status":"open","ping_status":"open","sticky":false,"template":"","format":"standard","meta":{"_jetpack_memberships_contains_paid_content":false,"footnotes":""},"categories":[14,327],"tags":[98,1680,1681,1682,1683],"class_list":["post-3043","post","type-post","status-publish","format-standard","has-post-thumbnail","hentry","category-slider","category-sociales","tag-elglobalinformativo","tag-impulsan-talentos","tag-kfcmusic","tag-krunchtour","tag-nuevaplataforma"],"yoast_head":"<!-- This site is optimized with the Yoast SEO plugin v26.9 - https:\/\/yoast.com\/product\/yoast-seo-wordpress\/ -->\n<title>Impulsar\u00e1n el talento local con nueva plataforma \u201cKFC Music\u201d - EL GLOBAL INFORMATIVO<\/title>\n<meta name=\"robots\" content=\"index, follow, max-snippet:-1, max-image-preview:large, max-video-preview:-1\" \/>\n<link rel=\"canonical\" href=\"https:\/\/elglobal.do\/index.php\/2025\/10\/11\/impulsaran-el-talento-local-con-nueva-plataforma-kfc-music\/\" \/>\n<meta property=\"og:locale\" content=\"es_ES\" \/>\n<meta property=\"og:type\" content=\"article\" \/>\n<meta property=\"og:title\" content=\"Impulsar\u00e1n el talento local con nueva plataforma \u201cKFC Music\u201d - EL GLOBAL INFORMATIVO\" \/>\n<meta property=\"og:description\" content=\"Santo Domingo. &#8211; KFC Rep\u00fablica Dominicana lanz\u00f3 su nueva campa\u00f1a \u201cKFC Music\u201d, una plataforma que celebra y promueve el talento musical nacional, llev\u00e1ndolo m\u00e1s all\u00e1 de nuestras fronteras, lo que&hellip;\" \/>\n<meta property=\"og:url\" content=\"https:\/\/elglobal.do\/index.php\/2025\/10\/11\/impulsaran-el-talento-local-con-nueva-plataforma-kfc-music\/\" \/>\n<meta property=\"og:site_name\" content=\"EL GLOBAL INFORMATIVO\" \/>\n<meta property=\"article:published_time\" content=\"2025-10-11T14:32:48+00:00\" \/>\n<meta property=\"article:modified_time\" content=\"2025-10-11T14:32:51+00:00\" \/>\n<meta property=\"og:image\" content=\"https:\/\/elglobal.do\/wp-content\/uploads\/2025\/10\/Talento.jpg\" \/>\n\t<meta property=\"og:image:width\" content=\"853\" \/>\n\t<meta property=\"og:image:height\" content=\"636\" \/>\n\t<meta property=\"og:image:type\" content=\"image\/jpeg\" \/>\n<meta name=\"author\" content=\"EL GLOBAL\" \/>\n<meta name=\"twitter:card\" content=\"summary_large_image\" \/>\n<meta name=\"twitter:label1\" content=\"Escrito por\" \/>\n\t<meta name=\"twitter:data1\" content=\"EL GLOBAL\" \/>\n\t<meta name=\"twitter:label2\" content=\"Tiempo de lectura\" \/>\n\t<meta name=\"twitter:data2\" content=\"2 minutos\" \/>\n<script type=\"application\/ld+json\" class=\"yoast-schema-graph\">{\"@context\":\"https:\/\/schema.org\",\"@graph\":[{\"@type\":\"Article\",\"@id\":\"https:\/\/elglobal.do\/index.php\/2025\/10\/11\/impulsaran-el-talento-local-con-nueva-plataforma-kfc-music\/#article\",\"isPartOf\":{\"@id\":\"https:\/\/elglobal.do\/index.php\/2025\/10\/11\/impulsaran-el-talento-local-con-nueva-plataforma-kfc-music\/\"},\"author\":{\"name\":\"EL GLOBAL\",\"@id\":\"https:\/\/elglobal.do\/#\/schema\/person\/0c97ec2c7714fb605d230c292f64d55f\"},\"headline\":\"Impulsar\u00e1n el talento local con nueva plataforma \u201cKFC Music\u201d\",\"datePublished\":\"2025-10-11T14:32:48+00:00\",\"dateModified\":\"2025-10-11T14:32:51+00:00\",\"mainEntityOfPage\":{\"@id\":\"https:\/\/elglobal.do\/index.php\/2025\/10\/11\/impulsaran-el-talento-local-con-nueva-plataforma-kfc-music\/\"},\"wordCount\":352,\"commentCount\":0,\"publisher\":{\"@id\":\"https:\/\/elglobal.do\/#organization\"},\"image\":{\"@id\":\"https:\/\/elglobal.do\/index.php\/2025\/10\/11\/impulsaran-el-talento-local-con-nueva-plataforma-kfc-music\/#primaryimage\"},\"thumbnailUrl\":\"https:\/\/elglobal.do\/wp-content\/uploads\/2025\/10\/Talento.jpg\",\"keywords\":[\"#ElGlobalInformativo\",\"#Impulsan #talentos\",\"#KFCMusic\",\"#KrunchTour\",\"#nuevaplataforma\"],\"articleSection\":[\"NOTICIAS RELEVANTES\",\"SOCIALES\"],\"inLanguage\":\"es\",\"potentialAction\":[{\"@type\":\"CommentAction\",\"name\":\"Comment\",\"target\":[\"https:\/\/elglobal.do\/index.php\/2025\/10\/11\/impulsaran-el-talento-local-con-nueva-plataforma-kfc-music\/#respond\"]}]},{\"@type\":\"WebPage\",\"@id\":\"https:\/\/elglobal.do\/index.php\/2025\/10\/11\/impulsaran-el-talento-local-con-nueva-plataforma-kfc-music\/\",\"url\":\"https:\/\/elglobal.do\/index.php\/2025\/10\/11\/impulsaran-el-talento-local-con-nueva-plataforma-kfc-music\/\",\"name\":\"Impulsar\u00e1n el talento local con nueva plataforma \u201cKFC Music\u201d - EL GLOBAL INFORMATIVO\",\"isPartOf\":{\"@id\":\"https:\/\/elglobal.do\/#website\"},\"primaryImageOfPage\":{\"@id\":\"https:\/\/elglobal.do\/index.php\/2025\/10\/11\/impulsaran-el-talento-local-con-nueva-plataforma-kfc-music\/#primaryimage\"},\"image\":{\"@id\":\"https:\/\/elglobal.do\/index.php\/2025\/10\/11\/impulsaran-el-talento-local-con-nueva-plataforma-kfc-music\/#primaryimage\"},\"thumbnailUrl\":\"https:\/\/elglobal.do\/wp-content\/uploads\/2025\/10\/Talento.jpg\",\"datePublished\":\"2025-10-11T14:32:48+00:00\",\"dateModified\":\"2025-10-11T14:32:51+00:00\",\"breadcrumb\":{\"@id\":\"https:\/\/elglobal.do\/index.php\/2025\/10\/11\/impulsaran-el-talento-local-con-nueva-plataforma-kfc-music\/#breadcrumb\"},\"inLanguage\":\"es\",\"potentialAction\":[{\"@type\":\"ReadAction\",\"target\":[\"https:\/\/elglobal.do\/index.php\/2025\/10\/11\/impulsaran-el-talento-local-con-nueva-plataforma-kfc-music\/\"]}]},{\"@type\":\"ImageObject\",\"inLanguage\":\"es\",\"@id\":\"https:\/\/elglobal.do\/index.php\/2025\/10\/11\/impulsaran-el-talento-local-con-nueva-plataforma-kfc-music\/#primaryimage\",\"url\":\"https:\/\/elglobal.do\/wp-content\/uploads\/2025\/10\/Talento.jpg\",\"contentUrl\":\"https:\/\/elglobal.do\/wp-content\/uploads\/2025\/10\/Talento.jpg\",\"width\":853,\"height\":636},{\"@type\":\"BreadcrumbList\",\"@id\":\"https:\/\/elglobal.do\/index.php\/2025\/10\/11\/impulsaran-el-talento-local-con-nueva-plataforma-kfc-music\/#breadcrumb\",\"itemListElement\":[{\"@type\":\"ListItem\",\"position\":1,\"name\":\"Portada\",\"item\":\"https:\/\/elglobal.do\/\"},{\"@type\":\"ListItem\",\"position\":2,\"name\":\"Impulsar\u00e1n el talento local con nueva plataforma \u201cKFC Music\u201d\"}]},{\"@type\":\"WebSite\",\"@id\":\"https:\/\/elglobal.do\/#website\",\"url\":\"https:\/\/elglobal.do\/\",\"name\":\"EL GLOBAL INFORMATIVO\",\"description\":\"Peri\u00f3dico digital de la Rep\u00fablica Dominicana que ofrece noticias, novedades, pol\u00edtica y las \u00faltimas actualidades, con informaci\u00f3n veraz y oportuna para mantenerte siempre informad\",\"publisher\":{\"@id\":\"https:\/\/elglobal.do\/#organization\"},\"potentialAction\":[{\"@type\":\"SearchAction\",\"target\":{\"@type\":\"EntryPoint\",\"urlTemplate\":\"https:\/\/elglobal.do\/?s={search_term_string}\"},\"query-input\":{\"@type\":\"PropertyValueSpecification\",\"valueRequired\":true,\"valueName\":\"search_term_string\"}}],\"inLanguage\":\"es\"},{\"@type\":\"Organization\",\"@id\":\"https:\/\/elglobal.do\/#organization\",\"name\":\"EL GLOBAL.DO INFORMATIVO\",\"url\":\"https:\/\/elglobal.do\/\",\"logo\":{\"@type\":\"ImageObject\",\"inLanguage\":\"es\",\"@id\":\"https:\/\/elglobal.do\/#\/schema\/logo\/image\/\",\"url\":\"https:\/\/elglobal.do\/wp-content\/uploads\/2025\/08\/icon.png\",\"contentUrl\":\"https:\/\/elglobal.do\/wp-content\/uploads\/2025\/08\/icon.png\",\"width\":512,\"height\":512,\"caption\":\"EL GLOBAL.DO INFORMATIVO\"},\"image\":{\"@id\":\"https:\/\/elglobal.do\/#\/schema\/logo\/image\/\"}},{\"@type\":\"Person\",\"@id\":\"https:\/\/elglobal.do\/#\/schema\/person\/0c97ec2c7714fb605d230c292f64d55f\",\"name\":\"EL GLOBAL\",\"image\":{\"@type\":\"ImageObject\",\"inLanguage\":\"es\",\"@id\":\"https:\/\/elglobal.do\/#\/schema\/person\/image\/\",\"url\":\"https:\/\/secure.gravatar.com\/avatar\/081cfb6cf99faddc6f4e23a0c11ab98c5cf302925382d1c88dc3ed757ab910a3?s=96&d=mm&r=g\",\"contentUrl\":\"https:\/\/secure.gravatar.com\/avatar\/081cfb6cf99faddc6f4e23a0c11ab98c5cf302925382d1c88dc3ed757ab910a3?s=96&d=mm&r=g\",\"caption\":\"EL GLOBAL\"},\"description\":\"El Global Informativo es un peri\u00f3dico digital de Rep\u00fablica Dominicana que se dedica a cubrir temas importantes, como la pol\u00edtica local, geopol\u00edtica, econom\u00eda, tecnolog\u00eda, noticias internacionales y eventos relacionados con la gesti\u00f3n social, cultural y humana. Su objetivo principal es mantener a la poblaci\u00f3n informada, ofreciendo una visi\u00f3n amplia y actualizada de lo que sucede tanto en el pa\u00eds como en el mundo. Est\u00e1 dirigido por un grupo de periodistas experimentados, lo que garantiza la calidad y la precisi\u00f3n de la informaci\u00f3n que ofrecen. Tiene su sede en la ciudad de Santo Domingo y es parte integral del portafolio de la empresa, MC Global S.R.L.\",\"sameAs\":[\"https:\/\/elglobal.do\",\"https:\/\/www.instagram.com\/elglobal.do_informativo\/\"],\"url\":\"https:\/\/elglobal.do\/index.php\/author\/elglobaluserpro\/\"}]}<\/script>\n<!-- \/ Yoast SEO plugin. -->","yoast_head_json":{"title":"Impulsar\u00e1n el talento local con nueva plataforma \u201cKFC Music\u201d - EL GLOBAL INFORMATIVO","robots":{"index":"index","follow":"follow","max-snippet":"max-snippet:-1","max-image-preview":"max-image-preview:large","max-video-preview":"max-video-preview:-1"},"canonical":"https:\/\/elglobal.do\/index.php\/2025\/10\/11\/impulsaran-el-talento-local-con-nueva-plataforma-kfc-music\/","og_locale":"es_ES","og_type":"article","og_title":"Impulsar\u00e1n el talento local con nueva plataforma \u201cKFC Music\u201d - EL GLOBAL INFORMATIVO","og_description":"Santo Domingo. &#8211; KFC Rep\u00fablica Dominicana lanz\u00f3 su nueva campa\u00f1a \u201cKFC Music\u201d, una plataforma que celebra y promueve el talento musical nacional, llev\u00e1ndolo m\u00e1s all\u00e1 de nuestras fronteras, lo que&hellip;","og_url":"https:\/\/elglobal.do\/index.php\/2025\/10\/11\/impulsaran-el-talento-local-con-nueva-plataforma-kfc-music\/","og_site_name":"EL GLOBAL INFORMATIVO","article_published_time":"2025-10-11T14:32:48+00:00","article_modified_time":"2025-10-11T14:32:51+00:00","og_image":[{"width":853,"height":636,"url":"https:\/\/elglobal.do\/wp-content\/uploads\/2025\/10\/Talento.jpg","type":"image\/jpeg"}],"author":"EL GLOBAL","twitter_card":"summary_large_image","twitter_misc":{"Escrito por":"EL GLOBAL","Tiempo de lectura":"2 minutos"},"schema":{"@context":"https:\/\/schema.org","@graph":[{"@type":"Article","@id":"https:\/\/elglobal.do\/index.php\/2025\/10\/11\/impulsaran-el-talento-local-con-nueva-plataforma-kfc-music\/#article","isPartOf":{"@id":"https:\/\/elglobal.do\/index.php\/2025\/10\/11\/impulsaran-el-talento-local-con-nueva-plataforma-kfc-music\/"},"author":{"name":"EL GLOBAL","@id":"https:\/\/elglobal.do\/#\/schema\/person\/0c97ec2c7714fb605d230c292f64d55f"},"headline":"Impulsar\u00e1n el talento local con nueva plataforma \u201cKFC Music\u201d","datePublished":"2025-10-11T14:32:48+00:00","dateModified":"2025-10-11T14:32:51+00:00","mainEntityOfPage":{"@id":"https:\/\/elglobal.do\/index.php\/2025\/10\/11\/impulsaran-el-talento-local-con-nueva-plataforma-kfc-music\/"},"wordCount":352,"commentCount":0,"publisher":{"@id":"https:\/\/elglobal.do\/#organization"},"image":{"@id":"https:\/\/elglobal.do\/index.php\/2025\/10\/11\/impulsaran-el-talento-local-con-nueva-plataforma-kfc-music\/#primaryimage"},"thumbnailUrl":"https:\/\/elglobal.do\/wp-content\/uploads\/2025\/10\/Talento.jpg","keywords":["#ElGlobalInformativo","#Impulsan #talentos","#KFCMusic","#KrunchTour","#nuevaplataforma"],"articleSection":["NOTICIAS RELEVANTES","SOCIALES"],"inLanguage":"es","potentialAction":[{"@type":"CommentAction","name":"Comment","target":["https:\/\/elglobal.do\/index.php\/2025\/10\/11\/impulsaran-el-talento-local-con-nueva-plataforma-kfc-music\/#respond"]}]},{"@type":"WebPage","@id":"https:\/\/elglobal.do\/index.php\/2025\/10\/11\/impulsaran-el-talento-local-con-nueva-plataforma-kfc-music\/","url":"https:\/\/elglobal.do\/index.php\/2025\/10\/11\/impulsaran-el-talento-local-con-nueva-plataforma-kfc-music\/","name":"Impulsar\u00e1n el talento local con nueva plataforma \u201cKFC Music\u201d - EL GLOBAL INFORMATIVO","isPartOf":{"@id":"https:\/\/elglobal.do\/#website"},"primaryImageOfPage":{"@id":"https:\/\/elglobal.do\/index.php\/2025\/10\/11\/impulsaran-el-talento-local-con-nueva-plataforma-kfc-music\/#primaryimage"},"image":{"@id":"https:\/\/elglobal.do\/index.php\/2025\/10\/11\/impulsaran-el-talento-local-con-nueva-plataforma-kfc-music\/#primaryimage"},"thumbnailUrl":"https:\/\/elglobal.do\/wp-content\/uploads\/2025\/10\/Talento.jpg","datePublished":"2025-10-11T14:32:48+00:00","dateModified":"2025-10-11T14:32:51+00:00","breadcrumb":{"@id":"https:\/\/elglobal.do\/index.php\/2025\/10\/11\/impulsaran-el-talento-local-con-nueva-plataforma-kfc-music\/#breadcrumb"},"inLanguage":"es","potentialAction":[{"@type":"ReadAction","target":["https:\/\/elglobal.do\/index.php\/2025\/10\/11\/impulsaran-el-talento-local-con-nueva-plataforma-kfc-music\/"]}]},{"@type":"ImageObject","inLanguage":"es","@id":"https:\/\/elglobal.do\/index.php\/2025\/10\/11\/impulsaran-el-talento-local-con-nueva-plataforma-kfc-music\/#primaryimage","url":"https:\/\/elglobal.do\/wp-content\/uploads\/2025\/10\/Talento.jpg","contentUrl":"https:\/\/elglobal.do\/wp-content\/uploads\/2025\/10\/Talento.jpg","width":853,"height":636},{"@type":"BreadcrumbList","@id":"https:\/\/elglobal.do\/index.php\/2025\/10\/11\/impulsaran-el-talento-local-con-nueva-plataforma-kfc-music\/#breadcrumb","itemListElement":[{"@type":"ListItem","position":1,"name":"Portada","item":"https:\/\/elglobal.do\/"},{"@type":"ListItem","position":2,"name":"Impulsar\u00e1n el talento local con nueva plataforma \u201cKFC Music\u201d"}]},{"@type":"WebSite","@id":"https:\/\/elglobal.do\/#website","url":"https:\/\/elglobal.do\/","name":"EL GLOBAL INFORMATIVO","description":"Peri\u00f3dico digital de la Rep\u00fablica Dominicana que ofrece noticias, novedades, pol\u00edtica y las \u00faltimas actualidades, con informaci\u00f3n veraz y oportuna para mantenerte siempre informad","publisher":{"@id":"https:\/\/elglobal.do\/#organization"},"potentialAction":[{"@type":"SearchAction","target":{"@type":"EntryPoint","urlTemplate":"https:\/\/elglobal.do\/?s={search_term_string}"},"query-input":{"@type":"PropertyValueSpecification","valueRequired":true,"valueName":"search_term_string"}}],"inLanguage":"es"},{"@type":"Organization","@id":"https:\/\/elglobal.do\/#organization","name":"EL GLOBAL.DO INFORMATIVO","url":"https:\/\/elglobal.do\/","logo":{"@type":"ImageObject","inLanguage":"es","@id":"https:\/\/elglobal.do\/#\/schema\/logo\/image\/","url":"https:\/\/elglobal.do\/wp-content\/uploads\/2025\/08\/icon.png","contentUrl":"https:\/\/elglobal.do\/wp-content\/uploads\/2025\/08\/icon.png","width":512,"height":512,"caption":"EL GLOBAL.DO INFORMATIVO"},"image":{"@id":"https:\/\/elglobal.do\/#\/schema\/logo\/image\/"}},{"@type":"Person","@id":"https:\/\/elglobal.do\/#\/schema\/person\/0c97ec2c7714fb605d230c292f64d55f","name":"EL GLOBAL","image":{"@type":"ImageObject","inLanguage":"es","@id":"https:\/\/elglobal.do\/#\/schema\/person\/image\/","url":"https:\/\/secure.gravatar.com\/avatar\/081cfb6cf99faddc6f4e23a0c11ab98c5cf302925382d1c88dc3ed757ab910a3?s=96&d=mm&r=g","contentUrl":"https:\/\/secure.gravatar.com\/avatar\/081cfb6cf99faddc6f4e23a0c11ab98c5cf302925382d1c88dc3ed757ab910a3?s=96&d=mm&r=g","caption":"EL GLOBAL"},"description":"El Global Informativo es un peri\u00f3dico digital de Rep\u00fablica Dominicana que se dedica a cubrir temas importantes, como la pol\u00edtica local, geopol\u00edtica, econom\u00eda, tecnolog\u00eda, noticias internacionales y eventos relacionados con la gesti\u00f3n social, cultural y humana. Su objetivo principal es mantener a la poblaci\u00f3n informada, ofreciendo una visi\u00f3n amplia y actualizada de lo que sucede tanto en el pa\u00eds como en el mundo. Est\u00e1 dirigido por un grupo de periodistas experimentados, lo que garantiza la calidad y la precisi\u00f3n de la informaci\u00f3n que ofrecen. Tiene su sede en la ciudad de Santo Domingo y es parte integral del portafolio de la empresa, MC Global S.R.L.","sameAs":["https:\/\/elglobal.do","https:\/\/www.instagram.com\/elglobal.do_informativo\/"],"url":"https:\/\/elglobal.do\/index.php\/author\/elglobaluserpro\/"}]}},"jetpack_featured_media_url":"https:\/\/elglobal.do\/wp-content\/uploads\/2025\/10\/Talento.jpg","jetpack_sharing_enabled":true,"_links":{"self":[{"href":"https:\/\/elglobal.do\/index.php\/wp-json\/wp\/v2\/posts\/3043","targetHints":{"allow":["GET"]}}],"collection":[{"href":"https:\/\/elglobal.do\/index.php\/wp-json\/wp\/v2\/posts"}],"about":[{"href":"https:\/\/elglobal.do\/index.php\/wp-json\/wp\/v2\/types\/post"}],"author":[{"embeddable":true,"href":"https:\/\/elglobal.do\/index.php\/wp-json\/wp\/v2\/users\/1"}],"replies":[{"embeddable":true,"href":"https:\/\/elglobal.do\/index.php\/wp-json\/wp\/v2\/comments?post=3043"}],"version-history":[{"count":1,"href":"https:\/\/elglobal.do\/index.php\/wp-json\/wp\/v2\/posts\/3043\/revisions"}],"predecessor-version":[{"id":3047,"href":"https:\/\/elglobal.do\/index.php\/wp-json\/wp\/v2\/posts\/3043\/revisions\/3047"}],"wp:featuredmedia":[{"embeddable":true,"href":"https:\/\/elglobal.do\/index.php\/wp-json\/wp\/v2\/media\/3045"}],"wp:attachment":[{"href":"https:\/\/elglobal.do\/index.php\/wp-json\/wp\/v2\/media?parent=3043"}],"wp:term":[{"taxonomy":"category","embeddable":true,"href":"https:\/\/elglobal.do\/index.php\/wp-json\/wp\/v2\/categories?post=3043"},{"taxonomy":"post_tag","embeddable":true,"href":"https:\/\/elglobal.do\/index.php\/wp-json\/wp\/v2\/tags?post=3043"}],"curies":[{"name":"wp","href":"https:\/\/api.w.org\/{rel}","templated":true}]}}