{"id":3073,"date":"2025-10-13T11:16:25","date_gmt":"2025-10-13T15:16:25","guid":{"rendered":"https:\/\/elglobal.do\/?p=3073"},"modified":"2025-10-13T11:16:27","modified_gmt":"2025-10-13T15:16:27","slug":"danilo-acusa-al-actual-gobierno-de-incrementar-el-endeudamiento-del-pais","status":"publish","type":"post","link":"https:\/\/elglobal.do\/index.php\/2025\/10\/13\/danilo-acusa-al-actual-gobierno-de-incrementar-el-endeudamiento-del-pais\/","title":{"rendered":"Danilo acusa al actual Gobierno de incrementar el\u00a0endeudamiento\u00a0del pa\u00eds"},"content":{"rendered":"\n<p><em>Danilo Medina respondi\u00f3 a Abinader, quien recientemente afirm\u00f3 que el 80% de los pr\u00e9stamos tomados por su gesti\u00f3n se han destinado al pago de deudas viejas&nbsp;<\/em><\/p>\n\n\n\n<figure class=\"wp-block-image size-full\"><img loading=\"lazy\" decoding=\"async\" width=\"800\" height=\"600\" src=\"https:\/\/elglobal.do\/wp-content\/uploads\/2025\/10\/Danilo-Medina.jpeg\" alt=\"\" class=\"wp-image-3074\" srcset=\"https:\/\/elglobal.do\/wp-content\/uploads\/2025\/10\/Danilo-Medina.jpeg 800w, https:\/\/elglobal.do\/wp-content\/uploads\/2025\/10\/Danilo-Medina-300x225.jpeg 300w, https:\/\/elglobal.do\/wp-content\/uploads\/2025\/10\/Danilo-Medina-768x576.jpeg 768w\" sizes=\"auto, (max-width: 800px) 100vw, 800px\" \/><figcaption class=\"wp-element-caption\"><em>Expresidente Danilo Medina, durante encuentro con polite\u00edstas en Santiago<\/em><\/figcaption><\/figure>\n\n\n\n<p><\/p>\n\n\n\n<p><strong>Santiago. &#8211;<\/strong> El expresidente de la Rep\u00fablica y presidente del&nbsp;Partido de la Liberaci\u00f3n Dominicana&nbsp;(PLD),&nbsp;Danilo Medina S\u00e1nchez, cuestion\u00f3 las declaraciones del presidente&nbsp;Luis Abinader&nbsp;sobre el manejo de la deuda p\u00fablica y acus\u00f3 al actual Gobierno de incrementar el&nbsp;endeudamiento&nbsp;del pa\u00eds debido al \u201cmalgasto y la&nbsp;mala administraci\u00f3n econ\u00f3mica\u201d.<\/p>\n\n\n\n<p>Durante un acto pol\u00edtico realizado el pasado s\u00e1bado en la Plaza Valerio, en Santiago, Medina respondi\u00f3 a&nbsp;Abinader, quien recientemente afirm\u00f3 que el 80% de los pr\u00e9stamos tomados por su gesti\u00f3n se han destinado al&nbsp;pago de deudas viejas&nbsp;dejadas por gobiernos anteriores.<\/p>\n\n\n\n<p>\u201cLuis Abinader&nbsp;dijo que \u00e9l ha endeudado el pa\u00eds, pero es pagando la deuda que hicieron los gobiernos pasados, especialmente el de&nbsp;Danilo Medina. Que el 80% de los pr\u00e9stamos que ha hecho son para pagar deudas viejas. No s\u00e9 qui\u00e9n le escribi\u00f3 esa nota, o si ignora c\u00f3mo se calcula el crecimiento de la deuda de un pa\u00eds. Eso es econom\u00eda simple\u201d, expres\u00f3 el exmandatario.<\/p>\n\n\n\n<p>Medina explic\u00f3 que, si realmente se hubiera utilizado ese porcentaje de&nbsp;pr\u00e9stamos&nbsp;para pagar compromisos anteriores, la deuda nacional no habr\u00eda crecido, ya que el&nbsp;endeudamiento&nbsp;neto se calcula restando los pagos de capital vencido a los nuevos desembolsos.<\/p>\n\n\n\n<p>\u201cSi el presidente hubiese utilizado el 80% para&nbsp;pagar deuda vieja, la deuda no hubiese crecido. Pero la deuda del pa\u00eds, en cuatro a\u00f1os y medio, ha crecido en&nbsp;m\u00e1s de 24 mil millones de pesos. Eso indica que no estaba pagando deuda vieja, sino endeudando el pa\u00eds\u201d, se\u00f1al\u00f3.<\/p>\n\n\n\n<p>El&nbsp;presidente del PLD&nbsp;calific\u00f3 como una \u201cmuchachada\u201d&nbsp;los intentos del mandatario de justificar el endeudamiento actual con los&nbsp;compromisos heredados, al recordar que todos los gobiernos est\u00e1n obligados a honrar las deudas soberanas.<\/p>\n\n\n\n<p>\u201cTodos los gobiernos estamos en la obligaci\u00f3n de pagar la&nbsp;deuda vieja. Son deudas soberanas del&nbsp;Estado dominicano&nbsp;que ning\u00fan presidente puede desconocer. Pero el problema aqu\u00ed es que se ha endeudado porque ha manejado mal la econom\u00eda, porque ha gastado demasiado\u201d, sostuvo Medina ante cientos de&nbsp;militantes pelede\u00edstas.<\/p>\n\n\n\n<p>El exjefe de Estado tambi\u00e9n critic\u00f3 que el Gobierno est\u00e9 utilizando nuevos&nbsp;pr\u00e9stamos&nbsp;para cubrir gastos corrientes, lo cual dijo que est\u00e1 prohibido por la Ley de Cr\u00e9dito P\u00fablico. \u201cSi sigue por ese camino, el sistema financiero dominicano va a ser insostenible. No vamos a tener recursos suficientes para cubrir el gasto corriente\u201d, advirti\u00f3.<\/p>\n\n\n\n<p>Medina detall\u00f3 que este a\u00f1o el&nbsp;Gobierno&nbsp;destinar\u00e1 m\u00e1s de 600 mil millones de pesos al pago de intereses de la deuda, aumentos en la n\u00f3mina p\u00fablica, pensiones y transferencias al&nbsp;sector el\u00e9ctrico.<\/p>\n\n\n\n<p>Asimismo, defendi\u00f3 el manejo financiero de sus gobiernos, afirmando que bajo la administraci\u00f3n del&nbsp;PLD&nbsp;las finanzas p\u00fablicas \u201cnunca fueron tan estables ni tan transparentes\u201d.<\/p>\n\n\n\n<p>\u201cConseguimos colocar&nbsp;bonos a 30 a\u00f1os,&nbsp;en pesos dominicanos, algo que jam\u00e1s se hab\u00eda logrado en la historia del pa\u00eds. Pagamos m\u00e1s de 4,200 millones de d\u00f3lares, reduciendo la deuda nacional\u201d, afirm\u00f3.<\/p>\n\n\n\n<p>https:\/\/2cb0066067adb118ceced26b68fdc0fd.safeframe.googlesyndication.com\/safeframe\/1-0-45\/html\/container.html Finalmente, el exmandatario llam\u00f3 a los&nbsp;dirigentes del PLD&nbsp;a \u201csalir a las calles a defender la obra de los gobiernos pelede\u00edstas\u201d, recordando que durante sus gestiones se crearon m\u00e1s de un mill\u00f3n de empleos, se ampli\u00f3 la cobertura de salud y se avanz\u00f3 en proyectos de vivienda e infraestructura.<\/p>\n\n\n\n<p>\u201cEl que dej\u00f3 el pa\u00eds sin apagones fue mi Gobierno, el Gobierno del PLD, el Gobierno de los pobres\u201d, concluy\u00f3&nbsp;Medina, entre aplausos de los asistentes.<\/p>\n\n\n\n<p>Fuente: Listin Diario <\/p>\n","protected":false},"excerpt":{"rendered":"<p>Danilo Medina respondi\u00f3 a Abinader, quien recientemente afirm\u00f3 que el 80% de los pr\u00e9stamos tomados por su gesti\u00f3n se han destinado al pago de deudas viejas&nbsp; Santiago. &#8211; El expresidente&hellip; <\/p>\n","protected":false},"author":1,"featured_media":3074,"comment_status":"open","ping_status":"open","sticky":false,"template":"","format":"standard","meta":{"_jetpack_memberships_contains_paid_content":false,"footnotes":""},"categories":[7],"tags":[1699,397,98,1697],"class_list":["post-3073","post","type-post","status-publish","format-standard","has-post-thumbnail","hentry","category-politica","tag-acusa","tag-danilomedina","tag-elglobalinformativo","tag-endeudamiento"],"yoast_head":"<!-- This site is optimized with the Yoast SEO plugin v26.9 - https:\/\/yoast.com\/product\/yoast-seo-wordpress\/ -->\n<title>Danilo acusa al actual Gobierno de incrementar el\u00a0endeudamiento\u00a0del pa\u00eds - EL GLOBAL INFORMATIVO<\/title>\n<meta name=\"robots\" content=\"index, follow, max-snippet:-1, max-image-preview:large, max-video-preview:-1\" \/>\n<link rel=\"canonical\" href=\"https:\/\/elglobal.do\/index.php\/2025\/10\/13\/danilo-acusa-al-actual-gobierno-de-incrementar-el-endeudamiento-del-pais\/\" \/>\n<meta property=\"og:locale\" content=\"es_ES\" \/>\n<meta property=\"og:type\" content=\"article\" \/>\n<meta property=\"og:title\" content=\"Danilo acusa al actual Gobierno de incrementar el\u00a0endeudamiento\u00a0del pa\u00eds - EL GLOBAL INFORMATIVO\" \/>\n<meta property=\"og:description\" content=\"Danilo Medina respondi\u00f3 a Abinader, quien recientemente afirm\u00f3 que el 80% de los pr\u00e9stamos tomados por su gesti\u00f3n se han destinado al pago de deudas viejas&nbsp; Santiago. &#8211; El expresidente&hellip;\" \/>\n<meta property=\"og:url\" content=\"https:\/\/elglobal.do\/index.php\/2025\/10\/13\/danilo-acusa-al-actual-gobierno-de-incrementar-el-endeudamiento-del-pais\/\" \/>\n<meta property=\"og:site_name\" content=\"EL GLOBAL INFORMATIVO\" \/>\n<meta property=\"article:published_time\" content=\"2025-10-13T15:16:25+00:00\" \/>\n<meta property=\"article:modified_time\" content=\"2025-10-13T15:16:27+00:00\" \/>\n<meta property=\"og:image\" content=\"https:\/\/elglobal.do\/wp-content\/uploads\/2025\/10\/Danilo-Medina.jpeg\" \/>\n\t<meta property=\"og:image:width\" content=\"800\" \/>\n\t<meta property=\"og:image:height\" content=\"600\" \/>\n\t<meta property=\"og:image:type\" content=\"image\/jpeg\" \/>\n<meta name=\"author\" content=\"EL GLOBAL\" \/>\n<meta name=\"twitter:card\" content=\"summary_large_image\" \/>\n<meta name=\"twitter:label1\" content=\"Escrito por\" \/>\n\t<meta name=\"twitter:data1\" content=\"EL GLOBAL\" \/>\n\t<meta name=\"twitter:label2\" content=\"Tiempo de lectura\" \/>\n\t<meta name=\"twitter:data2\" content=\"4 minutos\" \/>\n<script type=\"application\/ld+json\" class=\"yoast-schema-graph\">{\"@context\":\"https:\/\/schema.org\",\"@graph\":[{\"@type\":\"Article\",\"@id\":\"https:\/\/elglobal.do\/index.php\/2025\/10\/13\/danilo-acusa-al-actual-gobierno-de-incrementar-el-endeudamiento-del-pais\/#article\",\"isPartOf\":{\"@id\":\"https:\/\/elglobal.do\/index.php\/2025\/10\/13\/danilo-acusa-al-actual-gobierno-de-incrementar-el-endeudamiento-del-pais\/\"},\"author\":{\"name\":\"EL GLOBAL\",\"@id\":\"https:\/\/elglobal.do\/#\/schema\/person\/0c97ec2c7714fb605d230c292f64d55f\"},\"headline\":\"Danilo acusa al actual Gobierno de incrementar el\u00a0endeudamiento\u00a0del pa\u00eds\",\"datePublished\":\"2025-10-13T15:16:25+00:00\",\"dateModified\":\"2025-10-13T15:16:27+00:00\",\"mainEntityOfPage\":{\"@id\":\"https:\/\/elglobal.do\/index.php\/2025\/10\/13\/danilo-acusa-al-actual-gobierno-de-incrementar-el-endeudamiento-del-pais\/\"},\"wordCount\":703,\"commentCount\":0,\"publisher\":{\"@id\":\"https:\/\/elglobal.do\/#organization\"},\"image\":{\"@id\":\"https:\/\/elglobal.do\/index.php\/2025\/10\/13\/danilo-acusa-al-actual-gobierno-de-incrementar-el-endeudamiento-del-pais\/#primaryimage\"},\"thumbnailUrl\":\"https:\/\/elglobal.do\/wp-content\/uploads\/2025\/10\/Danilo-Medina.jpeg\",\"keywords\":[\"#acusa\",\"#DaniloMedina\",\"#ElGlobalInformativo\",\"#Endeudamiento\"],\"articleSection\":[\"POL\u00cdTICA\"],\"inLanguage\":\"es\",\"potentialAction\":[{\"@type\":\"CommentAction\",\"name\":\"Comment\",\"target\":[\"https:\/\/elglobal.do\/index.php\/2025\/10\/13\/danilo-acusa-al-actual-gobierno-de-incrementar-el-endeudamiento-del-pais\/#respond\"]}]},{\"@type\":\"WebPage\",\"@id\":\"https:\/\/elglobal.do\/index.php\/2025\/10\/13\/danilo-acusa-al-actual-gobierno-de-incrementar-el-endeudamiento-del-pais\/\",\"url\":\"https:\/\/elglobal.do\/index.php\/2025\/10\/13\/danilo-acusa-al-actual-gobierno-de-incrementar-el-endeudamiento-del-pais\/\",\"name\":\"Danilo acusa al actual Gobierno de incrementar el\u00a0endeudamiento\u00a0del pa\u00eds - EL GLOBAL INFORMATIVO\",\"isPartOf\":{\"@id\":\"https:\/\/elglobal.do\/#website\"},\"primaryImageOfPage\":{\"@id\":\"https:\/\/elglobal.do\/index.php\/2025\/10\/13\/danilo-acusa-al-actual-gobierno-de-incrementar-el-endeudamiento-del-pais\/#primaryimage\"},\"image\":{\"@id\":\"https:\/\/elglobal.do\/index.php\/2025\/10\/13\/danilo-acusa-al-actual-gobierno-de-incrementar-el-endeudamiento-del-pais\/#primaryimage\"},\"thumbnailUrl\":\"https:\/\/elglobal.do\/wp-content\/uploads\/2025\/10\/Danilo-Medina.jpeg\",\"datePublished\":\"2025-10-13T15:16:25+00:00\",\"dateModified\":\"2025-10-13T15:16:27+00:00\",\"breadcrumb\":{\"@id\":\"https:\/\/elglobal.do\/index.php\/2025\/10\/13\/danilo-acusa-al-actual-gobierno-de-incrementar-el-endeudamiento-del-pais\/#breadcrumb\"},\"inLanguage\":\"es\",\"potentialAction\":[{\"@type\":\"ReadAction\",\"target\":[\"https:\/\/elglobal.do\/index.php\/2025\/10\/13\/danilo-acusa-al-actual-gobierno-de-incrementar-el-endeudamiento-del-pais\/\"]}]},{\"@type\":\"ImageObject\",\"inLanguage\":\"es\",\"@id\":\"https:\/\/elglobal.do\/index.php\/2025\/10\/13\/danilo-acusa-al-actual-gobierno-de-incrementar-el-endeudamiento-del-pais\/#primaryimage\",\"url\":\"https:\/\/elglobal.do\/wp-content\/uploads\/2025\/10\/Danilo-Medina.jpeg\",\"contentUrl\":\"https:\/\/elglobal.do\/wp-content\/uploads\/2025\/10\/Danilo-Medina.jpeg\",\"width\":800,\"height\":600},{\"@type\":\"BreadcrumbList\",\"@id\":\"https:\/\/elglobal.do\/index.php\/2025\/10\/13\/danilo-acusa-al-actual-gobierno-de-incrementar-el-endeudamiento-del-pais\/#breadcrumb\",\"itemListElement\":[{\"@type\":\"ListItem\",\"position\":1,\"name\":\"Portada\",\"item\":\"https:\/\/elglobal.do\/\"},{\"@type\":\"ListItem\",\"position\":2,\"name\":\"Danilo acusa al actual Gobierno de incrementar el\u00a0endeudamiento\u00a0del pa\u00eds\"}]},{\"@type\":\"WebSite\",\"@id\":\"https:\/\/elglobal.do\/#website\",\"url\":\"https:\/\/elglobal.do\/\",\"name\":\"EL GLOBAL INFORMATIVO\",\"description\":\"Peri\u00f3dico digital de la Rep\u00fablica Dominicana que ofrece noticias, novedades, pol\u00edtica y las \u00faltimas actualidades, con informaci\u00f3n veraz y oportuna para mantenerte siempre informad\",\"publisher\":{\"@id\":\"https:\/\/elglobal.do\/#organization\"},\"potentialAction\":[{\"@type\":\"SearchAction\",\"target\":{\"@type\":\"EntryPoint\",\"urlTemplate\":\"https:\/\/elglobal.do\/?s={search_term_string}\"},\"query-input\":{\"@type\":\"PropertyValueSpecification\",\"valueRequired\":true,\"valueName\":\"search_term_string\"}}],\"inLanguage\":\"es\"},{\"@type\":\"Organization\",\"@id\":\"https:\/\/elglobal.do\/#organization\",\"name\":\"EL GLOBAL.DO INFORMATIVO\",\"url\":\"https:\/\/elglobal.do\/\",\"logo\":{\"@type\":\"ImageObject\",\"inLanguage\":\"es\",\"@id\":\"https:\/\/elglobal.do\/#\/schema\/logo\/image\/\",\"url\":\"https:\/\/elglobal.do\/wp-content\/uploads\/2025\/08\/icon.png\",\"contentUrl\":\"https:\/\/elglobal.do\/wp-content\/uploads\/2025\/08\/icon.png\",\"width\":512,\"height\":512,\"caption\":\"EL GLOBAL.DO INFORMATIVO\"},\"image\":{\"@id\":\"https:\/\/elglobal.do\/#\/schema\/logo\/image\/\"}},{\"@type\":\"Person\",\"@id\":\"https:\/\/elglobal.do\/#\/schema\/person\/0c97ec2c7714fb605d230c292f64d55f\",\"name\":\"EL GLOBAL\",\"image\":{\"@type\":\"ImageObject\",\"inLanguage\":\"es\",\"@id\":\"https:\/\/elglobal.do\/#\/schema\/person\/image\/\",\"url\":\"https:\/\/secure.gravatar.com\/avatar\/081cfb6cf99faddc6f4e23a0c11ab98c5cf302925382d1c88dc3ed757ab910a3?s=96&d=mm&r=g\",\"contentUrl\":\"https:\/\/secure.gravatar.com\/avatar\/081cfb6cf99faddc6f4e23a0c11ab98c5cf302925382d1c88dc3ed757ab910a3?s=96&d=mm&r=g\",\"caption\":\"EL GLOBAL\"},\"description\":\"El Global Informativo es un peri\u00f3dico digital de Rep\u00fablica Dominicana que se dedica a cubrir temas importantes, como la pol\u00edtica local, geopol\u00edtica, econom\u00eda, tecnolog\u00eda, noticias internacionales y eventos relacionados con la gesti\u00f3n social, cultural y humana. Su objetivo principal es mantener a la poblaci\u00f3n informada, ofreciendo una visi\u00f3n amplia y actualizada de lo que sucede tanto en el pa\u00eds como en el mundo. Est\u00e1 dirigido por un grupo de periodistas experimentados, lo que garantiza la calidad y la precisi\u00f3n de la informaci\u00f3n que ofrecen. Tiene su sede en la ciudad de Santo Domingo y es parte integral del portafolio de la empresa, MC Global S.R.L.\",\"sameAs\":[\"https:\/\/elglobal.do\",\"https:\/\/www.instagram.com\/elglobal.do_informativo\/\"],\"url\":\"https:\/\/elglobal.do\/index.php\/author\/elglobaluserpro\/\"}]}<\/script>\n<!-- \/ Yoast SEO plugin. -->","yoast_head_json":{"title":"Danilo acusa al actual Gobierno de incrementar el\u00a0endeudamiento\u00a0del pa\u00eds - EL GLOBAL INFORMATIVO","robots":{"index":"index","follow":"follow","max-snippet":"max-snippet:-1","max-image-preview":"max-image-preview:large","max-video-preview":"max-video-preview:-1"},"canonical":"https:\/\/elglobal.do\/index.php\/2025\/10\/13\/danilo-acusa-al-actual-gobierno-de-incrementar-el-endeudamiento-del-pais\/","og_locale":"es_ES","og_type":"article","og_title":"Danilo acusa al actual Gobierno de incrementar el\u00a0endeudamiento\u00a0del pa\u00eds - EL GLOBAL INFORMATIVO","og_description":"Danilo Medina respondi\u00f3 a Abinader, quien recientemente afirm\u00f3 que el 80% de los pr\u00e9stamos tomados por su gesti\u00f3n se han destinado al pago de deudas viejas&nbsp; Santiago. &#8211; El expresidente&hellip;","og_url":"https:\/\/elglobal.do\/index.php\/2025\/10\/13\/danilo-acusa-al-actual-gobierno-de-incrementar-el-endeudamiento-del-pais\/","og_site_name":"EL GLOBAL INFORMATIVO","article_published_time":"2025-10-13T15:16:25+00:00","article_modified_time":"2025-10-13T15:16:27+00:00","og_image":[{"width":800,"height":600,"url":"https:\/\/elglobal.do\/wp-content\/uploads\/2025\/10\/Danilo-Medina.jpeg","type":"image\/jpeg"}],"author":"EL GLOBAL","twitter_card":"summary_large_image","twitter_misc":{"Escrito por":"EL GLOBAL","Tiempo de lectura":"4 minutos"},"schema":{"@context":"https:\/\/schema.org","@graph":[{"@type":"Article","@id":"https:\/\/elglobal.do\/index.php\/2025\/10\/13\/danilo-acusa-al-actual-gobierno-de-incrementar-el-endeudamiento-del-pais\/#article","isPartOf":{"@id":"https:\/\/elglobal.do\/index.php\/2025\/10\/13\/danilo-acusa-al-actual-gobierno-de-incrementar-el-endeudamiento-del-pais\/"},"author":{"name":"EL GLOBAL","@id":"https:\/\/elglobal.do\/#\/schema\/person\/0c97ec2c7714fb605d230c292f64d55f"},"headline":"Danilo acusa al actual Gobierno de incrementar el\u00a0endeudamiento\u00a0del pa\u00eds","datePublished":"2025-10-13T15:16:25+00:00","dateModified":"2025-10-13T15:16:27+00:00","mainEntityOfPage":{"@id":"https:\/\/elglobal.do\/index.php\/2025\/10\/13\/danilo-acusa-al-actual-gobierno-de-incrementar-el-endeudamiento-del-pais\/"},"wordCount":703,"commentCount":0,"publisher":{"@id":"https:\/\/elglobal.do\/#organization"},"image":{"@id":"https:\/\/elglobal.do\/index.php\/2025\/10\/13\/danilo-acusa-al-actual-gobierno-de-incrementar-el-endeudamiento-del-pais\/#primaryimage"},"thumbnailUrl":"https:\/\/elglobal.do\/wp-content\/uploads\/2025\/10\/Danilo-Medina.jpeg","keywords":["#acusa","#DaniloMedina","#ElGlobalInformativo","#Endeudamiento"],"articleSection":["POL\u00cdTICA"],"inLanguage":"es","potentialAction":[{"@type":"CommentAction","name":"Comment","target":["https:\/\/elglobal.do\/index.php\/2025\/10\/13\/danilo-acusa-al-actual-gobierno-de-incrementar-el-endeudamiento-del-pais\/#respond"]}]},{"@type":"WebPage","@id":"https:\/\/elglobal.do\/index.php\/2025\/10\/13\/danilo-acusa-al-actual-gobierno-de-incrementar-el-endeudamiento-del-pais\/","url":"https:\/\/elglobal.do\/index.php\/2025\/10\/13\/danilo-acusa-al-actual-gobierno-de-incrementar-el-endeudamiento-del-pais\/","name":"Danilo acusa al actual Gobierno de incrementar el\u00a0endeudamiento\u00a0del pa\u00eds - EL GLOBAL INFORMATIVO","isPartOf":{"@id":"https:\/\/elglobal.do\/#website"},"primaryImageOfPage":{"@id":"https:\/\/elglobal.do\/index.php\/2025\/10\/13\/danilo-acusa-al-actual-gobierno-de-incrementar-el-endeudamiento-del-pais\/#primaryimage"},"image":{"@id":"https:\/\/elglobal.do\/index.php\/2025\/10\/13\/danilo-acusa-al-actual-gobierno-de-incrementar-el-endeudamiento-del-pais\/#primaryimage"},"thumbnailUrl":"https:\/\/elglobal.do\/wp-content\/uploads\/2025\/10\/Danilo-Medina.jpeg","datePublished":"2025-10-13T15:16:25+00:00","dateModified":"2025-10-13T15:16:27+00:00","breadcrumb":{"@id":"https:\/\/elglobal.do\/index.php\/2025\/10\/13\/danilo-acusa-al-actual-gobierno-de-incrementar-el-endeudamiento-del-pais\/#breadcrumb"},"inLanguage":"es","potentialAction":[{"@type":"ReadAction","target":["https:\/\/elglobal.do\/index.php\/2025\/10\/13\/danilo-acusa-al-actual-gobierno-de-incrementar-el-endeudamiento-del-pais\/"]}]},{"@type":"ImageObject","inLanguage":"es","@id":"https:\/\/elglobal.do\/index.php\/2025\/10\/13\/danilo-acusa-al-actual-gobierno-de-incrementar-el-endeudamiento-del-pais\/#primaryimage","url":"https:\/\/elglobal.do\/wp-content\/uploads\/2025\/10\/Danilo-Medina.jpeg","contentUrl":"https:\/\/elglobal.do\/wp-content\/uploads\/2025\/10\/Danilo-Medina.jpeg","width":800,"height":600},{"@type":"BreadcrumbList","@id":"https:\/\/elglobal.do\/index.php\/2025\/10\/13\/danilo-acusa-al-actual-gobierno-de-incrementar-el-endeudamiento-del-pais\/#breadcrumb","itemListElement":[{"@type":"ListItem","position":1,"name":"Portada","item":"https:\/\/elglobal.do\/"},{"@type":"ListItem","position":2,"name":"Danilo acusa al actual Gobierno de incrementar el\u00a0endeudamiento\u00a0del pa\u00eds"}]},{"@type":"WebSite","@id":"https:\/\/elglobal.do\/#website","url":"https:\/\/elglobal.do\/","name":"EL GLOBAL INFORMATIVO","description":"Peri\u00f3dico digital de la Rep\u00fablica Dominicana que ofrece noticias, novedades, pol\u00edtica y las \u00faltimas actualidades, con informaci\u00f3n veraz y oportuna para mantenerte siempre informad","publisher":{"@id":"https:\/\/elglobal.do\/#organization"},"potentialAction":[{"@type":"SearchAction","target":{"@type":"EntryPoint","urlTemplate":"https:\/\/elglobal.do\/?s={search_term_string}"},"query-input":{"@type":"PropertyValueSpecification","valueRequired":true,"valueName":"search_term_string"}}],"inLanguage":"es"},{"@type":"Organization","@id":"https:\/\/elglobal.do\/#organization","name":"EL GLOBAL.DO INFORMATIVO","url":"https:\/\/elglobal.do\/","logo":{"@type":"ImageObject","inLanguage":"es","@id":"https:\/\/elglobal.do\/#\/schema\/logo\/image\/","url":"https:\/\/elglobal.do\/wp-content\/uploads\/2025\/08\/icon.png","contentUrl":"https:\/\/elglobal.do\/wp-content\/uploads\/2025\/08\/icon.png","width":512,"height":512,"caption":"EL GLOBAL.DO INFORMATIVO"},"image":{"@id":"https:\/\/elglobal.do\/#\/schema\/logo\/image\/"}},{"@type":"Person","@id":"https:\/\/elglobal.do\/#\/schema\/person\/0c97ec2c7714fb605d230c292f64d55f","name":"EL GLOBAL","image":{"@type":"ImageObject","inLanguage":"es","@id":"https:\/\/elglobal.do\/#\/schema\/person\/image\/","url":"https:\/\/secure.gravatar.com\/avatar\/081cfb6cf99faddc6f4e23a0c11ab98c5cf302925382d1c88dc3ed757ab910a3?s=96&d=mm&r=g","contentUrl":"https:\/\/secure.gravatar.com\/avatar\/081cfb6cf99faddc6f4e23a0c11ab98c5cf302925382d1c88dc3ed757ab910a3?s=96&d=mm&r=g","caption":"EL GLOBAL"},"description":"El Global Informativo es un peri\u00f3dico digital de Rep\u00fablica Dominicana que se dedica a cubrir temas importantes, como la pol\u00edtica local, geopol\u00edtica, econom\u00eda, tecnolog\u00eda, noticias internacionales y eventos relacionados con la gesti\u00f3n social, cultural y humana. Su objetivo principal es mantener a la poblaci\u00f3n informada, ofreciendo una visi\u00f3n amplia y actualizada de lo que sucede tanto en el pa\u00eds como en el mundo. Est\u00e1 dirigido por un grupo de periodistas experimentados, lo que garantiza la calidad y la precisi\u00f3n de la informaci\u00f3n que ofrecen. Tiene su sede en la ciudad de Santo Domingo y es parte integral del portafolio de la empresa, MC Global S.R.L.","sameAs":["https:\/\/elglobal.do","https:\/\/www.instagram.com\/elglobal.do_informativo\/"],"url":"https:\/\/elglobal.do\/index.php\/author\/elglobaluserpro\/"}]}},"jetpack_featured_media_url":"https:\/\/elglobal.do\/wp-content\/uploads\/2025\/10\/Danilo-Medina.jpeg","jetpack_sharing_enabled":true,"_links":{"self":[{"href":"https:\/\/elglobal.do\/index.php\/wp-json\/wp\/v2\/posts\/3073","targetHints":{"allow":["GET"]}}],"collection":[{"href":"https:\/\/elglobal.do\/index.php\/wp-json\/wp\/v2\/posts"}],"about":[{"href":"https:\/\/elglobal.do\/index.php\/wp-json\/wp\/v2\/types\/post"}],"author":[{"embeddable":true,"href":"https:\/\/elglobal.do\/index.php\/wp-json\/wp\/v2\/users\/1"}],"replies":[{"embeddable":true,"href":"https:\/\/elglobal.do\/index.php\/wp-json\/wp\/v2\/comments?post=3073"}],"version-history":[{"count":1,"href":"https:\/\/elglobal.do\/index.php\/wp-json\/wp\/v2\/posts\/3073\/revisions"}],"predecessor-version":[{"id":3078,"href":"https:\/\/elglobal.do\/index.php\/wp-json\/wp\/v2\/posts\/3073\/revisions\/3078"}],"wp:featuredmedia":[{"embeddable":true,"href":"https:\/\/elglobal.do\/index.php\/wp-json\/wp\/v2\/media\/3074"}],"wp:attachment":[{"href":"https:\/\/elglobal.do\/index.php\/wp-json\/wp\/v2\/media?parent=3073"}],"wp:term":[{"taxonomy":"category","embeddable":true,"href":"https:\/\/elglobal.do\/index.php\/wp-json\/wp\/v2\/categories?post=3073"},{"taxonomy":"post_tag","embeddable":true,"href":"https:\/\/elglobal.do\/index.php\/wp-json\/wp\/v2\/tags?post=3073"}],"curies":[{"name":"wp","href":"https:\/\/api.w.org\/{rel}","templated":true}]}}