{"id":3085,"date":"2025-10-13T11:35:18","date_gmt":"2025-10-13T15:35:18","guid":{"rendered":"https:\/\/elglobal.do\/?p=3085"},"modified":"2025-10-13T11:35:21","modified_gmt":"2025-10-13T15:35:21","slug":"republica-dominicana-mostrara-su-modelo-de-educacion-superior-integrada-en-caei-2025-en-costa-rica","status":"publish","type":"post","link":"https:\/\/elglobal.do\/index.php\/2025\/10\/13\/republica-dominicana-mostrara-su-modelo-de-educacion-superior-integrada-en-caei-2025-en-costa-rica\/","title":{"rendered":"Rep\u00fablica Dominicana mostrar\u00e1 su modelo de educaci\u00f3n superior integrada en CAEI 2025 en Costa Rica"},"content":{"rendered":"\n<figure class=\"wp-block-image size-large\"><img loading=\"lazy\" decoding=\"async\" width=\"1024\" height=\"682\" src=\"https:\/\/elglobal.do\/wp-content\/uploads\/2025\/10\/Superior-1024x682.jpeg\" alt=\"\" class=\"wp-image-3088\" srcset=\"https:\/\/elglobal.do\/wp-content\/uploads\/2025\/10\/Superior-1024x682.jpeg 1024w, https:\/\/elglobal.do\/wp-content\/uploads\/2025\/10\/Superior-300x200.jpeg 300w, https:\/\/elglobal.do\/wp-content\/uploads\/2025\/10\/Superior-768x512.jpeg 768w, https:\/\/elglobal.do\/wp-content\/uploads\/2025\/10\/Superior.jpeg 1280w\" sizes=\"auto, (max-width: 1024px) 100vw, 1024px\" \/><\/figure>\n\n\n\n<p><strong>Santo Domingo. \u2013<\/strong> La Rep\u00fablica Dominicana participar\u00e1 por primera vez con un stand pa\u00eds en el Congreso de las Am\u00e9ricas sobre Educaci\u00f3n Internacional (CAEI 2025), a celebrarse en Costa Rica bajo el lema \u201cTransformando conocimiento en desarrollo\u201d.<\/p>\n\n\n\n<p>El Ministerio de Educaci\u00f3n Superior, Ciencia y Tecnolog\u00eda (MESCyT) encabezar\u00e1 la delegaci\u00f3n nacional, en conjunto con las principales asociaciones universitarias del pa\u00eds, para presentar los avances del modelo dominicano de educaci\u00f3n superior integrada, enfocado en la innovaci\u00f3n, la sostenibilidad y la cooperaci\u00f3n internacional.<\/p>\n\n\n\n<p>En representaci\u00f3n del ministro del MESCyT, doctor Franklin Garc\u00eda Ferm\u00edn, Paula Disla, viceministra de Relaciones Internacionales, destac\u00f3 que esta participaci\u00f3n representa un esfuerzo sin precedentes: \u201cLa Rep\u00fablica Dominicana presenta al mundo su sistema de educaci\u00f3n superior integrado, bajo una visi\u00f3n com\u00fan de desarrollo. La internacionalizaci\u00f3n es hoy una pol\u00edtica de Estado que fortalece nuestro liderazgo educativo en las Am\u00e9ricas\u201d, dijo.<\/p>\n\n\n\n<p>De su lado, el embajador Dr. Jos\u00e9 Rafael Espaillat, vicepresidente Regional del Caribe de la Organizaci\u00f3n Universitaria Interamericana (OUI), en la Rep\u00fablica Dominicana, resalt\u00f3 que el pa\u00eds \u201cno solo asiste al CAEI 2025, sino que se presenta como un bloque articulado, con la determinaci\u00f3n de posicionarse como referente educativo y aliado estrat\u00e9gico en la regi\u00f3n\u201d.<\/p>\n\n\n\n<p>El CAEI 2025 es el principal encuentro de internacionalizaci\u00f3n de la educaci\u00f3n superior en el continente americano, que re\u00fane a autoridades, acad\u00e9micos, investigadores y organismos internacionales para analizar las tendencias y estrategias que vinculan el conocimiento con el desarrollo sostenible e inclusivo.<\/p>\n\n\n\n<p>La participaci\u00f3n dominicana con un stand pa\u00eds marca un hito hist\u00f3rico para la educaci\u00f3n superior nacional, al fortalecer la proyecci\u00f3n internacional del sistema universitario, los lazos acad\u00e9micos regionales y la consolidaci\u00f3n del pa\u00eds como destino acad\u00e9mico de excelencia en el Caribe y Am\u00e9rica Latina.<\/p>\n\n\n\n<p>La delegaci\u00f3n dominicana estar\u00e1 integrada por 30 representantes del sector de educaci\u00f3n superior, incluyendo al MESCyT y a las asociaciones ADRU, AUPRI, ADOU, ARCA, ASIES y ADUCA, adem\u00e1s de reconocidas instituciones como PUCMM, UNIBE, ITLA, UNPHU, UCE, ISA, UNAPEC, UAPA, UNEFA, UNICARIBE, ITSC, ISFODOSU, INESDYC y UTESA.<\/p>\n\n\n\n<p><\/p>\n","protected":false},"excerpt":{"rendered":"<p>Santo Domingo. \u2013 La Rep\u00fablica Dominicana participar\u00e1 por primera vez con un stand pa\u00eds en el Congreso de las Am\u00e9ricas sobre Educaci\u00f3n Internacional (CAEI 2025), a celebrarse en Costa Rica&hellip; <\/p>\n","protected":false},"author":1,"featured_media":3088,"comment_status":"open","ping_status":"open","sticky":false,"template":"","format":"standard","meta":{"_jetpack_memberships_contains_paid_content":false,"footnotes":""},"categories":[119,14],"tags":[1706,1357,838,98,1297,1705],"class_list":["post-3085","post","type-post","status-publish","format-standard","has-post-thumbnail","hentry","category-educacion","category-slider","tag-caei2025","tag-costarica","tag-educacionsuperior","tag-elglobalinformativo","tag-mescyt","tag-modelo"],"yoast_head":"<!-- This site is optimized with the Yoast SEO plugin v26.9 - https:\/\/yoast.com\/product\/yoast-seo-wordpress\/ -->\n<title>Rep\u00fablica Dominicana mostrar\u00e1 su modelo de educaci\u00f3n superior integrada en CAEI 2025 en Costa Rica - EL GLOBAL INFORMATIVO<\/title>\n<meta name=\"robots\" content=\"index, follow, max-snippet:-1, max-image-preview:large, max-video-preview:-1\" \/>\n<link rel=\"canonical\" href=\"https:\/\/elglobal.do\/index.php\/2025\/10\/13\/republica-dominicana-mostrara-su-modelo-de-educacion-superior-integrada-en-caei-2025-en-costa-rica\/\" \/>\n<meta property=\"og:locale\" content=\"es_ES\" \/>\n<meta property=\"og:type\" content=\"article\" \/>\n<meta property=\"og:title\" content=\"Rep\u00fablica Dominicana mostrar\u00e1 su modelo de educaci\u00f3n superior integrada en CAEI 2025 en Costa Rica - EL GLOBAL INFORMATIVO\" \/>\n<meta property=\"og:description\" content=\"Santo Domingo. \u2013 La Rep\u00fablica Dominicana participar\u00e1 por primera vez con un stand pa\u00eds en el Congreso de las Am\u00e9ricas sobre Educaci\u00f3n Internacional (CAEI 2025), a celebrarse en Costa Rica&hellip;\" \/>\n<meta property=\"og:url\" content=\"https:\/\/elglobal.do\/index.php\/2025\/10\/13\/republica-dominicana-mostrara-su-modelo-de-educacion-superior-integrada-en-caei-2025-en-costa-rica\/\" \/>\n<meta property=\"og:site_name\" content=\"EL GLOBAL INFORMATIVO\" \/>\n<meta property=\"article:published_time\" content=\"2025-10-13T15:35:18+00:00\" \/>\n<meta property=\"article:modified_time\" content=\"2025-10-13T15:35:21+00:00\" \/>\n<meta property=\"og:image\" content=\"https:\/\/elglobal.do\/wp-content\/uploads\/2025\/10\/Superior.jpeg\" \/>\n\t<meta property=\"og:image:width\" content=\"1280\" \/>\n\t<meta property=\"og:image:height\" content=\"853\" \/>\n\t<meta property=\"og:image:type\" content=\"image\/jpeg\" \/>\n<meta name=\"author\" content=\"EL GLOBAL\" \/>\n<meta name=\"twitter:card\" content=\"summary_large_image\" \/>\n<meta name=\"twitter:label1\" content=\"Escrito por\" \/>\n\t<meta name=\"twitter:data1\" content=\"EL GLOBAL\" \/>\n\t<meta name=\"twitter:label2\" content=\"Tiempo de lectura\" \/>\n\t<meta name=\"twitter:data2\" content=\"2 minutos\" \/>\n<script type=\"application\/ld+json\" class=\"yoast-schema-graph\">{\"@context\":\"https:\/\/schema.org\",\"@graph\":[{\"@type\":\"Article\",\"@id\":\"https:\/\/elglobal.do\/index.php\/2025\/10\/13\/republica-dominicana-mostrara-su-modelo-de-educacion-superior-integrada-en-caei-2025-en-costa-rica\/#article\",\"isPartOf\":{\"@id\":\"https:\/\/elglobal.do\/index.php\/2025\/10\/13\/republica-dominicana-mostrara-su-modelo-de-educacion-superior-integrada-en-caei-2025-en-costa-rica\/\"},\"author\":{\"name\":\"EL GLOBAL\",\"@id\":\"https:\/\/elglobal.do\/#\/schema\/person\/0c97ec2c7714fb605d230c292f64d55f\"},\"headline\":\"Rep\u00fablica Dominicana mostrar\u00e1 su modelo de educaci\u00f3n superior integrada en CAEI 2025 en Costa Rica\",\"datePublished\":\"2025-10-13T15:35:18+00:00\",\"dateModified\":\"2025-10-13T15:35:21+00:00\",\"mainEntityOfPage\":{\"@id\":\"https:\/\/elglobal.do\/index.php\/2025\/10\/13\/republica-dominicana-mostrara-su-modelo-de-educacion-superior-integrada-en-caei-2025-en-costa-rica\/\"},\"wordCount\":384,\"commentCount\":0,\"publisher\":{\"@id\":\"https:\/\/elglobal.do\/#organization\"},\"image\":{\"@id\":\"https:\/\/elglobal.do\/index.php\/2025\/10\/13\/republica-dominicana-mostrara-su-modelo-de-educacion-superior-integrada-en-caei-2025-en-costa-rica\/#primaryimage\"},\"thumbnailUrl\":\"https:\/\/elglobal.do\/wp-content\/uploads\/2025\/10\/Superior.jpeg\",\"keywords\":[\"#CAEI2025\",\"#CostaRica\",\"#Educaci\u00f3nSuperior\",\"#ElGlobalInformativo\",\"#MESCyT\",\"#modelo\"],\"articleSection\":[\"EDUCACI\u00d3N\",\"NOTICIAS RELEVANTES\"],\"inLanguage\":\"es\",\"potentialAction\":[{\"@type\":\"CommentAction\",\"name\":\"Comment\",\"target\":[\"https:\/\/elglobal.do\/index.php\/2025\/10\/13\/republica-dominicana-mostrara-su-modelo-de-educacion-superior-integrada-en-caei-2025-en-costa-rica\/#respond\"]}]},{\"@type\":\"WebPage\",\"@id\":\"https:\/\/elglobal.do\/index.php\/2025\/10\/13\/republica-dominicana-mostrara-su-modelo-de-educacion-superior-integrada-en-caei-2025-en-costa-rica\/\",\"url\":\"https:\/\/elglobal.do\/index.php\/2025\/10\/13\/republica-dominicana-mostrara-su-modelo-de-educacion-superior-integrada-en-caei-2025-en-costa-rica\/\",\"name\":\"Rep\u00fablica Dominicana mostrar\u00e1 su modelo de educaci\u00f3n superior integrada en CAEI 2025 en Costa Rica - EL GLOBAL INFORMATIVO\",\"isPartOf\":{\"@id\":\"https:\/\/elglobal.do\/#website\"},\"primaryImageOfPage\":{\"@id\":\"https:\/\/elglobal.do\/index.php\/2025\/10\/13\/republica-dominicana-mostrara-su-modelo-de-educacion-superior-integrada-en-caei-2025-en-costa-rica\/#primaryimage\"},\"image\":{\"@id\":\"https:\/\/elglobal.do\/index.php\/2025\/10\/13\/republica-dominicana-mostrara-su-modelo-de-educacion-superior-integrada-en-caei-2025-en-costa-rica\/#primaryimage\"},\"thumbnailUrl\":\"https:\/\/elglobal.do\/wp-content\/uploads\/2025\/10\/Superior.jpeg\",\"datePublished\":\"2025-10-13T15:35:18+00:00\",\"dateModified\":\"2025-10-13T15:35:21+00:00\",\"breadcrumb\":{\"@id\":\"https:\/\/elglobal.do\/index.php\/2025\/10\/13\/republica-dominicana-mostrara-su-modelo-de-educacion-superior-integrada-en-caei-2025-en-costa-rica\/#breadcrumb\"},\"inLanguage\":\"es\",\"potentialAction\":[{\"@type\":\"ReadAction\",\"target\":[\"https:\/\/elglobal.do\/index.php\/2025\/10\/13\/republica-dominicana-mostrara-su-modelo-de-educacion-superior-integrada-en-caei-2025-en-costa-rica\/\"]}]},{\"@type\":\"ImageObject\",\"inLanguage\":\"es\",\"@id\":\"https:\/\/elglobal.do\/index.php\/2025\/10\/13\/republica-dominicana-mostrara-su-modelo-de-educacion-superior-integrada-en-caei-2025-en-costa-rica\/#primaryimage\",\"url\":\"https:\/\/elglobal.do\/wp-content\/uploads\/2025\/10\/Superior.jpeg\",\"contentUrl\":\"https:\/\/elglobal.do\/wp-content\/uploads\/2025\/10\/Superior.jpeg\",\"width\":1280,\"height\":853},{\"@type\":\"BreadcrumbList\",\"@id\":\"https:\/\/elglobal.do\/index.php\/2025\/10\/13\/republica-dominicana-mostrara-su-modelo-de-educacion-superior-integrada-en-caei-2025-en-costa-rica\/#breadcrumb\",\"itemListElement\":[{\"@type\":\"ListItem\",\"position\":1,\"name\":\"Portada\",\"item\":\"https:\/\/elglobal.do\/\"},{\"@type\":\"ListItem\",\"position\":2,\"name\":\"Rep\u00fablica Dominicana mostrar\u00e1 su modelo de educaci\u00f3n superior integrada en CAEI 2025 en Costa Rica\"}]},{\"@type\":\"WebSite\",\"@id\":\"https:\/\/elglobal.do\/#website\",\"url\":\"https:\/\/elglobal.do\/\",\"name\":\"EL GLOBAL INFORMATIVO\",\"description\":\"Peri\u00f3dico digital de la Rep\u00fablica Dominicana que ofrece noticias, novedades, pol\u00edtica y las \u00faltimas actualidades, con informaci\u00f3n veraz y oportuna para mantenerte siempre informad\",\"publisher\":{\"@id\":\"https:\/\/elglobal.do\/#organization\"},\"potentialAction\":[{\"@type\":\"SearchAction\",\"target\":{\"@type\":\"EntryPoint\",\"urlTemplate\":\"https:\/\/elglobal.do\/?s={search_term_string}\"},\"query-input\":{\"@type\":\"PropertyValueSpecification\",\"valueRequired\":true,\"valueName\":\"search_term_string\"}}],\"inLanguage\":\"es\"},{\"@type\":\"Organization\",\"@id\":\"https:\/\/elglobal.do\/#organization\",\"name\":\"EL GLOBAL.DO INFORMATIVO\",\"url\":\"https:\/\/elglobal.do\/\",\"logo\":{\"@type\":\"ImageObject\",\"inLanguage\":\"es\",\"@id\":\"https:\/\/elglobal.do\/#\/schema\/logo\/image\/\",\"url\":\"https:\/\/elglobal.do\/wp-content\/uploads\/2025\/08\/icon.png\",\"contentUrl\":\"https:\/\/elglobal.do\/wp-content\/uploads\/2025\/08\/icon.png\",\"width\":512,\"height\":512,\"caption\":\"EL GLOBAL.DO INFORMATIVO\"},\"image\":{\"@id\":\"https:\/\/elglobal.do\/#\/schema\/logo\/image\/\"}},{\"@type\":\"Person\",\"@id\":\"https:\/\/elglobal.do\/#\/schema\/person\/0c97ec2c7714fb605d230c292f64d55f\",\"name\":\"EL GLOBAL\",\"image\":{\"@type\":\"ImageObject\",\"inLanguage\":\"es\",\"@id\":\"https:\/\/elglobal.do\/#\/schema\/person\/image\/\",\"url\":\"https:\/\/secure.gravatar.com\/avatar\/081cfb6cf99faddc6f4e23a0c11ab98c5cf302925382d1c88dc3ed757ab910a3?s=96&d=mm&r=g\",\"contentUrl\":\"https:\/\/secure.gravatar.com\/avatar\/081cfb6cf99faddc6f4e23a0c11ab98c5cf302925382d1c88dc3ed757ab910a3?s=96&d=mm&r=g\",\"caption\":\"EL GLOBAL\"},\"description\":\"El Global Informativo es un peri\u00f3dico digital de Rep\u00fablica Dominicana que se dedica a cubrir temas importantes, como la pol\u00edtica local, geopol\u00edtica, econom\u00eda, tecnolog\u00eda, noticias internacionales y eventos relacionados con la gesti\u00f3n social, cultural y humana. Su objetivo principal es mantener a la poblaci\u00f3n informada, ofreciendo una visi\u00f3n amplia y actualizada de lo que sucede tanto en el pa\u00eds como en el mundo. Est\u00e1 dirigido por un grupo de periodistas experimentados, lo que garantiza la calidad y la precisi\u00f3n de la informaci\u00f3n que ofrecen. Tiene su sede en la ciudad de Santo Domingo y es parte integral del portafolio de la empresa, MC Global S.R.L.\",\"sameAs\":[\"https:\/\/elglobal.do\",\"https:\/\/www.instagram.com\/elglobal.do_informativo\/\"],\"url\":\"https:\/\/elglobal.do\/index.php\/author\/elglobaluserpro\/\"}]}<\/script>\n<!-- \/ Yoast SEO plugin. -->","yoast_head_json":{"title":"Rep\u00fablica Dominicana mostrar\u00e1 su modelo de educaci\u00f3n superior integrada en CAEI 2025 en Costa Rica - EL GLOBAL INFORMATIVO","robots":{"index":"index","follow":"follow","max-snippet":"max-snippet:-1","max-image-preview":"max-image-preview:large","max-video-preview":"max-video-preview:-1"},"canonical":"https:\/\/elglobal.do\/index.php\/2025\/10\/13\/republica-dominicana-mostrara-su-modelo-de-educacion-superior-integrada-en-caei-2025-en-costa-rica\/","og_locale":"es_ES","og_type":"article","og_title":"Rep\u00fablica Dominicana mostrar\u00e1 su modelo de educaci\u00f3n superior integrada en CAEI 2025 en Costa Rica - EL GLOBAL INFORMATIVO","og_description":"Santo Domingo. \u2013 La Rep\u00fablica Dominicana participar\u00e1 por primera vez con un stand pa\u00eds en el Congreso de las Am\u00e9ricas sobre Educaci\u00f3n Internacional (CAEI 2025), a celebrarse en Costa Rica&hellip;","og_url":"https:\/\/elglobal.do\/index.php\/2025\/10\/13\/republica-dominicana-mostrara-su-modelo-de-educacion-superior-integrada-en-caei-2025-en-costa-rica\/","og_site_name":"EL GLOBAL INFORMATIVO","article_published_time":"2025-10-13T15:35:18+00:00","article_modified_time":"2025-10-13T15:35:21+00:00","og_image":[{"width":1280,"height":853,"url":"https:\/\/elglobal.do\/wp-content\/uploads\/2025\/10\/Superior.jpeg","type":"image\/jpeg"}],"author":"EL GLOBAL","twitter_card":"summary_large_image","twitter_misc":{"Escrito por":"EL GLOBAL","Tiempo de lectura":"2 minutos"},"schema":{"@context":"https:\/\/schema.org","@graph":[{"@type":"Article","@id":"https:\/\/elglobal.do\/index.php\/2025\/10\/13\/republica-dominicana-mostrara-su-modelo-de-educacion-superior-integrada-en-caei-2025-en-costa-rica\/#article","isPartOf":{"@id":"https:\/\/elglobal.do\/index.php\/2025\/10\/13\/republica-dominicana-mostrara-su-modelo-de-educacion-superior-integrada-en-caei-2025-en-costa-rica\/"},"author":{"name":"EL GLOBAL","@id":"https:\/\/elglobal.do\/#\/schema\/person\/0c97ec2c7714fb605d230c292f64d55f"},"headline":"Rep\u00fablica Dominicana mostrar\u00e1 su modelo de educaci\u00f3n superior integrada en CAEI 2025 en Costa Rica","datePublished":"2025-10-13T15:35:18+00:00","dateModified":"2025-10-13T15:35:21+00:00","mainEntityOfPage":{"@id":"https:\/\/elglobal.do\/index.php\/2025\/10\/13\/republica-dominicana-mostrara-su-modelo-de-educacion-superior-integrada-en-caei-2025-en-costa-rica\/"},"wordCount":384,"commentCount":0,"publisher":{"@id":"https:\/\/elglobal.do\/#organization"},"image":{"@id":"https:\/\/elglobal.do\/index.php\/2025\/10\/13\/republica-dominicana-mostrara-su-modelo-de-educacion-superior-integrada-en-caei-2025-en-costa-rica\/#primaryimage"},"thumbnailUrl":"https:\/\/elglobal.do\/wp-content\/uploads\/2025\/10\/Superior.jpeg","keywords":["#CAEI2025","#CostaRica","#Educaci\u00f3nSuperior","#ElGlobalInformativo","#MESCyT","#modelo"],"articleSection":["EDUCACI\u00d3N","NOTICIAS RELEVANTES"],"inLanguage":"es","potentialAction":[{"@type":"CommentAction","name":"Comment","target":["https:\/\/elglobal.do\/index.php\/2025\/10\/13\/republica-dominicana-mostrara-su-modelo-de-educacion-superior-integrada-en-caei-2025-en-costa-rica\/#respond"]}]},{"@type":"WebPage","@id":"https:\/\/elglobal.do\/index.php\/2025\/10\/13\/republica-dominicana-mostrara-su-modelo-de-educacion-superior-integrada-en-caei-2025-en-costa-rica\/","url":"https:\/\/elglobal.do\/index.php\/2025\/10\/13\/republica-dominicana-mostrara-su-modelo-de-educacion-superior-integrada-en-caei-2025-en-costa-rica\/","name":"Rep\u00fablica Dominicana mostrar\u00e1 su modelo de educaci\u00f3n superior integrada en CAEI 2025 en Costa Rica - EL GLOBAL INFORMATIVO","isPartOf":{"@id":"https:\/\/elglobal.do\/#website"},"primaryImageOfPage":{"@id":"https:\/\/elglobal.do\/index.php\/2025\/10\/13\/republica-dominicana-mostrara-su-modelo-de-educacion-superior-integrada-en-caei-2025-en-costa-rica\/#primaryimage"},"image":{"@id":"https:\/\/elglobal.do\/index.php\/2025\/10\/13\/republica-dominicana-mostrara-su-modelo-de-educacion-superior-integrada-en-caei-2025-en-costa-rica\/#primaryimage"},"thumbnailUrl":"https:\/\/elglobal.do\/wp-content\/uploads\/2025\/10\/Superior.jpeg","datePublished":"2025-10-13T15:35:18+00:00","dateModified":"2025-10-13T15:35:21+00:00","breadcrumb":{"@id":"https:\/\/elglobal.do\/index.php\/2025\/10\/13\/republica-dominicana-mostrara-su-modelo-de-educacion-superior-integrada-en-caei-2025-en-costa-rica\/#breadcrumb"},"inLanguage":"es","potentialAction":[{"@type":"ReadAction","target":["https:\/\/elglobal.do\/index.php\/2025\/10\/13\/republica-dominicana-mostrara-su-modelo-de-educacion-superior-integrada-en-caei-2025-en-costa-rica\/"]}]},{"@type":"ImageObject","inLanguage":"es","@id":"https:\/\/elglobal.do\/index.php\/2025\/10\/13\/republica-dominicana-mostrara-su-modelo-de-educacion-superior-integrada-en-caei-2025-en-costa-rica\/#primaryimage","url":"https:\/\/elglobal.do\/wp-content\/uploads\/2025\/10\/Superior.jpeg","contentUrl":"https:\/\/elglobal.do\/wp-content\/uploads\/2025\/10\/Superior.jpeg","width":1280,"height":853},{"@type":"BreadcrumbList","@id":"https:\/\/elglobal.do\/index.php\/2025\/10\/13\/republica-dominicana-mostrara-su-modelo-de-educacion-superior-integrada-en-caei-2025-en-costa-rica\/#breadcrumb","itemListElement":[{"@type":"ListItem","position":1,"name":"Portada","item":"https:\/\/elglobal.do\/"},{"@type":"ListItem","position":2,"name":"Rep\u00fablica Dominicana mostrar\u00e1 su modelo de educaci\u00f3n superior integrada en CAEI 2025 en Costa Rica"}]},{"@type":"WebSite","@id":"https:\/\/elglobal.do\/#website","url":"https:\/\/elglobal.do\/","name":"EL GLOBAL INFORMATIVO","description":"Peri\u00f3dico digital de la Rep\u00fablica Dominicana que ofrece noticias, novedades, pol\u00edtica y las \u00faltimas actualidades, con informaci\u00f3n veraz y oportuna para mantenerte siempre informad","publisher":{"@id":"https:\/\/elglobal.do\/#organization"},"potentialAction":[{"@type":"SearchAction","target":{"@type":"EntryPoint","urlTemplate":"https:\/\/elglobal.do\/?s={search_term_string}"},"query-input":{"@type":"PropertyValueSpecification","valueRequired":true,"valueName":"search_term_string"}}],"inLanguage":"es"},{"@type":"Organization","@id":"https:\/\/elglobal.do\/#organization","name":"EL GLOBAL.DO INFORMATIVO","url":"https:\/\/elglobal.do\/","logo":{"@type":"ImageObject","inLanguage":"es","@id":"https:\/\/elglobal.do\/#\/schema\/logo\/image\/","url":"https:\/\/elglobal.do\/wp-content\/uploads\/2025\/08\/icon.png","contentUrl":"https:\/\/elglobal.do\/wp-content\/uploads\/2025\/08\/icon.png","width":512,"height":512,"caption":"EL GLOBAL.DO INFORMATIVO"},"image":{"@id":"https:\/\/elglobal.do\/#\/schema\/logo\/image\/"}},{"@type":"Person","@id":"https:\/\/elglobal.do\/#\/schema\/person\/0c97ec2c7714fb605d230c292f64d55f","name":"EL GLOBAL","image":{"@type":"ImageObject","inLanguage":"es","@id":"https:\/\/elglobal.do\/#\/schema\/person\/image\/","url":"https:\/\/secure.gravatar.com\/avatar\/081cfb6cf99faddc6f4e23a0c11ab98c5cf302925382d1c88dc3ed757ab910a3?s=96&d=mm&r=g","contentUrl":"https:\/\/secure.gravatar.com\/avatar\/081cfb6cf99faddc6f4e23a0c11ab98c5cf302925382d1c88dc3ed757ab910a3?s=96&d=mm&r=g","caption":"EL GLOBAL"},"description":"El Global Informativo es un peri\u00f3dico digital de Rep\u00fablica Dominicana que se dedica a cubrir temas importantes, como la pol\u00edtica local, geopol\u00edtica, econom\u00eda, tecnolog\u00eda, noticias internacionales y eventos relacionados con la gesti\u00f3n social, cultural y humana. Su objetivo principal es mantener a la poblaci\u00f3n informada, ofreciendo una visi\u00f3n amplia y actualizada de lo que sucede tanto en el pa\u00eds como en el mundo. Est\u00e1 dirigido por un grupo de periodistas experimentados, lo que garantiza la calidad y la precisi\u00f3n de la informaci\u00f3n que ofrecen. Tiene su sede en la ciudad de Santo Domingo y es parte integral del portafolio de la empresa, MC Global S.R.L.","sameAs":["https:\/\/elglobal.do","https:\/\/www.instagram.com\/elglobal.do_informativo\/"],"url":"https:\/\/elglobal.do\/index.php\/author\/elglobaluserpro\/"}]}},"jetpack_featured_media_url":"https:\/\/elglobal.do\/wp-content\/uploads\/2025\/10\/Superior.jpeg","jetpack_sharing_enabled":true,"_links":{"self":[{"href":"https:\/\/elglobal.do\/index.php\/wp-json\/wp\/v2\/posts\/3085","targetHints":{"allow":["GET"]}}],"collection":[{"href":"https:\/\/elglobal.do\/index.php\/wp-json\/wp\/v2\/posts"}],"about":[{"href":"https:\/\/elglobal.do\/index.php\/wp-json\/wp\/v2\/types\/post"}],"author":[{"embeddable":true,"href":"https:\/\/elglobal.do\/index.php\/wp-json\/wp\/v2\/users\/1"}],"replies":[{"embeddable":true,"href":"https:\/\/elglobal.do\/index.php\/wp-json\/wp\/v2\/comments?post=3085"}],"version-history":[{"count":1,"href":"https:\/\/elglobal.do\/index.php\/wp-json\/wp\/v2\/posts\/3085\/revisions"}],"predecessor-version":[{"id":3089,"href":"https:\/\/elglobal.do\/index.php\/wp-json\/wp\/v2\/posts\/3085\/revisions\/3089"}],"wp:featuredmedia":[{"embeddable":true,"href":"https:\/\/elglobal.do\/index.php\/wp-json\/wp\/v2\/media\/3088"}],"wp:attachment":[{"href":"https:\/\/elglobal.do\/index.php\/wp-json\/wp\/v2\/media?parent=3085"}],"wp:term":[{"taxonomy":"category","embeddable":true,"href":"https:\/\/elglobal.do\/index.php\/wp-json\/wp\/v2\/categories?post=3085"},{"taxonomy":"post_tag","embeddable":true,"href":"https:\/\/elglobal.do\/index.php\/wp-json\/wp\/v2\/tags?post=3085"}],"curies":[{"name":"wp","href":"https:\/\/api.w.org\/{rel}","templated":true}]}}