{"id":3105,"date":"2025-10-13T14:01:23","date_gmt":"2025-10-13T18:01:23","guid":{"rendered":"https:\/\/elglobal.do\/?p=3105"},"modified":"2025-10-13T14:01:53","modified_gmt":"2025-10-13T18:01:53","slug":"presidente-abinader-continua-dando-seguimiento-al-plan-de-seguridad-ciudadana","status":"publish","type":"post","link":"https:\/\/elglobal.do\/index.php\/2025\/10\/13\/presidente-abinader-continua-dando-seguimiento-al-plan-de-seguridad-ciudadana\/","title":{"rendered":"Presidente Abinader contin\u00faa dando seguimiento al Plan de Seguridad Ciudadana"},"content":{"rendered":"\n<figure class=\"wp-block-image size-large\"><img loading=\"lazy\" decoding=\"async\" width=\"1024\" height=\"721\" src=\"https:\/\/elglobal.do\/wp-content\/uploads\/2025\/10\/Reunion-1024x721.jpeg\" alt=\"\" class=\"wp-image-3106\" srcset=\"https:\/\/elglobal.do\/wp-content\/uploads\/2025\/10\/Reunion-1024x721.jpeg 1024w, https:\/\/elglobal.do\/wp-content\/uploads\/2025\/10\/Reunion-300x211.jpeg 300w, https:\/\/elglobal.do\/wp-content\/uploads\/2025\/10\/Reunion-768x540.jpeg 768w, https:\/\/elglobal.do\/wp-content\/uploads\/2025\/10\/Reunion-1536x1081.jpeg 1536w, https:\/\/elglobal.do\/wp-content\/uploads\/2025\/10\/Reunion.jpeg 1600w\" sizes=\"auto, (max-width: 1024px) 100vw, 1024px\" \/><\/figure>\n\n\n\n<p><strong>Santo Domingo. \u2013<\/strong> El presidente Luis Abinader encabez\u00f3 hoy su acostumbrada reuni\u00f3n de seguimiento al Plan de Seguridad Ciudadana, con el objetivo de reforzar las estrategias que se ejecutan en todo el pa\u00eds para garantizar mayor protecci\u00f3n y tranquilidad a la poblaci\u00f3n.<\/p>\n\n\n\n<p>Como cada lunes la sesi\u00f3n de trabajo se llev\u00f3 a cabo en el Sal\u00f3n del Club de Oficiales del Palacio de la Polic\u00eda Nacional. En ella se eval\u00faan las tareas cumplidas hasta la fecha, los resultados alcanzados y las nuevas disposiciones que se adoptar\u00e1n para continuar elevando los niveles de seguridad en beneficio de los dominicanos.<\/p>\n\n\n\n<p>Acompa\u00f1aron hoy al mandatario, los ministros; de Interior y Polic\u00eda, Faride Raful; de Defensa, teniente general Carlos Antonio Fern\u00e1ndez Onofre; la procuradora General de la Rep\u00fablica, Yeni Berenice Reynoso; el comandante general del Ej\u00e9rcito de Rep\u00fablica Dominicana, mayor general Jorge Camino P\u00e9rez; el director de la Polic\u00eda Nacional, mayor general Ram\u00f3n Antonio Guzm\u00e1n Peralta y el viceministro de la Presidencia para Proyectos Especiales y Coordinaci\u00f3n de Seguridad, Roger G. Pujols.<\/p>\n\n\n\n<p>Tambi\u00e9n, los presidentes, de la Direcci\u00f3n Nacional de Control de Drogas (DNCD), vicealmirante Jos\u00e9 Manuel Cabrera Ulloa; del Consejo Nacional de Drogas (CND), Alejandro de Jes\u00fas Abreu; los directores, de la Comisi\u00f3n Militar y Policial (Comipol), coronel Luis Rafael Herrera Almonte; de la Direcci\u00f3n General de Seguridad de Tr\u00e1nsito y Transporte Terrestre (Digesett), general Pascual Cruz M\u00e9ndez; de la Polic\u00eda de Turismo (Politur), general Minoru Matsunaga; del Sistema Nacional de Atenci\u00f3n a Emergencias 911, coronel piloto Randolfo Rijo; de Asuntos Internos de la Polic\u00eda Nacional, general Werner N\u00fa\u00f1ez Quezada y el asesor ejecutivo para Asuntos de Seguridad, John Huvane.<\/p>\n\n\n\n<p>Adem\u00e1s, de los directores de la Polic\u00eda Escolar, el general Francisco Osoria de la Cruz; de Prisiones, Roberto Hern\u00e1ndez Basilio y el comisionado ejecutivo para Reforma Policial, Luis Ernesto Garc\u00eda Hern\u00e1ndez.<\/p>\n\n\n\n<p>Del mismo modo, asistieron el comandante del Ej\u00e9rcito Nacional, mayor general Jorge Iv\u00e1n Camino P\u00e9rez; el coronel paracaidista Osvaldo W. Montero Mena, en representaci\u00f3n de la Fuerza A\u00e9rea, y el capit\u00e1n de nav\u00edo Rafael Garc\u00eda Aybar, en representaci\u00f3n del comandante general de la Armada de Rep\u00fablica Dominicana, y del Comando Conjunto Unificado, el vicealmirante Juan Bienvenido Cris\u00f3stomo Mart\u00ednez.<\/p>\n\n\n\n<p>En la reuni\u00f3n particip\u00f3 una comisi\u00f3n de fiscales integrada por la del Distrito Nacional, Rosalba Ramos; de San Crist\u00f3bal, Ramona Santana; de La Vega, Aura Luz Garc\u00eda; de Mar\u00eda Trinidad S\u00e1nchez, Juan Antonio Mateo Cipri\u00e1n; de La Altagracia, Claudia Garrido; de San Pedro de Macor\u00eds, Suleyka Mateo, y de Duarte, Smaily Yamel Rodr\u00edguez.<\/p>\n\n\n\n<p>Al igual que, los fiscales titulares de Santo Domingo Este, Milc\u00edades Guzm\u00e1n; de Santo Domingo Oeste, Eduard L\u00f3pez; de Valverde, V\u00edctor Mej\u00eda; de Hermanas Mirabal, Zoila Agustina Rodr\u00edguez Ynfante; de Barahona, Wellington Matos Espinal; de Peravia, \u00c1ngel Dar\u00edo Tejeda Fabal; de Dajab\u00f3n, Yeisin Alc\u00e1ntara; de Espaillat, Yorelbin Rivas, y de La Romana, Kevin Santana.<\/p>\n\n\n\n<p><\/p>\n","protected":false},"excerpt":{"rendered":"<p>Santo Domingo. \u2013 El presidente Luis Abinader encabez\u00f3 hoy su acostumbrada reuni\u00f3n de seguimiento al Plan de Seguridad Ciudadana, con el objetivo de reforzar las estrategias que se ejecutan en&hellip; <\/p>\n","protected":false},"author":1,"featured_media":3106,"comment_status":"open","ping_status":"open","sticky":false,"template":"","format":"standard","meta":{"_jetpack_memberships_contains_paid_content":false,"footnotes":""},"categories":[40,14],"tags":[597,98,1718,489,1719,891],"class_list":["post-3105","post","type-post","status-publish","format-standard","has-post-thumbnail","hentry","category-nacionales","category-slider","tag-abinader","tag-elglobalinformativo","tag-plan","tag-reunion","tag-seguimiento","tag-seguridadciudadana"],"yoast_head":"<!-- This site is optimized with the Yoast SEO plugin v26.9 - https:\/\/yoast.com\/product\/yoast-seo-wordpress\/ -->\n<title>Presidente Abinader contin\u00faa dando seguimiento al Plan de Seguridad Ciudadana - EL GLOBAL INFORMATIVO<\/title>\n<meta name=\"robots\" content=\"index, follow, max-snippet:-1, max-image-preview:large, max-video-preview:-1\" \/>\n<link rel=\"canonical\" href=\"https:\/\/elglobal.do\/index.php\/2025\/10\/13\/presidente-abinader-continua-dando-seguimiento-al-plan-de-seguridad-ciudadana\/\" \/>\n<meta property=\"og:locale\" content=\"es_ES\" \/>\n<meta property=\"og:type\" content=\"article\" \/>\n<meta property=\"og:title\" content=\"Presidente Abinader contin\u00faa dando seguimiento al Plan de Seguridad Ciudadana - EL GLOBAL INFORMATIVO\" \/>\n<meta property=\"og:description\" content=\"Santo Domingo. \u2013 El presidente Luis Abinader encabez\u00f3 hoy su acostumbrada reuni\u00f3n de seguimiento al Plan de Seguridad Ciudadana, con el objetivo de reforzar las estrategias que se ejecutan en&hellip;\" \/>\n<meta property=\"og:url\" content=\"https:\/\/elglobal.do\/index.php\/2025\/10\/13\/presidente-abinader-continua-dando-seguimiento-al-plan-de-seguridad-ciudadana\/\" \/>\n<meta property=\"og:site_name\" content=\"EL GLOBAL INFORMATIVO\" \/>\n<meta property=\"article:published_time\" content=\"2025-10-13T18:01:23+00:00\" \/>\n<meta property=\"article:modified_time\" content=\"2025-10-13T18:01:53+00:00\" \/>\n<meta property=\"og:image\" content=\"https:\/\/elglobal.do\/wp-content\/uploads\/2025\/10\/Reunion.jpeg\" \/>\n\t<meta property=\"og:image:width\" content=\"1600\" \/>\n\t<meta property=\"og:image:height\" content=\"1126\" \/>\n\t<meta property=\"og:image:type\" content=\"image\/jpeg\" \/>\n<meta name=\"author\" content=\"EL GLOBAL\" \/>\n<meta name=\"twitter:card\" content=\"summary_large_image\" \/>\n<meta name=\"twitter:label1\" content=\"Escrito por\" \/>\n\t<meta name=\"twitter:data1\" content=\"EL GLOBAL\" \/>\n\t<meta name=\"twitter:label2\" content=\"Tiempo de lectura\" \/>\n\t<meta name=\"twitter:data2\" content=\"3 minutos\" \/>\n<script type=\"application\/ld+json\" class=\"yoast-schema-graph\">{\"@context\":\"https:\/\/schema.org\",\"@graph\":[{\"@type\":\"Article\",\"@id\":\"https:\/\/elglobal.do\/index.php\/2025\/10\/13\/presidente-abinader-continua-dando-seguimiento-al-plan-de-seguridad-ciudadana\/#article\",\"isPartOf\":{\"@id\":\"https:\/\/elglobal.do\/index.php\/2025\/10\/13\/presidente-abinader-continua-dando-seguimiento-al-plan-de-seguridad-ciudadana\/\"},\"author\":{\"name\":\"EL GLOBAL\",\"@id\":\"https:\/\/elglobal.do\/#\/schema\/person\/0c97ec2c7714fb605d230c292f64d55f\"},\"headline\":\"Presidente Abinader contin\u00faa dando seguimiento al Plan de Seguridad Ciudadana\",\"datePublished\":\"2025-10-13T18:01:23+00:00\",\"dateModified\":\"2025-10-13T18:01:53+00:00\",\"mainEntityOfPage\":{\"@id\":\"https:\/\/elglobal.do\/index.php\/2025\/10\/13\/presidente-abinader-continua-dando-seguimiento-al-plan-de-seguridad-ciudadana\/\"},\"wordCount\":538,\"commentCount\":0,\"publisher\":{\"@id\":\"https:\/\/elglobal.do\/#organization\"},\"image\":{\"@id\":\"https:\/\/elglobal.do\/index.php\/2025\/10\/13\/presidente-abinader-continua-dando-seguimiento-al-plan-de-seguridad-ciudadana\/#primaryimage\"},\"thumbnailUrl\":\"https:\/\/elglobal.do\/wp-content\/uploads\/2025\/10\/Reunion.jpeg\",\"keywords\":[\"#Abinader\",\"#ElGlobalInformativo\",\"#Plan\",\"#Reuni\u00f3n\",\"#seguimiento\",\"#SeguridadCiudadana\"],\"articleSection\":[\"NACIONALES\",\"NOTICIAS RELEVANTES\"],\"inLanguage\":\"es\",\"potentialAction\":[{\"@type\":\"CommentAction\",\"name\":\"Comment\",\"target\":[\"https:\/\/elglobal.do\/index.php\/2025\/10\/13\/presidente-abinader-continua-dando-seguimiento-al-plan-de-seguridad-ciudadana\/#respond\"]}]},{\"@type\":\"WebPage\",\"@id\":\"https:\/\/elglobal.do\/index.php\/2025\/10\/13\/presidente-abinader-continua-dando-seguimiento-al-plan-de-seguridad-ciudadana\/\",\"url\":\"https:\/\/elglobal.do\/index.php\/2025\/10\/13\/presidente-abinader-continua-dando-seguimiento-al-plan-de-seguridad-ciudadana\/\",\"name\":\"Presidente Abinader contin\u00faa dando seguimiento al Plan de Seguridad Ciudadana - EL GLOBAL INFORMATIVO\",\"isPartOf\":{\"@id\":\"https:\/\/elglobal.do\/#website\"},\"primaryImageOfPage\":{\"@id\":\"https:\/\/elglobal.do\/index.php\/2025\/10\/13\/presidente-abinader-continua-dando-seguimiento-al-plan-de-seguridad-ciudadana\/#primaryimage\"},\"image\":{\"@id\":\"https:\/\/elglobal.do\/index.php\/2025\/10\/13\/presidente-abinader-continua-dando-seguimiento-al-plan-de-seguridad-ciudadana\/#primaryimage\"},\"thumbnailUrl\":\"https:\/\/elglobal.do\/wp-content\/uploads\/2025\/10\/Reunion.jpeg\",\"datePublished\":\"2025-10-13T18:01:23+00:00\",\"dateModified\":\"2025-10-13T18:01:53+00:00\",\"breadcrumb\":{\"@id\":\"https:\/\/elglobal.do\/index.php\/2025\/10\/13\/presidente-abinader-continua-dando-seguimiento-al-plan-de-seguridad-ciudadana\/#breadcrumb\"},\"inLanguage\":\"es\",\"potentialAction\":[{\"@type\":\"ReadAction\",\"target\":[\"https:\/\/elglobal.do\/index.php\/2025\/10\/13\/presidente-abinader-continua-dando-seguimiento-al-plan-de-seguridad-ciudadana\/\"]}]},{\"@type\":\"ImageObject\",\"inLanguage\":\"es\",\"@id\":\"https:\/\/elglobal.do\/index.php\/2025\/10\/13\/presidente-abinader-continua-dando-seguimiento-al-plan-de-seguridad-ciudadana\/#primaryimage\",\"url\":\"https:\/\/elglobal.do\/wp-content\/uploads\/2025\/10\/Reunion.jpeg\",\"contentUrl\":\"https:\/\/elglobal.do\/wp-content\/uploads\/2025\/10\/Reunion.jpeg\",\"width\":1600,\"height\":1126},{\"@type\":\"BreadcrumbList\",\"@id\":\"https:\/\/elglobal.do\/index.php\/2025\/10\/13\/presidente-abinader-continua-dando-seguimiento-al-plan-de-seguridad-ciudadana\/#breadcrumb\",\"itemListElement\":[{\"@type\":\"ListItem\",\"position\":1,\"name\":\"Portada\",\"item\":\"https:\/\/elglobal.do\/\"},{\"@type\":\"ListItem\",\"position\":2,\"name\":\"Presidente Abinader contin\u00faa dando seguimiento al Plan de Seguridad Ciudadana\"}]},{\"@type\":\"WebSite\",\"@id\":\"https:\/\/elglobal.do\/#website\",\"url\":\"https:\/\/elglobal.do\/\",\"name\":\"EL GLOBAL INFORMATIVO\",\"description\":\"Peri\u00f3dico digital de la Rep\u00fablica Dominicana que ofrece noticias, novedades, pol\u00edtica y las \u00faltimas actualidades, con informaci\u00f3n veraz y oportuna para mantenerte siempre informad\",\"publisher\":{\"@id\":\"https:\/\/elglobal.do\/#organization\"},\"potentialAction\":[{\"@type\":\"SearchAction\",\"target\":{\"@type\":\"EntryPoint\",\"urlTemplate\":\"https:\/\/elglobal.do\/?s={search_term_string}\"},\"query-input\":{\"@type\":\"PropertyValueSpecification\",\"valueRequired\":true,\"valueName\":\"search_term_string\"}}],\"inLanguage\":\"es\"},{\"@type\":\"Organization\",\"@id\":\"https:\/\/elglobal.do\/#organization\",\"name\":\"EL GLOBAL.DO INFORMATIVO\",\"url\":\"https:\/\/elglobal.do\/\",\"logo\":{\"@type\":\"ImageObject\",\"inLanguage\":\"es\",\"@id\":\"https:\/\/elglobal.do\/#\/schema\/logo\/image\/\",\"url\":\"https:\/\/elglobal.do\/wp-content\/uploads\/2025\/08\/icon.png\",\"contentUrl\":\"https:\/\/elglobal.do\/wp-content\/uploads\/2025\/08\/icon.png\",\"width\":512,\"height\":512,\"caption\":\"EL GLOBAL.DO INFORMATIVO\"},\"image\":{\"@id\":\"https:\/\/elglobal.do\/#\/schema\/logo\/image\/\"}},{\"@type\":\"Person\",\"@id\":\"https:\/\/elglobal.do\/#\/schema\/person\/0c97ec2c7714fb605d230c292f64d55f\",\"name\":\"EL GLOBAL\",\"image\":{\"@type\":\"ImageObject\",\"inLanguage\":\"es\",\"@id\":\"https:\/\/elglobal.do\/#\/schema\/person\/image\/\",\"url\":\"https:\/\/secure.gravatar.com\/avatar\/081cfb6cf99faddc6f4e23a0c11ab98c5cf302925382d1c88dc3ed757ab910a3?s=96&d=mm&r=g\",\"contentUrl\":\"https:\/\/secure.gravatar.com\/avatar\/081cfb6cf99faddc6f4e23a0c11ab98c5cf302925382d1c88dc3ed757ab910a3?s=96&d=mm&r=g\",\"caption\":\"EL GLOBAL\"},\"description\":\"El Global Informativo es un peri\u00f3dico digital de Rep\u00fablica Dominicana que se dedica a cubrir temas importantes, como la pol\u00edtica local, geopol\u00edtica, econom\u00eda, tecnolog\u00eda, noticias internacionales y eventos relacionados con la gesti\u00f3n social, cultural y humana. Su objetivo principal es mantener a la poblaci\u00f3n informada, ofreciendo una visi\u00f3n amplia y actualizada de lo que sucede tanto en el pa\u00eds como en el mundo. Est\u00e1 dirigido por un grupo de periodistas experimentados, lo que garantiza la calidad y la precisi\u00f3n de la informaci\u00f3n que ofrecen. Tiene su sede en la ciudad de Santo Domingo y es parte integral del portafolio de la empresa, MC Global S.R.L.\",\"sameAs\":[\"https:\/\/elglobal.do\",\"https:\/\/www.instagram.com\/elglobal.do_informativo\/\"],\"url\":\"https:\/\/elglobal.do\/index.php\/author\/elglobaluserpro\/\"}]}<\/script>\n<!-- \/ Yoast SEO plugin. -->","yoast_head_json":{"title":"Presidente Abinader contin\u00faa dando seguimiento al Plan de Seguridad Ciudadana - EL GLOBAL INFORMATIVO","robots":{"index":"index","follow":"follow","max-snippet":"max-snippet:-1","max-image-preview":"max-image-preview:large","max-video-preview":"max-video-preview:-1"},"canonical":"https:\/\/elglobal.do\/index.php\/2025\/10\/13\/presidente-abinader-continua-dando-seguimiento-al-plan-de-seguridad-ciudadana\/","og_locale":"es_ES","og_type":"article","og_title":"Presidente Abinader contin\u00faa dando seguimiento al Plan de Seguridad Ciudadana - EL GLOBAL INFORMATIVO","og_description":"Santo Domingo. \u2013 El presidente Luis Abinader encabez\u00f3 hoy su acostumbrada reuni\u00f3n de seguimiento al Plan de Seguridad Ciudadana, con el objetivo de reforzar las estrategias que se ejecutan en&hellip;","og_url":"https:\/\/elglobal.do\/index.php\/2025\/10\/13\/presidente-abinader-continua-dando-seguimiento-al-plan-de-seguridad-ciudadana\/","og_site_name":"EL GLOBAL INFORMATIVO","article_published_time":"2025-10-13T18:01:23+00:00","article_modified_time":"2025-10-13T18:01:53+00:00","og_image":[{"width":1600,"height":1126,"url":"https:\/\/elglobal.do\/wp-content\/uploads\/2025\/10\/Reunion.jpeg","type":"image\/jpeg"}],"author":"EL GLOBAL","twitter_card":"summary_large_image","twitter_misc":{"Escrito por":"EL GLOBAL","Tiempo de lectura":"3 minutos"},"schema":{"@context":"https:\/\/schema.org","@graph":[{"@type":"Article","@id":"https:\/\/elglobal.do\/index.php\/2025\/10\/13\/presidente-abinader-continua-dando-seguimiento-al-plan-de-seguridad-ciudadana\/#article","isPartOf":{"@id":"https:\/\/elglobal.do\/index.php\/2025\/10\/13\/presidente-abinader-continua-dando-seguimiento-al-plan-de-seguridad-ciudadana\/"},"author":{"name":"EL GLOBAL","@id":"https:\/\/elglobal.do\/#\/schema\/person\/0c97ec2c7714fb605d230c292f64d55f"},"headline":"Presidente Abinader contin\u00faa dando seguimiento al Plan de Seguridad Ciudadana","datePublished":"2025-10-13T18:01:23+00:00","dateModified":"2025-10-13T18:01:53+00:00","mainEntityOfPage":{"@id":"https:\/\/elglobal.do\/index.php\/2025\/10\/13\/presidente-abinader-continua-dando-seguimiento-al-plan-de-seguridad-ciudadana\/"},"wordCount":538,"commentCount":0,"publisher":{"@id":"https:\/\/elglobal.do\/#organization"},"image":{"@id":"https:\/\/elglobal.do\/index.php\/2025\/10\/13\/presidente-abinader-continua-dando-seguimiento-al-plan-de-seguridad-ciudadana\/#primaryimage"},"thumbnailUrl":"https:\/\/elglobal.do\/wp-content\/uploads\/2025\/10\/Reunion.jpeg","keywords":["#Abinader","#ElGlobalInformativo","#Plan","#Reuni\u00f3n","#seguimiento","#SeguridadCiudadana"],"articleSection":["NACIONALES","NOTICIAS RELEVANTES"],"inLanguage":"es","potentialAction":[{"@type":"CommentAction","name":"Comment","target":["https:\/\/elglobal.do\/index.php\/2025\/10\/13\/presidente-abinader-continua-dando-seguimiento-al-plan-de-seguridad-ciudadana\/#respond"]}]},{"@type":"WebPage","@id":"https:\/\/elglobal.do\/index.php\/2025\/10\/13\/presidente-abinader-continua-dando-seguimiento-al-plan-de-seguridad-ciudadana\/","url":"https:\/\/elglobal.do\/index.php\/2025\/10\/13\/presidente-abinader-continua-dando-seguimiento-al-plan-de-seguridad-ciudadana\/","name":"Presidente Abinader contin\u00faa dando seguimiento al Plan de Seguridad Ciudadana - EL GLOBAL INFORMATIVO","isPartOf":{"@id":"https:\/\/elglobal.do\/#website"},"primaryImageOfPage":{"@id":"https:\/\/elglobal.do\/index.php\/2025\/10\/13\/presidente-abinader-continua-dando-seguimiento-al-plan-de-seguridad-ciudadana\/#primaryimage"},"image":{"@id":"https:\/\/elglobal.do\/index.php\/2025\/10\/13\/presidente-abinader-continua-dando-seguimiento-al-plan-de-seguridad-ciudadana\/#primaryimage"},"thumbnailUrl":"https:\/\/elglobal.do\/wp-content\/uploads\/2025\/10\/Reunion.jpeg","datePublished":"2025-10-13T18:01:23+00:00","dateModified":"2025-10-13T18:01:53+00:00","breadcrumb":{"@id":"https:\/\/elglobal.do\/index.php\/2025\/10\/13\/presidente-abinader-continua-dando-seguimiento-al-plan-de-seguridad-ciudadana\/#breadcrumb"},"inLanguage":"es","potentialAction":[{"@type":"ReadAction","target":["https:\/\/elglobal.do\/index.php\/2025\/10\/13\/presidente-abinader-continua-dando-seguimiento-al-plan-de-seguridad-ciudadana\/"]}]},{"@type":"ImageObject","inLanguage":"es","@id":"https:\/\/elglobal.do\/index.php\/2025\/10\/13\/presidente-abinader-continua-dando-seguimiento-al-plan-de-seguridad-ciudadana\/#primaryimage","url":"https:\/\/elglobal.do\/wp-content\/uploads\/2025\/10\/Reunion.jpeg","contentUrl":"https:\/\/elglobal.do\/wp-content\/uploads\/2025\/10\/Reunion.jpeg","width":1600,"height":1126},{"@type":"BreadcrumbList","@id":"https:\/\/elglobal.do\/index.php\/2025\/10\/13\/presidente-abinader-continua-dando-seguimiento-al-plan-de-seguridad-ciudadana\/#breadcrumb","itemListElement":[{"@type":"ListItem","position":1,"name":"Portada","item":"https:\/\/elglobal.do\/"},{"@type":"ListItem","position":2,"name":"Presidente Abinader contin\u00faa dando seguimiento al Plan de Seguridad Ciudadana"}]},{"@type":"WebSite","@id":"https:\/\/elglobal.do\/#website","url":"https:\/\/elglobal.do\/","name":"EL GLOBAL INFORMATIVO","description":"Peri\u00f3dico digital de la Rep\u00fablica Dominicana que ofrece noticias, novedades, pol\u00edtica y las \u00faltimas actualidades, con informaci\u00f3n veraz y oportuna para mantenerte siempre informad","publisher":{"@id":"https:\/\/elglobal.do\/#organization"},"potentialAction":[{"@type":"SearchAction","target":{"@type":"EntryPoint","urlTemplate":"https:\/\/elglobal.do\/?s={search_term_string}"},"query-input":{"@type":"PropertyValueSpecification","valueRequired":true,"valueName":"search_term_string"}}],"inLanguage":"es"},{"@type":"Organization","@id":"https:\/\/elglobal.do\/#organization","name":"EL GLOBAL.DO INFORMATIVO","url":"https:\/\/elglobal.do\/","logo":{"@type":"ImageObject","inLanguage":"es","@id":"https:\/\/elglobal.do\/#\/schema\/logo\/image\/","url":"https:\/\/elglobal.do\/wp-content\/uploads\/2025\/08\/icon.png","contentUrl":"https:\/\/elglobal.do\/wp-content\/uploads\/2025\/08\/icon.png","width":512,"height":512,"caption":"EL GLOBAL.DO INFORMATIVO"},"image":{"@id":"https:\/\/elglobal.do\/#\/schema\/logo\/image\/"}},{"@type":"Person","@id":"https:\/\/elglobal.do\/#\/schema\/person\/0c97ec2c7714fb605d230c292f64d55f","name":"EL GLOBAL","image":{"@type":"ImageObject","inLanguage":"es","@id":"https:\/\/elglobal.do\/#\/schema\/person\/image\/","url":"https:\/\/secure.gravatar.com\/avatar\/081cfb6cf99faddc6f4e23a0c11ab98c5cf302925382d1c88dc3ed757ab910a3?s=96&d=mm&r=g","contentUrl":"https:\/\/secure.gravatar.com\/avatar\/081cfb6cf99faddc6f4e23a0c11ab98c5cf302925382d1c88dc3ed757ab910a3?s=96&d=mm&r=g","caption":"EL GLOBAL"},"description":"El Global Informativo es un peri\u00f3dico digital de Rep\u00fablica Dominicana que se dedica a cubrir temas importantes, como la pol\u00edtica local, geopol\u00edtica, econom\u00eda, tecnolog\u00eda, noticias internacionales y eventos relacionados con la gesti\u00f3n social, cultural y humana. Su objetivo principal es mantener a la poblaci\u00f3n informada, ofreciendo una visi\u00f3n amplia y actualizada de lo que sucede tanto en el pa\u00eds como en el mundo. Est\u00e1 dirigido por un grupo de periodistas experimentados, lo que garantiza la calidad y la precisi\u00f3n de la informaci\u00f3n que ofrecen. Tiene su sede en la ciudad de Santo Domingo y es parte integral del portafolio de la empresa, MC Global S.R.L.","sameAs":["https:\/\/elglobal.do","https:\/\/www.instagram.com\/elglobal.do_informativo\/"],"url":"https:\/\/elglobal.do\/index.php\/author\/elglobaluserpro\/"}]}},"jetpack_featured_media_url":"https:\/\/elglobal.do\/wp-content\/uploads\/2025\/10\/Reunion.jpeg","jetpack_sharing_enabled":true,"_links":{"self":[{"href":"https:\/\/elglobal.do\/index.php\/wp-json\/wp\/v2\/posts\/3105","targetHints":{"allow":["GET"]}}],"collection":[{"href":"https:\/\/elglobal.do\/index.php\/wp-json\/wp\/v2\/posts"}],"about":[{"href":"https:\/\/elglobal.do\/index.php\/wp-json\/wp\/v2\/types\/post"}],"author":[{"embeddable":true,"href":"https:\/\/elglobal.do\/index.php\/wp-json\/wp\/v2\/users\/1"}],"replies":[{"embeddable":true,"href":"https:\/\/elglobal.do\/index.php\/wp-json\/wp\/v2\/comments?post=3105"}],"version-history":[{"count":1,"href":"https:\/\/elglobal.do\/index.php\/wp-json\/wp\/v2\/posts\/3105\/revisions"}],"predecessor-version":[{"id":3107,"href":"https:\/\/elglobal.do\/index.php\/wp-json\/wp\/v2\/posts\/3105\/revisions\/3107"}],"wp:featuredmedia":[{"embeddable":true,"href":"https:\/\/elglobal.do\/index.php\/wp-json\/wp\/v2\/media\/3106"}],"wp:attachment":[{"href":"https:\/\/elglobal.do\/index.php\/wp-json\/wp\/v2\/media?parent=3105"}],"wp:term":[{"taxonomy":"category","embeddable":true,"href":"https:\/\/elglobal.do\/index.php\/wp-json\/wp\/v2\/categories?post=3105"},{"taxonomy":"post_tag","embeddable":true,"href":"https:\/\/elglobal.do\/index.php\/wp-json\/wp\/v2\/tags?post=3105"}],"curies":[{"name":"wp","href":"https:\/\/api.w.org\/{rel}","templated":true}]}}