{"id":316,"date":"2025-07-29T16:31:52","date_gmt":"2025-07-29T20:31:52","guid":{"rendered":"https:\/\/elglobal.do\/?p=316"},"modified":"2025-07-31T05:59:38","modified_gmt":"2025-07-31T09:59:38","slug":"nueva-ley-de-residuos-solidos-amenaza-sostenibilidad-financiera-advierte-ecored","status":"publish","type":"post","link":"https:\/\/elglobal.do\/index.php\/2025\/07\/29\/nueva-ley-de-residuos-solidos-amenaza-sostenibilidad-financiera-advierte-ecored\/","title":{"rendered":"Nueva ley de residuos s\u00f3lidos amenaza sostenibilidad financiera, advierte ECORED"},"content":{"rendered":"\n<p><em><strong>Inst\u00f3 al Poder Ejecutivo a revisar la modificaci\u00f3n a la Ley 225-20 sobre Residuos S\u00f3lidos antes de su promulgaci\u00f3n, se\u00f1alando que el proyecto aprobado carece de ajustes t\u00e9cnicos y podr\u00eda debilitar pilares fundamentales de la econom\u00eda circular.<\/strong><\/em><\/p>\n\n\n\n<figure class=\"wp-block-image size-full\"><img loading=\"lazy\" decoding=\"async\" width=\"853\" height=\"857\" src=\"https:\/\/elglobal.do\/wp-content\/uploads\/2025\/07\/Aguie.jpeg\" alt=\"\" class=\"wp-image-323\" srcset=\"https:\/\/elglobal.do\/wp-content\/uploads\/2025\/07\/Aguie.jpeg 853w, https:\/\/elglobal.do\/wp-content\/uploads\/2025\/07\/Aguie-300x300.jpeg 300w, https:\/\/elglobal.do\/wp-content\/uploads\/2025\/07\/Aguie-150x150.jpeg 150w, https:\/\/elglobal.do\/wp-content\/uploads\/2025\/07\/Aguie-768x772.jpeg 768w\" sizes=\"auto, (max-width: 853px) 100vw, 853px\" \/><figcaption class=\"wp-element-caption\">Aguie Lendor, vicepresidenta ejecutiva de la ASONAHORES<\/figcaption><\/figure>\n\n\n\n<p><strong>\u00a0\u00a0 Santo Domingo. &#8211;<\/strong> La Red Nacional de Apoyo Empresarial a la Protecci\u00f3n Ambiental <strong>(ECORED) <\/strong>manifest\u00f3 su preocupaci\u00f3n por la reciente aprobaci\u00f3n en \u00fanica lectura, por parte del Senado, del proyecto de modificaci\u00f3n a la <strong>Ley 225-20 <\/strong>sobre <strong>Gesti\u00f3n Integral y Coprocesamiento de<\/strong> <strong>Residuos S\u00f3lidos<\/strong>.<\/p>\n\n\n\n<p><strong>ECORED<\/strong> advirti\u00f3 que esta legislaci\u00f3n, tal como fue aprobada y remitida al Poder Ejecutivo para su promulgaci\u00f3n, carece de ajustes t\u00e9cnicos esenciales y podr\u00eda comprometer seriamente la sostenibilidad financiera, la transparencia institucional y la participaci\u00f3n de las micro, peque\u00f1as y medianas empresas (MiPymes) en la econom\u00eda circular del pa\u00eds.<\/p>\n\n\n\n<p><strong>La presidenta interina de ECORED, Christy Luciano<\/strong>, destac\u00f3 que la ley aprobada debilita los pilares de la econom\u00eda circular, abre la puerta a monopolios funcionales, establece contribuciones tributarias sin estudios financieros que las respalden y se estima que de los m\u00e1s de $8,000 millones de pesos que se proyecta recaudar anualmente, cerca de $4,000 millones se destinar\u00edan al aumento de tarifas para empresas recolectoras, que actualmente reciben menos de $3,000 millones.<\/p>\n\n\n\n<p>Luciano, enfatiz\u00f3 que la ley propone un esquema de contribuci\u00f3n basado exclusivamente en los ingresos brutos, sin considerar la cantidad de residuos generados ni los esfuerzos de valorizaci\u00f3n, lo que penaliza injustamente a las <strong>MiPymes<\/strong>.<\/p>\n\n\n\n<p>Adem\u00e1s, <strong>ECORED <\/strong>advirti\u00f3 sobre un riesgo significativo de conflicto de inter\u00e9s debido a la incorporaci\u00f3n de la Asociaci\u00f3n de Gestores al Consejo del Fideicomiso DO Sostenible. Esta medida implicar\u00eda que actores con inter\u00e9s econ\u00f3mico directo tendr\u00edan poder de decisi\u00f3n, atentando contra la institucionalidad y la transparencia del sistema. La situaci\u00f3n se agrava al considerar que quienes recibir\u00edan la mayor parte de los fondos tambi\u00e9n tendr\u00edan poder de decisi\u00f3n dentro del fideicomiso.<\/p>\n\n\n\n<p><strong>Entre sus propuestas a\u00fan pendientes se destacan:<\/strong><\/p>\n\n\n\n<p>\u2022\u00a0\u00a0\u00a0\u00a0<strong>\u00a0\u00a0<\/strong>\u00a0\u00a0\u00a0 Que la contribuci\u00f3n especial est\u00e9 respaldada de estudios fiscales o financieros y se determine en funci\u00f3n de los ingresos netos y no en los ingresos brutos<\/p>\n\n\n\n<p><strong>\u2022\u00a0\u00a0\u00a0<\/strong>\u00a0\u00a0\u00a0\u00a0\u00a0\u00a0 Que se apliquen mecanismos de contrataci\u00f3n abiertos y competitivos, conforme a la Ley de Compras y Contrataciones; y que los contratos de operaci\u00f3n entre el <strong>Fideicomiso DO Sostenible<\/strong> y los gestores autorizados de estaciones de transferencia, rellenos sanitarios y plantas de valorizaci\u00f3n, tengan vigencia de tres a cinco a\u00f1os, y no de 10 a\u00f1os, como est\u00e1 actualmente.<\/p>\n\n\n\n<p>\u2022\u00a0\u00a0\u00a0\u00a0\u00a0\u00a0\u00a0\u00a0\u00a0 Crear mecanismos de veedur\u00eda multisectorial con participaci\u00f3n de la academia, <strong>ONG<\/strong> y sector privado, para garantizar transparencia en la asignaci\u00f3n de permisos y contratos a trav\u00e9s de los ayuntamientos<\/p>\n\n\n\n<p>\u2022\u00a0\u00a0<strong>\u00a0<\/strong>\u00a0\u00a0\u00a0\u00a0\u00a0\u00a0 Que se promueva la valorizaci\u00f3n, el reciclaje y el aprovechamiento de residuos como motores de desarrollo sostenible y transformaci\u00f3n industrial.<\/p>\n\n\n\n<p>\u2022\u00a0\u00a0\u00a0<strong>\u00a0\u00a0<\/strong>\u00a0\u00a0\u00a0\u00a0 Incluir un representante de <strong>CODOPYME<\/strong> en el Consejo del Fideicomiso para garantizar una representaci\u00f3n equitativa.<\/p>\n\n\n\n<p>Finalmente,<strong> ECORED <\/strong>reiter\u00f3 su llamado al Poder Ejecutivo para que revise detenidamente esta ley antes de su promulgaci\u00f3n. <strong>\u201cNuestro pa\u00eds necesita una legislaci\u00f3n moderna, t\u00e9cnicamente s\u00f3lida y justa, que fortalezca la econom\u00eda circular, fomente la competencia leal y garantice una gesti\u00f3n ambientalmente responsable\u201d<\/strong>, concluy\u00f3 Luciano.<\/p>\n\n\n\n<p><\/p>\n","protected":false},"excerpt":{"rendered":"<p>Inst\u00f3 al Poder Ejecutivo a revisar la modificaci\u00f3n a la Ley 225-20 sobre Residuos S\u00f3lidos antes de su promulgaci\u00f3n, se\u00f1alando que el proyecto aprobado carece de ajustes t\u00e9cnicos y podr\u00eda&hellip; <\/p>\n","protected":false},"author":1,"featured_media":322,"comment_status":"open","ping_status":"open","sticky":false,"template":"","format":"standard","meta":{"_jetpack_memberships_contains_paid_content":false,"footnotes":""},"categories":[40],"tags":[29,31,30,32],"class_list":["post-316","post","type-post","status-publish","format-standard","has-post-thumbnail","hentry","category-nacionales","tag-ecored","tag-fideicomisodosostenible","tag-ley225-20","tag-residuossolidos"],"yoast_head":"<!-- This site is optimized with the Yoast SEO plugin v26.9 - https:\/\/yoast.com\/product\/yoast-seo-wordpress\/ -->\n<title>Nueva ley de residuos s\u00f3lidos amenaza sostenibilidad financiera, advierte ECORED - EL GLOBAL INFORMATIVO<\/title>\n<meta name=\"robots\" content=\"index, follow, max-snippet:-1, max-image-preview:large, max-video-preview:-1\" \/>\n<link rel=\"canonical\" href=\"https:\/\/elglobal.do\/index.php\/2025\/07\/29\/nueva-ley-de-residuos-solidos-amenaza-sostenibilidad-financiera-advierte-ecored\/\" \/>\n<meta property=\"og:locale\" content=\"es_ES\" \/>\n<meta property=\"og:type\" content=\"article\" \/>\n<meta property=\"og:title\" content=\"Nueva ley de residuos s\u00f3lidos amenaza sostenibilidad financiera, advierte ECORED - EL GLOBAL INFORMATIVO\" \/>\n<meta property=\"og:description\" content=\"Inst\u00f3 al Poder Ejecutivo a revisar la modificaci\u00f3n a la Ley 225-20 sobre Residuos S\u00f3lidos antes de su promulgaci\u00f3n, se\u00f1alando que el proyecto aprobado carece de ajustes t\u00e9cnicos y podr\u00eda&hellip;\" \/>\n<meta property=\"og:url\" content=\"https:\/\/elglobal.do\/index.php\/2025\/07\/29\/nueva-ley-de-residuos-solidos-amenaza-sostenibilidad-financiera-advierte-ecored\/\" \/>\n<meta property=\"og:site_name\" content=\"EL GLOBAL INFORMATIVO\" \/>\n<meta property=\"article:published_time\" content=\"2025-07-29T20:31:52+00:00\" \/>\n<meta property=\"article:modified_time\" content=\"2025-07-31T09:59:38+00:00\" \/>\n<meta property=\"og:image\" content=\"https:\/\/elglobal.do\/wp-content\/uploads\/2025\/07\/RED.jpeg\" \/>\n\t<meta property=\"og:image:width\" content=\"1101\" \/>\n\t<meta property=\"og:image:height\" content=\"585\" \/>\n\t<meta property=\"og:image:type\" content=\"image\/jpeg\" \/>\n<meta name=\"author\" content=\"EL GLOBAL\" \/>\n<meta name=\"twitter:card\" content=\"summary_large_image\" \/>\n<meta name=\"twitter:label1\" content=\"Escrito por\" \/>\n\t<meta name=\"twitter:data1\" content=\"EL GLOBAL\" \/>\n\t<meta name=\"twitter:label2\" content=\"Tiempo de lectura\" \/>\n\t<meta name=\"twitter:data2\" content=\"3 minutos\" \/>\n<script type=\"application\/ld+json\" class=\"yoast-schema-graph\">{\"@context\":\"https:\/\/schema.org\",\"@graph\":[{\"@type\":\"Article\",\"@id\":\"https:\/\/elglobal.do\/index.php\/2025\/07\/29\/nueva-ley-de-residuos-solidos-amenaza-sostenibilidad-financiera-advierte-ecored\/#article\",\"isPartOf\":{\"@id\":\"https:\/\/elglobal.do\/index.php\/2025\/07\/29\/nueva-ley-de-residuos-solidos-amenaza-sostenibilidad-financiera-advierte-ecored\/\"},\"author\":{\"name\":\"EL GLOBAL\",\"@id\":\"https:\/\/elglobal.do\/#\/schema\/person\/0c97ec2c7714fb605d230c292f64d55f\"},\"headline\":\"Nueva ley de residuos s\u00f3lidos amenaza sostenibilidad financiera, advierte ECORED\",\"datePublished\":\"2025-07-29T20:31:52+00:00\",\"dateModified\":\"2025-07-31T09:59:38+00:00\",\"mainEntityOfPage\":{\"@id\":\"https:\/\/elglobal.do\/index.php\/2025\/07\/29\/nueva-ley-de-residuos-solidos-amenaza-sostenibilidad-financiera-advierte-ecored\/\"},\"wordCount\":582,\"commentCount\":0,\"publisher\":{\"@id\":\"https:\/\/elglobal.do\/#organization\"},\"image\":{\"@id\":\"https:\/\/elglobal.do\/index.php\/2025\/07\/29\/nueva-ley-de-residuos-solidos-amenaza-sostenibilidad-financiera-advierte-ecored\/#primaryimage\"},\"thumbnailUrl\":\"https:\/\/elglobal.do\/wp-content\/uploads\/2025\/07\/RED.jpeg\",\"keywords\":[\"#ECORED\",\"#FideicomisoDOSostenible\",\"#Ley225-20\",\"#ResiduosS\u00f3lidos\"],\"articleSection\":[\"NACIONALES\"],\"inLanguage\":\"es\",\"potentialAction\":[{\"@type\":\"CommentAction\",\"name\":\"Comment\",\"target\":[\"https:\/\/elglobal.do\/index.php\/2025\/07\/29\/nueva-ley-de-residuos-solidos-amenaza-sostenibilidad-financiera-advierte-ecored\/#respond\"]}]},{\"@type\":\"WebPage\",\"@id\":\"https:\/\/elglobal.do\/index.php\/2025\/07\/29\/nueva-ley-de-residuos-solidos-amenaza-sostenibilidad-financiera-advierte-ecored\/\",\"url\":\"https:\/\/elglobal.do\/index.php\/2025\/07\/29\/nueva-ley-de-residuos-solidos-amenaza-sostenibilidad-financiera-advierte-ecored\/\",\"name\":\"Nueva ley de residuos s\u00f3lidos amenaza sostenibilidad financiera, advierte ECORED - EL GLOBAL INFORMATIVO\",\"isPartOf\":{\"@id\":\"https:\/\/elglobal.do\/#website\"},\"primaryImageOfPage\":{\"@id\":\"https:\/\/elglobal.do\/index.php\/2025\/07\/29\/nueva-ley-de-residuos-solidos-amenaza-sostenibilidad-financiera-advierte-ecored\/#primaryimage\"},\"image\":{\"@id\":\"https:\/\/elglobal.do\/index.php\/2025\/07\/29\/nueva-ley-de-residuos-solidos-amenaza-sostenibilidad-financiera-advierte-ecored\/#primaryimage\"},\"thumbnailUrl\":\"https:\/\/elglobal.do\/wp-content\/uploads\/2025\/07\/RED.jpeg\",\"datePublished\":\"2025-07-29T20:31:52+00:00\",\"dateModified\":\"2025-07-31T09:59:38+00:00\",\"breadcrumb\":{\"@id\":\"https:\/\/elglobal.do\/index.php\/2025\/07\/29\/nueva-ley-de-residuos-solidos-amenaza-sostenibilidad-financiera-advierte-ecored\/#breadcrumb\"},\"inLanguage\":\"es\",\"potentialAction\":[{\"@type\":\"ReadAction\",\"target\":[\"https:\/\/elglobal.do\/index.php\/2025\/07\/29\/nueva-ley-de-residuos-solidos-amenaza-sostenibilidad-financiera-advierte-ecored\/\"]}]},{\"@type\":\"ImageObject\",\"inLanguage\":\"es\",\"@id\":\"https:\/\/elglobal.do\/index.php\/2025\/07\/29\/nueva-ley-de-residuos-solidos-amenaza-sostenibilidad-financiera-advierte-ecored\/#primaryimage\",\"url\":\"https:\/\/elglobal.do\/wp-content\/uploads\/2025\/07\/RED.jpeg\",\"contentUrl\":\"https:\/\/elglobal.do\/wp-content\/uploads\/2025\/07\/RED.jpeg\",\"width\":1101,\"height\":585},{\"@type\":\"BreadcrumbList\",\"@id\":\"https:\/\/elglobal.do\/index.php\/2025\/07\/29\/nueva-ley-de-residuos-solidos-amenaza-sostenibilidad-financiera-advierte-ecored\/#breadcrumb\",\"itemListElement\":[{\"@type\":\"ListItem\",\"position\":1,\"name\":\"Portada\",\"item\":\"https:\/\/elglobal.do\/\"},{\"@type\":\"ListItem\",\"position\":2,\"name\":\"Nueva ley de residuos s\u00f3lidos amenaza sostenibilidad financiera, advierte ECORED\"}]},{\"@type\":\"WebSite\",\"@id\":\"https:\/\/elglobal.do\/#website\",\"url\":\"https:\/\/elglobal.do\/\",\"name\":\"EL GLOBAL INFORMATIVO\",\"description\":\"Peri\u00f3dico digital de la Rep\u00fablica Dominicana que ofrece noticias, novedades, pol\u00edtica y las \u00faltimas actualidades, con informaci\u00f3n veraz y oportuna para mantenerte siempre informad\",\"publisher\":{\"@id\":\"https:\/\/elglobal.do\/#organization\"},\"potentialAction\":[{\"@type\":\"SearchAction\",\"target\":{\"@type\":\"EntryPoint\",\"urlTemplate\":\"https:\/\/elglobal.do\/?s={search_term_string}\"},\"query-input\":{\"@type\":\"PropertyValueSpecification\",\"valueRequired\":true,\"valueName\":\"search_term_string\"}}],\"inLanguage\":\"es\"},{\"@type\":\"Organization\",\"@id\":\"https:\/\/elglobal.do\/#organization\",\"name\":\"EL GLOBAL.DO INFORMATIVO\",\"url\":\"https:\/\/elglobal.do\/\",\"logo\":{\"@type\":\"ImageObject\",\"inLanguage\":\"es\",\"@id\":\"https:\/\/elglobal.do\/#\/schema\/logo\/image\/\",\"url\":\"https:\/\/elglobal.do\/wp-content\/uploads\/2025\/08\/icon.png\",\"contentUrl\":\"https:\/\/elglobal.do\/wp-content\/uploads\/2025\/08\/icon.png\",\"width\":512,\"height\":512,\"caption\":\"EL GLOBAL.DO INFORMATIVO\"},\"image\":{\"@id\":\"https:\/\/elglobal.do\/#\/schema\/logo\/image\/\"}},{\"@type\":\"Person\",\"@id\":\"https:\/\/elglobal.do\/#\/schema\/person\/0c97ec2c7714fb605d230c292f64d55f\",\"name\":\"EL GLOBAL\",\"image\":{\"@type\":\"ImageObject\",\"inLanguage\":\"es\",\"@id\":\"https:\/\/elglobal.do\/#\/schema\/person\/image\/\",\"url\":\"https:\/\/secure.gravatar.com\/avatar\/081cfb6cf99faddc6f4e23a0c11ab98c5cf302925382d1c88dc3ed757ab910a3?s=96&d=mm&r=g\",\"contentUrl\":\"https:\/\/secure.gravatar.com\/avatar\/081cfb6cf99faddc6f4e23a0c11ab98c5cf302925382d1c88dc3ed757ab910a3?s=96&d=mm&r=g\",\"caption\":\"EL GLOBAL\"},\"description\":\"El Global Informativo es un peri\u00f3dico digital de Rep\u00fablica Dominicana que se dedica a cubrir temas importantes, como la pol\u00edtica local, geopol\u00edtica, econom\u00eda, tecnolog\u00eda, noticias internacionales y eventos relacionados con la gesti\u00f3n social, cultural y humana. Su objetivo principal es mantener a la poblaci\u00f3n informada, ofreciendo una visi\u00f3n amplia y actualizada de lo que sucede tanto en el pa\u00eds como en el mundo. Est\u00e1 dirigido por un grupo de periodistas experimentados, lo que garantiza la calidad y la precisi\u00f3n de la informaci\u00f3n que ofrecen. Tiene su sede en la ciudad de Santo Domingo y es parte integral del portafolio de la empresa, MC Global S.R.L.\",\"sameAs\":[\"https:\/\/elglobal.do\",\"https:\/\/www.instagram.com\/elglobal.do_informativo\/\"],\"url\":\"https:\/\/elglobal.do\/index.php\/author\/elglobaluserpro\/\"}]}<\/script>\n<!-- \/ Yoast SEO plugin. -->","yoast_head_json":{"title":"Nueva ley de residuos s\u00f3lidos amenaza sostenibilidad financiera, advierte ECORED - EL GLOBAL INFORMATIVO","robots":{"index":"index","follow":"follow","max-snippet":"max-snippet:-1","max-image-preview":"max-image-preview:large","max-video-preview":"max-video-preview:-1"},"canonical":"https:\/\/elglobal.do\/index.php\/2025\/07\/29\/nueva-ley-de-residuos-solidos-amenaza-sostenibilidad-financiera-advierte-ecored\/","og_locale":"es_ES","og_type":"article","og_title":"Nueva ley de residuos s\u00f3lidos amenaza sostenibilidad financiera, advierte ECORED - EL GLOBAL INFORMATIVO","og_description":"Inst\u00f3 al Poder Ejecutivo a revisar la modificaci\u00f3n a la Ley 225-20 sobre Residuos S\u00f3lidos antes de su promulgaci\u00f3n, se\u00f1alando que el proyecto aprobado carece de ajustes t\u00e9cnicos y podr\u00eda&hellip;","og_url":"https:\/\/elglobal.do\/index.php\/2025\/07\/29\/nueva-ley-de-residuos-solidos-amenaza-sostenibilidad-financiera-advierte-ecored\/","og_site_name":"EL GLOBAL INFORMATIVO","article_published_time":"2025-07-29T20:31:52+00:00","article_modified_time":"2025-07-31T09:59:38+00:00","og_image":[{"width":1101,"height":585,"url":"https:\/\/elglobal.do\/wp-content\/uploads\/2025\/07\/RED.jpeg","type":"image\/jpeg"}],"author":"EL GLOBAL","twitter_card":"summary_large_image","twitter_misc":{"Escrito por":"EL GLOBAL","Tiempo de lectura":"3 minutos"},"schema":{"@context":"https:\/\/schema.org","@graph":[{"@type":"Article","@id":"https:\/\/elglobal.do\/index.php\/2025\/07\/29\/nueva-ley-de-residuos-solidos-amenaza-sostenibilidad-financiera-advierte-ecored\/#article","isPartOf":{"@id":"https:\/\/elglobal.do\/index.php\/2025\/07\/29\/nueva-ley-de-residuos-solidos-amenaza-sostenibilidad-financiera-advierte-ecored\/"},"author":{"name":"EL GLOBAL","@id":"https:\/\/elglobal.do\/#\/schema\/person\/0c97ec2c7714fb605d230c292f64d55f"},"headline":"Nueva ley de residuos s\u00f3lidos amenaza sostenibilidad financiera, advierte ECORED","datePublished":"2025-07-29T20:31:52+00:00","dateModified":"2025-07-31T09:59:38+00:00","mainEntityOfPage":{"@id":"https:\/\/elglobal.do\/index.php\/2025\/07\/29\/nueva-ley-de-residuos-solidos-amenaza-sostenibilidad-financiera-advierte-ecored\/"},"wordCount":582,"commentCount":0,"publisher":{"@id":"https:\/\/elglobal.do\/#organization"},"image":{"@id":"https:\/\/elglobal.do\/index.php\/2025\/07\/29\/nueva-ley-de-residuos-solidos-amenaza-sostenibilidad-financiera-advierte-ecored\/#primaryimage"},"thumbnailUrl":"https:\/\/elglobal.do\/wp-content\/uploads\/2025\/07\/RED.jpeg","keywords":["#ECORED","#FideicomisoDOSostenible","#Ley225-20","#ResiduosS\u00f3lidos"],"articleSection":["NACIONALES"],"inLanguage":"es","potentialAction":[{"@type":"CommentAction","name":"Comment","target":["https:\/\/elglobal.do\/index.php\/2025\/07\/29\/nueva-ley-de-residuos-solidos-amenaza-sostenibilidad-financiera-advierte-ecored\/#respond"]}]},{"@type":"WebPage","@id":"https:\/\/elglobal.do\/index.php\/2025\/07\/29\/nueva-ley-de-residuos-solidos-amenaza-sostenibilidad-financiera-advierte-ecored\/","url":"https:\/\/elglobal.do\/index.php\/2025\/07\/29\/nueva-ley-de-residuos-solidos-amenaza-sostenibilidad-financiera-advierte-ecored\/","name":"Nueva ley de residuos s\u00f3lidos amenaza sostenibilidad financiera, advierte ECORED - EL GLOBAL INFORMATIVO","isPartOf":{"@id":"https:\/\/elglobal.do\/#website"},"primaryImageOfPage":{"@id":"https:\/\/elglobal.do\/index.php\/2025\/07\/29\/nueva-ley-de-residuos-solidos-amenaza-sostenibilidad-financiera-advierte-ecored\/#primaryimage"},"image":{"@id":"https:\/\/elglobal.do\/index.php\/2025\/07\/29\/nueva-ley-de-residuos-solidos-amenaza-sostenibilidad-financiera-advierte-ecored\/#primaryimage"},"thumbnailUrl":"https:\/\/elglobal.do\/wp-content\/uploads\/2025\/07\/RED.jpeg","datePublished":"2025-07-29T20:31:52+00:00","dateModified":"2025-07-31T09:59:38+00:00","breadcrumb":{"@id":"https:\/\/elglobal.do\/index.php\/2025\/07\/29\/nueva-ley-de-residuos-solidos-amenaza-sostenibilidad-financiera-advierte-ecored\/#breadcrumb"},"inLanguage":"es","potentialAction":[{"@type":"ReadAction","target":["https:\/\/elglobal.do\/index.php\/2025\/07\/29\/nueva-ley-de-residuos-solidos-amenaza-sostenibilidad-financiera-advierte-ecored\/"]}]},{"@type":"ImageObject","inLanguage":"es","@id":"https:\/\/elglobal.do\/index.php\/2025\/07\/29\/nueva-ley-de-residuos-solidos-amenaza-sostenibilidad-financiera-advierte-ecored\/#primaryimage","url":"https:\/\/elglobal.do\/wp-content\/uploads\/2025\/07\/RED.jpeg","contentUrl":"https:\/\/elglobal.do\/wp-content\/uploads\/2025\/07\/RED.jpeg","width":1101,"height":585},{"@type":"BreadcrumbList","@id":"https:\/\/elglobal.do\/index.php\/2025\/07\/29\/nueva-ley-de-residuos-solidos-amenaza-sostenibilidad-financiera-advierte-ecored\/#breadcrumb","itemListElement":[{"@type":"ListItem","position":1,"name":"Portada","item":"https:\/\/elglobal.do\/"},{"@type":"ListItem","position":2,"name":"Nueva ley de residuos s\u00f3lidos amenaza sostenibilidad financiera, advierte ECORED"}]},{"@type":"WebSite","@id":"https:\/\/elglobal.do\/#website","url":"https:\/\/elglobal.do\/","name":"EL GLOBAL INFORMATIVO","description":"Peri\u00f3dico digital de la Rep\u00fablica Dominicana que ofrece noticias, novedades, pol\u00edtica y las \u00faltimas actualidades, con informaci\u00f3n veraz y oportuna para mantenerte siempre informad","publisher":{"@id":"https:\/\/elglobal.do\/#organization"},"potentialAction":[{"@type":"SearchAction","target":{"@type":"EntryPoint","urlTemplate":"https:\/\/elglobal.do\/?s={search_term_string}"},"query-input":{"@type":"PropertyValueSpecification","valueRequired":true,"valueName":"search_term_string"}}],"inLanguage":"es"},{"@type":"Organization","@id":"https:\/\/elglobal.do\/#organization","name":"EL GLOBAL.DO INFORMATIVO","url":"https:\/\/elglobal.do\/","logo":{"@type":"ImageObject","inLanguage":"es","@id":"https:\/\/elglobal.do\/#\/schema\/logo\/image\/","url":"https:\/\/elglobal.do\/wp-content\/uploads\/2025\/08\/icon.png","contentUrl":"https:\/\/elglobal.do\/wp-content\/uploads\/2025\/08\/icon.png","width":512,"height":512,"caption":"EL GLOBAL.DO INFORMATIVO"},"image":{"@id":"https:\/\/elglobal.do\/#\/schema\/logo\/image\/"}},{"@type":"Person","@id":"https:\/\/elglobal.do\/#\/schema\/person\/0c97ec2c7714fb605d230c292f64d55f","name":"EL GLOBAL","image":{"@type":"ImageObject","inLanguage":"es","@id":"https:\/\/elglobal.do\/#\/schema\/person\/image\/","url":"https:\/\/secure.gravatar.com\/avatar\/081cfb6cf99faddc6f4e23a0c11ab98c5cf302925382d1c88dc3ed757ab910a3?s=96&d=mm&r=g","contentUrl":"https:\/\/secure.gravatar.com\/avatar\/081cfb6cf99faddc6f4e23a0c11ab98c5cf302925382d1c88dc3ed757ab910a3?s=96&d=mm&r=g","caption":"EL GLOBAL"},"description":"El Global Informativo es un peri\u00f3dico digital de Rep\u00fablica Dominicana que se dedica a cubrir temas importantes, como la pol\u00edtica local, geopol\u00edtica, econom\u00eda, tecnolog\u00eda, noticias internacionales y eventos relacionados con la gesti\u00f3n social, cultural y humana. Su objetivo principal es mantener a la poblaci\u00f3n informada, ofreciendo una visi\u00f3n amplia y actualizada de lo que sucede tanto en el pa\u00eds como en el mundo. Est\u00e1 dirigido por un grupo de periodistas experimentados, lo que garantiza la calidad y la precisi\u00f3n de la informaci\u00f3n que ofrecen. Tiene su sede en la ciudad de Santo Domingo y es parte integral del portafolio de la empresa, MC Global S.R.L.","sameAs":["https:\/\/elglobal.do","https:\/\/www.instagram.com\/elglobal.do_informativo\/"],"url":"https:\/\/elglobal.do\/index.php\/author\/elglobaluserpro\/"}]}},"jetpack_featured_media_url":"https:\/\/elglobal.do\/wp-content\/uploads\/2025\/07\/RED.jpeg","jetpack_sharing_enabled":true,"_links":{"self":[{"href":"https:\/\/elglobal.do\/index.php\/wp-json\/wp\/v2\/posts\/316","targetHints":{"allow":["GET"]}}],"collection":[{"href":"https:\/\/elglobal.do\/index.php\/wp-json\/wp\/v2\/posts"}],"about":[{"href":"https:\/\/elglobal.do\/index.php\/wp-json\/wp\/v2\/types\/post"}],"author":[{"embeddable":true,"href":"https:\/\/elglobal.do\/index.php\/wp-json\/wp\/v2\/users\/1"}],"replies":[{"embeddable":true,"href":"https:\/\/elglobal.do\/index.php\/wp-json\/wp\/v2\/comments?post=316"}],"version-history":[{"count":1,"href":"https:\/\/elglobal.do\/index.php\/wp-json\/wp\/v2\/posts\/316\/revisions"}],"predecessor-version":[{"id":324,"href":"https:\/\/elglobal.do\/index.php\/wp-json\/wp\/v2\/posts\/316\/revisions\/324"}],"wp:featuredmedia":[{"embeddable":true,"href":"https:\/\/elglobal.do\/index.php\/wp-json\/wp\/v2\/media\/322"}],"wp:attachment":[{"href":"https:\/\/elglobal.do\/index.php\/wp-json\/wp\/v2\/media?parent=316"}],"wp:term":[{"taxonomy":"category","embeddable":true,"href":"https:\/\/elglobal.do\/index.php\/wp-json\/wp\/v2\/categories?post=316"},{"taxonomy":"post_tag","embeddable":true,"href":"https:\/\/elglobal.do\/index.php\/wp-json\/wp\/v2\/tags?post=316"}],"curies":[{"name":"wp","href":"https:\/\/api.w.org\/{rel}","templated":true}]}}