{"id":3181,"date":"2025-10-15T09:36:37","date_gmt":"2025-10-15T13:36:37","guid":{"rendered":"https:\/\/elglobal.do\/?p=3181"},"modified":"2025-10-15T09:36:40","modified_gmt":"2025-10-15T13:36:40","slug":"altice-presenta-la-nueva-serie-xiaomi-15t-y-reafirma-su-compromiso-con-la-innovacion","status":"publish","type":"post","link":"https:\/\/elglobal.do\/index.php\/2025\/10\/15\/altice-presenta-la-nueva-serie-xiaomi-15t-y-reafirma-su-compromiso-con-la-innovacion\/","title":{"rendered":"Altice presenta la nueva serie Xiaomi 15T y reafirma su compromiso con la innovaci\u00f3n"},"content":{"rendered":"\n<figure class=\"wp-block-image size-full\"><img loading=\"lazy\" decoding=\"async\" width=\"1024\" height=\"682\" src=\"https:\/\/elglobal.do\/wp-content\/uploads\/2025\/10\/image-70.png\" alt=\"\" class=\"wp-image-3182\" srcset=\"https:\/\/elglobal.do\/wp-content\/uploads\/2025\/10\/image-70.png 1024w, https:\/\/elglobal.do\/wp-content\/uploads\/2025\/10\/image-70-300x200.png 300w, https:\/\/elglobal.do\/wp-content\/uploads\/2025\/10\/image-70-768x512.png 768w\" sizes=\"auto, (max-width: 1024px) 100vw, 1024px\" \/><\/figure>\n\n\n\n<p><strong>Santo Domingo.-<\/strong> Como parte de su prop\u00f3sito de acercar la innovaci\u00f3n a todos los dominicanos, Altice anuncia la disponibilidad en sus tiendas de los nuevos modelos Xiaomi 15T y Xiaomi 15T Pro. Con esta incorporaci\u00f3n, la compa\u00f1\u00eda contin\u00faa conectando a sus clientes con lo \u00faltimo en tecnolog\u00eda m\u00f3vil, facilitando una vida m\u00e1s simple y productiva gracias a una conectividad de alta calidad.<\/p>\n\n\n\n<p>Ambos modelos combinan c\u00e1maras co-desarrolladas con Leica, conectividad de vanguardia y un dise\u00f1o refinado que eleva la experiencia de los usuarios a un nivel completamente nuevo.<\/p>\n\n\n\n<p>El Xiaomi 15T incluye una c\u00e1mara principal, una ultra gran angular y una telefoto, mientras que el Xiaomi 15T Pro integra una c\u00e1mara principal, una ultra gran angular y la nueva c\u00e1mara Leica 5x Pro-Telefoto. Ambos sistemas est\u00e1n dise\u00f1ados para ofrecer resultados impresionantes en una amplia gama de escenarios.<\/p>\n\n\n\n<p>En cuanto a la videograf\u00eda, la Serie Xiaomi 15T ofrece capacidades de nivel profesional para creadores. Ambos modelos permiten grabaci\u00f3n en 4K a 30fps HDR10+ en todas las distancias focales, garantizando colores vibrantes y contraste uniforme sin importar el lente utilizado.<\/p>\n\n\n<div class=\"wp-block-image\">\n<figure class=\"alignleft size-full is-resized\"><img loading=\"lazy\" decoding=\"async\" width=\"600\" height=\"600\" src=\"https:\/\/elglobal.do\/wp-content\/uploads\/2025\/10\/image-71.png\" alt=\"\" class=\"wp-image-3183\" style=\"width:355px;height:auto\" srcset=\"https:\/\/elglobal.do\/wp-content\/uploads\/2025\/10\/image-71.png 600w, https:\/\/elglobal.do\/wp-content\/uploads\/2025\/10\/image-71-300x300.png 300w, https:\/\/elglobal.do\/wp-content\/uploads\/2025\/10\/image-71-150x150.png 150w\" sizes=\"auto, (max-width: 600px) 100vw, 600px\" \/><\/figure>\n<\/div>\n\n\n<p>Los dispositivos de la Serie, el Xiaomi 15T y el Xiaomi 15T Pro llegan con el nuevo sistema HyperOS 3 y HyperAI, ofreciendo mejor multitarea, interfaz fluida e integraci\u00f3n inteligente entre dispositivos.<br><br>Destacan por sus pantallas inmersivas, dise\u00f1o resistente (Gorilla Glass 7i, IP68) y bater\u00edas de 5,500 mAh con carga r\u00e1pida.<\/p>\n\n\n\n<p>El 15T Pro incluye un potente chip Dimensity 9400+ y pantalla de hasta 144Hz, ideal para alto rendimiento y estilo premium.<\/p>\n\n\n\n<p>El Xiaomi 15T est\u00e1 disponible en colores gris y oro rosa, mientras que el 15T Pro se ofrece en gris y oro moca.<\/p>\n\n\n\n<p>Ambos modelos est\u00e1n disponibles oficialmente <strong>desde el 15 de octubre en a nivel nacional;<\/strong> los primeros compradores podr\u00e1n aprovechar ofertas exclusivas y descuentos especiales en tiendas seleccionadas.<\/p>\n\n\n\n<p><strong>Acerca de Xiaomi<\/strong><\/p>\n\n\n\n<p>Xiaomi Corporation, fundada en 2010 y cotizada en la Bolsa de Hong Kong desde 2018, es una empresa l\u00edder en tecnolog\u00eda, especializada en smartphones y dispositivos inteligentes conectados a su plataforma IoT.<\/p>\n\n\n\n<p>Con m\u00e1s de 702 millones de usuarios activos y 904 millones de dispositivosconectados en todo el mundo, Xiaomi est\u00e1 presente en m\u00e1s de 100 pa\u00edses. Su estrategia \u201cHuman \u00d7 Car \u00d7 Home\u201d busca integrar de forma inteligente el hogar, los dispositivos personales y los autom\u00f3viles.<\/p>\n\n\n\n<p>La compa\u00f1\u00eda ha sido reconocida seis veces en la Fortune Global 500.<\/p>\n\n\n\n<p><\/p>\n","protected":false},"excerpt":{"rendered":"<p>Santo Domingo.- Como parte de su prop\u00f3sito de acercar la innovaci\u00f3n a todos los dominicanos, Altice anuncia la disponibilidad en sus tiendas de los nuevos modelos Xiaomi 15T y Xiaomi&hellip; <\/p>\n","protected":false},"author":1,"featured_media":3182,"comment_status":"open","ping_status":"open","sticky":false,"template":"","format":"standard","meta":{"_jetpack_memberships_contains_paid_content":false,"footnotes":""},"categories":[8],"tags":[1761,1083,186,1415,1762],"class_list":["post-3181","post","type-post","status-publish","format-standard","has-post-thumbnail","hentry","category-tegnologia","tag-altice","tag-compromiso","tag-innovacion-2","tag-tecnologia","tag-xiaomi15t"],"yoast_head":"<!-- This site is optimized with the Yoast SEO plugin v26.9 - https:\/\/yoast.com\/product\/yoast-seo-wordpress\/ -->\n<title>Altice presenta la nueva serie Xiaomi 15T y reafirma su compromiso con la innovaci\u00f3n - EL GLOBAL INFORMATIVO<\/title>\n<meta name=\"robots\" content=\"index, follow, max-snippet:-1, max-image-preview:large, max-video-preview:-1\" \/>\n<link rel=\"canonical\" href=\"https:\/\/elglobal.do\/index.php\/2025\/10\/15\/altice-presenta-la-nueva-serie-xiaomi-15t-y-reafirma-su-compromiso-con-la-innovacion\/\" \/>\n<meta property=\"og:locale\" content=\"es_ES\" \/>\n<meta property=\"og:type\" content=\"article\" \/>\n<meta property=\"og:title\" content=\"Altice presenta la nueva serie Xiaomi 15T y reafirma su compromiso con la innovaci\u00f3n - EL GLOBAL INFORMATIVO\" \/>\n<meta property=\"og:description\" content=\"Santo Domingo.- Como parte de su prop\u00f3sito de acercar la innovaci\u00f3n a todos los dominicanos, Altice anuncia la disponibilidad en sus tiendas de los nuevos modelos Xiaomi 15T y Xiaomi&hellip;\" \/>\n<meta property=\"og:url\" content=\"https:\/\/elglobal.do\/index.php\/2025\/10\/15\/altice-presenta-la-nueva-serie-xiaomi-15t-y-reafirma-su-compromiso-con-la-innovacion\/\" \/>\n<meta property=\"og:site_name\" content=\"EL GLOBAL INFORMATIVO\" \/>\n<meta property=\"article:published_time\" content=\"2025-10-15T13:36:37+00:00\" \/>\n<meta property=\"article:modified_time\" content=\"2025-10-15T13:36:40+00:00\" \/>\n<meta property=\"og:image\" content=\"https:\/\/elglobal.do\/wp-content\/uploads\/2025\/10\/image-70.png\" \/>\n\t<meta property=\"og:image:width\" content=\"1024\" \/>\n\t<meta property=\"og:image:height\" content=\"682\" \/>\n\t<meta property=\"og:image:type\" content=\"image\/png\" \/>\n<meta name=\"author\" content=\"EL GLOBAL\" \/>\n<meta name=\"twitter:card\" content=\"summary_large_image\" \/>\n<meta name=\"twitter:label1\" content=\"Escrito por\" \/>\n\t<meta name=\"twitter:data1\" content=\"EL GLOBAL\" \/>\n\t<meta name=\"twitter:label2\" content=\"Tiempo de lectura\" \/>\n\t<meta name=\"twitter:data2\" content=\"3 minutos\" \/>\n<script type=\"application\/ld+json\" class=\"yoast-schema-graph\">{\"@context\":\"https:\/\/schema.org\",\"@graph\":[{\"@type\":\"Article\",\"@id\":\"https:\/\/elglobal.do\/index.php\/2025\/10\/15\/altice-presenta-la-nueva-serie-xiaomi-15t-y-reafirma-su-compromiso-con-la-innovacion\/#article\",\"isPartOf\":{\"@id\":\"https:\/\/elglobal.do\/index.php\/2025\/10\/15\/altice-presenta-la-nueva-serie-xiaomi-15t-y-reafirma-su-compromiso-con-la-innovacion\/\"},\"author\":{\"name\":\"EL GLOBAL\",\"@id\":\"https:\/\/elglobal.do\/#\/schema\/person\/0c97ec2c7714fb605d230c292f64d55f\"},\"headline\":\"Altice presenta la nueva serie Xiaomi 15T y reafirma su compromiso con la innovaci\u00f3n\",\"datePublished\":\"2025-10-15T13:36:37+00:00\",\"dateModified\":\"2025-10-15T13:36:40+00:00\",\"mainEntityOfPage\":{\"@id\":\"https:\/\/elglobal.do\/index.php\/2025\/10\/15\/altice-presenta-la-nueva-serie-xiaomi-15t-y-reafirma-su-compromiso-con-la-innovacion\/\"},\"wordCount\":426,\"commentCount\":0,\"publisher\":{\"@id\":\"https:\/\/elglobal.do\/#organization\"},\"image\":{\"@id\":\"https:\/\/elglobal.do\/index.php\/2025\/10\/15\/altice-presenta-la-nueva-serie-xiaomi-15t-y-reafirma-su-compromiso-con-la-innovacion\/#primaryimage\"},\"thumbnailUrl\":\"https:\/\/elglobal.do\/wp-content\/uploads\/2025\/10\/image-70.png\",\"keywords\":[\"#Altice\",\"#Compromiso\",\"#Innovaci\u00f3n\",\"#Tecnolog\u00eda\",\"#Xiaomi15T\"],\"articleSection\":[\"TEGNOLOG\u00cdA\"],\"inLanguage\":\"es\",\"potentialAction\":[{\"@type\":\"CommentAction\",\"name\":\"Comment\",\"target\":[\"https:\/\/elglobal.do\/index.php\/2025\/10\/15\/altice-presenta-la-nueva-serie-xiaomi-15t-y-reafirma-su-compromiso-con-la-innovacion\/#respond\"]}]},{\"@type\":\"WebPage\",\"@id\":\"https:\/\/elglobal.do\/index.php\/2025\/10\/15\/altice-presenta-la-nueva-serie-xiaomi-15t-y-reafirma-su-compromiso-con-la-innovacion\/\",\"url\":\"https:\/\/elglobal.do\/index.php\/2025\/10\/15\/altice-presenta-la-nueva-serie-xiaomi-15t-y-reafirma-su-compromiso-con-la-innovacion\/\",\"name\":\"Altice presenta la nueva serie Xiaomi 15T y reafirma su compromiso con la innovaci\u00f3n - EL GLOBAL INFORMATIVO\",\"isPartOf\":{\"@id\":\"https:\/\/elglobal.do\/#website\"},\"primaryImageOfPage\":{\"@id\":\"https:\/\/elglobal.do\/index.php\/2025\/10\/15\/altice-presenta-la-nueva-serie-xiaomi-15t-y-reafirma-su-compromiso-con-la-innovacion\/#primaryimage\"},\"image\":{\"@id\":\"https:\/\/elglobal.do\/index.php\/2025\/10\/15\/altice-presenta-la-nueva-serie-xiaomi-15t-y-reafirma-su-compromiso-con-la-innovacion\/#primaryimage\"},\"thumbnailUrl\":\"https:\/\/elglobal.do\/wp-content\/uploads\/2025\/10\/image-70.png\",\"datePublished\":\"2025-10-15T13:36:37+00:00\",\"dateModified\":\"2025-10-15T13:36:40+00:00\",\"breadcrumb\":{\"@id\":\"https:\/\/elglobal.do\/index.php\/2025\/10\/15\/altice-presenta-la-nueva-serie-xiaomi-15t-y-reafirma-su-compromiso-con-la-innovacion\/#breadcrumb\"},\"inLanguage\":\"es\",\"potentialAction\":[{\"@type\":\"ReadAction\",\"target\":[\"https:\/\/elglobal.do\/index.php\/2025\/10\/15\/altice-presenta-la-nueva-serie-xiaomi-15t-y-reafirma-su-compromiso-con-la-innovacion\/\"]}]},{\"@type\":\"ImageObject\",\"inLanguage\":\"es\",\"@id\":\"https:\/\/elglobal.do\/index.php\/2025\/10\/15\/altice-presenta-la-nueva-serie-xiaomi-15t-y-reafirma-su-compromiso-con-la-innovacion\/#primaryimage\",\"url\":\"https:\/\/elglobal.do\/wp-content\/uploads\/2025\/10\/image-70.png\",\"contentUrl\":\"https:\/\/elglobal.do\/wp-content\/uploads\/2025\/10\/image-70.png\",\"width\":1024,\"height\":682},{\"@type\":\"BreadcrumbList\",\"@id\":\"https:\/\/elglobal.do\/index.php\/2025\/10\/15\/altice-presenta-la-nueva-serie-xiaomi-15t-y-reafirma-su-compromiso-con-la-innovacion\/#breadcrumb\",\"itemListElement\":[{\"@type\":\"ListItem\",\"position\":1,\"name\":\"Portada\",\"item\":\"https:\/\/elglobal.do\/\"},{\"@type\":\"ListItem\",\"position\":2,\"name\":\"Altice presenta la nueva serie Xiaomi 15T y reafirma su compromiso con la innovaci\u00f3n\"}]},{\"@type\":\"WebSite\",\"@id\":\"https:\/\/elglobal.do\/#website\",\"url\":\"https:\/\/elglobal.do\/\",\"name\":\"EL GLOBAL INFORMATIVO\",\"description\":\"Peri\u00f3dico digital de la Rep\u00fablica Dominicana que ofrece noticias, novedades, pol\u00edtica y las \u00faltimas actualidades, con informaci\u00f3n veraz y oportuna para mantenerte siempre informad\",\"publisher\":{\"@id\":\"https:\/\/elglobal.do\/#organization\"},\"potentialAction\":[{\"@type\":\"SearchAction\",\"target\":{\"@type\":\"EntryPoint\",\"urlTemplate\":\"https:\/\/elglobal.do\/?s={search_term_string}\"},\"query-input\":{\"@type\":\"PropertyValueSpecification\",\"valueRequired\":true,\"valueName\":\"search_term_string\"}}],\"inLanguage\":\"es\"},{\"@type\":\"Organization\",\"@id\":\"https:\/\/elglobal.do\/#organization\",\"name\":\"EL GLOBAL.DO INFORMATIVO\",\"url\":\"https:\/\/elglobal.do\/\",\"logo\":{\"@type\":\"ImageObject\",\"inLanguage\":\"es\",\"@id\":\"https:\/\/elglobal.do\/#\/schema\/logo\/image\/\",\"url\":\"https:\/\/elglobal.do\/wp-content\/uploads\/2025\/08\/icon.png\",\"contentUrl\":\"https:\/\/elglobal.do\/wp-content\/uploads\/2025\/08\/icon.png\",\"width\":512,\"height\":512,\"caption\":\"EL GLOBAL.DO INFORMATIVO\"},\"image\":{\"@id\":\"https:\/\/elglobal.do\/#\/schema\/logo\/image\/\"}},{\"@type\":\"Person\",\"@id\":\"https:\/\/elglobal.do\/#\/schema\/person\/0c97ec2c7714fb605d230c292f64d55f\",\"name\":\"EL GLOBAL\",\"image\":{\"@type\":\"ImageObject\",\"inLanguage\":\"es\",\"@id\":\"https:\/\/elglobal.do\/#\/schema\/person\/image\/\",\"url\":\"https:\/\/secure.gravatar.com\/avatar\/081cfb6cf99faddc6f4e23a0c11ab98c5cf302925382d1c88dc3ed757ab910a3?s=96&d=mm&r=g\",\"contentUrl\":\"https:\/\/secure.gravatar.com\/avatar\/081cfb6cf99faddc6f4e23a0c11ab98c5cf302925382d1c88dc3ed757ab910a3?s=96&d=mm&r=g\",\"caption\":\"EL GLOBAL\"},\"description\":\"El Global Informativo es un peri\u00f3dico digital de Rep\u00fablica Dominicana que se dedica a cubrir temas importantes, como la pol\u00edtica local, geopol\u00edtica, econom\u00eda, tecnolog\u00eda, noticias internacionales y eventos relacionados con la gesti\u00f3n social, cultural y humana. Su objetivo principal es mantener a la poblaci\u00f3n informada, ofreciendo una visi\u00f3n amplia y actualizada de lo que sucede tanto en el pa\u00eds como en el mundo. Est\u00e1 dirigido por un grupo de periodistas experimentados, lo que garantiza la calidad y la precisi\u00f3n de la informaci\u00f3n que ofrecen. Tiene su sede en la ciudad de Santo Domingo y es parte integral del portafolio de la empresa, MC Global S.R.L.\",\"sameAs\":[\"https:\/\/elglobal.do\",\"https:\/\/www.instagram.com\/elglobal.do_informativo\/\"],\"url\":\"https:\/\/elglobal.do\/index.php\/author\/elglobaluserpro\/\"}]}<\/script>\n<!-- \/ Yoast SEO plugin. -->","yoast_head_json":{"title":"Altice presenta la nueva serie Xiaomi 15T y reafirma su compromiso con la innovaci\u00f3n - EL GLOBAL INFORMATIVO","robots":{"index":"index","follow":"follow","max-snippet":"max-snippet:-1","max-image-preview":"max-image-preview:large","max-video-preview":"max-video-preview:-1"},"canonical":"https:\/\/elglobal.do\/index.php\/2025\/10\/15\/altice-presenta-la-nueva-serie-xiaomi-15t-y-reafirma-su-compromiso-con-la-innovacion\/","og_locale":"es_ES","og_type":"article","og_title":"Altice presenta la nueva serie Xiaomi 15T y reafirma su compromiso con la innovaci\u00f3n - EL GLOBAL INFORMATIVO","og_description":"Santo Domingo.- Como parte de su prop\u00f3sito de acercar la innovaci\u00f3n a todos los dominicanos, Altice anuncia la disponibilidad en sus tiendas de los nuevos modelos Xiaomi 15T y Xiaomi&hellip;","og_url":"https:\/\/elglobal.do\/index.php\/2025\/10\/15\/altice-presenta-la-nueva-serie-xiaomi-15t-y-reafirma-su-compromiso-con-la-innovacion\/","og_site_name":"EL GLOBAL INFORMATIVO","article_published_time":"2025-10-15T13:36:37+00:00","article_modified_time":"2025-10-15T13:36:40+00:00","og_image":[{"width":1024,"height":682,"url":"https:\/\/elglobal.do\/wp-content\/uploads\/2025\/10\/image-70.png","type":"image\/png"}],"author":"EL GLOBAL","twitter_card":"summary_large_image","twitter_misc":{"Escrito por":"EL GLOBAL","Tiempo de lectura":"3 minutos"},"schema":{"@context":"https:\/\/schema.org","@graph":[{"@type":"Article","@id":"https:\/\/elglobal.do\/index.php\/2025\/10\/15\/altice-presenta-la-nueva-serie-xiaomi-15t-y-reafirma-su-compromiso-con-la-innovacion\/#article","isPartOf":{"@id":"https:\/\/elglobal.do\/index.php\/2025\/10\/15\/altice-presenta-la-nueva-serie-xiaomi-15t-y-reafirma-su-compromiso-con-la-innovacion\/"},"author":{"name":"EL GLOBAL","@id":"https:\/\/elglobal.do\/#\/schema\/person\/0c97ec2c7714fb605d230c292f64d55f"},"headline":"Altice presenta la nueva serie Xiaomi 15T y reafirma su compromiso con la innovaci\u00f3n","datePublished":"2025-10-15T13:36:37+00:00","dateModified":"2025-10-15T13:36:40+00:00","mainEntityOfPage":{"@id":"https:\/\/elglobal.do\/index.php\/2025\/10\/15\/altice-presenta-la-nueva-serie-xiaomi-15t-y-reafirma-su-compromiso-con-la-innovacion\/"},"wordCount":426,"commentCount":0,"publisher":{"@id":"https:\/\/elglobal.do\/#organization"},"image":{"@id":"https:\/\/elglobal.do\/index.php\/2025\/10\/15\/altice-presenta-la-nueva-serie-xiaomi-15t-y-reafirma-su-compromiso-con-la-innovacion\/#primaryimage"},"thumbnailUrl":"https:\/\/elglobal.do\/wp-content\/uploads\/2025\/10\/image-70.png","keywords":["#Altice","#Compromiso","#Innovaci\u00f3n","#Tecnolog\u00eda","#Xiaomi15T"],"articleSection":["TEGNOLOG\u00cdA"],"inLanguage":"es","potentialAction":[{"@type":"CommentAction","name":"Comment","target":["https:\/\/elglobal.do\/index.php\/2025\/10\/15\/altice-presenta-la-nueva-serie-xiaomi-15t-y-reafirma-su-compromiso-con-la-innovacion\/#respond"]}]},{"@type":"WebPage","@id":"https:\/\/elglobal.do\/index.php\/2025\/10\/15\/altice-presenta-la-nueva-serie-xiaomi-15t-y-reafirma-su-compromiso-con-la-innovacion\/","url":"https:\/\/elglobal.do\/index.php\/2025\/10\/15\/altice-presenta-la-nueva-serie-xiaomi-15t-y-reafirma-su-compromiso-con-la-innovacion\/","name":"Altice presenta la nueva serie Xiaomi 15T y reafirma su compromiso con la innovaci\u00f3n - EL GLOBAL INFORMATIVO","isPartOf":{"@id":"https:\/\/elglobal.do\/#website"},"primaryImageOfPage":{"@id":"https:\/\/elglobal.do\/index.php\/2025\/10\/15\/altice-presenta-la-nueva-serie-xiaomi-15t-y-reafirma-su-compromiso-con-la-innovacion\/#primaryimage"},"image":{"@id":"https:\/\/elglobal.do\/index.php\/2025\/10\/15\/altice-presenta-la-nueva-serie-xiaomi-15t-y-reafirma-su-compromiso-con-la-innovacion\/#primaryimage"},"thumbnailUrl":"https:\/\/elglobal.do\/wp-content\/uploads\/2025\/10\/image-70.png","datePublished":"2025-10-15T13:36:37+00:00","dateModified":"2025-10-15T13:36:40+00:00","breadcrumb":{"@id":"https:\/\/elglobal.do\/index.php\/2025\/10\/15\/altice-presenta-la-nueva-serie-xiaomi-15t-y-reafirma-su-compromiso-con-la-innovacion\/#breadcrumb"},"inLanguage":"es","potentialAction":[{"@type":"ReadAction","target":["https:\/\/elglobal.do\/index.php\/2025\/10\/15\/altice-presenta-la-nueva-serie-xiaomi-15t-y-reafirma-su-compromiso-con-la-innovacion\/"]}]},{"@type":"ImageObject","inLanguage":"es","@id":"https:\/\/elglobal.do\/index.php\/2025\/10\/15\/altice-presenta-la-nueva-serie-xiaomi-15t-y-reafirma-su-compromiso-con-la-innovacion\/#primaryimage","url":"https:\/\/elglobal.do\/wp-content\/uploads\/2025\/10\/image-70.png","contentUrl":"https:\/\/elglobal.do\/wp-content\/uploads\/2025\/10\/image-70.png","width":1024,"height":682},{"@type":"BreadcrumbList","@id":"https:\/\/elglobal.do\/index.php\/2025\/10\/15\/altice-presenta-la-nueva-serie-xiaomi-15t-y-reafirma-su-compromiso-con-la-innovacion\/#breadcrumb","itemListElement":[{"@type":"ListItem","position":1,"name":"Portada","item":"https:\/\/elglobal.do\/"},{"@type":"ListItem","position":2,"name":"Altice presenta la nueva serie Xiaomi 15T y reafirma su compromiso con la innovaci\u00f3n"}]},{"@type":"WebSite","@id":"https:\/\/elglobal.do\/#website","url":"https:\/\/elglobal.do\/","name":"EL GLOBAL INFORMATIVO","description":"Peri\u00f3dico digital de la Rep\u00fablica Dominicana que ofrece noticias, novedades, pol\u00edtica y las \u00faltimas actualidades, con informaci\u00f3n veraz y oportuna para mantenerte siempre informad","publisher":{"@id":"https:\/\/elglobal.do\/#organization"},"potentialAction":[{"@type":"SearchAction","target":{"@type":"EntryPoint","urlTemplate":"https:\/\/elglobal.do\/?s={search_term_string}"},"query-input":{"@type":"PropertyValueSpecification","valueRequired":true,"valueName":"search_term_string"}}],"inLanguage":"es"},{"@type":"Organization","@id":"https:\/\/elglobal.do\/#organization","name":"EL GLOBAL.DO INFORMATIVO","url":"https:\/\/elglobal.do\/","logo":{"@type":"ImageObject","inLanguage":"es","@id":"https:\/\/elglobal.do\/#\/schema\/logo\/image\/","url":"https:\/\/elglobal.do\/wp-content\/uploads\/2025\/08\/icon.png","contentUrl":"https:\/\/elglobal.do\/wp-content\/uploads\/2025\/08\/icon.png","width":512,"height":512,"caption":"EL GLOBAL.DO INFORMATIVO"},"image":{"@id":"https:\/\/elglobal.do\/#\/schema\/logo\/image\/"}},{"@type":"Person","@id":"https:\/\/elglobal.do\/#\/schema\/person\/0c97ec2c7714fb605d230c292f64d55f","name":"EL GLOBAL","image":{"@type":"ImageObject","inLanguage":"es","@id":"https:\/\/elglobal.do\/#\/schema\/person\/image\/","url":"https:\/\/secure.gravatar.com\/avatar\/081cfb6cf99faddc6f4e23a0c11ab98c5cf302925382d1c88dc3ed757ab910a3?s=96&d=mm&r=g","contentUrl":"https:\/\/secure.gravatar.com\/avatar\/081cfb6cf99faddc6f4e23a0c11ab98c5cf302925382d1c88dc3ed757ab910a3?s=96&d=mm&r=g","caption":"EL GLOBAL"},"description":"El Global Informativo es un peri\u00f3dico digital de Rep\u00fablica Dominicana que se dedica a cubrir temas importantes, como la pol\u00edtica local, geopol\u00edtica, econom\u00eda, tecnolog\u00eda, noticias internacionales y eventos relacionados con la gesti\u00f3n social, cultural y humana. Su objetivo principal es mantener a la poblaci\u00f3n informada, ofreciendo una visi\u00f3n amplia y actualizada de lo que sucede tanto en el pa\u00eds como en el mundo. Est\u00e1 dirigido por un grupo de periodistas experimentados, lo que garantiza la calidad y la precisi\u00f3n de la informaci\u00f3n que ofrecen. Tiene su sede en la ciudad de Santo Domingo y es parte integral del portafolio de la empresa, MC Global S.R.L.","sameAs":["https:\/\/elglobal.do","https:\/\/www.instagram.com\/elglobal.do_informativo\/"],"url":"https:\/\/elglobal.do\/index.php\/author\/elglobaluserpro\/"}]}},"jetpack_featured_media_url":"https:\/\/elglobal.do\/wp-content\/uploads\/2025\/10\/image-70.png","jetpack_sharing_enabled":true,"_links":{"self":[{"href":"https:\/\/elglobal.do\/index.php\/wp-json\/wp\/v2\/posts\/3181","targetHints":{"allow":["GET"]}}],"collection":[{"href":"https:\/\/elglobal.do\/index.php\/wp-json\/wp\/v2\/posts"}],"about":[{"href":"https:\/\/elglobal.do\/index.php\/wp-json\/wp\/v2\/types\/post"}],"author":[{"embeddable":true,"href":"https:\/\/elglobal.do\/index.php\/wp-json\/wp\/v2\/users\/1"}],"replies":[{"embeddable":true,"href":"https:\/\/elglobal.do\/index.php\/wp-json\/wp\/v2\/comments?post=3181"}],"version-history":[{"count":1,"href":"https:\/\/elglobal.do\/index.php\/wp-json\/wp\/v2\/posts\/3181\/revisions"}],"predecessor-version":[{"id":3184,"href":"https:\/\/elglobal.do\/index.php\/wp-json\/wp\/v2\/posts\/3181\/revisions\/3184"}],"wp:featuredmedia":[{"embeddable":true,"href":"https:\/\/elglobal.do\/index.php\/wp-json\/wp\/v2\/media\/3182"}],"wp:attachment":[{"href":"https:\/\/elglobal.do\/index.php\/wp-json\/wp\/v2\/media?parent=3181"}],"wp:term":[{"taxonomy":"category","embeddable":true,"href":"https:\/\/elglobal.do\/index.php\/wp-json\/wp\/v2\/categories?post=3181"},{"taxonomy":"post_tag","embeddable":true,"href":"https:\/\/elglobal.do\/index.php\/wp-json\/wp\/v2\/tags?post=3181"}],"curies":[{"name":"wp","href":"https:\/\/api.w.org\/{rel}","templated":true}]}}