{"id":3191,"date":"2025-10-15T10:59:19","date_gmt":"2025-10-15T14:59:19","guid":{"rendered":"https:\/\/elglobal.do\/?p=3191"},"modified":"2025-10-15T10:59:23","modified_gmt":"2025-10-15T14:59:23","slug":"seis-provincias-del-cibao-declaradas-en-alerta-verde-por-lluvias-este-miercoles","status":"publish","type":"post","link":"https:\/\/elglobal.do\/index.php\/2025\/10\/15\/seis-provincias-del-cibao-declaradas-en-alerta-verde-por-lluvias-este-miercoles\/","title":{"rendered":"Seis provincias del Cibao declaradas en alerta verde por lluvias este mi\u00e9rcoles"},"content":{"rendered":"\n<figure class=\"wp-block-image size-full is-resized\"><img loading=\"lazy\" decoding=\"async\" width=\"896\" height=\"504\" src=\"https:\/\/elglobal.do\/wp-content\/uploads\/2025\/10\/image-74.png\" alt=\"\" class=\"wp-image-3192\" style=\"width:637px;height:auto\" srcset=\"https:\/\/elglobal.do\/wp-content\/uploads\/2025\/10\/image-74.png 896w, https:\/\/elglobal.do\/wp-content\/uploads\/2025\/10\/image-74-300x169.png 300w, https:\/\/elglobal.do\/wp-content\/uploads\/2025\/10\/image-74-768x432.png 768w\" sizes=\"auto, (max-width: 896px) 100vw, 896px\" \/><\/figure>\n\n\n\n<p><strong>Santo Domingo.-<\/strong> El\u00a0<strong>Centro de Operaciones de Emergencias<\/strong>\u00a0(<strong>COE<\/strong>) coloc\u00f3 este mi\u00e9rcoles a seis provincias en\u00a0<strong>alerta verde<\/strong>\u00a0por las lluvias que se prev\u00e9n debido a la incidencia de una\u00a0<strong>vaguada prefrontal<\/strong>.<\/p>\n\n\n\n<p>Las provincias en&nbsp;<strong>alerta verde<\/strong>&nbsp;son:&nbsp;<strong>Montecristi<\/strong>, Saman\u00e1,&nbsp;<strong>Puerto Plata<\/strong>, Espaillat, Hermanas Mirabal y Mar\u00eda Trinidad S\u00e1nchez.<\/p>\n\n\n\n<p>En ese sentido, la entidad recomend\u00f3 a las personas&nbsp;<strong>abstenerse<\/strong>&nbsp;de cruzar, r\u00edos, arroyos y ca\u00f1adas que presenten&nbsp;<strong>altos vol\u00famenes de agua<\/strong>&nbsp;en la provincia bajo alerta.<\/p>\n\n\n\n<p>Se recuerda que la\u00a0<strong>alerta verde<\/strong>\u00a0es aquella que se declara cuando las expectativas de un fen\u00f3meno permiten prever la ocurrencia de un evento de car\u00e1cter peligroso para la\u00a0<strong>poblaci\u00f3n<\/strong>. Puede ser parcial o total.<\/p>\n\n\n\n<h2 class=\"wp-block-heading\">Lluvias<\/h2>\n\n\n\n<p>El&nbsp;<strong>Instituto Dominicano de Meteorolog\u00eda<\/strong>&nbsp;(<strong>Indomet<\/strong>) inform\u00f3 que, este mi\u00e9rcoles, una&nbsp;<strong>vaguada prefrontal<\/strong>&nbsp;provocar\u00e1 aguaceros, con&nbsp;<strong>tormentas el\u00e9ctricas<\/strong>, en gran parte del territorio nacional.<\/p>\n\n\n\n<p>La entidad explic\u00f3 que, durante las&nbsp;<strong>horas matutinas<\/strong>, se observar\u00e1&nbsp;<strong>nubosidad variable<\/strong>, y&nbsp;<strong>chubascos pasajeros<\/strong>, en distintos puntos del pa\u00eds.<\/p>\n\n\n\n<p>No obstante, en horas de la tarde, la vaguada generar\u00e1 un incremento de la nubosidad, acompa\u00f1ado de&nbsp;<strong>aguaceros moderados<\/strong>&nbsp;a fuertes,&nbsp;<strong>tormentas el\u00e9ctricas<\/strong>&nbsp;y&nbsp;<strong>r\u00e1fagas de viento<\/strong>, principalmente, hacia las provincias&nbsp;<strong>Montecristi<\/strong>,&nbsp;<strong>Puerto Plata<\/strong>, Valverde, Dajab\u00f3n, Santiago Rodr\u00edguez, Santiago, La Vega, Monse\u00f1or Nouel, Duarte, S\u00e1nchez Ram\u00edrez, Saman\u00e1, Monte Plata y Hato Mayor, as\u00ed como en otras cercanas.<\/p>\n\n\n\n<p>Indic\u00f3 que, tambi\u00e9n, se prev\u00e9n efectos en localidades del\u00a0<strong>noroeste<\/strong>, norte y noreste, incluyendo al\u00a0<strong>Gran Santo Domingo<\/strong>\u00a0y\u00a0<strong>San Crist\u00f3bal<\/strong>.<\/p>\n\n\n\n<p><\/p>\n","protected":false},"excerpt":{"rendered":"<p>Santo Domingo.- El\u00a0Centro de Operaciones de Emergencias\u00a0(COE) coloc\u00f3 este mi\u00e9rcoles a seis provincias en\u00a0alerta verde\u00a0por las lluvias que se prev\u00e9n debido a la incidencia de una\u00a0vaguada prefrontal. Las provincias en&nbsp;alerta&hellip; <\/p>\n","protected":false},"author":1,"featured_media":3192,"comment_status":"open","ping_status":"open","sticky":false,"template":"","format":"standard","meta":{"_jetpack_memberships_contains_paid_content":false,"footnotes":""},"categories":[120,14],"tags":[223,1655,121,216],"class_list":["post-3191","post","type-post","status-publish","format-standard","has-post-thumbnail","hentry","category-clima","category-slider","tag-alerta","tag-cibao","tag-clima","tag-coe"],"yoast_head":"<!-- This site is optimized with the Yoast SEO plugin v26.9 - https:\/\/yoast.com\/product\/yoast-seo-wordpress\/ -->\n<title>Seis provincias del Cibao declaradas en alerta verde por lluvias este mi\u00e9rcoles - EL GLOBAL INFORMATIVO<\/title>\n<meta name=\"robots\" content=\"index, follow, max-snippet:-1, max-image-preview:large, max-video-preview:-1\" \/>\n<link rel=\"canonical\" href=\"https:\/\/elglobal.do\/index.php\/2025\/10\/15\/seis-provincias-del-cibao-declaradas-en-alerta-verde-por-lluvias-este-miercoles\/\" \/>\n<meta property=\"og:locale\" content=\"es_ES\" \/>\n<meta property=\"og:type\" content=\"article\" \/>\n<meta property=\"og:title\" content=\"Seis provincias del Cibao declaradas en alerta verde por lluvias este mi\u00e9rcoles - EL GLOBAL INFORMATIVO\" \/>\n<meta property=\"og:description\" content=\"Santo Domingo.- El\u00a0Centro de Operaciones de Emergencias\u00a0(COE) coloc\u00f3 este mi\u00e9rcoles a seis provincias en\u00a0alerta verde\u00a0por las lluvias que se prev\u00e9n debido a la incidencia de una\u00a0vaguada prefrontal. Las provincias en&nbsp;alerta&hellip;\" \/>\n<meta property=\"og:url\" content=\"https:\/\/elglobal.do\/index.php\/2025\/10\/15\/seis-provincias-del-cibao-declaradas-en-alerta-verde-por-lluvias-este-miercoles\/\" \/>\n<meta property=\"og:site_name\" content=\"EL GLOBAL INFORMATIVO\" \/>\n<meta property=\"article:published_time\" content=\"2025-10-15T14:59:19+00:00\" \/>\n<meta property=\"article:modified_time\" content=\"2025-10-15T14:59:23+00:00\" \/>\n<meta property=\"og:image\" content=\"https:\/\/elglobal.do\/wp-content\/uploads\/2025\/10\/image-74.png\" \/>\n\t<meta property=\"og:image:width\" content=\"896\" \/>\n\t<meta property=\"og:image:height\" content=\"504\" \/>\n\t<meta property=\"og:image:type\" content=\"image\/png\" \/>\n<meta name=\"author\" content=\"EL GLOBAL\" \/>\n<meta name=\"twitter:card\" content=\"summary_large_image\" \/>\n<meta name=\"twitter:label1\" content=\"Escrito por\" \/>\n\t<meta name=\"twitter:data1\" content=\"EL GLOBAL\" \/>\n\t<meta name=\"twitter:label2\" content=\"Tiempo de lectura\" \/>\n\t<meta name=\"twitter:data2\" content=\"2 minutos\" \/>\n<script type=\"application\/ld+json\" class=\"yoast-schema-graph\">{\"@context\":\"https:\/\/schema.org\",\"@graph\":[{\"@type\":\"Article\",\"@id\":\"https:\/\/elglobal.do\/index.php\/2025\/10\/15\/seis-provincias-del-cibao-declaradas-en-alerta-verde-por-lluvias-este-miercoles\/#article\",\"isPartOf\":{\"@id\":\"https:\/\/elglobal.do\/index.php\/2025\/10\/15\/seis-provincias-del-cibao-declaradas-en-alerta-verde-por-lluvias-este-miercoles\/\"},\"author\":{\"name\":\"EL GLOBAL\",\"@id\":\"https:\/\/elglobal.do\/#\/schema\/person\/0c97ec2c7714fb605d230c292f64d55f\"},\"headline\":\"Seis provincias del Cibao declaradas en alerta verde por lluvias este mi\u00e9rcoles\",\"datePublished\":\"2025-10-15T14:59:19+00:00\",\"dateModified\":\"2025-10-15T14:59:23+00:00\",\"mainEntityOfPage\":{\"@id\":\"https:\/\/elglobal.do\/index.php\/2025\/10\/15\/seis-provincias-del-cibao-declaradas-en-alerta-verde-por-lluvias-este-miercoles\/\"},\"wordCount\":296,\"commentCount\":0,\"publisher\":{\"@id\":\"https:\/\/elglobal.do\/#organization\"},\"image\":{\"@id\":\"https:\/\/elglobal.do\/index.php\/2025\/10\/15\/seis-provincias-del-cibao-declaradas-en-alerta-verde-por-lluvias-este-miercoles\/#primaryimage\"},\"thumbnailUrl\":\"https:\/\/elglobal.do\/wp-content\/uploads\/2025\/10\/image-74.png\",\"keywords\":[\"#alerta\",\"#Cibao\",\"#Clima\",\"#coe\"],\"articleSection\":[\"CLIMA\",\"NOTICIAS RELEVANTES\"],\"inLanguage\":\"es\",\"potentialAction\":[{\"@type\":\"CommentAction\",\"name\":\"Comment\",\"target\":[\"https:\/\/elglobal.do\/index.php\/2025\/10\/15\/seis-provincias-del-cibao-declaradas-en-alerta-verde-por-lluvias-este-miercoles\/#respond\"]}]},{\"@type\":\"WebPage\",\"@id\":\"https:\/\/elglobal.do\/index.php\/2025\/10\/15\/seis-provincias-del-cibao-declaradas-en-alerta-verde-por-lluvias-este-miercoles\/\",\"url\":\"https:\/\/elglobal.do\/index.php\/2025\/10\/15\/seis-provincias-del-cibao-declaradas-en-alerta-verde-por-lluvias-este-miercoles\/\",\"name\":\"Seis provincias del Cibao declaradas en alerta verde por lluvias este mi\u00e9rcoles - EL GLOBAL INFORMATIVO\",\"isPartOf\":{\"@id\":\"https:\/\/elglobal.do\/#website\"},\"primaryImageOfPage\":{\"@id\":\"https:\/\/elglobal.do\/index.php\/2025\/10\/15\/seis-provincias-del-cibao-declaradas-en-alerta-verde-por-lluvias-este-miercoles\/#primaryimage\"},\"image\":{\"@id\":\"https:\/\/elglobal.do\/index.php\/2025\/10\/15\/seis-provincias-del-cibao-declaradas-en-alerta-verde-por-lluvias-este-miercoles\/#primaryimage\"},\"thumbnailUrl\":\"https:\/\/elglobal.do\/wp-content\/uploads\/2025\/10\/image-74.png\",\"datePublished\":\"2025-10-15T14:59:19+00:00\",\"dateModified\":\"2025-10-15T14:59:23+00:00\",\"breadcrumb\":{\"@id\":\"https:\/\/elglobal.do\/index.php\/2025\/10\/15\/seis-provincias-del-cibao-declaradas-en-alerta-verde-por-lluvias-este-miercoles\/#breadcrumb\"},\"inLanguage\":\"es\",\"potentialAction\":[{\"@type\":\"ReadAction\",\"target\":[\"https:\/\/elglobal.do\/index.php\/2025\/10\/15\/seis-provincias-del-cibao-declaradas-en-alerta-verde-por-lluvias-este-miercoles\/\"]}]},{\"@type\":\"ImageObject\",\"inLanguage\":\"es\",\"@id\":\"https:\/\/elglobal.do\/index.php\/2025\/10\/15\/seis-provincias-del-cibao-declaradas-en-alerta-verde-por-lluvias-este-miercoles\/#primaryimage\",\"url\":\"https:\/\/elglobal.do\/wp-content\/uploads\/2025\/10\/image-74.png\",\"contentUrl\":\"https:\/\/elglobal.do\/wp-content\/uploads\/2025\/10\/image-74.png\",\"width\":896,\"height\":504},{\"@type\":\"BreadcrumbList\",\"@id\":\"https:\/\/elglobal.do\/index.php\/2025\/10\/15\/seis-provincias-del-cibao-declaradas-en-alerta-verde-por-lluvias-este-miercoles\/#breadcrumb\",\"itemListElement\":[{\"@type\":\"ListItem\",\"position\":1,\"name\":\"Portada\",\"item\":\"https:\/\/elglobal.do\/\"},{\"@type\":\"ListItem\",\"position\":2,\"name\":\"Seis provincias del Cibao declaradas en alerta verde por lluvias este mi\u00e9rcoles\"}]},{\"@type\":\"WebSite\",\"@id\":\"https:\/\/elglobal.do\/#website\",\"url\":\"https:\/\/elglobal.do\/\",\"name\":\"EL GLOBAL INFORMATIVO\",\"description\":\"Peri\u00f3dico digital de la Rep\u00fablica Dominicana que ofrece noticias, novedades, pol\u00edtica y las \u00faltimas actualidades, con informaci\u00f3n veraz y oportuna para mantenerte siempre informad\",\"publisher\":{\"@id\":\"https:\/\/elglobal.do\/#organization\"},\"potentialAction\":[{\"@type\":\"SearchAction\",\"target\":{\"@type\":\"EntryPoint\",\"urlTemplate\":\"https:\/\/elglobal.do\/?s={search_term_string}\"},\"query-input\":{\"@type\":\"PropertyValueSpecification\",\"valueRequired\":true,\"valueName\":\"search_term_string\"}}],\"inLanguage\":\"es\"},{\"@type\":\"Organization\",\"@id\":\"https:\/\/elglobal.do\/#organization\",\"name\":\"EL GLOBAL.DO INFORMATIVO\",\"url\":\"https:\/\/elglobal.do\/\",\"logo\":{\"@type\":\"ImageObject\",\"inLanguage\":\"es\",\"@id\":\"https:\/\/elglobal.do\/#\/schema\/logo\/image\/\",\"url\":\"https:\/\/elglobal.do\/wp-content\/uploads\/2025\/08\/icon.png\",\"contentUrl\":\"https:\/\/elglobal.do\/wp-content\/uploads\/2025\/08\/icon.png\",\"width\":512,\"height\":512,\"caption\":\"EL GLOBAL.DO INFORMATIVO\"},\"image\":{\"@id\":\"https:\/\/elglobal.do\/#\/schema\/logo\/image\/\"}},{\"@type\":\"Person\",\"@id\":\"https:\/\/elglobal.do\/#\/schema\/person\/0c97ec2c7714fb605d230c292f64d55f\",\"name\":\"EL GLOBAL\",\"image\":{\"@type\":\"ImageObject\",\"inLanguage\":\"es\",\"@id\":\"https:\/\/elglobal.do\/#\/schema\/person\/image\/\",\"url\":\"https:\/\/secure.gravatar.com\/avatar\/081cfb6cf99faddc6f4e23a0c11ab98c5cf302925382d1c88dc3ed757ab910a3?s=96&d=mm&r=g\",\"contentUrl\":\"https:\/\/secure.gravatar.com\/avatar\/081cfb6cf99faddc6f4e23a0c11ab98c5cf302925382d1c88dc3ed757ab910a3?s=96&d=mm&r=g\",\"caption\":\"EL GLOBAL\"},\"description\":\"El Global Informativo es un peri\u00f3dico digital de Rep\u00fablica Dominicana que se dedica a cubrir temas importantes, como la pol\u00edtica local, geopol\u00edtica, econom\u00eda, tecnolog\u00eda, noticias internacionales y eventos relacionados con la gesti\u00f3n social, cultural y humana. Su objetivo principal es mantener a la poblaci\u00f3n informada, ofreciendo una visi\u00f3n amplia y actualizada de lo que sucede tanto en el pa\u00eds como en el mundo. Est\u00e1 dirigido por un grupo de periodistas experimentados, lo que garantiza la calidad y la precisi\u00f3n de la informaci\u00f3n que ofrecen. Tiene su sede en la ciudad de Santo Domingo y es parte integral del portafolio de la empresa, MC Global S.R.L.\",\"sameAs\":[\"https:\/\/elglobal.do\",\"https:\/\/www.instagram.com\/elglobal.do_informativo\/\"],\"url\":\"https:\/\/elglobal.do\/index.php\/author\/elglobaluserpro\/\"}]}<\/script>\n<!-- \/ Yoast SEO plugin. -->","yoast_head_json":{"title":"Seis provincias del Cibao declaradas en alerta verde por lluvias este mi\u00e9rcoles - EL GLOBAL INFORMATIVO","robots":{"index":"index","follow":"follow","max-snippet":"max-snippet:-1","max-image-preview":"max-image-preview:large","max-video-preview":"max-video-preview:-1"},"canonical":"https:\/\/elglobal.do\/index.php\/2025\/10\/15\/seis-provincias-del-cibao-declaradas-en-alerta-verde-por-lluvias-este-miercoles\/","og_locale":"es_ES","og_type":"article","og_title":"Seis provincias del Cibao declaradas en alerta verde por lluvias este mi\u00e9rcoles - EL GLOBAL INFORMATIVO","og_description":"Santo Domingo.- El\u00a0Centro de Operaciones de Emergencias\u00a0(COE) coloc\u00f3 este mi\u00e9rcoles a seis provincias en\u00a0alerta verde\u00a0por las lluvias que se prev\u00e9n debido a la incidencia de una\u00a0vaguada prefrontal. Las provincias en&nbsp;alerta&hellip;","og_url":"https:\/\/elglobal.do\/index.php\/2025\/10\/15\/seis-provincias-del-cibao-declaradas-en-alerta-verde-por-lluvias-este-miercoles\/","og_site_name":"EL GLOBAL INFORMATIVO","article_published_time":"2025-10-15T14:59:19+00:00","article_modified_time":"2025-10-15T14:59:23+00:00","og_image":[{"width":896,"height":504,"url":"https:\/\/elglobal.do\/wp-content\/uploads\/2025\/10\/image-74.png","type":"image\/png"}],"author":"EL GLOBAL","twitter_card":"summary_large_image","twitter_misc":{"Escrito por":"EL GLOBAL","Tiempo de lectura":"2 minutos"},"schema":{"@context":"https:\/\/schema.org","@graph":[{"@type":"Article","@id":"https:\/\/elglobal.do\/index.php\/2025\/10\/15\/seis-provincias-del-cibao-declaradas-en-alerta-verde-por-lluvias-este-miercoles\/#article","isPartOf":{"@id":"https:\/\/elglobal.do\/index.php\/2025\/10\/15\/seis-provincias-del-cibao-declaradas-en-alerta-verde-por-lluvias-este-miercoles\/"},"author":{"name":"EL GLOBAL","@id":"https:\/\/elglobal.do\/#\/schema\/person\/0c97ec2c7714fb605d230c292f64d55f"},"headline":"Seis provincias del Cibao declaradas en alerta verde por lluvias este mi\u00e9rcoles","datePublished":"2025-10-15T14:59:19+00:00","dateModified":"2025-10-15T14:59:23+00:00","mainEntityOfPage":{"@id":"https:\/\/elglobal.do\/index.php\/2025\/10\/15\/seis-provincias-del-cibao-declaradas-en-alerta-verde-por-lluvias-este-miercoles\/"},"wordCount":296,"commentCount":0,"publisher":{"@id":"https:\/\/elglobal.do\/#organization"},"image":{"@id":"https:\/\/elglobal.do\/index.php\/2025\/10\/15\/seis-provincias-del-cibao-declaradas-en-alerta-verde-por-lluvias-este-miercoles\/#primaryimage"},"thumbnailUrl":"https:\/\/elglobal.do\/wp-content\/uploads\/2025\/10\/image-74.png","keywords":["#alerta","#Cibao","#Clima","#coe"],"articleSection":["CLIMA","NOTICIAS RELEVANTES"],"inLanguage":"es","potentialAction":[{"@type":"CommentAction","name":"Comment","target":["https:\/\/elglobal.do\/index.php\/2025\/10\/15\/seis-provincias-del-cibao-declaradas-en-alerta-verde-por-lluvias-este-miercoles\/#respond"]}]},{"@type":"WebPage","@id":"https:\/\/elglobal.do\/index.php\/2025\/10\/15\/seis-provincias-del-cibao-declaradas-en-alerta-verde-por-lluvias-este-miercoles\/","url":"https:\/\/elglobal.do\/index.php\/2025\/10\/15\/seis-provincias-del-cibao-declaradas-en-alerta-verde-por-lluvias-este-miercoles\/","name":"Seis provincias del Cibao declaradas en alerta verde por lluvias este mi\u00e9rcoles - EL GLOBAL INFORMATIVO","isPartOf":{"@id":"https:\/\/elglobal.do\/#website"},"primaryImageOfPage":{"@id":"https:\/\/elglobal.do\/index.php\/2025\/10\/15\/seis-provincias-del-cibao-declaradas-en-alerta-verde-por-lluvias-este-miercoles\/#primaryimage"},"image":{"@id":"https:\/\/elglobal.do\/index.php\/2025\/10\/15\/seis-provincias-del-cibao-declaradas-en-alerta-verde-por-lluvias-este-miercoles\/#primaryimage"},"thumbnailUrl":"https:\/\/elglobal.do\/wp-content\/uploads\/2025\/10\/image-74.png","datePublished":"2025-10-15T14:59:19+00:00","dateModified":"2025-10-15T14:59:23+00:00","breadcrumb":{"@id":"https:\/\/elglobal.do\/index.php\/2025\/10\/15\/seis-provincias-del-cibao-declaradas-en-alerta-verde-por-lluvias-este-miercoles\/#breadcrumb"},"inLanguage":"es","potentialAction":[{"@type":"ReadAction","target":["https:\/\/elglobal.do\/index.php\/2025\/10\/15\/seis-provincias-del-cibao-declaradas-en-alerta-verde-por-lluvias-este-miercoles\/"]}]},{"@type":"ImageObject","inLanguage":"es","@id":"https:\/\/elglobal.do\/index.php\/2025\/10\/15\/seis-provincias-del-cibao-declaradas-en-alerta-verde-por-lluvias-este-miercoles\/#primaryimage","url":"https:\/\/elglobal.do\/wp-content\/uploads\/2025\/10\/image-74.png","contentUrl":"https:\/\/elglobal.do\/wp-content\/uploads\/2025\/10\/image-74.png","width":896,"height":504},{"@type":"BreadcrumbList","@id":"https:\/\/elglobal.do\/index.php\/2025\/10\/15\/seis-provincias-del-cibao-declaradas-en-alerta-verde-por-lluvias-este-miercoles\/#breadcrumb","itemListElement":[{"@type":"ListItem","position":1,"name":"Portada","item":"https:\/\/elglobal.do\/"},{"@type":"ListItem","position":2,"name":"Seis provincias del Cibao declaradas en alerta verde por lluvias este mi\u00e9rcoles"}]},{"@type":"WebSite","@id":"https:\/\/elglobal.do\/#website","url":"https:\/\/elglobal.do\/","name":"EL GLOBAL INFORMATIVO","description":"Peri\u00f3dico digital de la Rep\u00fablica Dominicana que ofrece noticias, novedades, pol\u00edtica y las \u00faltimas actualidades, con informaci\u00f3n veraz y oportuna para mantenerte siempre informad","publisher":{"@id":"https:\/\/elglobal.do\/#organization"},"potentialAction":[{"@type":"SearchAction","target":{"@type":"EntryPoint","urlTemplate":"https:\/\/elglobal.do\/?s={search_term_string}"},"query-input":{"@type":"PropertyValueSpecification","valueRequired":true,"valueName":"search_term_string"}}],"inLanguage":"es"},{"@type":"Organization","@id":"https:\/\/elglobal.do\/#organization","name":"EL GLOBAL.DO INFORMATIVO","url":"https:\/\/elglobal.do\/","logo":{"@type":"ImageObject","inLanguage":"es","@id":"https:\/\/elglobal.do\/#\/schema\/logo\/image\/","url":"https:\/\/elglobal.do\/wp-content\/uploads\/2025\/08\/icon.png","contentUrl":"https:\/\/elglobal.do\/wp-content\/uploads\/2025\/08\/icon.png","width":512,"height":512,"caption":"EL GLOBAL.DO INFORMATIVO"},"image":{"@id":"https:\/\/elglobal.do\/#\/schema\/logo\/image\/"}},{"@type":"Person","@id":"https:\/\/elglobal.do\/#\/schema\/person\/0c97ec2c7714fb605d230c292f64d55f","name":"EL GLOBAL","image":{"@type":"ImageObject","inLanguage":"es","@id":"https:\/\/elglobal.do\/#\/schema\/person\/image\/","url":"https:\/\/secure.gravatar.com\/avatar\/081cfb6cf99faddc6f4e23a0c11ab98c5cf302925382d1c88dc3ed757ab910a3?s=96&d=mm&r=g","contentUrl":"https:\/\/secure.gravatar.com\/avatar\/081cfb6cf99faddc6f4e23a0c11ab98c5cf302925382d1c88dc3ed757ab910a3?s=96&d=mm&r=g","caption":"EL GLOBAL"},"description":"El Global Informativo es un peri\u00f3dico digital de Rep\u00fablica Dominicana que se dedica a cubrir temas importantes, como la pol\u00edtica local, geopol\u00edtica, econom\u00eda, tecnolog\u00eda, noticias internacionales y eventos relacionados con la gesti\u00f3n social, cultural y humana. Su objetivo principal es mantener a la poblaci\u00f3n informada, ofreciendo una visi\u00f3n amplia y actualizada de lo que sucede tanto en el pa\u00eds como en el mundo. Est\u00e1 dirigido por un grupo de periodistas experimentados, lo que garantiza la calidad y la precisi\u00f3n de la informaci\u00f3n que ofrecen. Tiene su sede en la ciudad de Santo Domingo y es parte integral del portafolio de la empresa, MC Global S.R.L.","sameAs":["https:\/\/elglobal.do","https:\/\/www.instagram.com\/elglobal.do_informativo\/"],"url":"https:\/\/elglobal.do\/index.php\/author\/elglobaluserpro\/"}]}},"jetpack_featured_media_url":"https:\/\/elglobal.do\/wp-content\/uploads\/2025\/10\/image-74.png","jetpack_sharing_enabled":true,"_links":{"self":[{"href":"https:\/\/elglobal.do\/index.php\/wp-json\/wp\/v2\/posts\/3191","targetHints":{"allow":["GET"]}}],"collection":[{"href":"https:\/\/elglobal.do\/index.php\/wp-json\/wp\/v2\/posts"}],"about":[{"href":"https:\/\/elglobal.do\/index.php\/wp-json\/wp\/v2\/types\/post"}],"author":[{"embeddable":true,"href":"https:\/\/elglobal.do\/index.php\/wp-json\/wp\/v2\/users\/1"}],"replies":[{"embeddable":true,"href":"https:\/\/elglobal.do\/index.php\/wp-json\/wp\/v2\/comments?post=3191"}],"version-history":[{"count":1,"href":"https:\/\/elglobal.do\/index.php\/wp-json\/wp\/v2\/posts\/3191\/revisions"}],"predecessor-version":[{"id":3193,"href":"https:\/\/elglobal.do\/index.php\/wp-json\/wp\/v2\/posts\/3191\/revisions\/3193"}],"wp:featuredmedia":[{"embeddable":true,"href":"https:\/\/elglobal.do\/index.php\/wp-json\/wp\/v2\/media\/3192"}],"wp:attachment":[{"href":"https:\/\/elglobal.do\/index.php\/wp-json\/wp\/v2\/media?parent=3191"}],"wp:term":[{"taxonomy":"category","embeddable":true,"href":"https:\/\/elglobal.do\/index.php\/wp-json\/wp\/v2\/categories?post=3191"},{"taxonomy":"post_tag","embeddable":true,"href":"https:\/\/elglobal.do\/index.php\/wp-json\/wp\/v2\/tags?post=3191"}],"curies":[{"name":"wp","href":"https:\/\/api.w.org\/{rel}","templated":true}]}}