{"id":3206,"date":"2025-10-16T09:52:55","date_gmt":"2025-10-16T13:52:55","guid":{"rendered":"https:\/\/elglobal.do\/?p=3206"},"modified":"2025-10-16T09:52:58","modified_gmt":"2025-10-16T13:52:58","slug":"gobierno-niega-la-eliminacion-del-combustible-subsidiado-al-sector-transporte","status":"publish","type":"post","link":"https:\/\/elglobal.do\/index.php\/2025\/10\/16\/gobierno-niega-la-eliminacion-del-combustible-subsidiado-al-sector-transporte\/","title":{"rendered":"Gobierno niega la eliminaci\u00f3n del combustible subsidiado al sector transporte"},"content":{"rendered":"\n<figure class=\"wp-block-image size-full is-resized\"><img loading=\"lazy\" decoding=\"async\" width=\"800\" height=\"392\" src=\"https:\/\/elglobal.do\/wp-content\/uploads\/2025\/10\/image-78.png\" alt=\"\" class=\"wp-image-3207\" style=\"width:647px;height:auto\" srcset=\"https:\/\/elglobal.do\/wp-content\/uploads\/2025\/10\/image-78.png 800w, https:\/\/elglobal.do\/wp-content\/uploads\/2025\/10\/image-78-300x147.png 300w, https:\/\/elglobal.do\/wp-content\/uploads\/2025\/10\/image-78-768x376.png 768w\" sizes=\"auto, (max-width: 800px) 100vw, 800px\" \/><\/figure>\n\n\n\n<p><strong>Santo Domingo.-<\/strong> El ministro&nbsp;<strong>Deligne Ascenci\u00f3n<\/strong>, coordinador del Gabinete de Transporte, neg\u00f3 este mi\u00e9rcoles de manera categ\u00f3rica la&nbsp;<strong>eliminaci\u00f3n del combustible<\/strong>&nbsp;subsidiado que se asigna a las federaciones de transporte.<\/p>\n\n\n\n<p>Ascenci\u00f3n dijo que, en ning\u00fan momento, ni el Gobierno ni ninguna de las instancias responsables, han contemplado ni tratado la eliminaci\u00f3n de esa compensaci\u00f3n, la cual permite que los usuarios del transporte p\u00fablico puedan pagar una tarifa accesible.<\/p>\n\n\n\n<p>A trav\u00e9s del denominado Bono Gas o asignaciones directas de combustibles, las organizaciones del transporte p\u00fablico de pasajeros reciben estos subsidios por parte del Gobierno, lo que contribuye a que los<strong>\u00a0precios del pasaje<\/strong>\u00a0se mantengan sin alteraciones.<\/p>\n\n\n\n<p>Desde el&nbsp;<strong>Gabinete del Transporte<\/strong>&nbsp;se hace un llamado a los directivos de las federaciones de choferes a no dejarse llevar por informaciones que en nada obedecen a la verdad, y con las que solo se procura alterar el clima de paz y de seguridad que vive la Rep\u00fablica Dominicana.<\/p>\n\n\n\n<p>\u201cDe manera categ\u00f3rica, desmentimos esa informaci\u00f3n de la que, de manera aviesa, se han hecho eco, y que ha llevado preocupaci\u00f3n a algunos transportistas\u201d, apunt\u00f3 el coordinador del Gabinete del Transporte, el Ing. Deligne Ascenci\u00f3n.<\/p>\n","protected":false},"excerpt":{"rendered":"<p>Santo Domingo.- El ministro&nbsp;Deligne Ascenci\u00f3n, coordinador del Gabinete de Transporte, neg\u00f3 este mi\u00e9rcoles de manera categ\u00f3rica la&nbsp;eliminaci\u00f3n del combustible&nbsp;subsidiado que se asigna a las federaciones de transporte. Ascenci\u00f3n dijo que,&hellip; <\/p>\n","protected":false},"author":1,"featured_media":3207,"comment_status":"open","ping_status":"open","sticky":false,"template":"","format":"standard","meta":{"_jetpack_memberships_contains_paid_content":false,"footnotes":""},"categories":[40],"tags":[359,62,1772,39],"class_list":["post-3206","post","type-post","status-publish","format-standard","has-post-thumbnail","hentry","category-nacionales","tag-combustible","tag-gobierno","tag-sectortransporte","tag-subsidios"],"yoast_head":"<!-- This site is optimized with the Yoast SEO plugin v26.9 - https:\/\/yoast.com\/product\/yoast-seo-wordpress\/ -->\n<title>Gobierno niega la eliminaci\u00f3n del combustible subsidiado al sector transporte - EL GLOBAL INFORMATIVO<\/title>\n<meta name=\"robots\" content=\"index, follow, max-snippet:-1, max-image-preview:large, max-video-preview:-1\" \/>\n<link rel=\"canonical\" href=\"https:\/\/elglobal.do\/index.php\/2025\/10\/16\/gobierno-niega-la-eliminacion-del-combustible-subsidiado-al-sector-transporte\/\" \/>\n<meta property=\"og:locale\" content=\"es_ES\" \/>\n<meta property=\"og:type\" content=\"article\" \/>\n<meta property=\"og:title\" content=\"Gobierno niega la eliminaci\u00f3n del combustible subsidiado al sector transporte - EL GLOBAL INFORMATIVO\" \/>\n<meta property=\"og:description\" content=\"Santo Domingo.- El ministro&nbsp;Deligne Ascenci\u00f3n, coordinador del Gabinete de Transporte, neg\u00f3 este mi\u00e9rcoles de manera categ\u00f3rica la&nbsp;eliminaci\u00f3n del combustible&nbsp;subsidiado que se asigna a las federaciones de transporte. Ascenci\u00f3n dijo que,&hellip;\" \/>\n<meta property=\"og:url\" content=\"https:\/\/elglobal.do\/index.php\/2025\/10\/16\/gobierno-niega-la-eliminacion-del-combustible-subsidiado-al-sector-transporte\/\" \/>\n<meta property=\"og:site_name\" content=\"EL GLOBAL INFORMATIVO\" \/>\n<meta property=\"article:published_time\" content=\"2025-10-16T13:52:55+00:00\" \/>\n<meta property=\"article:modified_time\" content=\"2025-10-16T13:52:58+00:00\" \/>\n<meta property=\"og:image\" content=\"https:\/\/elglobal.do\/wp-content\/uploads\/2025\/10\/image-78.png\" \/>\n\t<meta property=\"og:image:width\" content=\"800\" \/>\n\t<meta property=\"og:image:height\" content=\"392\" \/>\n\t<meta property=\"og:image:type\" content=\"image\/png\" \/>\n<meta name=\"author\" content=\"EL GLOBAL\" \/>\n<meta name=\"twitter:card\" content=\"summary_large_image\" \/>\n<meta name=\"twitter:label1\" content=\"Escrito por\" \/>\n\t<meta name=\"twitter:data1\" content=\"EL GLOBAL\" \/>\n\t<meta name=\"twitter:label2\" content=\"Tiempo de lectura\" \/>\n\t<meta name=\"twitter:data2\" content=\"2 minutos\" \/>\n<script type=\"application\/ld+json\" class=\"yoast-schema-graph\">{\"@context\":\"https:\/\/schema.org\",\"@graph\":[{\"@type\":\"Article\",\"@id\":\"https:\/\/elglobal.do\/index.php\/2025\/10\/16\/gobierno-niega-la-eliminacion-del-combustible-subsidiado-al-sector-transporte\/#article\",\"isPartOf\":{\"@id\":\"https:\/\/elglobal.do\/index.php\/2025\/10\/16\/gobierno-niega-la-eliminacion-del-combustible-subsidiado-al-sector-transporte\/\"},\"author\":{\"name\":\"EL GLOBAL\",\"@id\":\"https:\/\/elglobal.do\/#\/schema\/person\/0c97ec2c7714fb605d230c292f64d55f\"},\"headline\":\"Gobierno niega la eliminaci\u00f3n del combustible subsidiado al sector transporte\",\"datePublished\":\"2025-10-16T13:52:55+00:00\",\"dateModified\":\"2025-10-16T13:52:58+00:00\",\"mainEntityOfPage\":{\"@id\":\"https:\/\/elglobal.do\/index.php\/2025\/10\/16\/gobierno-niega-la-eliminacion-del-combustible-subsidiado-al-sector-transporte\/\"},\"wordCount\":224,\"commentCount\":0,\"publisher\":{\"@id\":\"https:\/\/elglobal.do\/#organization\"},\"image\":{\"@id\":\"https:\/\/elglobal.do\/index.php\/2025\/10\/16\/gobierno-niega-la-eliminacion-del-combustible-subsidiado-al-sector-transporte\/#primaryimage\"},\"thumbnailUrl\":\"https:\/\/elglobal.do\/wp-content\/uploads\/2025\/10\/image-78.png\",\"keywords\":[\"#Combustible\",\"#Gobierno\",\"#Sectortransporte\",\"#Subsidios\"],\"articleSection\":[\"NACIONALES\"],\"inLanguage\":\"es\",\"potentialAction\":[{\"@type\":\"CommentAction\",\"name\":\"Comment\",\"target\":[\"https:\/\/elglobal.do\/index.php\/2025\/10\/16\/gobierno-niega-la-eliminacion-del-combustible-subsidiado-al-sector-transporte\/#respond\"]}]},{\"@type\":\"WebPage\",\"@id\":\"https:\/\/elglobal.do\/index.php\/2025\/10\/16\/gobierno-niega-la-eliminacion-del-combustible-subsidiado-al-sector-transporte\/\",\"url\":\"https:\/\/elglobal.do\/index.php\/2025\/10\/16\/gobierno-niega-la-eliminacion-del-combustible-subsidiado-al-sector-transporte\/\",\"name\":\"Gobierno niega la eliminaci\u00f3n del combustible subsidiado al sector transporte - EL GLOBAL INFORMATIVO\",\"isPartOf\":{\"@id\":\"https:\/\/elglobal.do\/#website\"},\"primaryImageOfPage\":{\"@id\":\"https:\/\/elglobal.do\/index.php\/2025\/10\/16\/gobierno-niega-la-eliminacion-del-combustible-subsidiado-al-sector-transporte\/#primaryimage\"},\"image\":{\"@id\":\"https:\/\/elglobal.do\/index.php\/2025\/10\/16\/gobierno-niega-la-eliminacion-del-combustible-subsidiado-al-sector-transporte\/#primaryimage\"},\"thumbnailUrl\":\"https:\/\/elglobal.do\/wp-content\/uploads\/2025\/10\/image-78.png\",\"datePublished\":\"2025-10-16T13:52:55+00:00\",\"dateModified\":\"2025-10-16T13:52:58+00:00\",\"breadcrumb\":{\"@id\":\"https:\/\/elglobal.do\/index.php\/2025\/10\/16\/gobierno-niega-la-eliminacion-del-combustible-subsidiado-al-sector-transporte\/#breadcrumb\"},\"inLanguage\":\"es\",\"potentialAction\":[{\"@type\":\"ReadAction\",\"target\":[\"https:\/\/elglobal.do\/index.php\/2025\/10\/16\/gobierno-niega-la-eliminacion-del-combustible-subsidiado-al-sector-transporte\/\"]}]},{\"@type\":\"ImageObject\",\"inLanguage\":\"es\",\"@id\":\"https:\/\/elglobal.do\/index.php\/2025\/10\/16\/gobierno-niega-la-eliminacion-del-combustible-subsidiado-al-sector-transporte\/#primaryimage\",\"url\":\"https:\/\/elglobal.do\/wp-content\/uploads\/2025\/10\/image-78.png\",\"contentUrl\":\"https:\/\/elglobal.do\/wp-content\/uploads\/2025\/10\/image-78.png\",\"width\":800,\"height\":392},{\"@type\":\"BreadcrumbList\",\"@id\":\"https:\/\/elglobal.do\/index.php\/2025\/10\/16\/gobierno-niega-la-eliminacion-del-combustible-subsidiado-al-sector-transporte\/#breadcrumb\",\"itemListElement\":[{\"@type\":\"ListItem\",\"position\":1,\"name\":\"Portada\",\"item\":\"https:\/\/elglobal.do\/\"},{\"@type\":\"ListItem\",\"position\":2,\"name\":\"Gobierno niega la eliminaci\u00f3n del combustible subsidiado al sector transporte\"}]},{\"@type\":\"WebSite\",\"@id\":\"https:\/\/elglobal.do\/#website\",\"url\":\"https:\/\/elglobal.do\/\",\"name\":\"EL GLOBAL INFORMATIVO\",\"description\":\"Peri\u00f3dico digital de la Rep\u00fablica Dominicana que ofrece noticias, novedades, pol\u00edtica y las \u00faltimas actualidades, con informaci\u00f3n veraz y oportuna para mantenerte siempre informad\",\"publisher\":{\"@id\":\"https:\/\/elglobal.do\/#organization\"},\"potentialAction\":[{\"@type\":\"SearchAction\",\"target\":{\"@type\":\"EntryPoint\",\"urlTemplate\":\"https:\/\/elglobal.do\/?s={search_term_string}\"},\"query-input\":{\"@type\":\"PropertyValueSpecification\",\"valueRequired\":true,\"valueName\":\"search_term_string\"}}],\"inLanguage\":\"es\"},{\"@type\":\"Organization\",\"@id\":\"https:\/\/elglobal.do\/#organization\",\"name\":\"EL GLOBAL.DO INFORMATIVO\",\"url\":\"https:\/\/elglobal.do\/\",\"logo\":{\"@type\":\"ImageObject\",\"inLanguage\":\"es\",\"@id\":\"https:\/\/elglobal.do\/#\/schema\/logo\/image\/\",\"url\":\"https:\/\/elglobal.do\/wp-content\/uploads\/2025\/08\/icon.png\",\"contentUrl\":\"https:\/\/elglobal.do\/wp-content\/uploads\/2025\/08\/icon.png\",\"width\":512,\"height\":512,\"caption\":\"EL GLOBAL.DO INFORMATIVO\"},\"image\":{\"@id\":\"https:\/\/elglobal.do\/#\/schema\/logo\/image\/\"}},{\"@type\":\"Person\",\"@id\":\"https:\/\/elglobal.do\/#\/schema\/person\/0c97ec2c7714fb605d230c292f64d55f\",\"name\":\"EL GLOBAL\",\"image\":{\"@type\":\"ImageObject\",\"inLanguage\":\"es\",\"@id\":\"https:\/\/elglobal.do\/#\/schema\/person\/image\/\",\"url\":\"https:\/\/secure.gravatar.com\/avatar\/081cfb6cf99faddc6f4e23a0c11ab98c5cf302925382d1c88dc3ed757ab910a3?s=96&d=mm&r=g\",\"contentUrl\":\"https:\/\/secure.gravatar.com\/avatar\/081cfb6cf99faddc6f4e23a0c11ab98c5cf302925382d1c88dc3ed757ab910a3?s=96&d=mm&r=g\",\"caption\":\"EL GLOBAL\"},\"description\":\"El Global Informativo es un peri\u00f3dico digital de Rep\u00fablica Dominicana que se dedica a cubrir temas importantes, como la pol\u00edtica local, geopol\u00edtica, econom\u00eda, tecnolog\u00eda, noticias internacionales y eventos relacionados con la gesti\u00f3n social, cultural y humana. Su objetivo principal es mantener a la poblaci\u00f3n informada, ofreciendo una visi\u00f3n amplia y actualizada de lo que sucede tanto en el pa\u00eds como en el mundo. Est\u00e1 dirigido por un grupo de periodistas experimentados, lo que garantiza la calidad y la precisi\u00f3n de la informaci\u00f3n que ofrecen. Tiene su sede en la ciudad de Santo Domingo y es parte integral del portafolio de la empresa, MC Global S.R.L.\",\"sameAs\":[\"https:\/\/elglobal.do\",\"https:\/\/www.instagram.com\/elglobal.do_informativo\/\"],\"url\":\"https:\/\/elglobal.do\/index.php\/author\/elglobaluserpro\/\"}]}<\/script>\n<!-- \/ Yoast SEO plugin. -->","yoast_head_json":{"title":"Gobierno niega la eliminaci\u00f3n del combustible subsidiado al sector transporte - EL GLOBAL INFORMATIVO","robots":{"index":"index","follow":"follow","max-snippet":"max-snippet:-1","max-image-preview":"max-image-preview:large","max-video-preview":"max-video-preview:-1"},"canonical":"https:\/\/elglobal.do\/index.php\/2025\/10\/16\/gobierno-niega-la-eliminacion-del-combustible-subsidiado-al-sector-transporte\/","og_locale":"es_ES","og_type":"article","og_title":"Gobierno niega la eliminaci\u00f3n del combustible subsidiado al sector transporte - EL GLOBAL INFORMATIVO","og_description":"Santo Domingo.- El ministro&nbsp;Deligne Ascenci\u00f3n, coordinador del Gabinete de Transporte, neg\u00f3 este mi\u00e9rcoles de manera categ\u00f3rica la&nbsp;eliminaci\u00f3n del combustible&nbsp;subsidiado que se asigna a las federaciones de transporte. Ascenci\u00f3n dijo que,&hellip;","og_url":"https:\/\/elglobal.do\/index.php\/2025\/10\/16\/gobierno-niega-la-eliminacion-del-combustible-subsidiado-al-sector-transporte\/","og_site_name":"EL GLOBAL INFORMATIVO","article_published_time":"2025-10-16T13:52:55+00:00","article_modified_time":"2025-10-16T13:52:58+00:00","og_image":[{"width":800,"height":392,"url":"https:\/\/elglobal.do\/wp-content\/uploads\/2025\/10\/image-78.png","type":"image\/png"}],"author":"EL GLOBAL","twitter_card":"summary_large_image","twitter_misc":{"Escrito por":"EL GLOBAL","Tiempo de lectura":"2 minutos"},"schema":{"@context":"https:\/\/schema.org","@graph":[{"@type":"Article","@id":"https:\/\/elglobal.do\/index.php\/2025\/10\/16\/gobierno-niega-la-eliminacion-del-combustible-subsidiado-al-sector-transporte\/#article","isPartOf":{"@id":"https:\/\/elglobal.do\/index.php\/2025\/10\/16\/gobierno-niega-la-eliminacion-del-combustible-subsidiado-al-sector-transporte\/"},"author":{"name":"EL GLOBAL","@id":"https:\/\/elglobal.do\/#\/schema\/person\/0c97ec2c7714fb605d230c292f64d55f"},"headline":"Gobierno niega la eliminaci\u00f3n del combustible subsidiado al sector transporte","datePublished":"2025-10-16T13:52:55+00:00","dateModified":"2025-10-16T13:52:58+00:00","mainEntityOfPage":{"@id":"https:\/\/elglobal.do\/index.php\/2025\/10\/16\/gobierno-niega-la-eliminacion-del-combustible-subsidiado-al-sector-transporte\/"},"wordCount":224,"commentCount":0,"publisher":{"@id":"https:\/\/elglobal.do\/#organization"},"image":{"@id":"https:\/\/elglobal.do\/index.php\/2025\/10\/16\/gobierno-niega-la-eliminacion-del-combustible-subsidiado-al-sector-transporte\/#primaryimage"},"thumbnailUrl":"https:\/\/elglobal.do\/wp-content\/uploads\/2025\/10\/image-78.png","keywords":["#Combustible","#Gobierno","#Sectortransporte","#Subsidios"],"articleSection":["NACIONALES"],"inLanguage":"es","potentialAction":[{"@type":"CommentAction","name":"Comment","target":["https:\/\/elglobal.do\/index.php\/2025\/10\/16\/gobierno-niega-la-eliminacion-del-combustible-subsidiado-al-sector-transporte\/#respond"]}]},{"@type":"WebPage","@id":"https:\/\/elglobal.do\/index.php\/2025\/10\/16\/gobierno-niega-la-eliminacion-del-combustible-subsidiado-al-sector-transporte\/","url":"https:\/\/elglobal.do\/index.php\/2025\/10\/16\/gobierno-niega-la-eliminacion-del-combustible-subsidiado-al-sector-transporte\/","name":"Gobierno niega la eliminaci\u00f3n del combustible subsidiado al sector transporte - EL GLOBAL INFORMATIVO","isPartOf":{"@id":"https:\/\/elglobal.do\/#website"},"primaryImageOfPage":{"@id":"https:\/\/elglobal.do\/index.php\/2025\/10\/16\/gobierno-niega-la-eliminacion-del-combustible-subsidiado-al-sector-transporte\/#primaryimage"},"image":{"@id":"https:\/\/elglobal.do\/index.php\/2025\/10\/16\/gobierno-niega-la-eliminacion-del-combustible-subsidiado-al-sector-transporte\/#primaryimage"},"thumbnailUrl":"https:\/\/elglobal.do\/wp-content\/uploads\/2025\/10\/image-78.png","datePublished":"2025-10-16T13:52:55+00:00","dateModified":"2025-10-16T13:52:58+00:00","breadcrumb":{"@id":"https:\/\/elglobal.do\/index.php\/2025\/10\/16\/gobierno-niega-la-eliminacion-del-combustible-subsidiado-al-sector-transporte\/#breadcrumb"},"inLanguage":"es","potentialAction":[{"@type":"ReadAction","target":["https:\/\/elglobal.do\/index.php\/2025\/10\/16\/gobierno-niega-la-eliminacion-del-combustible-subsidiado-al-sector-transporte\/"]}]},{"@type":"ImageObject","inLanguage":"es","@id":"https:\/\/elglobal.do\/index.php\/2025\/10\/16\/gobierno-niega-la-eliminacion-del-combustible-subsidiado-al-sector-transporte\/#primaryimage","url":"https:\/\/elglobal.do\/wp-content\/uploads\/2025\/10\/image-78.png","contentUrl":"https:\/\/elglobal.do\/wp-content\/uploads\/2025\/10\/image-78.png","width":800,"height":392},{"@type":"BreadcrumbList","@id":"https:\/\/elglobal.do\/index.php\/2025\/10\/16\/gobierno-niega-la-eliminacion-del-combustible-subsidiado-al-sector-transporte\/#breadcrumb","itemListElement":[{"@type":"ListItem","position":1,"name":"Portada","item":"https:\/\/elglobal.do\/"},{"@type":"ListItem","position":2,"name":"Gobierno niega la eliminaci\u00f3n del combustible subsidiado al sector transporte"}]},{"@type":"WebSite","@id":"https:\/\/elglobal.do\/#website","url":"https:\/\/elglobal.do\/","name":"EL GLOBAL INFORMATIVO","description":"Peri\u00f3dico digital de la Rep\u00fablica Dominicana que ofrece noticias, novedades, pol\u00edtica y las \u00faltimas actualidades, con informaci\u00f3n veraz y oportuna para mantenerte siempre informad","publisher":{"@id":"https:\/\/elglobal.do\/#organization"},"potentialAction":[{"@type":"SearchAction","target":{"@type":"EntryPoint","urlTemplate":"https:\/\/elglobal.do\/?s={search_term_string}"},"query-input":{"@type":"PropertyValueSpecification","valueRequired":true,"valueName":"search_term_string"}}],"inLanguage":"es"},{"@type":"Organization","@id":"https:\/\/elglobal.do\/#organization","name":"EL GLOBAL.DO INFORMATIVO","url":"https:\/\/elglobal.do\/","logo":{"@type":"ImageObject","inLanguage":"es","@id":"https:\/\/elglobal.do\/#\/schema\/logo\/image\/","url":"https:\/\/elglobal.do\/wp-content\/uploads\/2025\/08\/icon.png","contentUrl":"https:\/\/elglobal.do\/wp-content\/uploads\/2025\/08\/icon.png","width":512,"height":512,"caption":"EL GLOBAL.DO INFORMATIVO"},"image":{"@id":"https:\/\/elglobal.do\/#\/schema\/logo\/image\/"}},{"@type":"Person","@id":"https:\/\/elglobal.do\/#\/schema\/person\/0c97ec2c7714fb605d230c292f64d55f","name":"EL GLOBAL","image":{"@type":"ImageObject","inLanguage":"es","@id":"https:\/\/elglobal.do\/#\/schema\/person\/image\/","url":"https:\/\/secure.gravatar.com\/avatar\/081cfb6cf99faddc6f4e23a0c11ab98c5cf302925382d1c88dc3ed757ab910a3?s=96&d=mm&r=g","contentUrl":"https:\/\/secure.gravatar.com\/avatar\/081cfb6cf99faddc6f4e23a0c11ab98c5cf302925382d1c88dc3ed757ab910a3?s=96&d=mm&r=g","caption":"EL GLOBAL"},"description":"El Global Informativo es un peri\u00f3dico digital de Rep\u00fablica Dominicana que se dedica a cubrir temas importantes, como la pol\u00edtica local, geopol\u00edtica, econom\u00eda, tecnolog\u00eda, noticias internacionales y eventos relacionados con la gesti\u00f3n social, cultural y humana. Su objetivo principal es mantener a la poblaci\u00f3n informada, ofreciendo una visi\u00f3n amplia y actualizada de lo que sucede tanto en el pa\u00eds como en el mundo. Est\u00e1 dirigido por un grupo de periodistas experimentados, lo que garantiza la calidad y la precisi\u00f3n de la informaci\u00f3n que ofrecen. Tiene su sede en la ciudad de Santo Domingo y es parte integral del portafolio de la empresa, MC Global S.R.L.","sameAs":["https:\/\/elglobal.do","https:\/\/www.instagram.com\/elglobal.do_informativo\/"],"url":"https:\/\/elglobal.do\/index.php\/author\/elglobaluserpro\/"}]}},"jetpack_featured_media_url":"https:\/\/elglobal.do\/wp-content\/uploads\/2025\/10\/image-78.png","jetpack_sharing_enabled":true,"_links":{"self":[{"href":"https:\/\/elglobal.do\/index.php\/wp-json\/wp\/v2\/posts\/3206","targetHints":{"allow":["GET"]}}],"collection":[{"href":"https:\/\/elglobal.do\/index.php\/wp-json\/wp\/v2\/posts"}],"about":[{"href":"https:\/\/elglobal.do\/index.php\/wp-json\/wp\/v2\/types\/post"}],"author":[{"embeddable":true,"href":"https:\/\/elglobal.do\/index.php\/wp-json\/wp\/v2\/users\/1"}],"replies":[{"embeddable":true,"href":"https:\/\/elglobal.do\/index.php\/wp-json\/wp\/v2\/comments?post=3206"}],"version-history":[{"count":1,"href":"https:\/\/elglobal.do\/index.php\/wp-json\/wp\/v2\/posts\/3206\/revisions"}],"predecessor-version":[{"id":3208,"href":"https:\/\/elglobal.do\/index.php\/wp-json\/wp\/v2\/posts\/3206\/revisions\/3208"}],"wp:featuredmedia":[{"embeddable":true,"href":"https:\/\/elglobal.do\/index.php\/wp-json\/wp\/v2\/media\/3207"}],"wp:attachment":[{"href":"https:\/\/elglobal.do\/index.php\/wp-json\/wp\/v2\/media?parent=3206"}],"wp:term":[{"taxonomy":"category","embeddable":true,"href":"https:\/\/elglobal.do\/index.php\/wp-json\/wp\/v2\/categories?post=3206"},{"taxonomy":"post_tag","embeddable":true,"href":"https:\/\/elglobal.do\/index.php\/wp-json\/wp\/v2\/tags?post=3206"}],"curies":[{"name":"wp","href":"https:\/\/api.w.org\/{rel}","templated":true}]}}