{"id":3209,"date":"2025-10-16T10:02:54","date_gmt":"2025-10-16T14:02:54","guid":{"rendered":"https:\/\/elglobal.do\/?p=3209"},"modified":"2025-10-16T10:02:57","modified_gmt":"2025-10-16T14:02:57","slug":"omar-fernandez-exige-cumplir-la-ley-y-liberar-de-impuestos-salarios-de-hasta-rd52000","status":"publish","type":"post","link":"https:\/\/elglobal.do\/index.php\/2025\/10\/16\/omar-fernandez-exige-cumplir-la-ley-y-liberar-de-impuestos-salarios-de-hasta-rd52000\/","title":{"rendered":"Omar Fern\u00e1ndez exige cumplir la ley y liberar de impuestos salarios de hasta RD$52,000"},"content":{"rendered":"<div class=\"wp-block-image\">\n<figure class=\"alignleft size-full\"><img loading=\"lazy\" decoding=\"async\" width=\"463\" height=\"521\" src=\"https:\/\/elglobal.do\/wp-content\/uploads\/2025\/10\/image-79.png\" alt=\"\" class=\"wp-image-3210\" srcset=\"https:\/\/elglobal.do\/wp-content\/uploads\/2025\/10\/image-79.png 463w, https:\/\/elglobal.do\/wp-content\/uploads\/2025\/10\/image-79-267x300.png 267w\" sizes=\"auto, (max-width: 463px) 100vw, 463px\" \/><\/figure>\n<\/div>\n\n\n<p><strong>Santo Domingo.-<\/strong> El senador por el Distrito Nacional,&nbsp;<strong>Omar Fern\u00e1ndez<\/strong>, requiri\u00f3 este lunes que se libere de impuestos los salarios hasta los RD$52,000 tal como establece el c\u00f3digo tributario.<\/p>\n\n\n\n<p>A trav\u00e9s de un video colgado en redes sociales, Fern\u00e1ndez advirti\u00f3 que el Proyecto de&nbsp;<strong>Presupuesto General del Estado<\/strong>&nbsp;para el a\u00f1o 2026, presentado por el Gobierno y actualmente en conocimiento del Congreso Nacional vuelve a dejar sin efecto, por sexto a\u00f1o consecutivo, la indexaci\u00f3n del salario exento del&nbsp;<strong>impuesto sobre la renta<\/strong>&nbsp;que se sit\u00faa desde entonces hasta RD$34,685.<\/p>\n\n\n\n<p>El legislador advirti\u00f3 que la econom\u00eda de m\u00e1s de 300,000 trabajadores dominicanos se ven afectados por la p\u00e9rdida de poder adquisitivo.<\/p>\n\n\n\n<p>\u201cEstamos hablando de una diferencia de RD$17,244 que se le saca directamente del bolsillo a los dominicanos que m\u00e1s lo necesitan\u201d, denunci\u00f3.<\/p>\n\n\n\n<p>Fern\u00e1ndez sostuvo que el costo promedio de la canasta b\u00e1sica se sit\u00faa en RD$46,716 pesos, por lo que, con esta medida, el Gobierno le arrebata una canasta b\u00e1sica al a\u00f1o a cada trabajador dentro de este rango salarial.<\/p>\n\n\n\n<p>El congresista inst\u00f3 al Ejecutivo a cumplir la ley y descongelar la escala salarial exenta del Impuesto sobre la Renta, adecu\u00e1ndola al nivel que corresponde seg\u00fan la&nbsp;<strong>inflaci\u00f3n&nbsp;<\/strong>acumulada.<\/p>\n\n\n\n<p>\u201cLo que propongo es muy simple: que el Gobierno cumpla la ley. Que d\u00e9 un respiro a las familias dominicanas que hoy enfrentan el costo de la vida con cada vez menos ingresos reales\u201d, concluy\u00f3 Fern\u00e1ndez.<\/p>\n\n\n\n<p><\/p>\n","protected":false},"excerpt":{"rendered":"<p>Santo Domingo.- El senador por el Distrito Nacional,&nbsp;Omar Fern\u00e1ndez, requiri\u00f3 este lunes que se libere de impuestos los salarios hasta los RD$52,000 tal como establece el c\u00f3digo tributario. A trav\u00e9s&hellip; <\/p>\n","protected":false},"author":1,"featured_media":3210,"comment_status":"open","ping_status":"open","sticky":false,"template":"","format":"standard","meta":{"_jetpack_memberships_contains_paid_content":false,"footnotes":""},"categories":[7],"tags":[1707,700,1773],"class_list":["post-3209","post","type-post","status-publish","format-standard","has-post-thumbnail","hentry","category-politica","tag-impuestos","tag-omarfernandez","tag-salarios"],"yoast_head":"<!-- This site is optimized with the Yoast SEO plugin v26.9 - https:\/\/yoast.com\/product\/yoast-seo-wordpress\/ -->\n<title>Omar Fern\u00e1ndez exige cumplir la ley y liberar de impuestos salarios de hasta RD$52,000 - EL GLOBAL INFORMATIVO<\/title>\n<meta name=\"robots\" content=\"index, follow, max-snippet:-1, max-image-preview:large, max-video-preview:-1\" \/>\n<link rel=\"canonical\" href=\"https:\/\/elglobal.do\/index.php\/2025\/10\/16\/omar-fernandez-exige-cumplir-la-ley-y-liberar-de-impuestos-salarios-de-hasta-rd52000\/\" \/>\n<meta property=\"og:locale\" content=\"es_ES\" \/>\n<meta property=\"og:type\" content=\"article\" \/>\n<meta property=\"og:title\" content=\"Omar Fern\u00e1ndez exige cumplir la ley y liberar de impuestos salarios de hasta RD$52,000 - EL GLOBAL INFORMATIVO\" \/>\n<meta property=\"og:description\" content=\"Santo Domingo.- El senador por el Distrito Nacional,&nbsp;Omar Fern\u00e1ndez, requiri\u00f3 este lunes que se libere de impuestos los salarios hasta los RD$52,000 tal como establece el c\u00f3digo tributario. A trav\u00e9s&hellip;\" \/>\n<meta property=\"og:url\" content=\"https:\/\/elglobal.do\/index.php\/2025\/10\/16\/omar-fernandez-exige-cumplir-la-ley-y-liberar-de-impuestos-salarios-de-hasta-rd52000\/\" \/>\n<meta property=\"og:site_name\" content=\"EL GLOBAL INFORMATIVO\" \/>\n<meta property=\"article:published_time\" content=\"2025-10-16T14:02:54+00:00\" \/>\n<meta property=\"article:modified_time\" content=\"2025-10-16T14:02:57+00:00\" \/>\n<meta property=\"og:image\" content=\"https:\/\/elglobal.do\/wp-content\/uploads\/2025\/10\/image-79.png\" \/>\n\t<meta property=\"og:image:width\" content=\"463\" \/>\n\t<meta property=\"og:image:height\" content=\"521\" \/>\n\t<meta property=\"og:image:type\" content=\"image\/png\" \/>\n<meta name=\"author\" content=\"EL GLOBAL\" \/>\n<meta name=\"twitter:card\" content=\"summary_large_image\" \/>\n<meta name=\"twitter:label1\" content=\"Escrito por\" \/>\n\t<meta name=\"twitter:data1\" content=\"EL GLOBAL\" \/>\n\t<meta name=\"twitter:label2\" content=\"Tiempo de lectura\" \/>\n\t<meta name=\"twitter:data2\" content=\"2 minutos\" \/>\n<script type=\"application\/ld+json\" class=\"yoast-schema-graph\">{\"@context\":\"https:\/\/schema.org\",\"@graph\":[{\"@type\":\"Article\",\"@id\":\"https:\/\/elglobal.do\/index.php\/2025\/10\/16\/omar-fernandez-exige-cumplir-la-ley-y-liberar-de-impuestos-salarios-de-hasta-rd52000\/#article\",\"isPartOf\":{\"@id\":\"https:\/\/elglobal.do\/index.php\/2025\/10\/16\/omar-fernandez-exige-cumplir-la-ley-y-liberar-de-impuestos-salarios-de-hasta-rd52000\/\"},\"author\":{\"name\":\"EL GLOBAL\",\"@id\":\"https:\/\/elglobal.do\/#\/schema\/person\/0c97ec2c7714fb605d230c292f64d55f\"},\"headline\":\"Omar Fern\u00e1ndez exige cumplir la ley y liberar de impuestos salarios de hasta RD$52,000\",\"datePublished\":\"2025-10-16T14:02:54+00:00\",\"dateModified\":\"2025-10-16T14:02:57+00:00\",\"mainEntityOfPage\":{\"@id\":\"https:\/\/elglobal.do\/index.php\/2025\/10\/16\/omar-fernandez-exige-cumplir-la-ley-y-liberar-de-impuestos-salarios-de-hasta-rd52000\/\"},\"wordCount\":277,\"commentCount\":0,\"publisher\":{\"@id\":\"https:\/\/elglobal.do\/#organization\"},\"image\":{\"@id\":\"https:\/\/elglobal.do\/index.php\/2025\/10\/16\/omar-fernandez-exige-cumplir-la-ley-y-liberar-de-impuestos-salarios-de-hasta-rd52000\/#primaryimage\"},\"thumbnailUrl\":\"https:\/\/elglobal.do\/wp-content\/uploads\/2025\/10\/image-79.png\",\"keywords\":[\"#Impuestos\",\"#OmarFern\u00e1ndez\",\"#Salarios\"],\"articleSection\":[\"POL\u00cdTICA\"],\"inLanguage\":\"es\",\"potentialAction\":[{\"@type\":\"CommentAction\",\"name\":\"Comment\",\"target\":[\"https:\/\/elglobal.do\/index.php\/2025\/10\/16\/omar-fernandez-exige-cumplir-la-ley-y-liberar-de-impuestos-salarios-de-hasta-rd52000\/#respond\"]}]},{\"@type\":\"WebPage\",\"@id\":\"https:\/\/elglobal.do\/index.php\/2025\/10\/16\/omar-fernandez-exige-cumplir-la-ley-y-liberar-de-impuestos-salarios-de-hasta-rd52000\/\",\"url\":\"https:\/\/elglobal.do\/index.php\/2025\/10\/16\/omar-fernandez-exige-cumplir-la-ley-y-liberar-de-impuestos-salarios-de-hasta-rd52000\/\",\"name\":\"Omar Fern\u00e1ndez exige cumplir la ley y liberar de impuestos salarios de hasta RD$52,000 - EL GLOBAL INFORMATIVO\",\"isPartOf\":{\"@id\":\"https:\/\/elglobal.do\/#website\"},\"primaryImageOfPage\":{\"@id\":\"https:\/\/elglobal.do\/index.php\/2025\/10\/16\/omar-fernandez-exige-cumplir-la-ley-y-liberar-de-impuestos-salarios-de-hasta-rd52000\/#primaryimage\"},\"image\":{\"@id\":\"https:\/\/elglobal.do\/index.php\/2025\/10\/16\/omar-fernandez-exige-cumplir-la-ley-y-liberar-de-impuestos-salarios-de-hasta-rd52000\/#primaryimage\"},\"thumbnailUrl\":\"https:\/\/elglobal.do\/wp-content\/uploads\/2025\/10\/image-79.png\",\"datePublished\":\"2025-10-16T14:02:54+00:00\",\"dateModified\":\"2025-10-16T14:02:57+00:00\",\"breadcrumb\":{\"@id\":\"https:\/\/elglobal.do\/index.php\/2025\/10\/16\/omar-fernandez-exige-cumplir-la-ley-y-liberar-de-impuestos-salarios-de-hasta-rd52000\/#breadcrumb\"},\"inLanguage\":\"es\",\"potentialAction\":[{\"@type\":\"ReadAction\",\"target\":[\"https:\/\/elglobal.do\/index.php\/2025\/10\/16\/omar-fernandez-exige-cumplir-la-ley-y-liberar-de-impuestos-salarios-de-hasta-rd52000\/\"]}]},{\"@type\":\"ImageObject\",\"inLanguage\":\"es\",\"@id\":\"https:\/\/elglobal.do\/index.php\/2025\/10\/16\/omar-fernandez-exige-cumplir-la-ley-y-liberar-de-impuestos-salarios-de-hasta-rd52000\/#primaryimage\",\"url\":\"https:\/\/elglobal.do\/wp-content\/uploads\/2025\/10\/image-79.png\",\"contentUrl\":\"https:\/\/elglobal.do\/wp-content\/uploads\/2025\/10\/image-79.png\",\"width\":463,\"height\":521},{\"@type\":\"BreadcrumbList\",\"@id\":\"https:\/\/elglobal.do\/index.php\/2025\/10\/16\/omar-fernandez-exige-cumplir-la-ley-y-liberar-de-impuestos-salarios-de-hasta-rd52000\/#breadcrumb\",\"itemListElement\":[{\"@type\":\"ListItem\",\"position\":1,\"name\":\"Portada\",\"item\":\"https:\/\/elglobal.do\/\"},{\"@type\":\"ListItem\",\"position\":2,\"name\":\"Omar Fern\u00e1ndez exige cumplir la ley y liberar de impuestos salarios de hasta RD$52,000\"}]},{\"@type\":\"WebSite\",\"@id\":\"https:\/\/elglobal.do\/#website\",\"url\":\"https:\/\/elglobal.do\/\",\"name\":\"EL GLOBAL INFORMATIVO\",\"description\":\"Peri\u00f3dico digital de la Rep\u00fablica Dominicana que ofrece noticias, novedades, pol\u00edtica y las \u00faltimas actualidades, con informaci\u00f3n veraz y oportuna para mantenerte siempre informad\",\"publisher\":{\"@id\":\"https:\/\/elglobal.do\/#organization\"},\"potentialAction\":[{\"@type\":\"SearchAction\",\"target\":{\"@type\":\"EntryPoint\",\"urlTemplate\":\"https:\/\/elglobal.do\/?s={search_term_string}\"},\"query-input\":{\"@type\":\"PropertyValueSpecification\",\"valueRequired\":true,\"valueName\":\"search_term_string\"}}],\"inLanguage\":\"es\"},{\"@type\":\"Organization\",\"@id\":\"https:\/\/elglobal.do\/#organization\",\"name\":\"EL GLOBAL.DO INFORMATIVO\",\"url\":\"https:\/\/elglobal.do\/\",\"logo\":{\"@type\":\"ImageObject\",\"inLanguage\":\"es\",\"@id\":\"https:\/\/elglobal.do\/#\/schema\/logo\/image\/\",\"url\":\"https:\/\/elglobal.do\/wp-content\/uploads\/2025\/08\/icon.png\",\"contentUrl\":\"https:\/\/elglobal.do\/wp-content\/uploads\/2025\/08\/icon.png\",\"width\":512,\"height\":512,\"caption\":\"EL GLOBAL.DO INFORMATIVO\"},\"image\":{\"@id\":\"https:\/\/elglobal.do\/#\/schema\/logo\/image\/\"}},{\"@type\":\"Person\",\"@id\":\"https:\/\/elglobal.do\/#\/schema\/person\/0c97ec2c7714fb605d230c292f64d55f\",\"name\":\"EL GLOBAL\",\"image\":{\"@type\":\"ImageObject\",\"inLanguage\":\"es\",\"@id\":\"https:\/\/elglobal.do\/#\/schema\/person\/image\/\",\"url\":\"https:\/\/secure.gravatar.com\/avatar\/081cfb6cf99faddc6f4e23a0c11ab98c5cf302925382d1c88dc3ed757ab910a3?s=96&d=mm&r=g\",\"contentUrl\":\"https:\/\/secure.gravatar.com\/avatar\/081cfb6cf99faddc6f4e23a0c11ab98c5cf302925382d1c88dc3ed757ab910a3?s=96&d=mm&r=g\",\"caption\":\"EL GLOBAL\"},\"description\":\"El Global Informativo es un peri\u00f3dico digital de Rep\u00fablica Dominicana que se dedica a cubrir temas importantes, como la pol\u00edtica local, geopol\u00edtica, econom\u00eda, tecnolog\u00eda, noticias internacionales y eventos relacionados con la gesti\u00f3n social, cultural y humana. Su objetivo principal es mantener a la poblaci\u00f3n informada, ofreciendo una visi\u00f3n amplia y actualizada de lo que sucede tanto en el pa\u00eds como en el mundo. Est\u00e1 dirigido por un grupo de periodistas experimentados, lo que garantiza la calidad y la precisi\u00f3n de la informaci\u00f3n que ofrecen. Tiene su sede en la ciudad de Santo Domingo y es parte integral del portafolio de la empresa, MC Global S.R.L.\",\"sameAs\":[\"https:\/\/elglobal.do\",\"https:\/\/www.instagram.com\/elglobal.do_informativo\/\"],\"url\":\"https:\/\/elglobal.do\/index.php\/author\/elglobaluserpro\/\"}]}<\/script>\n<!-- \/ Yoast SEO plugin. -->","yoast_head_json":{"title":"Omar Fern\u00e1ndez exige cumplir la ley y liberar de impuestos salarios de hasta RD$52,000 - EL GLOBAL INFORMATIVO","robots":{"index":"index","follow":"follow","max-snippet":"max-snippet:-1","max-image-preview":"max-image-preview:large","max-video-preview":"max-video-preview:-1"},"canonical":"https:\/\/elglobal.do\/index.php\/2025\/10\/16\/omar-fernandez-exige-cumplir-la-ley-y-liberar-de-impuestos-salarios-de-hasta-rd52000\/","og_locale":"es_ES","og_type":"article","og_title":"Omar Fern\u00e1ndez exige cumplir la ley y liberar de impuestos salarios de hasta RD$52,000 - EL GLOBAL INFORMATIVO","og_description":"Santo Domingo.- El senador por el Distrito Nacional,&nbsp;Omar Fern\u00e1ndez, requiri\u00f3 este lunes que se libere de impuestos los salarios hasta los RD$52,000 tal como establece el c\u00f3digo tributario. A trav\u00e9s&hellip;","og_url":"https:\/\/elglobal.do\/index.php\/2025\/10\/16\/omar-fernandez-exige-cumplir-la-ley-y-liberar-de-impuestos-salarios-de-hasta-rd52000\/","og_site_name":"EL GLOBAL INFORMATIVO","article_published_time":"2025-10-16T14:02:54+00:00","article_modified_time":"2025-10-16T14:02:57+00:00","og_image":[{"width":463,"height":521,"url":"https:\/\/elglobal.do\/wp-content\/uploads\/2025\/10\/image-79.png","type":"image\/png"}],"author":"EL GLOBAL","twitter_card":"summary_large_image","twitter_misc":{"Escrito por":"EL GLOBAL","Tiempo de lectura":"2 minutos"},"schema":{"@context":"https:\/\/schema.org","@graph":[{"@type":"Article","@id":"https:\/\/elglobal.do\/index.php\/2025\/10\/16\/omar-fernandez-exige-cumplir-la-ley-y-liberar-de-impuestos-salarios-de-hasta-rd52000\/#article","isPartOf":{"@id":"https:\/\/elglobal.do\/index.php\/2025\/10\/16\/omar-fernandez-exige-cumplir-la-ley-y-liberar-de-impuestos-salarios-de-hasta-rd52000\/"},"author":{"name":"EL GLOBAL","@id":"https:\/\/elglobal.do\/#\/schema\/person\/0c97ec2c7714fb605d230c292f64d55f"},"headline":"Omar Fern\u00e1ndez exige cumplir la ley y liberar de impuestos salarios de hasta RD$52,000","datePublished":"2025-10-16T14:02:54+00:00","dateModified":"2025-10-16T14:02:57+00:00","mainEntityOfPage":{"@id":"https:\/\/elglobal.do\/index.php\/2025\/10\/16\/omar-fernandez-exige-cumplir-la-ley-y-liberar-de-impuestos-salarios-de-hasta-rd52000\/"},"wordCount":277,"commentCount":0,"publisher":{"@id":"https:\/\/elglobal.do\/#organization"},"image":{"@id":"https:\/\/elglobal.do\/index.php\/2025\/10\/16\/omar-fernandez-exige-cumplir-la-ley-y-liberar-de-impuestos-salarios-de-hasta-rd52000\/#primaryimage"},"thumbnailUrl":"https:\/\/elglobal.do\/wp-content\/uploads\/2025\/10\/image-79.png","keywords":["#Impuestos","#OmarFern\u00e1ndez","#Salarios"],"articleSection":["POL\u00cdTICA"],"inLanguage":"es","potentialAction":[{"@type":"CommentAction","name":"Comment","target":["https:\/\/elglobal.do\/index.php\/2025\/10\/16\/omar-fernandez-exige-cumplir-la-ley-y-liberar-de-impuestos-salarios-de-hasta-rd52000\/#respond"]}]},{"@type":"WebPage","@id":"https:\/\/elglobal.do\/index.php\/2025\/10\/16\/omar-fernandez-exige-cumplir-la-ley-y-liberar-de-impuestos-salarios-de-hasta-rd52000\/","url":"https:\/\/elglobal.do\/index.php\/2025\/10\/16\/omar-fernandez-exige-cumplir-la-ley-y-liberar-de-impuestos-salarios-de-hasta-rd52000\/","name":"Omar Fern\u00e1ndez exige cumplir la ley y liberar de impuestos salarios de hasta RD$52,000 - EL GLOBAL INFORMATIVO","isPartOf":{"@id":"https:\/\/elglobal.do\/#website"},"primaryImageOfPage":{"@id":"https:\/\/elglobal.do\/index.php\/2025\/10\/16\/omar-fernandez-exige-cumplir-la-ley-y-liberar-de-impuestos-salarios-de-hasta-rd52000\/#primaryimage"},"image":{"@id":"https:\/\/elglobal.do\/index.php\/2025\/10\/16\/omar-fernandez-exige-cumplir-la-ley-y-liberar-de-impuestos-salarios-de-hasta-rd52000\/#primaryimage"},"thumbnailUrl":"https:\/\/elglobal.do\/wp-content\/uploads\/2025\/10\/image-79.png","datePublished":"2025-10-16T14:02:54+00:00","dateModified":"2025-10-16T14:02:57+00:00","breadcrumb":{"@id":"https:\/\/elglobal.do\/index.php\/2025\/10\/16\/omar-fernandez-exige-cumplir-la-ley-y-liberar-de-impuestos-salarios-de-hasta-rd52000\/#breadcrumb"},"inLanguage":"es","potentialAction":[{"@type":"ReadAction","target":["https:\/\/elglobal.do\/index.php\/2025\/10\/16\/omar-fernandez-exige-cumplir-la-ley-y-liberar-de-impuestos-salarios-de-hasta-rd52000\/"]}]},{"@type":"ImageObject","inLanguage":"es","@id":"https:\/\/elglobal.do\/index.php\/2025\/10\/16\/omar-fernandez-exige-cumplir-la-ley-y-liberar-de-impuestos-salarios-de-hasta-rd52000\/#primaryimage","url":"https:\/\/elglobal.do\/wp-content\/uploads\/2025\/10\/image-79.png","contentUrl":"https:\/\/elglobal.do\/wp-content\/uploads\/2025\/10\/image-79.png","width":463,"height":521},{"@type":"BreadcrumbList","@id":"https:\/\/elglobal.do\/index.php\/2025\/10\/16\/omar-fernandez-exige-cumplir-la-ley-y-liberar-de-impuestos-salarios-de-hasta-rd52000\/#breadcrumb","itemListElement":[{"@type":"ListItem","position":1,"name":"Portada","item":"https:\/\/elglobal.do\/"},{"@type":"ListItem","position":2,"name":"Omar Fern\u00e1ndez exige cumplir la ley y liberar de impuestos salarios de hasta RD$52,000"}]},{"@type":"WebSite","@id":"https:\/\/elglobal.do\/#website","url":"https:\/\/elglobal.do\/","name":"EL GLOBAL INFORMATIVO","description":"Peri\u00f3dico digital de la Rep\u00fablica Dominicana que ofrece noticias, novedades, pol\u00edtica y las \u00faltimas actualidades, con informaci\u00f3n veraz y oportuna para mantenerte siempre informad","publisher":{"@id":"https:\/\/elglobal.do\/#organization"},"potentialAction":[{"@type":"SearchAction","target":{"@type":"EntryPoint","urlTemplate":"https:\/\/elglobal.do\/?s={search_term_string}"},"query-input":{"@type":"PropertyValueSpecification","valueRequired":true,"valueName":"search_term_string"}}],"inLanguage":"es"},{"@type":"Organization","@id":"https:\/\/elglobal.do\/#organization","name":"EL GLOBAL.DO INFORMATIVO","url":"https:\/\/elglobal.do\/","logo":{"@type":"ImageObject","inLanguage":"es","@id":"https:\/\/elglobal.do\/#\/schema\/logo\/image\/","url":"https:\/\/elglobal.do\/wp-content\/uploads\/2025\/08\/icon.png","contentUrl":"https:\/\/elglobal.do\/wp-content\/uploads\/2025\/08\/icon.png","width":512,"height":512,"caption":"EL GLOBAL.DO INFORMATIVO"},"image":{"@id":"https:\/\/elglobal.do\/#\/schema\/logo\/image\/"}},{"@type":"Person","@id":"https:\/\/elglobal.do\/#\/schema\/person\/0c97ec2c7714fb605d230c292f64d55f","name":"EL GLOBAL","image":{"@type":"ImageObject","inLanguage":"es","@id":"https:\/\/elglobal.do\/#\/schema\/person\/image\/","url":"https:\/\/secure.gravatar.com\/avatar\/081cfb6cf99faddc6f4e23a0c11ab98c5cf302925382d1c88dc3ed757ab910a3?s=96&d=mm&r=g","contentUrl":"https:\/\/secure.gravatar.com\/avatar\/081cfb6cf99faddc6f4e23a0c11ab98c5cf302925382d1c88dc3ed757ab910a3?s=96&d=mm&r=g","caption":"EL GLOBAL"},"description":"El Global Informativo es un peri\u00f3dico digital de Rep\u00fablica Dominicana que se dedica a cubrir temas importantes, como la pol\u00edtica local, geopol\u00edtica, econom\u00eda, tecnolog\u00eda, noticias internacionales y eventos relacionados con la gesti\u00f3n social, cultural y humana. Su objetivo principal es mantener a la poblaci\u00f3n informada, ofreciendo una visi\u00f3n amplia y actualizada de lo que sucede tanto en el pa\u00eds como en el mundo. Est\u00e1 dirigido por un grupo de periodistas experimentados, lo que garantiza la calidad y la precisi\u00f3n de la informaci\u00f3n que ofrecen. Tiene su sede en la ciudad de Santo Domingo y es parte integral del portafolio de la empresa, MC Global S.R.L.","sameAs":["https:\/\/elglobal.do","https:\/\/www.instagram.com\/elglobal.do_informativo\/"],"url":"https:\/\/elglobal.do\/index.php\/author\/elglobaluserpro\/"}]}},"jetpack_featured_media_url":"https:\/\/elglobal.do\/wp-content\/uploads\/2025\/10\/image-79.png","jetpack_sharing_enabled":true,"_links":{"self":[{"href":"https:\/\/elglobal.do\/index.php\/wp-json\/wp\/v2\/posts\/3209","targetHints":{"allow":["GET"]}}],"collection":[{"href":"https:\/\/elglobal.do\/index.php\/wp-json\/wp\/v2\/posts"}],"about":[{"href":"https:\/\/elglobal.do\/index.php\/wp-json\/wp\/v2\/types\/post"}],"author":[{"embeddable":true,"href":"https:\/\/elglobal.do\/index.php\/wp-json\/wp\/v2\/users\/1"}],"replies":[{"embeddable":true,"href":"https:\/\/elglobal.do\/index.php\/wp-json\/wp\/v2\/comments?post=3209"}],"version-history":[{"count":1,"href":"https:\/\/elglobal.do\/index.php\/wp-json\/wp\/v2\/posts\/3209\/revisions"}],"predecessor-version":[{"id":3211,"href":"https:\/\/elglobal.do\/index.php\/wp-json\/wp\/v2\/posts\/3209\/revisions\/3211"}],"wp:featuredmedia":[{"embeddable":true,"href":"https:\/\/elglobal.do\/index.php\/wp-json\/wp\/v2\/media\/3210"}],"wp:attachment":[{"href":"https:\/\/elglobal.do\/index.php\/wp-json\/wp\/v2\/media?parent=3209"}],"wp:term":[{"taxonomy":"category","embeddable":true,"href":"https:\/\/elglobal.do\/index.php\/wp-json\/wp\/v2\/categories?post=3209"},{"taxonomy":"post_tag","embeddable":true,"href":"https:\/\/elglobal.do\/index.php\/wp-json\/wp\/v2\/tags?post=3209"}],"curies":[{"name":"wp","href":"https:\/\/api.w.org\/{rel}","templated":true}]}}