{"id":3229,"date":"2025-10-16T12:18:42","date_gmt":"2025-10-16T16:18:42","guid":{"rendered":"https:\/\/elglobal.do\/?p=3229"},"modified":"2025-10-16T12:18:44","modified_gmt":"2025-10-16T16:18:44","slug":"el-senado-conocera-este-jueves-la-reforma-laboral","status":"publish","type":"post","link":"https:\/\/elglobal.do\/index.php\/2025\/10\/16\/el-senado-conocera-este-jueves-la-reforma-laboral\/","title":{"rendered":"El Senado conocer\u00e1 este jueves la reforma laboral"},"content":{"rendered":"\n<figure class=\"wp-block-image size-large is-resized\"><img loading=\"lazy\" decoding=\"async\" width=\"1024\" height=\"658\" src=\"https:\/\/elglobal.do\/wp-content\/uploads\/2025\/10\/image-85-1024x658.png\" alt=\"\" class=\"wp-image-3230\" style=\"width:565px;height:auto\" srcset=\"https:\/\/elglobal.do\/wp-content\/uploads\/2025\/10\/image-85-1024x658.png 1024w, https:\/\/elglobal.do\/wp-content\/uploads\/2025\/10\/image-85-300x193.png 300w, https:\/\/elglobal.do\/wp-content\/uploads\/2025\/10\/image-85-768x494.png 768w, https:\/\/elglobal.do\/wp-content\/uploads\/2025\/10\/image-85-1536x987.png 1536w, https:\/\/elglobal.do\/wp-content\/uploads\/2025\/10\/image-85.png 1920w\" sizes=\"auto, (max-width: 1024px) 100vw, 1024px\" \/><\/figure>\n\n\n\n<p><strong>Santo Domingo.-<\/strong>  El Senado de la Rep\u00fablica conocer\u00e1 este jueves en segunda discusi\u00f3n el proyecto de reforma al\u00a0<strong>C\u00f3digo de Trabajo<\/strong>, el cual ya fue aprobado en primera lectura, seg\u00fan el senador por la provincia La Altagracia, Rafael Bar\u00f3n Duluc (Cholit\u00edn),  que<\/p>\n\n\n\n<p>El legislador explic\u00f3 que, tras la aprobaci\u00f3n en la C\u00e1mara Alta, el proyecto ser\u00e1 remitido&nbsp;<strong>a la C\u00e1mara de Diputados<\/strong>&nbsp;para continuar su proceso legislativo.<\/p>\n\n\n<div class=\"wp-block-image\">\n<figure class=\"alignleft size-full is-resized\"><img loading=\"lazy\" decoding=\"async\" width=\"698\" height=\"519\" src=\"https:\/\/elglobal.do\/wp-content\/uploads\/2025\/10\/image-87.png\" alt=\"\" class=\"wp-image-3232\" style=\"width:398px;height:auto\" srcset=\"https:\/\/elglobal.do\/wp-content\/uploads\/2025\/10\/image-87.png 698w, https:\/\/elglobal.do\/wp-content\/uploads\/2025\/10\/image-87-300x223.png 300w\" sizes=\"auto, (max-width: 698px) 100vw, 698px\" \/><\/figure>\n<\/div>\n\n\n<p>\u00abYa nosotros aprobamos en primera discusi\u00f3n el proyecto del&nbsp;<strong>C\u00f3digo de Trabajo<\/strong>. Ma\u00f1ana jueves habr\u00e1 sesi\u00f3n para leerlo en segunda discusi\u00f3n y aprobarlo a nivel del Senado\u00bb, indic\u00f3 Bar\u00f3n Duluc.<\/p>\n\n\n\n<p>El senador tambi\u00e9n se refiri\u00f3 a las cartas y observaciones enviadas por\u00a0<strong>el sector empresarial<\/strong>\u00a0al Congreso, y aclar\u00f3 que la mayor\u00eda de las propuestas ya fueron analizadas, aunque no todas fueron acogidas.<\/p>\n\n\n\n<p>\u00abMuchas de esas propuestas fueron incorporadas, especialmente las relacionadas con\u00a0<strong>el procedimiento laboral<\/strong>, otras no. Siempre el Congreso tiene la \u00faltima palabra\u00bb, sostuvo.<\/p>\n\n\n\n<h2 class=\"wp-block-heading\"><strong>La\u00a0cesant\u00eda<\/strong><\/h2>\n\n\n\n<p>En cuanto al tema de&nbsp;<strong>la cesant\u00eda laboral<\/strong>, Bar\u00f3n Duluc fue enf\u00e1tico al se\u00f1alar que no se har\u00e1n cambios en ese aspecto.<\/p>\n\n\n\n<p>\u00ab<strong>La cesant\u00eda,<\/strong>&nbsp;ya hemos dicho que eso se mantiene como est\u00e1\u00bb, afirm\u00f3 el legislador.<\/p>\n\n\n\n<p>El debate sobre la\u00a0<strong>reforma laboral<\/strong>\u00a0ha generado amplias discusiones entre los distintos sectores productivos y sociales del pa\u00eds, aunque el ministro de Trabajo ha reiterado que el objetivo del proceso es\u00a0<strong>actualizar el marco legal<\/strong>\u00a0sin afectar los derechos adquiridos de los trabajadores.<\/p>\n\n\n\n<p>El presidente del Consejo Nacional de la Empresa Privada (<strong>Conep<\/strong>), Celso Juan Marranzini, subray\u00f3 el martes que&nbsp;la&nbsp;<strong>reforma laboral<\/strong>&nbsp;debe contemplar&nbsp;soluciones sostenibles que promuevan la formalidad&nbsp;y equilibren las cargas laborales para todos los sectores empresariales, incluyendo peque\u00f1as y medianas empresas.<\/p>\n\n\n\n<p>Ante la pregunta \u00bfModificar&nbsp;<strong>la cesant\u00eda<\/strong>&nbsp;reducir\u00eda la&nbsp;informalidad?, el alto ejecutivo del&nbsp;Conep&nbsp;respondi\u00f3:<\/p>\n\n\n\n<p>\u00abDefinitivamente, pero hacia el futuro, para el porvenir, porque recuerden que nosotros hemos insistido en que se mantienen los derechos adquiridos. Quiere decir, que es&nbsp;<strong>al porvenir&nbsp;<\/strong>y no es eliminarla (<strong>cesant\u00eda<\/strong>).&nbsp;Es buscar alguna alternativa para que tenga un tope o para que no sea infinita\u00bb.<\/p>\n\n\n\n<p><\/p>\n","protected":false},"excerpt":{"rendered":"<p>Santo Domingo.- El Senado de la Rep\u00fablica conocer\u00e1 este jueves en segunda discusi\u00f3n el proyecto de reforma al\u00a0C\u00f3digo de Trabajo, el cual ya fue aprobado en primera lectura, seg\u00fan el&hellip; <\/p>\n","protected":false},"author":1,"featured_media":3230,"comment_status":"open","ping_status":"open","sticky":false,"template":"","format":"standard","meta":{"_jetpack_memberships_contains_paid_content":false,"footnotes":""},"categories":[40],"tags":[1785,1783,1504,248],"class_list":["post-3229","post","type-post","status-publish","format-standard","has-post-thumbnail","hentry","category-nacionales","tag-cesantia","tag-codigo-de-trabajo","tag-reformalaboral","tag-senado"],"yoast_head":"<!-- This site is optimized with the Yoast SEO plugin v26.9 - https:\/\/yoast.com\/product\/yoast-seo-wordpress\/ -->\n<title>El Senado conocer\u00e1 este jueves la reforma laboral - EL GLOBAL INFORMATIVO<\/title>\n<meta name=\"robots\" content=\"index, follow, max-snippet:-1, max-image-preview:large, max-video-preview:-1\" \/>\n<link rel=\"canonical\" href=\"https:\/\/elglobal.do\/index.php\/2025\/10\/16\/el-senado-conocera-este-jueves-la-reforma-laboral\/\" \/>\n<meta property=\"og:locale\" content=\"es_ES\" \/>\n<meta property=\"og:type\" content=\"article\" \/>\n<meta property=\"og:title\" content=\"El Senado conocer\u00e1 este jueves la reforma laboral - EL GLOBAL INFORMATIVO\" \/>\n<meta property=\"og:description\" content=\"Santo Domingo.- El Senado de la Rep\u00fablica conocer\u00e1 este jueves en segunda discusi\u00f3n el proyecto de reforma al\u00a0C\u00f3digo de Trabajo, el cual ya fue aprobado en primera lectura, seg\u00fan el&hellip;\" \/>\n<meta property=\"og:url\" content=\"https:\/\/elglobal.do\/index.php\/2025\/10\/16\/el-senado-conocera-este-jueves-la-reforma-laboral\/\" \/>\n<meta property=\"og:site_name\" content=\"EL GLOBAL INFORMATIVO\" \/>\n<meta property=\"article:published_time\" content=\"2025-10-16T16:18:42+00:00\" \/>\n<meta property=\"article:modified_time\" content=\"2025-10-16T16:18:44+00:00\" \/>\n<meta property=\"og:image\" content=\"https:\/\/elglobal.do\/wp-content\/uploads\/2025\/10\/image-85-1024x658.png\" \/>\n\t<meta property=\"og:image:width\" content=\"1024\" \/>\n\t<meta property=\"og:image:height\" content=\"658\" \/>\n\t<meta property=\"og:image:type\" content=\"image\/png\" \/>\n<meta name=\"author\" content=\"EL GLOBAL\" \/>\n<meta name=\"twitter:card\" content=\"summary_large_image\" \/>\n<meta name=\"twitter:label1\" content=\"Escrito por\" \/>\n\t<meta name=\"twitter:data1\" content=\"EL GLOBAL\" \/>\n\t<meta name=\"twitter:label2\" content=\"Tiempo de lectura\" \/>\n\t<meta name=\"twitter:data2\" content=\"3 minutos\" \/>\n<script type=\"application\/ld+json\" class=\"yoast-schema-graph\">{\"@context\":\"https:\/\/schema.org\",\"@graph\":[{\"@type\":\"Article\",\"@id\":\"https:\/\/elglobal.do\/index.php\/2025\/10\/16\/el-senado-conocera-este-jueves-la-reforma-laboral\/#article\",\"isPartOf\":{\"@id\":\"https:\/\/elglobal.do\/index.php\/2025\/10\/16\/el-senado-conocera-este-jueves-la-reforma-laboral\/\"},\"author\":{\"name\":\"EL GLOBAL\",\"@id\":\"https:\/\/elglobal.do\/#\/schema\/person\/0c97ec2c7714fb605d230c292f64d55f\"},\"headline\":\"El Senado conocer\u00e1 este jueves la reforma laboral\",\"datePublished\":\"2025-10-16T16:18:42+00:00\",\"dateModified\":\"2025-10-16T16:18:44+00:00\",\"mainEntityOfPage\":{\"@id\":\"https:\/\/elglobal.do\/index.php\/2025\/10\/16\/el-senado-conocera-este-jueves-la-reforma-laboral\/\"},\"wordCount\":396,\"commentCount\":0,\"publisher\":{\"@id\":\"https:\/\/elglobal.do\/#organization\"},\"image\":{\"@id\":\"https:\/\/elglobal.do\/index.php\/2025\/10\/16\/el-senado-conocera-este-jueves-la-reforma-laboral\/#primaryimage\"},\"thumbnailUrl\":\"https:\/\/elglobal.do\/wp-content\/uploads\/2025\/10\/image-85.png\",\"keywords\":[\"#cesant\u00eda\",\"#C\u00f3digo de Trabajo\",\"#Reformalaboral\",\"#Senado\"],\"articleSection\":[\"NACIONALES\"],\"inLanguage\":\"es\",\"potentialAction\":[{\"@type\":\"CommentAction\",\"name\":\"Comment\",\"target\":[\"https:\/\/elglobal.do\/index.php\/2025\/10\/16\/el-senado-conocera-este-jueves-la-reforma-laboral\/#respond\"]}]},{\"@type\":\"WebPage\",\"@id\":\"https:\/\/elglobal.do\/index.php\/2025\/10\/16\/el-senado-conocera-este-jueves-la-reforma-laboral\/\",\"url\":\"https:\/\/elglobal.do\/index.php\/2025\/10\/16\/el-senado-conocera-este-jueves-la-reforma-laboral\/\",\"name\":\"El Senado conocer\u00e1 este jueves la reforma laboral - EL GLOBAL INFORMATIVO\",\"isPartOf\":{\"@id\":\"https:\/\/elglobal.do\/#website\"},\"primaryImageOfPage\":{\"@id\":\"https:\/\/elglobal.do\/index.php\/2025\/10\/16\/el-senado-conocera-este-jueves-la-reforma-laboral\/#primaryimage\"},\"image\":{\"@id\":\"https:\/\/elglobal.do\/index.php\/2025\/10\/16\/el-senado-conocera-este-jueves-la-reforma-laboral\/#primaryimage\"},\"thumbnailUrl\":\"https:\/\/elglobal.do\/wp-content\/uploads\/2025\/10\/image-85.png\",\"datePublished\":\"2025-10-16T16:18:42+00:00\",\"dateModified\":\"2025-10-16T16:18:44+00:00\",\"breadcrumb\":{\"@id\":\"https:\/\/elglobal.do\/index.php\/2025\/10\/16\/el-senado-conocera-este-jueves-la-reforma-laboral\/#breadcrumb\"},\"inLanguage\":\"es\",\"potentialAction\":[{\"@type\":\"ReadAction\",\"target\":[\"https:\/\/elglobal.do\/index.php\/2025\/10\/16\/el-senado-conocera-este-jueves-la-reforma-laboral\/\"]}]},{\"@type\":\"ImageObject\",\"inLanguage\":\"es\",\"@id\":\"https:\/\/elglobal.do\/index.php\/2025\/10\/16\/el-senado-conocera-este-jueves-la-reforma-laboral\/#primaryimage\",\"url\":\"https:\/\/elglobal.do\/wp-content\/uploads\/2025\/10\/image-85.png\",\"contentUrl\":\"https:\/\/elglobal.do\/wp-content\/uploads\/2025\/10\/image-85.png\",\"width\":1920,\"height\":1234},{\"@type\":\"BreadcrumbList\",\"@id\":\"https:\/\/elglobal.do\/index.php\/2025\/10\/16\/el-senado-conocera-este-jueves-la-reforma-laboral\/#breadcrumb\",\"itemListElement\":[{\"@type\":\"ListItem\",\"position\":1,\"name\":\"Portada\",\"item\":\"https:\/\/elglobal.do\/\"},{\"@type\":\"ListItem\",\"position\":2,\"name\":\"El Senado conocer\u00e1 este jueves la reforma laboral\"}]},{\"@type\":\"WebSite\",\"@id\":\"https:\/\/elglobal.do\/#website\",\"url\":\"https:\/\/elglobal.do\/\",\"name\":\"EL GLOBAL INFORMATIVO\",\"description\":\"Peri\u00f3dico digital de la Rep\u00fablica Dominicana que ofrece noticias, novedades, pol\u00edtica y las \u00faltimas actualidades, con informaci\u00f3n veraz y oportuna para mantenerte siempre informad\",\"publisher\":{\"@id\":\"https:\/\/elglobal.do\/#organization\"},\"potentialAction\":[{\"@type\":\"SearchAction\",\"target\":{\"@type\":\"EntryPoint\",\"urlTemplate\":\"https:\/\/elglobal.do\/?s={search_term_string}\"},\"query-input\":{\"@type\":\"PropertyValueSpecification\",\"valueRequired\":true,\"valueName\":\"search_term_string\"}}],\"inLanguage\":\"es\"},{\"@type\":\"Organization\",\"@id\":\"https:\/\/elglobal.do\/#organization\",\"name\":\"EL GLOBAL.DO INFORMATIVO\",\"url\":\"https:\/\/elglobal.do\/\",\"logo\":{\"@type\":\"ImageObject\",\"inLanguage\":\"es\",\"@id\":\"https:\/\/elglobal.do\/#\/schema\/logo\/image\/\",\"url\":\"https:\/\/elglobal.do\/wp-content\/uploads\/2025\/08\/icon.png\",\"contentUrl\":\"https:\/\/elglobal.do\/wp-content\/uploads\/2025\/08\/icon.png\",\"width\":512,\"height\":512,\"caption\":\"EL GLOBAL.DO INFORMATIVO\"},\"image\":{\"@id\":\"https:\/\/elglobal.do\/#\/schema\/logo\/image\/\"}},{\"@type\":\"Person\",\"@id\":\"https:\/\/elglobal.do\/#\/schema\/person\/0c97ec2c7714fb605d230c292f64d55f\",\"name\":\"EL GLOBAL\",\"image\":{\"@type\":\"ImageObject\",\"inLanguage\":\"es\",\"@id\":\"https:\/\/elglobal.do\/#\/schema\/person\/image\/\",\"url\":\"https:\/\/secure.gravatar.com\/avatar\/081cfb6cf99faddc6f4e23a0c11ab98c5cf302925382d1c88dc3ed757ab910a3?s=96&d=mm&r=g\",\"contentUrl\":\"https:\/\/secure.gravatar.com\/avatar\/081cfb6cf99faddc6f4e23a0c11ab98c5cf302925382d1c88dc3ed757ab910a3?s=96&d=mm&r=g\",\"caption\":\"EL GLOBAL\"},\"description\":\"El Global Informativo es un peri\u00f3dico digital de Rep\u00fablica Dominicana que se dedica a cubrir temas importantes, como la pol\u00edtica local, geopol\u00edtica, econom\u00eda, tecnolog\u00eda, noticias internacionales y eventos relacionados con la gesti\u00f3n social, cultural y humana. Su objetivo principal es mantener a la poblaci\u00f3n informada, ofreciendo una visi\u00f3n amplia y actualizada de lo que sucede tanto en el pa\u00eds como en el mundo. Est\u00e1 dirigido por un grupo de periodistas experimentados, lo que garantiza la calidad y la precisi\u00f3n de la informaci\u00f3n que ofrecen. Tiene su sede en la ciudad de Santo Domingo y es parte integral del portafolio de la empresa, MC Global S.R.L.\",\"sameAs\":[\"https:\/\/elglobal.do\",\"https:\/\/www.instagram.com\/elglobal.do_informativo\/\"],\"url\":\"https:\/\/elglobal.do\/index.php\/author\/elglobaluserpro\/\"}]}<\/script>\n<!-- \/ Yoast SEO plugin. -->","yoast_head_json":{"title":"El Senado conocer\u00e1 este jueves la reforma laboral - EL GLOBAL INFORMATIVO","robots":{"index":"index","follow":"follow","max-snippet":"max-snippet:-1","max-image-preview":"max-image-preview:large","max-video-preview":"max-video-preview:-1"},"canonical":"https:\/\/elglobal.do\/index.php\/2025\/10\/16\/el-senado-conocera-este-jueves-la-reforma-laboral\/","og_locale":"es_ES","og_type":"article","og_title":"El Senado conocer\u00e1 este jueves la reforma laboral - EL GLOBAL INFORMATIVO","og_description":"Santo Domingo.- El Senado de la Rep\u00fablica conocer\u00e1 este jueves en segunda discusi\u00f3n el proyecto de reforma al\u00a0C\u00f3digo de Trabajo, el cual ya fue aprobado en primera lectura, seg\u00fan el&hellip;","og_url":"https:\/\/elglobal.do\/index.php\/2025\/10\/16\/el-senado-conocera-este-jueves-la-reforma-laboral\/","og_site_name":"EL GLOBAL INFORMATIVO","article_published_time":"2025-10-16T16:18:42+00:00","article_modified_time":"2025-10-16T16:18:44+00:00","og_image":[{"width":1024,"height":658,"url":"https:\/\/elglobal.do\/wp-content\/uploads\/2025\/10\/image-85-1024x658.png","type":"image\/png"}],"author":"EL GLOBAL","twitter_card":"summary_large_image","twitter_misc":{"Escrito por":"EL GLOBAL","Tiempo de lectura":"3 minutos"},"schema":{"@context":"https:\/\/schema.org","@graph":[{"@type":"Article","@id":"https:\/\/elglobal.do\/index.php\/2025\/10\/16\/el-senado-conocera-este-jueves-la-reforma-laboral\/#article","isPartOf":{"@id":"https:\/\/elglobal.do\/index.php\/2025\/10\/16\/el-senado-conocera-este-jueves-la-reforma-laboral\/"},"author":{"name":"EL GLOBAL","@id":"https:\/\/elglobal.do\/#\/schema\/person\/0c97ec2c7714fb605d230c292f64d55f"},"headline":"El Senado conocer\u00e1 este jueves la reforma laboral","datePublished":"2025-10-16T16:18:42+00:00","dateModified":"2025-10-16T16:18:44+00:00","mainEntityOfPage":{"@id":"https:\/\/elglobal.do\/index.php\/2025\/10\/16\/el-senado-conocera-este-jueves-la-reforma-laboral\/"},"wordCount":396,"commentCount":0,"publisher":{"@id":"https:\/\/elglobal.do\/#organization"},"image":{"@id":"https:\/\/elglobal.do\/index.php\/2025\/10\/16\/el-senado-conocera-este-jueves-la-reforma-laboral\/#primaryimage"},"thumbnailUrl":"https:\/\/elglobal.do\/wp-content\/uploads\/2025\/10\/image-85.png","keywords":["#cesant\u00eda","#C\u00f3digo de Trabajo","#Reformalaboral","#Senado"],"articleSection":["NACIONALES"],"inLanguage":"es","potentialAction":[{"@type":"CommentAction","name":"Comment","target":["https:\/\/elglobal.do\/index.php\/2025\/10\/16\/el-senado-conocera-este-jueves-la-reforma-laboral\/#respond"]}]},{"@type":"WebPage","@id":"https:\/\/elglobal.do\/index.php\/2025\/10\/16\/el-senado-conocera-este-jueves-la-reforma-laboral\/","url":"https:\/\/elglobal.do\/index.php\/2025\/10\/16\/el-senado-conocera-este-jueves-la-reforma-laboral\/","name":"El Senado conocer\u00e1 este jueves la reforma laboral - EL GLOBAL INFORMATIVO","isPartOf":{"@id":"https:\/\/elglobal.do\/#website"},"primaryImageOfPage":{"@id":"https:\/\/elglobal.do\/index.php\/2025\/10\/16\/el-senado-conocera-este-jueves-la-reforma-laboral\/#primaryimage"},"image":{"@id":"https:\/\/elglobal.do\/index.php\/2025\/10\/16\/el-senado-conocera-este-jueves-la-reforma-laboral\/#primaryimage"},"thumbnailUrl":"https:\/\/elglobal.do\/wp-content\/uploads\/2025\/10\/image-85.png","datePublished":"2025-10-16T16:18:42+00:00","dateModified":"2025-10-16T16:18:44+00:00","breadcrumb":{"@id":"https:\/\/elglobal.do\/index.php\/2025\/10\/16\/el-senado-conocera-este-jueves-la-reforma-laboral\/#breadcrumb"},"inLanguage":"es","potentialAction":[{"@type":"ReadAction","target":["https:\/\/elglobal.do\/index.php\/2025\/10\/16\/el-senado-conocera-este-jueves-la-reforma-laboral\/"]}]},{"@type":"ImageObject","inLanguage":"es","@id":"https:\/\/elglobal.do\/index.php\/2025\/10\/16\/el-senado-conocera-este-jueves-la-reforma-laboral\/#primaryimage","url":"https:\/\/elglobal.do\/wp-content\/uploads\/2025\/10\/image-85.png","contentUrl":"https:\/\/elglobal.do\/wp-content\/uploads\/2025\/10\/image-85.png","width":1920,"height":1234},{"@type":"BreadcrumbList","@id":"https:\/\/elglobal.do\/index.php\/2025\/10\/16\/el-senado-conocera-este-jueves-la-reforma-laboral\/#breadcrumb","itemListElement":[{"@type":"ListItem","position":1,"name":"Portada","item":"https:\/\/elglobal.do\/"},{"@type":"ListItem","position":2,"name":"El Senado conocer\u00e1 este jueves la reforma laboral"}]},{"@type":"WebSite","@id":"https:\/\/elglobal.do\/#website","url":"https:\/\/elglobal.do\/","name":"EL GLOBAL INFORMATIVO","description":"Peri\u00f3dico digital de la Rep\u00fablica Dominicana que ofrece noticias, novedades, pol\u00edtica y las \u00faltimas actualidades, con informaci\u00f3n veraz y oportuna para mantenerte siempre informad","publisher":{"@id":"https:\/\/elglobal.do\/#organization"},"potentialAction":[{"@type":"SearchAction","target":{"@type":"EntryPoint","urlTemplate":"https:\/\/elglobal.do\/?s={search_term_string}"},"query-input":{"@type":"PropertyValueSpecification","valueRequired":true,"valueName":"search_term_string"}}],"inLanguage":"es"},{"@type":"Organization","@id":"https:\/\/elglobal.do\/#organization","name":"EL GLOBAL.DO INFORMATIVO","url":"https:\/\/elglobal.do\/","logo":{"@type":"ImageObject","inLanguage":"es","@id":"https:\/\/elglobal.do\/#\/schema\/logo\/image\/","url":"https:\/\/elglobal.do\/wp-content\/uploads\/2025\/08\/icon.png","contentUrl":"https:\/\/elglobal.do\/wp-content\/uploads\/2025\/08\/icon.png","width":512,"height":512,"caption":"EL GLOBAL.DO INFORMATIVO"},"image":{"@id":"https:\/\/elglobal.do\/#\/schema\/logo\/image\/"}},{"@type":"Person","@id":"https:\/\/elglobal.do\/#\/schema\/person\/0c97ec2c7714fb605d230c292f64d55f","name":"EL GLOBAL","image":{"@type":"ImageObject","inLanguage":"es","@id":"https:\/\/elglobal.do\/#\/schema\/person\/image\/","url":"https:\/\/secure.gravatar.com\/avatar\/081cfb6cf99faddc6f4e23a0c11ab98c5cf302925382d1c88dc3ed757ab910a3?s=96&d=mm&r=g","contentUrl":"https:\/\/secure.gravatar.com\/avatar\/081cfb6cf99faddc6f4e23a0c11ab98c5cf302925382d1c88dc3ed757ab910a3?s=96&d=mm&r=g","caption":"EL GLOBAL"},"description":"El Global Informativo es un peri\u00f3dico digital de Rep\u00fablica Dominicana que se dedica a cubrir temas importantes, como la pol\u00edtica local, geopol\u00edtica, econom\u00eda, tecnolog\u00eda, noticias internacionales y eventos relacionados con la gesti\u00f3n social, cultural y humana. Su objetivo principal es mantener a la poblaci\u00f3n informada, ofreciendo una visi\u00f3n amplia y actualizada de lo que sucede tanto en el pa\u00eds como en el mundo. Est\u00e1 dirigido por un grupo de periodistas experimentados, lo que garantiza la calidad y la precisi\u00f3n de la informaci\u00f3n que ofrecen. Tiene su sede en la ciudad de Santo Domingo y es parte integral del portafolio de la empresa, MC Global S.R.L.","sameAs":["https:\/\/elglobal.do","https:\/\/www.instagram.com\/elglobal.do_informativo\/"],"url":"https:\/\/elglobal.do\/index.php\/author\/elglobaluserpro\/"}]}},"jetpack_featured_media_url":"https:\/\/elglobal.do\/wp-content\/uploads\/2025\/10\/image-85.png","jetpack_sharing_enabled":true,"_links":{"self":[{"href":"https:\/\/elglobal.do\/index.php\/wp-json\/wp\/v2\/posts\/3229","targetHints":{"allow":["GET"]}}],"collection":[{"href":"https:\/\/elglobal.do\/index.php\/wp-json\/wp\/v2\/posts"}],"about":[{"href":"https:\/\/elglobal.do\/index.php\/wp-json\/wp\/v2\/types\/post"}],"author":[{"embeddable":true,"href":"https:\/\/elglobal.do\/index.php\/wp-json\/wp\/v2\/users\/1"}],"replies":[{"embeddable":true,"href":"https:\/\/elglobal.do\/index.php\/wp-json\/wp\/v2\/comments?post=3229"}],"version-history":[{"count":1,"href":"https:\/\/elglobal.do\/index.php\/wp-json\/wp\/v2\/posts\/3229\/revisions"}],"predecessor-version":[{"id":3233,"href":"https:\/\/elglobal.do\/index.php\/wp-json\/wp\/v2\/posts\/3229\/revisions\/3233"}],"wp:featuredmedia":[{"embeddable":true,"href":"https:\/\/elglobal.do\/index.php\/wp-json\/wp\/v2\/media\/3230"}],"wp:attachment":[{"href":"https:\/\/elglobal.do\/index.php\/wp-json\/wp\/v2\/media?parent=3229"}],"wp:term":[{"taxonomy":"category","embeddable":true,"href":"https:\/\/elglobal.do\/index.php\/wp-json\/wp\/v2\/categories?post=3229"},{"taxonomy":"post_tag","embeddable":true,"href":"https:\/\/elglobal.do\/index.php\/wp-json\/wp\/v2\/tags?post=3229"}],"curies":[{"name":"wp","href":"https:\/\/api.w.org\/{rel}","templated":true}]}}