{"id":3273,"date":"2025-10-17T11:50:47","date_gmt":"2025-10-17T15:50:47","guid":{"rendered":"https:\/\/elglobal.do\/?p=3273"},"modified":"2025-10-17T11:50:51","modified_gmt":"2025-10-17T15:50:51","slug":"hamas-se-compromete-a-devolver-a-israel-todos-los-cadaveres-de-rehenes","status":"publish","type":"post","link":"https:\/\/elglobal.do\/index.php\/2025\/10\/17\/hamas-se-compromete-a-devolver-a-israel-todos-los-cadaveres-de-rehenes\/","title":{"rendered":"Ham\u00e1s se compromete a devolver a Israel todos los cad\u00e1veres de rehenes"},"content":{"rendered":"\n<figure class=\"wp-block-image size-full\"><img loading=\"lazy\" decoding=\"async\" width=\"896\" height=\"504\" src=\"https:\/\/elglobal.do\/wp-content\/uploads\/2025\/10\/image-97.png\" alt=\"\" class=\"wp-image-3274\" srcset=\"https:\/\/elglobal.do\/wp-content\/uploads\/2025\/10\/image-97.png 896w, https:\/\/elglobal.do\/wp-content\/uploads\/2025\/10\/image-97-300x169.png 300w, https:\/\/elglobal.do\/wp-content\/uploads\/2025\/10\/image-97-768x432.png 768w\" sizes=\"auto, (max-width: 896px) 100vw, 896px\" \/><\/figure>\n\n\n\n<p><strong>Jerusalen-<\/strong>El movimiento islamista palestino\u00a0<strong>Ham\u00e1s<\/strong>\u00a0se comprometi\u00f3 el viernes a devolver a\u00a0<strong>Israel<\/strong>\u00a0los cad\u00e1veres de todos los\u00a0<strong>rehenes<\/strong>\u00a0que siguen en la Franja de Gaza, como estipula el acuerdo de\u00a0<strong>alto el fuego<\/strong>\u00a0promovido por\u00a0<strong>Estados Unidos<\/strong>.<\/p>\n\n\n\n<p>Acusado por&nbsp;<strong>Israel<\/strong>&nbsp;de violar los t\u00e9rminos de la tregua implementada el 10 de octubre,&nbsp;<strong>Ham\u00e1s<\/strong>&nbsp;pidi\u00f3 tiempo ante las dificultades de encontrar y extraer los&nbsp;<strong>cuerpos<\/strong>&nbsp;de las ruinas del territorio palestino, arrasado por dos a\u00f1os de guerra.<\/p>\n\n\n\n<p>\u00abEl proceso de restituci\u00f3n de los&nbsp;<strong>cuerpos<\/strong>&nbsp;de los&nbsp;<strong>prisioneros&nbsp;<\/strong>israel\u00edes podr\u00eda tomar alg\u00fan tiempo\u00bb, precis\u00f3 en&nbsp;<strong>Telegram<\/strong>&nbsp;el movimiento que gobierna Gaza desde 2007.<\/p>\n\n\n\n<h2 class=\"wp-block-heading\">Control del territorio<\/h2>\n\n\n\n<p>El movimiento islamista&nbsp;<strong>aprovech\u00f3&nbsp;<\/strong>el fin de los combates para intentar retomar el control del territorio y esta semana anunci\u00f3 la ejecuci\u00f3n de varios hombres a quienes present\u00f3 como \u00abcolaboradores\u00bb de&nbsp;<strong>Israel<\/strong>.<\/p>\n\n\n\n<p>El presidente estadounidense,&nbsp;<strong>Donald Trump<\/strong>, amenaz\u00f3 el jueves con \u00abir a matar\u00bb a los miembros de&nbsp;<strong>Ham\u00e1s<\/strong>&nbsp;si este \u00abno deja de matar gente\u00bb en Gaza.<\/p>\n\n\n\n<p>El acuerdo de&nbsp;<strong>alto al fuego<\/strong>&nbsp;promovido por el magnate republicano establec\u00eda que el regreso de los&nbsp;<strong>rehenes<\/strong>&nbsp;vivos y muertos se iba a producir antes del lunes a las 09H00 GMT, 72 horas despu\u00e9s del inicio del&nbsp;<strong>alto al fuego<\/strong>.<\/p>\n\n\n\n<p>El movimiento islamista liber\u00f3 a&nbsp;<strong>tiempo&nbsp;<\/strong>a los \u00faltimos 20&nbsp;<strong>rehenes<\/strong>&nbsp;vivos, pero solo ha entregado los&nbsp;<strong>cuerpos&nbsp;<\/strong>de nueve fallecidos, de los 28 que se comprometi\u00f3 a devolver.<\/p>\n\n\n\n<p>El primer ministro israel\u00ed,&nbsp;<strong>Benjamin Netanyahu<\/strong>, se dijo el jueves \u00abdecidido\u00bb a recuperar todos los cad\u00e1veres. La v\u00edspera, el titular de Defensa,&nbsp;<strong>Israel<\/strong>&nbsp;Katz, amenaz\u00f3 con reanudar los combates en Gaza.<\/p>\n\n\n\n<p><strong>Trump<\/strong>&nbsp;llam\u00f3 a la&nbsp;<strong>paciencia<\/strong>: \u00abEs un proceso macabro (&#8230;), pero est\u00e1n cavando, cavando de verdad\u00bb y \u00abencuentran muchos&nbsp;<strong>cuerpos<\/strong>\u00ab, afirm\u00f3 el mi\u00e9rcoles.<\/p>\n\n\n\n<figure class=\"wp-block-image size-full\"><img loading=\"lazy\" decoding=\"async\" width=\"800\" height=\"533\" src=\"https:\/\/elglobal.do\/wp-content\/uploads\/2025\/10\/image-98.png\" alt=\"\" class=\"wp-image-3275\" srcset=\"https:\/\/elglobal.do\/wp-content\/uploads\/2025\/10\/image-98.png 800w, https:\/\/elglobal.do\/wp-content\/uploads\/2025\/10\/image-98-300x200.png 300w, https:\/\/elglobal.do\/wp-content\/uploads\/2025\/10\/image-98-768x512.png 768w\" sizes=\"auto, (max-width: 800px) 100vw, 800px\" \/><\/figure>\n\n\n\n<p>En su comunicaci\u00f3n,&nbsp;<strong>Ham\u00e1s<\/strong>&nbsp;reiter\u00f3 \u00absu compromiso\u00bb con el&nbsp;<strong>alto al fuego<\/strong>&nbsp;y la devoluci\u00f3n de los cad\u00e1veres, pero explic\u00f3 que recuperar los&nbsp;<strong>cuerpos<\/strong>&nbsp;restantes precisa de&nbsp;<strong>equipos especiales<\/strong>.<\/p>\n\n\n\n<p><strong>Turqu\u00eda<\/strong>\u00a0envi\u00f3 un equipo de especialistas en la b\u00fasqueda de cad\u00e1veres en zonas de desastre para ayudar a ubicar a los\u00a0<strong>rehenes<\/strong>, pero estos permanecen estacionados en la frontera egipcia a la espera de la\u00a0<strong>autorizaci\u00f3n\u00a0<\/strong>israel\u00ed para entrar en Gaza.<\/p>\n\n\n\n<p>El equipo de 81 miembros tiene&nbsp;<strong>herramientas especializadas<\/strong>&nbsp;y&nbsp;<strong>perros entrenados<\/strong>&nbsp;para buscar cad\u00e1veres.<\/p>\n\n\n\n<p><\/p>\n\n\n\n<h2 class=\"wp-block-heading\">Accesos&nbsp;<strong>restringidos<\/strong><\/h2>\n\n\n\n<p>A cambio del regreso de los restos de los&nbsp;<strong>rehenes<\/strong>,&nbsp;<strong>Israel<\/strong>&nbsp;devolvi\u00f3 los&nbsp;<strong>cuerpos<\/strong>&nbsp;de 120 palestinos, 30 de ellos a Gaza, afirm\u00f3 el&nbsp;<strong>Ministerio de Salud<\/strong>&nbsp;del territorio palestino.<\/p>\n\n\n\n<p>La principal asociaci\u00f3n de allegados de los&nbsp;<strong>secuestrados&nbsp;<\/strong>reclam\u00f3 el jueves al gobierno israel\u00ed \u00abdetener inmediatamente la implementaci\u00f3n de cualquier etapa adicional del acuerdo\u00bb hasta que no se recuperen los restos de todos los&nbsp;<strong>cautivos<\/strong>.<\/p>\n\n\n\n<p>El&nbsp;<strong>pacto<\/strong>&nbsp;prev\u00e9 el acceso de ayuda por el paso de Rafah, en la frontera con Egipto, que la&nbsp;<strong>ONU<\/strong>&nbsp;y otras organizaciones humanitarias reclaman insistentemente.<\/p>\n\n\n\n<p>Por ahora, los accesos a Gaza, controlados todos por\u00a0<strong>Israel<\/strong>, siguen muy\u00a0<strong>restringidos<\/strong>. El ministro de Relaciones Exteriores israel\u00ed,\u00a0<strong>Gideon Saar<\/strong>, apunt\u00f3 a una\u00a0<strong>reapertura<\/strong>\u00a0el\u00a0<strong>domingo<\/strong>.<\/p>\n\n\n\n<p>La&nbsp;<strong>ONU<\/strong>&nbsp;declar\u00f3 a finales de&nbsp;<strong>agosto<\/strong>&nbsp;una hambruna en varias zonas de Gaza, un diagn\u00f3stico que&nbsp;<strong>Israel<\/strong>&nbsp;niega.<\/p>\n\n\n\n<p>El Programa Mundial de Alimentos (<strong>PMA<\/strong>) de la&nbsp;<strong>ONU<\/strong>&nbsp;advirti\u00f3 este viernes que remediar la situaci\u00f3n de hambruna en Gaza \u00ab<strong>llevar\u00e1 tiempo<\/strong>\u00ab.<\/p>\n\n\n\n<p>\u00abDisponemos actualmente de cinco puntos de distribuci\u00f3n operativos, m\u00e1s cercanos a la poblaci\u00f3n (&#8230;) nuestro objetivo es desplegar 145\u00bb, para \u00ab<strong>inundar Gaza<\/strong>&nbsp;de comida\u00bb, dijo la portavoz del&nbsp;<strong>PMA<\/strong>, Abeer Etefa.<\/p>\n\n\n\n<p>La Organizaci\u00f3n Mundial de la Salud (<strong>OMS<\/strong>) tambi\u00e9n advirti\u00f3 de que las&nbsp;<strong>epidemias<\/strong>&nbsp;en el territorio est\u00e1n \u00abfuera de control\u00bb porque el sistema de salud \u00abfue desmantelado\u00bb.<\/p>\n\n\n\n<p><strong>Etapas<\/strong><\/p>\n\n\n\n<p>En su primera fase, el plan de&nbsp;<strong>Trump<\/strong>&nbsp;prev\u00e9 el&nbsp;<strong>alto al fuego<\/strong>, el intercambio de&nbsp;<strong>rehenes<\/strong>&nbsp;por presos palestinos, una retirada israel\u00ed de numerosos sectores y la entrada de ayuda humanitaria a Gaza.<\/p>\n\n\n\n<p>En etapas posteriores, se deber\u00eda producir un desarme de&nbsp;<strong>Ham\u00e1s<\/strong>, la&nbsp;<strong>amnist\u00eda<\/strong>&nbsp;o desarme de sus miembros y el repliegue completo de&nbsp;<strong>Israel<\/strong>, pero estos puntos est\u00e1n todav\u00eda en&nbsp;<strong>negociaci\u00f3n<\/strong>.<\/p>\n\n\n\n<p>La guerra comenz\u00f3 en octubre de 2023 cuando&nbsp;<strong>Ham\u00e1s<\/strong>&nbsp;atac\u00f3&nbsp;<strong>Israel<\/strong>&nbsp;y mat\u00f3 a 1,221 personas, en su mayor\u00eda civiles, seg\u00fan un balance establecido por AFP en base a datos oficiales.<\/p>\n\n\n\n<p>La represalia israel\u00ed provoc\u00f3&nbsp;<strong>67,967 muertos<\/strong>&nbsp;en Gaza, tambi\u00e9n civiles mayoritariamente, seg\u00fan cifras consideradas fiables por la&nbsp;<strong>ONU<\/strong>.<\/p>\n\n\n\n<p><\/p>\n","protected":false},"excerpt":{"rendered":"<p>Jerusalen-El movimiento islamista palestino\u00a0Ham\u00e1s\u00a0se comprometi\u00f3 el viernes a devolver a\u00a0Israel\u00a0los cad\u00e1veres de todos los\u00a0rehenes\u00a0que siguen en la Franja de Gaza, como estipula el acuerdo de\u00a0alto el fuego\u00a0promovido por\u00a0Estados Unidos. Acusado&hellip; <\/p>\n","protected":false},"author":1,"featured_media":3274,"comment_status":"open","ping_status":"open","sticky":false,"template":"","format":"standard","meta":{"_jetpack_memberships_contains_paid_content":false,"footnotes":""},"categories":[1],"tags":[1797,652,535,1024],"class_list":["post-3273","post","type-post","status-publish","format-standard","has-post-thumbnail","hentry","category-categoria-internacionales","tag-cadaveres","tag-hamas","tag-israel","tag-rehenes"],"yoast_head":"<!-- This site is optimized with the Yoast SEO plugin v26.9 - https:\/\/yoast.com\/product\/yoast-seo-wordpress\/ -->\n<title>Ham\u00e1s se compromete a devolver a Israel todos los cad\u00e1veres de rehenes - EL GLOBAL INFORMATIVO<\/title>\n<meta name=\"robots\" content=\"index, follow, max-snippet:-1, max-image-preview:large, max-video-preview:-1\" \/>\n<link rel=\"canonical\" href=\"https:\/\/elglobal.do\/index.php\/2025\/10\/17\/hamas-se-compromete-a-devolver-a-israel-todos-los-cadaveres-de-rehenes\/\" \/>\n<meta property=\"og:locale\" content=\"es_ES\" \/>\n<meta property=\"og:type\" content=\"article\" \/>\n<meta property=\"og:title\" content=\"Ham\u00e1s se compromete a devolver a Israel todos los cad\u00e1veres de rehenes - EL GLOBAL INFORMATIVO\" \/>\n<meta property=\"og:description\" content=\"Jerusalen-El movimiento islamista palestino\u00a0Ham\u00e1s\u00a0se comprometi\u00f3 el viernes a devolver a\u00a0Israel\u00a0los cad\u00e1veres de todos los\u00a0rehenes\u00a0que siguen en la Franja de Gaza, como estipula el acuerdo de\u00a0alto el fuego\u00a0promovido por\u00a0Estados Unidos. Acusado&hellip;\" \/>\n<meta property=\"og:url\" content=\"https:\/\/elglobal.do\/index.php\/2025\/10\/17\/hamas-se-compromete-a-devolver-a-israel-todos-los-cadaveres-de-rehenes\/\" \/>\n<meta property=\"og:site_name\" content=\"EL GLOBAL INFORMATIVO\" \/>\n<meta property=\"article:published_time\" content=\"2025-10-17T15:50:47+00:00\" \/>\n<meta property=\"article:modified_time\" content=\"2025-10-17T15:50:51+00:00\" \/>\n<meta property=\"og:image\" content=\"https:\/\/elglobal.do\/wp-content\/uploads\/2025\/10\/image-97.png\" \/>\n\t<meta property=\"og:image:width\" content=\"896\" \/>\n\t<meta property=\"og:image:height\" content=\"504\" \/>\n\t<meta property=\"og:image:type\" content=\"image\/png\" \/>\n<meta name=\"author\" content=\"EL GLOBAL\" \/>\n<meta name=\"twitter:card\" content=\"summary_large_image\" \/>\n<meta name=\"twitter:label1\" content=\"Escrito por\" \/>\n\t<meta name=\"twitter:data1\" content=\"EL GLOBAL\" \/>\n\t<meta name=\"twitter:label2\" content=\"Tiempo de lectura\" \/>\n\t<meta name=\"twitter:data2\" content=\"4 minutos\" \/>\n<script type=\"application\/ld+json\" class=\"yoast-schema-graph\">{\"@context\":\"https:\/\/schema.org\",\"@graph\":[{\"@type\":\"Article\",\"@id\":\"https:\/\/elglobal.do\/index.php\/2025\/10\/17\/hamas-se-compromete-a-devolver-a-israel-todos-los-cadaveres-de-rehenes\/#article\",\"isPartOf\":{\"@id\":\"https:\/\/elglobal.do\/index.php\/2025\/10\/17\/hamas-se-compromete-a-devolver-a-israel-todos-los-cadaveres-de-rehenes\/\"},\"author\":{\"name\":\"EL GLOBAL\",\"@id\":\"https:\/\/elglobal.do\/#\/schema\/person\/0c97ec2c7714fb605d230c292f64d55f\"},\"headline\":\"Ham\u00e1s se compromete a devolver a Israel todos los cad\u00e1veres de rehenes\",\"datePublished\":\"2025-10-17T15:50:47+00:00\",\"dateModified\":\"2025-10-17T15:50:51+00:00\",\"mainEntityOfPage\":{\"@id\":\"https:\/\/elglobal.do\/index.php\/2025\/10\/17\/hamas-se-compromete-a-devolver-a-israel-todos-los-cadaveres-de-rehenes\/\"},\"wordCount\":841,\"commentCount\":0,\"publisher\":{\"@id\":\"https:\/\/elglobal.do\/#organization\"},\"image\":{\"@id\":\"https:\/\/elglobal.do\/index.php\/2025\/10\/17\/hamas-se-compromete-a-devolver-a-israel-todos-los-cadaveres-de-rehenes\/#primaryimage\"},\"thumbnailUrl\":\"https:\/\/elglobal.do\/wp-content\/uploads\/2025\/10\/image-97.png\",\"keywords\":[\"#cad\u00e1veres\",\"#Ham\u00e1s\",\"#Israel\",\"#Rehenes\"],\"articleSection\":[\"INTERNACIONALES\"],\"inLanguage\":\"es\",\"potentialAction\":[{\"@type\":\"CommentAction\",\"name\":\"Comment\",\"target\":[\"https:\/\/elglobal.do\/index.php\/2025\/10\/17\/hamas-se-compromete-a-devolver-a-israel-todos-los-cadaveres-de-rehenes\/#respond\"]}]},{\"@type\":\"WebPage\",\"@id\":\"https:\/\/elglobal.do\/index.php\/2025\/10\/17\/hamas-se-compromete-a-devolver-a-israel-todos-los-cadaveres-de-rehenes\/\",\"url\":\"https:\/\/elglobal.do\/index.php\/2025\/10\/17\/hamas-se-compromete-a-devolver-a-israel-todos-los-cadaveres-de-rehenes\/\",\"name\":\"Ham\u00e1s se compromete a devolver a Israel todos los cad\u00e1veres de rehenes - EL GLOBAL INFORMATIVO\",\"isPartOf\":{\"@id\":\"https:\/\/elglobal.do\/#website\"},\"primaryImageOfPage\":{\"@id\":\"https:\/\/elglobal.do\/index.php\/2025\/10\/17\/hamas-se-compromete-a-devolver-a-israel-todos-los-cadaveres-de-rehenes\/#primaryimage\"},\"image\":{\"@id\":\"https:\/\/elglobal.do\/index.php\/2025\/10\/17\/hamas-se-compromete-a-devolver-a-israel-todos-los-cadaveres-de-rehenes\/#primaryimage\"},\"thumbnailUrl\":\"https:\/\/elglobal.do\/wp-content\/uploads\/2025\/10\/image-97.png\",\"datePublished\":\"2025-10-17T15:50:47+00:00\",\"dateModified\":\"2025-10-17T15:50:51+00:00\",\"breadcrumb\":{\"@id\":\"https:\/\/elglobal.do\/index.php\/2025\/10\/17\/hamas-se-compromete-a-devolver-a-israel-todos-los-cadaveres-de-rehenes\/#breadcrumb\"},\"inLanguage\":\"es\",\"potentialAction\":[{\"@type\":\"ReadAction\",\"target\":[\"https:\/\/elglobal.do\/index.php\/2025\/10\/17\/hamas-se-compromete-a-devolver-a-israel-todos-los-cadaveres-de-rehenes\/\"]}]},{\"@type\":\"ImageObject\",\"inLanguage\":\"es\",\"@id\":\"https:\/\/elglobal.do\/index.php\/2025\/10\/17\/hamas-se-compromete-a-devolver-a-israel-todos-los-cadaveres-de-rehenes\/#primaryimage\",\"url\":\"https:\/\/elglobal.do\/wp-content\/uploads\/2025\/10\/image-97.png\",\"contentUrl\":\"https:\/\/elglobal.do\/wp-content\/uploads\/2025\/10\/image-97.png\",\"width\":896,\"height\":504},{\"@type\":\"BreadcrumbList\",\"@id\":\"https:\/\/elglobal.do\/index.php\/2025\/10\/17\/hamas-se-compromete-a-devolver-a-israel-todos-los-cadaveres-de-rehenes\/#breadcrumb\",\"itemListElement\":[{\"@type\":\"ListItem\",\"position\":1,\"name\":\"Portada\",\"item\":\"https:\/\/elglobal.do\/\"},{\"@type\":\"ListItem\",\"position\":2,\"name\":\"Ham\u00e1s se compromete a devolver a Israel todos los cad\u00e1veres de rehenes\"}]},{\"@type\":\"WebSite\",\"@id\":\"https:\/\/elglobal.do\/#website\",\"url\":\"https:\/\/elglobal.do\/\",\"name\":\"EL GLOBAL INFORMATIVO\",\"description\":\"Peri\u00f3dico digital de la Rep\u00fablica Dominicana que ofrece noticias, novedades, pol\u00edtica y las \u00faltimas actualidades, con informaci\u00f3n veraz y oportuna para mantenerte siempre informad\",\"publisher\":{\"@id\":\"https:\/\/elglobal.do\/#organization\"},\"potentialAction\":[{\"@type\":\"SearchAction\",\"target\":{\"@type\":\"EntryPoint\",\"urlTemplate\":\"https:\/\/elglobal.do\/?s={search_term_string}\"},\"query-input\":{\"@type\":\"PropertyValueSpecification\",\"valueRequired\":true,\"valueName\":\"search_term_string\"}}],\"inLanguage\":\"es\"},{\"@type\":\"Organization\",\"@id\":\"https:\/\/elglobal.do\/#organization\",\"name\":\"EL GLOBAL.DO INFORMATIVO\",\"url\":\"https:\/\/elglobal.do\/\",\"logo\":{\"@type\":\"ImageObject\",\"inLanguage\":\"es\",\"@id\":\"https:\/\/elglobal.do\/#\/schema\/logo\/image\/\",\"url\":\"https:\/\/elglobal.do\/wp-content\/uploads\/2025\/08\/icon.png\",\"contentUrl\":\"https:\/\/elglobal.do\/wp-content\/uploads\/2025\/08\/icon.png\",\"width\":512,\"height\":512,\"caption\":\"EL GLOBAL.DO INFORMATIVO\"},\"image\":{\"@id\":\"https:\/\/elglobal.do\/#\/schema\/logo\/image\/\"}},{\"@type\":\"Person\",\"@id\":\"https:\/\/elglobal.do\/#\/schema\/person\/0c97ec2c7714fb605d230c292f64d55f\",\"name\":\"EL GLOBAL\",\"image\":{\"@type\":\"ImageObject\",\"inLanguage\":\"es\",\"@id\":\"https:\/\/elglobal.do\/#\/schema\/person\/image\/\",\"url\":\"https:\/\/secure.gravatar.com\/avatar\/081cfb6cf99faddc6f4e23a0c11ab98c5cf302925382d1c88dc3ed757ab910a3?s=96&d=mm&r=g\",\"contentUrl\":\"https:\/\/secure.gravatar.com\/avatar\/081cfb6cf99faddc6f4e23a0c11ab98c5cf302925382d1c88dc3ed757ab910a3?s=96&d=mm&r=g\",\"caption\":\"EL GLOBAL\"},\"description\":\"El Global Informativo es un peri\u00f3dico digital de Rep\u00fablica Dominicana que se dedica a cubrir temas importantes, como la pol\u00edtica local, geopol\u00edtica, econom\u00eda, tecnolog\u00eda, noticias internacionales y eventos relacionados con la gesti\u00f3n social, cultural y humana. Su objetivo principal es mantener a la poblaci\u00f3n informada, ofreciendo una visi\u00f3n amplia y actualizada de lo que sucede tanto en el pa\u00eds como en el mundo. Est\u00e1 dirigido por un grupo de periodistas experimentados, lo que garantiza la calidad y la precisi\u00f3n de la informaci\u00f3n que ofrecen. Tiene su sede en la ciudad de Santo Domingo y es parte integral del portafolio de la empresa, MC Global S.R.L.\",\"sameAs\":[\"https:\/\/elglobal.do\",\"https:\/\/www.instagram.com\/elglobal.do_informativo\/\"],\"url\":\"https:\/\/elglobal.do\/index.php\/author\/elglobaluserpro\/\"}]}<\/script>\n<!-- \/ Yoast SEO plugin. -->","yoast_head_json":{"title":"Ham\u00e1s se compromete a devolver a Israel todos los cad\u00e1veres de rehenes - EL GLOBAL INFORMATIVO","robots":{"index":"index","follow":"follow","max-snippet":"max-snippet:-1","max-image-preview":"max-image-preview:large","max-video-preview":"max-video-preview:-1"},"canonical":"https:\/\/elglobal.do\/index.php\/2025\/10\/17\/hamas-se-compromete-a-devolver-a-israel-todos-los-cadaveres-de-rehenes\/","og_locale":"es_ES","og_type":"article","og_title":"Ham\u00e1s se compromete a devolver a Israel todos los cad\u00e1veres de rehenes - EL GLOBAL INFORMATIVO","og_description":"Jerusalen-El movimiento islamista palestino\u00a0Ham\u00e1s\u00a0se comprometi\u00f3 el viernes a devolver a\u00a0Israel\u00a0los cad\u00e1veres de todos los\u00a0rehenes\u00a0que siguen en la Franja de Gaza, como estipula el acuerdo de\u00a0alto el fuego\u00a0promovido por\u00a0Estados Unidos. Acusado&hellip;","og_url":"https:\/\/elglobal.do\/index.php\/2025\/10\/17\/hamas-se-compromete-a-devolver-a-israel-todos-los-cadaveres-de-rehenes\/","og_site_name":"EL GLOBAL INFORMATIVO","article_published_time":"2025-10-17T15:50:47+00:00","article_modified_time":"2025-10-17T15:50:51+00:00","og_image":[{"width":896,"height":504,"url":"https:\/\/elglobal.do\/wp-content\/uploads\/2025\/10\/image-97.png","type":"image\/png"}],"author":"EL GLOBAL","twitter_card":"summary_large_image","twitter_misc":{"Escrito por":"EL GLOBAL","Tiempo de lectura":"4 minutos"},"schema":{"@context":"https:\/\/schema.org","@graph":[{"@type":"Article","@id":"https:\/\/elglobal.do\/index.php\/2025\/10\/17\/hamas-se-compromete-a-devolver-a-israel-todos-los-cadaveres-de-rehenes\/#article","isPartOf":{"@id":"https:\/\/elglobal.do\/index.php\/2025\/10\/17\/hamas-se-compromete-a-devolver-a-israel-todos-los-cadaveres-de-rehenes\/"},"author":{"name":"EL GLOBAL","@id":"https:\/\/elglobal.do\/#\/schema\/person\/0c97ec2c7714fb605d230c292f64d55f"},"headline":"Ham\u00e1s se compromete a devolver a Israel todos los cad\u00e1veres de rehenes","datePublished":"2025-10-17T15:50:47+00:00","dateModified":"2025-10-17T15:50:51+00:00","mainEntityOfPage":{"@id":"https:\/\/elglobal.do\/index.php\/2025\/10\/17\/hamas-se-compromete-a-devolver-a-israel-todos-los-cadaveres-de-rehenes\/"},"wordCount":841,"commentCount":0,"publisher":{"@id":"https:\/\/elglobal.do\/#organization"},"image":{"@id":"https:\/\/elglobal.do\/index.php\/2025\/10\/17\/hamas-se-compromete-a-devolver-a-israel-todos-los-cadaveres-de-rehenes\/#primaryimage"},"thumbnailUrl":"https:\/\/elglobal.do\/wp-content\/uploads\/2025\/10\/image-97.png","keywords":["#cad\u00e1veres","#Ham\u00e1s","#Israel","#Rehenes"],"articleSection":["INTERNACIONALES"],"inLanguage":"es","potentialAction":[{"@type":"CommentAction","name":"Comment","target":["https:\/\/elglobal.do\/index.php\/2025\/10\/17\/hamas-se-compromete-a-devolver-a-israel-todos-los-cadaveres-de-rehenes\/#respond"]}]},{"@type":"WebPage","@id":"https:\/\/elglobal.do\/index.php\/2025\/10\/17\/hamas-se-compromete-a-devolver-a-israel-todos-los-cadaveres-de-rehenes\/","url":"https:\/\/elglobal.do\/index.php\/2025\/10\/17\/hamas-se-compromete-a-devolver-a-israel-todos-los-cadaveres-de-rehenes\/","name":"Ham\u00e1s se compromete a devolver a Israel todos los cad\u00e1veres de rehenes - EL GLOBAL INFORMATIVO","isPartOf":{"@id":"https:\/\/elglobal.do\/#website"},"primaryImageOfPage":{"@id":"https:\/\/elglobal.do\/index.php\/2025\/10\/17\/hamas-se-compromete-a-devolver-a-israel-todos-los-cadaveres-de-rehenes\/#primaryimage"},"image":{"@id":"https:\/\/elglobal.do\/index.php\/2025\/10\/17\/hamas-se-compromete-a-devolver-a-israel-todos-los-cadaveres-de-rehenes\/#primaryimage"},"thumbnailUrl":"https:\/\/elglobal.do\/wp-content\/uploads\/2025\/10\/image-97.png","datePublished":"2025-10-17T15:50:47+00:00","dateModified":"2025-10-17T15:50:51+00:00","breadcrumb":{"@id":"https:\/\/elglobal.do\/index.php\/2025\/10\/17\/hamas-se-compromete-a-devolver-a-israel-todos-los-cadaveres-de-rehenes\/#breadcrumb"},"inLanguage":"es","potentialAction":[{"@type":"ReadAction","target":["https:\/\/elglobal.do\/index.php\/2025\/10\/17\/hamas-se-compromete-a-devolver-a-israel-todos-los-cadaveres-de-rehenes\/"]}]},{"@type":"ImageObject","inLanguage":"es","@id":"https:\/\/elglobal.do\/index.php\/2025\/10\/17\/hamas-se-compromete-a-devolver-a-israel-todos-los-cadaveres-de-rehenes\/#primaryimage","url":"https:\/\/elglobal.do\/wp-content\/uploads\/2025\/10\/image-97.png","contentUrl":"https:\/\/elglobal.do\/wp-content\/uploads\/2025\/10\/image-97.png","width":896,"height":504},{"@type":"BreadcrumbList","@id":"https:\/\/elglobal.do\/index.php\/2025\/10\/17\/hamas-se-compromete-a-devolver-a-israel-todos-los-cadaveres-de-rehenes\/#breadcrumb","itemListElement":[{"@type":"ListItem","position":1,"name":"Portada","item":"https:\/\/elglobal.do\/"},{"@type":"ListItem","position":2,"name":"Ham\u00e1s se compromete a devolver a Israel todos los cad\u00e1veres de rehenes"}]},{"@type":"WebSite","@id":"https:\/\/elglobal.do\/#website","url":"https:\/\/elglobal.do\/","name":"EL GLOBAL INFORMATIVO","description":"Peri\u00f3dico digital de la Rep\u00fablica Dominicana que ofrece noticias, novedades, pol\u00edtica y las \u00faltimas actualidades, con informaci\u00f3n veraz y oportuna para mantenerte siempre informad","publisher":{"@id":"https:\/\/elglobal.do\/#organization"},"potentialAction":[{"@type":"SearchAction","target":{"@type":"EntryPoint","urlTemplate":"https:\/\/elglobal.do\/?s={search_term_string}"},"query-input":{"@type":"PropertyValueSpecification","valueRequired":true,"valueName":"search_term_string"}}],"inLanguage":"es"},{"@type":"Organization","@id":"https:\/\/elglobal.do\/#organization","name":"EL GLOBAL.DO INFORMATIVO","url":"https:\/\/elglobal.do\/","logo":{"@type":"ImageObject","inLanguage":"es","@id":"https:\/\/elglobal.do\/#\/schema\/logo\/image\/","url":"https:\/\/elglobal.do\/wp-content\/uploads\/2025\/08\/icon.png","contentUrl":"https:\/\/elglobal.do\/wp-content\/uploads\/2025\/08\/icon.png","width":512,"height":512,"caption":"EL GLOBAL.DO INFORMATIVO"},"image":{"@id":"https:\/\/elglobal.do\/#\/schema\/logo\/image\/"}},{"@type":"Person","@id":"https:\/\/elglobal.do\/#\/schema\/person\/0c97ec2c7714fb605d230c292f64d55f","name":"EL GLOBAL","image":{"@type":"ImageObject","inLanguage":"es","@id":"https:\/\/elglobal.do\/#\/schema\/person\/image\/","url":"https:\/\/secure.gravatar.com\/avatar\/081cfb6cf99faddc6f4e23a0c11ab98c5cf302925382d1c88dc3ed757ab910a3?s=96&d=mm&r=g","contentUrl":"https:\/\/secure.gravatar.com\/avatar\/081cfb6cf99faddc6f4e23a0c11ab98c5cf302925382d1c88dc3ed757ab910a3?s=96&d=mm&r=g","caption":"EL GLOBAL"},"description":"El Global Informativo es un peri\u00f3dico digital de Rep\u00fablica Dominicana que se dedica a cubrir temas importantes, como la pol\u00edtica local, geopol\u00edtica, econom\u00eda, tecnolog\u00eda, noticias internacionales y eventos relacionados con la gesti\u00f3n social, cultural y humana. Su objetivo principal es mantener a la poblaci\u00f3n informada, ofreciendo una visi\u00f3n amplia y actualizada de lo que sucede tanto en el pa\u00eds como en el mundo. Est\u00e1 dirigido por un grupo de periodistas experimentados, lo que garantiza la calidad y la precisi\u00f3n de la informaci\u00f3n que ofrecen. Tiene su sede en la ciudad de Santo Domingo y es parte integral del portafolio de la empresa, MC Global S.R.L.","sameAs":["https:\/\/elglobal.do","https:\/\/www.instagram.com\/elglobal.do_informativo\/"],"url":"https:\/\/elglobal.do\/index.php\/author\/elglobaluserpro\/"}]}},"jetpack_featured_media_url":"https:\/\/elglobal.do\/wp-content\/uploads\/2025\/10\/image-97.png","jetpack_sharing_enabled":true,"_links":{"self":[{"href":"https:\/\/elglobal.do\/index.php\/wp-json\/wp\/v2\/posts\/3273","targetHints":{"allow":["GET"]}}],"collection":[{"href":"https:\/\/elglobal.do\/index.php\/wp-json\/wp\/v2\/posts"}],"about":[{"href":"https:\/\/elglobal.do\/index.php\/wp-json\/wp\/v2\/types\/post"}],"author":[{"embeddable":true,"href":"https:\/\/elglobal.do\/index.php\/wp-json\/wp\/v2\/users\/1"}],"replies":[{"embeddable":true,"href":"https:\/\/elglobal.do\/index.php\/wp-json\/wp\/v2\/comments?post=3273"}],"version-history":[{"count":1,"href":"https:\/\/elglobal.do\/index.php\/wp-json\/wp\/v2\/posts\/3273\/revisions"}],"predecessor-version":[{"id":3276,"href":"https:\/\/elglobal.do\/index.php\/wp-json\/wp\/v2\/posts\/3273\/revisions\/3276"}],"wp:featuredmedia":[{"embeddable":true,"href":"https:\/\/elglobal.do\/index.php\/wp-json\/wp\/v2\/media\/3274"}],"wp:attachment":[{"href":"https:\/\/elglobal.do\/index.php\/wp-json\/wp\/v2\/media?parent=3273"}],"wp:term":[{"taxonomy":"category","embeddable":true,"href":"https:\/\/elglobal.do\/index.php\/wp-json\/wp\/v2\/categories?post=3273"},{"taxonomy":"post_tag","embeddable":true,"href":"https:\/\/elglobal.do\/index.php\/wp-json\/wp\/v2\/tags?post=3273"}],"curies":[{"name":"wp","href":"https:\/\/api.w.org\/{rel}","templated":true}]}}