{"id":3300,"date":"2025-10-20T11:11:31","date_gmt":"2025-10-20T15:11:31","guid":{"rendered":"https:\/\/elglobal.do\/?p=3300"},"modified":"2025-10-20T11:11:34","modified_gmt":"2025-10-20T15:11:34","slug":"ee-uu-advierte-que-hamas-planea-una-violacion-inminente-del-alto-el-fuego-en-gaza","status":"publish","type":"post","link":"https:\/\/elglobal.do\/index.php\/2025\/10\/20\/ee-uu-advierte-que-hamas-planea-una-violacion-inminente-del-alto-el-fuego-en-gaza\/","title":{"rendered":"EE.UU advierte que Ham\u00e1s planea una violaci\u00f3n inminente del alto el fuego en Gaza"},"content":{"rendered":"\n<figure class=\"wp-block-image size-full is-resized\"><img loading=\"lazy\" decoding=\"async\" width=\"975\" height=\"548\" src=\"https:\/\/elglobal.do\/wp-content\/uploads\/2025\/10\/image-102.png\" alt=\"\" class=\"wp-image-3304\" style=\"width:699px;height:auto\" srcset=\"https:\/\/elglobal.do\/wp-content\/uploads\/2025\/10\/image-102.png 975w, https:\/\/elglobal.do\/wp-content\/uploads\/2025\/10\/image-102-300x169.png 300w, https:\/\/elglobal.do\/wp-content\/uploads\/2025\/10\/image-102-768x432.png 768w\" sizes=\"auto, (max-width: 975px) 100vw, 975px\" \/><\/figure>\n\n\n\n<p><strong>Estados Unidos.-<\/strong> Estados Unidos advirti\u00f3 este s\u00e1bado que tiene \u00ab<strong>informes cre\u00edbles<\/strong>\u00bb que indican que&nbsp;<strong>Ham\u00e1s<\/strong>&nbsp;planea \u00abuna violaci\u00f3n inminente\u00bb del alto el fuego firmado con Israel mediante un ataque contra el pueblo palestino.<\/p>\n\n\n\n<p>\u00abEste ataque planeado contra&nbsp;<strong>civiles palestinos<\/strong>&nbsp;constituir\u00eda una violaci\u00f3n directa y grave del&nbsp;<strong>acuerdo de alto el fuego<\/strong>&nbsp;y socavar\u00eda los importantes avances logrados mediante la mediaci\u00f3n. Los garantes exigen que Ham\u00e1s cumpla con sus obligaciones en virtud del alto el fuego\u00bb inform\u00f3 en un comunicado el Departamento de Estado de EE. UU.<\/p>\n\n\n\n<p>El Gobierno estadounidense a\u00f1adi\u00f3 que hab\u00eda informado a los<strong>\u00a0pa\u00edses garantes del alto el fuego<\/strong>\u00a0sobre esta inminente violaci\u00f3n y alert\u00f3 que \u00absi Ham\u00e1s contin\u00faa con este ataque\u00bb, tomar\u00e1 medidas para proteger a la poblaci\u00f3n en\u00a0<strong>Gaza<\/strong>\u00a0y preservar la tregua firmada el pasado 9 de octubre.<\/p>\n\n\n\n<p>Israel acept\u00f3 cesar los bombardeos en\u00a0<strong>la Franja<\/strong>\u00a0el jueves de la semana pasada, casi dos a\u00f1os despu\u00e9s del inicio del conflicto tras los ataques perpetrados por Ham\u00e1s en el pa\u00eds hebreo, que se saldaron con la muerte de 1,200 personas y 250 secuestrados.<\/p>\n\n\n\n<p>El&nbsp;<strong>alto el fuego<\/strong>&nbsp;implic\u00f3 la liberaci\u00f3n de todos los rehenes por parte de Ham\u00e1s, as\u00ed como el cese de las hostilidades, pese a lo que el Gobierno de Ham\u00e1s en&nbsp;<strong>Gaza<\/strong>&nbsp;acus\u00f3 hoy a Israel de haber violado 47 veces la tregua.<\/p>\n\n\n\n<h2 class=\"wp-block-heading\">Tregua<\/h2>\n\n\n\n<p>El acuerdo firmado por Ham\u00e1s e Israel establece que&nbsp;<strong>la tregua abarca a toda la Franja de Gaza<\/strong>&nbsp;y que el Ej\u00e9rcito israel\u00ed debe retirarse hasta la \u00abl\u00ednea amarilla\u00bb, pero eso no implica que el alto el fuego no rija tras ella, aunque el Ej\u00e9rcito israel\u00ed ha invocado la leg\u00edtima defensa y las amenazas a sus tropas para disparar contra palestinos en esa zona.<\/p>\n\n\n\n<h2 class=\"wp-block-heading\">\u00abGenocidio\u00bb<\/h2>\n\n\n\n<p>M\u00e1s de 67,000 personas murieron durante los dos a\u00f1os de&nbsp;<strong>bombardeos israel\u00edes<\/strong>&nbsp;en la Franja, un acto que organismos y expertos internacionales calificaron de genocidio.<\/p>\n\n\n\n<p>La Oficina de&nbsp;<strong>la ONU<\/strong>&nbsp;para la Coordinaci\u00f3n de Asuntos Humanitarios (OCHA) asegur\u00f3 que, hasta el pasado mi\u00e9rcoles, 190,000 toneladas de ayuda estaban autorizadas por las autoridades israel\u00edes y en tr\u00e1mites para entrar a&nbsp;<strong>Gaza<\/strong>.<\/p>\n\n\n\n<p>Sin embargo,\u00a0<strong>los gazat\u00edes<\/strong>\u00a0a\u00fan esperan la apertura del cruce de Rafah, en la frontera con Egipto, al paso de personas, que seg\u00fan la prensa israel\u00ed est\u00e1 siendo retrasada por Israel como respuesta a la demora de Ham\u00e1s en la entrega de los cad\u00e1veres de los rehenes que faltan.\u00a0<\/p>\n\n\n\n<p><\/p>\n","protected":false},"excerpt":{"rendered":"<p>Estados Unidos.- Estados Unidos advirti\u00f3 este s\u00e1bado que tiene \u00abinformes cre\u00edbles\u00bb que indican que&nbsp;Ham\u00e1s&nbsp;planea \u00abuna violaci\u00f3n inminente\u00bb del alto el fuego firmado con Israel mediante un ataque contra el pueblo&hellip; <\/p>\n","protected":false},"author":1,"featured_media":3304,"comment_status":"open","ping_status":"open","sticky":false,"template":"","format":"standard","meta":{"_jetpack_memberships_contains_paid_content":false,"footnotes":""},"categories":[1],"tags":[1817,166,651,1041,652,792],"class_list":["post-3300","post","type-post","status-publish","format-standard","has-post-thumbnail","hentry","category-categoria-internacionales","tag-advierte","tag-ee-uu-2","tag-gaza","tag-genocidio","tag-hamas","tag-onu"],"yoast_head":"<!-- This site is optimized with the Yoast SEO plugin v26.9 - https:\/\/yoast.com\/product\/yoast-seo-wordpress\/ -->\n<title>EE.UU advierte que Ham\u00e1s planea una violaci\u00f3n inminente del alto el fuego en Gaza - EL GLOBAL INFORMATIVO<\/title>\n<meta name=\"robots\" content=\"index, follow, max-snippet:-1, max-image-preview:large, max-video-preview:-1\" \/>\n<link rel=\"canonical\" href=\"https:\/\/elglobal.do\/index.php\/2025\/10\/20\/ee-uu-advierte-que-hamas-planea-una-violacion-inminente-del-alto-el-fuego-en-gaza\/\" \/>\n<meta property=\"og:locale\" content=\"es_ES\" \/>\n<meta property=\"og:type\" content=\"article\" \/>\n<meta property=\"og:title\" content=\"EE.UU advierte que Ham\u00e1s planea una violaci\u00f3n inminente del alto el fuego en Gaza - EL GLOBAL INFORMATIVO\" \/>\n<meta property=\"og:description\" content=\"Estados Unidos.- Estados Unidos advirti\u00f3 este s\u00e1bado que tiene \u00abinformes cre\u00edbles\u00bb que indican que&nbsp;Ham\u00e1s&nbsp;planea \u00abuna violaci\u00f3n inminente\u00bb del alto el fuego firmado con Israel mediante un ataque contra el pueblo&hellip;\" \/>\n<meta property=\"og:url\" content=\"https:\/\/elglobal.do\/index.php\/2025\/10\/20\/ee-uu-advierte-que-hamas-planea-una-violacion-inminente-del-alto-el-fuego-en-gaza\/\" \/>\n<meta property=\"og:site_name\" content=\"EL GLOBAL INFORMATIVO\" \/>\n<meta property=\"article:published_time\" content=\"2025-10-20T15:11:31+00:00\" \/>\n<meta property=\"article:modified_time\" content=\"2025-10-20T15:11:34+00:00\" \/>\n<meta property=\"og:image\" content=\"https:\/\/elglobal.do\/wp-content\/uploads\/2025\/10\/image-102.png\" \/>\n\t<meta property=\"og:image:width\" content=\"975\" \/>\n\t<meta property=\"og:image:height\" content=\"548\" \/>\n\t<meta property=\"og:image:type\" content=\"image\/png\" \/>\n<meta name=\"author\" content=\"EL GLOBAL\" \/>\n<meta name=\"twitter:card\" content=\"summary_large_image\" \/>\n<meta name=\"twitter:label1\" content=\"Escrito por\" \/>\n\t<meta name=\"twitter:data1\" content=\"EL GLOBAL\" \/>\n\t<meta name=\"twitter:label2\" content=\"Tiempo de lectura\" \/>\n\t<meta name=\"twitter:data2\" content=\"3 minutos\" \/>\n<script type=\"application\/ld+json\" class=\"yoast-schema-graph\">{\"@context\":\"https:\/\/schema.org\",\"@graph\":[{\"@type\":\"Article\",\"@id\":\"https:\/\/elglobal.do\/index.php\/2025\/10\/20\/ee-uu-advierte-que-hamas-planea-una-violacion-inminente-del-alto-el-fuego-en-gaza\/#article\",\"isPartOf\":{\"@id\":\"https:\/\/elglobal.do\/index.php\/2025\/10\/20\/ee-uu-advierte-que-hamas-planea-una-violacion-inminente-del-alto-el-fuego-en-gaza\/\"},\"author\":{\"name\":\"EL GLOBAL\",\"@id\":\"https:\/\/elglobal.do\/#\/schema\/person\/0c97ec2c7714fb605d230c292f64d55f\"},\"headline\":\"EE.UU advierte que Ham\u00e1s planea una violaci\u00f3n inminente del alto el fuego en Gaza\",\"datePublished\":\"2025-10-20T15:11:31+00:00\",\"dateModified\":\"2025-10-20T15:11:34+00:00\",\"mainEntityOfPage\":{\"@id\":\"https:\/\/elglobal.do\/index.php\/2025\/10\/20\/ee-uu-advierte-que-hamas-planea-una-violacion-inminente-del-alto-el-fuego-en-gaza\/\"},\"wordCount\":464,\"commentCount\":0,\"publisher\":{\"@id\":\"https:\/\/elglobal.do\/#organization\"},\"image\":{\"@id\":\"https:\/\/elglobal.do\/index.php\/2025\/10\/20\/ee-uu-advierte-que-hamas-planea-una-violacion-inminente-del-alto-el-fuego-en-gaza\/#primaryimage\"},\"thumbnailUrl\":\"https:\/\/elglobal.do\/wp-content\/uploads\/2025\/10\/image-102.png\",\"keywords\":[\"#Advierte\",\"#EE.UU\",\"#Gaza\",\"#Genocidio\",\"#Ham\u00e1s\",\"#ONU\"],\"articleSection\":[\"INTERNACIONALES\"],\"inLanguage\":\"es\",\"potentialAction\":[{\"@type\":\"CommentAction\",\"name\":\"Comment\",\"target\":[\"https:\/\/elglobal.do\/index.php\/2025\/10\/20\/ee-uu-advierte-que-hamas-planea-una-violacion-inminente-del-alto-el-fuego-en-gaza\/#respond\"]}]},{\"@type\":\"WebPage\",\"@id\":\"https:\/\/elglobal.do\/index.php\/2025\/10\/20\/ee-uu-advierte-que-hamas-planea-una-violacion-inminente-del-alto-el-fuego-en-gaza\/\",\"url\":\"https:\/\/elglobal.do\/index.php\/2025\/10\/20\/ee-uu-advierte-que-hamas-planea-una-violacion-inminente-del-alto-el-fuego-en-gaza\/\",\"name\":\"EE.UU advierte que Ham\u00e1s planea una violaci\u00f3n inminente del alto el fuego en Gaza - EL GLOBAL INFORMATIVO\",\"isPartOf\":{\"@id\":\"https:\/\/elglobal.do\/#website\"},\"primaryImageOfPage\":{\"@id\":\"https:\/\/elglobal.do\/index.php\/2025\/10\/20\/ee-uu-advierte-que-hamas-planea-una-violacion-inminente-del-alto-el-fuego-en-gaza\/#primaryimage\"},\"image\":{\"@id\":\"https:\/\/elglobal.do\/index.php\/2025\/10\/20\/ee-uu-advierte-que-hamas-planea-una-violacion-inminente-del-alto-el-fuego-en-gaza\/#primaryimage\"},\"thumbnailUrl\":\"https:\/\/elglobal.do\/wp-content\/uploads\/2025\/10\/image-102.png\",\"datePublished\":\"2025-10-20T15:11:31+00:00\",\"dateModified\":\"2025-10-20T15:11:34+00:00\",\"breadcrumb\":{\"@id\":\"https:\/\/elglobal.do\/index.php\/2025\/10\/20\/ee-uu-advierte-que-hamas-planea-una-violacion-inminente-del-alto-el-fuego-en-gaza\/#breadcrumb\"},\"inLanguage\":\"es\",\"potentialAction\":[{\"@type\":\"ReadAction\",\"target\":[\"https:\/\/elglobal.do\/index.php\/2025\/10\/20\/ee-uu-advierte-que-hamas-planea-una-violacion-inminente-del-alto-el-fuego-en-gaza\/\"]}]},{\"@type\":\"ImageObject\",\"inLanguage\":\"es\",\"@id\":\"https:\/\/elglobal.do\/index.php\/2025\/10\/20\/ee-uu-advierte-que-hamas-planea-una-violacion-inminente-del-alto-el-fuego-en-gaza\/#primaryimage\",\"url\":\"https:\/\/elglobal.do\/wp-content\/uploads\/2025\/10\/image-102.png\",\"contentUrl\":\"https:\/\/elglobal.do\/wp-content\/uploads\/2025\/10\/image-102.png\",\"width\":975,\"height\":548},{\"@type\":\"BreadcrumbList\",\"@id\":\"https:\/\/elglobal.do\/index.php\/2025\/10\/20\/ee-uu-advierte-que-hamas-planea-una-violacion-inminente-del-alto-el-fuego-en-gaza\/#breadcrumb\",\"itemListElement\":[{\"@type\":\"ListItem\",\"position\":1,\"name\":\"Portada\",\"item\":\"https:\/\/elglobal.do\/\"},{\"@type\":\"ListItem\",\"position\":2,\"name\":\"EE.UU advierte que Ham\u00e1s planea una violaci\u00f3n inminente del alto el fuego en Gaza\"}]},{\"@type\":\"WebSite\",\"@id\":\"https:\/\/elglobal.do\/#website\",\"url\":\"https:\/\/elglobal.do\/\",\"name\":\"EL GLOBAL INFORMATIVO\",\"description\":\"Peri\u00f3dico digital de la Rep\u00fablica Dominicana que ofrece noticias, novedades, pol\u00edtica y las \u00faltimas actualidades, con informaci\u00f3n veraz y oportuna para mantenerte siempre informad\",\"publisher\":{\"@id\":\"https:\/\/elglobal.do\/#organization\"},\"potentialAction\":[{\"@type\":\"SearchAction\",\"target\":{\"@type\":\"EntryPoint\",\"urlTemplate\":\"https:\/\/elglobal.do\/?s={search_term_string}\"},\"query-input\":{\"@type\":\"PropertyValueSpecification\",\"valueRequired\":true,\"valueName\":\"search_term_string\"}}],\"inLanguage\":\"es\"},{\"@type\":\"Organization\",\"@id\":\"https:\/\/elglobal.do\/#organization\",\"name\":\"EL GLOBAL.DO INFORMATIVO\",\"url\":\"https:\/\/elglobal.do\/\",\"logo\":{\"@type\":\"ImageObject\",\"inLanguage\":\"es\",\"@id\":\"https:\/\/elglobal.do\/#\/schema\/logo\/image\/\",\"url\":\"https:\/\/elglobal.do\/wp-content\/uploads\/2025\/08\/icon.png\",\"contentUrl\":\"https:\/\/elglobal.do\/wp-content\/uploads\/2025\/08\/icon.png\",\"width\":512,\"height\":512,\"caption\":\"EL GLOBAL.DO INFORMATIVO\"},\"image\":{\"@id\":\"https:\/\/elglobal.do\/#\/schema\/logo\/image\/\"}},{\"@type\":\"Person\",\"@id\":\"https:\/\/elglobal.do\/#\/schema\/person\/0c97ec2c7714fb605d230c292f64d55f\",\"name\":\"EL GLOBAL\",\"image\":{\"@type\":\"ImageObject\",\"inLanguage\":\"es\",\"@id\":\"https:\/\/elglobal.do\/#\/schema\/person\/image\/\",\"url\":\"https:\/\/secure.gravatar.com\/avatar\/081cfb6cf99faddc6f4e23a0c11ab98c5cf302925382d1c88dc3ed757ab910a3?s=96&d=mm&r=g\",\"contentUrl\":\"https:\/\/secure.gravatar.com\/avatar\/081cfb6cf99faddc6f4e23a0c11ab98c5cf302925382d1c88dc3ed757ab910a3?s=96&d=mm&r=g\",\"caption\":\"EL GLOBAL\"},\"description\":\"El Global Informativo es un peri\u00f3dico digital de Rep\u00fablica Dominicana que se dedica a cubrir temas importantes, como la pol\u00edtica local, geopol\u00edtica, econom\u00eda, tecnolog\u00eda, noticias internacionales y eventos relacionados con la gesti\u00f3n social, cultural y humana. Su objetivo principal es mantener a la poblaci\u00f3n informada, ofreciendo una visi\u00f3n amplia y actualizada de lo que sucede tanto en el pa\u00eds como en el mundo. Est\u00e1 dirigido por un grupo de periodistas experimentados, lo que garantiza la calidad y la precisi\u00f3n de la informaci\u00f3n que ofrecen. Tiene su sede en la ciudad de Santo Domingo y es parte integral del portafolio de la empresa, MC Global S.R.L.\",\"sameAs\":[\"https:\/\/elglobal.do\",\"https:\/\/www.instagram.com\/elglobal.do_informativo\/\"],\"url\":\"https:\/\/elglobal.do\/index.php\/author\/elglobaluserpro\/\"}]}<\/script>\n<!-- \/ Yoast SEO plugin. -->","yoast_head_json":{"title":"EE.UU advierte que Ham\u00e1s planea una violaci\u00f3n inminente del alto el fuego en Gaza - EL GLOBAL INFORMATIVO","robots":{"index":"index","follow":"follow","max-snippet":"max-snippet:-1","max-image-preview":"max-image-preview:large","max-video-preview":"max-video-preview:-1"},"canonical":"https:\/\/elglobal.do\/index.php\/2025\/10\/20\/ee-uu-advierte-que-hamas-planea-una-violacion-inminente-del-alto-el-fuego-en-gaza\/","og_locale":"es_ES","og_type":"article","og_title":"EE.UU advierte que Ham\u00e1s planea una violaci\u00f3n inminente del alto el fuego en Gaza - EL GLOBAL INFORMATIVO","og_description":"Estados Unidos.- Estados Unidos advirti\u00f3 este s\u00e1bado que tiene \u00abinformes cre\u00edbles\u00bb que indican que&nbsp;Ham\u00e1s&nbsp;planea \u00abuna violaci\u00f3n inminente\u00bb del alto el fuego firmado con Israel mediante un ataque contra el pueblo&hellip;","og_url":"https:\/\/elglobal.do\/index.php\/2025\/10\/20\/ee-uu-advierte-que-hamas-planea-una-violacion-inminente-del-alto-el-fuego-en-gaza\/","og_site_name":"EL GLOBAL INFORMATIVO","article_published_time":"2025-10-20T15:11:31+00:00","article_modified_time":"2025-10-20T15:11:34+00:00","og_image":[{"width":975,"height":548,"url":"https:\/\/elglobal.do\/wp-content\/uploads\/2025\/10\/image-102.png","type":"image\/png"}],"author":"EL GLOBAL","twitter_card":"summary_large_image","twitter_misc":{"Escrito por":"EL GLOBAL","Tiempo de lectura":"3 minutos"},"schema":{"@context":"https:\/\/schema.org","@graph":[{"@type":"Article","@id":"https:\/\/elglobal.do\/index.php\/2025\/10\/20\/ee-uu-advierte-que-hamas-planea-una-violacion-inminente-del-alto-el-fuego-en-gaza\/#article","isPartOf":{"@id":"https:\/\/elglobal.do\/index.php\/2025\/10\/20\/ee-uu-advierte-que-hamas-planea-una-violacion-inminente-del-alto-el-fuego-en-gaza\/"},"author":{"name":"EL GLOBAL","@id":"https:\/\/elglobal.do\/#\/schema\/person\/0c97ec2c7714fb605d230c292f64d55f"},"headline":"EE.UU advierte que Ham\u00e1s planea una violaci\u00f3n inminente del alto el fuego en Gaza","datePublished":"2025-10-20T15:11:31+00:00","dateModified":"2025-10-20T15:11:34+00:00","mainEntityOfPage":{"@id":"https:\/\/elglobal.do\/index.php\/2025\/10\/20\/ee-uu-advierte-que-hamas-planea-una-violacion-inminente-del-alto-el-fuego-en-gaza\/"},"wordCount":464,"commentCount":0,"publisher":{"@id":"https:\/\/elglobal.do\/#organization"},"image":{"@id":"https:\/\/elglobal.do\/index.php\/2025\/10\/20\/ee-uu-advierte-que-hamas-planea-una-violacion-inminente-del-alto-el-fuego-en-gaza\/#primaryimage"},"thumbnailUrl":"https:\/\/elglobal.do\/wp-content\/uploads\/2025\/10\/image-102.png","keywords":["#Advierte","#EE.UU","#Gaza","#Genocidio","#Ham\u00e1s","#ONU"],"articleSection":["INTERNACIONALES"],"inLanguage":"es","potentialAction":[{"@type":"CommentAction","name":"Comment","target":["https:\/\/elglobal.do\/index.php\/2025\/10\/20\/ee-uu-advierte-que-hamas-planea-una-violacion-inminente-del-alto-el-fuego-en-gaza\/#respond"]}]},{"@type":"WebPage","@id":"https:\/\/elglobal.do\/index.php\/2025\/10\/20\/ee-uu-advierte-que-hamas-planea-una-violacion-inminente-del-alto-el-fuego-en-gaza\/","url":"https:\/\/elglobal.do\/index.php\/2025\/10\/20\/ee-uu-advierte-que-hamas-planea-una-violacion-inminente-del-alto-el-fuego-en-gaza\/","name":"EE.UU advierte que Ham\u00e1s planea una violaci\u00f3n inminente del alto el fuego en Gaza - EL GLOBAL INFORMATIVO","isPartOf":{"@id":"https:\/\/elglobal.do\/#website"},"primaryImageOfPage":{"@id":"https:\/\/elglobal.do\/index.php\/2025\/10\/20\/ee-uu-advierte-que-hamas-planea-una-violacion-inminente-del-alto-el-fuego-en-gaza\/#primaryimage"},"image":{"@id":"https:\/\/elglobal.do\/index.php\/2025\/10\/20\/ee-uu-advierte-que-hamas-planea-una-violacion-inminente-del-alto-el-fuego-en-gaza\/#primaryimage"},"thumbnailUrl":"https:\/\/elglobal.do\/wp-content\/uploads\/2025\/10\/image-102.png","datePublished":"2025-10-20T15:11:31+00:00","dateModified":"2025-10-20T15:11:34+00:00","breadcrumb":{"@id":"https:\/\/elglobal.do\/index.php\/2025\/10\/20\/ee-uu-advierte-que-hamas-planea-una-violacion-inminente-del-alto-el-fuego-en-gaza\/#breadcrumb"},"inLanguage":"es","potentialAction":[{"@type":"ReadAction","target":["https:\/\/elglobal.do\/index.php\/2025\/10\/20\/ee-uu-advierte-que-hamas-planea-una-violacion-inminente-del-alto-el-fuego-en-gaza\/"]}]},{"@type":"ImageObject","inLanguage":"es","@id":"https:\/\/elglobal.do\/index.php\/2025\/10\/20\/ee-uu-advierte-que-hamas-planea-una-violacion-inminente-del-alto-el-fuego-en-gaza\/#primaryimage","url":"https:\/\/elglobal.do\/wp-content\/uploads\/2025\/10\/image-102.png","contentUrl":"https:\/\/elglobal.do\/wp-content\/uploads\/2025\/10\/image-102.png","width":975,"height":548},{"@type":"BreadcrumbList","@id":"https:\/\/elglobal.do\/index.php\/2025\/10\/20\/ee-uu-advierte-que-hamas-planea-una-violacion-inminente-del-alto-el-fuego-en-gaza\/#breadcrumb","itemListElement":[{"@type":"ListItem","position":1,"name":"Portada","item":"https:\/\/elglobal.do\/"},{"@type":"ListItem","position":2,"name":"EE.UU advierte que Ham\u00e1s planea una violaci\u00f3n inminente del alto el fuego en Gaza"}]},{"@type":"WebSite","@id":"https:\/\/elglobal.do\/#website","url":"https:\/\/elglobal.do\/","name":"EL GLOBAL INFORMATIVO","description":"Peri\u00f3dico digital de la Rep\u00fablica Dominicana que ofrece noticias, novedades, pol\u00edtica y las \u00faltimas actualidades, con informaci\u00f3n veraz y oportuna para mantenerte siempre informad","publisher":{"@id":"https:\/\/elglobal.do\/#organization"},"potentialAction":[{"@type":"SearchAction","target":{"@type":"EntryPoint","urlTemplate":"https:\/\/elglobal.do\/?s={search_term_string}"},"query-input":{"@type":"PropertyValueSpecification","valueRequired":true,"valueName":"search_term_string"}}],"inLanguage":"es"},{"@type":"Organization","@id":"https:\/\/elglobal.do\/#organization","name":"EL GLOBAL.DO INFORMATIVO","url":"https:\/\/elglobal.do\/","logo":{"@type":"ImageObject","inLanguage":"es","@id":"https:\/\/elglobal.do\/#\/schema\/logo\/image\/","url":"https:\/\/elglobal.do\/wp-content\/uploads\/2025\/08\/icon.png","contentUrl":"https:\/\/elglobal.do\/wp-content\/uploads\/2025\/08\/icon.png","width":512,"height":512,"caption":"EL GLOBAL.DO INFORMATIVO"},"image":{"@id":"https:\/\/elglobal.do\/#\/schema\/logo\/image\/"}},{"@type":"Person","@id":"https:\/\/elglobal.do\/#\/schema\/person\/0c97ec2c7714fb605d230c292f64d55f","name":"EL GLOBAL","image":{"@type":"ImageObject","inLanguage":"es","@id":"https:\/\/elglobal.do\/#\/schema\/person\/image\/","url":"https:\/\/secure.gravatar.com\/avatar\/081cfb6cf99faddc6f4e23a0c11ab98c5cf302925382d1c88dc3ed757ab910a3?s=96&d=mm&r=g","contentUrl":"https:\/\/secure.gravatar.com\/avatar\/081cfb6cf99faddc6f4e23a0c11ab98c5cf302925382d1c88dc3ed757ab910a3?s=96&d=mm&r=g","caption":"EL GLOBAL"},"description":"El Global Informativo es un peri\u00f3dico digital de Rep\u00fablica Dominicana que se dedica a cubrir temas importantes, como la pol\u00edtica local, geopol\u00edtica, econom\u00eda, tecnolog\u00eda, noticias internacionales y eventos relacionados con la gesti\u00f3n social, cultural y humana. Su objetivo principal es mantener a la poblaci\u00f3n informada, ofreciendo una visi\u00f3n amplia y actualizada de lo que sucede tanto en el pa\u00eds como en el mundo. Est\u00e1 dirigido por un grupo de periodistas experimentados, lo que garantiza la calidad y la precisi\u00f3n de la informaci\u00f3n que ofrecen. Tiene su sede en la ciudad de Santo Domingo y es parte integral del portafolio de la empresa, MC Global S.R.L.","sameAs":["https:\/\/elglobal.do","https:\/\/www.instagram.com\/elglobal.do_informativo\/"],"url":"https:\/\/elglobal.do\/index.php\/author\/elglobaluserpro\/"}]}},"jetpack_featured_media_url":"https:\/\/elglobal.do\/wp-content\/uploads\/2025\/10\/image-102.png","jetpack_sharing_enabled":true,"_links":{"self":[{"href":"https:\/\/elglobal.do\/index.php\/wp-json\/wp\/v2\/posts\/3300","targetHints":{"allow":["GET"]}}],"collection":[{"href":"https:\/\/elglobal.do\/index.php\/wp-json\/wp\/v2\/posts"}],"about":[{"href":"https:\/\/elglobal.do\/index.php\/wp-json\/wp\/v2\/types\/post"}],"author":[{"embeddable":true,"href":"https:\/\/elglobal.do\/index.php\/wp-json\/wp\/v2\/users\/1"}],"replies":[{"embeddable":true,"href":"https:\/\/elglobal.do\/index.php\/wp-json\/wp\/v2\/comments?post=3300"}],"version-history":[{"count":1,"href":"https:\/\/elglobal.do\/index.php\/wp-json\/wp\/v2\/posts\/3300\/revisions"}],"predecessor-version":[{"id":3306,"href":"https:\/\/elglobal.do\/index.php\/wp-json\/wp\/v2\/posts\/3300\/revisions\/3306"}],"wp:featuredmedia":[{"embeddable":true,"href":"https:\/\/elglobal.do\/index.php\/wp-json\/wp\/v2\/media\/3304"}],"wp:attachment":[{"href":"https:\/\/elglobal.do\/index.php\/wp-json\/wp\/v2\/media?parent=3300"}],"wp:term":[{"taxonomy":"category","embeddable":true,"href":"https:\/\/elglobal.do\/index.php\/wp-json\/wp\/v2\/categories?post=3300"},{"taxonomy":"post_tag","embeddable":true,"href":"https:\/\/elglobal.do\/index.php\/wp-json\/wp\/v2\/tags?post=3300"}],"curies":[{"name":"wp","href":"https:\/\/api.w.org\/{rel}","templated":true}]}}