{"id":3309,"date":"2025-10-20T11:57:50","date_gmt":"2025-10-20T15:57:50","guid":{"rendered":"https:\/\/elglobal.do\/?p=3309"},"modified":"2025-10-20T11:57:52","modified_gmt":"2025-10-20T15:57:52","slug":"colombia-denuncia-una-amenaza-de-invasion-de-estados-unidos","status":"publish","type":"post","link":"https:\/\/elglobal.do\/index.php\/2025\/10\/20\/colombia-denuncia-una-amenaza-de-invasion-de-estados-unidos\/","title":{"rendered":"Colombia denuncia una \u00abamenaza\u00bb de \u00abinvasi\u00f3n\u00bb de Estados Unidos"},"content":{"rendered":"\n<figure class=\"wp-block-image size-full\"><img loading=\"lazy\" decoding=\"async\" width=\"896\" height=\"504\" src=\"https:\/\/elglobal.do\/wp-content\/uploads\/2025\/10\/gustavo-e54f6813-focus-min0.05-0.42-896-504.jpg\" alt=\"\" class=\"wp-image-3315\" srcset=\"https:\/\/elglobal.do\/wp-content\/uploads\/2025\/10\/gustavo-e54f6813-focus-min0.05-0.42-896-504.jpg 896w, https:\/\/elglobal.do\/wp-content\/uploads\/2025\/10\/gustavo-e54f6813-focus-min0.05-0.42-896-504-300x169.jpg 300w, https:\/\/elglobal.do\/wp-content\/uploads\/2025\/10\/gustavo-e54f6813-focus-min0.05-0.42-896-504-768x432.jpg 768w\" sizes=\"auto, (max-width: 896px) 100vw, 896px\" \/><\/figure>\n\n\n\n<p><strong>Colombia.-<\/strong> El&nbsp;<strong>ministro del Interior<\/strong>&nbsp;de Colombia,&nbsp;<strong>Armando Benedetti<\/strong>, denunci\u00f3 este lunes una \u00abamenaza\u00bb de \u00abinvasi\u00f3n\u00bb del mandatario estadounidense Donald&nbsp;<strong>Trump<\/strong>, quien pareci\u00f3 sugerir alg\u00fan tipo de intervenci\u00f3n de Washington contra la producci\u00f3n de droga en el pa\u00eds sudamericano.<\/p>\n\n\n\n<p><strong>Trump<\/strong>&nbsp;detuvo el domingo el&nbsp;<strong>apoyo econ\u00f3mico a Bogot\u00e1&nbsp;<\/strong>por supuestamente \u00abfomentar\u00bb el narcotr\u00e1fico y afirm\u00f3 que deber\u00eda \u00abcerrar\u00bb los narcocultivos de \u00abinmediato, o Estados Unidos se los cerrar\u00e1\u00bb.<\/p>\n\n\n\n<p><strong>Benedetti<\/strong>&nbsp;asegur\u00f3 que se trata de una&nbsp;<strong>\u00abamenaza a una invasi\u00f3n<\/strong>&nbsp;o una acci\u00f3n terrestre o militar en contra de Colombia\u00bb. \u00abNo me imagino cerrando unas hect\u00e1reas si no es de esa forma, si no es invadiendo\u00bb, dijo a Blu Radio.<\/p>\n","protected":false},"excerpt":{"rendered":"<p>Colombia.- El&nbsp;ministro del Interior&nbsp;de Colombia,&nbsp;Armando Benedetti, denunci\u00f3 este lunes una \u00abamenaza\u00bb de \u00abinvasi\u00f3n\u00bb del mandatario estadounidense Donald&nbsp;Trump, quien pareci\u00f3 sugerir alg\u00fan tipo de intervenci\u00f3n de Washington contra la producci\u00f3n de&hellip; <\/p>\n","protected":false},"author":1,"featured_media":3315,"comment_status":"open","ping_status":"open","sticky":false,"template":"","format":"standard","meta":{"_jetpack_memberships_contains_paid_content":false,"footnotes":""},"categories":[1],"tags":[303,411,1272,166,1819],"class_list":["post-3309","post","type-post","status-publish","format-standard","has-post-thumbnail","hentry","category-categoria-internacionales","tag-amenaza","tag-colombia","tag-donaldtrump-2","tag-ee-uu-2","tag-invasion"],"yoast_head":"<!-- This site is optimized with the Yoast SEO plugin v26.9 - https:\/\/yoast.com\/product\/yoast-seo-wordpress\/ -->\n<title>Colombia denuncia una &quot;amenaza&quot; de &quot;invasi\u00f3n&quot; de Estados Unidos - EL GLOBAL INFORMATIVO<\/title>\n<meta name=\"robots\" content=\"index, follow, max-snippet:-1, max-image-preview:large, max-video-preview:-1\" \/>\n<link rel=\"canonical\" href=\"https:\/\/elglobal.do\/index.php\/2025\/10\/20\/colombia-denuncia-una-amenaza-de-invasion-de-estados-unidos\/\" \/>\n<meta property=\"og:locale\" content=\"es_ES\" \/>\n<meta property=\"og:type\" content=\"article\" \/>\n<meta property=\"og:title\" content=\"Colombia denuncia una &quot;amenaza&quot; de &quot;invasi\u00f3n&quot; de Estados Unidos - EL GLOBAL INFORMATIVO\" \/>\n<meta property=\"og:description\" content=\"Colombia.- El&nbsp;ministro del Interior&nbsp;de Colombia,&nbsp;Armando Benedetti, denunci\u00f3 este lunes una \u00abamenaza\u00bb de \u00abinvasi\u00f3n\u00bb del mandatario estadounidense Donald&nbsp;Trump, quien pareci\u00f3 sugerir alg\u00fan tipo de intervenci\u00f3n de Washington contra la producci\u00f3n de&hellip;\" \/>\n<meta property=\"og:url\" content=\"https:\/\/elglobal.do\/index.php\/2025\/10\/20\/colombia-denuncia-una-amenaza-de-invasion-de-estados-unidos\/\" \/>\n<meta property=\"og:site_name\" content=\"EL GLOBAL INFORMATIVO\" \/>\n<meta property=\"article:published_time\" content=\"2025-10-20T15:57:50+00:00\" \/>\n<meta property=\"article:modified_time\" content=\"2025-10-20T15:57:52+00:00\" \/>\n<meta property=\"og:image\" content=\"https:\/\/elglobal.do\/wp-content\/uploads\/2025\/10\/gustavo-e54f6813-focus-min0.05-0.42-896-504.jpg\" \/>\n\t<meta property=\"og:image:width\" content=\"896\" \/>\n\t<meta property=\"og:image:height\" content=\"504\" \/>\n\t<meta property=\"og:image:type\" content=\"image\/jpeg\" \/>\n<meta name=\"author\" content=\"EL GLOBAL\" \/>\n<meta name=\"twitter:card\" content=\"summary_large_image\" \/>\n<meta name=\"twitter:label1\" content=\"Escrito por\" \/>\n\t<meta name=\"twitter:data1\" content=\"EL GLOBAL\" \/>\n\t<meta name=\"twitter:label2\" content=\"Tiempo de lectura\" \/>\n\t<meta name=\"twitter:data2\" content=\"1 minuto\" \/>\n<script type=\"application\/ld+json\" class=\"yoast-schema-graph\">{\"@context\":\"https:\/\/schema.org\",\"@graph\":[{\"@type\":\"Article\",\"@id\":\"https:\/\/elglobal.do\/index.php\/2025\/10\/20\/colombia-denuncia-una-amenaza-de-invasion-de-estados-unidos\/#article\",\"isPartOf\":{\"@id\":\"https:\/\/elglobal.do\/index.php\/2025\/10\/20\/colombia-denuncia-una-amenaza-de-invasion-de-estados-unidos\/\"},\"author\":{\"name\":\"EL GLOBAL\",\"@id\":\"https:\/\/elglobal.do\/#\/schema\/person\/0c97ec2c7714fb605d230c292f64d55f\"},\"headline\":\"Colombia denuncia una \u00abamenaza\u00bb de \u00abinvasi\u00f3n\u00bb de Estados Unidos\",\"datePublished\":\"2025-10-20T15:57:50+00:00\",\"dateModified\":\"2025-10-20T15:57:52+00:00\",\"mainEntityOfPage\":{\"@id\":\"https:\/\/elglobal.do\/index.php\/2025\/10\/20\/colombia-denuncia-una-amenaza-de-invasion-de-estados-unidos\/\"},\"wordCount\":141,\"commentCount\":0,\"publisher\":{\"@id\":\"https:\/\/elglobal.do\/#organization\"},\"image\":{\"@id\":\"https:\/\/elglobal.do\/index.php\/2025\/10\/20\/colombia-denuncia-una-amenaza-de-invasion-de-estados-unidos\/#primaryimage\"},\"thumbnailUrl\":\"https:\/\/elglobal.do\/wp-content\/uploads\/2025\/10\/gustavo-e54f6813-focus-min0.05-0.42-896-504.jpg\",\"keywords\":[\"#Amenaza\",\"#Colombia\",\"#DonaldTrump\",\"#EE.UU\",\"#Invasi\u00f3n\"],\"articleSection\":[\"INTERNACIONALES\"],\"inLanguage\":\"es\",\"potentialAction\":[{\"@type\":\"CommentAction\",\"name\":\"Comment\",\"target\":[\"https:\/\/elglobal.do\/index.php\/2025\/10\/20\/colombia-denuncia-una-amenaza-de-invasion-de-estados-unidos\/#respond\"]}]},{\"@type\":\"WebPage\",\"@id\":\"https:\/\/elglobal.do\/index.php\/2025\/10\/20\/colombia-denuncia-una-amenaza-de-invasion-de-estados-unidos\/\",\"url\":\"https:\/\/elglobal.do\/index.php\/2025\/10\/20\/colombia-denuncia-una-amenaza-de-invasion-de-estados-unidos\/\",\"name\":\"Colombia denuncia una \\\"amenaza\\\" de \\\"invasi\u00f3n\\\" de Estados Unidos - EL GLOBAL INFORMATIVO\",\"isPartOf\":{\"@id\":\"https:\/\/elglobal.do\/#website\"},\"primaryImageOfPage\":{\"@id\":\"https:\/\/elglobal.do\/index.php\/2025\/10\/20\/colombia-denuncia-una-amenaza-de-invasion-de-estados-unidos\/#primaryimage\"},\"image\":{\"@id\":\"https:\/\/elglobal.do\/index.php\/2025\/10\/20\/colombia-denuncia-una-amenaza-de-invasion-de-estados-unidos\/#primaryimage\"},\"thumbnailUrl\":\"https:\/\/elglobal.do\/wp-content\/uploads\/2025\/10\/gustavo-e54f6813-focus-min0.05-0.42-896-504.jpg\",\"datePublished\":\"2025-10-20T15:57:50+00:00\",\"dateModified\":\"2025-10-20T15:57:52+00:00\",\"breadcrumb\":{\"@id\":\"https:\/\/elglobal.do\/index.php\/2025\/10\/20\/colombia-denuncia-una-amenaza-de-invasion-de-estados-unidos\/#breadcrumb\"},\"inLanguage\":\"es\",\"potentialAction\":[{\"@type\":\"ReadAction\",\"target\":[\"https:\/\/elglobal.do\/index.php\/2025\/10\/20\/colombia-denuncia-una-amenaza-de-invasion-de-estados-unidos\/\"]}]},{\"@type\":\"ImageObject\",\"inLanguage\":\"es\",\"@id\":\"https:\/\/elglobal.do\/index.php\/2025\/10\/20\/colombia-denuncia-una-amenaza-de-invasion-de-estados-unidos\/#primaryimage\",\"url\":\"https:\/\/elglobal.do\/wp-content\/uploads\/2025\/10\/gustavo-e54f6813-focus-min0.05-0.42-896-504.jpg\",\"contentUrl\":\"https:\/\/elglobal.do\/wp-content\/uploads\/2025\/10\/gustavo-e54f6813-focus-min0.05-0.42-896-504.jpg\",\"width\":896,\"height\":504},{\"@type\":\"BreadcrumbList\",\"@id\":\"https:\/\/elglobal.do\/index.php\/2025\/10\/20\/colombia-denuncia-una-amenaza-de-invasion-de-estados-unidos\/#breadcrumb\",\"itemListElement\":[{\"@type\":\"ListItem\",\"position\":1,\"name\":\"Portada\",\"item\":\"https:\/\/elglobal.do\/\"},{\"@type\":\"ListItem\",\"position\":2,\"name\":\"Colombia denuncia una \u00abamenaza\u00bb de \u00abinvasi\u00f3n\u00bb de Estados Unidos\"}]},{\"@type\":\"WebSite\",\"@id\":\"https:\/\/elglobal.do\/#website\",\"url\":\"https:\/\/elglobal.do\/\",\"name\":\"EL GLOBAL INFORMATIVO\",\"description\":\"Peri\u00f3dico digital de la Rep\u00fablica Dominicana que ofrece noticias, novedades, pol\u00edtica y las \u00faltimas actualidades, con informaci\u00f3n veraz y oportuna para mantenerte siempre informad\",\"publisher\":{\"@id\":\"https:\/\/elglobal.do\/#organization\"},\"potentialAction\":[{\"@type\":\"SearchAction\",\"target\":{\"@type\":\"EntryPoint\",\"urlTemplate\":\"https:\/\/elglobal.do\/?s={search_term_string}\"},\"query-input\":{\"@type\":\"PropertyValueSpecification\",\"valueRequired\":true,\"valueName\":\"search_term_string\"}}],\"inLanguage\":\"es\"},{\"@type\":\"Organization\",\"@id\":\"https:\/\/elglobal.do\/#organization\",\"name\":\"EL GLOBAL.DO INFORMATIVO\",\"url\":\"https:\/\/elglobal.do\/\",\"logo\":{\"@type\":\"ImageObject\",\"inLanguage\":\"es\",\"@id\":\"https:\/\/elglobal.do\/#\/schema\/logo\/image\/\",\"url\":\"https:\/\/elglobal.do\/wp-content\/uploads\/2025\/08\/icon.png\",\"contentUrl\":\"https:\/\/elglobal.do\/wp-content\/uploads\/2025\/08\/icon.png\",\"width\":512,\"height\":512,\"caption\":\"EL GLOBAL.DO INFORMATIVO\"},\"image\":{\"@id\":\"https:\/\/elglobal.do\/#\/schema\/logo\/image\/\"}},{\"@type\":\"Person\",\"@id\":\"https:\/\/elglobal.do\/#\/schema\/person\/0c97ec2c7714fb605d230c292f64d55f\",\"name\":\"EL GLOBAL\",\"image\":{\"@type\":\"ImageObject\",\"inLanguage\":\"es\",\"@id\":\"https:\/\/elglobal.do\/#\/schema\/person\/image\/\",\"url\":\"https:\/\/secure.gravatar.com\/avatar\/081cfb6cf99faddc6f4e23a0c11ab98c5cf302925382d1c88dc3ed757ab910a3?s=96&d=mm&r=g\",\"contentUrl\":\"https:\/\/secure.gravatar.com\/avatar\/081cfb6cf99faddc6f4e23a0c11ab98c5cf302925382d1c88dc3ed757ab910a3?s=96&d=mm&r=g\",\"caption\":\"EL GLOBAL\"},\"description\":\"El Global Informativo es un peri\u00f3dico digital de Rep\u00fablica Dominicana que se dedica a cubrir temas importantes, como la pol\u00edtica local, geopol\u00edtica, econom\u00eda, tecnolog\u00eda, noticias internacionales y eventos relacionados con la gesti\u00f3n social, cultural y humana. Su objetivo principal es mantener a la poblaci\u00f3n informada, ofreciendo una visi\u00f3n amplia y actualizada de lo que sucede tanto en el pa\u00eds como en el mundo. Est\u00e1 dirigido por un grupo de periodistas experimentados, lo que garantiza la calidad y la precisi\u00f3n de la informaci\u00f3n que ofrecen. Tiene su sede en la ciudad de Santo Domingo y es parte integral del portafolio de la empresa, MC Global S.R.L.\",\"sameAs\":[\"https:\/\/elglobal.do\",\"https:\/\/www.instagram.com\/elglobal.do_informativo\/\"],\"url\":\"https:\/\/elglobal.do\/index.php\/author\/elglobaluserpro\/\"}]}<\/script>\n<!-- \/ Yoast SEO plugin. -->","yoast_head_json":{"title":"Colombia denuncia una \"amenaza\" de \"invasi\u00f3n\" de Estados Unidos - EL GLOBAL INFORMATIVO","robots":{"index":"index","follow":"follow","max-snippet":"max-snippet:-1","max-image-preview":"max-image-preview:large","max-video-preview":"max-video-preview:-1"},"canonical":"https:\/\/elglobal.do\/index.php\/2025\/10\/20\/colombia-denuncia-una-amenaza-de-invasion-de-estados-unidos\/","og_locale":"es_ES","og_type":"article","og_title":"Colombia denuncia una \"amenaza\" de \"invasi\u00f3n\" de Estados Unidos - EL GLOBAL INFORMATIVO","og_description":"Colombia.- El&nbsp;ministro del Interior&nbsp;de Colombia,&nbsp;Armando Benedetti, denunci\u00f3 este lunes una \u00abamenaza\u00bb de \u00abinvasi\u00f3n\u00bb del mandatario estadounidense Donald&nbsp;Trump, quien pareci\u00f3 sugerir alg\u00fan tipo de intervenci\u00f3n de Washington contra la producci\u00f3n de&hellip;","og_url":"https:\/\/elglobal.do\/index.php\/2025\/10\/20\/colombia-denuncia-una-amenaza-de-invasion-de-estados-unidos\/","og_site_name":"EL GLOBAL INFORMATIVO","article_published_time":"2025-10-20T15:57:50+00:00","article_modified_time":"2025-10-20T15:57:52+00:00","og_image":[{"width":896,"height":504,"url":"https:\/\/elglobal.do\/wp-content\/uploads\/2025\/10\/gustavo-e54f6813-focus-min0.05-0.42-896-504.jpg","type":"image\/jpeg"}],"author":"EL GLOBAL","twitter_card":"summary_large_image","twitter_misc":{"Escrito por":"EL GLOBAL","Tiempo de lectura":"1 minuto"},"schema":{"@context":"https:\/\/schema.org","@graph":[{"@type":"Article","@id":"https:\/\/elglobal.do\/index.php\/2025\/10\/20\/colombia-denuncia-una-amenaza-de-invasion-de-estados-unidos\/#article","isPartOf":{"@id":"https:\/\/elglobal.do\/index.php\/2025\/10\/20\/colombia-denuncia-una-amenaza-de-invasion-de-estados-unidos\/"},"author":{"name":"EL GLOBAL","@id":"https:\/\/elglobal.do\/#\/schema\/person\/0c97ec2c7714fb605d230c292f64d55f"},"headline":"Colombia denuncia una \u00abamenaza\u00bb de \u00abinvasi\u00f3n\u00bb de Estados Unidos","datePublished":"2025-10-20T15:57:50+00:00","dateModified":"2025-10-20T15:57:52+00:00","mainEntityOfPage":{"@id":"https:\/\/elglobal.do\/index.php\/2025\/10\/20\/colombia-denuncia-una-amenaza-de-invasion-de-estados-unidos\/"},"wordCount":141,"commentCount":0,"publisher":{"@id":"https:\/\/elglobal.do\/#organization"},"image":{"@id":"https:\/\/elglobal.do\/index.php\/2025\/10\/20\/colombia-denuncia-una-amenaza-de-invasion-de-estados-unidos\/#primaryimage"},"thumbnailUrl":"https:\/\/elglobal.do\/wp-content\/uploads\/2025\/10\/gustavo-e54f6813-focus-min0.05-0.42-896-504.jpg","keywords":["#Amenaza","#Colombia","#DonaldTrump","#EE.UU","#Invasi\u00f3n"],"articleSection":["INTERNACIONALES"],"inLanguage":"es","potentialAction":[{"@type":"CommentAction","name":"Comment","target":["https:\/\/elglobal.do\/index.php\/2025\/10\/20\/colombia-denuncia-una-amenaza-de-invasion-de-estados-unidos\/#respond"]}]},{"@type":"WebPage","@id":"https:\/\/elglobal.do\/index.php\/2025\/10\/20\/colombia-denuncia-una-amenaza-de-invasion-de-estados-unidos\/","url":"https:\/\/elglobal.do\/index.php\/2025\/10\/20\/colombia-denuncia-una-amenaza-de-invasion-de-estados-unidos\/","name":"Colombia denuncia una \"amenaza\" de \"invasi\u00f3n\" de Estados Unidos - EL GLOBAL INFORMATIVO","isPartOf":{"@id":"https:\/\/elglobal.do\/#website"},"primaryImageOfPage":{"@id":"https:\/\/elglobal.do\/index.php\/2025\/10\/20\/colombia-denuncia-una-amenaza-de-invasion-de-estados-unidos\/#primaryimage"},"image":{"@id":"https:\/\/elglobal.do\/index.php\/2025\/10\/20\/colombia-denuncia-una-amenaza-de-invasion-de-estados-unidos\/#primaryimage"},"thumbnailUrl":"https:\/\/elglobal.do\/wp-content\/uploads\/2025\/10\/gustavo-e54f6813-focus-min0.05-0.42-896-504.jpg","datePublished":"2025-10-20T15:57:50+00:00","dateModified":"2025-10-20T15:57:52+00:00","breadcrumb":{"@id":"https:\/\/elglobal.do\/index.php\/2025\/10\/20\/colombia-denuncia-una-amenaza-de-invasion-de-estados-unidos\/#breadcrumb"},"inLanguage":"es","potentialAction":[{"@type":"ReadAction","target":["https:\/\/elglobal.do\/index.php\/2025\/10\/20\/colombia-denuncia-una-amenaza-de-invasion-de-estados-unidos\/"]}]},{"@type":"ImageObject","inLanguage":"es","@id":"https:\/\/elglobal.do\/index.php\/2025\/10\/20\/colombia-denuncia-una-amenaza-de-invasion-de-estados-unidos\/#primaryimage","url":"https:\/\/elglobal.do\/wp-content\/uploads\/2025\/10\/gustavo-e54f6813-focus-min0.05-0.42-896-504.jpg","contentUrl":"https:\/\/elglobal.do\/wp-content\/uploads\/2025\/10\/gustavo-e54f6813-focus-min0.05-0.42-896-504.jpg","width":896,"height":504},{"@type":"BreadcrumbList","@id":"https:\/\/elglobal.do\/index.php\/2025\/10\/20\/colombia-denuncia-una-amenaza-de-invasion-de-estados-unidos\/#breadcrumb","itemListElement":[{"@type":"ListItem","position":1,"name":"Portada","item":"https:\/\/elglobal.do\/"},{"@type":"ListItem","position":2,"name":"Colombia denuncia una \u00abamenaza\u00bb de \u00abinvasi\u00f3n\u00bb de Estados Unidos"}]},{"@type":"WebSite","@id":"https:\/\/elglobal.do\/#website","url":"https:\/\/elglobal.do\/","name":"EL GLOBAL INFORMATIVO","description":"Peri\u00f3dico digital de la Rep\u00fablica Dominicana que ofrece noticias, novedades, pol\u00edtica y las \u00faltimas actualidades, con informaci\u00f3n veraz y oportuna para mantenerte siempre informad","publisher":{"@id":"https:\/\/elglobal.do\/#organization"},"potentialAction":[{"@type":"SearchAction","target":{"@type":"EntryPoint","urlTemplate":"https:\/\/elglobal.do\/?s={search_term_string}"},"query-input":{"@type":"PropertyValueSpecification","valueRequired":true,"valueName":"search_term_string"}}],"inLanguage":"es"},{"@type":"Organization","@id":"https:\/\/elglobal.do\/#organization","name":"EL GLOBAL.DO INFORMATIVO","url":"https:\/\/elglobal.do\/","logo":{"@type":"ImageObject","inLanguage":"es","@id":"https:\/\/elglobal.do\/#\/schema\/logo\/image\/","url":"https:\/\/elglobal.do\/wp-content\/uploads\/2025\/08\/icon.png","contentUrl":"https:\/\/elglobal.do\/wp-content\/uploads\/2025\/08\/icon.png","width":512,"height":512,"caption":"EL GLOBAL.DO INFORMATIVO"},"image":{"@id":"https:\/\/elglobal.do\/#\/schema\/logo\/image\/"}},{"@type":"Person","@id":"https:\/\/elglobal.do\/#\/schema\/person\/0c97ec2c7714fb605d230c292f64d55f","name":"EL GLOBAL","image":{"@type":"ImageObject","inLanguage":"es","@id":"https:\/\/elglobal.do\/#\/schema\/person\/image\/","url":"https:\/\/secure.gravatar.com\/avatar\/081cfb6cf99faddc6f4e23a0c11ab98c5cf302925382d1c88dc3ed757ab910a3?s=96&d=mm&r=g","contentUrl":"https:\/\/secure.gravatar.com\/avatar\/081cfb6cf99faddc6f4e23a0c11ab98c5cf302925382d1c88dc3ed757ab910a3?s=96&d=mm&r=g","caption":"EL GLOBAL"},"description":"El Global Informativo es un peri\u00f3dico digital de Rep\u00fablica Dominicana que se dedica a cubrir temas importantes, como la pol\u00edtica local, geopol\u00edtica, econom\u00eda, tecnolog\u00eda, noticias internacionales y eventos relacionados con la gesti\u00f3n social, cultural y humana. Su objetivo principal es mantener a la poblaci\u00f3n informada, ofreciendo una visi\u00f3n amplia y actualizada de lo que sucede tanto en el pa\u00eds como en el mundo. Est\u00e1 dirigido por un grupo de periodistas experimentados, lo que garantiza la calidad y la precisi\u00f3n de la informaci\u00f3n que ofrecen. Tiene su sede en la ciudad de Santo Domingo y es parte integral del portafolio de la empresa, MC Global S.R.L.","sameAs":["https:\/\/elglobal.do","https:\/\/www.instagram.com\/elglobal.do_informativo\/"],"url":"https:\/\/elglobal.do\/index.php\/author\/elglobaluserpro\/"}]}},"jetpack_featured_media_url":"https:\/\/elglobal.do\/wp-content\/uploads\/2025\/10\/gustavo-e54f6813-focus-min0.05-0.42-896-504.jpg","jetpack_sharing_enabled":true,"_links":{"self":[{"href":"https:\/\/elglobal.do\/index.php\/wp-json\/wp\/v2\/posts\/3309","targetHints":{"allow":["GET"]}}],"collection":[{"href":"https:\/\/elglobal.do\/index.php\/wp-json\/wp\/v2\/posts"}],"about":[{"href":"https:\/\/elglobal.do\/index.php\/wp-json\/wp\/v2\/types\/post"}],"author":[{"embeddable":true,"href":"https:\/\/elglobal.do\/index.php\/wp-json\/wp\/v2\/users\/1"}],"replies":[{"embeddable":true,"href":"https:\/\/elglobal.do\/index.php\/wp-json\/wp\/v2\/comments?post=3309"}],"version-history":[{"count":1,"href":"https:\/\/elglobal.do\/index.php\/wp-json\/wp\/v2\/posts\/3309\/revisions"}],"predecessor-version":[{"id":3316,"href":"https:\/\/elglobal.do\/index.php\/wp-json\/wp\/v2\/posts\/3309\/revisions\/3316"}],"wp:featuredmedia":[{"embeddable":true,"href":"https:\/\/elglobal.do\/index.php\/wp-json\/wp\/v2\/media\/3315"}],"wp:attachment":[{"href":"https:\/\/elglobal.do\/index.php\/wp-json\/wp\/v2\/media?parent=3309"}],"wp:term":[{"taxonomy":"category","embeddable":true,"href":"https:\/\/elglobal.do\/index.php\/wp-json\/wp\/v2\/categories?post=3309"},{"taxonomy":"post_tag","embeddable":true,"href":"https:\/\/elglobal.do\/index.php\/wp-json\/wp\/v2\/tags?post=3309"}],"curies":[{"name":"wp","href":"https:\/\/api.w.org\/{rel}","templated":true}]}}