{"id":3370,"date":"2025-10-21T12:31:39","date_gmt":"2025-10-21T16:31:39","guid":{"rendered":"https:\/\/elglobal.do\/?p=3370"},"modified":"2025-10-21T12:31:42","modified_gmt":"2025-10-21T16:31:42","slug":"minerd-activa-protocolos-de-emergencia-ante-pronosticos-de-lluvias-por-onda-tropical","status":"publish","type":"post","link":"https:\/\/elglobal.do\/index.php\/2025\/10\/21\/minerd-activa-protocolos-de-emergencia-ante-pronosticos-de-lluvias-por-onda-tropical\/","title":{"rendered":"MINERD activa protocolos de emergencia ante pron\u00f3sticos de lluvias por onda tropical"},"content":{"rendered":"\n<figure class=\"wp-block-image size-large\"><img loading=\"lazy\" decoding=\"async\" width=\"1024\" height=\"576\" src=\"https:\/\/elglobal.do\/wp-content\/uploads\/2025\/10\/image-111-1024x576.png\" alt=\"\" class=\"wp-image-3371\" srcset=\"https:\/\/elglobal.do\/wp-content\/uploads\/2025\/10\/image-111-1024x576.png 1024w, https:\/\/elglobal.do\/wp-content\/uploads\/2025\/10\/image-111-300x169.png 300w, https:\/\/elglobal.do\/wp-content\/uploads\/2025\/10\/image-111-768x432.png 768w, https:\/\/elglobal.do\/wp-content\/uploads\/2025\/10\/image-111.png 1300w\" sizes=\"auto, (max-width: 1024px) 100vw, 1024px\" \/><\/figure>\n\n\n\n<p><strong>Santo Domingo.-<\/strong> El Ministerio de Educaci\u00f3n de la Rep\u00fablica Dominicana <strong>(MINERD) <\/strong>inform\u00f3 este martes que mantiene activos sus protocolos de emergencia ante los pron\u00f3sticos de lluvias que afectar\u00e1n gran parte del territorio nacional como consecuencia del paso de una onda tropical.<\/p>\n\n\n\n<p>La instituci\u00f3n explic\u00f3 que todos los centros educativos del pa\u00eds cuentan con los procedimientos establecidos para actuar de manera oportuna y garantizar la seguridad e integridad de la comunidad educativa, en especial de estudiantes, docentes y personal administrativo.<\/p>\n\n\n\n<p>El MINERD destac\u00f3 que las direcciones regionales y distritales se encuentran en comunicaci\u00f3n permanente con los organismos de protecci\u00f3n civil y las autoridades locales, con el fin de coordinar cualquier medida preventiva o de respuesta inmediata que sea necesaria.<\/p>\n\n\n\n<p>Asimismo, la entidad reiter\u00f3 su compromiso de salvaguardar la vida y el bienestar de la poblaci\u00f3n escolar, al tiempo que exhort\u00f3 a toda la comunidad educativa a mantenerse atenta a las informaciones oficiales emitidas por las autoridades competentes.<\/p>\n\n\n\n<p>El Ministerio subray\u00f3 que continuar\u00e1 monitoreando la evoluci\u00f3n de las condiciones meteorol\u00f3gicas y adoptar\u00e1, en coordinaci\u00f3n con las instituciones correspondientes, las disposiciones que garanticen el desarrollo seguro de las actividades escolares.<\/p>\n\n\n\n<p><\/p>\n","protected":false},"excerpt":{"rendered":"<p>Santo Domingo.- El Ministerio de Educaci\u00f3n de la Rep\u00fablica Dominicana (MINERD) inform\u00f3 este martes que mantiene activos sus protocolos de emergencia ante los pron\u00f3sticos de lluvias que afectar\u00e1n gran parte&hellip; <\/p>\n","protected":false},"author":1,"featured_media":3371,"comment_status":"open","ping_status":"open","sticky":false,"template":"","format":"standard","meta":{"_jetpack_memberships_contains_paid_content":false,"footnotes":""},"categories":[329,40,14],"tags":[393,217,159,835,1837],"class_list":["post-3370","post","type-post","status-publish","format-standard","has-post-thumbnail","hentry","category-educacion-nacionales","category-nacionales","category-slider","tag-emergencia","tag-lluvias","tag-minerd","tag-ondatropical","tag-protocolos"],"yoast_head":"<!-- This site is optimized with the Yoast SEO plugin v26.9 - https:\/\/yoast.com\/product\/yoast-seo-wordpress\/ -->\n<title>MINERD activa protocolos de emergencia ante pron\u00f3sticos de lluvias por onda tropical - EL GLOBAL INFORMATIVO<\/title>\n<meta name=\"robots\" content=\"index, follow, max-snippet:-1, max-image-preview:large, max-video-preview:-1\" \/>\n<link rel=\"canonical\" href=\"https:\/\/elglobal.do\/index.php\/2025\/10\/21\/minerd-activa-protocolos-de-emergencia-ante-pronosticos-de-lluvias-por-onda-tropical\/\" \/>\n<meta property=\"og:locale\" content=\"es_ES\" \/>\n<meta property=\"og:type\" content=\"article\" \/>\n<meta property=\"og:title\" content=\"MINERD activa protocolos de emergencia ante pron\u00f3sticos de lluvias por onda tropical - EL GLOBAL INFORMATIVO\" \/>\n<meta property=\"og:description\" content=\"Santo Domingo.- El Ministerio de Educaci\u00f3n de la Rep\u00fablica Dominicana (MINERD) inform\u00f3 este martes que mantiene activos sus protocolos de emergencia ante los pron\u00f3sticos de lluvias que afectar\u00e1n gran parte&hellip;\" \/>\n<meta property=\"og:url\" content=\"https:\/\/elglobal.do\/index.php\/2025\/10\/21\/minerd-activa-protocolos-de-emergencia-ante-pronosticos-de-lluvias-por-onda-tropical\/\" \/>\n<meta property=\"og:site_name\" content=\"EL GLOBAL INFORMATIVO\" \/>\n<meta property=\"article:published_time\" content=\"2025-10-21T16:31:39+00:00\" \/>\n<meta property=\"article:modified_time\" content=\"2025-10-21T16:31:42+00:00\" \/>\n<meta property=\"og:image\" content=\"https:\/\/elglobal.do\/wp-content\/uploads\/2025\/10\/image-111.png\" \/>\n\t<meta property=\"og:image:width\" content=\"1300\" \/>\n\t<meta property=\"og:image:height\" content=\"731\" \/>\n\t<meta property=\"og:image:type\" content=\"image\/png\" \/>\n<meta name=\"author\" content=\"EL GLOBAL\" \/>\n<meta name=\"twitter:card\" content=\"summary_large_image\" \/>\n<meta name=\"twitter:label1\" content=\"Escrito por\" \/>\n\t<meta name=\"twitter:data1\" content=\"EL GLOBAL\" \/>\n\t<meta name=\"twitter:label2\" content=\"Tiempo de lectura\" \/>\n\t<meta name=\"twitter:data2\" content=\"2 minutos\" \/>\n<script type=\"application\/ld+json\" class=\"yoast-schema-graph\">{\"@context\":\"https:\/\/schema.org\",\"@graph\":[{\"@type\":\"Article\",\"@id\":\"https:\/\/elglobal.do\/index.php\/2025\/10\/21\/minerd-activa-protocolos-de-emergencia-ante-pronosticos-de-lluvias-por-onda-tropical\/#article\",\"isPartOf\":{\"@id\":\"https:\/\/elglobal.do\/index.php\/2025\/10\/21\/minerd-activa-protocolos-de-emergencia-ante-pronosticos-de-lluvias-por-onda-tropical\/\"},\"author\":{\"name\":\"EL GLOBAL\",\"@id\":\"https:\/\/elglobal.do\/#\/schema\/person\/0c97ec2c7714fb605d230c292f64d55f\"},\"headline\":\"MINERD activa protocolos de emergencia ante pron\u00f3sticos de lluvias por onda tropical\",\"datePublished\":\"2025-10-21T16:31:39+00:00\",\"dateModified\":\"2025-10-21T16:31:42+00:00\",\"mainEntityOfPage\":{\"@id\":\"https:\/\/elglobal.do\/index.php\/2025\/10\/21\/minerd-activa-protocolos-de-emergencia-ante-pronosticos-de-lluvias-por-onda-tropical\/\"},\"wordCount\":213,\"commentCount\":0,\"publisher\":{\"@id\":\"https:\/\/elglobal.do\/#organization\"},\"image\":{\"@id\":\"https:\/\/elglobal.do\/index.php\/2025\/10\/21\/minerd-activa-protocolos-de-emergencia-ante-pronosticos-de-lluvias-por-onda-tropical\/#primaryimage\"},\"thumbnailUrl\":\"https:\/\/elglobal.do\/wp-content\/uploads\/2025\/10\/image-111.png\",\"keywords\":[\"#emergencia\",\"#lluvias\",\"#MINERD\",\"#Ondatropical\",\"#Protocolos\"],\"articleSection\":[\"EDUCACI\u00d3N\",\"NACIONALES\",\"NOTICIAS RELEVANTES\"],\"inLanguage\":\"es\",\"potentialAction\":[{\"@type\":\"CommentAction\",\"name\":\"Comment\",\"target\":[\"https:\/\/elglobal.do\/index.php\/2025\/10\/21\/minerd-activa-protocolos-de-emergencia-ante-pronosticos-de-lluvias-por-onda-tropical\/#respond\"]}]},{\"@type\":\"WebPage\",\"@id\":\"https:\/\/elglobal.do\/index.php\/2025\/10\/21\/minerd-activa-protocolos-de-emergencia-ante-pronosticos-de-lluvias-por-onda-tropical\/\",\"url\":\"https:\/\/elglobal.do\/index.php\/2025\/10\/21\/minerd-activa-protocolos-de-emergencia-ante-pronosticos-de-lluvias-por-onda-tropical\/\",\"name\":\"MINERD activa protocolos de emergencia ante pron\u00f3sticos de lluvias por onda tropical - EL GLOBAL INFORMATIVO\",\"isPartOf\":{\"@id\":\"https:\/\/elglobal.do\/#website\"},\"primaryImageOfPage\":{\"@id\":\"https:\/\/elglobal.do\/index.php\/2025\/10\/21\/minerd-activa-protocolos-de-emergencia-ante-pronosticos-de-lluvias-por-onda-tropical\/#primaryimage\"},\"image\":{\"@id\":\"https:\/\/elglobal.do\/index.php\/2025\/10\/21\/minerd-activa-protocolos-de-emergencia-ante-pronosticos-de-lluvias-por-onda-tropical\/#primaryimage\"},\"thumbnailUrl\":\"https:\/\/elglobal.do\/wp-content\/uploads\/2025\/10\/image-111.png\",\"datePublished\":\"2025-10-21T16:31:39+00:00\",\"dateModified\":\"2025-10-21T16:31:42+00:00\",\"breadcrumb\":{\"@id\":\"https:\/\/elglobal.do\/index.php\/2025\/10\/21\/minerd-activa-protocolos-de-emergencia-ante-pronosticos-de-lluvias-por-onda-tropical\/#breadcrumb\"},\"inLanguage\":\"es\",\"potentialAction\":[{\"@type\":\"ReadAction\",\"target\":[\"https:\/\/elglobal.do\/index.php\/2025\/10\/21\/minerd-activa-protocolos-de-emergencia-ante-pronosticos-de-lluvias-por-onda-tropical\/\"]}]},{\"@type\":\"ImageObject\",\"inLanguage\":\"es\",\"@id\":\"https:\/\/elglobal.do\/index.php\/2025\/10\/21\/minerd-activa-protocolos-de-emergencia-ante-pronosticos-de-lluvias-por-onda-tropical\/#primaryimage\",\"url\":\"https:\/\/elglobal.do\/wp-content\/uploads\/2025\/10\/image-111.png\",\"contentUrl\":\"https:\/\/elglobal.do\/wp-content\/uploads\/2025\/10\/image-111.png\",\"width\":1300,\"height\":731},{\"@type\":\"BreadcrumbList\",\"@id\":\"https:\/\/elglobal.do\/index.php\/2025\/10\/21\/minerd-activa-protocolos-de-emergencia-ante-pronosticos-de-lluvias-por-onda-tropical\/#breadcrumb\",\"itemListElement\":[{\"@type\":\"ListItem\",\"position\":1,\"name\":\"Portada\",\"item\":\"https:\/\/elglobal.do\/\"},{\"@type\":\"ListItem\",\"position\":2,\"name\":\"MINERD activa protocolos de emergencia ante pron\u00f3sticos de lluvias por onda tropical\"}]},{\"@type\":\"WebSite\",\"@id\":\"https:\/\/elglobal.do\/#website\",\"url\":\"https:\/\/elglobal.do\/\",\"name\":\"EL GLOBAL INFORMATIVO\",\"description\":\"Peri\u00f3dico digital de la Rep\u00fablica Dominicana que ofrece noticias, novedades, pol\u00edtica y las \u00faltimas actualidades, con informaci\u00f3n veraz y oportuna para mantenerte siempre informad\",\"publisher\":{\"@id\":\"https:\/\/elglobal.do\/#organization\"},\"potentialAction\":[{\"@type\":\"SearchAction\",\"target\":{\"@type\":\"EntryPoint\",\"urlTemplate\":\"https:\/\/elglobal.do\/?s={search_term_string}\"},\"query-input\":{\"@type\":\"PropertyValueSpecification\",\"valueRequired\":true,\"valueName\":\"search_term_string\"}}],\"inLanguage\":\"es\"},{\"@type\":\"Organization\",\"@id\":\"https:\/\/elglobal.do\/#organization\",\"name\":\"EL GLOBAL.DO INFORMATIVO\",\"url\":\"https:\/\/elglobal.do\/\",\"logo\":{\"@type\":\"ImageObject\",\"inLanguage\":\"es\",\"@id\":\"https:\/\/elglobal.do\/#\/schema\/logo\/image\/\",\"url\":\"https:\/\/elglobal.do\/wp-content\/uploads\/2025\/08\/icon.png\",\"contentUrl\":\"https:\/\/elglobal.do\/wp-content\/uploads\/2025\/08\/icon.png\",\"width\":512,\"height\":512,\"caption\":\"EL GLOBAL.DO INFORMATIVO\"},\"image\":{\"@id\":\"https:\/\/elglobal.do\/#\/schema\/logo\/image\/\"}},{\"@type\":\"Person\",\"@id\":\"https:\/\/elglobal.do\/#\/schema\/person\/0c97ec2c7714fb605d230c292f64d55f\",\"name\":\"EL GLOBAL\",\"image\":{\"@type\":\"ImageObject\",\"inLanguage\":\"es\",\"@id\":\"https:\/\/elglobal.do\/#\/schema\/person\/image\/\",\"url\":\"https:\/\/secure.gravatar.com\/avatar\/081cfb6cf99faddc6f4e23a0c11ab98c5cf302925382d1c88dc3ed757ab910a3?s=96&d=mm&r=g\",\"contentUrl\":\"https:\/\/secure.gravatar.com\/avatar\/081cfb6cf99faddc6f4e23a0c11ab98c5cf302925382d1c88dc3ed757ab910a3?s=96&d=mm&r=g\",\"caption\":\"EL GLOBAL\"},\"description\":\"El Global Informativo es un peri\u00f3dico digital de Rep\u00fablica Dominicana que se dedica a cubrir temas importantes, como la pol\u00edtica local, geopol\u00edtica, econom\u00eda, tecnolog\u00eda, noticias internacionales y eventos relacionados con la gesti\u00f3n social, cultural y humana. Su objetivo principal es mantener a la poblaci\u00f3n informada, ofreciendo una visi\u00f3n amplia y actualizada de lo que sucede tanto en el pa\u00eds como en el mundo. Est\u00e1 dirigido por un grupo de periodistas experimentados, lo que garantiza la calidad y la precisi\u00f3n de la informaci\u00f3n que ofrecen. Tiene su sede en la ciudad de Santo Domingo y es parte integral del portafolio de la empresa, MC Global S.R.L.\",\"sameAs\":[\"https:\/\/elglobal.do\",\"https:\/\/www.instagram.com\/elglobal.do_informativo\/\"],\"url\":\"https:\/\/elglobal.do\/index.php\/author\/elglobaluserpro\/\"}]}<\/script>\n<!-- \/ Yoast SEO plugin. -->","yoast_head_json":{"title":"MINERD activa protocolos de emergencia ante pron\u00f3sticos de lluvias por onda tropical - EL GLOBAL INFORMATIVO","robots":{"index":"index","follow":"follow","max-snippet":"max-snippet:-1","max-image-preview":"max-image-preview:large","max-video-preview":"max-video-preview:-1"},"canonical":"https:\/\/elglobal.do\/index.php\/2025\/10\/21\/minerd-activa-protocolos-de-emergencia-ante-pronosticos-de-lluvias-por-onda-tropical\/","og_locale":"es_ES","og_type":"article","og_title":"MINERD activa protocolos de emergencia ante pron\u00f3sticos de lluvias por onda tropical - EL GLOBAL INFORMATIVO","og_description":"Santo Domingo.- El Ministerio de Educaci\u00f3n de la Rep\u00fablica Dominicana (MINERD) inform\u00f3 este martes que mantiene activos sus protocolos de emergencia ante los pron\u00f3sticos de lluvias que afectar\u00e1n gran parte&hellip;","og_url":"https:\/\/elglobal.do\/index.php\/2025\/10\/21\/minerd-activa-protocolos-de-emergencia-ante-pronosticos-de-lluvias-por-onda-tropical\/","og_site_name":"EL GLOBAL INFORMATIVO","article_published_time":"2025-10-21T16:31:39+00:00","article_modified_time":"2025-10-21T16:31:42+00:00","og_image":[{"width":1300,"height":731,"url":"https:\/\/elglobal.do\/wp-content\/uploads\/2025\/10\/image-111.png","type":"image\/png"}],"author":"EL GLOBAL","twitter_card":"summary_large_image","twitter_misc":{"Escrito por":"EL GLOBAL","Tiempo de lectura":"2 minutos"},"schema":{"@context":"https:\/\/schema.org","@graph":[{"@type":"Article","@id":"https:\/\/elglobal.do\/index.php\/2025\/10\/21\/minerd-activa-protocolos-de-emergencia-ante-pronosticos-de-lluvias-por-onda-tropical\/#article","isPartOf":{"@id":"https:\/\/elglobal.do\/index.php\/2025\/10\/21\/minerd-activa-protocolos-de-emergencia-ante-pronosticos-de-lluvias-por-onda-tropical\/"},"author":{"name":"EL GLOBAL","@id":"https:\/\/elglobal.do\/#\/schema\/person\/0c97ec2c7714fb605d230c292f64d55f"},"headline":"MINERD activa protocolos de emergencia ante pron\u00f3sticos de lluvias por onda tropical","datePublished":"2025-10-21T16:31:39+00:00","dateModified":"2025-10-21T16:31:42+00:00","mainEntityOfPage":{"@id":"https:\/\/elglobal.do\/index.php\/2025\/10\/21\/minerd-activa-protocolos-de-emergencia-ante-pronosticos-de-lluvias-por-onda-tropical\/"},"wordCount":213,"commentCount":0,"publisher":{"@id":"https:\/\/elglobal.do\/#organization"},"image":{"@id":"https:\/\/elglobal.do\/index.php\/2025\/10\/21\/minerd-activa-protocolos-de-emergencia-ante-pronosticos-de-lluvias-por-onda-tropical\/#primaryimage"},"thumbnailUrl":"https:\/\/elglobal.do\/wp-content\/uploads\/2025\/10\/image-111.png","keywords":["#emergencia","#lluvias","#MINERD","#Ondatropical","#Protocolos"],"articleSection":["EDUCACI\u00d3N","NACIONALES","NOTICIAS RELEVANTES"],"inLanguage":"es","potentialAction":[{"@type":"CommentAction","name":"Comment","target":["https:\/\/elglobal.do\/index.php\/2025\/10\/21\/minerd-activa-protocolos-de-emergencia-ante-pronosticos-de-lluvias-por-onda-tropical\/#respond"]}]},{"@type":"WebPage","@id":"https:\/\/elglobal.do\/index.php\/2025\/10\/21\/minerd-activa-protocolos-de-emergencia-ante-pronosticos-de-lluvias-por-onda-tropical\/","url":"https:\/\/elglobal.do\/index.php\/2025\/10\/21\/minerd-activa-protocolos-de-emergencia-ante-pronosticos-de-lluvias-por-onda-tropical\/","name":"MINERD activa protocolos de emergencia ante pron\u00f3sticos de lluvias por onda tropical - EL GLOBAL INFORMATIVO","isPartOf":{"@id":"https:\/\/elglobal.do\/#website"},"primaryImageOfPage":{"@id":"https:\/\/elglobal.do\/index.php\/2025\/10\/21\/minerd-activa-protocolos-de-emergencia-ante-pronosticos-de-lluvias-por-onda-tropical\/#primaryimage"},"image":{"@id":"https:\/\/elglobal.do\/index.php\/2025\/10\/21\/minerd-activa-protocolos-de-emergencia-ante-pronosticos-de-lluvias-por-onda-tropical\/#primaryimage"},"thumbnailUrl":"https:\/\/elglobal.do\/wp-content\/uploads\/2025\/10\/image-111.png","datePublished":"2025-10-21T16:31:39+00:00","dateModified":"2025-10-21T16:31:42+00:00","breadcrumb":{"@id":"https:\/\/elglobal.do\/index.php\/2025\/10\/21\/minerd-activa-protocolos-de-emergencia-ante-pronosticos-de-lluvias-por-onda-tropical\/#breadcrumb"},"inLanguage":"es","potentialAction":[{"@type":"ReadAction","target":["https:\/\/elglobal.do\/index.php\/2025\/10\/21\/minerd-activa-protocolos-de-emergencia-ante-pronosticos-de-lluvias-por-onda-tropical\/"]}]},{"@type":"ImageObject","inLanguage":"es","@id":"https:\/\/elglobal.do\/index.php\/2025\/10\/21\/minerd-activa-protocolos-de-emergencia-ante-pronosticos-de-lluvias-por-onda-tropical\/#primaryimage","url":"https:\/\/elglobal.do\/wp-content\/uploads\/2025\/10\/image-111.png","contentUrl":"https:\/\/elglobal.do\/wp-content\/uploads\/2025\/10\/image-111.png","width":1300,"height":731},{"@type":"BreadcrumbList","@id":"https:\/\/elglobal.do\/index.php\/2025\/10\/21\/minerd-activa-protocolos-de-emergencia-ante-pronosticos-de-lluvias-por-onda-tropical\/#breadcrumb","itemListElement":[{"@type":"ListItem","position":1,"name":"Portada","item":"https:\/\/elglobal.do\/"},{"@type":"ListItem","position":2,"name":"MINERD activa protocolos de emergencia ante pron\u00f3sticos de lluvias por onda tropical"}]},{"@type":"WebSite","@id":"https:\/\/elglobal.do\/#website","url":"https:\/\/elglobal.do\/","name":"EL GLOBAL INFORMATIVO","description":"Peri\u00f3dico digital de la Rep\u00fablica Dominicana que ofrece noticias, novedades, pol\u00edtica y las \u00faltimas actualidades, con informaci\u00f3n veraz y oportuna para mantenerte siempre informad","publisher":{"@id":"https:\/\/elglobal.do\/#organization"},"potentialAction":[{"@type":"SearchAction","target":{"@type":"EntryPoint","urlTemplate":"https:\/\/elglobal.do\/?s={search_term_string}"},"query-input":{"@type":"PropertyValueSpecification","valueRequired":true,"valueName":"search_term_string"}}],"inLanguage":"es"},{"@type":"Organization","@id":"https:\/\/elglobal.do\/#organization","name":"EL GLOBAL.DO INFORMATIVO","url":"https:\/\/elglobal.do\/","logo":{"@type":"ImageObject","inLanguage":"es","@id":"https:\/\/elglobal.do\/#\/schema\/logo\/image\/","url":"https:\/\/elglobal.do\/wp-content\/uploads\/2025\/08\/icon.png","contentUrl":"https:\/\/elglobal.do\/wp-content\/uploads\/2025\/08\/icon.png","width":512,"height":512,"caption":"EL GLOBAL.DO INFORMATIVO"},"image":{"@id":"https:\/\/elglobal.do\/#\/schema\/logo\/image\/"}},{"@type":"Person","@id":"https:\/\/elglobal.do\/#\/schema\/person\/0c97ec2c7714fb605d230c292f64d55f","name":"EL GLOBAL","image":{"@type":"ImageObject","inLanguage":"es","@id":"https:\/\/elglobal.do\/#\/schema\/person\/image\/","url":"https:\/\/secure.gravatar.com\/avatar\/081cfb6cf99faddc6f4e23a0c11ab98c5cf302925382d1c88dc3ed757ab910a3?s=96&d=mm&r=g","contentUrl":"https:\/\/secure.gravatar.com\/avatar\/081cfb6cf99faddc6f4e23a0c11ab98c5cf302925382d1c88dc3ed757ab910a3?s=96&d=mm&r=g","caption":"EL GLOBAL"},"description":"El Global Informativo es un peri\u00f3dico digital de Rep\u00fablica Dominicana que se dedica a cubrir temas importantes, como la pol\u00edtica local, geopol\u00edtica, econom\u00eda, tecnolog\u00eda, noticias internacionales y eventos relacionados con la gesti\u00f3n social, cultural y humana. Su objetivo principal es mantener a la poblaci\u00f3n informada, ofreciendo una visi\u00f3n amplia y actualizada de lo que sucede tanto en el pa\u00eds como en el mundo. Est\u00e1 dirigido por un grupo de periodistas experimentados, lo que garantiza la calidad y la precisi\u00f3n de la informaci\u00f3n que ofrecen. Tiene su sede en la ciudad de Santo Domingo y es parte integral del portafolio de la empresa, MC Global S.R.L.","sameAs":["https:\/\/elglobal.do","https:\/\/www.instagram.com\/elglobal.do_informativo\/"],"url":"https:\/\/elglobal.do\/index.php\/author\/elglobaluserpro\/"}]}},"jetpack_featured_media_url":"https:\/\/elglobal.do\/wp-content\/uploads\/2025\/10\/image-111.png","jetpack_sharing_enabled":true,"_links":{"self":[{"href":"https:\/\/elglobal.do\/index.php\/wp-json\/wp\/v2\/posts\/3370","targetHints":{"allow":["GET"]}}],"collection":[{"href":"https:\/\/elglobal.do\/index.php\/wp-json\/wp\/v2\/posts"}],"about":[{"href":"https:\/\/elglobal.do\/index.php\/wp-json\/wp\/v2\/types\/post"}],"author":[{"embeddable":true,"href":"https:\/\/elglobal.do\/index.php\/wp-json\/wp\/v2\/users\/1"}],"replies":[{"embeddable":true,"href":"https:\/\/elglobal.do\/index.php\/wp-json\/wp\/v2\/comments?post=3370"}],"version-history":[{"count":1,"href":"https:\/\/elglobal.do\/index.php\/wp-json\/wp\/v2\/posts\/3370\/revisions"}],"predecessor-version":[{"id":3373,"href":"https:\/\/elglobal.do\/index.php\/wp-json\/wp\/v2\/posts\/3370\/revisions\/3373"}],"wp:featuredmedia":[{"embeddable":true,"href":"https:\/\/elglobal.do\/index.php\/wp-json\/wp\/v2\/media\/3371"}],"wp:attachment":[{"href":"https:\/\/elglobal.do\/index.php\/wp-json\/wp\/v2\/media?parent=3370"}],"wp:term":[{"taxonomy":"category","embeddable":true,"href":"https:\/\/elglobal.do\/index.php\/wp-json\/wp\/v2\/categories?post=3370"},{"taxonomy":"post_tag","embeddable":true,"href":"https:\/\/elglobal.do\/index.php\/wp-json\/wp\/v2\/tags?post=3370"}],"curies":[{"name":"wp","href":"https:\/\/api.w.org\/{rel}","templated":true}]}}