{"id":3426,"date":"2025-10-23T09:40:54","date_gmt":"2025-10-23T13:40:54","guid":{"rendered":"https:\/\/elglobal.do\/?p=3426"},"modified":"2025-10-23T09:40:58","modified_gmt":"2025-10-23T13:40:58","slug":"el-colera-acecha-nuevamente-a-haiti-tras-un-repunte-de-los-casos","status":"publish","type":"post","link":"https:\/\/elglobal.do\/index.php\/2025\/10\/23\/el-colera-acecha-nuevamente-a-haiti-tras-un-repunte-de-los-casos\/","title":{"rendered":"El c\u00f3lera acecha nuevamente a Hait\u00ed tras un repunte de los casos"},"content":{"rendered":"\n<figure class=\"wp-block-image size-large is-resized\"><img loading=\"lazy\" decoding=\"async\" width=\"1024\" height=\"683\" src=\"https:\/\/elglobal.do\/wp-content\/uploads\/2025\/10\/image-123-1024x683.png\" alt=\"\" class=\"wp-image-3427\" style=\"width:573px;height:auto\" srcset=\"https:\/\/elglobal.do\/wp-content\/uploads\/2025\/10\/image-123-1024x683.png 1024w, https:\/\/elglobal.do\/wp-content\/uploads\/2025\/10\/image-123-300x200.png 300w, https:\/\/elglobal.do\/wp-content\/uploads\/2025\/10\/image-123-768x512.png 768w, https:\/\/elglobal.do\/wp-content\/uploads\/2025\/10\/image-123-1536x1024.png 1536w, https:\/\/elglobal.do\/wp-content\/uploads\/2025\/10\/image-123.png 1920w\" sizes=\"auto, (max-width: 1024px) 100vw, 1024px\" \/><\/figure>\n\n\n\n<p><strong>Hait\u00ed<\/strong>.-<strong>Hait\u00ed<\/strong>\u00a0enfrenta un\u00a0<strong>nuevo brote de c\u00f3lera<\/strong>, con\u00a0<strong>17 muertes confirmadas<\/strong>\u00a0desde la\u00a0<strong>segunda semana de septiembre<\/strong>, que podr\u00edan aumentar por la\u00a0<strong>falta de condiciones<\/strong>\u00a0sanitarias y las\u00a0<strong>lluvias<\/strong>\u00a0que se esperan estos d\u00edas en un contexto de extrema\u00a0<strong>vulnerabilidad<\/strong>\u00a0con 1.4 millones de desplazados internos a causa de la\u00a0<strong>violencia<\/strong>\u00a0que imponen las sangrientas\u00a0<strong>bandas armadas<\/strong>.<\/p>\n\n\n\n<p>Varios&nbsp;<strong>municipios del departamento del Oeste<\/strong>, entre ellos&nbsp;<strong>P\u00e9tion-Ville<\/strong>, situado en la parte alta de Puerto Pr\u00edncipe, se enfrentan desde el mes pasado a un repunte de los casos de&nbsp;<strong>c\u00f3lera<\/strong>, que hab\u00edan disminuido considerablemente en los dos \u00faltimos a\u00f1os tras el&nbsp;<strong>brote<\/strong>&nbsp;declarado en octubre de 2022 que caus\u00f3 m\u00e1s de 700 muertos.<\/p>\n\n\n\n<p><strong>Hait\u00ed<\/strong>&nbsp;experiment\u00f3 el&nbsp;<strong>primer brote de c\u00f3lera<\/strong>&nbsp;en&nbsp;<strong>octubre de 2010<\/strong>, el cual afect\u00f3 a m\u00e1s de 820,000 personas y caus\u00f3 unas 10,000&nbsp;<strong>muertes<\/strong>. Su origen estuvo vinculado al vertido de heces a un r\u00edo por parte de cascos azules que formaban parte de la Misi\u00f3n de Naciones Unidas en&nbsp;<strong>Hait\u00ed<\/strong>&nbsp;(Minustah).<\/p>\n\n\n\n<h2 class=\"wp-block-heading\">Una amenaza sanitaria en medio del caos<\/h2>\n\n\n\n<p>El&nbsp;<strong>Ministerio de Salud P\u00fablica y Poblaci\u00f3n<\/strong>&nbsp;de&nbsp;<strong>Hait\u00ed<\/strong>&nbsp;(MSPP) confirm\u00f3 hace una semana&nbsp;<strong>47 muertes por c\u00f3lera<\/strong>&nbsp;en lo que va de a\u00f1o, justo cuando la&nbsp;<strong>Organizaci\u00f3n Internacional para las Migraciones<\/strong>&nbsp;(OIM) ha advertido de \u00abniveles sin precedentes\u00bb en el n\u00famero de desplazados por la&nbsp;<strong>violencia<\/strong>&nbsp;y la inestabilidad en&nbsp;<strong>Hait\u00ed<\/strong>.<\/p>\n\n\n\n<p>M\u00e1s de 1.4 millones de personas se han visto obligadas a abandonar sus hogares este a\u00f1o, la cifra m\u00e1s alta jam\u00e1s registrada en la naci\u00f3n insular, que atraviesa desde hace a\u00f1os por una&nbsp;<strong>profunda crisis<\/strong>.<\/p>\n\n\n\n<p>Sin embargo, desde septiembre se observa un aumento \u00abmuy significativo\u00bb de&nbsp;<strong>casos sospechosos<\/strong>&nbsp;y confirmados de&nbsp;<strong>c\u00f3lera<\/strong>&nbsp;respecto a 2024, dice en una entrevista telef\u00f3nica a EFE el representante de la OPS\/OMS en&nbsp;<strong>Hait\u00ed<\/strong>, el&nbsp;<strong>doctor Oscar Martin Barreneche<\/strong>.<\/p>\n\n\n\n<p>Esto, se\u00f1ala Barreneche, se produce despu\u00e9s de entre&nbsp;<strong>diez y once semanas<\/strong>&nbsp;sin ning\u00fan caso confirmado de la&nbsp;<strong>enfermedad<\/strong>, una&nbsp;<strong>infecci\u00f3n diarreica aguda<\/strong>&nbsp;causada por la bacteria Vibrio cholerae, que generalmente se contrae a trav\u00e9s de alimentos o agua contaminados.<\/p>\n\n\n\n<p>As\u00ed, desde la&nbsp;<strong>segunda semana de septiembre<\/strong>&nbsp;se han presentado 272&nbsp;<strong>casos sospechosos<\/strong>, con 42 confirmados y&nbsp;<strong>17 muertes<\/strong>, 11 de ellas en&nbsp;<strong>centros de salud<\/strong>.<\/p>\n\n\n\n<p>\u00abHay una particular&nbsp;<strong>vulnerabilidad<\/strong>&nbsp;en este momento para que el&nbsp;<strong>brote pueda aumentar<\/strong>&nbsp;de manera significativa\u00bb, advierte.<\/p>\n\n\n\n<p>Entre las causas del&nbsp;<strong>brote<\/strong>, el&nbsp;<strong>doctor Barreneche<\/strong>&nbsp;cita varias, entre ellas la&nbsp;<strong>circulaci\u00f3n del vibrio<\/strong>&nbsp;del&nbsp;<strong>c\u00f3lera<\/strong>, que es el agente causal, pero tambi\u00e9n las&nbsp;<strong>lluvias<\/strong>&nbsp;y a la situaci\u00f3n sanitaria en los&nbsp;<strong>campamentos de desplazados<\/strong>, si bien en estos lugares a\u00fan no se han confirmado casos.<\/p>\n\n\n\n<p>Adem\u00e1s,&nbsp;<strong>P\u00e9tion-Ville<\/strong>, una comuna considerada segura, experimenta un influjo de personas mayor al de otras localidades de Puerto Pr\u00edncipe, controlada en un 90 % por las&nbsp;<strong>bandas armadas<\/strong>.<\/p>\n\n\n\n<p><\/p>\n","protected":false},"excerpt":{"rendered":"<p>Hait\u00ed.-Hait\u00ed\u00a0enfrenta un\u00a0nuevo brote de c\u00f3lera, con\u00a017 muertes confirmadas\u00a0desde la\u00a0segunda semana de septiembre, que podr\u00edan aumentar por la\u00a0falta de condiciones\u00a0sanitarias y las\u00a0lluvias\u00a0que se esperan estos d\u00edas en un contexto de extrema\u00a0vulnerabilidad\u00a0con&hellip; <\/p>\n","protected":false},"author":1,"featured_media":3427,"comment_status":"open","ping_status":"open","sticky":false,"template":"","format":"standard","meta":{"_jetpack_memberships_contains_paid_content":false,"footnotes":""},"categories":[1],"tags":[1851,1850,287,46,61],"class_list":["post-3426","post","type-post","status-publish","format-standard","has-post-thumbnail","hentry","category-categoria-internacionales","tag-amenazasanitaria","tag-brote","tag-colera","tag-haiti","tag-salud"],"yoast_head":"<!-- This site is optimized with the Yoast SEO plugin v26.9 - https:\/\/yoast.com\/product\/yoast-seo-wordpress\/ -->\n<title>El c\u00f3lera acecha nuevamente a Hait\u00ed tras un repunte de los casos - EL GLOBAL INFORMATIVO<\/title>\n<meta name=\"robots\" content=\"index, follow, max-snippet:-1, max-image-preview:large, max-video-preview:-1\" \/>\n<link rel=\"canonical\" href=\"https:\/\/elglobal.do\/index.php\/2025\/10\/23\/el-colera-acecha-nuevamente-a-haiti-tras-un-repunte-de-los-casos\/\" \/>\n<meta property=\"og:locale\" content=\"es_ES\" \/>\n<meta property=\"og:type\" content=\"article\" \/>\n<meta property=\"og:title\" content=\"El c\u00f3lera acecha nuevamente a Hait\u00ed tras un repunte de los casos - EL GLOBAL INFORMATIVO\" \/>\n<meta property=\"og:description\" content=\"Hait\u00ed.-Hait\u00ed\u00a0enfrenta un\u00a0nuevo brote de c\u00f3lera, con\u00a017 muertes confirmadas\u00a0desde la\u00a0segunda semana de septiembre, que podr\u00edan aumentar por la\u00a0falta de condiciones\u00a0sanitarias y las\u00a0lluvias\u00a0que se esperan estos d\u00edas en un contexto de extrema\u00a0vulnerabilidad\u00a0con&hellip;\" \/>\n<meta property=\"og:url\" content=\"https:\/\/elglobal.do\/index.php\/2025\/10\/23\/el-colera-acecha-nuevamente-a-haiti-tras-un-repunte-de-los-casos\/\" \/>\n<meta property=\"og:site_name\" content=\"EL GLOBAL INFORMATIVO\" \/>\n<meta property=\"article:published_time\" content=\"2025-10-23T13:40:54+00:00\" \/>\n<meta property=\"article:modified_time\" content=\"2025-10-23T13:40:58+00:00\" \/>\n<meta property=\"og:image\" content=\"https:\/\/elglobal.do\/wp-content\/uploads\/2025\/10\/image-123-1024x683.png\" \/>\n\t<meta property=\"og:image:width\" content=\"1024\" \/>\n\t<meta property=\"og:image:height\" content=\"683\" \/>\n\t<meta property=\"og:image:type\" content=\"image\/png\" \/>\n<meta name=\"author\" content=\"EL GLOBAL\" \/>\n<meta name=\"twitter:card\" content=\"summary_large_image\" \/>\n<meta name=\"twitter:label1\" content=\"Escrito por\" \/>\n\t<meta name=\"twitter:data1\" content=\"EL GLOBAL\" \/>\n\t<meta name=\"twitter:label2\" content=\"Tiempo de lectura\" \/>\n\t<meta name=\"twitter:data2\" content=\"3 minutos\" \/>\n<script type=\"application\/ld+json\" class=\"yoast-schema-graph\">{\"@context\":\"https:\/\/schema.org\",\"@graph\":[{\"@type\":\"Article\",\"@id\":\"https:\/\/elglobal.do\/index.php\/2025\/10\/23\/el-colera-acecha-nuevamente-a-haiti-tras-un-repunte-de-los-casos\/#article\",\"isPartOf\":{\"@id\":\"https:\/\/elglobal.do\/index.php\/2025\/10\/23\/el-colera-acecha-nuevamente-a-haiti-tras-un-repunte-de-los-casos\/\"},\"author\":{\"name\":\"EL GLOBAL\",\"@id\":\"https:\/\/elglobal.do\/#\/schema\/person\/0c97ec2c7714fb605d230c292f64d55f\"},\"headline\":\"El c\u00f3lera acecha nuevamente a Hait\u00ed tras un repunte de los casos\",\"datePublished\":\"2025-10-23T13:40:54+00:00\",\"dateModified\":\"2025-10-23T13:40:58+00:00\",\"mainEntityOfPage\":{\"@id\":\"https:\/\/elglobal.do\/index.php\/2025\/10\/23\/el-colera-acecha-nuevamente-a-haiti-tras-un-repunte-de-los-casos\/\"},\"wordCount\":549,\"commentCount\":0,\"publisher\":{\"@id\":\"https:\/\/elglobal.do\/#organization\"},\"image\":{\"@id\":\"https:\/\/elglobal.do\/index.php\/2025\/10\/23\/el-colera-acecha-nuevamente-a-haiti-tras-un-repunte-de-los-casos\/#primaryimage\"},\"thumbnailUrl\":\"https:\/\/elglobal.do\/wp-content\/uploads\/2025\/10\/image-123.png\",\"keywords\":[\"#Amenazasanitaria\",\"#Brote\",\"#c\u00f3lera\",\"#Hait\u00ed\",\"#Salud\"],\"articleSection\":[\"INTERNACIONALES\"],\"inLanguage\":\"es\",\"potentialAction\":[{\"@type\":\"CommentAction\",\"name\":\"Comment\",\"target\":[\"https:\/\/elglobal.do\/index.php\/2025\/10\/23\/el-colera-acecha-nuevamente-a-haiti-tras-un-repunte-de-los-casos\/#respond\"]}]},{\"@type\":\"WebPage\",\"@id\":\"https:\/\/elglobal.do\/index.php\/2025\/10\/23\/el-colera-acecha-nuevamente-a-haiti-tras-un-repunte-de-los-casos\/\",\"url\":\"https:\/\/elglobal.do\/index.php\/2025\/10\/23\/el-colera-acecha-nuevamente-a-haiti-tras-un-repunte-de-los-casos\/\",\"name\":\"El c\u00f3lera acecha nuevamente a Hait\u00ed tras un repunte de los casos - EL GLOBAL INFORMATIVO\",\"isPartOf\":{\"@id\":\"https:\/\/elglobal.do\/#website\"},\"primaryImageOfPage\":{\"@id\":\"https:\/\/elglobal.do\/index.php\/2025\/10\/23\/el-colera-acecha-nuevamente-a-haiti-tras-un-repunte-de-los-casos\/#primaryimage\"},\"image\":{\"@id\":\"https:\/\/elglobal.do\/index.php\/2025\/10\/23\/el-colera-acecha-nuevamente-a-haiti-tras-un-repunte-de-los-casos\/#primaryimage\"},\"thumbnailUrl\":\"https:\/\/elglobal.do\/wp-content\/uploads\/2025\/10\/image-123.png\",\"datePublished\":\"2025-10-23T13:40:54+00:00\",\"dateModified\":\"2025-10-23T13:40:58+00:00\",\"breadcrumb\":{\"@id\":\"https:\/\/elglobal.do\/index.php\/2025\/10\/23\/el-colera-acecha-nuevamente-a-haiti-tras-un-repunte-de-los-casos\/#breadcrumb\"},\"inLanguage\":\"es\",\"potentialAction\":[{\"@type\":\"ReadAction\",\"target\":[\"https:\/\/elglobal.do\/index.php\/2025\/10\/23\/el-colera-acecha-nuevamente-a-haiti-tras-un-repunte-de-los-casos\/\"]}]},{\"@type\":\"ImageObject\",\"inLanguage\":\"es\",\"@id\":\"https:\/\/elglobal.do\/index.php\/2025\/10\/23\/el-colera-acecha-nuevamente-a-haiti-tras-un-repunte-de-los-casos\/#primaryimage\",\"url\":\"https:\/\/elglobal.do\/wp-content\/uploads\/2025\/10\/image-123.png\",\"contentUrl\":\"https:\/\/elglobal.do\/wp-content\/uploads\/2025\/10\/image-123.png\",\"width\":1920,\"height\":1280},{\"@type\":\"BreadcrumbList\",\"@id\":\"https:\/\/elglobal.do\/index.php\/2025\/10\/23\/el-colera-acecha-nuevamente-a-haiti-tras-un-repunte-de-los-casos\/#breadcrumb\",\"itemListElement\":[{\"@type\":\"ListItem\",\"position\":1,\"name\":\"Portada\",\"item\":\"https:\/\/elglobal.do\/\"},{\"@type\":\"ListItem\",\"position\":2,\"name\":\"El c\u00f3lera acecha nuevamente a Hait\u00ed tras un repunte de los casos\"}]},{\"@type\":\"WebSite\",\"@id\":\"https:\/\/elglobal.do\/#website\",\"url\":\"https:\/\/elglobal.do\/\",\"name\":\"EL GLOBAL INFORMATIVO\",\"description\":\"Peri\u00f3dico digital de la Rep\u00fablica Dominicana que ofrece noticias, novedades, pol\u00edtica y las \u00faltimas actualidades, con informaci\u00f3n veraz y oportuna para mantenerte siempre informad\",\"publisher\":{\"@id\":\"https:\/\/elglobal.do\/#organization\"},\"potentialAction\":[{\"@type\":\"SearchAction\",\"target\":{\"@type\":\"EntryPoint\",\"urlTemplate\":\"https:\/\/elglobal.do\/?s={search_term_string}\"},\"query-input\":{\"@type\":\"PropertyValueSpecification\",\"valueRequired\":true,\"valueName\":\"search_term_string\"}}],\"inLanguage\":\"es\"},{\"@type\":\"Organization\",\"@id\":\"https:\/\/elglobal.do\/#organization\",\"name\":\"EL GLOBAL.DO INFORMATIVO\",\"url\":\"https:\/\/elglobal.do\/\",\"logo\":{\"@type\":\"ImageObject\",\"inLanguage\":\"es\",\"@id\":\"https:\/\/elglobal.do\/#\/schema\/logo\/image\/\",\"url\":\"https:\/\/elglobal.do\/wp-content\/uploads\/2025\/08\/icon.png\",\"contentUrl\":\"https:\/\/elglobal.do\/wp-content\/uploads\/2025\/08\/icon.png\",\"width\":512,\"height\":512,\"caption\":\"EL GLOBAL.DO INFORMATIVO\"},\"image\":{\"@id\":\"https:\/\/elglobal.do\/#\/schema\/logo\/image\/\"}},{\"@type\":\"Person\",\"@id\":\"https:\/\/elglobal.do\/#\/schema\/person\/0c97ec2c7714fb605d230c292f64d55f\",\"name\":\"EL GLOBAL\",\"image\":{\"@type\":\"ImageObject\",\"inLanguage\":\"es\",\"@id\":\"https:\/\/elglobal.do\/#\/schema\/person\/image\/\",\"url\":\"https:\/\/secure.gravatar.com\/avatar\/081cfb6cf99faddc6f4e23a0c11ab98c5cf302925382d1c88dc3ed757ab910a3?s=96&d=mm&r=g\",\"contentUrl\":\"https:\/\/secure.gravatar.com\/avatar\/081cfb6cf99faddc6f4e23a0c11ab98c5cf302925382d1c88dc3ed757ab910a3?s=96&d=mm&r=g\",\"caption\":\"EL GLOBAL\"},\"description\":\"El Global Informativo es un peri\u00f3dico digital de Rep\u00fablica Dominicana que se dedica a cubrir temas importantes, como la pol\u00edtica local, geopol\u00edtica, econom\u00eda, tecnolog\u00eda, noticias internacionales y eventos relacionados con la gesti\u00f3n social, cultural y humana. Su objetivo principal es mantener a la poblaci\u00f3n informada, ofreciendo una visi\u00f3n amplia y actualizada de lo que sucede tanto en el pa\u00eds como en el mundo. Est\u00e1 dirigido por un grupo de periodistas experimentados, lo que garantiza la calidad y la precisi\u00f3n de la informaci\u00f3n que ofrecen. Tiene su sede en la ciudad de Santo Domingo y es parte integral del portafolio de la empresa, MC Global S.R.L.\",\"sameAs\":[\"https:\/\/elglobal.do\",\"https:\/\/www.instagram.com\/elglobal.do_informativo\/\"],\"url\":\"https:\/\/elglobal.do\/index.php\/author\/elglobaluserpro\/\"}]}<\/script>\n<!-- \/ Yoast SEO plugin. -->","yoast_head_json":{"title":"El c\u00f3lera acecha nuevamente a Hait\u00ed tras un repunte de los casos - EL GLOBAL INFORMATIVO","robots":{"index":"index","follow":"follow","max-snippet":"max-snippet:-1","max-image-preview":"max-image-preview:large","max-video-preview":"max-video-preview:-1"},"canonical":"https:\/\/elglobal.do\/index.php\/2025\/10\/23\/el-colera-acecha-nuevamente-a-haiti-tras-un-repunte-de-los-casos\/","og_locale":"es_ES","og_type":"article","og_title":"El c\u00f3lera acecha nuevamente a Hait\u00ed tras un repunte de los casos - EL GLOBAL INFORMATIVO","og_description":"Hait\u00ed.-Hait\u00ed\u00a0enfrenta un\u00a0nuevo brote de c\u00f3lera, con\u00a017 muertes confirmadas\u00a0desde la\u00a0segunda semana de septiembre, que podr\u00edan aumentar por la\u00a0falta de condiciones\u00a0sanitarias y las\u00a0lluvias\u00a0que se esperan estos d\u00edas en un contexto de extrema\u00a0vulnerabilidad\u00a0con&hellip;","og_url":"https:\/\/elglobal.do\/index.php\/2025\/10\/23\/el-colera-acecha-nuevamente-a-haiti-tras-un-repunte-de-los-casos\/","og_site_name":"EL GLOBAL INFORMATIVO","article_published_time":"2025-10-23T13:40:54+00:00","article_modified_time":"2025-10-23T13:40:58+00:00","og_image":[{"width":1024,"height":683,"url":"https:\/\/elglobal.do\/wp-content\/uploads\/2025\/10\/image-123-1024x683.png","type":"image\/png"}],"author":"EL GLOBAL","twitter_card":"summary_large_image","twitter_misc":{"Escrito por":"EL GLOBAL","Tiempo de lectura":"3 minutos"},"schema":{"@context":"https:\/\/schema.org","@graph":[{"@type":"Article","@id":"https:\/\/elglobal.do\/index.php\/2025\/10\/23\/el-colera-acecha-nuevamente-a-haiti-tras-un-repunte-de-los-casos\/#article","isPartOf":{"@id":"https:\/\/elglobal.do\/index.php\/2025\/10\/23\/el-colera-acecha-nuevamente-a-haiti-tras-un-repunte-de-los-casos\/"},"author":{"name":"EL GLOBAL","@id":"https:\/\/elglobal.do\/#\/schema\/person\/0c97ec2c7714fb605d230c292f64d55f"},"headline":"El c\u00f3lera acecha nuevamente a Hait\u00ed tras un repunte de los casos","datePublished":"2025-10-23T13:40:54+00:00","dateModified":"2025-10-23T13:40:58+00:00","mainEntityOfPage":{"@id":"https:\/\/elglobal.do\/index.php\/2025\/10\/23\/el-colera-acecha-nuevamente-a-haiti-tras-un-repunte-de-los-casos\/"},"wordCount":549,"commentCount":0,"publisher":{"@id":"https:\/\/elglobal.do\/#organization"},"image":{"@id":"https:\/\/elglobal.do\/index.php\/2025\/10\/23\/el-colera-acecha-nuevamente-a-haiti-tras-un-repunte-de-los-casos\/#primaryimage"},"thumbnailUrl":"https:\/\/elglobal.do\/wp-content\/uploads\/2025\/10\/image-123.png","keywords":["#Amenazasanitaria","#Brote","#c\u00f3lera","#Hait\u00ed","#Salud"],"articleSection":["INTERNACIONALES"],"inLanguage":"es","potentialAction":[{"@type":"CommentAction","name":"Comment","target":["https:\/\/elglobal.do\/index.php\/2025\/10\/23\/el-colera-acecha-nuevamente-a-haiti-tras-un-repunte-de-los-casos\/#respond"]}]},{"@type":"WebPage","@id":"https:\/\/elglobal.do\/index.php\/2025\/10\/23\/el-colera-acecha-nuevamente-a-haiti-tras-un-repunte-de-los-casos\/","url":"https:\/\/elglobal.do\/index.php\/2025\/10\/23\/el-colera-acecha-nuevamente-a-haiti-tras-un-repunte-de-los-casos\/","name":"El c\u00f3lera acecha nuevamente a Hait\u00ed tras un repunte de los casos - EL GLOBAL INFORMATIVO","isPartOf":{"@id":"https:\/\/elglobal.do\/#website"},"primaryImageOfPage":{"@id":"https:\/\/elglobal.do\/index.php\/2025\/10\/23\/el-colera-acecha-nuevamente-a-haiti-tras-un-repunte-de-los-casos\/#primaryimage"},"image":{"@id":"https:\/\/elglobal.do\/index.php\/2025\/10\/23\/el-colera-acecha-nuevamente-a-haiti-tras-un-repunte-de-los-casos\/#primaryimage"},"thumbnailUrl":"https:\/\/elglobal.do\/wp-content\/uploads\/2025\/10\/image-123.png","datePublished":"2025-10-23T13:40:54+00:00","dateModified":"2025-10-23T13:40:58+00:00","breadcrumb":{"@id":"https:\/\/elglobal.do\/index.php\/2025\/10\/23\/el-colera-acecha-nuevamente-a-haiti-tras-un-repunte-de-los-casos\/#breadcrumb"},"inLanguage":"es","potentialAction":[{"@type":"ReadAction","target":["https:\/\/elglobal.do\/index.php\/2025\/10\/23\/el-colera-acecha-nuevamente-a-haiti-tras-un-repunte-de-los-casos\/"]}]},{"@type":"ImageObject","inLanguage":"es","@id":"https:\/\/elglobal.do\/index.php\/2025\/10\/23\/el-colera-acecha-nuevamente-a-haiti-tras-un-repunte-de-los-casos\/#primaryimage","url":"https:\/\/elglobal.do\/wp-content\/uploads\/2025\/10\/image-123.png","contentUrl":"https:\/\/elglobal.do\/wp-content\/uploads\/2025\/10\/image-123.png","width":1920,"height":1280},{"@type":"BreadcrumbList","@id":"https:\/\/elglobal.do\/index.php\/2025\/10\/23\/el-colera-acecha-nuevamente-a-haiti-tras-un-repunte-de-los-casos\/#breadcrumb","itemListElement":[{"@type":"ListItem","position":1,"name":"Portada","item":"https:\/\/elglobal.do\/"},{"@type":"ListItem","position":2,"name":"El c\u00f3lera acecha nuevamente a Hait\u00ed tras un repunte de los casos"}]},{"@type":"WebSite","@id":"https:\/\/elglobal.do\/#website","url":"https:\/\/elglobal.do\/","name":"EL GLOBAL INFORMATIVO","description":"Peri\u00f3dico digital de la Rep\u00fablica Dominicana que ofrece noticias, novedades, pol\u00edtica y las \u00faltimas actualidades, con informaci\u00f3n veraz y oportuna para mantenerte siempre informad","publisher":{"@id":"https:\/\/elglobal.do\/#organization"},"potentialAction":[{"@type":"SearchAction","target":{"@type":"EntryPoint","urlTemplate":"https:\/\/elglobal.do\/?s={search_term_string}"},"query-input":{"@type":"PropertyValueSpecification","valueRequired":true,"valueName":"search_term_string"}}],"inLanguage":"es"},{"@type":"Organization","@id":"https:\/\/elglobal.do\/#organization","name":"EL GLOBAL.DO INFORMATIVO","url":"https:\/\/elglobal.do\/","logo":{"@type":"ImageObject","inLanguage":"es","@id":"https:\/\/elglobal.do\/#\/schema\/logo\/image\/","url":"https:\/\/elglobal.do\/wp-content\/uploads\/2025\/08\/icon.png","contentUrl":"https:\/\/elglobal.do\/wp-content\/uploads\/2025\/08\/icon.png","width":512,"height":512,"caption":"EL GLOBAL.DO INFORMATIVO"},"image":{"@id":"https:\/\/elglobal.do\/#\/schema\/logo\/image\/"}},{"@type":"Person","@id":"https:\/\/elglobal.do\/#\/schema\/person\/0c97ec2c7714fb605d230c292f64d55f","name":"EL GLOBAL","image":{"@type":"ImageObject","inLanguage":"es","@id":"https:\/\/elglobal.do\/#\/schema\/person\/image\/","url":"https:\/\/secure.gravatar.com\/avatar\/081cfb6cf99faddc6f4e23a0c11ab98c5cf302925382d1c88dc3ed757ab910a3?s=96&d=mm&r=g","contentUrl":"https:\/\/secure.gravatar.com\/avatar\/081cfb6cf99faddc6f4e23a0c11ab98c5cf302925382d1c88dc3ed757ab910a3?s=96&d=mm&r=g","caption":"EL GLOBAL"},"description":"El Global Informativo es un peri\u00f3dico digital de Rep\u00fablica Dominicana que se dedica a cubrir temas importantes, como la pol\u00edtica local, geopol\u00edtica, econom\u00eda, tecnolog\u00eda, noticias internacionales y eventos relacionados con la gesti\u00f3n social, cultural y humana. Su objetivo principal es mantener a la poblaci\u00f3n informada, ofreciendo una visi\u00f3n amplia y actualizada de lo que sucede tanto en el pa\u00eds como en el mundo. Est\u00e1 dirigido por un grupo de periodistas experimentados, lo que garantiza la calidad y la precisi\u00f3n de la informaci\u00f3n que ofrecen. Tiene su sede en la ciudad de Santo Domingo y es parte integral del portafolio de la empresa, MC Global S.R.L.","sameAs":["https:\/\/elglobal.do","https:\/\/www.instagram.com\/elglobal.do_informativo\/"],"url":"https:\/\/elglobal.do\/index.php\/author\/elglobaluserpro\/"}]}},"jetpack_featured_media_url":"https:\/\/elglobal.do\/wp-content\/uploads\/2025\/10\/image-123.png","jetpack_sharing_enabled":true,"_links":{"self":[{"href":"https:\/\/elglobal.do\/index.php\/wp-json\/wp\/v2\/posts\/3426","targetHints":{"allow":["GET"]}}],"collection":[{"href":"https:\/\/elglobal.do\/index.php\/wp-json\/wp\/v2\/posts"}],"about":[{"href":"https:\/\/elglobal.do\/index.php\/wp-json\/wp\/v2\/types\/post"}],"author":[{"embeddable":true,"href":"https:\/\/elglobal.do\/index.php\/wp-json\/wp\/v2\/users\/1"}],"replies":[{"embeddable":true,"href":"https:\/\/elglobal.do\/index.php\/wp-json\/wp\/v2\/comments?post=3426"}],"version-history":[{"count":1,"href":"https:\/\/elglobal.do\/index.php\/wp-json\/wp\/v2\/posts\/3426\/revisions"}],"predecessor-version":[{"id":3428,"href":"https:\/\/elglobal.do\/index.php\/wp-json\/wp\/v2\/posts\/3426\/revisions\/3428"}],"wp:featuredmedia":[{"embeddable":true,"href":"https:\/\/elglobal.do\/index.php\/wp-json\/wp\/v2\/media\/3427"}],"wp:attachment":[{"href":"https:\/\/elglobal.do\/index.php\/wp-json\/wp\/v2\/media?parent=3426"}],"wp:term":[{"taxonomy":"category","embeddable":true,"href":"https:\/\/elglobal.do\/index.php\/wp-json\/wp\/v2\/categories?post=3426"},{"taxonomy":"post_tag","embeddable":true,"href":"https:\/\/elglobal.do\/index.php\/wp-json\/wp\/v2\/tags?post=3426"}],"curies":[{"name":"wp","href":"https:\/\/api.w.org\/{rel}","templated":true}]}}