{"id":3485,"date":"2025-10-27T10:29:18","date_gmt":"2025-10-27T14:29:18","guid":{"rendered":"https:\/\/elglobal.do\/?p=3485"},"modified":"2025-10-27T10:29:21","modified_gmt":"2025-10-27T14:29:21","slug":"antoliano-peralta-advierte-graves-consecuencias-si-el-codigo-penal-no-se-aprueba","status":"publish","type":"post","link":"https:\/\/elglobal.do\/index.php\/2025\/10\/27\/antoliano-peralta-advierte-graves-consecuencias-si-el-codigo-penal-no-se-aprueba\/","title":{"rendered":"Antoliano Peralta advierte \u00abgraves consecuencias\u00bb si  el C\u00f3digo Penal no se aprueba"},"content":{"rendered":"\n<figure class=\"wp-block-image size-large\"><img loading=\"lazy\" decoding=\"async\" width=\"1024\" height=\"576\" src=\"https:\/\/elglobal.do\/wp-content\/uploads\/2025\/10\/image-144-1024x576.png\" alt=\"\" class=\"wp-image-3486\" srcset=\"https:\/\/elglobal.do\/wp-content\/uploads\/2025\/10\/image-144-1024x576.png 1024w, https:\/\/elglobal.do\/wp-content\/uploads\/2025\/10\/image-144-300x169.png 300w, https:\/\/elglobal.do\/wp-content\/uploads\/2025\/10\/image-144-768x432.png 768w, https:\/\/elglobal.do\/wp-content\/uploads\/2025\/10\/image-144.png 1300w\" sizes=\"auto, (max-width: 1024px) 100vw, 1024px\" \/><\/figure>\n\n\n\n<p><strong>Santo Domingo.-<\/strong> El consultor jur\u00eddico del Poder Ejecutivo,\u00a0<strong>Antoliano Peralta<\/strong>, alert\u00f3 recientemente que el pa\u00eds podr\u00eda enfrentar \u00ab<strong>consecuencias jur\u00eddicas<\/strong>\u00a0muy graves\u00bb si el Congreso Nacional no aprueba antes de diciembre la reforma al\u00a0<strong>C\u00f3digo Procesal Penal<\/strong>, que ya fue sancionada en primera lectura en el\u00a0<strong>Senado<\/strong>.<\/p>\n\n\n\n<p>Tras participar en la apertura del XI Congreso de las Academias Jur\u00eddicas de Iberoam\u00e9rica,&nbsp;<strong>Peralta<\/strong>&nbsp;explic\u00f3 que el&nbsp;<strong>Tribunal Constitucional<\/strong>&nbsp;declar\u00f3 inconstitucional la Ley 10-15, del&nbsp;<strong>C\u00f3digo Procesal Penal<\/strong>, por razones de procedimiento, pero otorg\u00f3 al Congreso un plazo que vence en diciembre para subsanar el defecto formal mediante una nueva aprobaci\u00f3n.<\/p>\n\n\n\n<p>Si el\u00a0<strong>Congreso no act\u00faa<\/strong>\u00a0dentro de ese plazo, seg\u00fan advirti\u00f3, el\u00a0<strong>C\u00f3digo Procesal Penal<\/strong>\u00a0quedar\u00e1 incompleto y \u00abdesequilibrado\u00bb, lo que podr\u00eda generar efectos graves en la justicia, ya que la pieza tiene muchas disposiciones importantes para la justicia que no estar\u00edan vigentes.\u00a0<\/p>\n\n\n\n<p>El funcionario indic\u00f3 que, aunque toda&nbsp;<strong>obra humana<\/strong>&nbsp;es susceptible de ser mejorada, lo urgente en este momento es aprobar la iniciativa legislativa para evitar que el sistema penal funcione con&nbsp;<strong>vac\u00edos normativos<\/strong>.<\/p>\n\n\n\n<p><strong>Peralta<\/strong>&nbsp;consider\u00f3 como \u00abnormal\u00bb que una ley de tanta trascendencia genere&nbsp;<strong>debates<\/strong>&nbsp;y diferencias de opini\u00f3n, pero insisti\u00f3 en que, m\u00e1s all\u00e1 de las discusiones sobre su contenido, el Congreso debe aprobar cuanto antes esas disposiciones.<\/p>\n\n\n\n<p>De no hacerlo, reiter\u00f3, el pa\u00eds enfrentar\u00e1 un\u00a0<strong>vac\u00edo jur\u00eddico<\/strong>\u00a0con\u00a0<strong>repercusiones directas<\/strong>\u00a0en los\u00a0<strong>procesos penales<\/strong>.<\/p>\n\n\n\n<h2 class=\"wp-block-heading\"><strong>Finjus est\u00e1 optimista<\/strong><\/h2>\n\n\n\n<p>Por su parte, el vicepresidente ejecutivo de la Fundaci\u00f3n Institucionalidad y Justicia (<strong>Finjus<\/strong>),&nbsp;<strong>Servio Tulio Casta\u00f1os Guzm\u00e1n<\/strong>, expres\u00f3&nbsp;<strong>optimismo<\/strong>&nbsp;con respecto al trabajo que realiza la comisi\u00f3n de Justicia del&nbsp;<strong>Senado<\/strong>&nbsp;sobre las reformas al&nbsp;<strong>C\u00f3digo Procesal Penal<\/strong>.<\/p>\n\n\n\n<p>Casta\u00f1os Guzm\u00e1n valor\u00f3 que el&nbsp;<strong>Senado<\/strong>&nbsp;haya reenviado el proyecto a la comisi\u00f3n despu\u00e9s de aprobarlo en primera lectura, lo que permiti\u00f3 corregir varios aspectos que hab\u00edan generado preocupaci\u00f3n en distintos sectores de la sociedad.<\/p>\n\n\n\n<p>\u00abYo pienso que el&nbsp;<strong>Senado<\/strong>, habiendo remitido de nuevo el proyecto a la comisi\u00f3n de Justicia, esas preocupaciones que se hab\u00edan estado se\u00f1alando desde la sociedad, yo creo que han venido siendo corregidas\u00bb, afirm\u00f3.<\/p>\n\n\n\n<p>Sostuvo que entre los puntos que fueron ajustados figuran los relativos a la&nbsp;<strong>analog\u00eda<\/strong>, el inter\u00e9s casacional, la interpretaci\u00f3n y los&nbsp;<strong>plazos procesales<\/strong>. A su juicio, el resultado ser\u00e1 un texto \u00abm\u00e1s apegado a la&nbsp;<strong>Constituci\u00f3n<\/strong>&nbsp;y a los principios del debido proceso\u00bb.<\/p>\n\n\n\n<p>\u00abEl&nbsp;<strong>Senado<\/strong>&nbsp;reaccion\u00f3 positivamente a esos reclamos, entonces lo que eventualmente apruebe el&nbsp;<strong>Senado<\/strong>&nbsp;de la Rep\u00fablica en esta ocasi\u00f3n se va a ajustar a lo que la&nbsp;<strong>Constituci\u00f3n<\/strong>&nbsp;establece, que era el temor que ten\u00edamos\u00bb, agreg\u00f3 el jurista.<\/p>\n\n\n\n<p>Casta\u00f1os Guzm\u00e1n destac\u00f3 que, de ser necesario, la&nbsp;<strong>C\u00e1mara de Diputados<\/strong>&nbsp;podr\u00e1 introducir&nbsp;<strong>nuevas correcciones<\/strong>&nbsp;cuando reciba el proyecto, lo que refuerza la expectativa de que el&nbsp;<strong>texto final<\/strong>&nbsp;est\u00e9 alineado con la&nbsp;<strong>Constituci\u00f3n<\/strong>.<\/p>\n\n\n\n<p><strong>Finjus<\/strong>&nbsp;advirti\u00f3 d\u00edas atr\u00e1s que art\u00edculos del proyecto, como el 25, violar\u00edan la&nbsp;<strong>Constituci\u00f3n<\/strong>&nbsp;si se aprobaban tal como fueron remitidos al pleno del&nbsp;<strong>Senado<\/strong>.<\/p>\n\n\n\n<p>El&nbsp;<strong>art\u00edculo 25<\/strong>&nbsp;del proyecto es el que regula la interpretaci\u00f3n de las normas procesales. En su redacci\u00f3n actual, el proyecto introduce la posibilidad de aplicar la \u00ab<strong>analog\u00eda<\/strong>\u00bb y la \u00ab<strong>interpretaci\u00f3n extensiva<\/strong>\u00bb para favorecer no solo al imputado, sino tambi\u00e9n a otras partes del proceso.<\/p>\n\n\n\n<p>El primer p\u00e1rrafo del referido art\u00edculo establece que \u00abla&nbsp;<strong>analog\u00eda<\/strong>&nbsp;y la&nbsp;<strong>interpretaci\u00f3n extensiva<\/strong>&nbsp;se permiten para favorecer la libertad del imputado, as\u00ed como el ejercicio de los derechos y facultades conferidos a las partes del proceso\u00bb.<\/p>\n\n\n\n<p>La&nbsp;<strong>queja de los juristas<\/strong>&nbsp;radicaba en que el art\u00edculo, si se aprueba como est\u00e1 redactado, beneficiar\u00e1 tanto al Ministerio P\u00fablico como al imputado, cuando el fin del dictamen es beneficiar \u00fanicamente a los inculpados en procesos.<\/p>\n\n\n\n<p><\/p>\n","protected":false},"excerpt":{"rendered":"<p>Santo Domingo.- El consultor jur\u00eddico del Poder Ejecutivo,\u00a0Antoliano Peralta, alert\u00f3 recientemente que el pa\u00eds podr\u00eda enfrentar \u00abconsecuencias jur\u00eddicas\u00a0muy graves\u00bb si el Congreso Nacional no aprueba antes de diciembre la reforma&hellip; <\/p>\n","protected":false},"author":1,"featured_media":3486,"comment_status":"open","ping_status":"open","sticky":false,"template":"","format":"standard","meta":{"_jetpack_memberships_contains_paid_content":false,"footnotes":""},"categories":[313],"tags":[55,849,249,248],"class_list":["post-3485","post","type-post","status-publish","format-standard","has-post-thumbnail","hentry","category-justicia","tag-codigopenal","tag-congreso","tag-leyes","tag-senado"],"yoast_head":"<!-- This site is optimized with the Yoast SEO plugin v26.9 - https:\/\/yoast.com\/product\/yoast-seo-wordpress\/ -->\n<title>Antoliano Peralta advierte &quot;graves consecuencias&quot; si el C\u00f3digo Penal no se aprueba - EL GLOBAL INFORMATIVO<\/title>\n<meta name=\"robots\" content=\"index, follow, max-snippet:-1, max-image-preview:large, max-video-preview:-1\" \/>\n<link rel=\"canonical\" href=\"https:\/\/elglobal.do\/index.php\/2025\/10\/27\/antoliano-peralta-advierte-graves-consecuencias-si-el-codigo-penal-no-se-aprueba\/\" \/>\n<meta property=\"og:locale\" content=\"es_ES\" \/>\n<meta property=\"og:type\" content=\"article\" \/>\n<meta property=\"og:title\" content=\"Antoliano Peralta advierte &quot;graves consecuencias&quot; si el C\u00f3digo Penal no se aprueba - EL GLOBAL INFORMATIVO\" \/>\n<meta property=\"og:description\" content=\"Santo Domingo.- El consultor jur\u00eddico del Poder Ejecutivo,\u00a0Antoliano Peralta, alert\u00f3 recientemente que el pa\u00eds podr\u00eda enfrentar \u00abconsecuencias jur\u00eddicas\u00a0muy graves\u00bb si el Congreso Nacional no aprueba antes de diciembre la reforma&hellip;\" \/>\n<meta property=\"og:url\" content=\"https:\/\/elglobal.do\/index.php\/2025\/10\/27\/antoliano-peralta-advierte-graves-consecuencias-si-el-codigo-penal-no-se-aprueba\/\" \/>\n<meta property=\"og:site_name\" content=\"EL GLOBAL INFORMATIVO\" \/>\n<meta property=\"article:published_time\" content=\"2025-10-27T14:29:18+00:00\" \/>\n<meta property=\"article:modified_time\" content=\"2025-10-27T14:29:21+00:00\" \/>\n<meta property=\"og:image\" content=\"https:\/\/elglobal.do\/wp-content\/uploads\/2025\/10\/image-144.png\" \/>\n\t<meta property=\"og:image:width\" content=\"1300\" \/>\n\t<meta property=\"og:image:height\" content=\"731\" \/>\n\t<meta property=\"og:image:type\" content=\"image\/png\" \/>\n<meta name=\"author\" content=\"EL GLOBAL\" \/>\n<meta name=\"twitter:card\" content=\"summary_large_image\" \/>\n<meta name=\"twitter:label1\" content=\"Escrito por\" \/>\n\t<meta name=\"twitter:data1\" content=\"EL GLOBAL\" \/>\n\t<meta name=\"twitter:label2\" content=\"Tiempo de lectura\" \/>\n\t<meta name=\"twitter:data2\" content=\"4 minutos\" \/>\n<script type=\"application\/ld+json\" class=\"yoast-schema-graph\">{\"@context\":\"https:\/\/schema.org\",\"@graph\":[{\"@type\":\"Article\",\"@id\":\"https:\/\/elglobal.do\/index.php\/2025\/10\/27\/antoliano-peralta-advierte-graves-consecuencias-si-el-codigo-penal-no-se-aprueba\/#article\",\"isPartOf\":{\"@id\":\"https:\/\/elglobal.do\/index.php\/2025\/10\/27\/antoliano-peralta-advierte-graves-consecuencias-si-el-codigo-penal-no-se-aprueba\/\"},\"author\":{\"name\":\"EL GLOBAL\",\"@id\":\"https:\/\/elglobal.do\/#\/schema\/person\/0c97ec2c7714fb605d230c292f64d55f\"},\"headline\":\"Antoliano Peralta advierte \u00abgraves consecuencias\u00bb si el C\u00f3digo Penal no se aprueba\",\"datePublished\":\"2025-10-27T14:29:18+00:00\",\"dateModified\":\"2025-10-27T14:29:21+00:00\",\"mainEntityOfPage\":{\"@id\":\"https:\/\/elglobal.do\/index.php\/2025\/10\/27\/antoliano-peralta-advierte-graves-consecuencias-si-el-codigo-penal-no-se-aprueba\/\"},\"wordCount\":722,\"commentCount\":0,\"publisher\":{\"@id\":\"https:\/\/elglobal.do\/#organization\"},\"image\":{\"@id\":\"https:\/\/elglobal.do\/index.php\/2025\/10\/27\/antoliano-peralta-advierte-graves-consecuencias-si-el-codigo-penal-no-se-aprueba\/#primaryimage\"},\"thumbnailUrl\":\"https:\/\/elglobal.do\/wp-content\/uploads\/2025\/10\/image-144.png\",\"keywords\":[\"#C\u00f3digoPenal\",\"#Congreso\",\"#Leyes\",\"#Senado\"],\"articleSection\":[\"JUSTICIA\"],\"inLanguage\":\"es\",\"potentialAction\":[{\"@type\":\"CommentAction\",\"name\":\"Comment\",\"target\":[\"https:\/\/elglobal.do\/index.php\/2025\/10\/27\/antoliano-peralta-advierte-graves-consecuencias-si-el-codigo-penal-no-se-aprueba\/#respond\"]}]},{\"@type\":\"WebPage\",\"@id\":\"https:\/\/elglobal.do\/index.php\/2025\/10\/27\/antoliano-peralta-advierte-graves-consecuencias-si-el-codigo-penal-no-se-aprueba\/\",\"url\":\"https:\/\/elglobal.do\/index.php\/2025\/10\/27\/antoliano-peralta-advierte-graves-consecuencias-si-el-codigo-penal-no-se-aprueba\/\",\"name\":\"Antoliano Peralta advierte \\\"graves consecuencias\\\" si el C\u00f3digo Penal no se aprueba - EL GLOBAL INFORMATIVO\",\"isPartOf\":{\"@id\":\"https:\/\/elglobal.do\/#website\"},\"primaryImageOfPage\":{\"@id\":\"https:\/\/elglobal.do\/index.php\/2025\/10\/27\/antoliano-peralta-advierte-graves-consecuencias-si-el-codigo-penal-no-se-aprueba\/#primaryimage\"},\"image\":{\"@id\":\"https:\/\/elglobal.do\/index.php\/2025\/10\/27\/antoliano-peralta-advierte-graves-consecuencias-si-el-codigo-penal-no-se-aprueba\/#primaryimage\"},\"thumbnailUrl\":\"https:\/\/elglobal.do\/wp-content\/uploads\/2025\/10\/image-144.png\",\"datePublished\":\"2025-10-27T14:29:18+00:00\",\"dateModified\":\"2025-10-27T14:29:21+00:00\",\"breadcrumb\":{\"@id\":\"https:\/\/elglobal.do\/index.php\/2025\/10\/27\/antoliano-peralta-advierte-graves-consecuencias-si-el-codigo-penal-no-se-aprueba\/#breadcrumb\"},\"inLanguage\":\"es\",\"potentialAction\":[{\"@type\":\"ReadAction\",\"target\":[\"https:\/\/elglobal.do\/index.php\/2025\/10\/27\/antoliano-peralta-advierte-graves-consecuencias-si-el-codigo-penal-no-se-aprueba\/\"]}]},{\"@type\":\"ImageObject\",\"inLanguage\":\"es\",\"@id\":\"https:\/\/elglobal.do\/index.php\/2025\/10\/27\/antoliano-peralta-advierte-graves-consecuencias-si-el-codigo-penal-no-se-aprueba\/#primaryimage\",\"url\":\"https:\/\/elglobal.do\/wp-content\/uploads\/2025\/10\/image-144.png\",\"contentUrl\":\"https:\/\/elglobal.do\/wp-content\/uploads\/2025\/10\/image-144.png\",\"width\":1300,\"height\":731},{\"@type\":\"BreadcrumbList\",\"@id\":\"https:\/\/elglobal.do\/index.php\/2025\/10\/27\/antoliano-peralta-advierte-graves-consecuencias-si-el-codigo-penal-no-se-aprueba\/#breadcrumb\",\"itemListElement\":[{\"@type\":\"ListItem\",\"position\":1,\"name\":\"Portada\",\"item\":\"https:\/\/elglobal.do\/\"},{\"@type\":\"ListItem\",\"position\":2,\"name\":\"Antoliano Peralta advierte \u00abgraves consecuencias\u00bb si el C\u00f3digo Penal no se aprueba\"}]},{\"@type\":\"WebSite\",\"@id\":\"https:\/\/elglobal.do\/#website\",\"url\":\"https:\/\/elglobal.do\/\",\"name\":\"EL GLOBAL INFORMATIVO\",\"description\":\"Peri\u00f3dico digital de la Rep\u00fablica Dominicana que ofrece noticias, novedades, pol\u00edtica y las \u00faltimas actualidades, con informaci\u00f3n veraz y oportuna para mantenerte siempre informad\",\"publisher\":{\"@id\":\"https:\/\/elglobal.do\/#organization\"},\"potentialAction\":[{\"@type\":\"SearchAction\",\"target\":{\"@type\":\"EntryPoint\",\"urlTemplate\":\"https:\/\/elglobal.do\/?s={search_term_string}\"},\"query-input\":{\"@type\":\"PropertyValueSpecification\",\"valueRequired\":true,\"valueName\":\"search_term_string\"}}],\"inLanguage\":\"es\"},{\"@type\":\"Organization\",\"@id\":\"https:\/\/elglobal.do\/#organization\",\"name\":\"EL GLOBAL.DO INFORMATIVO\",\"url\":\"https:\/\/elglobal.do\/\",\"logo\":{\"@type\":\"ImageObject\",\"inLanguage\":\"es\",\"@id\":\"https:\/\/elglobal.do\/#\/schema\/logo\/image\/\",\"url\":\"https:\/\/elglobal.do\/wp-content\/uploads\/2025\/08\/icon.png\",\"contentUrl\":\"https:\/\/elglobal.do\/wp-content\/uploads\/2025\/08\/icon.png\",\"width\":512,\"height\":512,\"caption\":\"EL GLOBAL.DO INFORMATIVO\"},\"image\":{\"@id\":\"https:\/\/elglobal.do\/#\/schema\/logo\/image\/\"}},{\"@type\":\"Person\",\"@id\":\"https:\/\/elglobal.do\/#\/schema\/person\/0c97ec2c7714fb605d230c292f64d55f\",\"name\":\"EL GLOBAL\",\"image\":{\"@type\":\"ImageObject\",\"inLanguage\":\"es\",\"@id\":\"https:\/\/elglobal.do\/#\/schema\/person\/image\/\",\"url\":\"https:\/\/secure.gravatar.com\/avatar\/081cfb6cf99faddc6f4e23a0c11ab98c5cf302925382d1c88dc3ed757ab910a3?s=96&d=mm&r=g\",\"contentUrl\":\"https:\/\/secure.gravatar.com\/avatar\/081cfb6cf99faddc6f4e23a0c11ab98c5cf302925382d1c88dc3ed757ab910a3?s=96&d=mm&r=g\",\"caption\":\"EL GLOBAL\"},\"description\":\"El Global Informativo es un peri\u00f3dico digital de Rep\u00fablica Dominicana que se dedica a cubrir temas importantes, como la pol\u00edtica local, geopol\u00edtica, econom\u00eda, tecnolog\u00eda, noticias internacionales y eventos relacionados con la gesti\u00f3n social, cultural y humana. Su objetivo principal es mantener a la poblaci\u00f3n informada, ofreciendo una visi\u00f3n amplia y actualizada de lo que sucede tanto en el pa\u00eds como en el mundo. Est\u00e1 dirigido por un grupo de periodistas experimentados, lo que garantiza la calidad y la precisi\u00f3n de la informaci\u00f3n que ofrecen. Tiene su sede en la ciudad de Santo Domingo y es parte integral del portafolio de la empresa, MC Global S.R.L.\",\"sameAs\":[\"https:\/\/elglobal.do\",\"https:\/\/www.instagram.com\/elglobal.do_informativo\/\"],\"url\":\"https:\/\/elglobal.do\/index.php\/author\/elglobaluserpro\/\"}]}<\/script>\n<!-- \/ Yoast SEO plugin. -->","yoast_head_json":{"title":"Antoliano Peralta advierte \"graves consecuencias\" si el C\u00f3digo Penal no se aprueba - EL GLOBAL INFORMATIVO","robots":{"index":"index","follow":"follow","max-snippet":"max-snippet:-1","max-image-preview":"max-image-preview:large","max-video-preview":"max-video-preview:-1"},"canonical":"https:\/\/elglobal.do\/index.php\/2025\/10\/27\/antoliano-peralta-advierte-graves-consecuencias-si-el-codigo-penal-no-se-aprueba\/","og_locale":"es_ES","og_type":"article","og_title":"Antoliano Peralta advierte \"graves consecuencias\" si el C\u00f3digo Penal no se aprueba - EL GLOBAL INFORMATIVO","og_description":"Santo Domingo.- El consultor jur\u00eddico del Poder Ejecutivo,\u00a0Antoliano Peralta, alert\u00f3 recientemente que el pa\u00eds podr\u00eda enfrentar \u00abconsecuencias jur\u00eddicas\u00a0muy graves\u00bb si el Congreso Nacional no aprueba antes de diciembre la reforma&hellip;","og_url":"https:\/\/elglobal.do\/index.php\/2025\/10\/27\/antoliano-peralta-advierte-graves-consecuencias-si-el-codigo-penal-no-se-aprueba\/","og_site_name":"EL GLOBAL INFORMATIVO","article_published_time":"2025-10-27T14:29:18+00:00","article_modified_time":"2025-10-27T14:29:21+00:00","og_image":[{"width":1300,"height":731,"url":"https:\/\/elglobal.do\/wp-content\/uploads\/2025\/10\/image-144.png","type":"image\/png"}],"author":"EL GLOBAL","twitter_card":"summary_large_image","twitter_misc":{"Escrito por":"EL GLOBAL","Tiempo de lectura":"4 minutos"},"schema":{"@context":"https:\/\/schema.org","@graph":[{"@type":"Article","@id":"https:\/\/elglobal.do\/index.php\/2025\/10\/27\/antoliano-peralta-advierte-graves-consecuencias-si-el-codigo-penal-no-se-aprueba\/#article","isPartOf":{"@id":"https:\/\/elglobal.do\/index.php\/2025\/10\/27\/antoliano-peralta-advierte-graves-consecuencias-si-el-codigo-penal-no-se-aprueba\/"},"author":{"name":"EL GLOBAL","@id":"https:\/\/elglobal.do\/#\/schema\/person\/0c97ec2c7714fb605d230c292f64d55f"},"headline":"Antoliano Peralta advierte \u00abgraves consecuencias\u00bb si el C\u00f3digo Penal no se aprueba","datePublished":"2025-10-27T14:29:18+00:00","dateModified":"2025-10-27T14:29:21+00:00","mainEntityOfPage":{"@id":"https:\/\/elglobal.do\/index.php\/2025\/10\/27\/antoliano-peralta-advierte-graves-consecuencias-si-el-codigo-penal-no-se-aprueba\/"},"wordCount":722,"commentCount":0,"publisher":{"@id":"https:\/\/elglobal.do\/#organization"},"image":{"@id":"https:\/\/elglobal.do\/index.php\/2025\/10\/27\/antoliano-peralta-advierte-graves-consecuencias-si-el-codigo-penal-no-se-aprueba\/#primaryimage"},"thumbnailUrl":"https:\/\/elglobal.do\/wp-content\/uploads\/2025\/10\/image-144.png","keywords":["#C\u00f3digoPenal","#Congreso","#Leyes","#Senado"],"articleSection":["JUSTICIA"],"inLanguage":"es","potentialAction":[{"@type":"CommentAction","name":"Comment","target":["https:\/\/elglobal.do\/index.php\/2025\/10\/27\/antoliano-peralta-advierte-graves-consecuencias-si-el-codigo-penal-no-se-aprueba\/#respond"]}]},{"@type":"WebPage","@id":"https:\/\/elglobal.do\/index.php\/2025\/10\/27\/antoliano-peralta-advierte-graves-consecuencias-si-el-codigo-penal-no-se-aprueba\/","url":"https:\/\/elglobal.do\/index.php\/2025\/10\/27\/antoliano-peralta-advierte-graves-consecuencias-si-el-codigo-penal-no-se-aprueba\/","name":"Antoliano Peralta advierte \"graves consecuencias\" si el C\u00f3digo Penal no se aprueba - EL GLOBAL INFORMATIVO","isPartOf":{"@id":"https:\/\/elglobal.do\/#website"},"primaryImageOfPage":{"@id":"https:\/\/elglobal.do\/index.php\/2025\/10\/27\/antoliano-peralta-advierte-graves-consecuencias-si-el-codigo-penal-no-se-aprueba\/#primaryimage"},"image":{"@id":"https:\/\/elglobal.do\/index.php\/2025\/10\/27\/antoliano-peralta-advierte-graves-consecuencias-si-el-codigo-penal-no-se-aprueba\/#primaryimage"},"thumbnailUrl":"https:\/\/elglobal.do\/wp-content\/uploads\/2025\/10\/image-144.png","datePublished":"2025-10-27T14:29:18+00:00","dateModified":"2025-10-27T14:29:21+00:00","breadcrumb":{"@id":"https:\/\/elglobal.do\/index.php\/2025\/10\/27\/antoliano-peralta-advierte-graves-consecuencias-si-el-codigo-penal-no-se-aprueba\/#breadcrumb"},"inLanguage":"es","potentialAction":[{"@type":"ReadAction","target":["https:\/\/elglobal.do\/index.php\/2025\/10\/27\/antoliano-peralta-advierte-graves-consecuencias-si-el-codigo-penal-no-se-aprueba\/"]}]},{"@type":"ImageObject","inLanguage":"es","@id":"https:\/\/elglobal.do\/index.php\/2025\/10\/27\/antoliano-peralta-advierte-graves-consecuencias-si-el-codigo-penal-no-se-aprueba\/#primaryimage","url":"https:\/\/elglobal.do\/wp-content\/uploads\/2025\/10\/image-144.png","contentUrl":"https:\/\/elglobal.do\/wp-content\/uploads\/2025\/10\/image-144.png","width":1300,"height":731},{"@type":"BreadcrumbList","@id":"https:\/\/elglobal.do\/index.php\/2025\/10\/27\/antoliano-peralta-advierte-graves-consecuencias-si-el-codigo-penal-no-se-aprueba\/#breadcrumb","itemListElement":[{"@type":"ListItem","position":1,"name":"Portada","item":"https:\/\/elglobal.do\/"},{"@type":"ListItem","position":2,"name":"Antoliano Peralta advierte \u00abgraves consecuencias\u00bb si el C\u00f3digo Penal no se aprueba"}]},{"@type":"WebSite","@id":"https:\/\/elglobal.do\/#website","url":"https:\/\/elglobal.do\/","name":"EL GLOBAL INFORMATIVO","description":"Peri\u00f3dico digital de la Rep\u00fablica Dominicana que ofrece noticias, novedades, pol\u00edtica y las \u00faltimas actualidades, con informaci\u00f3n veraz y oportuna para mantenerte siempre informad","publisher":{"@id":"https:\/\/elglobal.do\/#organization"},"potentialAction":[{"@type":"SearchAction","target":{"@type":"EntryPoint","urlTemplate":"https:\/\/elglobal.do\/?s={search_term_string}"},"query-input":{"@type":"PropertyValueSpecification","valueRequired":true,"valueName":"search_term_string"}}],"inLanguage":"es"},{"@type":"Organization","@id":"https:\/\/elglobal.do\/#organization","name":"EL GLOBAL.DO INFORMATIVO","url":"https:\/\/elglobal.do\/","logo":{"@type":"ImageObject","inLanguage":"es","@id":"https:\/\/elglobal.do\/#\/schema\/logo\/image\/","url":"https:\/\/elglobal.do\/wp-content\/uploads\/2025\/08\/icon.png","contentUrl":"https:\/\/elglobal.do\/wp-content\/uploads\/2025\/08\/icon.png","width":512,"height":512,"caption":"EL GLOBAL.DO INFORMATIVO"},"image":{"@id":"https:\/\/elglobal.do\/#\/schema\/logo\/image\/"}},{"@type":"Person","@id":"https:\/\/elglobal.do\/#\/schema\/person\/0c97ec2c7714fb605d230c292f64d55f","name":"EL GLOBAL","image":{"@type":"ImageObject","inLanguage":"es","@id":"https:\/\/elglobal.do\/#\/schema\/person\/image\/","url":"https:\/\/secure.gravatar.com\/avatar\/081cfb6cf99faddc6f4e23a0c11ab98c5cf302925382d1c88dc3ed757ab910a3?s=96&d=mm&r=g","contentUrl":"https:\/\/secure.gravatar.com\/avatar\/081cfb6cf99faddc6f4e23a0c11ab98c5cf302925382d1c88dc3ed757ab910a3?s=96&d=mm&r=g","caption":"EL GLOBAL"},"description":"El Global Informativo es un peri\u00f3dico digital de Rep\u00fablica Dominicana que se dedica a cubrir temas importantes, como la pol\u00edtica local, geopol\u00edtica, econom\u00eda, tecnolog\u00eda, noticias internacionales y eventos relacionados con la gesti\u00f3n social, cultural y humana. Su objetivo principal es mantener a la poblaci\u00f3n informada, ofreciendo una visi\u00f3n amplia y actualizada de lo que sucede tanto en el pa\u00eds como en el mundo. Est\u00e1 dirigido por un grupo de periodistas experimentados, lo que garantiza la calidad y la precisi\u00f3n de la informaci\u00f3n que ofrecen. Tiene su sede en la ciudad de Santo Domingo y es parte integral del portafolio de la empresa, MC Global S.R.L.","sameAs":["https:\/\/elglobal.do","https:\/\/www.instagram.com\/elglobal.do_informativo\/"],"url":"https:\/\/elglobal.do\/index.php\/author\/elglobaluserpro\/"}]}},"jetpack_featured_media_url":"https:\/\/elglobal.do\/wp-content\/uploads\/2025\/10\/image-144.png","jetpack_sharing_enabled":true,"_links":{"self":[{"href":"https:\/\/elglobal.do\/index.php\/wp-json\/wp\/v2\/posts\/3485","targetHints":{"allow":["GET"]}}],"collection":[{"href":"https:\/\/elglobal.do\/index.php\/wp-json\/wp\/v2\/posts"}],"about":[{"href":"https:\/\/elglobal.do\/index.php\/wp-json\/wp\/v2\/types\/post"}],"author":[{"embeddable":true,"href":"https:\/\/elglobal.do\/index.php\/wp-json\/wp\/v2\/users\/1"}],"replies":[{"embeddable":true,"href":"https:\/\/elglobal.do\/index.php\/wp-json\/wp\/v2\/comments?post=3485"}],"version-history":[{"count":1,"href":"https:\/\/elglobal.do\/index.php\/wp-json\/wp\/v2\/posts\/3485\/revisions"}],"predecessor-version":[{"id":3487,"href":"https:\/\/elglobal.do\/index.php\/wp-json\/wp\/v2\/posts\/3485\/revisions\/3487"}],"wp:featuredmedia":[{"embeddable":true,"href":"https:\/\/elglobal.do\/index.php\/wp-json\/wp\/v2\/media\/3486"}],"wp:attachment":[{"href":"https:\/\/elglobal.do\/index.php\/wp-json\/wp\/v2\/media?parent=3485"}],"wp:term":[{"taxonomy":"category","embeddable":true,"href":"https:\/\/elglobal.do\/index.php\/wp-json\/wp\/v2\/categories?post=3485"},{"taxonomy":"post_tag","embeddable":true,"href":"https:\/\/elglobal.do\/index.php\/wp-json\/wp\/v2\/tags?post=3485"}],"curies":[{"name":"wp","href":"https:\/\/api.w.org\/{rel}","templated":true}]}}