{"id":3516,"date":"2025-10-27T13:12:05","date_gmt":"2025-10-27T17:12:05","guid":{"rendered":"https:\/\/elglobal.do\/?p=3516"},"modified":"2025-10-27T13:12:09","modified_gmt":"2025-10-27T17:12:09","slug":"salud-publica-llama-a-reforzar-prevencion-de-enfermedades-ante-huracan-melissa","status":"publish","type":"post","link":"https:\/\/elglobal.do\/index.php\/2025\/10\/27\/salud-publica-llama-a-reforzar-prevencion-de-enfermedades-ante-huracan-melissa\/","title":{"rendered":"Salud P\u00fablica llama a reforzar prevenci\u00f3n de enfermedades ante hurac\u00e1n Melissa"},"content":{"rendered":"<div class=\"wp-block-image\">\n<figure class=\"alignright size-full is-resized\"><img loading=\"lazy\" decoding=\"async\" width=\"896\" height=\"504\" src=\"https:\/\/elglobal.do\/wp-content\/uploads\/2025\/10\/image-154.png\" alt=\"\" class=\"wp-image-3517\" style=\"width:428px;height:auto\" srcset=\"https:\/\/elglobal.do\/wp-content\/uploads\/2025\/10\/image-154.png 896w, https:\/\/elglobal.do\/wp-content\/uploads\/2025\/10\/image-154-300x169.png 300w, https:\/\/elglobal.do\/wp-content\/uploads\/2025\/10\/image-154-768x432.png 768w\" sizes=\"auto, (max-width: 896px) 100vw, 896px\" \/><\/figure>\n<\/div>\n\n\n<p><strong>Santo Domingo.-<\/strong> Ante los efectos del Hurac\u00e1n<strong> Melissa<\/strong>, el\u00a0<strong>Ministerio de Salud P\u00fablica<\/strong>\u00a0exhort\u00f3 este martes a la poblaci\u00f3n a reforzar las\u00a0<strong>medidas de prevenci\u00f3n<\/strong>\u00a0para proteger la salud y evitar brotes de\u00a0<strong>enfermedades<\/strong>\u00a0que suelen aumentar durante los per\u00edodos de\u00a0<strong>lluvias<\/strong>\u00a0e\u00a0<strong>inundaciones<\/strong>, como las respiratorias, diarreicas y las transmitidas por vectores.<\/p>\n\n\n\n<p>La instituci\u00f3n explic\u00f3 que las&nbsp;<strong>lluvias<\/strong>&nbsp;y posibles&nbsp;<strong>desbordamientos de r\u00edos<\/strong>&nbsp;y ca\u00f1adas podr\u00edan favorecer la aparici\u00f3n de&nbsp;<strong>influenza, dengue, leptospirosis<\/strong>&nbsp;y&nbsp;<strong>enfermedades<\/strong>&nbsp;diarreicas agudas, por lo que pidi\u00f3 a las familias adoptar medidas sencillas pero efectivas para reducir los riesgos.<\/p>\n\n\n\n<p>\u00abMantener el\u00a0<strong>agua limpia<\/strong>, los\u00a0<strong>alimentos protegidos<\/strong>\u00a0y la\u00a0<strong>higiene personal<\/strong>\u00a0puede marcar la diferencia en estos momentos\u00bb, se\u00f1al\u00f3 el Ministerio en un comunicado de prensa.<\/p>\n\n\n\n<h3 class=\"wp-block-heading\"><strong>Principales recomendaciones<\/strong><\/h3>\n\n\n\n<ul class=\"wp-block-list\">\n<li>Potabilizar el agua para el consumo, aplicando cinco gotas de cloro por gal\u00f3n o, en su defecto, hervirla.<\/li>\n\n\n\n<li>Lavar bien frutas, vegetales y utensilios de cocina antes de usarlos.<\/li>\n\n\n\n<li>Evitar el contacto con aguas estancadas o ba\u00f1arse bajo la lluvia.<\/li>\n\n\n\n<li>Lavarse las manos frecuentemente con agua y jab\u00f3n, especialmente antes de comer, manipular alimentos o despu\u00e9s de ir al ba\u00f1o.<\/li>\n\n\n\n<li>Cubrirse al toser o estornudar y guardar los alimentos en lugares seguros, evitando consumir productos vencidos o en mal estado.<\/li>\n<\/ul>\n\n\n\n<p>En caso de&nbsp;<strong>diarrea, fiebre<\/strong>&nbsp;o malestar general,&nbsp;<strong>tomar suero oral<\/strong>&nbsp;y&nbsp;<strong>acudir al centro<\/strong>&nbsp;de salud m\u00e1s cercano.&nbsp;<\/p>\n\n\n\n<p>El Ministerio record\u00f3 que las&nbsp;<strong>inundaciones<\/strong>&nbsp;y la&nbsp;<strong>acumulaci\u00f3n de basura<\/strong>&nbsp;pueden propiciar la propagaci\u00f3n de&nbsp;<strong>enfermedades<\/strong>&nbsp;transmitidas por agua contaminada o excrementos de animales, por lo que insisti\u00f3 en mantener la limpieza del hogar y los alrededores.<\/p>\n\n\n\n<p>Asimismo, inform\u00f3 que las&nbsp;<strong>Direcciones Provinciales<\/strong>&nbsp;y de \u00c1reas de Salud (DPS\/DAS) est\u00e1n coordinando acciones con otras instituciones para garantizar&nbsp;<strong>condiciones higi\u00e9nicas<\/strong>&nbsp;adecuadas en refugios y comunidades vulnerables.<\/p>\n\n\n\n<p>Salud P\u00fablica reiter\u00f3 su llamado a seguir los\u00a0<strong>boletines oficiales<\/strong>\u00a0del\u00a0<strong>Instituto Dominicano de Meteorolog\u00eda<\/strong>\u00a0(Indomet) y del\u00a0<strong>Centro de Operaciones de Emergencias<\/strong>\u00a0(COE), y a prestar especial atenci\u00f3n a los grupos m\u00e1s vulnerables, como embarazadas, envejecientes, ni\u00f1os y personas con\u00a0<strong>enfermedades<\/strong>\u00a0cr\u00f3nicas.\u00a0<\/p>\n\n\n\n<p><\/p>\n","protected":false},"excerpt":{"rendered":"<p>Santo Domingo.- Ante los efectos del Hurac\u00e1n Melissa, el\u00a0Ministerio de Salud P\u00fablica\u00a0exhort\u00f3 este martes a la poblaci\u00f3n a reforzar las\u00a0medidas de prevenci\u00f3n\u00a0para proteger la salud y evitar brotes de\u00a0enfermedades\u00a0que suelen&hellip; <\/p>\n","protected":false},"author":1,"featured_media":3517,"comment_status":"open","ping_status":"open","sticky":false,"template":"","format":"standard","meta":{"_jetpack_memberships_contains_paid_content":false,"footnotes":""},"categories":[40],"tags":[124,217,1693,1411,1532],"class_list":["post-3516","post","type-post","status-publish","format-standard","has-post-thumbnail","hentry","category-nacionales","tag-huracan","tag-lluvias","tag-prevencion","tag-recomendaciones","tag-saludpublica"],"yoast_head":"<!-- This site is optimized with the Yoast SEO plugin v26.9 - https:\/\/yoast.com\/product\/yoast-seo-wordpress\/ -->\n<title>Salud P\u00fablica llama a reforzar prevenci\u00f3n de enfermedades ante hurac\u00e1n Melissa - EL GLOBAL INFORMATIVO<\/title>\n<meta name=\"robots\" content=\"index, follow, max-snippet:-1, max-image-preview:large, max-video-preview:-1\" \/>\n<link rel=\"canonical\" href=\"https:\/\/elglobal.do\/index.php\/2025\/10\/27\/salud-publica-llama-a-reforzar-prevencion-de-enfermedades-ante-huracan-melissa\/\" \/>\n<meta property=\"og:locale\" content=\"es_ES\" \/>\n<meta property=\"og:type\" content=\"article\" \/>\n<meta property=\"og:title\" content=\"Salud P\u00fablica llama a reforzar prevenci\u00f3n de enfermedades ante hurac\u00e1n Melissa - EL GLOBAL INFORMATIVO\" \/>\n<meta property=\"og:description\" content=\"Santo Domingo.- Ante los efectos del Hurac\u00e1n Melissa, el\u00a0Ministerio de Salud P\u00fablica\u00a0exhort\u00f3 este martes a la poblaci\u00f3n a reforzar las\u00a0medidas de prevenci\u00f3n\u00a0para proteger la salud y evitar brotes de\u00a0enfermedades\u00a0que suelen&hellip;\" \/>\n<meta property=\"og:url\" content=\"https:\/\/elglobal.do\/index.php\/2025\/10\/27\/salud-publica-llama-a-reforzar-prevencion-de-enfermedades-ante-huracan-melissa\/\" \/>\n<meta property=\"og:site_name\" content=\"EL GLOBAL INFORMATIVO\" \/>\n<meta property=\"article:published_time\" content=\"2025-10-27T17:12:05+00:00\" \/>\n<meta property=\"article:modified_time\" content=\"2025-10-27T17:12:09+00:00\" \/>\n<meta property=\"og:image\" content=\"https:\/\/elglobal.do\/wp-content\/uploads\/2025\/10\/image-154.png\" \/>\n\t<meta property=\"og:image:width\" content=\"896\" \/>\n\t<meta property=\"og:image:height\" content=\"504\" \/>\n\t<meta property=\"og:image:type\" content=\"image\/png\" \/>\n<meta name=\"author\" content=\"EL GLOBAL\" \/>\n<meta name=\"twitter:card\" content=\"summary_large_image\" \/>\n<meta name=\"twitter:label1\" content=\"Escrito por\" \/>\n\t<meta name=\"twitter:data1\" content=\"EL GLOBAL\" \/>\n\t<meta name=\"twitter:label2\" content=\"Tiempo de lectura\" \/>\n\t<meta name=\"twitter:data2\" content=\"2 minutos\" \/>\n<script type=\"application\/ld+json\" class=\"yoast-schema-graph\">{\"@context\":\"https:\/\/schema.org\",\"@graph\":[{\"@type\":\"Article\",\"@id\":\"https:\/\/elglobal.do\/index.php\/2025\/10\/27\/salud-publica-llama-a-reforzar-prevencion-de-enfermedades-ante-huracan-melissa\/#article\",\"isPartOf\":{\"@id\":\"https:\/\/elglobal.do\/index.php\/2025\/10\/27\/salud-publica-llama-a-reforzar-prevencion-de-enfermedades-ante-huracan-melissa\/\"},\"author\":{\"name\":\"EL GLOBAL\",\"@id\":\"https:\/\/elglobal.do\/#\/schema\/person\/0c97ec2c7714fb605d230c292f64d55f\"},\"headline\":\"Salud P\u00fablica llama a reforzar prevenci\u00f3n de enfermedades ante hurac\u00e1n Melissa\",\"datePublished\":\"2025-10-27T17:12:05+00:00\",\"dateModified\":\"2025-10-27T17:12:09+00:00\",\"mainEntityOfPage\":{\"@id\":\"https:\/\/elglobal.do\/index.php\/2025\/10\/27\/salud-publica-llama-a-reforzar-prevencion-de-enfermedades-ante-huracan-melissa\/\"},\"wordCount\":398,\"commentCount\":0,\"publisher\":{\"@id\":\"https:\/\/elglobal.do\/#organization\"},\"image\":{\"@id\":\"https:\/\/elglobal.do\/index.php\/2025\/10\/27\/salud-publica-llama-a-reforzar-prevencion-de-enfermedades-ante-huracan-melissa\/#primaryimage\"},\"thumbnailUrl\":\"https:\/\/elglobal.do\/wp-content\/uploads\/2025\/10\/image-154.png\",\"keywords\":[\"#Hurac\u00e1n\",\"#lluvias\",\"#Prevenci\u00f3n\",\"#Recomendaciones\",\"#SaludP\u00fablica\"],\"articleSection\":[\"NACIONALES\"],\"inLanguage\":\"es\",\"potentialAction\":[{\"@type\":\"CommentAction\",\"name\":\"Comment\",\"target\":[\"https:\/\/elglobal.do\/index.php\/2025\/10\/27\/salud-publica-llama-a-reforzar-prevencion-de-enfermedades-ante-huracan-melissa\/#respond\"]}]},{\"@type\":\"WebPage\",\"@id\":\"https:\/\/elglobal.do\/index.php\/2025\/10\/27\/salud-publica-llama-a-reforzar-prevencion-de-enfermedades-ante-huracan-melissa\/\",\"url\":\"https:\/\/elglobal.do\/index.php\/2025\/10\/27\/salud-publica-llama-a-reforzar-prevencion-de-enfermedades-ante-huracan-melissa\/\",\"name\":\"Salud P\u00fablica llama a reforzar prevenci\u00f3n de enfermedades ante hurac\u00e1n Melissa - EL GLOBAL INFORMATIVO\",\"isPartOf\":{\"@id\":\"https:\/\/elglobal.do\/#website\"},\"primaryImageOfPage\":{\"@id\":\"https:\/\/elglobal.do\/index.php\/2025\/10\/27\/salud-publica-llama-a-reforzar-prevencion-de-enfermedades-ante-huracan-melissa\/#primaryimage\"},\"image\":{\"@id\":\"https:\/\/elglobal.do\/index.php\/2025\/10\/27\/salud-publica-llama-a-reforzar-prevencion-de-enfermedades-ante-huracan-melissa\/#primaryimage\"},\"thumbnailUrl\":\"https:\/\/elglobal.do\/wp-content\/uploads\/2025\/10\/image-154.png\",\"datePublished\":\"2025-10-27T17:12:05+00:00\",\"dateModified\":\"2025-10-27T17:12:09+00:00\",\"breadcrumb\":{\"@id\":\"https:\/\/elglobal.do\/index.php\/2025\/10\/27\/salud-publica-llama-a-reforzar-prevencion-de-enfermedades-ante-huracan-melissa\/#breadcrumb\"},\"inLanguage\":\"es\",\"potentialAction\":[{\"@type\":\"ReadAction\",\"target\":[\"https:\/\/elglobal.do\/index.php\/2025\/10\/27\/salud-publica-llama-a-reforzar-prevencion-de-enfermedades-ante-huracan-melissa\/\"]}]},{\"@type\":\"ImageObject\",\"inLanguage\":\"es\",\"@id\":\"https:\/\/elglobal.do\/index.php\/2025\/10\/27\/salud-publica-llama-a-reforzar-prevencion-de-enfermedades-ante-huracan-melissa\/#primaryimage\",\"url\":\"https:\/\/elglobal.do\/wp-content\/uploads\/2025\/10\/image-154.png\",\"contentUrl\":\"https:\/\/elglobal.do\/wp-content\/uploads\/2025\/10\/image-154.png\",\"width\":896,\"height\":504},{\"@type\":\"BreadcrumbList\",\"@id\":\"https:\/\/elglobal.do\/index.php\/2025\/10\/27\/salud-publica-llama-a-reforzar-prevencion-de-enfermedades-ante-huracan-melissa\/#breadcrumb\",\"itemListElement\":[{\"@type\":\"ListItem\",\"position\":1,\"name\":\"Portada\",\"item\":\"https:\/\/elglobal.do\/\"},{\"@type\":\"ListItem\",\"position\":2,\"name\":\"Salud P\u00fablica llama a reforzar prevenci\u00f3n de enfermedades ante hurac\u00e1n Melissa\"}]},{\"@type\":\"WebSite\",\"@id\":\"https:\/\/elglobal.do\/#website\",\"url\":\"https:\/\/elglobal.do\/\",\"name\":\"EL GLOBAL INFORMATIVO\",\"description\":\"Peri\u00f3dico digital de la Rep\u00fablica Dominicana que ofrece noticias, novedades, pol\u00edtica y las \u00faltimas actualidades, con informaci\u00f3n veraz y oportuna para mantenerte siempre informad\",\"publisher\":{\"@id\":\"https:\/\/elglobal.do\/#organization\"},\"potentialAction\":[{\"@type\":\"SearchAction\",\"target\":{\"@type\":\"EntryPoint\",\"urlTemplate\":\"https:\/\/elglobal.do\/?s={search_term_string}\"},\"query-input\":{\"@type\":\"PropertyValueSpecification\",\"valueRequired\":true,\"valueName\":\"search_term_string\"}}],\"inLanguage\":\"es\"},{\"@type\":\"Organization\",\"@id\":\"https:\/\/elglobal.do\/#organization\",\"name\":\"EL GLOBAL.DO INFORMATIVO\",\"url\":\"https:\/\/elglobal.do\/\",\"logo\":{\"@type\":\"ImageObject\",\"inLanguage\":\"es\",\"@id\":\"https:\/\/elglobal.do\/#\/schema\/logo\/image\/\",\"url\":\"https:\/\/elglobal.do\/wp-content\/uploads\/2025\/08\/icon.png\",\"contentUrl\":\"https:\/\/elglobal.do\/wp-content\/uploads\/2025\/08\/icon.png\",\"width\":512,\"height\":512,\"caption\":\"EL GLOBAL.DO INFORMATIVO\"},\"image\":{\"@id\":\"https:\/\/elglobal.do\/#\/schema\/logo\/image\/\"}},{\"@type\":\"Person\",\"@id\":\"https:\/\/elglobal.do\/#\/schema\/person\/0c97ec2c7714fb605d230c292f64d55f\",\"name\":\"EL GLOBAL\",\"image\":{\"@type\":\"ImageObject\",\"inLanguage\":\"es\",\"@id\":\"https:\/\/elglobal.do\/#\/schema\/person\/image\/\",\"url\":\"https:\/\/secure.gravatar.com\/avatar\/081cfb6cf99faddc6f4e23a0c11ab98c5cf302925382d1c88dc3ed757ab910a3?s=96&d=mm&r=g\",\"contentUrl\":\"https:\/\/secure.gravatar.com\/avatar\/081cfb6cf99faddc6f4e23a0c11ab98c5cf302925382d1c88dc3ed757ab910a3?s=96&d=mm&r=g\",\"caption\":\"EL GLOBAL\"},\"description\":\"El Global Informativo es un peri\u00f3dico digital de Rep\u00fablica Dominicana que se dedica a cubrir temas importantes, como la pol\u00edtica local, geopol\u00edtica, econom\u00eda, tecnolog\u00eda, noticias internacionales y eventos relacionados con la gesti\u00f3n social, cultural y humana. Su objetivo principal es mantener a la poblaci\u00f3n informada, ofreciendo una visi\u00f3n amplia y actualizada de lo que sucede tanto en el pa\u00eds como en el mundo. Est\u00e1 dirigido por un grupo de periodistas experimentados, lo que garantiza la calidad y la precisi\u00f3n de la informaci\u00f3n que ofrecen. Tiene su sede en la ciudad de Santo Domingo y es parte integral del portafolio de la empresa, MC Global S.R.L.\",\"sameAs\":[\"https:\/\/elglobal.do\",\"https:\/\/www.instagram.com\/elglobal.do_informativo\/\"],\"url\":\"https:\/\/elglobal.do\/index.php\/author\/elglobaluserpro\/\"}]}<\/script>\n<!-- \/ Yoast SEO plugin. -->","yoast_head_json":{"title":"Salud P\u00fablica llama a reforzar prevenci\u00f3n de enfermedades ante hurac\u00e1n Melissa - EL GLOBAL INFORMATIVO","robots":{"index":"index","follow":"follow","max-snippet":"max-snippet:-1","max-image-preview":"max-image-preview:large","max-video-preview":"max-video-preview:-1"},"canonical":"https:\/\/elglobal.do\/index.php\/2025\/10\/27\/salud-publica-llama-a-reforzar-prevencion-de-enfermedades-ante-huracan-melissa\/","og_locale":"es_ES","og_type":"article","og_title":"Salud P\u00fablica llama a reforzar prevenci\u00f3n de enfermedades ante hurac\u00e1n Melissa - EL GLOBAL INFORMATIVO","og_description":"Santo Domingo.- Ante los efectos del Hurac\u00e1n Melissa, el\u00a0Ministerio de Salud P\u00fablica\u00a0exhort\u00f3 este martes a la poblaci\u00f3n a reforzar las\u00a0medidas de prevenci\u00f3n\u00a0para proteger la salud y evitar brotes de\u00a0enfermedades\u00a0que suelen&hellip;","og_url":"https:\/\/elglobal.do\/index.php\/2025\/10\/27\/salud-publica-llama-a-reforzar-prevencion-de-enfermedades-ante-huracan-melissa\/","og_site_name":"EL GLOBAL INFORMATIVO","article_published_time":"2025-10-27T17:12:05+00:00","article_modified_time":"2025-10-27T17:12:09+00:00","og_image":[{"width":896,"height":504,"url":"https:\/\/elglobal.do\/wp-content\/uploads\/2025\/10\/image-154.png","type":"image\/png"}],"author":"EL GLOBAL","twitter_card":"summary_large_image","twitter_misc":{"Escrito por":"EL GLOBAL","Tiempo de lectura":"2 minutos"},"schema":{"@context":"https:\/\/schema.org","@graph":[{"@type":"Article","@id":"https:\/\/elglobal.do\/index.php\/2025\/10\/27\/salud-publica-llama-a-reforzar-prevencion-de-enfermedades-ante-huracan-melissa\/#article","isPartOf":{"@id":"https:\/\/elglobal.do\/index.php\/2025\/10\/27\/salud-publica-llama-a-reforzar-prevencion-de-enfermedades-ante-huracan-melissa\/"},"author":{"name":"EL GLOBAL","@id":"https:\/\/elglobal.do\/#\/schema\/person\/0c97ec2c7714fb605d230c292f64d55f"},"headline":"Salud P\u00fablica llama a reforzar prevenci\u00f3n de enfermedades ante hurac\u00e1n Melissa","datePublished":"2025-10-27T17:12:05+00:00","dateModified":"2025-10-27T17:12:09+00:00","mainEntityOfPage":{"@id":"https:\/\/elglobal.do\/index.php\/2025\/10\/27\/salud-publica-llama-a-reforzar-prevencion-de-enfermedades-ante-huracan-melissa\/"},"wordCount":398,"commentCount":0,"publisher":{"@id":"https:\/\/elglobal.do\/#organization"},"image":{"@id":"https:\/\/elglobal.do\/index.php\/2025\/10\/27\/salud-publica-llama-a-reforzar-prevencion-de-enfermedades-ante-huracan-melissa\/#primaryimage"},"thumbnailUrl":"https:\/\/elglobal.do\/wp-content\/uploads\/2025\/10\/image-154.png","keywords":["#Hurac\u00e1n","#lluvias","#Prevenci\u00f3n","#Recomendaciones","#SaludP\u00fablica"],"articleSection":["NACIONALES"],"inLanguage":"es","potentialAction":[{"@type":"CommentAction","name":"Comment","target":["https:\/\/elglobal.do\/index.php\/2025\/10\/27\/salud-publica-llama-a-reforzar-prevencion-de-enfermedades-ante-huracan-melissa\/#respond"]}]},{"@type":"WebPage","@id":"https:\/\/elglobal.do\/index.php\/2025\/10\/27\/salud-publica-llama-a-reforzar-prevencion-de-enfermedades-ante-huracan-melissa\/","url":"https:\/\/elglobal.do\/index.php\/2025\/10\/27\/salud-publica-llama-a-reforzar-prevencion-de-enfermedades-ante-huracan-melissa\/","name":"Salud P\u00fablica llama a reforzar prevenci\u00f3n de enfermedades ante hurac\u00e1n Melissa - EL GLOBAL INFORMATIVO","isPartOf":{"@id":"https:\/\/elglobal.do\/#website"},"primaryImageOfPage":{"@id":"https:\/\/elglobal.do\/index.php\/2025\/10\/27\/salud-publica-llama-a-reforzar-prevencion-de-enfermedades-ante-huracan-melissa\/#primaryimage"},"image":{"@id":"https:\/\/elglobal.do\/index.php\/2025\/10\/27\/salud-publica-llama-a-reforzar-prevencion-de-enfermedades-ante-huracan-melissa\/#primaryimage"},"thumbnailUrl":"https:\/\/elglobal.do\/wp-content\/uploads\/2025\/10\/image-154.png","datePublished":"2025-10-27T17:12:05+00:00","dateModified":"2025-10-27T17:12:09+00:00","breadcrumb":{"@id":"https:\/\/elglobal.do\/index.php\/2025\/10\/27\/salud-publica-llama-a-reforzar-prevencion-de-enfermedades-ante-huracan-melissa\/#breadcrumb"},"inLanguage":"es","potentialAction":[{"@type":"ReadAction","target":["https:\/\/elglobal.do\/index.php\/2025\/10\/27\/salud-publica-llama-a-reforzar-prevencion-de-enfermedades-ante-huracan-melissa\/"]}]},{"@type":"ImageObject","inLanguage":"es","@id":"https:\/\/elglobal.do\/index.php\/2025\/10\/27\/salud-publica-llama-a-reforzar-prevencion-de-enfermedades-ante-huracan-melissa\/#primaryimage","url":"https:\/\/elglobal.do\/wp-content\/uploads\/2025\/10\/image-154.png","contentUrl":"https:\/\/elglobal.do\/wp-content\/uploads\/2025\/10\/image-154.png","width":896,"height":504},{"@type":"BreadcrumbList","@id":"https:\/\/elglobal.do\/index.php\/2025\/10\/27\/salud-publica-llama-a-reforzar-prevencion-de-enfermedades-ante-huracan-melissa\/#breadcrumb","itemListElement":[{"@type":"ListItem","position":1,"name":"Portada","item":"https:\/\/elglobal.do\/"},{"@type":"ListItem","position":2,"name":"Salud P\u00fablica llama a reforzar prevenci\u00f3n de enfermedades ante hurac\u00e1n Melissa"}]},{"@type":"WebSite","@id":"https:\/\/elglobal.do\/#website","url":"https:\/\/elglobal.do\/","name":"EL GLOBAL INFORMATIVO","description":"Peri\u00f3dico digital de la Rep\u00fablica Dominicana que ofrece noticias, novedades, pol\u00edtica y las \u00faltimas actualidades, con informaci\u00f3n veraz y oportuna para mantenerte siempre informad","publisher":{"@id":"https:\/\/elglobal.do\/#organization"},"potentialAction":[{"@type":"SearchAction","target":{"@type":"EntryPoint","urlTemplate":"https:\/\/elglobal.do\/?s={search_term_string}"},"query-input":{"@type":"PropertyValueSpecification","valueRequired":true,"valueName":"search_term_string"}}],"inLanguage":"es"},{"@type":"Organization","@id":"https:\/\/elglobal.do\/#organization","name":"EL GLOBAL.DO INFORMATIVO","url":"https:\/\/elglobal.do\/","logo":{"@type":"ImageObject","inLanguage":"es","@id":"https:\/\/elglobal.do\/#\/schema\/logo\/image\/","url":"https:\/\/elglobal.do\/wp-content\/uploads\/2025\/08\/icon.png","contentUrl":"https:\/\/elglobal.do\/wp-content\/uploads\/2025\/08\/icon.png","width":512,"height":512,"caption":"EL GLOBAL.DO INFORMATIVO"},"image":{"@id":"https:\/\/elglobal.do\/#\/schema\/logo\/image\/"}},{"@type":"Person","@id":"https:\/\/elglobal.do\/#\/schema\/person\/0c97ec2c7714fb605d230c292f64d55f","name":"EL GLOBAL","image":{"@type":"ImageObject","inLanguage":"es","@id":"https:\/\/elglobal.do\/#\/schema\/person\/image\/","url":"https:\/\/secure.gravatar.com\/avatar\/081cfb6cf99faddc6f4e23a0c11ab98c5cf302925382d1c88dc3ed757ab910a3?s=96&d=mm&r=g","contentUrl":"https:\/\/secure.gravatar.com\/avatar\/081cfb6cf99faddc6f4e23a0c11ab98c5cf302925382d1c88dc3ed757ab910a3?s=96&d=mm&r=g","caption":"EL GLOBAL"},"description":"El Global Informativo es un peri\u00f3dico digital de Rep\u00fablica Dominicana que se dedica a cubrir temas importantes, como la pol\u00edtica local, geopol\u00edtica, econom\u00eda, tecnolog\u00eda, noticias internacionales y eventos relacionados con la gesti\u00f3n social, cultural y humana. Su objetivo principal es mantener a la poblaci\u00f3n informada, ofreciendo una visi\u00f3n amplia y actualizada de lo que sucede tanto en el pa\u00eds como en el mundo. Est\u00e1 dirigido por un grupo de periodistas experimentados, lo que garantiza la calidad y la precisi\u00f3n de la informaci\u00f3n que ofrecen. Tiene su sede en la ciudad de Santo Domingo y es parte integral del portafolio de la empresa, MC Global S.R.L.","sameAs":["https:\/\/elglobal.do","https:\/\/www.instagram.com\/elglobal.do_informativo\/"],"url":"https:\/\/elglobal.do\/index.php\/author\/elglobaluserpro\/"}]}},"jetpack_featured_media_url":"https:\/\/elglobal.do\/wp-content\/uploads\/2025\/10\/image-154.png","jetpack_sharing_enabled":true,"_links":{"self":[{"href":"https:\/\/elglobal.do\/index.php\/wp-json\/wp\/v2\/posts\/3516","targetHints":{"allow":["GET"]}}],"collection":[{"href":"https:\/\/elglobal.do\/index.php\/wp-json\/wp\/v2\/posts"}],"about":[{"href":"https:\/\/elglobal.do\/index.php\/wp-json\/wp\/v2\/types\/post"}],"author":[{"embeddable":true,"href":"https:\/\/elglobal.do\/index.php\/wp-json\/wp\/v2\/users\/1"}],"replies":[{"embeddable":true,"href":"https:\/\/elglobal.do\/index.php\/wp-json\/wp\/v2\/comments?post=3516"}],"version-history":[{"count":1,"href":"https:\/\/elglobal.do\/index.php\/wp-json\/wp\/v2\/posts\/3516\/revisions"}],"predecessor-version":[{"id":3518,"href":"https:\/\/elglobal.do\/index.php\/wp-json\/wp\/v2\/posts\/3516\/revisions\/3518"}],"wp:featuredmedia":[{"embeddable":true,"href":"https:\/\/elglobal.do\/index.php\/wp-json\/wp\/v2\/media\/3517"}],"wp:attachment":[{"href":"https:\/\/elglobal.do\/index.php\/wp-json\/wp\/v2\/media?parent=3516"}],"wp:term":[{"taxonomy":"category","embeddable":true,"href":"https:\/\/elglobal.do\/index.php\/wp-json\/wp\/v2\/categories?post=3516"},{"taxonomy":"post_tag","embeddable":true,"href":"https:\/\/elglobal.do\/index.php\/wp-json\/wp\/v2\/tags?post=3516"}],"curies":[{"name":"wp","href":"https:\/\/api.w.org\/{rel}","templated":true}]}}