{"id":3540,"date":"2025-10-28T11:03:49","date_gmt":"2025-10-28T15:03:49","guid":{"rendered":"https:\/\/elglobal.do\/?p=3540"},"modified":"2025-10-28T11:03:52","modified_gmt":"2025-10-28T15:03:52","slug":"director-del-coe-llama-a-no-descuidarse-frente-a-las-lluvias","status":"publish","type":"post","link":"https:\/\/elglobal.do\/index.php\/2025\/10\/28\/director-del-coe-llama-a-no-descuidarse-frente-a-las-lluvias\/","title":{"rendered":"Director del COE llama a \u201cno descuidarse\u201d frente a las lluvias"},"content":{"rendered":"<div class=\"wp-block-image\">\n<figure class=\"alignright size-full is-resized\"><img loading=\"lazy\" decoding=\"async\" width=\"614\" height=\"471\" src=\"https:\/\/elglobal.do\/wp-content\/uploads\/2025\/10\/image-163.png\" alt=\"\" class=\"wp-image-3541\" style=\"width:418px;height:auto\" srcset=\"https:\/\/elglobal.do\/wp-content\/uploads\/2025\/10\/image-163.png 614w, https:\/\/elglobal.do\/wp-content\/uploads\/2025\/10\/image-163-300x230.png 300w\" sizes=\"auto, (max-width: 614px) 100vw, 614px\" \/><\/figure>\n<\/div>\n\n\n<p><strong>Santo Domingo.-<\/strong> El Centro de Operaciones de Emergencias (COE) inform\u00f3 la ma\u00f1ana de este martes que 3,785 personas permanecen desplazadas por las inundaciones, de las que 38 est\u00e1n en albergues oficiales.<\/p>\n\n\n\n<p id=\"m105373-105372-105374\">Mientras que 737 viviendas resultaron afectadas, 18 de estas de forma parcial y dos destruidas. Las carretas afectadas suman cuatro; dos puentes y 48 comunidades incomunicadas.<\/p>\n\n\n\n<p id=\"m105378-105377-105379\">El director del COE, hace un llamado a la poblaci\u00f3n y a los organismos de respuesta a no bajar la guardia ni descuidarse, debido a que las lluvias continuaran la pr\u00f3ximas 24 a 72 horas.<\/p>\n\n\n\n<p id=\"m105395-105394-105396\">En cuanto a los acueductos, el Instituto Nacional de Aguas Potables y Alcantarillados (INAPA), debido a las fuertes lluvias, 32 est\u00e1n fuera de servicio, afectando unos 262,349 usuarios.<\/p>\n\n\n\n<p id=\"m105400-105399-105401\"><strong>Advertencia en las costas<\/strong><\/p>\n\n\n\n<p id=\"m105405-105404-105406\">En el suroeste de la Costa Caribe\u00f1a se instruye a los organismos de protecci\u00f3n civil, a tomar todas las medidas preventivas de lugar, a fin de preservar la vida de los usuarios de dicha costa, debido a probables rompientes y corrientes de resaca.<\/p>\n\n\n\n<p id=\"m105410-105409-105411\">\u201cEn la costa caribe\u00f1a, espec\u00edficamente en la porci\u00f3n suroeste, desde Cabo Beata, Pedernales hasta Punta Salinas, Bani, recomendamos a los operadores de fr\u00e1giles, peque\u00f1as y medianas embarcaciones permanecer en puerto debido a viento y olas peligrosas. El resto de la costa caribe\u00f1a puede realizar sus actividades con la debida precauci\u00f3n. Mientras que para la costa Atl\u00e1ntica, desde Monte Cristi hasta Puerto Plata, recomendamos navegar cerca del per\u00edmetro costero sin aventurarse mar adentro\u201d.<\/p>\n\n\n\n<p id=\"m105415-105414-105416\">Alerta<\/p>\n\n\n\n<p id=\"m105420-105419-105421\">El COE mantiene en&nbsp;<strong>alerta roja<\/strong>&nbsp;a Barahona, Pedernales, Independencia y Bahoruco. Adem\u00e1s, en&nbsp;<strong>alerta amarilla&nbsp;<\/strong>se encuentran Dajab\u00f3n, San Jos\u00e9 de Ocoa, Az\u00faa, Monte Plata, El\u00edas Pi\u00f1a, Peravia, San Juan, Monte Cristi y San Crist\u00f3bal. En alerta roja est\u00e1n Bahoruco, Barahona, Pedernales e Independencia.<\/p>\n\n\n\n<p>En\u00a0<strong>alerta verde<\/strong>\u00a0siguen Monse\u00f1or Nouel, San Pedro de Macor\u00eds, La Romana, Hato Mayor, La Altagracia, Santiago Rodr\u00edguez, Saman\u00e1, El Seibo y Duarte.<\/p>\n\n\n\n<p><\/p>\n","protected":false},"excerpt":{"rendered":"<p>Santo Domingo.- El Centro de Operaciones de Emergencias (COE) inform\u00f3 la ma\u00f1ana de este martes que 3,785 personas permanecen desplazadas por las inundaciones, de las que 38 est\u00e1n en albergues&hellip; <\/p>\n","protected":false},"author":1,"featured_media":3541,"comment_status":"open","ping_status":"open","sticky":false,"template":"","format":"standard","meta":{"_jetpack_memberships_contains_paid_content":false,"footnotes":""},"categories":[40,14],"tags":[216,1883,124,217,1864],"class_list":["post-3540","post","type-post","status-publish","format-standard","has-post-thumbnail","hentry","category-nacionales","category-slider","tag-coe","tag-director","tag-huracan","tag-lluvias","tag-melissa"],"yoast_head":"<!-- This site is optimized with the Yoast SEO plugin v26.9 - https:\/\/yoast.com\/product\/yoast-seo-wordpress\/ -->\n<title>Director del COE llama a \u201cno descuidarse\u201d frente a las lluvias - EL GLOBAL INFORMATIVO<\/title>\n<meta name=\"robots\" content=\"index, follow, max-snippet:-1, max-image-preview:large, max-video-preview:-1\" \/>\n<link rel=\"canonical\" href=\"https:\/\/elglobal.do\/index.php\/2025\/10\/28\/director-del-coe-llama-a-no-descuidarse-frente-a-las-lluvias\/\" \/>\n<meta property=\"og:locale\" content=\"es_ES\" \/>\n<meta property=\"og:type\" content=\"article\" \/>\n<meta property=\"og:title\" content=\"Director del COE llama a \u201cno descuidarse\u201d frente a las lluvias - EL GLOBAL INFORMATIVO\" \/>\n<meta property=\"og:description\" content=\"Santo Domingo.- El Centro de Operaciones de Emergencias (COE) inform\u00f3 la ma\u00f1ana de este martes que 3,785 personas permanecen desplazadas por las inundaciones, de las que 38 est\u00e1n en albergues&hellip;\" \/>\n<meta property=\"og:url\" content=\"https:\/\/elglobal.do\/index.php\/2025\/10\/28\/director-del-coe-llama-a-no-descuidarse-frente-a-las-lluvias\/\" \/>\n<meta property=\"og:site_name\" content=\"EL GLOBAL INFORMATIVO\" \/>\n<meta property=\"article:published_time\" content=\"2025-10-28T15:03:49+00:00\" \/>\n<meta property=\"article:modified_time\" content=\"2025-10-28T15:03:52+00:00\" \/>\n<meta property=\"og:image\" content=\"https:\/\/elglobal.do\/wp-content\/uploads\/2025\/10\/image-163.png\" \/>\n\t<meta property=\"og:image:width\" content=\"614\" \/>\n\t<meta property=\"og:image:height\" content=\"471\" \/>\n\t<meta property=\"og:image:type\" content=\"image\/png\" \/>\n<meta name=\"author\" content=\"EL GLOBAL\" \/>\n<meta name=\"twitter:card\" content=\"summary_large_image\" \/>\n<meta name=\"twitter:label1\" content=\"Escrito por\" \/>\n\t<meta name=\"twitter:data1\" content=\"EL GLOBAL\" \/>\n\t<meta name=\"twitter:label2\" content=\"Tiempo de lectura\" \/>\n\t<meta name=\"twitter:data2\" content=\"2 minutos\" \/>\n<script type=\"application\/ld+json\" class=\"yoast-schema-graph\">{\"@context\":\"https:\/\/schema.org\",\"@graph\":[{\"@type\":\"Article\",\"@id\":\"https:\/\/elglobal.do\/index.php\/2025\/10\/28\/director-del-coe-llama-a-no-descuidarse-frente-a-las-lluvias\/#article\",\"isPartOf\":{\"@id\":\"https:\/\/elglobal.do\/index.php\/2025\/10\/28\/director-del-coe-llama-a-no-descuidarse-frente-a-las-lluvias\/\"},\"author\":{\"name\":\"EL GLOBAL\",\"@id\":\"https:\/\/elglobal.do\/#\/schema\/person\/0c97ec2c7714fb605d230c292f64d55f\"},\"headline\":\"Director del COE llama a \u201cno descuidarse\u201d frente a las lluvias\",\"datePublished\":\"2025-10-28T15:03:49+00:00\",\"dateModified\":\"2025-10-28T15:03:52+00:00\",\"mainEntityOfPage\":{\"@id\":\"https:\/\/elglobal.do\/index.php\/2025\/10\/28\/director-del-coe-llama-a-no-descuidarse-frente-a-las-lluvias\/\"},\"wordCount\":341,\"commentCount\":0,\"publisher\":{\"@id\":\"https:\/\/elglobal.do\/#organization\"},\"image\":{\"@id\":\"https:\/\/elglobal.do\/index.php\/2025\/10\/28\/director-del-coe-llama-a-no-descuidarse-frente-a-las-lluvias\/#primaryimage\"},\"thumbnailUrl\":\"https:\/\/elglobal.do\/wp-content\/uploads\/2025\/10\/image-163.png\",\"keywords\":[\"#coe\",\"#Director\",\"#Hurac\u00e1n\",\"#lluvias\",\"#Melissa\"],\"articleSection\":[\"NACIONALES\",\"NOTICIAS RELEVANTES\"],\"inLanguage\":\"es\",\"potentialAction\":[{\"@type\":\"CommentAction\",\"name\":\"Comment\",\"target\":[\"https:\/\/elglobal.do\/index.php\/2025\/10\/28\/director-del-coe-llama-a-no-descuidarse-frente-a-las-lluvias\/#respond\"]}]},{\"@type\":\"WebPage\",\"@id\":\"https:\/\/elglobal.do\/index.php\/2025\/10\/28\/director-del-coe-llama-a-no-descuidarse-frente-a-las-lluvias\/\",\"url\":\"https:\/\/elglobal.do\/index.php\/2025\/10\/28\/director-del-coe-llama-a-no-descuidarse-frente-a-las-lluvias\/\",\"name\":\"Director del COE llama a \u201cno descuidarse\u201d frente a las lluvias - EL GLOBAL INFORMATIVO\",\"isPartOf\":{\"@id\":\"https:\/\/elglobal.do\/#website\"},\"primaryImageOfPage\":{\"@id\":\"https:\/\/elglobal.do\/index.php\/2025\/10\/28\/director-del-coe-llama-a-no-descuidarse-frente-a-las-lluvias\/#primaryimage\"},\"image\":{\"@id\":\"https:\/\/elglobal.do\/index.php\/2025\/10\/28\/director-del-coe-llama-a-no-descuidarse-frente-a-las-lluvias\/#primaryimage\"},\"thumbnailUrl\":\"https:\/\/elglobal.do\/wp-content\/uploads\/2025\/10\/image-163.png\",\"datePublished\":\"2025-10-28T15:03:49+00:00\",\"dateModified\":\"2025-10-28T15:03:52+00:00\",\"breadcrumb\":{\"@id\":\"https:\/\/elglobal.do\/index.php\/2025\/10\/28\/director-del-coe-llama-a-no-descuidarse-frente-a-las-lluvias\/#breadcrumb\"},\"inLanguage\":\"es\",\"potentialAction\":[{\"@type\":\"ReadAction\",\"target\":[\"https:\/\/elglobal.do\/index.php\/2025\/10\/28\/director-del-coe-llama-a-no-descuidarse-frente-a-las-lluvias\/\"]}]},{\"@type\":\"ImageObject\",\"inLanguage\":\"es\",\"@id\":\"https:\/\/elglobal.do\/index.php\/2025\/10\/28\/director-del-coe-llama-a-no-descuidarse-frente-a-las-lluvias\/#primaryimage\",\"url\":\"https:\/\/elglobal.do\/wp-content\/uploads\/2025\/10\/image-163.png\",\"contentUrl\":\"https:\/\/elglobal.do\/wp-content\/uploads\/2025\/10\/image-163.png\",\"width\":614,\"height\":471},{\"@type\":\"BreadcrumbList\",\"@id\":\"https:\/\/elglobal.do\/index.php\/2025\/10\/28\/director-del-coe-llama-a-no-descuidarse-frente-a-las-lluvias\/#breadcrumb\",\"itemListElement\":[{\"@type\":\"ListItem\",\"position\":1,\"name\":\"Portada\",\"item\":\"https:\/\/elglobal.do\/\"},{\"@type\":\"ListItem\",\"position\":2,\"name\":\"Director del COE llama a \u201cno descuidarse\u201d frente a las lluvias\"}]},{\"@type\":\"WebSite\",\"@id\":\"https:\/\/elglobal.do\/#website\",\"url\":\"https:\/\/elglobal.do\/\",\"name\":\"EL GLOBAL INFORMATIVO\",\"description\":\"Peri\u00f3dico digital de la Rep\u00fablica Dominicana que ofrece noticias, novedades, pol\u00edtica y las \u00faltimas actualidades, con informaci\u00f3n veraz y oportuna para mantenerte siempre informad\",\"publisher\":{\"@id\":\"https:\/\/elglobal.do\/#organization\"},\"potentialAction\":[{\"@type\":\"SearchAction\",\"target\":{\"@type\":\"EntryPoint\",\"urlTemplate\":\"https:\/\/elglobal.do\/?s={search_term_string}\"},\"query-input\":{\"@type\":\"PropertyValueSpecification\",\"valueRequired\":true,\"valueName\":\"search_term_string\"}}],\"inLanguage\":\"es\"},{\"@type\":\"Organization\",\"@id\":\"https:\/\/elglobal.do\/#organization\",\"name\":\"EL GLOBAL.DO INFORMATIVO\",\"url\":\"https:\/\/elglobal.do\/\",\"logo\":{\"@type\":\"ImageObject\",\"inLanguage\":\"es\",\"@id\":\"https:\/\/elglobal.do\/#\/schema\/logo\/image\/\",\"url\":\"https:\/\/elglobal.do\/wp-content\/uploads\/2025\/08\/icon.png\",\"contentUrl\":\"https:\/\/elglobal.do\/wp-content\/uploads\/2025\/08\/icon.png\",\"width\":512,\"height\":512,\"caption\":\"EL GLOBAL.DO INFORMATIVO\"},\"image\":{\"@id\":\"https:\/\/elglobal.do\/#\/schema\/logo\/image\/\"}},{\"@type\":\"Person\",\"@id\":\"https:\/\/elglobal.do\/#\/schema\/person\/0c97ec2c7714fb605d230c292f64d55f\",\"name\":\"EL GLOBAL\",\"image\":{\"@type\":\"ImageObject\",\"inLanguage\":\"es\",\"@id\":\"https:\/\/elglobal.do\/#\/schema\/person\/image\/\",\"url\":\"https:\/\/secure.gravatar.com\/avatar\/081cfb6cf99faddc6f4e23a0c11ab98c5cf302925382d1c88dc3ed757ab910a3?s=96&d=mm&r=g\",\"contentUrl\":\"https:\/\/secure.gravatar.com\/avatar\/081cfb6cf99faddc6f4e23a0c11ab98c5cf302925382d1c88dc3ed757ab910a3?s=96&d=mm&r=g\",\"caption\":\"EL GLOBAL\"},\"description\":\"El Global Informativo es un peri\u00f3dico digital de Rep\u00fablica Dominicana que se dedica a cubrir temas importantes, como la pol\u00edtica local, geopol\u00edtica, econom\u00eda, tecnolog\u00eda, noticias internacionales y eventos relacionados con la gesti\u00f3n social, cultural y humana. Su objetivo principal es mantener a la poblaci\u00f3n informada, ofreciendo una visi\u00f3n amplia y actualizada de lo que sucede tanto en el pa\u00eds como en el mundo. Est\u00e1 dirigido por un grupo de periodistas experimentados, lo que garantiza la calidad y la precisi\u00f3n de la informaci\u00f3n que ofrecen. Tiene su sede en la ciudad de Santo Domingo y es parte integral del portafolio de la empresa, MC Global S.R.L.\",\"sameAs\":[\"https:\/\/elglobal.do\",\"https:\/\/www.instagram.com\/elglobal.do_informativo\/\"],\"url\":\"https:\/\/elglobal.do\/index.php\/author\/elglobaluserpro\/\"}]}<\/script>\n<!-- \/ Yoast SEO plugin. -->","yoast_head_json":{"title":"Director del COE llama a \u201cno descuidarse\u201d frente a las lluvias - EL GLOBAL INFORMATIVO","robots":{"index":"index","follow":"follow","max-snippet":"max-snippet:-1","max-image-preview":"max-image-preview:large","max-video-preview":"max-video-preview:-1"},"canonical":"https:\/\/elglobal.do\/index.php\/2025\/10\/28\/director-del-coe-llama-a-no-descuidarse-frente-a-las-lluvias\/","og_locale":"es_ES","og_type":"article","og_title":"Director del COE llama a \u201cno descuidarse\u201d frente a las lluvias - EL GLOBAL INFORMATIVO","og_description":"Santo Domingo.- El Centro de Operaciones de Emergencias (COE) inform\u00f3 la ma\u00f1ana de este martes que 3,785 personas permanecen desplazadas por las inundaciones, de las que 38 est\u00e1n en albergues&hellip;","og_url":"https:\/\/elglobal.do\/index.php\/2025\/10\/28\/director-del-coe-llama-a-no-descuidarse-frente-a-las-lluvias\/","og_site_name":"EL GLOBAL INFORMATIVO","article_published_time":"2025-10-28T15:03:49+00:00","article_modified_time":"2025-10-28T15:03:52+00:00","og_image":[{"width":614,"height":471,"url":"https:\/\/elglobal.do\/wp-content\/uploads\/2025\/10\/image-163.png","type":"image\/png"}],"author":"EL GLOBAL","twitter_card":"summary_large_image","twitter_misc":{"Escrito por":"EL GLOBAL","Tiempo de lectura":"2 minutos"},"schema":{"@context":"https:\/\/schema.org","@graph":[{"@type":"Article","@id":"https:\/\/elglobal.do\/index.php\/2025\/10\/28\/director-del-coe-llama-a-no-descuidarse-frente-a-las-lluvias\/#article","isPartOf":{"@id":"https:\/\/elglobal.do\/index.php\/2025\/10\/28\/director-del-coe-llama-a-no-descuidarse-frente-a-las-lluvias\/"},"author":{"name":"EL GLOBAL","@id":"https:\/\/elglobal.do\/#\/schema\/person\/0c97ec2c7714fb605d230c292f64d55f"},"headline":"Director del COE llama a \u201cno descuidarse\u201d frente a las lluvias","datePublished":"2025-10-28T15:03:49+00:00","dateModified":"2025-10-28T15:03:52+00:00","mainEntityOfPage":{"@id":"https:\/\/elglobal.do\/index.php\/2025\/10\/28\/director-del-coe-llama-a-no-descuidarse-frente-a-las-lluvias\/"},"wordCount":341,"commentCount":0,"publisher":{"@id":"https:\/\/elglobal.do\/#organization"},"image":{"@id":"https:\/\/elglobal.do\/index.php\/2025\/10\/28\/director-del-coe-llama-a-no-descuidarse-frente-a-las-lluvias\/#primaryimage"},"thumbnailUrl":"https:\/\/elglobal.do\/wp-content\/uploads\/2025\/10\/image-163.png","keywords":["#coe","#Director","#Hurac\u00e1n","#lluvias","#Melissa"],"articleSection":["NACIONALES","NOTICIAS RELEVANTES"],"inLanguage":"es","potentialAction":[{"@type":"CommentAction","name":"Comment","target":["https:\/\/elglobal.do\/index.php\/2025\/10\/28\/director-del-coe-llama-a-no-descuidarse-frente-a-las-lluvias\/#respond"]}]},{"@type":"WebPage","@id":"https:\/\/elglobal.do\/index.php\/2025\/10\/28\/director-del-coe-llama-a-no-descuidarse-frente-a-las-lluvias\/","url":"https:\/\/elglobal.do\/index.php\/2025\/10\/28\/director-del-coe-llama-a-no-descuidarse-frente-a-las-lluvias\/","name":"Director del COE llama a \u201cno descuidarse\u201d frente a las lluvias - EL GLOBAL INFORMATIVO","isPartOf":{"@id":"https:\/\/elglobal.do\/#website"},"primaryImageOfPage":{"@id":"https:\/\/elglobal.do\/index.php\/2025\/10\/28\/director-del-coe-llama-a-no-descuidarse-frente-a-las-lluvias\/#primaryimage"},"image":{"@id":"https:\/\/elglobal.do\/index.php\/2025\/10\/28\/director-del-coe-llama-a-no-descuidarse-frente-a-las-lluvias\/#primaryimage"},"thumbnailUrl":"https:\/\/elglobal.do\/wp-content\/uploads\/2025\/10\/image-163.png","datePublished":"2025-10-28T15:03:49+00:00","dateModified":"2025-10-28T15:03:52+00:00","breadcrumb":{"@id":"https:\/\/elglobal.do\/index.php\/2025\/10\/28\/director-del-coe-llama-a-no-descuidarse-frente-a-las-lluvias\/#breadcrumb"},"inLanguage":"es","potentialAction":[{"@type":"ReadAction","target":["https:\/\/elglobal.do\/index.php\/2025\/10\/28\/director-del-coe-llama-a-no-descuidarse-frente-a-las-lluvias\/"]}]},{"@type":"ImageObject","inLanguage":"es","@id":"https:\/\/elglobal.do\/index.php\/2025\/10\/28\/director-del-coe-llama-a-no-descuidarse-frente-a-las-lluvias\/#primaryimage","url":"https:\/\/elglobal.do\/wp-content\/uploads\/2025\/10\/image-163.png","contentUrl":"https:\/\/elglobal.do\/wp-content\/uploads\/2025\/10\/image-163.png","width":614,"height":471},{"@type":"BreadcrumbList","@id":"https:\/\/elglobal.do\/index.php\/2025\/10\/28\/director-del-coe-llama-a-no-descuidarse-frente-a-las-lluvias\/#breadcrumb","itemListElement":[{"@type":"ListItem","position":1,"name":"Portada","item":"https:\/\/elglobal.do\/"},{"@type":"ListItem","position":2,"name":"Director del COE llama a \u201cno descuidarse\u201d frente a las lluvias"}]},{"@type":"WebSite","@id":"https:\/\/elglobal.do\/#website","url":"https:\/\/elglobal.do\/","name":"EL GLOBAL INFORMATIVO","description":"Peri\u00f3dico digital de la Rep\u00fablica Dominicana que ofrece noticias, novedades, pol\u00edtica y las \u00faltimas actualidades, con informaci\u00f3n veraz y oportuna para mantenerte siempre informad","publisher":{"@id":"https:\/\/elglobal.do\/#organization"},"potentialAction":[{"@type":"SearchAction","target":{"@type":"EntryPoint","urlTemplate":"https:\/\/elglobal.do\/?s={search_term_string}"},"query-input":{"@type":"PropertyValueSpecification","valueRequired":true,"valueName":"search_term_string"}}],"inLanguage":"es"},{"@type":"Organization","@id":"https:\/\/elglobal.do\/#organization","name":"EL GLOBAL.DO INFORMATIVO","url":"https:\/\/elglobal.do\/","logo":{"@type":"ImageObject","inLanguage":"es","@id":"https:\/\/elglobal.do\/#\/schema\/logo\/image\/","url":"https:\/\/elglobal.do\/wp-content\/uploads\/2025\/08\/icon.png","contentUrl":"https:\/\/elglobal.do\/wp-content\/uploads\/2025\/08\/icon.png","width":512,"height":512,"caption":"EL GLOBAL.DO INFORMATIVO"},"image":{"@id":"https:\/\/elglobal.do\/#\/schema\/logo\/image\/"}},{"@type":"Person","@id":"https:\/\/elglobal.do\/#\/schema\/person\/0c97ec2c7714fb605d230c292f64d55f","name":"EL GLOBAL","image":{"@type":"ImageObject","inLanguage":"es","@id":"https:\/\/elglobal.do\/#\/schema\/person\/image\/","url":"https:\/\/secure.gravatar.com\/avatar\/081cfb6cf99faddc6f4e23a0c11ab98c5cf302925382d1c88dc3ed757ab910a3?s=96&d=mm&r=g","contentUrl":"https:\/\/secure.gravatar.com\/avatar\/081cfb6cf99faddc6f4e23a0c11ab98c5cf302925382d1c88dc3ed757ab910a3?s=96&d=mm&r=g","caption":"EL GLOBAL"},"description":"El Global Informativo es un peri\u00f3dico digital de Rep\u00fablica Dominicana que se dedica a cubrir temas importantes, como la pol\u00edtica local, geopol\u00edtica, econom\u00eda, tecnolog\u00eda, noticias internacionales y eventos relacionados con la gesti\u00f3n social, cultural y humana. Su objetivo principal es mantener a la poblaci\u00f3n informada, ofreciendo una visi\u00f3n amplia y actualizada de lo que sucede tanto en el pa\u00eds como en el mundo. Est\u00e1 dirigido por un grupo de periodistas experimentados, lo que garantiza la calidad y la precisi\u00f3n de la informaci\u00f3n que ofrecen. Tiene su sede en la ciudad de Santo Domingo y es parte integral del portafolio de la empresa, MC Global S.R.L.","sameAs":["https:\/\/elglobal.do","https:\/\/www.instagram.com\/elglobal.do_informativo\/"],"url":"https:\/\/elglobal.do\/index.php\/author\/elglobaluserpro\/"}]}},"jetpack_featured_media_url":"https:\/\/elglobal.do\/wp-content\/uploads\/2025\/10\/image-163.png","jetpack_sharing_enabled":true,"_links":{"self":[{"href":"https:\/\/elglobal.do\/index.php\/wp-json\/wp\/v2\/posts\/3540","targetHints":{"allow":["GET"]}}],"collection":[{"href":"https:\/\/elglobal.do\/index.php\/wp-json\/wp\/v2\/posts"}],"about":[{"href":"https:\/\/elglobal.do\/index.php\/wp-json\/wp\/v2\/types\/post"}],"author":[{"embeddable":true,"href":"https:\/\/elglobal.do\/index.php\/wp-json\/wp\/v2\/users\/1"}],"replies":[{"embeddable":true,"href":"https:\/\/elglobal.do\/index.php\/wp-json\/wp\/v2\/comments?post=3540"}],"version-history":[{"count":1,"href":"https:\/\/elglobal.do\/index.php\/wp-json\/wp\/v2\/posts\/3540\/revisions"}],"predecessor-version":[{"id":3542,"href":"https:\/\/elglobal.do\/index.php\/wp-json\/wp\/v2\/posts\/3540\/revisions\/3542"}],"wp:featuredmedia":[{"embeddable":true,"href":"https:\/\/elglobal.do\/index.php\/wp-json\/wp\/v2\/media\/3541"}],"wp:attachment":[{"href":"https:\/\/elglobal.do\/index.php\/wp-json\/wp\/v2\/media?parent=3540"}],"wp:term":[{"taxonomy":"category","embeddable":true,"href":"https:\/\/elglobal.do\/index.php\/wp-json\/wp\/v2\/categories?post=3540"},{"taxonomy":"post_tag","embeddable":true,"href":"https:\/\/elglobal.do\/index.php\/wp-json\/wp\/v2\/tags?post=3540"}],"curies":[{"name":"wp","href":"https:\/\/api.w.org\/{rel}","templated":true}]}}