{"id":3578,"date":"2025-10-29T10:26:45","date_gmt":"2025-10-29T14:26:45","guid":{"rendered":"https:\/\/elglobal.do\/?p=3578"},"modified":"2025-10-29T10:26:48","modified_gmt":"2025-10-29T14:26:48","slug":"agricultura-afirma-que-las-zonas-arroceras-del-nordeste-estan-inundadas","status":"publish","type":"post","link":"https:\/\/elglobal.do\/index.php\/2025\/10\/29\/agricultura-afirma-que-las-zonas-arroceras-del-nordeste-estan-inundadas\/","title":{"rendered":"Agricultura afirma que las zonas arroceras del Nordeste est\u00e1n inundadas"},"content":{"rendered":"\n<figure class=\"wp-block-image size-full is-resized\"><img loading=\"lazy\" decoding=\"async\" width=\"800\" height=\"450\" src=\"https:\/\/elglobal.do\/wp-content\/uploads\/2025\/10\/image-175.png\" alt=\"\" class=\"wp-image-3579\" style=\"width:681px;height:auto\" srcset=\"https:\/\/elglobal.do\/wp-content\/uploads\/2025\/10\/image-175.png 800w, https:\/\/elglobal.do\/wp-content\/uploads\/2025\/10\/image-175-300x169.png 300w, https:\/\/elglobal.do\/wp-content\/uploads\/2025\/10\/image-175-768x432.png 768w\" sizes=\"auto, (max-width: 800px) 100vw, 800px\" \/><\/figure>\n\n\n\n<p><strong>Santo Domingo.-<\/strong> El&nbsp;<strong>ministro de Agricultura<\/strong>,&nbsp;<strong>Limber Cruz<\/strong>, revel\u00f3 que las zonas arroceras del nordeste del pa\u00eds se encuentran inundadas por efecto de las&nbsp;<strong>lluvias&nbsp;<\/strong>que han afectado el pa\u00eds tras el paso de la<strong>&nbsp;tormenta Melissa<\/strong>.<\/p>\n\n\n\n<p id=\"m93020-93019-93021\">El ministro destac\u00f3 que el Gobierno ir\u00e1 en auxilio de los sectores afectados en las diferentes zonas, y que Agricultura tiene un plan de acci\u00f3n para afrontar estas dificultades. Dijo que en la noche estaban convocados para declarar la situaci\u00f3n de emergencia, porque de esa forma resulta m\u00e1s r\u00e1pido poder ejecutar los recursos.<\/p>\n\n\n\n<p>El funcionario explic\u00f3 que se han identificado los da\u00f1os preliminares y se tiene un plan de acci\u00f3n para ir en auxilio de las zonas afectadas, por lo que se estar\u00e1 a la espera de la entrega de recursos para someter\u00a0<strong>licitaciones\u00a0<\/strong>y los procesos que haya que hacer en cumplimiento con el sistema de compras y contrataciones.<\/p>\n\n\n\n<p id=\"m93030-93029-93031\">Se\u00f1al\u00f3 que los problemas se resuelven con recursos y que en la semana ofrecer\u00e1 los detalles de c\u00f3mo van a empezar a resolverlos, aunque precis\u00f3 que el Ministerio no se ha detenido y los sectores productivos de varios cultivos est\u00e1n sembrando, tambi\u00e9n se ha intervenido caminos con equipos y recursos propios.<\/p>\n\n\n\n<p id=\"m93035-93034-93036\">Sostuvo que la adquisici\u00f3n de nuevas semillas o de equipos necesitar\u00e1n de nuevas licitaciones, del cumplimiento de los procesos, \u201cy en eso es que estamos, tenemos todo preparado para que el Gobierno otorgue los fondos y nos de la autorizaci\u00f3n para trabajar\u201d.<\/p>\n\n\n\n<p>Cruz destac\u00f3 que la ayuda a los sectores afectados se har\u00e1 mediante el mecanismo de compensaci\u00f3n de esas p\u00e9rdidas, porque los recursos son escasos.<\/p>\n\n\n\n<p><\/p>\n","protected":false},"excerpt":{"rendered":"<p>Santo Domingo.- El&nbsp;ministro de Agricultura,&nbsp;Limber Cruz, revel\u00f3 que las zonas arroceras del nordeste del pa\u00eds se encuentran inundadas por efecto de las&nbsp;lluvias&nbsp;que han afectado el pa\u00eds tras el paso de&hellip; <\/p>\n","protected":false},"author":1,"featured_media":3579,"comment_status":"open","ping_status":"open","sticky":false,"template":"","format":"standard","meta":{"_jetpack_memberships_contains_paid_content":false,"footnotes":""},"categories":[40],"tags":[915,1386,217,1898],"class_list":["post-3578","post","type-post","status-publish","format-standard","has-post-thumbnail","hentry","category-nacionales","tag-agricultura","tag-inundaciones","tag-lluvias","tag-zonasarroceras"],"yoast_head":"<!-- This site is optimized with the Yoast SEO plugin v26.9 - https:\/\/yoast.com\/product\/yoast-seo-wordpress\/ -->\n<title>Agricultura afirma que las zonas arroceras del Nordeste est\u00e1n inundadas - EL GLOBAL INFORMATIVO<\/title>\n<meta name=\"robots\" content=\"index, follow, max-snippet:-1, max-image-preview:large, max-video-preview:-1\" \/>\n<link rel=\"canonical\" href=\"https:\/\/elglobal.do\/index.php\/2025\/10\/29\/agricultura-afirma-que-las-zonas-arroceras-del-nordeste-estan-inundadas\/\" \/>\n<meta property=\"og:locale\" content=\"es_ES\" \/>\n<meta property=\"og:type\" content=\"article\" \/>\n<meta property=\"og:title\" content=\"Agricultura afirma que las zonas arroceras del Nordeste est\u00e1n inundadas - EL GLOBAL INFORMATIVO\" \/>\n<meta property=\"og:description\" content=\"Santo Domingo.- El&nbsp;ministro de Agricultura,&nbsp;Limber Cruz, revel\u00f3 que las zonas arroceras del nordeste del pa\u00eds se encuentran inundadas por efecto de las&nbsp;lluvias&nbsp;que han afectado el pa\u00eds tras el paso de&hellip;\" \/>\n<meta property=\"og:url\" content=\"https:\/\/elglobal.do\/index.php\/2025\/10\/29\/agricultura-afirma-que-las-zonas-arroceras-del-nordeste-estan-inundadas\/\" \/>\n<meta property=\"og:site_name\" content=\"EL GLOBAL INFORMATIVO\" \/>\n<meta property=\"article:published_time\" content=\"2025-10-29T14:26:45+00:00\" \/>\n<meta property=\"article:modified_time\" content=\"2025-10-29T14:26:48+00:00\" \/>\n<meta property=\"og:image\" content=\"https:\/\/elglobal.do\/wp-content\/uploads\/2025\/10\/image-175.png\" \/>\n\t<meta property=\"og:image:width\" content=\"800\" \/>\n\t<meta property=\"og:image:height\" content=\"450\" \/>\n\t<meta property=\"og:image:type\" content=\"image\/png\" \/>\n<meta name=\"author\" content=\"EL GLOBAL\" \/>\n<meta name=\"twitter:card\" content=\"summary_large_image\" \/>\n<meta name=\"twitter:label1\" content=\"Escrito por\" \/>\n\t<meta name=\"twitter:data1\" content=\"EL GLOBAL\" \/>\n\t<meta name=\"twitter:label2\" content=\"Tiempo de lectura\" \/>\n\t<meta name=\"twitter:data2\" content=\"2 minutos\" \/>\n<script type=\"application\/ld+json\" class=\"yoast-schema-graph\">{\"@context\":\"https:\/\/schema.org\",\"@graph\":[{\"@type\":\"Article\",\"@id\":\"https:\/\/elglobal.do\/index.php\/2025\/10\/29\/agricultura-afirma-que-las-zonas-arroceras-del-nordeste-estan-inundadas\/#article\",\"isPartOf\":{\"@id\":\"https:\/\/elglobal.do\/index.php\/2025\/10\/29\/agricultura-afirma-que-las-zonas-arroceras-del-nordeste-estan-inundadas\/\"},\"author\":{\"name\":\"EL GLOBAL\",\"@id\":\"https:\/\/elglobal.do\/#\/schema\/person\/0c97ec2c7714fb605d230c292f64d55f\"},\"headline\":\"Agricultura afirma que las zonas arroceras del Nordeste est\u00e1n inundadas\",\"datePublished\":\"2025-10-29T14:26:45+00:00\",\"dateModified\":\"2025-10-29T14:26:48+00:00\",\"mainEntityOfPage\":{\"@id\":\"https:\/\/elglobal.do\/index.php\/2025\/10\/29\/agricultura-afirma-que-las-zonas-arroceras-del-nordeste-estan-inundadas\/\"},\"wordCount\":298,\"commentCount\":0,\"publisher\":{\"@id\":\"https:\/\/elglobal.do\/#organization\"},\"image\":{\"@id\":\"https:\/\/elglobal.do\/index.php\/2025\/10\/29\/agricultura-afirma-que-las-zonas-arroceras-del-nordeste-estan-inundadas\/#primaryimage\"},\"thumbnailUrl\":\"https:\/\/elglobal.do\/wp-content\/uploads\/2025\/10\/image-175.png\",\"keywords\":[\"#Agricultura\",\"#Inundaciones\",\"#lluvias\",\"#Zonasarroceras\"],\"articleSection\":[\"NACIONALES\"],\"inLanguage\":\"es\",\"potentialAction\":[{\"@type\":\"CommentAction\",\"name\":\"Comment\",\"target\":[\"https:\/\/elglobal.do\/index.php\/2025\/10\/29\/agricultura-afirma-que-las-zonas-arroceras-del-nordeste-estan-inundadas\/#respond\"]}]},{\"@type\":\"WebPage\",\"@id\":\"https:\/\/elglobal.do\/index.php\/2025\/10\/29\/agricultura-afirma-que-las-zonas-arroceras-del-nordeste-estan-inundadas\/\",\"url\":\"https:\/\/elglobal.do\/index.php\/2025\/10\/29\/agricultura-afirma-que-las-zonas-arroceras-del-nordeste-estan-inundadas\/\",\"name\":\"Agricultura afirma que las zonas arroceras del Nordeste est\u00e1n inundadas - EL GLOBAL INFORMATIVO\",\"isPartOf\":{\"@id\":\"https:\/\/elglobal.do\/#website\"},\"primaryImageOfPage\":{\"@id\":\"https:\/\/elglobal.do\/index.php\/2025\/10\/29\/agricultura-afirma-que-las-zonas-arroceras-del-nordeste-estan-inundadas\/#primaryimage\"},\"image\":{\"@id\":\"https:\/\/elglobal.do\/index.php\/2025\/10\/29\/agricultura-afirma-que-las-zonas-arroceras-del-nordeste-estan-inundadas\/#primaryimage\"},\"thumbnailUrl\":\"https:\/\/elglobal.do\/wp-content\/uploads\/2025\/10\/image-175.png\",\"datePublished\":\"2025-10-29T14:26:45+00:00\",\"dateModified\":\"2025-10-29T14:26:48+00:00\",\"breadcrumb\":{\"@id\":\"https:\/\/elglobal.do\/index.php\/2025\/10\/29\/agricultura-afirma-que-las-zonas-arroceras-del-nordeste-estan-inundadas\/#breadcrumb\"},\"inLanguage\":\"es\",\"potentialAction\":[{\"@type\":\"ReadAction\",\"target\":[\"https:\/\/elglobal.do\/index.php\/2025\/10\/29\/agricultura-afirma-que-las-zonas-arroceras-del-nordeste-estan-inundadas\/\"]}]},{\"@type\":\"ImageObject\",\"inLanguage\":\"es\",\"@id\":\"https:\/\/elglobal.do\/index.php\/2025\/10\/29\/agricultura-afirma-que-las-zonas-arroceras-del-nordeste-estan-inundadas\/#primaryimage\",\"url\":\"https:\/\/elglobal.do\/wp-content\/uploads\/2025\/10\/image-175.png\",\"contentUrl\":\"https:\/\/elglobal.do\/wp-content\/uploads\/2025\/10\/image-175.png\",\"width\":800,\"height\":450},{\"@type\":\"BreadcrumbList\",\"@id\":\"https:\/\/elglobal.do\/index.php\/2025\/10\/29\/agricultura-afirma-que-las-zonas-arroceras-del-nordeste-estan-inundadas\/#breadcrumb\",\"itemListElement\":[{\"@type\":\"ListItem\",\"position\":1,\"name\":\"Portada\",\"item\":\"https:\/\/elglobal.do\/\"},{\"@type\":\"ListItem\",\"position\":2,\"name\":\"Agricultura afirma que las zonas arroceras del Nordeste est\u00e1n inundadas\"}]},{\"@type\":\"WebSite\",\"@id\":\"https:\/\/elglobal.do\/#website\",\"url\":\"https:\/\/elglobal.do\/\",\"name\":\"EL GLOBAL INFORMATIVO\",\"description\":\"Peri\u00f3dico digital de la Rep\u00fablica Dominicana que ofrece noticias, novedades, pol\u00edtica y las \u00faltimas actualidades, con informaci\u00f3n veraz y oportuna para mantenerte siempre informad\",\"publisher\":{\"@id\":\"https:\/\/elglobal.do\/#organization\"},\"potentialAction\":[{\"@type\":\"SearchAction\",\"target\":{\"@type\":\"EntryPoint\",\"urlTemplate\":\"https:\/\/elglobal.do\/?s={search_term_string}\"},\"query-input\":{\"@type\":\"PropertyValueSpecification\",\"valueRequired\":true,\"valueName\":\"search_term_string\"}}],\"inLanguage\":\"es\"},{\"@type\":\"Organization\",\"@id\":\"https:\/\/elglobal.do\/#organization\",\"name\":\"EL GLOBAL.DO INFORMATIVO\",\"url\":\"https:\/\/elglobal.do\/\",\"logo\":{\"@type\":\"ImageObject\",\"inLanguage\":\"es\",\"@id\":\"https:\/\/elglobal.do\/#\/schema\/logo\/image\/\",\"url\":\"https:\/\/elglobal.do\/wp-content\/uploads\/2025\/08\/icon.png\",\"contentUrl\":\"https:\/\/elglobal.do\/wp-content\/uploads\/2025\/08\/icon.png\",\"width\":512,\"height\":512,\"caption\":\"EL GLOBAL.DO INFORMATIVO\"},\"image\":{\"@id\":\"https:\/\/elglobal.do\/#\/schema\/logo\/image\/\"}},{\"@type\":\"Person\",\"@id\":\"https:\/\/elglobal.do\/#\/schema\/person\/0c97ec2c7714fb605d230c292f64d55f\",\"name\":\"EL GLOBAL\",\"image\":{\"@type\":\"ImageObject\",\"inLanguage\":\"es\",\"@id\":\"https:\/\/elglobal.do\/#\/schema\/person\/image\/\",\"url\":\"https:\/\/secure.gravatar.com\/avatar\/081cfb6cf99faddc6f4e23a0c11ab98c5cf302925382d1c88dc3ed757ab910a3?s=96&d=mm&r=g\",\"contentUrl\":\"https:\/\/secure.gravatar.com\/avatar\/081cfb6cf99faddc6f4e23a0c11ab98c5cf302925382d1c88dc3ed757ab910a3?s=96&d=mm&r=g\",\"caption\":\"EL GLOBAL\"},\"description\":\"El Global Informativo es un peri\u00f3dico digital de Rep\u00fablica Dominicana que se dedica a cubrir temas importantes, como la pol\u00edtica local, geopol\u00edtica, econom\u00eda, tecnolog\u00eda, noticias internacionales y eventos relacionados con la gesti\u00f3n social, cultural y humana. Su objetivo principal es mantener a la poblaci\u00f3n informada, ofreciendo una visi\u00f3n amplia y actualizada de lo que sucede tanto en el pa\u00eds como en el mundo. Est\u00e1 dirigido por un grupo de periodistas experimentados, lo que garantiza la calidad y la precisi\u00f3n de la informaci\u00f3n que ofrecen. Tiene su sede en la ciudad de Santo Domingo y es parte integral del portafolio de la empresa, MC Global S.R.L.\",\"sameAs\":[\"https:\/\/elglobal.do\",\"https:\/\/www.instagram.com\/elglobal.do_informativo\/\"],\"url\":\"https:\/\/elglobal.do\/index.php\/author\/elglobaluserpro\/\"}]}<\/script>\n<!-- \/ Yoast SEO plugin. -->","yoast_head_json":{"title":"Agricultura afirma que las zonas arroceras del Nordeste est\u00e1n inundadas - EL GLOBAL INFORMATIVO","robots":{"index":"index","follow":"follow","max-snippet":"max-snippet:-1","max-image-preview":"max-image-preview:large","max-video-preview":"max-video-preview:-1"},"canonical":"https:\/\/elglobal.do\/index.php\/2025\/10\/29\/agricultura-afirma-que-las-zonas-arroceras-del-nordeste-estan-inundadas\/","og_locale":"es_ES","og_type":"article","og_title":"Agricultura afirma que las zonas arroceras del Nordeste est\u00e1n inundadas - EL GLOBAL INFORMATIVO","og_description":"Santo Domingo.- El&nbsp;ministro de Agricultura,&nbsp;Limber Cruz, revel\u00f3 que las zonas arroceras del nordeste del pa\u00eds se encuentran inundadas por efecto de las&nbsp;lluvias&nbsp;que han afectado el pa\u00eds tras el paso de&hellip;","og_url":"https:\/\/elglobal.do\/index.php\/2025\/10\/29\/agricultura-afirma-que-las-zonas-arroceras-del-nordeste-estan-inundadas\/","og_site_name":"EL GLOBAL INFORMATIVO","article_published_time":"2025-10-29T14:26:45+00:00","article_modified_time":"2025-10-29T14:26:48+00:00","og_image":[{"width":800,"height":450,"url":"https:\/\/elglobal.do\/wp-content\/uploads\/2025\/10\/image-175.png","type":"image\/png"}],"author":"EL GLOBAL","twitter_card":"summary_large_image","twitter_misc":{"Escrito por":"EL GLOBAL","Tiempo de lectura":"2 minutos"},"schema":{"@context":"https:\/\/schema.org","@graph":[{"@type":"Article","@id":"https:\/\/elglobal.do\/index.php\/2025\/10\/29\/agricultura-afirma-que-las-zonas-arroceras-del-nordeste-estan-inundadas\/#article","isPartOf":{"@id":"https:\/\/elglobal.do\/index.php\/2025\/10\/29\/agricultura-afirma-que-las-zonas-arroceras-del-nordeste-estan-inundadas\/"},"author":{"name":"EL GLOBAL","@id":"https:\/\/elglobal.do\/#\/schema\/person\/0c97ec2c7714fb605d230c292f64d55f"},"headline":"Agricultura afirma que las zonas arroceras del Nordeste est\u00e1n inundadas","datePublished":"2025-10-29T14:26:45+00:00","dateModified":"2025-10-29T14:26:48+00:00","mainEntityOfPage":{"@id":"https:\/\/elglobal.do\/index.php\/2025\/10\/29\/agricultura-afirma-que-las-zonas-arroceras-del-nordeste-estan-inundadas\/"},"wordCount":298,"commentCount":0,"publisher":{"@id":"https:\/\/elglobal.do\/#organization"},"image":{"@id":"https:\/\/elglobal.do\/index.php\/2025\/10\/29\/agricultura-afirma-que-las-zonas-arroceras-del-nordeste-estan-inundadas\/#primaryimage"},"thumbnailUrl":"https:\/\/elglobal.do\/wp-content\/uploads\/2025\/10\/image-175.png","keywords":["#Agricultura","#Inundaciones","#lluvias","#Zonasarroceras"],"articleSection":["NACIONALES"],"inLanguage":"es","potentialAction":[{"@type":"CommentAction","name":"Comment","target":["https:\/\/elglobal.do\/index.php\/2025\/10\/29\/agricultura-afirma-que-las-zonas-arroceras-del-nordeste-estan-inundadas\/#respond"]}]},{"@type":"WebPage","@id":"https:\/\/elglobal.do\/index.php\/2025\/10\/29\/agricultura-afirma-que-las-zonas-arroceras-del-nordeste-estan-inundadas\/","url":"https:\/\/elglobal.do\/index.php\/2025\/10\/29\/agricultura-afirma-que-las-zonas-arroceras-del-nordeste-estan-inundadas\/","name":"Agricultura afirma que las zonas arroceras del Nordeste est\u00e1n inundadas - EL GLOBAL INFORMATIVO","isPartOf":{"@id":"https:\/\/elglobal.do\/#website"},"primaryImageOfPage":{"@id":"https:\/\/elglobal.do\/index.php\/2025\/10\/29\/agricultura-afirma-que-las-zonas-arroceras-del-nordeste-estan-inundadas\/#primaryimage"},"image":{"@id":"https:\/\/elglobal.do\/index.php\/2025\/10\/29\/agricultura-afirma-que-las-zonas-arroceras-del-nordeste-estan-inundadas\/#primaryimage"},"thumbnailUrl":"https:\/\/elglobal.do\/wp-content\/uploads\/2025\/10\/image-175.png","datePublished":"2025-10-29T14:26:45+00:00","dateModified":"2025-10-29T14:26:48+00:00","breadcrumb":{"@id":"https:\/\/elglobal.do\/index.php\/2025\/10\/29\/agricultura-afirma-que-las-zonas-arroceras-del-nordeste-estan-inundadas\/#breadcrumb"},"inLanguage":"es","potentialAction":[{"@type":"ReadAction","target":["https:\/\/elglobal.do\/index.php\/2025\/10\/29\/agricultura-afirma-que-las-zonas-arroceras-del-nordeste-estan-inundadas\/"]}]},{"@type":"ImageObject","inLanguage":"es","@id":"https:\/\/elglobal.do\/index.php\/2025\/10\/29\/agricultura-afirma-que-las-zonas-arroceras-del-nordeste-estan-inundadas\/#primaryimage","url":"https:\/\/elglobal.do\/wp-content\/uploads\/2025\/10\/image-175.png","contentUrl":"https:\/\/elglobal.do\/wp-content\/uploads\/2025\/10\/image-175.png","width":800,"height":450},{"@type":"BreadcrumbList","@id":"https:\/\/elglobal.do\/index.php\/2025\/10\/29\/agricultura-afirma-que-las-zonas-arroceras-del-nordeste-estan-inundadas\/#breadcrumb","itemListElement":[{"@type":"ListItem","position":1,"name":"Portada","item":"https:\/\/elglobal.do\/"},{"@type":"ListItem","position":2,"name":"Agricultura afirma que las zonas arroceras del Nordeste est\u00e1n inundadas"}]},{"@type":"WebSite","@id":"https:\/\/elglobal.do\/#website","url":"https:\/\/elglobal.do\/","name":"EL GLOBAL INFORMATIVO","description":"Peri\u00f3dico digital de la Rep\u00fablica Dominicana que ofrece noticias, novedades, pol\u00edtica y las \u00faltimas actualidades, con informaci\u00f3n veraz y oportuna para mantenerte siempre informad","publisher":{"@id":"https:\/\/elglobal.do\/#organization"},"potentialAction":[{"@type":"SearchAction","target":{"@type":"EntryPoint","urlTemplate":"https:\/\/elglobal.do\/?s={search_term_string}"},"query-input":{"@type":"PropertyValueSpecification","valueRequired":true,"valueName":"search_term_string"}}],"inLanguage":"es"},{"@type":"Organization","@id":"https:\/\/elglobal.do\/#organization","name":"EL GLOBAL.DO INFORMATIVO","url":"https:\/\/elglobal.do\/","logo":{"@type":"ImageObject","inLanguage":"es","@id":"https:\/\/elglobal.do\/#\/schema\/logo\/image\/","url":"https:\/\/elglobal.do\/wp-content\/uploads\/2025\/08\/icon.png","contentUrl":"https:\/\/elglobal.do\/wp-content\/uploads\/2025\/08\/icon.png","width":512,"height":512,"caption":"EL GLOBAL.DO INFORMATIVO"},"image":{"@id":"https:\/\/elglobal.do\/#\/schema\/logo\/image\/"}},{"@type":"Person","@id":"https:\/\/elglobal.do\/#\/schema\/person\/0c97ec2c7714fb605d230c292f64d55f","name":"EL GLOBAL","image":{"@type":"ImageObject","inLanguage":"es","@id":"https:\/\/elglobal.do\/#\/schema\/person\/image\/","url":"https:\/\/secure.gravatar.com\/avatar\/081cfb6cf99faddc6f4e23a0c11ab98c5cf302925382d1c88dc3ed757ab910a3?s=96&d=mm&r=g","contentUrl":"https:\/\/secure.gravatar.com\/avatar\/081cfb6cf99faddc6f4e23a0c11ab98c5cf302925382d1c88dc3ed757ab910a3?s=96&d=mm&r=g","caption":"EL GLOBAL"},"description":"El Global Informativo es un peri\u00f3dico digital de Rep\u00fablica Dominicana que se dedica a cubrir temas importantes, como la pol\u00edtica local, geopol\u00edtica, econom\u00eda, tecnolog\u00eda, noticias internacionales y eventos relacionados con la gesti\u00f3n social, cultural y humana. Su objetivo principal es mantener a la poblaci\u00f3n informada, ofreciendo una visi\u00f3n amplia y actualizada de lo que sucede tanto en el pa\u00eds como en el mundo. Est\u00e1 dirigido por un grupo de periodistas experimentados, lo que garantiza la calidad y la precisi\u00f3n de la informaci\u00f3n que ofrecen. Tiene su sede en la ciudad de Santo Domingo y es parte integral del portafolio de la empresa, MC Global S.R.L.","sameAs":["https:\/\/elglobal.do","https:\/\/www.instagram.com\/elglobal.do_informativo\/"],"url":"https:\/\/elglobal.do\/index.php\/author\/elglobaluserpro\/"}]}},"jetpack_featured_media_url":"https:\/\/elglobal.do\/wp-content\/uploads\/2025\/10\/image-175.png","jetpack_sharing_enabled":true,"_links":{"self":[{"href":"https:\/\/elglobal.do\/index.php\/wp-json\/wp\/v2\/posts\/3578","targetHints":{"allow":["GET"]}}],"collection":[{"href":"https:\/\/elglobal.do\/index.php\/wp-json\/wp\/v2\/posts"}],"about":[{"href":"https:\/\/elglobal.do\/index.php\/wp-json\/wp\/v2\/types\/post"}],"author":[{"embeddable":true,"href":"https:\/\/elglobal.do\/index.php\/wp-json\/wp\/v2\/users\/1"}],"replies":[{"embeddable":true,"href":"https:\/\/elglobal.do\/index.php\/wp-json\/wp\/v2\/comments?post=3578"}],"version-history":[{"count":1,"href":"https:\/\/elglobal.do\/index.php\/wp-json\/wp\/v2\/posts\/3578\/revisions"}],"predecessor-version":[{"id":3580,"href":"https:\/\/elglobal.do\/index.php\/wp-json\/wp\/v2\/posts\/3578\/revisions\/3580"}],"wp:featuredmedia":[{"embeddable":true,"href":"https:\/\/elglobal.do\/index.php\/wp-json\/wp\/v2\/media\/3579"}],"wp:attachment":[{"href":"https:\/\/elglobal.do\/index.php\/wp-json\/wp\/v2\/media?parent=3578"}],"wp:term":[{"taxonomy":"category","embeddable":true,"href":"https:\/\/elglobal.do\/index.php\/wp-json\/wp\/v2\/categories?post=3578"},{"taxonomy":"post_tag","embeddable":true,"href":"https:\/\/elglobal.do\/index.php\/wp-json\/wp\/v2\/tags?post=3578"}],"curies":[{"name":"wp","href":"https:\/\/api.w.org\/{rel}","templated":true}]}}