{"id":3582,"date":"2025-10-29T10:46:52","date_gmt":"2025-10-29T14:46:52","guid":{"rendered":"https:\/\/elglobal.do\/?p=3582"},"modified":"2025-10-29T10:46:55","modified_gmt":"2025-10-29T14:46:55","slug":"ee-uu-despliega-equipos-de-ayuda-en-jamaica-y-cuba-tras-danos-por-melissa","status":"publish","type":"post","link":"https:\/\/elglobal.do\/index.php\/2025\/10\/29\/ee-uu-despliega-equipos-de-ayuda-en-jamaica-y-cuba-tras-danos-por-melissa\/","title":{"rendered":"EE.UU. despliega equipos de ayuda en Jamaica y Cuba tras da\u00f1os por Melissa"},"content":{"rendered":"\n<figure class=\"wp-block-image size-full\"><img loading=\"lazy\" decoding=\"async\" width=\"896\" height=\"504\" src=\"https:\/\/elglobal.do\/wp-content\/uploads\/2025\/10\/image-176.png\" alt=\"\" class=\"wp-image-3583\" srcset=\"https:\/\/elglobal.do\/wp-content\/uploads\/2025\/10\/image-176.png 896w, https:\/\/elglobal.do\/wp-content\/uploads\/2025\/10\/image-176-300x169.png 300w, https:\/\/elglobal.do\/wp-content\/uploads\/2025\/10\/image-176-768x432.png 768w\" sizes=\"auto, (max-width: 896px) 100vw, 896px\" \/><\/figure>\n\n\n\n<p><strong>Estados Unidos.-<\/strong> <strong>Estados Unidos<\/strong>&nbsp;anunci\u00f3 este mi\u00e9rcoles el&nbsp;<strong>despliegue<\/strong>&nbsp;de varios&nbsp;<strong>equipos<\/strong>&nbsp;especializados en la respuesta y asistencia ante desastres, as\u00ed como en el rescate urbano, para ayudar a los pa\u00edses del&nbsp;<strong>Caribe<\/strong>&nbsp;que se han visto afectados por el&nbsp;<strong>hurac\u00e1n Melissa<\/strong>, que provoc\u00f3 ayer graves&nbsp;<strong>da\u00f1os<\/strong>&nbsp;en&nbsp;<strong>Jamaica<\/strong>&nbsp;y toc\u00f3&nbsp;<strong>tierra<\/strong>&nbsp;esta madrugada en&nbsp;<strong>Cuba<\/strong>.<\/p>\n\n\n\n<p>\u00abEn respuesta a los&nbsp;<strong>da\u00f1os<\/strong>&nbsp;catastr\u00f3ficos causados por el&nbsp;<strong>hurac\u00e1n Melissa<\/strong>&nbsp;en muchos pa\u00edses del&nbsp;<strong>Caribe<\/strong>, el&nbsp;<strong>Departamento de Estado<\/strong>&nbsp;est\u00e1 desplegando un&nbsp;<strong>Equipo Regional de Respuesta<\/strong>&nbsp;y Asistencia ante Desastres (DART) y activ\u00f3&nbsp;<strong>equipos<\/strong>&nbsp;de&nbsp;<strong>B\u00fasqueda y Rescate Urbano<\/strong>&nbsp;(USAR) con sede en los&nbsp;<strong>Estados Unidos<\/strong>&nbsp;para reforzar los esfuerzos de respuesta\u00bb, inform\u00f3 el Gobierno estadounidense en la red social X.<\/p>\n\n\n\n<p>El&nbsp;<strong>Departamento de Estado<\/strong>&nbsp;agreg\u00f3 que estos&nbsp;<strong>equipos<\/strong>&nbsp;ya est\u00e1n&nbsp;<strong>trabajando<\/strong>&nbsp;con las naciones y comunidades afectadas para determinar la&nbsp;<strong>ayuda necesaria<\/strong>.<\/p>\n\n\n\n<p>Tambi\u00e9n se\u00f1al\u00f3 que est\u00e1n en contacto con \u00ab<strong>socios interagenciales<\/strong>,&nbsp;<strong>internacionales<\/strong>&nbsp;y&nbsp;<strong>militares estadounidenses<\/strong>&nbsp;para coordinar los esfuerzos de respuesta a la emergencia\u00bb.<\/p>\n\n\n\n<h2 class=\"wp-block-heading\"><strong>Toca\u00a0tierra\u00a0en\u00a0Jamaica<\/strong><\/h2>\n\n\n\n<p><strong>Melissa<\/strong>&nbsp;toc\u00f3&nbsp;<strong>tierra<\/strong>&nbsp;alrededor del mediod\u00eda del martes en&nbsp;<strong>Jamaica<\/strong>&nbsp;como un hurac\u00e1n de&nbsp;<strong>categor\u00eda 5<\/strong>&nbsp;en la escala Saffir-Simpson, la m\u00e1s alta posible, y con&nbsp;<strong>vientos m\u00e1ximos<\/strong>&nbsp;sostenidos de&nbsp;<strong>295 kil\u00f3metros<\/strong>&nbsp;por hora.<\/p>\n\n\n\n<p>A su paso por la isla, provoc\u00f3&nbsp;<strong>inundaciones generalizadas<\/strong>, deslizamientos de&nbsp;<strong>tierra<\/strong>&nbsp;y graves&nbsp;<strong>da\u00f1os<\/strong>&nbsp;en las infraestructuras. M\u00e1s de 530,000 personas, alrededor del 77 % de sus clientes, perdieron el servicio el\u00e9ctrico en el pa\u00eds.<\/p>\n\n\n\n<p><strong>Melissa<\/strong>&nbsp;lleg\u00f3 esta madrugada a&nbsp;<strong>Cuba<\/strong>&nbsp;como un hurac\u00e1n de&nbsp;<strong>categor\u00eda 3<\/strong>&nbsp;y provoc\u00f3 inundaciones, crecidas de r\u00edos y corrimientos de tierras en el oriente de la isla.<\/p>\n\n\n\n<p>El&nbsp;<strong>Centro Nacional de Huracanes<\/strong>&nbsp;(NHC, en ingl\u00e9s) de&nbsp;<strong>Estados Unidos<\/strong>&nbsp;prev\u00e9 que el hurac\u00e1n alcance el sureste o el centro de Bahamas a lo largo de este mi\u00e9rcoles, provocando&nbsp;<strong>intensas precipitaciones<\/strong>&nbsp;y fuertes vientos.<\/p>\n","protected":false},"excerpt":{"rendered":"<p>Estados Unidos.- Estados Unidos&nbsp;anunci\u00f3 este mi\u00e9rcoles el&nbsp;despliegue&nbsp;de varios&nbsp;equipos&nbsp;especializados en la respuesta y asistencia ante desastres, as\u00ed como en el rescate urbano, para ayudar a los pa\u00edses del&nbsp;Caribe&nbsp;que se han visto&hellip; <\/p>\n","protected":false},"author":1,"featured_media":3583,"comment_status":"open","ping_status":"open","sticky":false,"template":"","format":"standard","meta":{"_jetpack_memberships_contains_paid_content":false,"footnotes":""},"categories":[1],"tags":[1310,1369,166,1867,217,1864],"class_list":["post-3582","post","type-post","status-publish","format-standard","has-post-thumbnail","hentry","category-categoria-internacionales","tag-cuba","tag-danos","tag-ee-uu-2","tag-jamaica","tag-lluvias","tag-melissa"],"yoast_head":"<!-- This site is optimized with the Yoast SEO plugin v26.9 - https:\/\/yoast.com\/product\/yoast-seo-wordpress\/ -->\n<title>EE.UU. despliega equipos de ayuda en Jamaica y Cuba tras da\u00f1os por Melissa - EL GLOBAL INFORMATIVO<\/title>\n<meta name=\"robots\" content=\"index, follow, max-snippet:-1, max-image-preview:large, max-video-preview:-1\" \/>\n<link rel=\"canonical\" href=\"https:\/\/elglobal.do\/index.php\/2025\/10\/29\/ee-uu-despliega-equipos-de-ayuda-en-jamaica-y-cuba-tras-danos-por-melissa\/\" \/>\n<meta property=\"og:locale\" content=\"es_ES\" \/>\n<meta property=\"og:type\" content=\"article\" \/>\n<meta property=\"og:title\" content=\"EE.UU. despliega equipos de ayuda en Jamaica y Cuba tras da\u00f1os por Melissa - EL GLOBAL INFORMATIVO\" \/>\n<meta property=\"og:description\" content=\"Estados Unidos.- Estados Unidos&nbsp;anunci\u00f3 este mi\u00e9rcoles el&nbsp;despliegue&nbsp;de varios&nbsp;equipos&nbsp;especializados en la respuesta y asistencia ante desastres, as\u00ed como en el rescate urbano, para ayudar a los pa\u00edses del&nbsp;Caribe&nbsp;que se han visto&hellip;\" \/>\n<meta property=\"og:url\" content=\"https:\/\/elglobal.do\/index.php\/2025\/10\/29\/ee-uu-despliega-equipos-de-ayuda-en-jamaica-y-cuba-tras-danos-por-melissa\/\" \/>\n<meta property=\"og:site_name\" content=\"EL GLOBAL INFORMATIVO\" \/>\n<meta property=\"article:published_time\" content=\"2025-10-29T14:46:52+00:00\" \/>\n<meta property=\"article:modified_time\" content=\"2025-10-29T14:46:55+00:00\" \/>\n<meta property=\"og:image\" content=\"https:\/\/elglobal.do\/wp-content\/uploads\/2025\/10\/image-176.png\" \/>\n\t<meta property=\"og:image:width\" content=\"896\" \/>\n\t<meta property=\"og:image:height\" content=\"504\" \/>\n\t<meta property=\"og:image:type\" content=\"image\/png\" \/>\n<meta name=\"author\" content=\"EL GLOBAL\" \/>\n<meta name=\"twitter:card\" content=\"summary_large_image\" \/>\n<meta name=\"twitter:label1\" content=\"Escrito por\" \/>\n\t<meta name=\"twitter:data1\" content=\"EL GLOBAL\" \/>\n\t<meta name=\"twitter:label2\" content=\"Tiempo de lectura\" \/>\n\t<meta name=\"twitter:data2\" content=\"2 minutos\" \/>\n<script type=\"application\/ld+json\" class=\"yoast-schema-graph\">{\"@context\":\"https:\/\/schema.org\",\"@graph\":[{\"@type\":\"Article\",\"@id\":\"https:\/\/elglobal.do\/index.php\/2025\/10\/29\/ee-uu-despliega-equipos-de-ayuda-en-jamaica-y-cuba-tras-danos-por-melissa\/#article\",\"isPartOf\":{\"@id\":\"https:\/\/elglobal.do\/index.php\/2025\/10\/29\/ee-uu-despliega-equipos-de-ayuda-en-jamaica-y-cuba-tras-danos-por-melissa\/\"},\"author\":{\"name\":\"EL GLOBAL\",\"@id\":\"https:\/\/elglobal.do\/#\/schema\/person\/0c97ec2c7714fb605d230c292f64d55f\"},\"headline\":\"EE.UU. despliega equipos de ayuda en Jamaica y Cuba tras da\u00f1os por Melissa\",\"datePublished\":\"2025-10-29T14:46:52+00:00\",\"dateModified\":\"2025-10-29T14:46:55+00:00\",\"mainEntityOfPage\":{\"@id\":\"https:\/\/elglobal.do\/index.php\/2025\/10\/29\/ee-uu-despliega-equipos-de-ayuda-en-jamaica-y-cuba-tras-danos-por-melissa\/\"},\"wordCount\":406,\"commentCount\":0,\"publisher\":{\"@id\":\"https:\/\/elglobal.do\/#organization\"},\"image\":{\"@id\":\"https:\/\/elglobal.do\/index.php\/2025\/10\/29\/ee-uu-despliega-equipos-de-ayuda-en-jamaica-y-cuba-tras-danos-por-melissa\/#primaryimage\"},\"thumbnailUrl\":\"https:\/\/elglobal.do\/wp-content\/uploads\/2025\/10\/image-176.png\",\"keywords\":[\"#Cuba\",\"#Da\u00f1os\",\"#EE.UU\",\"#Jamaica\",\"#lluvias\",\"#Melissa\"],\"articleSection\":[\"INTERNACIONALES\"],\"inLanguage\":\"es\",\"potentialAction\":[{\"@type\":\"CommentAction\",\"name\":\"Comment\",\"target\":[\"https:\/\/elglobal.do\/index.php\/2025\/10\/29\/ee-uu-despliega-equipos-de-ayuda-en-jamaica-y-cuba-tras-danos-por-melissa\/#respond\"]}]},{\"@type\":\"WebPage\",\"@id\":\"https:\/\/elglobal.do\/index.php\/2025\/10\/29\/ee-uu-despliega-equipos-de-ayuda-en-jamaica-y-cuba-tras-danos-por-melissa\/\",\"url\":\"https:\/\/elglobal.do\/index.php\/2025\/10\/29\/ee-uu-despliega-equipos-de-ayuda-en-jamaica-y-cuba-tras-danos-por-melissa\/\",\"name\":\"EE.UU. despliega equipos de ayuda en Jamaica y Cuba tras da\u00f1os por Melissa - EL GLOBAL INFORMATIVO\",\"isPartOf\":{\"@id\":\"https:\/\/elglobal.do\/#website\"},\"primaryImageOfPage\":{\"@id\":\"https:\/\/elglobal.do\/index.php\/2025\/10\/29\/ee-uu-despliega-equipos-de-ayuda-en-jamaica-y-cuba-tras-danos-por-melissa\/#primaryimage\"},\"image\":{\"@id\":\"https:\/\/elglobal.do\/index.php\/2025\/10\/29\/ee-uu-despliega-equipos-de-ayuda-en-jamaica-y-cuba-tras-danos-por-melissa\/#primaryimage\"},\"thumbnailUrl\":\"https:\/\/elglobal.do\/wp-content\/uploads\/2025\/10\/image-176.png\",\"datePublished\":\"2025-10-29T14:46:52+00:00\",\"dateModified\":\"2025-10-29T14:46:55+00:00\",\"breadcrumb\":{\"@id\":\"https:\/\/elglobal.do\/index.php\/2025\/10\/29\/ee-uu-despliega-equipos-de-ayuda-en-jamaica-y-cuba-tras-danos-por-melissa\/#breadcrumb\"},\"inLanguage\":\"es\",\"potentialAction\":[{\"@type\":\"ReadAction\",\"target\":[\"https:\/\/elglobal.do\/index.php\/2025\/10\/29\/ee-uu-despliega-equipos-de-ayuda-en-jamaica-y-cuba-tras-danos-por-melissa\/\"]}]},{\"@type\":\"ImageObject\",\"inLanguage\":\"es\",\"@id\":\"https:\/\/elglobal.do\/index.php\/2025\/10\/29\/ee-uu-despliega-equipos-de-ayuda-en-jamaica-y-cuba-tras-danos-por-melissa\/#primaryimage\",\"url\":\"https:\/\/elglobal.do\/wp-content\/uploads\/2025\/10\/image-176.png\",\"contentUrl\":\"https:\/\/elglobal.do\/wp-content\/uploads\/2025\/10\/image-176.png\",\"width\":896,\"height\":504},{\"@type\":\"BreadcrumbList\",\"@id\":\"https:\/\/elglobal.do\/index.php\/2025\/10\/29\/ee-uu-despliega-equipos-de-ayuda-en-jamaica-y-cuba-tras-danos-por-melissa\/#breadcrumb\",\"itemListElement\":[{\"@type\":\"ListItem\",\"position\":1,\"name\":\"Portada\",\"item\":\"https:\/\/elglobal.do\/\"},{\"@type\":\"ListItem\",\"position\":2,\"name\":\"EE.UU. despliega equipos de ayuda en Jamaica y Cuba tras da\u00f1os por Melissa\"}]},{\"@type\":\"WebSite\",\"@id\":\"https:\/\/elglobal.do\/#website\",\"url\":\"https:\/\/elglobal.do\/\",\"name\":\"EL GLOBAL INFORMATIVO\",\"description\":\"Peri\u00f3dico digital de la Rep\u00fablica Dominicana que ofrece noticias, novedades, pol\u00edtica y las \u00faltimas actualidades, con informaci\u00f3n veraz y oportuna para mantenerte siempre informad\",\"publisher\":{\"@id\":\"https:\/\/elglobal.do\/#organization\"},\"potentialAction\":[{\"@type\":\"SearchAction\",\"target\":{\"@type\":\"EntryPoint\",\"urlTemplate\":\"https:\/\/elglobal.do\/?s={search_term_string}\"},\"query-input\":{\"@type\":\"PropertyValueSpecification\",\"valueRequired\":true,\"valueName\":\"search_term_string\"}}],\"inLanguage\":\"es\"},{\"@type\":\"Organization\",\"@id\":\"https:\/\/elglobal.do\/#organization\",\"name\":\"EL GLOBAL.DO INFORMATIVO\",\"url\":\"https:\/\/elglobal.do\/\",\"logo\":{\"@type\":\"ImageObject\",\"inLanguage\":\"es\",\"@id\":\"https:\/\/elglobal.do\/#\/schema\/logo\/image\/\",\"url\":\"https:\/\/elglobal.do\/wp-content\/uploads\/2025\/08\/icon.png\",\"contentUrl\":\"https:\/\/elglobal.do\/wp-content\/uploads\/2025\/08\/icon.png\",\"width\":512,\"height\":512,\"caption\":\"EL GLOBAL.DO INFORMATIVO\"},\"image\":{\"@id\":\"https:\/\/elglobal.do\/#\/schema\/logo\/image\/\"}},{\"@type\":\"Person\",\"@id\":\"https:\/\/elglobal.do\/#\/schema\/person\/0c97ec2c7714fb605d230c292f64d55f\",\"name\":\"EL GLOBAL\",\"image\":{\"@type\":\"ImageObject\",\"inLanguage\":\"es\",\"@id\":\"https:\/\/elglobal.do\/#\/schema\/person\/image\/\",\"url\":\"https:\/\/secure.gravatar.com\/avatar\/081cfb6cf99faddc6f4e23a0c11ab98c5cf302925382d1c88dc3ed757ab910a3?s=96&d=mm&r=g\",\"contentUrl\":\"https:\/\/secure.gravatar.com\/avatar\/081cfb6cf99faddc6f4e23a0c11ab98c5cf302925382d1c88dc3ed757ab910a3?s=96&d=mm&r=g\",\"caption\":\"EL GLOBAL\"},\"description\":\"El Global Informativo es un peri\u00f3dico digital de Rep\u00fablica Dominicana que se dedica a cubrir temas importantes, como la pol\u00edtica local, geopol\u00edtica, econom\u00eda, tecnolog\u00eda, noticias internacionales y eventos relacionados con la gesti\u00f3n social, cultural y humana. Su objetivo principal es mantener a la poblaci\u00f3n informada, ofreciendo una visi\u00f3n amplia y actualizada de lo que sucede tanto en el pa\u00eds como en el mundo. Est\u00e1 dirigido por un grupo de periodistas experimentados, lo que garantiza la calidad y la precisi\u00f3n de la informaci\u00f3n que ofrecen. Tiene su sede en la ciudad de Santo Domingo y es parte integral del portafolio de la empresa, MC Global S.R.L.\",\"sameAs\":[\"https:\/\/elglobal.do\",\"https:\/\/www.instagram.com\/elglobal.do_informativo\/\"],\"url\":\"https:\/\/elglobal.do\/index.php\/author\/elglobaluserpro\/\"}]}<\/script>\n<!-- \/ Yoast SEO plugin. -->","yoast_head_json":{"title":"EE.UU. despliega equipos de ayuda en Jamaica y Cuba tras da\u00f1os por Melissa - EL GLOBAL INFORMATIVO","robots":{"index":"index","follow":"follow","max-snippet":"max-snippet:-1","max-image-preview":"max-image-preview:large","max-video-preview":"max-video-preview:-1"},"canonical":"https:\/\/elglobal.do\/index.php\/2025\/10\/29\/ee-uu-despliega-equipos-de-ayuda-en-jamaica-y-cuba-tras-danos-por-melissa\/","og_locale":"es_ES","og_type":"article","og_title":"EE.UU. despliega equipos de ayuda en Jamaica y Cuba tras da\u00f1os por Melissa - EL GLOBAL INFORMATIVO","og_description":"Estados Unidos.- Estados Unidos&nbsp;anunci\u00f3 este mi\u00e9rcoles el&nbsp;despliegue&nbsp;de varios&nbsp;equipos&nbsp;especializados en la respuesta y asistencia ante desastres, as\u00ed como en el rescate urbano, para ayudar a los pa\u00edses del&nbsp;Caribe&nbsp;que se han visto&hellip;","og_url":"https:\/\/elglobal.do\/index.php\/2025\/10\/29\/ee-uu-despliega-equipos-de-ayuda-en-jamaica-y-cuba-tras-danos-por-melissa\/","og_site_name":"EL GLOBAL INFORMATIVO","article_published_time":"2025-10-29T14:46:52+00:00","article_modified_time":"2025-10-29T14:46:55+00:00","og_image":[{"width":896,"height":504,"url":"https:\/\/elglobal.do\/wp-content\/uploads\/2025\/10\/image-176.png","type":"image\/png"}],"author":"EL GLOBAL","twitter_card":"summary_large_image","twitter_misc":{"Escrito por":"EL GLOBAL","Tiempo de lectura":"2 minutos"},"schema":{"@context":"https:\/\/schema.org","@graph":[{"@type":"Article","@id":"https:\/\/elglobal.do\/index.php\/2025\/10\/29\/ee-uu-despliega-equipos-de-ayuda-en-jamaica-y-cuba-tras-danos-por-melissa\/#article","isPartOf":{"@id":"https:\/\/elglobal.do\/index.php\/2025\/10\/29\/ee-uu-despliega-equipos-de-ayuda-en-jamaica-y-cuba-tras-danos-por-melissa\/"},"author":{"name":"EL GLOBAL","@id":"https:\/\/elglobal.do\/#\/schema\/person\/0c97ec2c7714fb605d230c292f64d55f"},"headline":"EE.UU. despliega equipos de ayuda en Jamaica y Cuba tras da\u00f1os por Melissa","datePublished":"2025-10-29T14:46:52+00:00","dateModified":"2025-10-29T14:46:55+00:00","mainEntityOfPage":{"@id":"https:\/\/elglobal.do\/index.php\/2025\/10\/29\/ee-uu-despliega-equipos-de-ayuda-en-jamaica-y-cuba-tras-danos-por-melissa\/"},"wordCount":406,"commentCount":0,"publisher":{"@id":"https:\/\/elglobal.do\/#organization"},"image":{"@id":"https:\/\/elglobal.do\/index.php\/2025\/10\/29\/ee-uu-despliega-equipos-de-ayuda-en-jamaica-y-cuba-tras-danos-por-melissa\/#primaryimage"},"thumbnailUrl":"https:\/\/elglobal.do\/wp-content\/uploads\/2025\/10\/image-176.png","keywords":["#Cuba","#Da\u00f1os","#EE.UU","#Jamaica","#lluvias","#Melissa"],"articleSection":["INTERNACIONALES"],"inLanguage":"es","potentialAction":[{"@type":"CommentAction","name":"Comment","target":["https:\/\/elglobal.do\/index.php\/2025\/10\/29\/ee-uu-despliega-equipos-de-ayuda-en-jamaica-y-cuba-tras-danos-por-melissa\/#respond"]}]},{"@type":"WebPage","@id":"https:\/\/elglobal.do\/index.php\/2025\/10\/29\/ee-uu-despliega-equipos-de-ayuda-en-jamaica-y-cuba-tras-danos-por-melissa\/","url":"https:\/\/elglobal.do\/index.php\/2025\/10\/29\/ee-uu-despliega-equipos-de-ayuda-en-jamaica-y-cuba-tras-danos-por-melissa\/","name":"EE.UU. despliega equipos de ayuda en Jamaica y Cuba tras da\u00f1os por Melissa - EL GLOBAL INFORMATIVO","isPartOf":{"@id":"https:\/\/elglobal.do\/#website"},"primaryImageOfPage":{"@id":"https:\/\/elglobal.do\/index.php\/2025\/10\/29\/ee-uu-despliega-equipos-de-ayuda-en-jamaica-y-cuba-tras-danos-por-melissa\/#primaryimage"},"image":{"@id":"https:\/\/elglobal.do\/index.php\/2025\/10\/29\/ee-uu-despliega-equipos-de-ayuda-en-jamaica-y-cuba-tras-danos-por-melissa\/#primaryimage"},"thumbnailUrl":"https:\/\/elglobal.do\/wp-content\/uploads\/2025\/10\/image-176.png","datePublished":"2025-10-29T14:46:52+00:00","dateModified":"2025-10-29T14:46:55+00:00","breadcrumb":{"@id":"https:\/\/elglobal.do\/index.php\/2025\/10\/29\/ee-uu-despliega-equipos-de-ayuda-en-jamaica-y-cuba-tras-danos-por-melissa\/#breadcrumb"},"inLanguage":"es","potentialAction":[{"@type":"ReadAction","target":["https:\/\/elglobal.do\/index.php\/2025\/10\/29\/ee-uu-despliega-equipos-de-ayuda-en-jamaica-y-cuba-tras-danos-por-melissa\/"]}]},{"@type":"ImageObject","inLanguage":"es","@id":"https:\/\/elglobal.do\/index.php\/2025\/10\/29\/ee-uu-despliega-equipos-de-ayuda-en-jamaica-y-cuba-tras-danos-por-melissa\/#primaryimage","url":"https:\/\/elglobal.do\/wp-content\/uploads\/2025\/10\/image-176.png","contentUrl":"https:\/\/elglobal.do\/wp-content\/uploads\/2025\/10\/image-176.png","width":896,"height":504},{"@type":"BreadcrumbList","@id":"https:\/\/elglobal.do\/index.php\/2025\/10\/29\/ee-uu-despliega-equipos-de-ayuda-en-jamaica-y-cuba-tras-danos-por-melissa\/#breadcrumb","itemListElement":[{"@type":"ListItem","position":1,"name":"Portada","item":"https:\/\/elglobal.do\/"},{"@type":"ListItem","position":2,"name":"EE.UU. despliega equipos de ayuda en Jamaica y Cuba tras da\u00f1os por Melissa"}]},{"@type":"WebSite","@id":"https:\/\/elglobal.do\/#website","url":"https:\/\/elglobal.do\/","name":"EL GLOBAL INFORMATIVO","description":"Peri\u00f3dico digital de la Rep\u00fablica Dominicana que ofrece noticias, novedades, pol\u00edtica y las \u00faltimas actualidades, con informaci\u00f3n veraz y oportuna para mantenerte siempre informad","publisher":{"@id":"https:\/\/elglobal.do\/#organization"},"potentialAction":[{"@type":"SearchAction","target":{"@type":"EntryPoint","urlTemplate":"https:\/\/elglobal.do\/?s={search_term_string}"},"query-input":{"@type":"PropertyValueSpecification","valueRequired":true,"valueName":"search_term_string"}}],"inLanguage":"es"},{"@type":"Organization","@id":"https:\/\/elglobal.do\/#organization","name":"EL GLOBAL.DO INFORMATIVO","url":"https:\/\/elglobal.do\/","logo":{"@type":"ImageObject","inLanguage":"es","@id":"https:\/\/elglobal.do\/#\/schema\/logo\/image\/","url":"https:\/\/elglobal.do\/wp-content\/uploads\/2025\/08\/icon.png","contentUrl":"https:\/\/elglobal.do\/wp-content\/uploads\/2025\/08\/icon.png","width":512,"height":512,"caption":"EL GLOBAL.DO INFORMATIVO"},"image":{"@id":"https:\/\/elglobal.do\/#\/schema\/logo\/image\/"}},{"@type":"Person","@id":"https:\/\/elglobal.do\/#\/schema\/person\/0c97ec2c7714fb605d230c292f64d55f","name":"EL GLOBAL","image":{"@type":"ImageObject","inLanguage":"es","@id":"https:\/\/elglobal.do\/#\/schema\/person\/image\/","url":"https:\/\/secure.gravatar.com\/avatar\/081cfb6cf99faddc6f4e23a0c11ab98c5cf302925382d1c88dc3ed757ab910a3?s=96&d=mm&r=g","contentUrl":"https:\/\/secure.gravatar.com\/avatar\/081cfb6cf99faddc6f4e23a0c11ab98c5cf302925382d1c88dc3ed757ab910a3?s=96&d=mm&r=g","caption":"EL GLOBAL"},"description":"El Global Informativo es un peri\u00f3dico digital de Rep\u00fablica Dominicana que se dedica a cubrir temas importantes, como la pol\u00edtica local, geopol\u00edtica, econom\u00eda, tecnolog\u00eda, noticias internacionales y eventos relacionados con la gesti\u00f3n social, cultural y humana. Su objetivo principal es mantener a la poblaci\u00f3n informada, ofreciendo una visi\u00f3n amplia y actualizada de lo que sucede tanto en el pa\u00eds como en el mundo. Est\u00e1 dirigido por un grupo de periodistas experimentados, lo que garantiza la calidad y la precisi\u00f3n de la informaci\u00f3n que ofrecen. Tiene su sede en la ciudad de Santo Domingo y es parte integral del portafolio de la empresa, MC Global S.R.L.","sameAs":["https:\/\/elglobal.do","https:\/\/www.instagram.com\/elglobal.do_informativo\/"],"url":"https:\/\/elglobal.do\/index.php\/author\/elglobaluserpro\/"}]}},"jetpack_featured_media_url":"https:\/\/elglobal.do\/wp-content\/uploads\/2025\/10\/image-176.png","jetpack_sharing_enabled":true,"_links":{"self":[{"href":"https:\/\/elglobal.do\/index.php\/wp-json\/wp\/v2\/posts\/3582","targetHints":{"allow":["GET"]}}],"collection":[{"href":"https:\/\/elglobal.do\/index.php\/wp-json\/wp\/v2\/posts"}],"about":[{"href":"https:\/\/elglobal.do\/index.php\/wp-json\/wp\/v2\/types\/post"}],"author":[{"embeddable":true,"href":"https:\/\/elglobal.do\/index.php\/wp-json\/wp\/v2\/users\/1"}],"replies":[{"embeddable":true,"href":"https:\/\/elglobal.do\/index.php\/wp-json\/wp\/v2\/comments?post=3582"}],"version-history":[{"count":1,"href":"https:\/\/elglobal.do\/index.php\/wp-json\/wp\/v2\/posts\/3582\/revisions"}],"predecessor-version":[{"id":3584,"href":"https:\/\/elglobal.do\/index.php\/wp-json\/wp\/v2\/posts\/3582\/revisions\/3584"}],"wp:featuredmedia":[{"embeddable":true,"href":"https:\/\/elglobal.do\/index.php\/wp-json\/wp\/v2\/media\/3583"}],"wp:attachment":[{"href":"https:\/\/elglobal.do\/index.php\/wp-json\/wp\/v2\/media?parent=3582"}],"wp:term":[{"taxonomy":"category","embeddable":true,"href":"https:\/\/elglobal.do\/index.php\/wp-json\/wp\/v2\/categories?post=3582"},{"taxonomy":"post_tag","embeddable":true,"href":"https:\/\/elglobal.do\/index.php\/wp-json\/wp\/v2\/tags?post=3582"}],"curies":[{"name":"wp","href":"https:\/\/api.w.org\/{rel}","templated":true}]}}