{"id":3587,"date":"2025-10-29T14:42:02","date_gmt":"2025-10-29T18:42:02","guid":{"rendered":"https:\/\/elglobal.do\/?p=3587"},"modified":"2025-10-29T15:02:06","modified_gmt":"2025-10-29T19:02:06","slug":"reportan-robos-en-los-guaricanos-durante-tormenta-melissa","status":"publish","type":"post","link":"https:\/\/elglobal.do\/index.php\/2025\/10\/29\/reportan-robos-en-los-guaricanos-durante-tormenta-melissa\/","title":{"rendered":"Reportan robos en Los Guaricanos durante Tormenta Melissa \u00a0"},"content":{"rendered":"\n<figure class=\"wp-block-image size-full\"><img loading=\"lazy\" decoding=\"async\" width=\"619\" height=\"549\" src=\"https:\/\/elglobal.do\/wp-content\/uploads\/2025\/10\/Ladron.jpeg\" alt=\"\" class=\"wp-image-3592\" srcset=\"https:\/\/elglobal.do\/wp-content\/uploads\/2025\/10\/Ladron.jpeg 619w, https:\/\/elglobal.do\/wp-content\/uploads\/2025\/10\/Ladron-300x266.jpeg 300w\" sizes=\"auto, (max-width: 619px) 100vw, 619px\" \/><figcaption class=\"wp-element-caption\"><em>Foto de desaprensivo mientras robaba en local de Globet\u00f3n RD<\/em><\/figcaption><\/figure>\n\n\n\n<p><strong>Santo Domingo. &#8211;<\/strong> La propietaria de un emprendimiento dedicado a la venta de detalles y regalos personalizados, denunci\u00f3 el acto vand\u00e1lico que cometi\u00f3 un desaprensivo violando la seguridad de su establecimiento, quien aprovech\u00f3 los torrenciales por las lluvias de la Tormenta Melissa para romper los candados que protegian el local de Globet\u00f3n RD, ubicado en la Av. Emma Balaguer, 102, del sector Los Guaricanos. &nbsp;<\/p>\n\n\n\n<p>La emprendora, Silvia Rosario, detall\u00f3 que la madrugada del s\u00e1bado 25 de octubre, en uno de los momentos con mayor intensidad lluviosa provocada por Melissa en horas 2:30, una de las c\u00e1maras de vigilancia dentro del local capt\u00f3 el momento en que el ladr\u00f3n toma como herramienta de iluminaci\u00f3n debido a la oscuridad, la laptop HP x que era utilizada para fines administrativos de su emprendidurismo.<\/p>\n\n\n\n<p>Tambi\u00e9n se observa cuando el hurtero desactiva la c\u00e1mara que lo enfocaba, quedando capturado su rostro.<\/p>\n\n\n\n<p>Rosario expres\u00f3, \u00abyo puse la denuncia, la polic\u00eda supuestamente ya sabe m\u00e1s o menos quien es el que se ve en la c\u00e1mara, esos ladrones son de aqu\u00ed del barrio\u00bb. Asimismo, dijo que al momento de poner la denuncia en el destacamento de Pr\u00f3fugo le informaron que deb\u00eda volver al departamento de robo a mostrar el video ya que, no estaban trabajando por las lluvias.<\/p>\n\n\n\n<p>Lo \u00fanico que clamo es la recuperaci\u00f3n de mi principal herramienta de trabajo, en mi  laptop tengo recopilados 8 a\u00f1os de arduo trabajo, enfatiz\u00f3 la denunciante. <\/p>\n\n\n\n<figure class=\"wp-block-image size-large is-resized\"><img loading=\"lazy\" decoding=\"async\" width=\"978\" height=\"1024\" src=\"https:\/\/elglobal.do\/wp-content\/uploads\/2025\/10\/Ladrones-978x1024.jpeg\" alt=\"\" class=\"wp-image-3593\" style=\"width:580px;height:auto\" srcset=\"https:\/\/elglobal.do\/wp-content\/uploads\/2025\/10\/Ladrones-978x1024.jpeg 978w, https:\/\/elglobal.do\/wp-content\/uploads\/2025\/10\/Ladrones-287x300.jpeg 287w, https:\/\/elglobal.do\/wp-content\/uploads\/2025\/10\/Ladrones-768x804.jpeg 768w, https:\/\/elglobal.do\/wp-content\/uploads\/2025\/10\/Ladrones.jpeg 1242w\" sizes=\"auto, (max-width: 978px) 100vw, 978px\" \/><figcaption class=\"wp-element-caption\"><em>Foto de ladrones en Residencial Las Palmeras<\/em><\/figcaption><\/figure>\n\n\n\n<p>En otro caso, en el mismo sector, tambien reportaron que dos antisociales hicieron un recorrido a bordo de una motocicleta dentro del Residencial Las Palmeras, donde fueron captados por varias c\u00e1maras de seguridad, al tiempo que cometian un atraco a unos dom\u00e9sticos a quienes a uno de ellos se le sustrajo un celular, el cual seg\u00fan fuentes se recuper\u00f3 a trav\u00e9s de la Polic\u00eda Nacional. \u00a0<\/p>\n\n\n\n<p><\/p>\n","protected":false},"excerpt":{"rendered":"<p>Santo Domingo. &#8211; La propietaria de un emprendimiento dedicado a la venta de detalles y regalos personalizados, denunci\u00f3 el acto vand\u00e1lico que cometi\u00f3 un desaprensivo violando la seguridad de su&hellip; <\/p>\n","protected":false},"author":1,"featured_media":3594,"comment_status":"open","ping_status":"open","sticky":false,"template":"","format":"standard","meta":{"_jetpack_memberships_contains_paid_content":false,"footnotes":""},"categories":[197,14],"tags":[1903,98,1904,1902,1905,1842],"class_list":["post-3587","post","type-post","status-publish","format-standard","has-post-thumbnail","hentry","category-denuncias","category-slider","tag-actosvandalicos","tag-elglobalinformativo","tag-losguaricanos","tag-reportan","tag-robos","tag-tormentamelissa"],"yoast_head":"<!-- This site is optimized with the Yoast SEO plugin v26.9 - https:\/\/yoast.com\/product\/yoast-seo-wordpress\/ -->\n<title>Reportan robos en Los Guaricanos durante Tormenta Melissa \u00a0 - EL GLOBAL INFORMATIVO<\/title>\n<meta name=\"robots\" content=\"index, follow, max-snippet:-1, max-image-preview:large, max-video-preview:-1\" \/>\n<link rel=\"canonical\" href=\"https:\/\/elglobal.do\/index.php\/2025\/10\/29\/reportan-robos-en-los-guaricanos-durante-tormenta-melissa\/\" \/>\n<meta property=\"og:locale\" content=\"es_ES\" \/>\n<meta property=\"og:type\" content=\"article\" \/>\n<meta property=\"og:title\" content=\"Reportan robos en Los Guaricanos durante Tormenta Melissa \u00a0 - EL GLOBAL INFORMATIVO\" \/>\n<meta property=\"og:description\" content=\"Santo Domingo. &#8211; La propietaria de un emprendimiento dedicado a la venta de detalles y regalos personalizados, denunci\u00f3 el acto vand\u00e1lico que cometi\u00f3 un desaprensivo violando la seguridad de su&hellip;\" \/>\n<meta property=\"og:url\" content=\"https:\/\/elglobal.do\/index.php\/2025\/10\/29\/reportan-robos-en-los-guaricanos-durante-tormenta-melissa\/\" \/>\n<meta property=\"og:site_name\" content=\"EL GLOBAL INFORMATIVO\" \/>\n<meta property=\"article:published_time\" content=\"2025-10-29T18:42:02+00:00\" \/>\n<meta property=\"article:modified_time\" content=\"2025-10-29T19:02:06+00:00\" \/>\n<meta property=\"og:image\" content=\"https:\/\/elglobal.do\/wp-content\/uploads\/2025\/10\/Robos.jpg\" \/>\n\t<meta property=\"og:image:width\" content=\"1280\" \/>\n\t<meta property=\"og:image:height\" content=\"1280\" \/>\n\t<meta property=\"og:image:type\" content=\"image\/jpeg\" \/>\n<meta name=\"author\" content=\"EL GLOBAL\" \/>\n<meta name=\"twitter:card\" content=\"summary_large_image\" \/>\n<meta name=\"twitter:label1\" content=\"Escrito por\" \/>\n\t<meta name=\"twitter:data1\" content=\"EL GLOBAL\" \/>\n\t<meta name=\"twitter:label2\" content=\"Tiempo de lectura\" \/>\n\t<meta name=\"twitter:data2\" content=\"3 minutos\" \/>\n<script type=\"application\/ld+json\" class=\"yoast-schema-graph\">{\"@context\":\"https:\/\/schema.org\",\"@graph\":[{\"@type\":\"Article\",\"@id\":\"https:\/\/elglobal.do\/index.php\/2025\/10\/29\/reportan-robos-en-los-guaricanos-durante-tormenta-melissa\/#article\",\"isPartOf\":{\"@id\":\"https:\/\/elglobal.do\/index.php\/2025\/10\/29\/reportan-robos-en-los-guaricanos-durante-tormenta-melissa\/\"},\"author\":{\"name\":\"EL GLOBAL\",\"@id\":\"https:\/\/elglobal.do\/#\/schema\/person\/0c97ec2c7714fb605d230c292f64d55f\"},\"headline\":\"Reportan robos en Los Guaricanos durante Tormenta Melissa \u00a0\",\"datePublished\":\"2025-10-29T18:42:02+00:00\",\"dateModified\":\"2025-10-29T19:02:06+00:00\",\"mainEntityOfPage\":{\"@id\":\"https:\/\/elglobal.do\/index.php\/2025\/10\/29\/reportan-robos-en-los-guaricanos-durante-tormenta-melissa\/\"},\"wordCount\":345,\"commentCount\":0,\"publisher\":{\"@id\":\"https:\/\/elglobal.do\/#organization\"},\"image\":{\"@id\":\"https:\/\/elglobal.do\/index.php\/2025\/10\/29\/reportan-robos-en-los-guaricanos-durante-tormenta-melissa\/#primaryimage\"},\"thumbnailUrl\":\"https:\/\/elglobal.do\/wp-content\/uploads\/2025\/10\/Robos.jpg\",\"keywords\":[\"#ActosVand\u00e1licos\",\"#ElGlobalInformativo\",\"#LosGuaricanos\",\"#Reportan\",\"#robos\",\"#TormentaMelissa\"],\"articleSection\":[\"DENUNCIAS\",\"NOTICIAS RELEVANTES\"],\"inLanguage\":\"es\",\"potentialAction\":[{\"@type\":\"CommentAction\",\"name\":\"Comment\",\"target\":[\"https:\/\/elglobal.do\/index.php\/2025\/10\/29\/reportan-robos-en-los-guaricanos-durante-tormenta-melissa\/#respond\"]}]},{\"@type\":\"WebPage\",\"@id\":\"https:\/\/elglobal.do\/index.php\/2025\/10\/29\/reportan-robos-en-los-guaricanos-durante-tormenta-melissa\/\",\"url\":\"https:\/\/elglobal.do\/index.php\/2025\/10\/29\/reportan-robos-en-los-guaricanos-durante-tormenta-melissa\/\",\"name\":\"Reportan robos en Los Guaricanos durante Tormenta Melissa \u00a0 - EL GLOBAL INFORMATIVO\",\"isPartOf\":{\"@id\":\"https:\/\/elglobal.do\/#website\"},\"primaryImageOfPage\":{\"@id\":\"https:\/\/elglobal.do\/index.php\/2025\/10\/29\/reportan-robos-en-los-guaricanos-durante-tormenta-melissa\/#primaryimage\"},\"image\":{\"@id\":\"https:\/\/elglobal.do\/index.php\/2025\/10\/29\/reportan-robos-en-los-guaricanos-durante-tormenta-melissa\/#primaryimage\"},\"thumbnailUrl\":\"https:\/\/elglobal.do\/wp-content\/uploads\/2025\/10\/Robos.jpg\",\"datePublished\":\"2025-10-29T18:42:02+00:00\",\"dateModified\":\"2025-10-29T19:02:06+00:00\",\"breadcrumb\":{\"@id\":\"https:\/\/elglobal.do\/index.php\/2025\/10\/29\/reportan-robos-en-los-guaricanos-durante-tormenta-melissa\/#breadcrumb\"},\"inLanguage\":\"es\",\"potentialAction\":[{\"@type\":\"ReadAction\",\"target\":[\"https:\/\/elglobal.do\/index.php\/2025\/10\/29\/reportan-robos-en-los-guaricanos-durante-tormenta-melissa\/\"]}]},{\"@type\":\"ImageObject\",\"inLanguage\":\"es\",\"@id\":\"https:\/\/elglobal.do\/index.php\/2025\/10\/29\/reportan-robos-en-los-guaricanos-durante-tormenta-melissa\/#primaryimage\",\"url\":\"https:\/\/elglobal.do\/wp-content\/uploads\/2025\/10\/Robos.jpg\",\"contentUrl\":\"https:\/\/elglobal.do\/wp-content\/uploads\/2025\/10\/Robos.jpg\",\"width\":1280,\"height\":1280},{\"@type\":\"BreadcrumbList\",\"@id\":\"https:\/\/elglobal.do\/index.php\/2025\/10\/29\/reportan-robos-en-los-guaricanos-durante-tormenta-melissa\/#breadcrumb\",\"itemListElement\":[{\"@type\":\"ListItem\",\"position\":1,\"name\":\"Portada\",\"item\":\"https:\/\/elglobal.do\/\"},{\"@type\":\"ListItem\",\"position\":2,\"name\":\"Reportan robos en Los Guaricanos durante Tormenta Melissa \u00a0\"}]},{\"@type\":\"WebSite\",\"@id\":\"https:\/\/elglobal.do\/#website\",\"url\":\"https:\/\/elglobal.do\/\",\"name\":\"EL GLOBAL INFORMATIVO\",\"description\":\"Peri\u00f3dico digital de la Rep\u00fablica Dominicana que ofrece noticias, novedades, pol\u00edtica y las \u00faltimas actualidades, con informaci\u00f3n veraz y oportuna para mantenerte siempre informad\",\"publisher\":{\"@id\":\"https:\/\/elglobal.do\/#organization\"},\"potentialAction\":[{\"@type\":\"SearchAction\",\"target\":{\"@type\":\"EntryPoint\",\"urlTemplate\":\"https:\/\/elglobal.do\/?s={search_term_string}\"},\"query-input\":{\"@type\":\"PropertyValueSpecification\",\"valueRequired\":true,\"valueName\":\"search_term_string\"}}],\"inLanguage\":\"es\"},{\"@type\":\"Organization\",\"@id\":\"https:\/\/elglobal.do\/#organization\",\"name\":\"EL GLOBAL.DO INFORMATIVO\",\"url\":\"https:\/\/elglobal.do\/\",\"logo\":{\"@type\":\"ImageObject\",\"inLanguage\":\"es\",\"@id\":\"https:\/\/elglobal.do\/#\/schema\/logo\/image\/\",\"url\":\"https:\/\/elglobal.do\/wp-content\/uploads\/2025\/08\/icon.png\",\"contentUrl\":\"https:\/\/elglobal.do\/wp-content\/uploads\/2025\/08\/icon.png\",\"width\":512,\"height\":512,\"caption\":\"EL GLOBAL.DO INFORMATIVO\"},\"image\":{\"@id\":\"https:\/\/elglobal.do\/#\/schema\/logo\/image\/\"}},{\"@type\":\"Person\",\"@id\":\"https:\/\/elglobal.do\/#\/schema\/person\/0c97ec2c7714fb605d230c292f64d55f\",\"name\":\"EL GLOBAL\",\"image\":{\"@type\":\"ImageObject\",\"inLanguage\":\"es\",\"@id\":\"https:\/\/elglobal.do\/#\/schema\/person\/image\/\",\"url\":\"https:\/\/secure.gravatar.com\/avatar\/081cfb6cf99faddc6f4e23a0c11ab98c5cf302925382d1c88dc3ed757ab910a3?s=96&d=mm&r=g\",\"contentUrl\":\"https:\/\/secure.gravatar.com\/avatar\/081cfb6cf99faddc6f4e23a0c11ab98c5cf302925382d1c88dc3ed757ab910a3?s=96&d=mm&r=g\",\"caption\":\"EL GLOBAL\"},\"description\":\"El Global Informativo es un peri\u00f3dico digital de Rep\u00fablica Dominicana que se dedica a cubrir temas importantes, como la pol\u00edtica local, geopol\u00edtica, econom\u00eda, tecnolog\u00eda, noticias internacionales y eventos relacionados con la gesti\u00f3n social, cultural y humana. Su objetivo principal es mantener a la poblaci\u00f3n informada, ofreciendo una visi\u00f3n amplia y actualizada de lo que sucede tanto en el pa\u00eds como en el mundo. Est\u00e1 dirigido por un grupo de periodistas experimentados, lo que garantiza la calidad y la precisi\u00f3n de la informaci\u00f3n que ofrecen. Tiene su sede en la ciudad de Santo Domingo y es parte integral del portafolio de la empresa, MC Global S.R.L.\",\"sameAs\":[\"https:\/\/elglobal.do\",\"https:\/\/www.instagram.com\/elglobal.do_informativo\/\"],\"url\":\"https:\/\/elglobal.do\/index.php\/author\/elglobaluserpro\/\"}]}<\/script>\n<!-- \/ Yoast SEO plugin. -->","yoast_head_json":{"title":"Reportan robos en Los Guaricanos durante Tormenta Melissa \u00a0 - EL GLOBAL INFORMATIVO","robots":{"index":"index","follow":"follow","max-snippet":"max-snippet:-1","max-image-preview":"max-image-preview:large","max-video-preview":"max-video-preview:-1"},"canonical":"https:\/\/elglobal.do\/index.php\/2025\/10\/29\/reportan-robos-en-los-guaricanos-durante-tormenta-melissa\/","og_locale":"es_ES","og_type":"article","og_title":"Reportan robos en Los Guaricanos durante Tormenta Melissa \u00a0 - EL GLOBAL INFORMATIVO","og_description":"Santo Domingo. &#8211; La propietaria de un emprendimiento dedicado a la venta de detalles y regalos personalizados, denunci\u00f3 el acto vand\u00e1lico que cometi\u00f3 un desaprensivo violando la seguridad de su&hellip;","og_url":"https:\/\/elglobal.do\/index.php\/2025\/10\/29\/reportan-robos-en-los-guaricanos-durante-tormenta-melissa\/","og_site_name":"EL GLOBAL INFORMATIVO","article_published_time":"2025-10-29T18:42:02+00:00","article_modified_time":"2025-10-29T19:02:06+00:00","og_image":[{"width":1280,"height":1280,"url":"https:\/\/elglobal.do\/wp-content\/uploads\/2025\/10\/Robos.jpg","type":"image\/jpeg"}],"author":"EL GLOBAL","twitter_card":"summary_large_image","twitter_misc":{"Escrito por":"EL GLOBAL","Tiempo de lectura":"3 minutos"},"schema":{"@context":"https:\/\/schema.org","@graph":[{"@type":"Article","@id":"https:\/\/elglobal.do\/index.php\/2025\/10\/29\/reportan-robos-en-los-guaricanos-durante-tormenta-melissa\/#article","isPartOf":{"@id":"https:\/\/elglobal.do\/index.php\/2025\/10\/29\/reportan-robos-en-los-guaricanos-durante-tormenta-melissa\/"},"author":{"name":"EL GLOBAL","@id":"https:\/\/elglobal.do\/#\/schema\/person\/0c97ec2c7714fb605d230c292f64d55f"},"headline":"Reportan robos en Los Guaricanos durante Tormenta Melissa \u00a0","datePublished":"2025-10-29T18:42:02+00:00","dateModified":"2025-10-29T19:02:06+00:00","mainEntityOfPage":{"@id":"https:\/\/elglobal.do\/index.php\/2025\/10\/29\/reportan-robos-en-los-guaricanos-durante-tormenta-melissa\/"},"wordCount":345,"commentCount":0,"publisher":{"@id":"https:\/\/elglobal.do\/#organization"},"image":{"@id":"https:\/\/elglobal.do\/index.php\/2025\/10\/29\/reportan-robos-en-los-guaricanos-durante-tormenta-melissa\/#primaryimage"},"thumbnailUrl":"https:\/\/elglobal.do\/wp-content\/uploads\/2025\/10\/Robos.jpg","keywords":["#ActosVand\u00e1licos","#ElGlobalInformativo","#LosGuaricanos","#Reportan","#robos","#TormentaMelissa"],"articleSection":["DENUNCIAS","NOTICIAS RELEVANTES"],"inLanguage":"es","potentialAction":[{"@type":"CommentAction","name":"Comment","target":["https:\/\/elglobal.do\/index.php\/2025\/10\/29\/reportan-robos-en-los-guaricanos-durante-tormenta-melissa\/#respond"]}]},{"@type":"WebPage","@id":"https:\/\/elglobal.do\/index.php\/2025\/10\/29\/reportan-robos-en-los-guaricanos-durante-tormenta-melissa\/","url":"https:\/\/elglobal.do\/index.php\/2025\/10\/29\/reportan-robos-en-los-guaricanos-durante-tormenta-melissa\/","name":"Reportan robos en Los Guaricanos durante Tormenta Melissa \u00a0 - EL GLOBAL INFORMATIVO","isPartOf":{"@id":"https:\/\/elglobal.do\/#website"},"primaryImageOfPage":{"@id":"https:\/\/elglobal.do\/index.php\/2025\/10\/29\/reportan-robos-en-los-guaricanos-durante-tormenta-melissa\/#primaryimage"},"image":{"@id":"https:\/\/elglobal.do\/index.php\/2025\/10\/29\/reportan-robos-en-los-guaricanos-durante-tormenta-melissa\/#primaryimage"},"thumbnailUrl":"https:\/\/elglobal.do\/wp-content\/uploads\/2025\/10\/Robos.jpg","datePublished":"2025-10-29T18:42:02+00:00","dateModified":"2025-10-29T19:02:06+00:00","breadcrumb":{"@id":"https:\/\/elglobal.do\/index.php\/2025\/10\/29\/reportan-robos-en-los-guaricanos-durante-tormenta-melissa\/#breadcrumb"},"inLanguage":"es","potentialAction":[{"@type":"ReadAction","target":["https:\/\/elglobal.do\/index.php\/2025\/10\/29\/reportan-robos-en-los-guaricanos-durante-tormenta-melissa\/"]}]},{"@type":"ImageObject","inLanguage":"es","@id":"https:\/\/elglobal.do\/index.php\/2025\/10\/29\/reportan-robos-en-los-guaricanos-durante-tormenta-melissa\/#primaryimage","url":"https:\/\/elglobal.do\/wp-content\/uploads\/2025\/10\/Robos.jpg","contentUrl":"https:\/\/elglobal.do\/wp-content\/uploads\/2025\/10\/Robos.jpg","width":1280,"height":1280},{"@type":"BreadcrumbList","@id":"https:\/\/elglobal.do\/index.php\/2025\/10\/29\/reportan-robos-en-los-guaricanos-durante-tormenta-melissa\/#breadcrumb","itemListElement":[{"@type":"ListItem","position":1,"name":"Portada","item":"https:\/\/elglobal.do\/"},{"@type":"ListItem","position":2,"name":"Reportan robos en Los Guaricanos durante Tormenta Melissa \u00a0"}]},{"@type":"WebSite","@id":"https:\/\/elglobal.do\/#website","url":"https:\/\/elglobal.do\/","name":"EL GLOBAL INFORMATIVO","description":"Peri\u00f3dico digital de la Rep\u00fablica Dominicana que ofrece noticias, novedades, pol\u00edtica y las \u00faltimas actualidades, con informaci\u00f3n veraz y oportuna para mantenerte siempre informad","publisher":{"@id":"https:\/\/elglobal.do\/#organization"},"potentialAction":[{"@type":"SearchAction","target":{"@type":"EntryPoint","urlTemplate":"https:\/\/elglobal.do\/?s={search_term_string}"},"query-input":{"@type":"PropertyValueSpecification","valueRequired":true,"valueName":"search_term_string"}}],"inLanguage":"es"},{"@type":"Organization","@id":"https:\/\/elglobal.do\/#organization","name":"EL GLOBAL.DO INFORMATIVO","url":"https:\/\/elglobal.do\/","logo":{"@type":"ImageObject","inLanguage":"es","@id":"https:\/\/elglobal.do\/#\/schema\/logo\/image\/","url":"https:\/\/elglobal.do\/wp-content\/uploads\/2025\/08\/icon.png","contentUrl":"https:\/\/elglobal.do\/wp-content\/uploads\/2025\/08\/icon.png","width":512,"height":512,"caption":"EL GLOBAL.DO INFORMATIVO"},"image":{"@id":"https:\/\/elglobal.do\/#\/schema\/logo\/image\/"}},{"@type":"Person","@id":"https:\/\/elglobal.do\/#\/schema\/person\/0c97ec2c7714fb605d230c292f64d55f","name":"EL GLOBAL","image":{"@type":"ImageObject","inLanguage":"es","@id":"https:\/\/elglobal.do\/#\/schema\/person\/image\/","url":"https:\/\/secure.gravatar.com\/avatar\/081cfb6cf99faddc6f4e23a0c11ab98c5cf302925382d1c88dc3ed757ab910a3?s=96&d=mm&r=g","contentUrl":"https:\/\/secure.gravatar.com\/avatar\/081cfb6cf99faddc6f4e23a0c11ab98c5cf302925382d1c88dc3ed757ab910a3?s=96&d=mm&r=g","caption":"EL GLOBAL"},"description":"El Global Informativo es un peri\u00f3dico digital de Rep\u00fablica Dominicana que se dedica a cubrir temas importantes, como la pol\u00edtica local, geopol\u00edtica, econom\u00eda, tecnolog\u00eda, noticias internacionales y eventos relacionados con la gesti\u00f3n social, cultural y humana. Su objetivo principal es mantener a la poblaci\u00f3n informada, ofreciendo una visi\u00f3n amplia y actualizada de lo que sucede tanto en el pa\u00eds como en el mundo. Est\u00e1 dirigido por un grupo de periodistas experimentados, lo que garantiza la calidad y la precisi\u00f3n de la informaci\u00f3n que ofrecen. Tiene su sede en la ciudad de Santo Domingo y es parte integral del portafolio de la empresa, MC Global S.R.L.","sameAs":["https:\/\/elglobal.do","https:\/\/www.instagram.com\/elglobal.do_informativo\/"],"url":"https:\/\/elglobal.do\/index.php\/author\/elglobaluserpro\/"}]}},"jetpack_featured_media_url":"https:\/\/elglobal.do\/wp-content\/uploads\/2025\/10\/Robos.jpg","jetpack_sharing_enabled":true,"_links":{"self":[{"href":"https:\/\/elglobal.do\/index.php\/wp-json\/wp\/v2\/posts\/3587","targetHints":{"allow":["GET"]}}],"collection":[{"href":"https:\/\/elglobal.do\/index.php\/wp-json\/wp\/v2\/posts"}],"about":[{"href":"https:\/\/elglobal.do\/index.php\/wp-json\/wp\/v2\/types\/post"}],"author":[{"embeddable":true,"href":"https:\/\/elglobal.do\/index.php\/wp-json\/wp\/v2\/users\/1"}],"replies":[{"embeddable":true,"href":"https:\/\/elglobal.do\/index.php\/wp-json\/wp\/v2\/comments?post=3587"}],"version-history":[{"count":2,"href":"https:\/\/elglobal.do\/index.php\/wp-json\/wp\/v2\/posts\/3587\/revisions"}],"predecessor-version":[{"id":3603,"href":"https:\/\/elglobal.do\/index.php\/wp-json\/wp\/v2\/posts\/3587\/revisions\/3603"}],"wp:featuredmedia":[{"embeddable":true,"href":"https:\/\/elglobal.do\/index.php\/wp-json\/wp\/v2\/media\/3594"}],"wp:attachment":[{"href":"https:\/\/elglobal.do\/index.php\/wp-json\/wp\/v2\/media?parent=3587"}],"wp:term":[{"taxonomy":"category","embeddable":true,"href":"https:\/\/elglobal.do\/index.php\/wp-json\/wp\/v2\/categories?post=3587"},{"taxonomy":"post_tag","embeddable":true,"href":"https:\/\/elglobal.do\/index.php\/wp-json\/wp\/v2\/tags?post=3587"}],"curies":[{"name":"wp","href":"https:\/\/api.w.org\/{rel}","templated":true}]}}