{"id":3604,"date":"2025-10-29T16:06:37","date_gmt":"2025-10-29T20:06:37","guid":{"rendered":"https:\/\/elglobal.do\/?p=3604"},"modified":"2025-10-29T16:06:41","modified_gmt":"2025-10-29T20:06:41","slug":"presentan-la-xxiv-cumbre-mundial-de-comunicacion-politica-en-montevideo","status":"publish","type":"post","link":"https:\/\/elglobal.do\/index.php\/2025\/10\/29\/presentan-la-xxiv-cumbre-mundial-de-comunicacion-politica-en-montevideo\/","title":{"rendered":"Presentan la XXIV Cumbre Mundial de Comunicaci\u00f3n Pol\u00edtica en Montevideo"},"content":{"rendered":"\n<figure class=\"wp-block-image size-large\"><img loading=\"lazy\" decoding=\"async\" width=\"1024\" height=\"684\" src=\"https:\/\/elglobal.do\/wp-content\/uploads\/2025\/10\/Damiel-1024x684.jpeg\" alt=\"\" class=\"wp-image-3605\" srcset=\"https:\/\/elglobal.do\/wp-content\/uploads\/2025\/10\/Damiel-1024x684.jpeg 1024w, https:\/\/elglobal.do\/wp-content\/uploads\/2025\/10\/Damiel-300x200.jpeg 300w, https:\/\/elglobal.do\/wp-content\/uploads\/2025\/10\/Damiel-768x513.jpeg 768w, https:\/\/elglobal.do\/wp-content\/uploads\/2025\/10\/Damiel.jpeg 1280w\" sizes=\"auto, (max-width: 1024px) 100vw, 1024px\" \/><\/figure>\n\n\n\n<p><\/p>\n\n\n\n<p><strong>Montevideo, Uruguay. &#8211;<\/strong> La XXIV Cumbre Mundial de Comunicaci\u00f3n Pol\u00edtica llega por \u00a0primera vez a Uruguay, donde fue declarada de Inter\u00e9s Nacional por la C\u00e1mara de Senadores, en reconocimiento a su relevancia acad\u00e9mica y su aporte al fortalecimiento institucional y al debate p\u00fablico en Iberoam\u00e9rica.<\/p>\n\n\n\n<p>En el acto de lanzamiento  de la versi\u00f3n 24 de la Cumbre, la vicepresidenta de la Rep\u00fablica de Uruguay, Carolina Cosse, expres\u00f3 que, el evento: \u201cva a ser un gran aporte. Es una Cumbre muy intensa. Estoy segura de que Montevideo va a poner lo mejor de s\u00ed, como siempre, y en el sistema pol\u00edtico haremos todo lo posible para poner lo mejor de nosotros\u201d, a lo que agreg\u00f3 que \u201cpara impedir la degradaci\u00f3n de la democracia tenemos que hacer muchas cosas, pero una de las m\u00e1s importantes es impedir la degradaci\u00f3n de nuestro discurso. Por lo tanto, hay que poder hacer enormes esfuerzos entre todas y todos\u201d afirm\u00f3 Cosse.<\/p>\n\n\n\n<figure class=\"wp-block-image size-large\"><img loading=\"lazy\" decoding=\"async\" width=\"1024\" height=\"684\" src=\"https:\/\/elglobal.do\/wp-content\/uploads\/2025\/10\/Lanzamiento-1024x684.jpeg\" alt=\"\" class=\"wp-image-3606\" srcset=\"https:\/\/elglobal.do\/wp-content\/uploads\/2025\/10\/Lanzamiento-1024x684.jpeg 1024w, https:\/\/elglobal.do\/wp-content\/uploads\/2025\/10\/Lanzamiento-300x200.jpeg 300w, https:\/\/elglobal.do\/wp-content\/uploads\/2025\/10\/Lanzamiento-768x513.jpeg 768w, https:\/\/elglobal.do\/wp-content\/uploads\/2025\/10\/Lanzamiento.jpeg 1280w\" sizes=\"auto, (max-width: 1024px) 100vw, 1024px\" \/><\/figure>\n\n\n\n<p>De su lado, el presidente de la Cumbre Mundial de Comunicaci\u00f3n Pol\u00edtica, Daniel Ivoskus, asegur\u00f3 por su parte que \u201cLa Cumbre es una invitaci\u00f3n a la formaci\u00f3n, a la capacitaci\u00f3n y al conocimiento. Durante tres d\u00edas se cruzar\u00e1n profesionales de distintas partes del mundo: pol\u00edticos, consultores, acad\u00e9micos, periodistas y medios de comunicaci\u00f3n, presentando distintos an\u00e1lisis, experiencias, nuevos desarrollos, servicios y avances de la comunicaci\u00f3n y la consultor\u00eda pol\u00edtica\u201d.<\/p>\n\n\n\n<p>En su edici\u00f3n 2026, el evento reunir\u00e1 a m\u00e1s de 200 especialistas y expositores de toda la regi\u00f3n, quienes abordar\u00e1n temas vinculados a comunicaci\u00f3n electoral, de gobierno, redes sociales, estrategias pol\u00edticas y pol\u00edticas p\u00fablicas. Ser\u00e1n tres jornadas de conferencias magistrales, paneles, talleres y espacios de networking, orientados a compartir experiencias, innovaciones y desaf\u00edos en el campo de la comunicaci\u00f3n pol\u00edtica contempor\u00e1nea. Con esta presentaci\u00f3n, Montevideo inicia el camino hacia un encuentro que convertir\u00e1 a la capital uruguaya en el epicentro del pensamiento pol\u00edtico iberoamericano.<\/p>\n\n\n\n<p>Adem\u00e1s de la vicepresidenta de Uruguay, Carolina Cosse y el presidente de la Cumbre Mundial de Comunicaci\u00f3n Pol\u00edtica, Daniel Ivoskus; el acto cont\u00f3 con la participaci\u00f3n del ministro de Montevideo, Pablo Menoni; y el representante de la Cumbre en Uruguay, Leandro Fag\u00fandez. Tambi\u00e9n estuvieron legisladores, autoridades municipales y referentes de distintos partidos pol\u00edticos, en un encuentro que destac\u00f3 el esp\u00edritu plural y democr\u00e1tico que caracteriza al pa\u00eds.<\/p>\n\n\n\n<p>Durante la presentaci\u00f3n, los organizadores destacaron la importancia de que Montevideo se sume a la lista de ciudades que han albergado este encuentro internacional, como Ciudad de M\u00e9xico, Miami, Punta Cana en Rep\u00fablica Dominicana, Cartagena, Quito, Lima, Monterrey, Madrid y Buenos Aires.<\/p>\n\n\n\n<p>La XXIV Cumbre Mundial de Comunicaci\u00f3n Pol\u00edtica, se realizar\u00e1 los d\u00edas 21, 22 y 23 de abril de 2026 en el Centro de Convenciones de la Intendencia de Montevideo.<\/p>\n\n\n\n<p><\/p>\n","protected":false},"excerpt":{"rendered":"<p>Montevideo, Uruguay. &#8211; La XXIV Cumbre Mundial de Comunicaci\u00f3n Pol\u00edtica llega por \u00a0primera vez a Uruguay, donde fue declarada de Inter\u00e9s Nacional por la C\u00e1mara de Senadores, en reconocimiento a&hellip; <\/p>\n","protected":false},"author":1,"featured_media":3605,"comment_status":"open","ping_status":"open","sticky":false,"template":"","format":"standard","meta":{"_jetpack_memberships_contains_paid_content":false,"footnotes":""},"categories":[1,14],"tags":[1909,98,1908,1775,1910],"class_list":["post-3604","post","type-post","status-publish","format-standard","has-post-thumbnail","hentry","category-categoria-internacionales","category-slider","tag-comunicacionpolitica","tag-elglobalinformativo","tag-montevideo","tag-uruguay","tag-xxivcumbremundial"],"yoast_head":"<!-- This site is optimized with the Yoast SEO plugin v26.9 - https:\/\/yoast.com\/product\/yoast-seo-wordpress\/ -->\n<title>Presentan la XXIV Cumbre Mundial de Comunicaci\u00f3n Pol\u00edtica en Montevideo - EL GLOBAL INFORMATIVO<\/title>\n<meta name=\"robots\" content=\"index, follow, max-snippet:-1, max-image-preview:large, max-video-preview:-1\" \/>\n<link rel=\"canonical\" href=\"https:\/\/elglobal.do\/index.php\/2025\/10\/29\/presentan-la-xxiv-cumbre-mundial-de-comunicacion-politica-en-montevideo\/\" \/>\n<meta property=\"og:locale\" content=\"es_ES\" \/>\n<meta property=\"og:type\" content=\"article\" \/>\n<meta property=\"og:title\" content=\"Presentan la XXIV Cumbre Mundial de Comunicaci\u00f3n Pol\u00edtica en Montevideo - EL GLOBAL INFORMATIVO\" \/>\n<meta property=\"og:description\" content=\"Montevideo, Uruguay. &#8211; La XXIV Cumbre Mundial de Comunicaci\u00f3n Pol\u00edtica llega por \u00a0primera vez a Uruguay, donde fue declarada de Inter\u00e9s Nacional por la C\u00e1mara de Senadores, en reconocimiento a&hellip;\" \/>\n<meta property=\"og:url\" content=\"https:\/\/elglobal.do\/index.php\/2025\/10\/29\/presentan-la-xxiv-cumbre-mundial-de-comunicacion-politica-en-montevideo\/\" \/>\n<meta property=\"og:site_name\" content=\"EL GLOBAL INFORMATIVO\" \/>\n<meta property=\"article:published_time\" content=\"2025-10-29T20:06:37+00:00\" \/>\n<meta property=\"article:modified_time\" content=\"2025-10-29T20:06:41+00:00\" \/>\n<meta property=\"og:image\" content=\"https:\/\/elglobal.do\/wp-content\/uploads\/2025\/10\/Damiel.jpeg\" \/>\n\t<meta property=\"og:image:width\" content=\"1280\" \/>\n\t<meta property=\"og:image:height\" content=\"855\" \/>\n\t<meta property=\"og:image:type\" content=\"image\/jpeg\" \/>\n<meta name=\"author\" content=\"EL GLOBAL\" \/>\n<meta name=\"twitter:card\" content=\"summary_large_image\" \/>\n<meta name=\"twitter:label1\" content=\"Escrito por\" \/>\n\t<meta name=\"twitter:data1\" content=\"EL GLOBAL\" \/>\n\t<meta name=\"twitter:label2\" content=\"Tiempo de lectura\" \/>\n\t<meta name=\"twitter:data2\" content=\"3 minutos\" \/>\n<script type=\"application\/ld+json\" class=\"yoast-schema-graph\">{\"@context\":\"https:\/\/schema.org\",\"@graph\":[{\"@type\":\"Article\",\"@id\":\"https:\/\/elglobal.do\/index.php\/2025\/10\/29\/presentan-la-xxiv-cumbre-mundial-de-comunicacion-politica-en-montevideo\/#article\",\"isPartOf\":{\"@id\":\"https:\/\/elglobal.do\/index.php\/2025\/10\/29\/presentan-la-xxiv-cumbre-mundial-de-comunicacion-politica-en-montevideo\/\"},\"author\":{\"name\":\"EL GLOBAL\",\"@id\":\"https:\/\/elglobal.do\/#\/schema\/person\/0c97ec2c7714fb605d230c292f64d55f\"},\"headline\":\"Presentan la XXIV Cumbre Mundial de Comunicaci\u00f3n Pol\u00edtica en Montevideo\",\"datePublished\":\"2025-10-29T20:06:37+00:00\",\"dateModified\":\"2025-10-29T20:06:41+00:00\",\"mainEntityOfPage\":{\"@id\":\"https:\/\/elglobal.do\/index.php\/2025\/10\/29\/presentan-la-xxiv-cumbre-mundial-de-comunicacion-politica-en-montevideo\/\"},\"wordCount\":508,\"commentCount\":0,\"publisher\":{\"@id\":\"https:\/\/elglobal.do\/#organization\"},\"image\":{\"@id\":\"https:\/\/elglobal.do\/index.php\/2025\/10\/29\/presentan-la-xxiv-cumbre-mundial-de-comunicacion-politica-en-montevideo\/#primaryimage\"},\"thumbnailUrl\":\"https:\/\/elglobal.do\/wp-content\/uploads\/2025\/10\/Damiel.jpeg\",\"keywords\":[\"#Comunicaci\u00f3nPol\u00edtica\",\"#ElGlobalInformativo\",\"#Montevideo\",\"#Uruguay\",\"#XXIVCumbreMundial\"],\"articleSection\":[\"INTERNACIONALES\",\"NOTICIAS RELEVANTES\"],\"inLanguage\":\"es\",\"potentialAction\":[{\"@type\":\"CommentAction\",\"name\":\"Comment\",\"target\":[\"https:\/\/elglobal.do\/index.php\/2025\/10\/29\/presentan-la-xxiv-cumbre-mundial-de-comunicacion-politica-en-montevideo\/#respond\"]}]},{\"@type\":\"WebPage\",\"@id\":\"https:\/\/elglobal.do\/index.php\/2025\/10\/29\/presentan-la-xxiv-cumbre-mundial-de-comunicacion-politica-en-montevideo\/\",\"url\":\"https:\/\/elglobal.do\/index.php\/2025\/10\/29\/presentan-la-xxiv-cumbre-mundial-de-comunicacion-politica-en-montevideo\/\",\"name\":\"Presentan la XXIV Cumbre Mundial de Comunicaci\u00f3n Pol\u00edtica en Montevideo - EL GLOBAL INFORMATIVO\",\"isPartOf\":{\"@id\":\"https:\/\/elglobal.do\/#website\"},\"primaryImageOfPage\":{\"@id\":\"https:\/\/elglobal.do\/index.php\/2025\/10\/29\/presentan-la-xxiv-cumbre-mundial-de-comunicacion-politica-en-montevideo\/#primaryimage\"},\"image\":{\"@id\":\"https:\/\/elglobal.do\/index.php\/2025\/10\/29\/presentan-la-xxiv-cumbre-mundial-de-comunicacion-politica-en-montevideo\/#primaryimage\"},\"thumbnailUrl\":\"https:\/\/elglobal.do\/wp-content\/uploads\/2025\/10\/Damiel.jpeg\",\"datePublished\":\"2025-10-29T20:06:37+00:00\",\"dateModified\":\"2025-10-29T20:06:41+00:00\",\"breadcrumb\":{\"@id\":\"https:\/\/elglobal.do\/index.php\/2025\/10\/29\/presentan-la-xxiv-cumbre-mundial-de-comunicacion-politica-en-montevideo\/#breadcrumb\"},\"inLanguage\":\"es\",\"potentialAction\":[{\"@type\":\"ReadAction\",\"target\":[\"https:\/\/elglobal.do\/index.php\/2025\/10\/29\/presentan-la-xxiv-cumbre-mundial-de-comunicacion-politica-en-montevideo\/\"]}]},{\"@type\":\"ImageObject\",\"inLanguage\":\"es\",\"@id\":\"https:\/\/elglobal.do\/index.php\/2025\/10\/29\/presentan-la-xxiv-cumbre-mundial-de-comunicacion-politica-en-montevideo\/#primaryimage\",\"url\":\"https:\/\/elglobal.do\/wp-content\/uploads\/2025\/10\/Damiel.jpeg\",\"contentUrl\":\"https:\/\/elglobal.do\/wp-content\/uploads\/2025\/10\/Damiel.jpeg\",\"width\":1280,\"height\":855},{\"@type\":\"BreadcrumbList\",\"@id\":\"https:\/\/elglobal.do\/index.php\/2025\/10\/29\/presentan-la-xxiv-cumbre-mundial-de-comunicacion-politica-en-montevideo\/#breadcrumb\",\"itemListElement\":[{\"@type\":\"ListItem\",\"position\":1,\"name\":\"Portada\",\"item\":\"https:\/\/elglobal.do\/\"},{\"@type\":\"ListItem\",\"position\":2,\"name\":\"Presentan la XXIV Cumbre Mundial de Comunicaci\u00f3n Pol\u00edtica en Montevideo\"}]},{\"@type\":\"WebSite\",\"@id\":\"https:\/\/elglobal.do\/#website\",\"url\":\"https:\/\/elglobal.do\/\",\"name\":\"EL GLOBAL INFORMATIVO\",\"description\":\"Peri\u00f3dico digital de la Rep\u00fablica Dominicana que ofrece noticias, novedades, pol\u00edtica y las \u00faltimas actualidades, con informaci\u00f3n veraz y oportuna para mantenerte siempre informad\",\"publisher\":{\"@id\":\"https:\/\/elglobal.do\/#organization\"},\"potentialAction\":[{\"@type\":\"SearchAction\",\"target\":{\"@type\":\"EntryPoint\",\"urlTemplate\":\"https:\/\/elglobal.do\/?s={search_term_string}\"},\"query-input\":{\"@type\":\"PropertyValueSpecification\",\"valueRequired\":true,\"valueName\":\"search_term_string\"}}],\"inLanguage\":\"es\"},{\"@type\":\"Organization\",\"@id\":\"https:\/\/elglobal.do\/#organization\",\"name\":\"EL GLOBAL.DO INFORMATIVO\",\"url\":\"https:\/\/elglobal.do\/\",\"logo\":{\"@type\":\"ImageObject\",\"inLanguage\":\"es\",\"@id\":\"https:\/\/elglobal.do\/#\/schema\/logo\/image\/\",\"url\":\"https:\/\/elglobal.do\/wp-content\/uploads\/2025\/08\/icon.png\",\"contentUrl\":\"https:\/\/elglobal.do\/wp-content\/uploads\/2025\/08\/icon.png\",\"width\":512,\"height\":512,\"caption\":\"EL GLOBAL.DO INFORMATIVO\"},\"image\":{\"@id\":\"https:\/\/elglobal.do\/#\/schema\/logo\/image\/\"}},{\"@type\":\"Person\",\"@id\":\"https:\/\/elglobal.do\/#\/schema\/person\/0c97ec2c7714fb605d230c292f64d55f\",\"name\":\"EL GLOBAL\",\"image\":{\"@type\":\"ImageObject\",\"inLanguage\":\"es\",\"@id\":\"https:\/\/elglobal.do\/#\/schema\/person\/image\/\",\"url\":\"https:\/\/secure.gravatar.com\/avatar\/081cfb6cf99faddc6f4e23a0c11ab98c5cf302925382d1c88dc3ed757ab910a3?s=96&d=mm&r=g\",\"contentUrl\":\"https:\/\/secure.gravatar.com\/avatar\/081cfb6cf99faddc6f4e23a0c11ab98c5cf302925382d1c88dc3ed757ab910a3?s=96&d=mm&r=g\",\"caption\":\"EL GLOBAL\"},\"description\":\"El Global Informativo es un peri\u00f3dico digital de Rep\u00fablica Dominicana que se dedica a cubrir temas importantes, como la pol\u00edtica local, geopol\u00edtica, econom\u00eda, tecnolog\u00eda, noticias internacionales y eventos relacionados con la gesti\u00f3n social, cultural y humana. Su objetivo principal es mantener a la poblaci\u00f3n informada, ofreciendo una visi\u00f3n amplia y actualizada de lo que sucede tanto en el pa\u00eds como en el mundo. Est\u00e1 dirigido por un grupo de periodistas experimentados, lo que garantiza la calidad y la precisi\u00f3n de la informaci\u00f3n que ofrecen. Tiene su sede en la ciudad de Santo Domingo y es parte integral del portafolio de la empresa, MC Global S.R.L.\",\"sameAs\":[\"https:\/\/elglobal.do\",\"https:\/\/www.instagram.com\/elglobal.do_informativo\/\"],\"url\":\"https:\/\/elglobal.do\/index.php\/author\/elglobaluserpro\/\"}]}<\/script>\n<!-- \/ Yoast SEO plugin. -->","yoast_head_json":{"title":"Presentan la XXIV Cumbre Mundial de Comunicaci\u00f3n Pol\u00edtica en Montevideo - EL GLOBAL INFORMATIVO","robots":{"index":"index","follow":"follow","max-snippet":"max-snippet:-1","max-image-preview":"max-image-preview:large","max-video-preview":"max-video-preview:-1"},"canonical":"https:\/\/elglobal.do\/index.php\/2025\/10\/29\/presentan-la-xxiv-cumbre-mundial-de-comunicacion-politica-en-montevideo\/","og_locale":"es_ES","og_type":"article","og_title":"Presentan la XXIV Cumbre Mundial de Comunicaci\u00f3n Pol\u00edtica en Montevideo - EL GLOBAL INFORMATIVO","og_description":"Montevideo, Uruguay. &#8211; La XXIV Cumbre Mundial de Comunicaci\u00f3n Pol\u00edtica llega por \u00a0primera vez a Uruguay, donde fue declarada de Inter\u00e9s Nacional por la C\u00e1mara de Senadores, en reconocimiento a&hellip;","og_url":"https:\/\/elglobal.do\/index.php\/2025\/10\/29\/presentan-la-xxiv-cumbre-mundial-de-comunicacion-politica-en-montevideo\/","og_site_name":"EL GLOBAL INFORMATIVO","article_published_time":"2025-10-29T20:06:37+00:00","article_modified_time":"2025-10-29T20:06:41+00:00","og_image":[{"width":1280,"height":855,"url":"https:\/\/elglobal.do\/wp-content\/uploads\/2025\/10\/Damiel.jpeg","type":"image\/jpeg"}],"author":"EL GLOBAL","twitter_card":"summary_large_image","twitter_misc":{"Escrito por":"EL GLOBAL","Tiempo de lectura":"3 minutos"},"schema":{"@context":"https:\/\/schema.org","@graph":[{"@type":"Article","@id":"https:\/\/elglobal.do\/index.php\/2025\/10\/29\/presentan-la-xxiv-cumbre-mundial-de-comunicacion-politica-en-montevideo\/#article","isPartOf":{"@id":"https:\/\/elglobal.do\/index.php\/2025\/10\/29\/presentan-la-xxiv-cumbre-mundial-de-comunicacion-politica-en-montevideo\/"},"author":{"name":"EL GLOBAL","@id":"https:\/\/elglobal.do\/#\/schema\/person\/0c97ec2c7714fb605d230c292f64d55f"},"headline":"Presentan la XXIV Cumbre Mundial de Comunicaci\u00f3n Pol\u00edtica en Montevideo","datePublished":"2025-10-29T20:06:37+00:00","dateModified":"2025-10-29T20:06:41+00:00","mainEntityOfPage":{"@id":"https:\/\/elglobal.do\/index.php\/2025\/10\/29\/presentan-la-xxiv-cumbre-mundial-de-comunicacion-politica-en-montevideo\/"},"wordCount":508,"commentCount":0,"publisher":{"@id":"https:\/\/elglobal.do\/#organization"},"image":{"@id":"https:\/\/elglobal.do\/index.php\/2025\/10\/29\/presentan-la-xxiv-cumbre-mundial-de-comunicacion-politica-en-montevideo\/#primaryimage"},"thumbnailUrl":"https:\/\/elglobal.do\/wp-content\/uploads\/2025\/10\/Damiel.jpeg","keywords":["#Comunicaci\u00f3nPol\u00edtica","#ElGlobalInformativo","#Montevideo","#Uruguay","#XXIVCumbreMundial"],"articleSection":["INTERNACIONALES","NOTICIAS RELEVANTES"],"inLanguage":"es","potentialAction":[{"@type":"CommentAction","name":"Comment","target":["https:\/\/elglobal.do\/index.php\/2025\/10\/29\/presentan-la-xxiv-cumbre-mundial-de-comunicacion-politica-en-montevideo\/#respond"]}]},{"@type":"WebPage","@id":"https:\/\/elglobal.do\/index.php\/2025\/10\/29\/presentan-la-xxiv-cumbre-mundial-de-comunicacion-politica-en-montevideo\/","url":"https:\/\/elglobal.do\/index.php\/2025\/10\/29\/presentan-la-xxiv-cumbre-mundial-de-comunicacion-politica-en-montevideo\/","name":"Presentan la XXIV Cumbre Mundial de Comunicaci\u00f3n Pol\u00edtica en Montevideo - EL GLOBAL INFORMATIVO","isPartOf":{"@id":"https:\/\/elglobal.do\/#website"},"primaryImageOfPage":{"@id":"https:\/\/elglobal.do\/index.php\/2025\/10\/29\/presentan-la-xxiv-cumbre-mundial-de-comunicacion-politica-en-montevideo\/#primaryimage"},"image":{"@id":"https:\/\/elglobal.do\/index.php\/2025\/10\/29\/presentan-la-xxiv-cumbre-mundial-de-comunicacion-politica-en-montevideo\/#primaryimage"},"thumbnailUrl":"https:\/\/elglobal.do\/wp-content\/uploads\/2025\/10\/Damiel.jpeg","datePublished":"2025-10-29T20:06:37+00:00","dateModified":"2025-10-29T20:06:41+00:00","breadcrumb":{"@id":"https:\/\/elglobal.do\/index.php\/2025\/10\/29\/presentan-la-xxiv-cumbre-mundial-de-comunicacion-politica-en-montevideo\/#breadcrumb"},"inLanguage":"es","potentialAction":[{"@type":"ReadAction","target":["https:\/\/elglobal.do\/index.php\/2025\/10\/29\/presentan-la-xxiv-cumbre-mundial-de-comunicacion-politica-en-montevideo\/"]}]},{"@type":"ImageObject","inLanguage":"es","@id":"https:\/\/elglobal.do\/index.php\/2025\/10\/29\/presentan-la-xxiv-cumbre-mundial-de-comunicacion-politica-en-montevideo\/#primaryimage","url":"https:\/\/elglobal.do\/wp-content\/uploads\/2025\/10\/Damiel.jpeg","contentUrl":"https:\/\/elglobal.do\/wp-content\/uploads\/2025\/10\/Damiel.jpeg","width":1280,"height":855},{"@type":"BreadcrumbList","@id":"https:\/\/elglobal.do\/index.php\/2025\/10\/29\/presentan-la-xxiv-cumbre-mundial-de-comunicacion-politica-en-montevideo\/#breadcrumb","itemListElement":[{"@type":"ListItem","position":1,"name":"Portada","item":"https:\/\/elglobal.do\/"},{"@type":"ListItem","position":2,"name":"Presentan la XXIV Cumbre Mundial de Comunicaci\u00f3n Pol\u00edtica en Montevideo"}]},{"@type":"WebSite","@id":"https:\/\/elglobal.do\/#website","url":"https:\/\/elglobal.do\/","name":"EL GLOBAL INFORMATIVO","description":"Peri\u00f3dico digital de la Rep\u00fablica Dominicana que ofrece noticias, novedades, pol\u00edtica y las \u00faltimas actualidades, con informaci\u00f3n veraz y oportuna para mantenerte siempre informad","publisher":{"@id":"https:\/\/elglobal.do\/#organization"},"potentialAction":[{"@type":"SearchAction","target":{"@type":"EntryPoint","urlTemplate":"https:\/\/elglobal.do\/?s={search_term_string}"},"query-input":{"@type":"PropertyValueSpecification","valueRequired":true,"valueName":"search_term_string"}}],"inLanguage":"es"},{"@type":"Organization","@id":"https:\/\/elglobal.do\/#organization","name":"EL GLOBAL.DO INFORMATIVO","url":"https:\/\/elglobal.do\/","logo":{"@type":"ImageObject","inLanguage":"es","@id":"https:\/\/elglobal.do\/#\/schema\/logo\/image\/","url":"https:\/\/elglobal.do\/wp-content\/uploads\/2025\/08\/icon.png","contentUrl":"https:\/\/elglobal.do\/wp-content\/uploads\/2025\/08\/icon.png","width":512,"height":512,"caption":"EL GLOBAL.DO INFORMATIVO"},"image":{"@id":"https:\/\/elglobal.do\/#\/schema\/logo\/image\/"}},{"@type":"Person","@id":"https:\/\/elglobal.do\/#\/schema\/person\/0c97ec2c7714fb605d230c292f64d55f","name":"EL GLOBAL","image":{"@type":"ImageObject","inLanguage":"es","@id":"https:\/\/elglobal.do\/#\/schema\/person\/image\/","url":"https:\/\/secure.gravatar.com\/avatar\/081cfb6cf99faddc6f4e23a0c11ab98c5cf302925382d1c88dc3ed757ab910a3?s=96&d=mm&r=g","contentUrl":"https:\/\/secure.gravatar.com\/avatar\/081cfb6cf99faddc6f4e23a0c11ab98c5cf302925382d1c88dc3ed757ab910a3?s=96&d=mm&r=g","caption":"EL GLOBAL"},"description":"El Global Informativo es un peri\u00f3dico digital de Rep\u00fablica Dominicana que se dedica a cubrir temas importantes, como la pol\u00edtica local, geopol\u00edtica, econom\u00eda, tecnolog\u00eda, noticias internacionales y eventos relacionados con la gesti\u00f3n social, cultural y humana. Su objetivo principal es mantener a la poblaci\u00f3n informada, ofreciendo una visi\u00f3n amplia y actualizada de lo que sucede tanto en el pa\u00eds como en el mundo. Est\u00e1 dirigido por un grupo de periodistas experimentados, lo que garantiza la calidad y la precisi\u00f3n de la informaci\u00f3n que ofrecen. Tiene su sede en la ciudad de Santo Domingo y es parte integral del portafolio de la empresa, MC Global S.R.L.","sameAs":["https:\/\/elglobal.do","https:\/\/www.instagram.com\/elglobal.do_informativo\/"],"url":"https:\/\/elglobal.do\/index.php\/author\/elglobaluserpro\/"}]}},"jetpack_featured_media_url":"https:\/\/elglobal.do\/wp-content\/uploads\/2025\/10\/Damiel.jpeg","jetpack_sharing_enabled":true,"_links":{"self":[{"href":"https:\/\/elglobal.do\/index.php\/wp-json\/wp\/v2\/posts\/3604","targetHints":{"allow":["GET"]}}],"collection":[{"href":"https:\/\/elglobal.do\/index.php\/wp-json\/wp\/v2\/posts"}],"about":[{"href":"https:\/\/elglobal.do\/index.php\/wp-json\/wp\/v2\/types\/post"}],"author":[{"embeddable":true,"href":"https:\/\/elglobal.do\/index.php\/wp-json\/wp\/v2\/users\/1"}],"replies":[{"embeddable":true,"href":"https:\/\/elglobal.do\/index.php\/wp-json\/wp\/v2\/comments?post=3604"}],"version-history":[{"count":1,"href":"https:\/\/elglobal.do\/index.php\/wp-json\/wp\/v2\/posts\/3604\/revisions"}],"predecessor-version":[{"id":3607,"href":"https:\/\/elglobal.do\/index.php\/wp-json\/wp\/v2\/posts\/3604\/revisions\/3607"}],"wp:featuredmedia":[{"embeddable":true,"href":"https:\/\/elglobal.do\/index.php\/wp-json\/wp\/v2\/media\/3605"}],"wp:attachment":[{"href":"https:\/\/elglobal.do\/index.php\/wp-json\/wp\/v2\/media?parent=3604"}],"wp:term":[{"taxonomy":"category","embeddable":true,"href":"https:\/\/elglobal.do\/index.php\/wp-json\/wp\/v2\/categories?post=3604"},{"taxonomy":"post_tag","embeddable":true,"href":"https:\/\/elglobal.do\/index.php\/wp-json\/wp\/v2\/tags?post=3604"}],"curies":[{"name":"wp","href":"https:\/\/api.w.org\/{rel}","templated":true}]}}